{"id":71828,"date":"2025-06-10T15:12:35","date_gmt":"2025-06-10T18:12:35","guid":{"rendered":"https:\/\/noticiasribeiraopreto.com.br\/index.php\/2025\/06\/10\/projeto-de-ribeirao-preto-oferece-oficinas-gratuitas-de-danca-contemporanea\/"},"modified":"2025-06-10T15:12:35","modified_gmt":"2025-06-10T18:12:35","slug":"projeto-de-ribeirao-preto-oferece-oficinas-gratuitas-de-danca-contemporanea","status":"publish","type":"post","link":"https:\/\/noticiasribeiraopreto.com.br\/index.php\/2025\/06\/10\/projeto-de-ribeirao-preto-oferece-oficinas-gratuitas-de-danca-contemporanea\/","title":{"rendered":"Projeto de Ribeir\u00e3o Preto oferece oficinas gratuitas de dan\u00e7a contempor\u00e2nea"},"content":{"rendered":"<p> <br \/>\n<\/p>\n<div data-td-block-uid=\"tdi_95\">\n<div class=\"tdb-block-inner td-fix-index\">\n<p>A artista <strong>Idris Bahia<\/strong> promove oficinas gratuitas de dan\u00e7a contempor\u00e2nea em <strong>Ribeir\u00e3o Preto <\/strong>durante o m\u00eas de junho, como parte do projeto \u201c<strong>Essa Maria N\u00e3o Sou Eu<\/strong>\u201d. As aulas s\u00e3o voltadas para mulheres e pessoas da comunidade <strong>LGBTIAPN+<\/strong>, e a a\u00e7\u00e3o faz parte da programa\u00e7\u00e3o de anivers\u00e1rio da cidade.<\/p>\n<h2 class=\"wp-block-heading\"><strong>Como participar?<\/strong><\/h2>\n<p>As oficinas s\u00e3o <strong>gratuitas <\/strong>e as inscri\u00e7\u00f5es est\u00e3o abertas por meio de formul\u00e1rio <strong>on-line <a href=\"https:\/\/docs.google.com\/forms\/d\/e\/1FAIpQLSd9GfmeBAPvBQVyHpZ2Nvkyz-apQkzLLkQfMfuzWCY4tEEtsg\/viewform\">(clique aqui)<\/a><\/strong> \u2013 vagas limitadas (a organiza\u00e7\u00e3o preenche conforme a ordem de inscri\u00e7\u00e3o).<\/p>\n<p>As aulas tem dura\u00e7\u00e3o de duas horas e a participa\u00e7\u00e3o ser\u00e1 permitida para at\u00e9 30 alunos por turma \u2014 veja abaixo.<\/p>\n<p>As oficinas <strong>n\u00e3o <\/strong>exigem experi\u00eancia pr\u00e9via em dan\u00e7a. <mark style=\"background-color:#fcb900\" class=\"has-inline-color\">A proposta \u00e9 uma imers\u00e3o na linguagem da dan\u00e7a contempor\u00e2nea, com foco na express\u00e3o \u00fanica de cada corpo.<\/mark><\/p>\n<h3 class=\"wp-block-heading\"><strong>Onde acontecem as atividades?<\/strong><\/h3>\n<p>As atividades acontecem em <strong>quatro locais<\/strong> da cidade, sendo duas abertas ao p\u00fablico, com inscri\u00e7\u00f5es gratuitas via formul\u00e1rio on-line, e outras duas voltadas a grupos espec\u00edficos em contexto de acolhimento institucional. Confira:<\/p>\n<ul class=\"wp-block-list\">\n<li><strong>10 de junho:<\/strong> Casa Esperan\u00e7a (aula fechada)<\/li>\n<li><strong>14 de junho: <\/strong>Centro Cultural Palace, das 10h \u00e0s 12h<\/li>\n<li><strong>26 de junho:<\/strong> Sindicato dos Servidores Municipais (aula fechada)<\/li>\n<li><strong>28 de junho:<\/strong> Biblioteca Sinh\u00e1 Junqueira, das 18h \u00e0s 19h30<\/li>\n<\/ul>\n<p>SAIBA MAIS<br \/>Arena Rock: Ribeir\u00e3o Preto recebe festival gratuito em comemora\u00e7\u00e3o ao anivers\u00e1rio da cidade<\/p>\n<h4 class=\"wp-block-heading\"><strong>FIQUE ON<\/strong><\/h4>\n<p>Quer ficar por dentro de tudo que acontece em Ribeir\u00e3o Preto e regi\u00e3o? Ent\u00e3o siga os perfis do\u202facidade on\u202fno\u202f<a href=\"https:\/\/www.instagram.com\/acidadeonribeirao\" target=\"_blank\" rel=\"noreferrer noopener\">Instagram<\/a>\u202fe no\u202f<a href=\"https:\/\/www.facebook.com\/acidadeonribeirao\/\" target=\"_blank\" rel=\"noreferrer noopener\">Facebook<\/a>.<\/p>\n<p>Al\u00e9m disso, voc\u00ea pode receber as principais not\u00edcias diretamente no WhatsApp. Para isso, basta\u00a0<a href=\"https:\/\/chat.whatsapp.com\/BjKQZ9oJwlz8VVT50NuePq\" target=\"_blank\" rel=\"noreferrer noopener\">entrar no grupo clicando aqui<\/a>.<\/p>\n<p>Por fim, se quiser fazer uma den\u00fancia ou sugerir uma reportagem sobre Ribeir\u00e3o Preto e regi\u00e3o, envie uma mensagem pelo WhatsApp: (16) 99117-7802.<\/p>\n<p>VEJA TAMB\u00c9M<br \/>Como ver a Lua de Morango?<\/p>\n<p><!-- CONTENT END 1 -->\n<\/div>\n<\/div>\n<p><script async src=\"\/\/www.instagram.com\/embed.js\"><\/script><br \/>\n<br \/><br \/>\n<br \/><a href=\"https:\/\/www.acidadeon.com\/ribeiraopreto\/lazer-e-cultura\/projeto-de-ribeirao-preto-oferece-oficinas-gratuitas-de-danca-contemporanea\/\">Source link <\/a><\/p>\n","protected":false},"excerpt":{"rendered":"<p>A artista Idris Bahia promove oficinas gratuitas de dan\u00e7a contempor\u00e2nea em Ribeir\u00e3o Preto durante o m\u00eas de junho, como parte do projeto \u201cEssa Maria N\u00e3o&#8230;<\/p>\n","protected":false},"author":1,"featured_media":71829,"comment_status":"open","ping_status":"open","sticky":false,"template":"","format":"standard","meta":{"advanced_seo_description":"","jetpack_seo_html_title":"","jetpack_seo_noindex":false,"jetpack_post_was_ever_published":false,"_jetpack_newsletter_access":"","_jetpack_dont_email_post_to_subs":false,"_jetpack_newsletter_tier_id":0,"_jetpack_memberships_contains_paywalled_content":false,"_jetpack_memberships_contains_paid_content":false,"footnotes":"","jetpack_publicize_message":"","jetpack_publicize_feature_enabled":true,"jetpack_social_post_already_shared":true,"jetpack_social_options":{"image_generator_settings":{"template":"highway","default_image_id":0,"font":"","enabled":false},"version":2}},"categories":[11],"tags":[],"class_list":["post-71828","post","type-post","status-publish","format-standard","has-post-thumbnail","hentry","category-noticias-de-ribeirao-preto-sp-e-regiao-ismael-colosi"],"jetpack_publicize_connections":[],"jetpack_featured_media_url":"https:\/\/i0.wp.com\/noticiasribeiraopreto.com.br\/wp-content\/uploads\/2025\/06\/danca-oficinas_2025-06-10_15-02-54.webp.webp?fit=1200%2C675&ssl=1","jetpack-related-posts":[{"id":57300,"url":"https:\/\/noticiasribeiraopreto.com.br\/index.php\/2024\/08\/28\/ribeirao-preto-tem-vagas-para-oficinas-culturais-gratuitas-veja-como-participar\/","url_meta":{"origin":71828,"position":0},"title":"Ribeir\u00e3o Preto tem vagas para oficinas culturais gratuitas; Veja como participar","author":"noticiasribeiraopreto.com.br","date":"28 de August de 2024","format":false,"excerpt":"O Projeto Saci Perer\u00ea Cultural est\u00e1 com vagas gratuitas para oficinas culturais. As oportunidades s\u00e3o destinadas para jovens e adultos, a partir de 10 anos, nas modalidades de Artes C\u00eanicas e Circenses, Ballet e Dan\u00e7a Afro e Dan\u00e7a de Sal\u00e3o. A principal miss\u00e3o do projeto \u00e9 a inclus\u00e3o cultural e\u2026","rel":"","context":"In &quot;Not\u00edcias de Ribeir\u00e3o Preto-SP e Regi\u00e3o&quot;","block_context":{"text":"Not\u00edcias de Ribeir\u00e3o Preto-SP e Regi\u00e3o","link":"https:\/\/noticiasribeiraopreto.com.br\/index.php\/category\/noticias-de-ribeirao-preto-sp-e-regiao-ismael-colosi\/"},"img":{"alt_text":"","src":"https:\/\/i0.wp.com\/noticiasribeiraopreto.com.br\/wp-content\/uploads\/2024\/08\/Saci-Dan-Divulgacao-scaled-1_2024-08-28_14-01-20_jpg_2024-08-28_14-01-20.webp.webp?fit=750%2C500&ssl=1&resize=350%2C200","width":350,"height":200,"srcset":"https:\/\/i0.wp.com\/noticiasribeiraopreto.com.br\/wp-content\/uploads\/2024\/08\/Saci-Dan-Divulgacao-scaled-1_2024-08-28_14-01-20_jpg_2024-08-28_14-01-20.webp.webp?fit=750%2C500&ssl=1&resize=350%2C200 1x, https:\/\/i0.wp.com\/noticiasribeiraopreto.com.br\/wp-content\/uploads\/2024\/08\/Saci-Dan-Divulgacao-scaled-1_2024-08-28_14-01-20_jpg_2024-08-28_14-01-20.webp.webp?fit=750%2C500&ssl=1&resize=525%2C300 1.5x, https:\/\/i0.wp.com\/noticiasribeiraopreto.com.br\/wp-content\/uploads\/2024\/08\/Saci-Dan-Divulgacao-scaled-1_2024-08-28_14-01-20_jpg_2024-08-28_14-01-20.webp.webp?fit=750%2C500&ssl=1&resize=700%2C400 2x"},"classes":[]},{"id":75595,"url":"https:\/\/noticiasribeiraopreto.com.br\/index.php\/2025\/08\/12\/ribeirao-preto-recebe-espetaculo-de-danca-sobre-a-imigracao-japonesa\/","url_meta":{"origin":71828,"position":1},"title":"Ribeir\u00e3o Preto recebe espet\u00e1culo de dan\u00e7a sobre a imigra\u00e7\u00e3o japonesa","author":"noticiasribeiraopreto.com.br","date":"12 de August de 2025","format":false,"excerpt":"O Teatro Municipal de Ribeir\u00e3o Preto recebe neste domingo (17), \u00e0s 18h, o espet\u00e1culo de dan\u00e7a \u201cArigat\u00f4\u2026 Sayonara\u201d, que narra a historia da imigra\u00e7\u00e3o japonesa no Brasil. Al\u00e9m disso, tamb\u00e9m acontece uma oficina de dan\u00e7a contempor\u00e2nea gratuita ministrada pelo grupo. O espet\u00e1culo \u00e9 inspirado na linhagem familiar da diretora art\u00edstica\u2026","rel":"","context":"In &quot;Not\u00edcias de Ribeir\u00e3o Preto-SP e Regi\u00e3o&quot;","block_context":{"text":"Not\u00edcias de Ribeir\u00e3o Preto-SP e Regi\u00e3o","link":"https:\/\/noticiasribeiraopreto.com.br\/index.php\/category\/noticias-de-ribeirao-preto-sp-e-regiao-ismael-colosi\/"},"img":{"alt_text":"","src":"https:\/\/i0.wp.com\/noticiasribeiraopreto.com.br\/wp-content\/uploads\/2025\/08\/Arigato-Sayonara-de-Erika-Novachi-Foto-Juliana-Hilal-_2025-08-12_14-50-23.webp.webp?fit=1200%2C800&ssl=1&resize=350%2C200","width":350,"height":200,"srcset":"https:\/\/i0.wp.com\/noticiasribeiraopreto.com.br\/wp-content\/uploads\/2025\/08\/Arigato-Sayonara-de-Erika-Novachi-Foto-Juliana-Hilal-_2025-08-12_14-50-23.webp.webp?fit=1200%2C800&ssl=1&resize=350%2C200 1x, https:\/\/i0.wp.com\/noticiasribeiraopreto.com.br\/wp-content\/uploads\/2025\/08\/Arigato-Sayonara-de-Erika-Novachi-Foto-Juliana-Hilal-_2025-08-12_14-50-23.webp.webp?fit=1200%2C800&ssl=1&resize=525%2C300 1.5x, https:\/\/i0.wp.com\/noticiasribeiraopreto.com.br\/wp-content\/uploads\/2025\/08\/Arigato-Sayonara-de-Erika-Novachi-Foto-Juliana-Hilal-_2025-08-12_14-50-23.webp.webp?fit=1200%2C800&ssl=1&resize=700%2C400 2x, https:\/\/i0.wp.com\/noticiasribeiraopreto.com.br\/wp-content\/uploads\/2025\/08\/Arigato-Sayonara-de-Erika-Novachi-Foto-Juliana-Hilal-_2025-08-12_14-50-23.webp.webp?fit=1200%2C800&ssl=1&resize=1050%2C600 3x"},"classes":[]},{"id":52697,"url":"https:\/\/noticiasribeiraopreto.com.br\/index.php\/2024\/06\/11\/danca-musica-e-teatro-projeto-abre-200-novas-vagas-para-oficinas-em-ribeirao-preto\/","url_meta":{"origin":71828,"position":2},"title":"Dan\u00e7a, m\u00fasica e teatro: Projeto abre 200 novas vagas para oficinas em Ribeir\u00e3o Preto","author":"noticiasribeiraopreto.com.br","date":"11 de June de 2024","format":false,"excerpt":"O projeto cultural Saci Perer\u00ea abriu 200 novas vagas para interessados em participar de oficinas de artes c\u00eanicas e circenses, ballet, dan\u00e7as afro e de sal\u00e3o, piano e viol\u00e3o, em Ribeir\u00e3o Preto. O projeto tem o intuito de promover inclus\u00e3o cultural e art\u00edstica, atrav\u00e9s de oficinas gratuitas em v\u00e1rias modalidades,\u2026","rel":"","context":"In &quot;Not\u00edcias de Ribeir\u00e3o Preto-SP e Regi\u00e3o&quot;","block_context":{"text":"Not\u00edcias de Ribeir\u00e3o Preto-SP e Regi\u00e3o","link":"https:\/\/noticiasribeiraopreto.com.br\/index.php\/category\/noticias-de-ribeirao-preto-sp-e-regiao-ismael-colosi\/"},"img":{"alt_text":"","src":"https:\/\/i0.wp.com\/noticiasribeiraopreto.com.br\/wp-content\/uploads\/2024\/06\/voltaaulas_saciperere_1_2024-06-11_17-54-18_jpeg_2024-06-11_17-54-18.webp.webp?fit=847%2C560&ssl=1&resize=350%2C200","width":350,"height":200,"srcset":"https:\/\/i0.wp.com\/noticiasribeiraopreto.com.br\/wp-content\/uploads\/2024\/06\/voltaaulas_saciperere_1_2024-06-11_17-54-18_jpeg_2024-06-11_17-54-18.webp.webp?fit=847%2C560&ssl=1&resize=350%2C200 1x, https:\/\/i0.wp.com\/noticiasribeiraopreto.com.br\/wp-content\/uploads\/2024\/06\/voltaaulas_saciperere_1_2024-06-11_17-54-18_jpeg_2024-06-11_17-54-18.webp.webp?fit=847%2C560&ssl=1&resize=525%2C300 1.5x, https:\/\/i0.wp.com\/noticiasribeiraopreto.com.br\/wp-content\/uploads\/2024\/06\/voltaaulas_saciperere_1_2024-06-11_17-54-18_jpeg_2024-06-11_17-54-18.webp.webp?fit=847%2C560&ssl=1&resize=700%2C400 2x"},"classes":[]},{"id":79271,"url":"https:\/\/noticiasribeiraopreto.com.br\/index.php\/2025\/10\/28\/sesi-ribeirao-realiza-semana-gratuita-da-danca-veja-programacao\/","url_meta":{"origin":71828,"position":3},"title":"Sesi Ribeir\u00e3o realiza semana gratuita da dan\u00e7a; veja programa\u00e7\u00e3o","author":"noticiasribeiraopreto.com.br","date":"28 de October de 2025","format":false,"excerpt":"O Sesi Ribeir\u00e3o Preto promove entre os dias 30 de outubro a 2 de novembro o projeto \u201cCorpos em Cena\u201d, que contar\u00e1 com apresenta\u00e7\u00f5es, oficinas e viv\u00eancias que transitam entre o sapateado, dan\u00e7a contempor\u00e2nea e voguing. As atividades ficam por conta de grupos e artistas locais. Todas as atra\u00e7\u00f5es s\u00e3o\u2026","rel":"","context":"In &quot;Not\u00edcias de Ribeir\u00e3o Preto-SP e Regi\u00e3o&quot;","block_context":{"text":"Not\u00edcias de Ribeir\u00e3o Preto-SP e Regi\u00e3o","link":"https:\/\/noticiasribeiraopreto.com.br\/index.php\/category\/noticias-de-ribeirao-preto-sp-e-regiao-ismael-colosi\/"},"img":{"alt_text":"","src":"https:\/\/i0.wp.com\/noticiasribeiraopreto.com.br\/wp-content\/uploads\/2025\/10\/c497a2e1-34bd-4901-b39a-9e126d262a38_2025-10-28_14-32-13.webp.webp?fit=1200%2C800&ssl=1&resize=350%2C200","width":350,"height":200,"srcset":"https:\/\/i0.wp.com\/noticiasribeiraopreto.com.br\/wp-content\/uploads\/2025\/10\/c497a2e1-34bd-4901-b39a-9e126d262a38_2025-10-28_14-32-13.webp.webp?fit=1200%2C800&ssl=1&resize=350%2C200 1x, https:\/\/i0.wp.com\/noticiasribeiraopreto.com.br\/wp-content\/uploads\/2025\/10\/c497a2e1-34bd-4901-b39a-9e126d262a38_2025-10-28_14-32-13.webp.webp?fit=1200%2C800&ssl=1&resize=525%2C300 1.5x, https:\/\/i0.wp.com\/noticiasribeiraopreto.com.br\/wp-content\/uploads\/2025\/10\/c497a2e1-34bd-4901-b39a-9e126d262a38_2025-10-28_14-32-13.webp.webp?fit=1200%2C800&ssl=1&resize=700%2C400 2x, https:\/\/i0.wp.com\/noticiasribeiraopreto.com.br\/wp-content\/uploads\/2025\/10\/c497a2e1-34bd-4901-b39a-9e126d262a38_2025-10-28_14-32-13.webp.webp?fit=1200%2C800&ssl=1&resize=1050%2C600 3x"},"classes":[]},{"id":75655,"url":"https:\/\/noticiasribeiraopreto.com.br\/index.php\/2025\/08\/13\/ribeirao-preto-recebe-espetaculo-de-danca-gratuito-saiba-como-garantir-seu-ingresso\/","url_meta":{"origin":71828,"position":4},"title":"Ribeir\u00e3o Preto recebe espet\u00e1culo de dan\u00e7a gratuito; saiba como garantir seu ingresso","author":"noticiasribeiraopreto.com.br","date":"13 de August de 2025","format":false,"excerpt":"A Companhia Cisne Negro, uma das principais companhias de dan\u00e7a do Pa\u00eds, apresenta neste fim de semana, no Centro Cultural Sesi Ribeir\u00e3o Preto, um espet\u00e1culo gratuito de dan\u00e7a contempor\u00e2nea inspirado na m\u00fasica \u201cQue tal o imposs\u00edvel?\u201d, de Itamar Assump\u00e7\u00e3o. A companhia ainda oferece uma oficina de dan\u00e7a gratuita. As exibi\u00e7\u00f5es,\u2026","rel":"","context":"In &quot;Not\u00edcias de Ribeir\u00e3o Preto-SP e Regi\u00e3o&quot;","block_context":{"text":"Not\u00edcias de Ribeir\u00e3o Preto-SP e Regi\u00e3o","link":"https:\/\/noticiasribeiraopreto.com.br\/index.php\/category\/noticias-de-ribeirao-preto-sp-e-regiao-ismael-colosi\/"},"img":{"alt_text":"","src":"https:\/\/i0.wp.com\/noticiasribeiraopreto.com.br\/wp-content\/uploads\/2025\/08\/WhatsApp-Image-2025-08-13-at-10.56.18_2025-08-13_14-15-01.webp.webp?fit=1200%2C799&ssl=1&resize=350%2C200","width":350,"height":200,"srcset":"https:\/\/i0.wp.com\/noticiasribeiraopreto.com.br\/wp-content\/uploads\/2025\/08\/WhatsApp-Image-2025-08-13-at-10.56.18_2025-08-13_14-15-01.webp.webp?fit=1200%2C799&ssl=1&resize=350%2C200 1x, https:\/\/i0.wp.com\/noticiasribeiraopreto.com.br\/wp-content\/uploads\/2025\/08\/WhatsApp-Image-2025-08-13-at-10.56.18_2025-08-13_14-15-01.webp.webp?fit=1200%2C799&ssl=1&resize=525%2C300 1.5x, https:\/\/i0.wp.com\/noticiasribeiraopreto.com.br\/wp-content\/uploads\/2025\/08\/WhatsApp-Image-2025-08-13-at-10.56.18_2025-08-13_14-15-01.webp.webp?fit=1200%2C799&ssl=1&resize=700%2C400 2x, https:\/\/i0.wp.com\/noticiasribeiraopreto.com.br\/wp-content\/uploads\/2025\/08\/WhatsApp-Image-2025-08-13-at-10.56.18_2025-08-13_14-15-01.webp.webp?fit=1200%2C799&ssl=1&resize=1050%2C600 3x"},"classes":[]},{"id":75179,"url":"https:\/\/noticiasribeiraopreto.com.br\/index.php\/2025\/08\/05\/instituicao-aparecido-savegnago-abre-inscricoes-para-oficina-de-ballet-classico-em-sertaozinho\/","url_meta":{"origin":71828,"position":5},"title":"Institui\u00e7\u00e3o Aparecido Savegnago abre inscri\u00e7\u00f5es para oficina de Ballet Cl\u00e1ssico em Sert\u00e3ozinho","author":"noticiasribeiraopreto.com.br","date":"5 de August de 2025","format":false,"excerpt":"A Institui\u00e7\u00e3o Aparecido Savegnago promove nos dias 8 e 9 de agosto uma oficina de ballet cl\u00e1ssico, em Sert\u00e3ozinho, na regi\u00e3o de Ribeir\u00e3o Preto. As aulas acontecem \u00e0 tarde e da noite, no N\u00facleo de Dan\u00e7a. As inscri\u00e7\u00f5es s\u00e3o gratuitas \u2013 veja como participar abaixo. As oficinas ser\u00e3o ministradas pelo\u2026","rel":"","context":"In &quot;Not\u00edcias de Ribeir\u00e3o Preto-SP e Regi\u00e3o&quot;","block_context":{"text":"Not\u00edcias de Ribeir\u00e3o Preto-SP e Regi\u00e3o","link":"https:\/\/noticiasribeiraopreto.com.br\/index.php\/category\/noticias-de-ribeirao-preto-sp-e-regiao-ismael-colosi\/"},"img":{"alt_text":"","src":"https:\/\/i0.wp.com\/noticiasribeiraopreto.com.br\/wp-content\/uploads\/2025\/08\/ballet_2025-08-05_12-15-20.webp.webp?fit=1200%2C675&ssl=1&resize=350%2C200","width":350,"height":200,"srcset":"https:\/\/i0.wp.com\/noticiasribeiraopreto.com.br\/wp-content\/uploads\/2025\/08\/ballet_2025-08-05_12-15-20.webp.webp?fit=1200%2C675&ssl=1&resize=350%2C200 1x, https:\/\/i0.wp.com\/noticiasribeiraopreto.com.br\/wp-content\/uploads\/2025\/08\/ballet_2025-08-05_12-15-20.webp.webp?fit=1200%2C675&ssl=1&resize=525%2C300 1.5x, https:\/\/i0.wp.com\/noticiasribeiraopreto.com.br\/wp-content\/uploads\/2025\/08\/ballet_2025-08-05_12-15-20.webp.webp?fit=1200%2C675&ssl=1&resize=700%2C400 2x, https:\/\/i0.wp.com\/noticiasribeiraopreto.com.br\/wp-content\/uploads\/2025\/08\/ballet_2025-08-05_12-15-20.webp.webp?fit=1200%2C675&ssl=1&resize=1050%2C600 3x"},"classes":[]}],"jetpack_sharing_enabled":true,"jetpack_shortlink":"https:\/\/wp.me\/peQAOb-iGw","_links":{"self":[{"href":"https:\/\/noticiasribeiraopreto.com.br\/index.php\/wp-json\/wp\/v2\/posts\/71828","targetHints":{"allow":["GET"]}}],"collection":[{"href":"https:\/\/noticiasribeiraopreto.com.br\/index.php\/wp-json\/wp\/v2\/posts"}],"about":[{"href":"https:\/\/noticiasribeiraopreto.com.br\/index.php\/wp-json\/wp\/v2\/types\/post"}],"author":[{"embeddable":true,"href":"https:\/\/noticiasribeiraopreto.com.br\/index.php\/wp-json\/wp\/v2\/users\/1"}],"replies":[{"embeddable":true,"href":"https:\/\/noticiasribeiraopreto.com.br\/index.php\/wp-json\/wp\/v2\/comments?post=71828"}],"version-history":[{"count":0,"href":"https:\/\/noticiasribeiraopreto.com.br\/index.php\/wp-json\/wp\/v2\/posts\/71828\/revisions"}],"wp:featuredmedia":[{"embeddable":true,"href":"https:\/\/noticiasribeiraopreto.com.br\/index.php\/wp-json\/wp\/v2\/media\/71829"}],"wp:attachment":[{"href":"https:\/\/noticiasribeiraopreto.com.br\/index.php\/wp-json\/wp\/v2\/media?parent=71828"}],"wp:term":[{"taxonomy":"category","embeddable":true,"href":"https:\/\/noticiasribeiraopreto.com.br\/index.php\/wp-json\/wp\/v2\/categories?post=71828"},{"taxonomy":"post_tag","embeddable":true,"href":"https:\/\/noticiasribeiraopreto.com.br\/index.php\/wp-json\/wp\/v2\/tags?post=71828"}],"curies":[{"name":"wp","href":"https:\/\/api.w.org\/{rel}","templated":true}]}}