{"id":7183,"date":"2023-11-27T17:43:31","date_gmt":"2023-11-27T20:43:31","guid":{"rendered":"https:\/\/noticiasribeiraopreto.com.br\/index.php\/2023\/11\/27\/regiao-de-ribeirao-preto-tem-766-vagas-de-emprego-abertas-em-11-cidades-nesta-segunda-feira-27-ribeirao-preto-e-franca-g1\/"},"modified":"2023-11-27T17:45:53","modified_gmt":"2023-11-27T20:45:53","slug":"regiao-de-ribeirao-preto-tem-766-vagas-de-emprego-abertas-em-11-cidades-nesta-segunda-feira-27-ribeirao-preto-e-franca-g1","status":"publish","type":"post","link":"https:\/\/noticiasribeiraopreto.com.br\/index.php\/2023\/11\/27\/regiao-de-ribeirao-preto-tem-766-vagas-de-emprego-abertas-em-11-cidades-nesta-segunda-feira-27-ribeirao-preto-e-franca-g1\/","title":{"rendered":"Regi\u00e3o de Ribeir\u00e3o Preto tem 766 vagas de emprego abertas em 11 cidades nesta segunda-feira (27) | Ribeir\u00e3o Preto e Franca | G1"},"content":{"rendered":"<div class='code-block code-block-1' style='margin: 8px 0 8px auto; text-align: right; display: block; clear: both;'>\n<p><a href=\"https:\/\/wa.link\/vpicfd\"><img data-recalc-dims=\"1\" class=\"wp-image-4922\" style=\"aspect-ratio: 2.0253164556962027; width: 561px; height: auto;\" src=\"https:\/\/i0.wp.com\/ismaelcolosi.com.br\/wp-content\/uploads\/2023\/11\/grupo-de-empregos-whatsapp-e-facebook-ismael-colosi-vagas.jpg?ssl=1\" alt=\"\" \/><\/a><\/p>\n<!-- \/wp:image -->\n<\/div>\n<p><main class=\"mc-body theme\" itemscope itemtype=\"http:\/\/schema.org\/NewsArticle\"> <link itemprop=\"mainEntityOfPage\" href=\"https:\/\/g1.globo.com\/sp\/ribeirao-preto-franca\/noticia\/2023\/10\/09\/vagas-de-emprego-cidades-regiao-ribeirao-preto-e-franca-outubro.ghtml\"> <span itemprop=\"image\" itemscope itemtype=\"http:\/\/schema.org\/ImageObject\"> <meta itemprop=\"url\" content=\"https:\/\/s2-g1.glbimg.com\/3HPs3XGHnTKfOUkjB4Y9GEiDrl8=\/696x390\/smart\/filters:cover():strip_icc()\/i.s3.glbimg.com\/v1\/AUTH_59edd422c0c84a879bd37670ae4f538a\/internal_photos\/bs\/2023\/Z\/I\/tsK7ZKQwSJKancreNmCg\/carteira-de-trabalho.png\"> <meta itemprop=\"width\" content=\"696\"> <meta itemprop=\"height\" content=\"390\"> <\/span> <\/p>\n<div class=\"row glb-mc-banner-top\">\n<div class=\"publicidade publicidade-banner_materia_topo\">\n<div id=\"banner_materia_topo\">\n<div class=\"glb-skeleton-box\" style=\"--skeleton-width: 100%; --skeleton-height: 100%;\"><\/div>\n<\/p><\/div>\n<\/p><\/div>\n<\/p><\/div>\n<div class=\"login-wall-counter\"><\/div>\n<div class=\"mc-article-header\">\n<div id=\"mc-container-top\"><\/div>\n<div class=\"row content-head mc-column non-featured \">\n<div class=\"title\" data-block-type=\"title\"> <meta itemprop=\"name\" content=\"Regi\u00e3o de Ribeir\u00e3o Preto tem 766 vagas de emprego abertas em 11 cidades nesta segunda-feira (27)\"> <\/p>\n<h1 class=\"content-head__title\" itemprop=\"headline\">Regi\u00e3o de Ribeir\u00e3o Preto tem 766 vagas de emprego abertas em 11 cidades nesta segunda-feira (27)<\/h1>\n<\/p><\/div>\n<div class=\"medium-centered subtitle\"> <meta itemprop=\"alternateName\" content=\"H\u00e1 oportunidades para recepcionista de hotel, motorista de \u00f4nibus, assistente social e atendente de lanchonete. Interessados podem se cadastrar pela internet ou presencialmente.\"> <\/p>\n<h2 class=\"content-head__subtitle\" itemprop=\"alternativeHeadline\">H\u00e1 oportunidades para recepcionista de hotel, motorista de \u00f4nibus, assistente social e atendente de lanchonete. Interessados podem se cadastrar pela internet ou presencialmente.<\/h2>\n<\/p><\/div>\n<\/p><\/div>\n<div class=\"content__signa-share mc-column\">\n<div class=\"content__signature\">\n<div class=\"content-publication-data\">\n<div class=\"content-publication-data__text\">\n<p class=\"content-publication-data__from\" title=\"g1 Ribeir\u00e3o Preto e Franca\"> Por g1 Ribeir\u00e3o Preto e Franca <\/p>\n<p class=\"content-publication-data__updated\"> <time itemprop=\"datePublished\" datetime=\"2023-10-09T09:54:14.996Z\"> 09\/10\/2023 06h54 <\/time> <span class=\"content-publication-data__updated-relative\"> <time itemprop=\"dateModified\" datetime=\"2023-11-27T09:01:09.579Z\"> Atualizado <amp-timeago layout=\"fixed\" width=\"160\" height=\"20\" datetime=\"2023-11-27T09:01:09.579Z\" locale=\"ptBR\" class=\"content-publication-data__amp-timeago\"> 27\/11\/2023 <\/amp-timeago> <\/time> <\/span> <\/p>\n<\/p><\/div>\n<p> <span itemprop=\"author\" itemscope itemtype=\"https:\/\/schema.org\/Organization\"> <meta itemprop=\"name\" content=\"G1\"> <\/span> <span itemprop=\"publisher\" itemscope itemtype=\"https:\/\/schema.org\/Organization\"> <meta itemprop=\"name\" content=\"G1\"> <span itemprop=\"logo\" itemscope itemtype=\"https:\/\/schema.org\/ImageObject\"> <meta itemprop=\"url\" content=\"https:\/\/s.glbimg.com\/jo\/g1\/static\/live\/g1_amp\/img\/g1_logo_json_ld.png\"> <meta itemprop=\"width\" content=\"94\"> <meta itemprop=\"height\" content=\"60\"> <\/span> <\/span><\/div>\n<\/p><\/div>\n<\/p><\/div>\n<div class=\"glb-share-bar\">\n<div class=\"glb-share-bar_icons\"> <amp-social-share type=\"facebook\" class=\"glb-share-bar_button\" layout=\"fill\" data-param-app_id=\"289255557788943\" data-param-href=\"https:\/\/g1.globo.com\/sp\/ribeirao-preto-franca\/noticia\/2023\/10\/09\/vagas-de-emprego-cidades-regiao-ribeirao-preto-e-franca-outubro.ghtml?utm_source=facebook&amp;utm_medium=share-bar-desktop&amp;utm_campaign=materias\"> <\/p>\n<div class=\"glb-share-bar_button-img\"><\/div>\n<p> <\/amp-social-share> <amp-social-share type=\"whatsapp\" class=\"glb-share-bar_button\" layout=\"fill\" data-param-text=\"https:\/\/g1.globo.com\/sp\/ribeirao-preto-franca\/noticia\/2023\/10\/09\/vagas-de-emprego-cidades-regiao-ribeirao-preto-e-franca-outubro.ghtml?utm_source=whatsapp&amp;utm_medium=share-bar-desktop&amp;utm_campaign=materias\"> <\/p>\n<div class=\"glb-share-bar_button-img\"><\/div>\n<p> <\/amp-social-share> <amp-social-share type=\"system\" class=\"glb-share-bar_button\" layout=\"fill\"> <\/p>\n<div class=\"glb-share-bar_button-img\"><\/div>\n<p> <\/amp-social-share> <\/div>\n<\/p><\/div>\n<hr class=\"content__divider \"> <\/div>\n<div class=\"mc-article-body\">\n<article itemprop=\"articleBody\"> <meta itemprop=\"isAccessibleForFree\" content=\"true\"> <\/p>\n<div id=\"chunk-5gqkt\">\n<div class=\"row medium-uncollapsed content-media content-photo\" data-block-type=\"backstage-photo\">\n<div class=\" mc-column  content-media__container\"> <!-- Line Break for lightbox caption due to styling limitation --> <\/p>\n<div class=\"content-media-container glb-skeleton-box\" style=\"--skeleton-width: 100%; --skeleton-height: auto; padding-top: 62.64705882352941%\">\n<figure class=\"content-media-figure\"> <amp-img data-recalc-dims=\"1\" lightbox=\"lightbox-amp-carousel\" class=\"content-media-image\" srcset=\"https:\/\/s2-g1.glbimg.com\/BNQcncoVRobEsQG-QBlIeLGr-VQ=\/0x0:1700x1065\/1000x0\/smart\/filters:strip_icc()\/i.s3.glbimg.com\/v1\/AUTH_59edd422c0c84a879bd37670ae4f538a\/internal_photos\/bs\/2023\/Z\/I\/tsK7ZKQwSJKancreNmCg\/carteira-de-trabalho.png 1000w, https:\/\/s2-g1.glbimg.com\/5DduZ6B4CN0-jwSaUbfS8LCkBxE=\/0x0:1700x1065\/984x0\/smart\/filters:strip_icc()\/i.s3.glbimg.com\/v1\/AUTH_59edd422c0c84a879bd37670ae4f538a\/internal_photos\/bs\/2023\/Z\/I\/tsK7ZKQwSJKancreNmCg\/carteira-de-trabalho.png 984w, https:\/\/s2-g1.glbimg.com\/bC-oi_woXR6vYqlOZasf_-ZoFSM=\/0x0:1700x1065\/640x0\/smart\/filters:strip_icc()\/i.s3.glbimg.com\/v1\/AUTH_59edd422c0c84a879bd37670ae4f538a\/internal_photos\/bs\/2023\/Z\/I\/tsK7ZKQwSJKancreNmCg\/carteira-de-trabalho.png 640w, https:\/\/s2-g1.glbimg.com\/pL-olHfw09FvpMejdvewV2wBnXM=\/0x0:1700x1065\/600x0\/smart\/filters:strip_icc()\/i.s3.glbimg.com\/v1\/AUTH_59edd422c0c84a879bd37670ae4f538a\/internal_photos\/bs\/2023\/Z\/I\/tsK7ZKQwSJKancreNmCg\/carteira-de-trabalho.png 600w\" src=\"https:\/\/i0.wp.com\/s2-g1.glbimg.com\/5DduZ6B4CN0-jwSaUbfS8LCkBxE%3D\/0x0%3A1700x1065\/984x0\/smart\/filters%3Astrip_icc%28%29\/i.s3.glbimg.com\/v1\/AUTH_59edd422c0c84a879bd37670ae4f538a\/internal_photos\/bs\/2023\/Z\/I\/tsK7ZKQwSJKancreNmCg\/carteira-de-trabalho.png?resize=1700%2C1065&#038;ssl=1\" alt=\"Carteira de trabalho e previd\u00eancia social  \u2014 Foto: Reprodu\u00e7\u00e3o\/Ag\u00eancia Brasil\" width=\"1700\" height=\"1065\" layout=\"responsive\" noloading> <\/amp-img><figcaption hidden> 1 de 1<br \/>\nCarteira de trabalho e previd\u00eancia social \u2014 Foto: Reprodu\u00e7\u00e3o\/Ag\u00eancia Brasil <\/figcaption><\/figure>\n<\/p><\/div>\n<p class=\"content-media__description  \"> Carteira de trabalho e previd\u00eancia social \u2014 Foto: Reprodu\u00e7\u00e3o\/Ag\u00eancia Brasil <\/p>\n<\/p><\/div>\n<\/p><\/div>\n<\/p><\/div>\n<div id=\"chunk-n7t4\">\n<div class=\"mc-column mc-side-item__container\" data-block-type=\"ads\">\n<div class=\"mc-side-item mc-side-item--right content-ads content-ads--side-ad\">\n<div id=\"banner_materia1\" class=\"tag-manager-publicidade-container\"> <\/div>\n<\/p><\/div>\n<\/p><\/div>\n<\/p><\/div>\n<div id=\"chunk-d8pck\">\n<div class=\"mc-column content-text active-extra-styles \" data-block-type=\"unstyled\" data-block-weight=\"21\">\n<p class=\" content-text__container \" data-track-category=\"Link no Texto\" data-track-links> Onze cidades da regi\u00e3o de <a class href=\"https:\/\/g1.globo.com\/sp\/ribeirao-preto-franca\/cidade\/ribeirao-preto\/\">Ribeir\u00e3o Preto<\/a> e <a class href=\"https:\/\/g1.globo.com\/sp\/ribeirao-preto-franca\/cidade\/franca\/\">Franca<\/a> est\u00e3o com <strong>766 vagas<\/strong> de emprego abertas nesta <strong>segunda-feira (27)<\/strong>. S\u00e3o elas: <\/p>\n<\/p><\/div>\n<\/p><\/div>\n<div class=\"wall protected-content\">\n<div id=\"chunk-2tbj7\">\n<div class=\"mc-column content-text active-extra-styles\" data-block-type=\"raw\" data-block-weight=\"12\">\n<p class=\"content-text__container\">\n<ul class=\"content-unordered-list\">\n<li><a class href=\"https:\/\/g1.globo.com\/sp\/ribeirao-preto-franca\/noticia\/2023\/10\/09\/vagas-de-emprego-cidades-regiao-ribeirao-preto-e-franca-outubro.ghtml#1\">Barretos<\/a><\/li>\n<li><a class href=\"https:\/\/g1.globo.com\/sp\/ribeirao-preto-franca\/noticia\/2023\/10\/09\/vagas-de-emprego-cidades-regiao-ribeirao-preto-e-franca-outubro.ghtml#2\">Bebedouro<\/a><\/li>\n<li><a class href=\"https:\/\/g1.globo.com\/sp\/ribeirao-preto-franca\/noticia\/2023\/10\/09\/vagas-de-emprego-cidades-regiao-ribeirao-preto-e-franca-outubro.ghtml#3\">Gua\u00edra<\/a> <\/li>\n<li><a class href=\"https:\/\/g1.globo.com\/sp\/ribeirao-preto-franca\/noticia\/2023\/10\/09\/vagas-de-emprego-cidades-regiao-ribeirao-preto-e-franca-outubro.ghtml#4\">Jaboticabal<\/a><\/li>\n<li><a class href=\"https:\/\/g1.globo.com\/sp\/ribeirao-preto-franca\/noticia\/2023\/10\/09\/vagas-de-emprego-cidades-regiao-ribeirao-preto-e-franca-outubro.ghtml#5\">Ribeir\u00e3o Preto<\/a><\/li>\n<li><a class href=\"https:\/\/g1.globo.com\/sp\/ribeirao-preto-franca\/noticia\/2023\/10\/09\/vagas-de-emprego-cidades-regiao-ribeirao-preto-e-franca-outubro.ghtml#6\">Sert\u00e3ozinho<\/a><\/li>\n<li><a class href=\"https:\/\/g1.globo.com\/sp\/ribeirao-preto-franca\/noticia\/2023\/10\/09\/vagas-de-emprego-cidades-regiao-ribeirao-preto-e-franca-outubro.ghtml#7\">Serrana<\/a><\/li>\n<li><a class href=\"https:\/\/g1.globo.com\/sp\/ribeirao-preto-franca\/noticia\/2023\/10\/09\/vagas-de-emprego-cidades-regiao-ribeirao-preto-e-franca-outubro.ghtml#8\">Franca<\/a> <\/li>\n<li><a class href=\"https:\/\/g1.globo.com\/sp\/ribeirao-preto-franca\/noticia\/2023\/10\/09\/vagas-de-emprego-cidades-regiao-ribeirao-preto-e-franca-outubro.ghtml#9\">Batatais<\/a><\/li>\n<li><a class href=\"https:\/\/g1.globo.com\/sp\/ribeirao-preto-franca\/noticia\/2023\/10\/09\/vagas-de-emprego-cidades-regiao-ribeirao-preto-e-franca-outubro.ghtml#10\">Orl\u00e2ndia<\/a><\/li>\n<li><a class href=\"https:\/\/g1.globo.com\/sp\/ribeirao-preto-franca\/noticia\/2023\/10\/09\/vagas-de-emprego-cidades-regiao-ribeirao-preto-e-franca-outubro.ghtml#11\">Ituverava<\/a><\/li>\n<\/ul><\/div>\n<\/p><\/div>\n<div id=\"chunk-2le5t\">\n<div class=\"mc-column content-text active-extra-styles \" data-block-type=\"unstyled\" data-block-weight=\"21\">\n<p class=\" content-text__container \" data-track-category=\"Link no Texto\" data-track-links> H\u00e1 oportunidades para diversas \u00e1reas de atua\u00e7\u00e3o, como <span class=\"highlight\">farmac\u00eautico, educador social, soldador, faxineiro, engenheiro eletricista, pedreiro e vendedor de com\u00e9rcio varejista<\/span>. <\/p>\n<\/p><\/div>\n<\/p><\/div>\n<div id=\"chunk-2kpj3\">\n<div class=\"mc-column content-text active-extra-styles\" data-block-type=\"raw\" data-block-weight=\"9\">\n<p class=\"content-text__container\">\n<ul class=\"content-unordered-list\">\n<li><a class href=\"https:\/\/whatsapp.com\/channel\/0029Va98fbOG3R3sEKgO882h\" target=\"_blank\" rel=\"noopener\">Siga o canal g1 Ribeir\u00e3o e Franca no WhatsApp <\/a><\/li>\n<\/ul><\/div>\n<\/p><\/div>\n<div id=\"chunk-emi7r\">\n<div class=\"mc-column content-text active-extra-styles \" data-block-type=\"unstyled\" data-block-weight=\"38\">\n<p class=\" content-text__container \" data-track-category=\"Link no Texto\" data-track-links> Os interessados podem acessar o <a class href=\"https:\/\/portalfat.mte.gov.br\/programas-e-acoes-2\/sistema-nacional-de-emprego-sine\/\" target=\"_blank\" rel=\"noopener\"><strong>Portal Emprega Brasil, do Sistema Nacional de Emprego (Sine)<\/strong><\/a>, para consultar as vagas e participar dos processos de sele\u00e7\u00e3o. Tamb\u00e9m \u00e9 poss\u00edvel fazer o cadastro diretamente nos <strong>Postos de Atendimento ao Trabalhador<\/strong> (PATs). <\/p>\n<\/p><\/div>\n<\/p><\/div>\n<div id=\"chunk-9e1mj\">\n<div class=\"content-ads content-ads--reveal\" data-block-type=\"ads\">\n<div data-id=\"banner_materia2\" class=\"tag-manager-publicidade-container mc-has-reveal mc-has-ad-lazyload\"> <\/div>\n<\/p><\/div>\n<\/p><\/div>\n<div id=\"chunk-4q7b1\">\n<div class=\"mc-column content-text active-extra-styles \" data-block-type=\"unstyled\" data-block-weight=\"18\">\n<p class=\" content-text__container \" data-track-category=\"Link no Texto\" data-track-links> \u00c9 preciso apresentar<strong> carteira de trabalho, RG, CPF ou CNH, comprovante de endere\u00e7o atualizado e n\u00famero do PIS.<\/strong> <\/p>\n<\/p><\/div>\n<\/p><\/div>\n<div id=\"chunk-b6506\"> <!--\n    Jinja2 is available;\n    Namespace: instrumental\/;\n    Ex: include 'instrumental\/show-ancora\/file_name.html';\n--> <\/p>\n<div class=\"anchor-position\" id=\"1\"><\/div>\n<\/p><\/div>\n<div id=\"chunk-bsjk3\">\n<div class=\"mc-column content-text active-extra-styles\" data-block-type=\"raw\" data-block-weight=\"4\">\n<p class=\"content-text__container\">\n<div class=\"content-intertitle\">\n<h2><a class href=\"https:\/\/g1.globo.com\/sp\/ribeirao-preto-franca\/cidade\/barretos\/\">Barretos<\/a> &#8211; 61 vagas<\/h2>\n<\/div><\/div>\n<\/p><\/div>\n<div id=\"chunk-cd6t4\">\n<div class=\"mc-column content-text active-extra-styles \" data-block-type=\"unstyled\" data-block-weight=\"33\">\n<p class=\" content-text__container \" data-track-category=\"Link no Texto\" data-track-links> O PAT fica no Poupatempo. O endere\u00e7o \u00e9 Via Conselheiro Ant\u00f4nio Prado, 1400, bairro Pedro Cavalini. O atendimento \u00e9 de segunda a sexta-feira, das 9h \u00e0s 17h, e s\u00e1bado, das 9h \u00e0s 13h. <\/p>\n<\/p><\/div>\n<\/p><\/div>\n<div id=\"chunk-e48rh\">\n<div class=\"mc-column content-text active-extra-styles\" data-block-type=\"raw\" data-block-weight=\"147\">\n<p class=\"content-text__container\">\n<ul class=\"content-unordered-list\">\n<li>Atendente de lojas e mercados<\/li>\n<li>Alimentador de linha de produ\u00e7\u00e3o (6)<\/li>\n<li>Atendente de lanchonete<\/li>\n<li>Auxiliar nos servi\u00e7os de alimenta\u00e7\u00e3o (2)<\/li>\n<li>Vendedor de com\u00e9rcio varejista (7)<\/li>\n<li>Motorista de caminh\u00e3o<\/li>\n<li>Operador de caixa (2)<\/li>\n<li>Cozinheiro geral<\/li>\n<li>Repositor de mercadorias<\/li>\n<li>Soldador (3)<\/li>\n<li>Trabalhador da manuten\u00e7\u00e3o de edifica\u00e7\u00f5es <\/li>\n<li>Eletricista de manuten\u00e7\u00e3o eletroeletr\u00f4nica<\/li>\n<li>Vendedor em domic\u00edlio<\/li>\n<li>Auxiliar de escrit\u00f3rio em geral<\/li>\n<li>Operador de empilhadeira<\/li>\n<li>Mec\u00e2nico de manuten\u00e7\u00e3o de autom\u00f3veis (2)<\/li>\n<li>Mec\u00e2nico de manuten\u00e7\u00e3o de m\u00e1quinas em geral<\/li>\n<li>Empregado dom\u00e9stico nos servi\u00e7os gerais (5)<\/li>\n<li>Expedidor de mercadorias<\/li>\n<li>Motorista de \u00f4nibus urbano<\/li>\n<li>Operador de m\u00e1quinas fixas em geral<\/li>\n<li>Moldador de pl\u00e1stico por inje\u00e7\u00e3o<\/li>\n<li>Recepcionista de hotel<\/li>\n<li>Operador de m\u00e1quinas convencionais<\/li>\n<li>Inspetor de qualidade<\/li>\n<li>Operador de torno com comando num\u00e9rico<\/li>\n<li>Educador social<\/li>\n<li>Farmac\u00eautico<\/li>\n<li>Instalador de sistemas eletroeletr\u00f4nicos<\/li>\n<li>Copeiro<\/li>\n<li>Contador<\/li>\n<li>Operador de fresadora com comando num\u00e9rico<\/li>\n<li>Auxiliar de pessoal<\/li>\n<li>Ferramenteiro (2)<\/li>\n<li>T\u00e9cnico agr\u00edcola<\/li>\n<li>Auxiliar em sa\u00fade bucal<\/li>\n<li>Secret\u00e1ria executiva<\/li>\n<li>Assistente social<\/li>\n<li>Assistente de laborat\u00f3rio industrial<\/li>\n<li>Biom\u00e9dico<\/li>\n<\/ul><\/div>\n<\/p><\/div>\n<div id=\"chunk-5083a\">\n<div class=\"content-ads content-ads--reveal\" data-block-type=\"ads\">\n<div data-id=\"banner_materia__545f1e93-7c8f-4184-9923-3a1ef9c7143f\" class=\"tag-manager-publicidade-container mc-has-reveal mc-has-ad-lazyload\"> <\/div>\n<\/p><\/div>\n<\/p><\/div>\n<div id=\"chunk-908mp\"> <!--\n    Jinja2 is available;\n    Namespace: instrumental\/;\n    Ex: include 'instrumental\/show-ancora\/file_name.html';\n--> <\/p>\n<div class=\"anchor-position\" id=\"2\"><\/div>\n<\/p><\/div>\n<div id=\"chunk-1rqeg\">\n<div class=\"mc-column content-text active-extra-styles\" data-block-type=\"raw\" data-block-weight=\"4\">\n<p class=\"content-text__container\">\n<div class=\"content-intertitle\">\n<h2><a class href=\"https:\/\/g1.globo.com\/sp\/ribeirao-preto-franca\/cidade\/bebedouro\/\">Bebedouro<\/a> &#8211; 69 vagas<\/h2>\n<\/div><\/div>\n<\/p><\/div>\n<div id=\"chunk-3tneo\">\n<div class=\"mc-column content-text active-extra-styles \" data-block-type=\"unstyled\" data-block-weight=\"29\">\n<p class=\" content-text__container \" data-track-category=\"Link no Texto\" data-track-links> O PAT fica na Avenida H\u00e9rcules Pereira Hortal, 1367. O atendimento \u00e9 de segunda a sexta-feira, das 8h \u00e0s 16h. Mais informa\u00e7\u00f5es podem ser obtidas pelo telefone (17) 3342-3422. <\/p>\n<\/p><\/div>\n<\/p><\/div>\n<div id=\"chunk-divml\">\n<div class=\"mc-column content-text active-extra-styles\" data-block-type=\"raw\" data-block-weight=\"154\">\n<p class=\"content-text__container\">\n<ul class=\"content-unordered-list\">\n<li>Atendente de lojas e mercados (3)<\/li>\n<li>Atendente de lanchonete<\/li>\n<li>Faxineiro<\/li>\n<li>Operador de telemarketing ativo (2)<\/li>\n<li>Auxiliar nos servi\u00e7os de alimenta\u00e7\u00e3o (4)<\/li>\n<li>Ajudante de motorista<\/li>\n<li>Motorista de caminh\u00e3o (3)<\/li>\n<li>Cozinheiro geral<\/li>\n<li>Soldador<\/li>\n<li>Trabalhador da manuten\u00e7\u00e3o de edifica\u00e7\u00f5es (4)<\/li>\n<li>Eletricista de instala\u00e7\u00f5es (2)<\/li>\n<li>Eletricista de manuten\u00e7\u00e3o eletroeletr\u00f4nica <\/li>\n<li>Vendedor em domic\u00edlio (3)<\/li>\n<li>Auxiliar de escrit\u00f3rio em geral (2)<\/li>\n<li>Jardineiro (2)<\/li>\n<li>Gar\u00e7om (2)<\/li>\n<li>Mec\u00e2nico de manuten\u00e7\u00e3o de autom\u00f3veis (3)<\/li>\n<li>Motorista de furg\u00e3o ou ve\u00edculo similar<\/li>\n<li>Trabalhador de pecu\u00e1ria<\/li>\n<li>Serralheiro<\/li>\n<li>Mec\u00e2nico de manuten\u00e7\u00e3o de m\u00e1quinas em geral<\/li>\n<li>Tratorista agr\u00edcola<\/li>\n<li>Empregado dom\u00e9stico nos servi\u00e7os gerais (2)<\/li>\n<li>Costureiro na confec\u00e7\u00e3o em s\u00e9rie<\/li>\n<li>Montador de estruturas met\u00e1licas<\/li>\n<li>Conferente de carga e descarga<\/li>\n<li>Assistente de vendas<\/li>\n<li>Supervisor administrativo<\/li>\n<li>Operador de escavadeira<\/li>\n<li>Pizzaiolo<\/li>\n<li>Controlador de pragas<\/li>\n<li>T\u00e9cnico mec\u00e2nico<\/li>\n<li>Comprador<\/li>\n<li>Cozinheiro industrial<\/li>\n<li>Eletrot\u00e9cnico <\/li>\n<li>Operador de neg\u00f3cios (2)<\/li>\n<li>Leiturista<\/li>\n<li>Instalador de sistemas fotovoltaicos <\/li>\n<li>Lubrificador industrial<\/li>\n<li>Cont\u00ednuo<\/li>\n<li>Selecionador de material recicl\u00e1vel<\/li>\n<li>Chefe de bar<\/li>\n<li>Bab\u00e1<\/li>\n<li>Carregador<\/li>\n<li>Engenheiro eletricista<\/li>\n<li>Passador de roupas em geral<\/li>\n<li>Esteticista de animais dom\u00e9sticos<\/li>\n<\/ul><\/div>\n<\/p><\/div>\n<div id=\"chunk-epnk5\">\n<div class=\"content-ads content-ads--reveal\" data-block-type=\"ads\">\n<div data-id=\"banner_materia__3fb12db7-2f57-4e72-b45b-9bd8f555e29f\" class=\"tag-manager-publicidade-container mc-has-reveal mc-has-ad-lazyload\"> <\/div>\n<\/p><\/div>\n<\/p><\/div>\n<div id=\"chunk-d9d6a\"> <!--\n    Jinja2 is available;\n    Namespace: instrumental\/;\n    Ex: include 'instrumental\/show-ancora\/file_name.html';\n--> <\/p>\n<div class=\"anchor-position\" id=\"3\"><\/div>\n<\/p><\/div>\n<div id=\"chunk-70cqe\">\n<div class=\"mc-column content-text active-extra-styles\" data-block-type=\"raw\" data-block-weight=\"4\">\n<p class=\"content-text__container\">\n<div class=\"content-intertitle\">\n<h2><a class href=\"https:\/\/g1.globo.com\/sp\/ribeirao-preto-franca\/cidade\/guaira-sp\/\">Gua\u00edra<\/a> &#8211; 29 vagas<\/h2>\n<\/div><\/div>\n<\/p><\/div>\n<div id=\"chunk-brrco\">\n<div class=\"mc-column content-text active-extra-styles \" data-block-type=\"unstyled\" data-block-weight=\"25\">\n<p class=\" content-text__container \" data-track-category=\"Link no Texto\" data-track-links> O PAT de Gua\u00edra fica na Rua 8, 221, no pr\u00e9dio do Ganha Tempo Municipal. Os telefones para contato s\u00e3o (17) 3331-5865 e (17) 3332-1846. <\/p>\n<\/p><\/div>\n<\/p><\/div>\n<div id=\"chunk-1d1ui\">\n<div class=\"mc-column content-text active-extra-styles\" data-block-type=\"raw\" data-block-weight=\"33\">\n<p class=\"content-text__container\">\n<ul class=\"content-unordered-list\">\n<li>Auxiliar nos servi\u00e7os de alimenta\u00e7\u00e3o<\/li>\n<li>Trabalhador da manuten\u00e7\u00e3o de edifica\u00e7\u00f5es (20)<\/li>\n<li>A\u00e7ougueiro (2)<\/li>\n<li>Auxiliar de escrit\u00f3rio em geral<\/li>\n<li>Assistente administrativo<\/li>\n<li>Jardineiro<\/li>\n<li>Operador de m\u00e1quinas convencionais<\/li>\n<li>Motorista de \u00f4nibus rodovi\u00e1rio<\/li>\n<li>Instalador de sistemas eletroeletr\u00f4nicos<\/li>\n<\/ul><\/div>\n<\/p><\/div>\n<div id=\"chunk-c4vsn\"> <!--\n    Jinja2 is available;\n    Namespace: instrumental\/;\n    Ex: include 'instrumental\/show-ancora\/file_name.html';\n--> <\/p>\n<div class=\"anchor-position\" id=\"4\"><\/div>\n<\/p><\/div>\n<div id=\"chunk-dkg6k\">\n<div class=\"content-ads content-ads--reveal\" data-block-type=\"ads\">\n<div data-id=\"banner_materia__0c9c7714-ff6d-4de5-8fbe-1d508bbfd069\" class=\"tag-manager-publicidade-container mc-has-reveal mc-has-ad-lazyload\"> <\/div>\n<\/p><\/div>\n<\/p><\/div>\n<div id=\"chunk-dvvpg\">\n<div class=\"mc-column content-text active-extra-styles\" data-block-type=\"raw\" data-block-weight=\"5\">\n<p class=\"content-text__container\">\n<div class=\"content-intertitle\">\n<h2><a class href=\"https:\/\/g1.globo.com\/sp\/ribeirao-preto-franca\/cidade\/jaboticabal\/\">Jaboticabal<\/a> &#8211; 14 vagas<\/h2>\n<\/div><\/div>\n<\/p><\/div>\n<div id=\"chunk-cq34k\">\n<div class=\"mc-column content-text active-extra-styles \" data-block-type=\"unstyled\" data-block-weight=\"38\">\n<p class=\" content-text__container \" data-track-category=\"Link no Texto\" data-track-links> O PAT fica no pr\u00e9dio da Prefeitura de Jaboticabal. O endere\u00e7o \u00e9 Esplanada do Lago Carlos Rodrigues Serra, 160, Vila Serra. O atendimento \u00e9 feito de segunda-feira a sexta-feira, das 7h30 \u00e0s 12h e das 13h \u00e0s 16h. <\/p>\n<\/p><\/div>\n<\/p><\/div>\n<div id=\"chunk-9a2d7\">\n<div class=\"mc-column content-text active-extra-styles\" data-block-type=\"raw\" data-block-weight=\"41\">\n<p class=\"content-text__container\">\n<ul class=\"content-unordered-list\">\n<li>Faxineiro (2)<\/li>\n<li>Motorista de caminh\u00e3o<\/li>\n<li>Pedreiro<\/li>\n<li>Cozinheiro geral<\/li>\n<li>Operador de telemarketing<\/li>\n<li>Vendedor em domic\u00edlio<\/li>\n<li>Recepcionista em geral<\/li>\n<li>Carpinteiro de obras<\/li>\n<li>Montador de equipamentos el\u00e9tricos<\/li>\n<li>Instalador de sistemas eletroeletr\u00f4nicos<\/li>\n<li>T\u00e9cnico mec\u00e2nico<\/li>\n<li>Mec\u00e2nico de manuten\u00e7\u00e3o de m\u00e1quinas e ferramentas<\/li>\n<li>Trabalhador volante da agricultura<\/li>\n<\/ul><\/div>\n<\/p><\/div>\n<div id=\"chunk-fj47j\"> <!--\n    Jinja2 is available;\n    Namespace: instrumental\/;\n    Ex: include 'instrumental\/show-ancora\/file_name.html';\n--> <\/p>\n<div class=\"anchor-position\" id=\"5\"><\/div>\n<\/p><\/div>\n<div id=\"chunk-aa0ba\">\n<div class=\"mc-column content-text active-extra-styles\" data-block-type=\"raw\" data-block-weight=\"5\">\n<p class=\"content-text__container\">\n<div class=\"content-intertitle\">\n<h2>Ribeir\u00e3o Preto &#8211; 86 vagas<\/h2>\n<\/div><\/div>\n<\/p><\/div>\n<div id=\"chunk-3vjrv\">\n<div class=\"mc-column content-text active-extra-styles \" data-block-type=\"unstyled\" data-block-weight=\"40\">\n<p class=\" content-text__container \" data-track-category=\"Link no Texto\" data-track-links> O PAT fica na Avenida Francisco Junqueira, 2625, Jardim Macedo. O atendimento \u00e9 feito de segunda-feira a sexta-feira, das 8h \u00e0s 12h e das 13h \u00e0s 16h. Mais informa\u00e7\u00f5es sobre vagas e agendamento podem ser obtidas pelo telefone (16) 3625-7381. <\/p>\n<\/p><\/div>\n<\/p><\/div>\n<div id=\"chunk-a44it\">\n<div class=\"content-ads content-ads--reveal\" data-block-type=\"ads\">\n<div data-id=\"banner_materia__b66ea783-11c1-4115-8366-427860b999e4\" class=\"tag-manager-publicidade-container mc-has-reveal mc-has-ad-lazyload\"> <\/div>\n<\/p><\/div>\n<\/p><\/div>\n<div id=\"chunk-6bmag\">\n<div class=\"mc-column content-text active-extra-styles\" data-block-type=\"raw\" data-block-weight=\"154\">\n<p class=\"content-text__container\">\n<ul class=\"content-unordered-list\">\n<li>Auxiliar de log\u00edstica <\/li>\n<li>Atendente de lojas e mercados (4)<\/li>\n<li>Alimentador de linha de produ\u00e7\u00e3o (3)<\/li>\n<li>Faxineiro (9)<\/li>\n<li>Auxiliar nos servi\u00e7os de alimenta\u00e7\u00e3o (6)<\/li>\n<li>Ajudante de motorista<\/li>\n<li>Vendedor de com\u00e9rcio varejista (6)<\/li>\n<li>Motorista de caminh\u00e3o (4)<\/li>\n<li>Servente de obras (2)<\/li>\n<li>Operador de caixa<\/li>\n<li>Cozinheiro geral (5)<\/li>\n<li>Vendedor em domic\u00edlio<\/li>\n<li>Auxiliar de escrit\u00f3rio em geral (2)<\/li>\n<li>Assistente administrativo (3)<\/li>\n<li>Jardineiro<\/li>\n<li>Gar\u00e7om<\/li>\n<li>Carpinteiro<\/li>\n<li>Motorista de furg\u00e3o ou ve\u00edculo similar<\/li>\n<li>Estoquista (3)<\/li>\n<li>Chef de cozinha<\/li>\n<li>Pintor de estruturas met\u00e1licas<\/li>\n<li>Mec\u00e2nico de refrigera\u00e7\u00e3o<\/li>\n<li>Fiscal de loja<\/li>\n<li>Recepcionista em geral<\/li>\n<li>Camareiro de hotel<\/li>\n<li>Cumim<\/li>\n<li>Operador de m\u00e1quinas fixas em geral <\/li>\n<li>Conferente de carga e descarga (2)<\/li>\n<li>Eletricista de instala\u00e7\u00f5es<\/li>\n<li>Recepcionista de hotel<\/li>\n<li>Mestre da constru\u00e7\u00e3o civil<\/li>\n<li>Auxiliar de contabilidade <\/li>\n<li>Padeiro<\/li>\n<li>Vendedor pracista<\/li>\n<li>Barista<\/li>\n<li>Controlador de pragas<\/li>\n<li>Copeiro<\/li>\n<li>Gerente de loja e supermercado<\/li>\n<li>Garagista<\/li>\n<li>Catador de material recicl\u00e1vel (2)<\/li>\n<li>Mec\u00e2nico de manuten\u00e7\u00e3o de bicicletas<\/li>\n<li>Top\u00f3grafo<\/li>\n<li>Operador de compactadora de solos<\/li>\n<li>Lavadeira em geral<\/li>\n<li>Afretador<\/li>\n<li>Instalador de som e acess\u00f3rios de ve\u00edculos<\/li>\n<\/ul><\/div>\n<\/p><\/div>\n<div id=\"chunk-1qq25\"> <!--\n    Jinja2 is available;\n    Namespace: instrumental\/;\n    Ex: include 'instrumental\/show-ancora\/file_name.html';\n--> <\/p>\n<div class=\"anchor-position\" id=\"6\"><\/div>\n<\/p><\/div>\n<div id=\"chunk-57dnf\">\n<div class=\"content-ads content-ads--reveal\" data-block-type=\"ads\">\n<div data-id=\"banner_materia__2c191f82-bb3f-4b54-bda5-6310dfc7d49f\" class=\"tag-manager-publicidade-container mc-has-reveal mc-has-ad-lazyload\"> <\/div>\n<\/p><\/div>\n<\/p><\/div>\n<div id=\"chunk-ctka0\">\n<div class=\"mc-column content-text active-extra-styles\" data-block-type=\"raw\" data-block-weight=\"4\">\n<p class=\"content-text__container\">\n<div class=\"content-intertitle\">\n<h2><a class href=\"https:\/\/g1.globo.com\/sp\/ribeirao-preto-franca\/cidade\/sertaozinho-sp\/\">Sert\u00e3ozinho<\/a> &#8211; 174 vagas<\/h2>\n<\/div><\/div>\n<\/p><\/div>\n<div id=\"chunk-diggu\">\n<div class=\"mc-column content-text active-extra-styles \" data-block-type=\"unstyled\" data-block-weight=\"43\">\n<p class=\" content-text__container \" data-track-category=\"Link no Texto\" data-track-links> O PAT Sert\u00e3ozinho fica na Secretaria de Desenvolvimento Econ\u00f4mico. O endere\u00e7o \u00e9 Rua Volunt\u00e1rio Otto Gomes Martins, 1.380, Centro. O atendimento \u00e9 de segunda-feira a sexta-feira, das 8h30 \u00e0s 11h e das 13h \u00e0s 16h. Informa\u00e7\u00f5es podem ser obtidas pelo telefone (16) 3942-3714. <\/p>\n<\/p><\/div>\n<\/p><\/div>\n<div id=\"chunk-cq3ru\">\n<div class=\"mc-column content-text active-extra-styles\" data-block-type=\"raw\" data-block-weight=\"296\">\n<p class=\"content-text__container\">\n<ul class=\"content-unordered-list\">\n<li>Auxiliar de log\u00edstica<\/li>\n<li>Atendente de lojas e mercados<\/li>\n<li>Alimentador de linha de produ\u00e7\u00e3o (12)<\/li>\n<li>Faxineiro<\/li>\n<li>Ajudante de motorista (4)<\/li>\n<li>Vendedor de com\u00e9rcio varejista (4)<\/li>\n<li>Motorista de caminh\u00e3o (7)<\/li>\n<li>Pedreiro (5)<\/li>\n<li>Servente de obras (6)<\/li>\n<li>Cozinheiro geral (3)<\/li>\n<li>Soldador (8)<\/li>\n<li>Eletricista de instala\u00e7\u00f5es (3)<\/li>\n<li>Eletricista de manuten\u00e7\u00e3o eletroeletr\u00f4nica (3)<\/li>\n<li>Auxiliar de escrit\u00f3rio em geral (2)<\/li>\n<li>Assistente administrativo (2)<\/li>\n<li>Embalador a m\u00e3o (2)<\/li>\n<li>Operador de empilhadeira<\/li>\n<li>Gar\u00e7om<\/li>\n<li>Mec\u00e2nico de manuten\u00e7\u00e3o de autom\u00f3veis (4)<\/li>\n<li>Motorista de furg\u00e3o ou ve\u00edculo similar (2)<\/li>\n<li>Estoquista<\/li>\n<li>Porteiro de locais de divers\u00e3o<\/li>\n<li>Mec\u00e2nico de manuten\u00e7\u00e3o de m\u00e1quinas em geral (3)<\/li>\n<li>Chef de cozinha<\/li>\n<li>Caldeireiro (5)<\/li>\n<li>Pintor de estruturas met\u00e1licas (2)<\/li>\n<li>Caminhoneiro aut\u00f4nomo<\/li>\n<li>T\u00e9cnico em seguran\u00e7a do trabalho<\/li>\n<li>Almoxarife (4)<\/li>\n<li>Montador de estruturas met\u00e1licas (2)<\/li>\n<li>Assistente de vendas (4)<\/li>\n<li>Encanador (2)<\/li>\n<li>Eletricista de instala\u00e7\u00f5es (4)<\/li>\n<li>Supervisor administrativo<\/li>\n<li>Mec\u00e2nico de ve\u00edculos automotores<\/li>\n<li>Motorista de carro de passeio<\/li>\n<li>Operador de m\u00e1quinas e ferramentas convencionais (8)<\/li>\n<li>Auxiliar de contabilidade (3)<\/li>\n<li>Instalador e reparador de redes telef\u00f4nicas<\/li>\n<li>Vendedor pracista (6)<\/li>\n<li>Inspetor de qualidade (2)<\/li>\n<li>Motorista operacional de guincho<\/li>\n<li>Borracheiro<\/li>\n<li>Pizzaiolo<\/li>\n<li>Montador de m\u00e1quinas (3)<\/li>\n<li>Operador de torno com comando num\u00e9rico (3)<\/li>\n<li>Mec\u00e2nico de manuten\u00e7\u00e3o e instala\u00e7\u00e3o de aparelhos<\/li>\n<li>Lavador de ve\u00edculos<\/li>\n<li>T\u00e9cnico em obras civis (2)<\/li>\n<li>Gerente de loja e supermercado<\/li>\n<li>Comprador<\/li>\n<li>Garagista<\/li>\n<li>Enfermeiro<\/li>\n<li>Contador<\/li>\n<li>Auxiliar de pessoal<\/li>\n<li>Instalador de tubula\u00e7\u00f5es (2)<\/li>\n<li>Mec\u00e2nico de manuten\u00e7\u00e3o de m\u00e1quinas de constru\u00e7\u00e3o<\/li>\n<li>Oxicortador \u00e0 m\u00e3o e \u00e0 m\u00e1quina<\/li>\n<li>Engenheiro mec\u00e2nico<\/li>\n<li>Desenhista projetista mec\u00e2nico (2)<\/li>\n<li>Operador de inspe\u00e7\u00e3o de qualidade<\/li>\n<li>Cont\u00ednuo<\/li>\n<li>Ajustador mec\u00e2nico<\/li>\n<li>Polidor de metais<\/li>\n<li>Preparador de m\u00e1quinas e ferramentas<\/li>\n<li>Mec\u00e2nico de manuten\u00e7\u00e3o de empilhadeiras<\/li>\n<li>Eletrot\u00e9cnico<\/li>\n<li>T\u00e9cnico mec\u00e2nico<\/li>\n<li>T\u00e9cnico em caldeiraria<\/li>\n<li>T\u00e9cnico de telecomunica\u00e7\u00f5es<\/li>\n<li>Calandrista de borracha<\/li>\n<li>Gesseiro<\/li>\n<li>Balanceiro<\/li>\n<li>Supervisor de manuten\u00e7\u00e3o el\u00e9trica de alta tens\u00e3o<\/li>\n<li>Professor instrutor de ensino e aprendizagem<\/li>\n<li>Operador de motoniveladora<\/li>\n<li>Modelador de madeira<\/li>\n<li>Gravado de vidro a jato de areia<\/li>\n<li>Operador de produ\u00e7\u00e3o<\/li>\n<li>Desenhista projetista de m\u00e1quinas<\/li>\n<\/ul><\/div>\n<\/p><\/div>\n<div id=\"chunk-27le8\">\n<div class=\"content-ads content-ads--reveal\" data-block-type=\"ads\">\n<div data-id=\"banner_materia__ff69fcb7-5d4d-4be2-8c67-196896eb83f6\" class=\"tag-manager-publicidade-container mc-has-reveal mc-has-ad-lazyload\"> <\/div>\n<\/p><\/div>\n<\/p><\/div>\n<div id=\"chunk-eottp\"> <!--\n    Jinja2 is available;\n    Namespace: instrumental\/;\n    Ex: include 'instrumental\/show-ancora\/file_name.html';\n--> <\/p>\n<div class=\"anchor-position\" id=\"7\"><\/div>\n<\/p><\/div>\n<div id=\"chunk-5pm4n\">\n<div class=\"mc-column content-text active-extra-styles\" data-block-type=\"raw\" data-block-weight=\"4\">\n<p class=\"content-text__container\">\n<div class=\"content-intertitle\">\n<h2><a class href=\"https:\/\/g1.globo.com\/sp\/ribeirao-preto-franca\/cidade\/serrana\/\">Serrana<\/a> &#8211; 41 vagas<\/h2>\n<\/div><\/div>\n<\/p><\/div>\n<div id=\"chunk-3o89m\">\n<div class=\"mc-column content-text active-extra-styles \" data-block-type=\"unstyled\" data-block-weight=\"26\">\n<p class=\" content-text__container \" data-track-category=\"Link no Texto\" data-track-links> O PAT fica na Avenida Ars\u00eanio Ramos Martins, 207, Centro. O atendimento \u00e9 de segunda a sexta, das 8h \u00e0s 11h e das 13h \u00e0s 17h. <\/p>\n<\/p><\/div>\n<\/p><\/div>\n<div id=\"chunk-5fh3g\">\n<div class=\"mc-column content-text active-extra-styles\" data-block-type=\"raw\" data-block-weight=\"31\">\n<p class=\"content-text__container\">\n<ul class=\"content-unordered-list\">\n<li>Atendente de lanchonete (30)<\/li>\n<li>Faxineiro (1)<\/li>\n<li>Auxiliar nos servi\u00e7os de alimenta\u00e7\u00e3o (2)<\/li>\n<li>Vendedor de com\u00e9rcio varejista (4)<\/li>\n<li>Cozinheiro geral<\/li>\n<li>Motorista de \u00f4nibus rodovi\u00e1rio<\/li>\n<li>Tesoureiro de banco<\/li>\n<li>Operador de britador de mand\u00edbulas<\/li>\n<\/ul><\/div>\n<\/p><\/div>\n<div id=\"chunk-82ea9\"> <!--\n    Jinja2 is available;\n    Namespace: instrumental\/;\n    Ex: include 'instrumental\/show-ancora\/file_name.html';\n--> <\/p>\n<div class=\"anchor-position\" id=\"8\"><\/div>\n<\/p><\/div>\n<div id=\"chunk-akl81\">\n<div class=\"content-ads content-ads--reveal\" data-block-type=\"ads\">\n<div data-id=\"banner_materia__6d07217c-2c93-41ec-81c1-7f9335939de6\" class=\"tag-manager-publicidade-container mc-has-reveal mc-has-ad-lazyload\"> <\/div>\n<\/p><\/div>\n<\/p><\/div>\n<div id=\"chunk-6ri3t\">\n<div class=\"mc-column content-text active-extra-styles\" data-block-type=\"raw\" data-block-weight=\"4\">\n<p class=\"content-text__container\">\n<div class=\"content-intertitle\">\n<h2>Franca &#8211; 191 vagas<\/h2>\n<\/div><\/div>\n<\/p><\/div>\n<div id=\"chunk-4jm3r\">\n<div class=\"mc-column content-text active-extra-styles \" data-block-type=\"unstyled\" data-block-weight=\"16\">\n<p class=\" content-text__container \" data-track-category=\"Link no Texto\" data-track-links> Os interessados devem comparecer ao PAT, das 8h \u00e0s 16h, na Rua Professor Laerte Barbosa Cintra. <\/p>\n<\/p><\/div>\n<\/p><\/div>\n<div id=\"chunk-5nc5\">\n<div class=\"mc-column content-text active-extra-styles\" data-block-type=\"raw\" data-block-weight=\"99\">\n<p class=\"content-text__container\">\n<ul class=\"content-unordered-list\">\n<li>Atendente de lojas e mercados (8)<\/li>\n<li>Atendente de lanchonete (20)<\/li>\n<li>Faxineiro (5)<\/li>\n<li>Vendedor de com\u00e9rcio varejista (36)<\/li>\n<li>Motorista de caminh\u00e3o (20)<\/li>\n<li>Pedreiro (3)<\/li>\n<li>Operador de caixa (2)<\/li>\n<li>Trabalhador da manuten\u00e7\u00e3o de edifica\u00e7\u00f5es (3)<\/li>\n<li>Eletricista de manuten\u00e7\u00e3o eletroeletr\u00f4nica (4)<\/li>\n<li>Embalador \u00e0 m\u00e3o (11)<\/li>\n<li>Tratorista agr\u00edcola (25)<\/li>\n<li>Empregado dom\u00e9stico nos servi\u00e7os gerais<\/li>\n<li>Caldeireiro (2)<\/li>\n<li>Trabalhador agropecu\u00e1rio em geral<\/li>\n<li>T\u00e9cnico em seguran\u00e7a do trabalho<\/li>\n<li>Supervisor administrativo<\/li>\n<li>Mec\u00e2nico de manuten\u00e7\u00e3o de m\u00e1quinas agr\u00edcolas (21)<\/li>\n<li>Representante comercial aut\u00f4nomo (10)<\/li>\n<li>Borracheiro<\/li>\n<li>Chapeador<\/li>\n<li>Lubrificador industrial (2)<\/li>\n<li>T\u00e9cnico de manuten\u00e7\u00e3o eletr\u00f4nica<\/li>\n<li>Gerente de opera\u00e7\u00f5es de transportes<\/li>\n<li>Supervisor de manuten\u00e7\u00e3o el\u00e9trica de alta tens\u00e3o<\/li>\n<li>Montador de equipamentos eletr\u00f4nicos<\/li>\n<\/ul><\/div>\n<\/p><\/div>\n<div id=\"chunk-6tf4m\"> <!--\n    Jinja2 is available;\n    Namespace: instrumental\/;\n    Ex: include 'instrumental\/show-ancora\/file_name.html';\n--> <\/p>\n<div class=\"anchor-position\" id=\"9\"><\/div>\n<\/p><\/div>\n<div id=\"chunk-fg87q\">\n<div class=\"content-ads content-ads--reveal\" data-block-type=\"ads\">\n<div data-id=\"banner_materia__def2e29f-b5f0-4d0a-8383-6147f03cb927\" class=\"tag-manager-publicidade-container mc-has-reveal mc-has-ad-lazyload\"> <\/div>\n<\/p><\/div>\n<\/p><\/div>\n<div id=\"chunk-d8ddj\">\n<div class=\"mc-column content-text active-extra-styles\" data-block-type=\"raw\" data-block-weight=\"4\">\n<p class=\"content-text__container\">\n<div class=\"content-intertitle\">\n<h2><a class href=\"https:\/\/g1.globo.com\/sp\/ribeirao-preto-franca\/cidade\/batatais\/\">Batatais<\/a> &#8211; 23 vagas<\/h2>\n<\/div><\/div>\n<\/p><\/div>\n<div id=\"chunk-c23g9\">\n<div class=\"mc-column content-text active-extra-styles \" data-block-type=\"unstyled\" data-block-weight=\"19\">\n<p class=\" content-text__container \" data-track-category=\"Link no Texto\" data-track-links> O PAT de Batatais fica na Alameda C\u00f4nego Joaquim Alves, 167, no Centro. Mais informa\u00e7\u00f5es pelo telefone (16) 3761-0500. <\/p>\n<\/p><\/div>\n<\/p><\/div>\n<div id=\"chunk-fenkl\">\n<div class=\"mc-column content-text active-extra-styles\" data-block-type=\"raw\" data-block-weight=\"48\">\n<p class=\"content-text__container\">\n<ul class=\"content-unordered-list\">\n<li>Alimentador de linha de produ\u00e7\u00e3o (2)<\/li>\n<li>Pedreiro<\/li>\n<li>Operador de caixa (5)<\/li>\n<li>Cozinheiro geral<\/li>\n<li>Soldador<\/li>\n<li>Estoquista<\/li>\n<li>Mec\u00e2nico de manuten\u00e7\u00e3o de m\u00e1quinas em geral<\/li>\n<li>Caldeireiro<\/li>\n<li>Motorista de \u00f4nibus rodovi\u00e1rio<\/li>\n<li>Montador de m\u00e1quinas<\/li>\n<li>Operador de torno com comando num\u00e9rico<\/li>\n<li>T\u00e9cnico mec\u00e2nico<\/li>\n<li>Gerente de produ\u00e7\u00e3o e opera\u00e7\u00f5es<\/li>\n<li>Montador de m\u00e1quinas agr\u00edcolas (4)<\/li>\n<\/ul><\/div>\n<\/p><\/div>\n<div id=\"chunk-cth1s\"> <!--\n    Jinja2 is available;\n    Namespace: instrumental\/;\n    Ex: include 'instrumental\/show-ancora\/file_name.html';\n--> <\/p>\n<div class=\"anchor-position\" id=\"10\"><\/div>\n<\/p><\/div>\n<div id=\"chunk-6he85\">\n<div class=\"mc-column content-text active-extra-styles\" data-block-type=\"raw\" data-block-weight=\"4\">\n<p class=\"content-text__container\">\n<div class=\"content-intertitle\">\n<h2><a class href=\"https:\/\/g1.globo.com\/sp\/ribeirao-preto-franca\/cidade\/orlandia\/\">Orl\u00e2ndia<\/a> &#8211; 4 vagas<\/h2>\n<\/div><\/div>\n<\/p><\/div>\n<div id=\"chunk-30ifh\">\n<div class=\"mc-column content-text active-extra-styles \" data-block-type=\"unstyled\" data-block-weight=\"15\">\n<p class=\" content-text__container \" data-track-category=\"Link no Texto\" data-track-links> O PAT fica na Avenida do Caf\u00e9, 1040, Centro. Mais informa\u00e7\u00f5es pelo telefone (16) 3726-2951. <\/p>\n<\/p><\/div>\n<\/p><\/div>\n<div id=\"chunk-lme\">\n<div class=\"mc-column content-text active-extra-styles\" data-block-type=\"raw\" data-block-weight=\"19\">\n<p class=\"content-text__container\">\n<ul class=\"content-unordered-list\">\n<li>Auxiliar de log\u00edstica<\/li>\n<li>Motorista de furg\u00e3o ou ve\u00edculo similar<\/li>\n<li>Representante comercial aut\u00f4nomo<\/li>\n<li>Mestre na ind\u00fastria de madeira e mobili\u00e1rio<\/li>\n<\/ul><\/div>\n<\/p><\/div>\n<div id=\"chunk-59tkk\">\n<div class=\"content-ads content-ads--reveal\" data-block-type=\"ads\">\n<div data-id=\"banner_materia__432ed791-18fe-493d-9a2e-e7ba490c9be1\" class=\"tag-manager-publicidade-container mc-has-reveal mc-has-ad-lazyload\"> <\/div>\n<\/p><\/div>\n<\/p><\/div>\n<div id=\"chunk-4dc3p\"> <!--\n    Jinja2 is available;\n    Namespace: instrumental\/;\n    Ex: include 'instrumental\/show-ancora\/file_name.html';\n--> <\/p>\n<div class=\"anchor-position\" id=\"11\"><\/div>\n<\/p><\/div>\n<div id=\"chunk-7grvh\">\n<div class=\"mc-column content-text active-extra-styles\" data-block-type=\"raw\" data-block-weight=\"4\">\n<p class=\"content-text__container\">\n<div class=\"content-intertitle\">\n<h2><a class href=\"https:\/\/g1.globo.com\/sp\/ribeirao-preto-franca\/cidade\/ituverava\/\">Ituverava<\/a> &#8211; 74 vagas<\/h2>\n<\/div><\/div>\n<\/p><\/div>\n<div id=\"chunk-agcmd\">\n<div class=\"mc-column content-text active-extra-styles \" data-block-type=\"unstyled\" data-block-weight=\"16\">\n<p class=\" content-text__container \" data-track-category=\"Link no Texto\" data-track-links> O PAT fica na Rua Coronel Irlandino Barbosa Sandoval, 10. Mais informa\u00e7\u00f5es pelo telefone (16) 3729-2995. <\/p>\n<\/p><\/div>\n<\/p><\/div>\n<div id=\"chunk-2sdqu\">\n<div class=\"mc-column content-text active-extra-styles\" data-block-type=\"raw\" data-block-weight=\"89\">\n<p class=\"content-text__container\">\n<ul class=\"content-unordered-list\">\n<li>Auxiliar de log\u00edstica (4)<\/li>\n<li>Alimentador de linha de produ\u00e7\u00e3o<\/li>\n<li>Faxineiro (2)<\/li>\n<li>Pedreiro (3)<\/li>\n<li>Servente de obras (6)<\/li>\n<li>Eletricista de manuten\u00e7\u00e3o eletroeletr\u00f4nica (4)<\/li>\n<li>Auxiliar de escrit\u00f3rio em geral (2)<\/li>\n<li>Motorista de furg\u00e3o ou ve\u00edculo similar<\/li>\n<li>Porteiro de locais de divers\u00e3o (20)<\/li>\n<li>Montador de filmes (7)<\/li>\n<li>Promotor de vendas<\/li>\n<li>T\u00e9cnico em seguran\u00e7a do trabalho<\/li>\n<li>Almoxarife<\/li>\n<li>Encanador (2)<\/li>\n<li>Mestre da constru\u00e7\u00e3o civil (2)<\/li>\n<li>Mec\u00e2nico de manuten\u00e7\u00e3o de m\u00e1quinas agr\u00edcolas (2)<\/li>\n<li>Motorista de \u00f4nibus rodovi\u00e1rio (3)<\/li>\n<li>Cuidador de idosos<\/li>\n<li>Vidraceiro<\/li>\n<li>T\u00e9cnico de obras civis (5)<\/li>\n<li>Eletricista de instala\u00e7\u00f5es (3)<\/li>\n<li>Passadeira de pe\u00e7as confeccionadas<\/li>\n<\/ul><\/div>\n<\/p><\/div>\n<div id=\"chunk-4tggm\">\n<div class=\"content-ads content-ads--reveal\" data-block-type=\"ads\">\n<div data-id=\"banner_materia__6d5cb556-6029-4217-9a7b-d312669b9f93\" class=\"tag-manager-publicidade-container mc-has-reveal mc-has-ad-lazyload\"> <\/div>\n<\/p><\/div>\n<\/p><\/div>\n<div id=\"chunk-fahuf\">\n<div class=\"mc-column content-text active-extra-styles \" data-block-type=\"unstyled\" data-block-weight=\"9\">\n<p class=\" content-text__container \" data-track-category=\"Link no Texto\" data-track-links> <a class href=\"https:\/\/g1.globo.com\/sp\/ribeirao-preto-franca\/\"><strong>Veja mais not\u00edcias do g1 Ribeir\u00e3o Preto e Franca<\/strong><\/a> <\/p>\n<\/p><\/div>\n<\/p><\/div>\n<div id=\"chunk-20bql\">\n<div class=\"mc-column content-text active-extra-styles\" data-block-type=\"raw\" data-block-weight=\"8\">\n<p class=\"content-text__container\">\n<div class=\"content-intertitle\">\n<h2>V\u00cdDEOS: Tudo sobre Ribeir\u00e3o Preto, Franca e regi\u00e3o<\/h2>\n<\/div><\/div>\n<\/p><\/div>\n<div data-track-category=\"multicontent\" data-track-action=\"ultimo chunk conteudo\" data-track-noninteraction=\"false\" data-track-scroll=\"view\">\n<div id=\"chunk-6f6mn\">\n<div class=\"show-multicontent-playlist-container mc-column\" data-track-category=\"multicontent\" data-track-action=\"playlist-multicontent-block\" data-track-scroll=\"view\" data-track-click=\"click\" data-block-type=\"playlist\"> <a href=\"https:\/\/g1.globo.com\/sp\/ribeirao-preto-franca\/playlist\/videos-tudo-sobre-ribeirao-preto-franca-e-regiao.ghtml\"> <\/p>\n<div class=\"show-multicontent-playlist\"> <span class=\"show-multicontent-playlist__label\"> <svg class=\"theme-color-primary show-multicontent-playlist__label__icon\" xmlns=\"http:\/\/www.w3.org\/2000\/svg\" width=\"48\" height=\"48\"><g><circle fill=\"#FFF\" cx=\"24\" cy=\"24\" r=\"24\"><\/circle><path d=\"M33.389 24.726l-13.953 8.752a.782.782 0 0 1-.419.122c-.451 0-.817-.382-.817-.854V15.29c0-.508.366-.891.817-.891.155 0 .3.046.423.124l13.949 8.75c.232.15.387.42.387.726a.865.865 0 0 1-.387.726z\"><\/path><\/g><\/svg> 50 v\u00eddeos <\/span> <amp-img class=\"show-multicontent-playlist__left-thumbnail show-multicontent-playlist-overlay glb-skeleton-box\" style=\"--skeleton-width: 100%; --skeleton-height: auto;\" alt=\"Casa Pet: saiba como prever e prevenir ataques de gatos\" layout=\"responsive\" noloading=\"true\" width=\"5\" height=\"4\" src=\"https:\/\/s2-g1.glbimg.com\/sB6msMiTzN92gpF6LUuOeTKW5E0=\/650x0\/smart\/filters:strip_icc()\/s01.video.glbimg.com\/deo\/vi\/24\/71\/12147124%0A\" srcset=\"https:\/\/s2-g1.glbimg.com\/sB6msMiTzN92gpF6LUuOeTKW5E0=\/650x0\/smart\/filters:strip_icc()\/s01.video.glbimg.com\/deo\/vi\/24\/71\/12147124\n 650w,https:\/\/s2-g1.glbimg.com\/9uZlfuMrGC1h56_KnLYP6O6b8FA=\/640x0\/smart\/filters:strip_icc()\/s01.video.glbimg.com\/deo\/vi\/24\/71\/12147124\n 640w,https:\/\/s2-g1.glbimg.com\/-9XZhbVmqhhjK3r5rp2-Bo3JF2s=\/416x0\/smart\/filters:strip_icc()\/s01.video.glbimg.com\/deo\/vi\/24\/71\/12147124\n 416w,https:\/\/s2-g1.glbimg.com\/QOtaKxiofDBIg6V1UAi5gzY6NK0=\/390x0\/smart\/filters:strip_icc()\/s01.video.glbimg.com\/deo\/vi\/24\/71\/12147124\n 390w\"><\/amp-img> <amp-img class=\"show-multicontent-playlist__right-thumbnail show-multicontent-playlist__second-thumbnail glb-skeleton-box\" style=\"--skeleton-width: 100%; --skeleton-height: auto;\" alt=\"Marvin est\u00e1 desaparecido h\u00e1 cinco dias em Orl\u00e2ndia, SP\" layout=\"responsive\" noloading=\"true\" width=\"5\" height=\"4\" src=\"https:\/\/s2-g1.glbimg.com\/-rAMR8atLT3e1npOBuDj9tHEQ_M=\/650x0\/smart\/filters:strip_icc()\/s02.video.glbimg.com\/deo\/vi\/09\/71\/12147109%0A\" srcset=\"https:\/\/s2-g1.glbimg.com\/-rAMR8atLT3e1npOBuDj9tHEQ_M=\/650x0\/smart\/filters:strip_icc()\/s02.video.glbimg.com\/deo\/vi\/09\/71\/12147109\n 650w,https:\/\/s2-g1.glbimg.com\/K2WYt1JjPy0IrkrTAXRNunFs-Ds=\/640x0\/smart\/filters:strip_icc()\/s02.video.glbimg.com\/deo\/vi\/09\/71\/12147109\n 640w,https:\/\/s2-g1.glbimg.com\/3cYyPOLl7ipOcDt7apzuFfb7RDc=\/416x0\/smart\/filters:strip_icc()\/s02.video.glbimg.com\/deo\/vi\/09\/71\/12147109\n 416w,https:\/\/s2-g1.glbimg.com\/Puc2SQ5vui9d_6fY4sjAhveMUko=\/390x0\/smart\/filters:strip_icc()\/s02.video.glbimg.com\/deo\/vi\/09\/71\/12147109\n 390w\"><\/amp-img> <amp-img class=\"show-multicontent-playlist__right-thumbnail show-multicontent-playlist__third-thumbnail glb-skeleton-box\" style=\"--skeleton-width: 100%; --skeleton-height: auto;\" alt=\"Conhe\u00e7a a rotina das g\u00eameas siamesas separadas no HC de Ribeir\u00e3o Preto, SP\" layout=\"responsive\" noloading=\"true\" width=\"5\" height=\"4\" src=\"https:\/\/s2-g1.glbimg.com\/NoKbUUqnen8exTPcYYnDFBwoi7Y=\/650x0\/smart\/filters:strip_icc()\/s02.video.glbimg.com\/deo\/vi\/05\/71\/12147105%0A\" srcset=\"https:\/\/s2-g1.glbimg.com\/NoKbUUqnen8exTPcYYnDFBwoi7Y=\/650x0\/smart\/filters:strip_icc()\/s02.video.glbimg.com\/deo\/vi\/05\/71\/12147105\n 650w,https:\/\/s2-g1.glbimg.com\/VHzyNkDsDZO9rFhnp_zqz6cUufU=\/640x0\/smart\/filters:strip_icc()\/s02.video.glbimg.com\/deo\/vi\/05\/71\/12147105\n 640w,https:\/\/s2-g1.glbimg.com\/Cm0Mr0daNbrL1R2yoRhrYs7yZZc=\/416x0\/smart\/filters:strip_icc()\/s02.video.glbimg.com\/deo\/vi\/05\/71\/12147105\n 416w,https:\/\/s2-g1.glbimg.com\/MCblZ34X-rd1FxjULUfeF8Jp4tQ=\/390x0\/smart\/filters:strip_icc()\/s02.video.glbimg.com\/deo\/vi\/05\/71\/12147105\n 390w\"><\/amp-img> <\/div>\n<p> <\/a> <\/div>\n<\/p><\/div>\n<\/p><\/div>\n<\/p><\/div>\n<\/article>\n<div id=\"banner_touch_point_subcontent\" class=\"banner_touch_point_subcontent--hide\"><\/div>\n<div class=\"mc-column entities\">\n<ul class=\"entities__list\" data-track-category=\"multicontent\" data-track-action=\"tag semantica\">\n<li class=\"entities__list-item\"> <a href=\"https:\/\/g1.globo.com\/sp\/ribeirao-preto-franca\/cidade\/barretos\/\" class=\"entities__list-itemLink\" data-track-click=\"Barretos\"> Barretos <\/a> <\/li>\n<li class=\"entities__list-item\"> <a href=\"https:\/\/g1.globo.com\/sp\/ribeirao-preto-franca\/cidade\/batatais\/\" class=\"entities__list-itemLink\" data-track-click=\"Batatais\"> Batatais <\/a> <\/li>\n<li class=\"entities__list-item\"> <a href=\"https:\/\/g1.globo.com\/sp\/ribeirao-preto-franca\/cidade\/bebedouro\/\" class=\"entities__list-itemLink\" data-track-click=\"Bebedouro\"> Bebedouro <\/a> <\/li>\n<li class=\"entities__list-item\"> <a href=\"https:\/\/g1.globo.com\/sp\/ribeirao-preto-franca\/cidade\/franca\/\" class=\"entities__list-itemLink\" data-track-click=\"Franca\"> Franca <\/a> <\/li>\n<li class=\"entities__list-item\"> <a href=\"https:\/\/g1.globo.com\/sp\/ribeirao-preto-franca\/cidade\/guaira-sp\/\" class=\"entities__list-itemLink\" data-track-click=\"Gua\u00edra\"> Gua\u00edra <\/a> <\/li>\n<li class=\"entities__list-item\"> <a href=\"https:\/\/g1.globo.com\/sp\/ribeirao-preto-franca\/cidade\/ituverava\/\" class=\"entities__list-itemLink\" data-track-click=\"Ituverava\"> Ituverava <\/a> <\/li>\n<li class=\"entities__list-item\"> <a href=\"https:\/\/g1.globo.com\/sp\/ribeirao-preto-franca\/cidade\/jaboticabal\/\" class=\"entities__list-itemLink\" data-track-click=\"Jaboticabal\"> Jaboticabal <\/a> <\/li>\n<li class=\"entities__list-item\"> <a href=\"https:\/\/g1.globo.com\/sp\/ribeirao-preto-franca\/cidade\/orlandia\/\" class=\"entities__list-itemLink\" data-track-click=\"Orl\u00e2ndia\"> Orl\u00e2ndia <\/a> <\/li>\n<li class=\"entities__list-item\"> <a href=\"https:\/\/g1.globo.com\/sp\/ribeirao-preto-franca\/cidade\/ribeirao-preto\/\" class=\"entities__list-itemLink\" data-track-click=\"Ribeir\u00e3o Preto\"> Ribeir\u00e3o Preto <\/a> <\/li>\n<li class=\"entities__list-item\"> <a href=\"https:\/\/g1.globo.com\/sp\/ribeirao-preto-franca\/cidade\/serrana\/\" class=\"entities__list-itemLink\" data-track-click=\"Serrana\"> Serrana <\/a> <\/li>\n<li class=\"entities__list-item\"> <a href=\"https:\/\/g1.globo.com\/sp\/ribeirao-preto-franca\/cidade\/sertaozinho-sp\/\" class=\"entities__list-itemLink\" data-track-click=\"Sert\u00e3ozinho\"> Sert\u00e3ozinho <\/a> <\/li>\n<\/ul><\/div>\n<p> <script type=\"text\/javascript\">\nwindow.PUSH_WEB_ENV = \"prod\";\n\/\/ 86acbd31cd7c09cf30acb66d2fbedc91daa48b86:1607625335.6190588\n!function(n,r,e,t,c){var i,o=\"Promise\"in n,u={then:function(){return u},catch:function(n){\nreturn n(new Error(\"Airship SDK Error: Unsupported browser\")),u}},s=o?new Promise((function(n,r){i=function(e,t){e?r(e):n(t)}})):u\n;s._async_setup=function(n){if(o)try{i(null,n(c))}catch(n){i(n)}},n[t]=s;var a=r.createElement(\"script\");a.src=e,a.async=!0,a.id=\"_uasdk\",\na.rel=t,r.head.appendChild(a)}(window,document,'https:\/\/aswpsdkus.com\/notify\/v1\/ua-sdk.min.js',\n'UA', {\n    vapidPublicKey: 'BD9ppJ4GTEjuluRER_I0FOsZgr7w-OldYk4i1QAkCBxjoJi5_K5CqCYdIytn0c9JpJBSCABKNj5JwOEzY70hduI=',\n    websitePushId: 'web.com.globo.g1',\n    appKey: 'fiJnSbYuRhS_XdzV8dgLeg',\n    token: 'MTpmaUpuU2JZdVJoU19YZHpWOGRnTGVnOm8tbEJRZlVkRGFHWkowS0ZBQXAtRjV3S0JNUktqRjRRQTNXeWNaeFpMdkk',\n    workerUrl: '\/sw.js'\n  });\n<\/script><\/p>\n<div class=\"push-web-container\">\n<div id=\"push-web-notification\" class=\"push-web-notification push-web-notification--disabled push-web-notification--colorized\">\n<div class=\"push-web-notification__container\">\n<div class=\"push-web-notification__text\"> <span>Deseja receber as not\u00edcias mais importantes em tempo real?<\/span> <span><b>Ative as notifica\u00e7\u00f5es do G1!<\/b><\/span> <\/div>\n<div class=\"push-web-notification__button\"> <button class=\"push-web-notification__button--reject\"> <span>Agora n\u00e3o<label> <\/label><\/span><\/button> <button class=\"push-web-notification__button--accept gui-color-primary-bg\"> <svg xmlns=\"http:\/\/www.w3.org\/2000\/svg\" width=\"13\" height=\"16\" viewbox=\"0 0 13 16\"> <g fill=\"none\" fill-rule=\"evenodd\"> <g fill=\"#FFF\" fill-rule=\"nonzero\"> <g> <g> <g> <g> <path d=\"M6.5 15.844c.894 0 1.625-.731 1.625-1.625h-3.25c0 .894.723 1.625 1.625 1.625zm4.875-4.875V6.906c0-2.494-1.332-4.582-3.656-5.135V1.22C7.719.544 7.174 0 6.5 0S5.281.544 5.281 1.219v.552c-2.332.553-3.656 2.633-3.656 5.135v4.063L0 12.594v.812h13v-.812l-1.625-1.625z\" transform=\"translate(-1103 -854) translate(0 825) translate(1011 17) translate(40 12) translate(52)\"><\/path> <\/g> <\/g> <\/g> <\/g> <\/g> <\/g> <\/svg> <span>Ativar<\/span> <\/button> <\/div>\n<\/p><\/div>\n<\/p><\/div>\n<\/p><\/div>\n<p> <script type=\"application\/ld+json\">\n    { \"articleSection\": [\"G1\",\"SP\",\"Ribeir\u00e3o Preto e Franca\"]}\n<\/script> <script>\n  window.cdaaas = window.cdaaas || {};\n  window.cdaaas.SETTINGS = window.cdaaas.SETTINGS || {};\n  window.cdaaas.SETTINGS.COMMENTS_ALLOW_INTERACTION = 1;\n  window.cdaaas.SETTINGS.COMMENTS_CONFIG = JSON.parse('{\"rolloutSection\":{\"allowed\":true},\"phaseoutSection\":{\"phaseOut\":true},\"config\":{\"root_url\":\"https:\\\/\\\/g1-afiliadas.comentarios.globo.com\",\"cacique_url\":\"https:\\\/\\\/comentarios2-id.globo.com\\\/api\\\/auth\\\/oidc\\\/authorize\\\/g1-affiliated\",\"scripts\":[\"https:\\\/\\\/g1-afiliadas.comentarios.globo.com\\\/assets\\\/js\\\/embed.js\",\"https:\\\/\\\/g1-afiliadas.comentarios.globo.com\\\/assets\\\/js\\\/count.js\"],\"story_mode\":\"COMMENTS\",\"collapsed\":true,\"requireUserAuthentication\":true}}');\n  window.cdaaas.SETTINGS.COMMENTS_CONFIG.SENTRY_DSN = \"https:\/\/957b0b3a18c149f4814f2525021e644f@web.sentry.globoi.com\/786\";\n  window.cdaaas.SETTINGS.COMMENTS_CUSTOM_CSS_URL = \"https:\/\/s3.glbimg.com\/v1\/AUTH_c5dfc0eef7ee40d68bdd0993be881440\/coral-custom-style\/style.css\";\n<\/script> <\/p>\n<div class=\"mc-column comments\">\n<div id=\"boxComentarios\"><\/div>\n<\/p><\/div>\n<div class=\"next-article-sticky\">\n<section class=\"next-article\" id=\"next-article\">\n<div class=\"next-article__image__container desktop-only\"> <img src alt class=\"next-article-image-desktop\"> <\/p>\n<div class=\"next-article__image__container-overlay\"><\/div>\n<\/p><\/div>\n<div class=\"next-article__wrapper\">\n<div class=\"next-article__wrapper-header\">\n<div class=\"next-article__wrapper-header-top\"> <span class=\"next-article__wrapper-header-icon\"><\/span> <span class=\"next-article__wrapper-header-title\"><\/span> <\/div>\n<\/p><\/div>\n<div class=\"next-article__text__container desktop-only\">\n<h3> <a id=\"js-next-article-desktop-link\" class=\"next-article-desktop-link\"><\/a> <\/h3>\n<\/p><\/div>\n<div class=\"next-article__text__container mobile-only\">\n<div class=\"next-article__image__container\"> <img src alt id=\"js-next-article-image\" class=\"next-article-image\"> <\/p>\n<div class=\"next-article__image__container-overlay\"><\/div>\n<\/p><\/div>\n<h3> <a id=\"js-next-article-smart-link\" class=\"next-article-smart-link\"><\/a> <\/h3>\n<\/p><\/div>\n<\/p><\/div>\n<\/section><\/div>\n<div class=\"iframe-qualtrics-overlay\">\n<div class=\"iframe-qualtrics-overlay__iframe-container-qualtrics\"> <button id=\"iframe-qualtrics-overlay__close-modal\" class=\"iframe-qualtrics-overlay__close-modal\"> <span class=\"iframe-qualtrics-overlay__fechar-button-icon\"><\/span> <\/button> <\/div>\n<\/p><\/div>\n<div class=\"shadow-video-flow\" style=\"display: none\" data-reference-video-id>\n<p class=\"shadow-video-flow__header\">Veja tamb\u00e9m<\/p>\n<div class=\"shadow-video-flow__player-container\">\n<div class=\"shadow-video-flow-player\">\n<div class=\"shadow-video-flow-player__video\"><\/div>\n<div class=\"shadow-video-flow-player__placeholder-container\"> <template data-template-name=\"player\"> <\/p>\n<div class=\"shadow-video-flow-player__placeholder\"> <img class=\"shadow-video-flow-player__placeholder-thumb\" loading=\"lazy\" decoding=\"async\"> <\/div>\n<p> <\/template> <\/div>\n<\/p><\/div>\n<\/p><\/div>\n<div class=\"shadow-video-flow__info-container\"> <template data-template-name=\"info\"> <\/p>\n<div class=\"shadow-video-flow-video-info\">\n<p class=\"shadow-video-flow-video-info__category\" data-property-name=\"section\">\n<p class=\"shadow-video-flow-video-info__title\" data-property-name=\"title\">\n<div class=\"shadow-video-flow-video-info__description\">\n<p data-property-name=\"summary\">\n<\/p><\/div>\n<\/p><\/div>\n<p> <\/template> <\/div>\n<div class=\"shadow-video-flow__issued\"> <template data-template-name=\"issued\"> <\/p>\n<p class=\"shadow-video-flow-video-info__issued\" data-property-name=\"publicationDate\">\n<p> <\/template> <\/div>\n<div class=\"shadow-video-flow-navigation\"> <template data-template-name=\"navigation\"> <\/p>\n<div class=\"shadow-video-flow-navigation__button shadow-video-flow-navigation__button-prev theme-border-color-primary-before\"> Anterior <\/div>\n<div class=\"shadow-video-flow-navigation__button shadow-video-flow-navigation__button-next theme-border-color-primary-before\"> Pr\u00f3ximo <span class=\"shadow-video-flow-navigation__next-title\" data-property-name=\"nextItem.content.title\"><\/span> <\/div>\n<p> <\/template> <\/div>\n<\/p><\/div>\n<p> <script>\n  window.SHADOW_VIDEO_FLOW_ENV = 'prod';\n<\/script> <\/p>\n<section class=\"mais-lidas\" id=\"mais-lidas\">\n<div class=\"mais-lidas__wrapper\">\n<header class=\"mais-lidas__header\"> <span class=\"mais-lidas__icon-svg\"><\/span> <\/p>\n<h3 class=\"mais-lidas__header-text\">Mais <span class=\"mais-lidas__bold\"> lidas<\/span><\/h3>\n<\/header>\n<div class=\"mais-lidas__cards\">\n<ol class=\"mais-lidas__cards-list\"> <\/ol>\n<\/p><\/div>\n<\/p><\/div>\n<\/section><\/div>\n<p> <\/main><\/p>\n<!-- CONTENT END 1 -->\n","protected":false},"excerpt":{"rendered":"<p>Regi\u00e3o de Ribeir\u00e3o Preto tem 766 vagas de emprego abertas em 11 cidades nesta segunda-feira (27) H\u00e1 oportunidades para recepcionista de hotel, motorista de \u00f4nibus,&#8230;<\/p>\n","protected":false},"author":1,"featured_media":0,"comment_status":"open","ping_status":"open","sticky":false,"template":"","format":"standard","meta":{"advanced_seo_description":"","jetpack_seo_html_title":"","jetpack_seo_noindex":false,"jetpack_post_was_ever_published":false,"_jetpack_newsletter_access":"","_jetpack_dont_email_post_to_subs":false,"_jetpack_newsletter_tier_id":0,"_jetpack_memberships_contains_paywalled_content":false,"_jetpack_memberships_contains_paid_content":false,"footnotes":"","jetpack_publicize_message":"","jetpack_publicize_feature_enabled":true,"jetpack_social_post_already_shared":true,"jetpack_social_options":{"image_generator_settings":{"template":"highway","default_image_id":0,"font":"","enabled":false},"version":2}},"categories":[7],"tags":[],"class_list":["post-7183","post","type-post","status-publish","format-standard","hentry","category-vagas-de-empregos-em-ribeirao-preto-regiao-brasil"],"jetpack_publicize_connections":[],"jetpack_featured_media_url":"","jetpack-related-posts":[{"id":13953,"url":"https:\/\/noticiasribeiraopreto.com.br\/index.php\/2023\/12\/11\/trabalho-vagas-de-empregos-em-ribeirao-preto-sp\/","url_meta":{"origin":7183,"position":0},"title":"Trabalho: Vagas de empregos em Ribeir\u00e3o Preto-SP","author":"noticiasribeiraopreto.com.br","date":"11 de December de 2023","format":false,"excerpt":"","rel":"","context":"In &quot;Vagas de Emprego em Ribeir\u00e3o Preto-SP&quot;","block_context":{"text":"Vagas de Emprego em Ribeir\u00e3o Preto-SP","link":"https:\/\/noticiasribeiraopreto.com.br\/index.php\/category\/empregos-classificados-vagas-trabalho\/vagas-de-empregos-em-ribeirao-preto-regiao-brasil\/"},"img":{"alt_text":"","src":"https:\/\/i0.wp.com\/noticiasribeiraopreto.com.br\/wp-content\/uploads\/2023\/12\/1702316801_vaga-oportunidades-emprego-ribeirao-31032023181927833.jpeg?fit=1200%2C675&ssl=1&resize=350%2C200","width":350,"height":200,"srcset":"https:\/\/i0.wp.com\/noticiasribeiraopreto.com.br\/wp-content\/uploads\/2023\/12\/1702316801_vaga-oportunidades-emprego-ribeirao-31032023181927833.jpeg?fit=1200%2C675&ssl=1&resize=350%2C200 1x, https:\/\/i0.wp.com\/noticiasribeiraopreto.com.br\/wp-content\/uploads\/2023\/12\/1702316801_vaga-oportunidades-emprego-ribeirao-31032023181927833.jpeg?fit=1200%2C675&ssl=1&resize=525%2C300 1.5x, https:\/\/i0.wp.com\/noticiasribeiraopreto.com.br\/wp-content\/uploads\/2023\/12\/1702316801_vaga-oportunidades-emprego-ribeirao-31032023181927833.jpeg?fit=1200%2C675&ssl=1&resize=700%2C400 2x, https:\/\/i0.wp.com\/noticiasribeiraopreto.com.br\/wp-content\/uploads\/2023\/12\/1702316801_vaga-oportunidades-emprego-ribeirao-31032023181927833.jpeg?fit=1200%2C675&ssl=1&resize=1050%2C600 3x"},"classes":[]},{"id":35567,"url":"https:\/\/noticiasribeiraopreto.com.br\/index.php\/2024\/02\/06\/vagas-de-empregos-na-microset-tecnologia-para-trabalhar-em-ribeirao-preto-sp\/","url_meta":{"origin":7183,"position":1},"title":"Vagas de empregos na Microset Tecnologia  para trabalhar em Ribeir\u00e3o Preto-SP","author":"noticiasribeiraopreto.com.br","date":"6 de February de 2024","format":false,"excerpt":"Analista Administrativo Ribeir\u00e3o Preto - SPEfetivo Analista de Neg\u00f3ciosRibeir\u00e3o Preto - SPEfetivo Assistente de Service Desk Ribeir\u00e3o Preto - SPEfetivo T\u00e9cnico de Inform\u00e1tica Ribeir\u00e3o Preto - SPEfetivo","rel":"","context":"In &quot;Vagas de Emprego em Ribeir\u00e3o Preto-SP&quot;","block_context":{"text":"Vagas de Emprego em Ribeir\u00e3o Preto-SP","link":"https:\/\/noticiasribeiraopreto.com.br\/index.php\/category\/empregos-classificados-vagas-trabalho\/vagas-de-empregos-em-ribeirao-preto-regiao-brasil\/"},"img":{"alt_text":"","src":"https:\/\/i0.wp.com\/noticiasribeiraopreto.com.br\/wp-content\/uploads\/2024\/02\/2023-03-15_13-45_bannerUrl.png?fit=1080%2C327&ssl=1&resize=350%2C200","width":350,"height":200,"srcset":"https:\/\/i0.wp.com\/noticiasribeiraopreto.com.br\/wp-content\/uploads\/2024\/02\/2023-03-15_13-45_bannerUrl.png?fit=1080%2C327&ssl=1&resize=350%2C200 1x, https:\/\/i0.wp.com\/noticiasribeiraopreto.com.br\/wp-content\/uploads\/2024\/02\/2023-03-15_13-45_bannerUrl.png?fit=1080%2C327&ssl=1&resize=525%2C300 1.5x, https:\/\/i0.wp.com\/noticiasribeiraopreto.com.br\/wp-content\/uploads\/2024\/02\/2023-03-15_13-45_bannerUrl.png?fit=1080%2C327&ssl=1&resize=700%2C400 2x, https:\/\/i0.wp.com\/noticiasribeiraopreto.com.br\/wp-content\/uploads\/2024\/02\/2023-03-15_13-45_bannerUrl.png?fit=1080%2C327&ssl=1&resize=1050%2C600 3x"},"classes":[]},{"id":12729,"url":"https:\/\/noticiasribeiraopreto.com.br\/index.php\/2023\/12\/08\/vagas-de-empregos-para-trabalhar-em-ribeirao-preto-sp-ou-qualquer-lugar-do-brasil-vagas-home-office-ems-2\/","url_meta":{"origin":7183,"position":2},"title":"Vagas de empregos para trabalhar em Ribeir\u00e3o Preto-SP ou qualquer lugar do Brasil (vagas home office EMS)","author":"noticiasribeiraopreto.com.br","date":"8 de December de 2023","format":false,"excerpt":"1 vaga para Auxiliar de Refrigera\u00e7\u00e3o em Andradina - SPh\u00e1 22 horas 1 vaga para T\u00e9cnico de Refrigera\u00e7\u00e3o em Andradina - SPh\u00e1 22 horas Vaga para Estagi\u00e1rio Marketing Estrat\u00e9gico em Ribeir\u00e3o Preto Vaga para Estagi\u00e1rio em Com\u00e9rcio Exterior em Ribeir\u00e3o Preto Vaga para Auxiliar de Dep\u00f3sito (tempor\u00e1rio) em Ribeir\u00e3o Preto\u2026","rel":"","context":"In &quot;Vagas de Emprego em Ribeir\u00e3o Preto-SP&quot;","block_context":{"text":"Vagas de Emprego em Ribeir\u00e3o Preto-SP","link":"https:\/\/noticiasribeiraopreto.com.br\/index.php\/category\/empregos-classificados-vagas-trabalho\/vagas-de-empregos-em-ribeirao-preto-regiao-brasil\/"},"img":{"alt_text":"","src":"https:\/\/i0.wp.com\/noticiasribeiraopreto.com.br\/wp-content\/uploads\/2023\/12\/1702053735_ems.jpg?fit=1200%2C675&ssl=1&resize=350%2C200","width":350,"height":200,"srcset":"https:\/\/i0.wp.com\/noticiasribeiraopreto.com.br\/wp-content\/uploads\/2023\/12\/1702053735_ems.jpg?fit=1200%2C675&ssl=1&resize=350%2C200 1x, https:\/\/i0.wp.com\/noticiasribeiraopreto.com.br\/wp-content\/uploads\/2023\/12\/1702053735_ems.jpg?fit=1200%2C675&ssl=1&resize=525%2C300 1.5x, https:\/\/i0.wp.com\/noticiasribeiraopreto.com.br\/wp-content\/uploads\/2023\/12\/1702053735_ems.jpg?fit=1200%2C675&ssl=1&resize=700%2C400 2x, https:\/\/i0.wp.com\/noticiasribeiraopreto.com.br\/wp-content\/uploads\/2023\/12\/1702053735_ems.jpg?fit=1200%2C675&ssl=1&resize=1050%2C600 3x"},"classes":[]},{"id":47078,"url":"https:\/\/noticiasribeiraopreto.com.br\/index.php\/2024\/04\/22\/veja-agora-mais-vagas-de-empregos-em-ribeirao-preto-sp\/","url_meta":{"origin":7183,"position":3},"title":"Veja agora mais vagas de empregos em Ribeir\u00e3o Preto-SP","author":"noticiasribeiraopreto.com.br","date":"22 de April de 2024","format":false,"excerpt":"","rel":"","context":"In &quot;Vagas de Emprego em Ribeir\u00e3o Preto-SP&quot;","block_context":{"text":"Vagas de Emprego em Ribeir\u00e3o Preto-SP","link":"https:\/\/noticiasribeiraopreto.com.br\/index.php\/category\/empregos-classificados-vagas-trabalho\/vagas-de-empregos-em-ribeirao-preto-regiao-brasil\/"},"img":{"alt_text":"","src":"https:\/\/i0.wp.com\/noticiasribeiraopreto.com.br\/wp-content\/uploads\/2024\/04\/vaga-oportunidades-emprego-ribeirao-31032023181927833.jpeg?fit=1200%2C675&ssl=1&resize=350%2C200","width":350,"height":200,"srcset":"https:\/\/i0.wp.com\/noticiasribeiraopreto.com.br\/wp-content\/uploads\/2024\/04\/vaga-oportunidades-emprego-ribeirao-31032023181927833.jpeg?fit=1200%2C675&ssl=1&resize=350%2C200 1x, https:\/\/i0.wp.com\/noticiasribeiraopreto.com.br\/wp-content\/uploads\/2024\/04\/vaga-oportunidades-emprego-ribeirao-31032023181927833.jpeg?fit=1200%2C675&ssl=1&resize=525%2C300 1.5x, https:\/\/i0.wp.com\/noticiasribeiraopreto.com.br\/wp-content\/uploads\/2024\/04\/vaga-oportunidades-emprego-ribeirao-31032023181927833.jpeg?fit=1200%2C675&ssl=1&resize=700%2C400 2x, https:\/\/i0.wp.com\/noticiasribeiraopreto.com.br\/wp-content\/uploads\/2024\/04\/vaga-oportunidades-emprego-ribeirao-31032023181927833.jpeg?fit=1200%2C675&ssl=1&resize=1050%2C600 3x"},"classes":[]},{"id":44868,"url":"https:\/\/noticiasribeiraopreto.com.br\/index.php\/2024\/03\/31\/vagas-de-empregos-na-microset-tecnologia-para-trabalhar-em-ribeirao-preto-sp-5\/","url_meta":{"origin":7183,"position":4},"title":"Vagas de empregos na Microset Tecnologia  para trabalhar em Ribeir\u00e3o Preto-SP","author":"noticiasribeiraopreto.com.br","date":"31 de March de 2024","format":false,"excerpt":"Analista Administrativo Ribeir\u00e3o Preto - SPEfetivo Assistente de Service Desk Ribeir\u00e3o Preto - SPEfetivo Auxiliar de RH \/ DPRibeir\u00e3o Preto - SPEfetivo Gerente de Neg\u00f3cios Ribeir\u00e3o Preto - SPEfetivo Microset Tecnologia Analista Administrativo Ribeir\u00e3o Preto - SPEfetivo V\u00eddeos","rel":"","context":"In &quot;Vagas de Emprego em Ribeir\u00e3o Preto-SP&quot;","block_context":{"text":"Vagas de Emprego em Ribeir\u00e3o Preto-SP","link":"https:\/\/noticiasribeiraopreto.com.br\/index.php\/category\/empregos-classificados-vagas-trabalho\/vagas-de-empregos-em-ribeirao-preto-regiao-brasil\/"},"img":{"alt_text":"","src":"https:\/\/i0.wp.com\/noticiasribeiraopreto.com.br\/wp-content\/uploads\/2024\/03\/1711924536_2023-03-15_13-45_bannerUrl.png?fit=1080%2C327&ssl=1&resize=350%2C200","width":350,"height":200,"srcset":"https:\/\/i0.wp.com\/noticiasribeiraopreto.com.br\/wp-content\/uploads\/2024\/03\/1711924536_2023-03-15_13-45_bannerUrl.png?fit=1080%2C327&ssl=1&resize=350%2C200 1x, https:\/\/i0.wp.com\/noticiasribeiraopreto.com.br\/wp-content\/uploads\/2024\/03\/1711924536_2023-03-15_13-45_bannerUrl.png?fit=1080%2C327&ssl=1&resize=525%2C300 1.5x, https:\/\/i0.wp.com\/noticiasribeiraopreto.com.br\/wp-content\/uploads\/2024\/03\/1711924536_2023-03-15_13-45_bannerUrl.png?fit=1080%2C327&ssl=1&resize=700%2C400 2x, https:\/\/i0.wp.com\/noticiasribeiraopreto.com.br\/wp-content\/uploads\/2024\/03\/1711924536_2023-03-15_13-45_bannerUrl.png?fit=1080%2C327&ssl=1&resize=1050%2C600 3x"},"classes":[]},{"id":35569,"url":"https:\/\/noticiasribeiraopreto.com.br\/index.php\/2024\/02\/06\/vagas-de-empregos-na-microset-tecnologia-para-trabalhar-em-ribeirao-preto-sp-2\/","url_meta":{"origin":7183,"position":5},"title":"Vagas de empregos na Microset Tecnologia  para trabalhar em Ribeir\u00e3o Preto-SP","author":"noticiasribeiraopreto.com.br","date":"6 de February de 2024","format":false,"excerpt":"Analista Administrativo Ribeir\u00e3o Preto - SPEfetivo Analista de Neg\u00f3ciosRibeir\u00e3o Preto - SPEfetivo Assistente de Service Desk Ribeir\u00e3o Preto - SPEfetivo T\u00e9cnico de Inform\u00e1tica Ribeir\u00e3o Preto - SPEfetivo Microset Tecnologia Analista Administrativo Ribeir\u00e3o Preto - SPEfetivo","rel":"","context":"In &quot;Vagas de Emprego em Ribeir\u00e3o Preto-SP&quot;","block_context":{"text":"Vagas de Emprego em Ribeir\u00e3o Preto-SP","link":"https:\/\/noticiasribeiraopreto.com.br\/index.php\/category\/empregos-classificados-vagas-trabalho\/vagas-de-empregos-em-ribeirao-preto-regiao-brasil\/"},"img":{"alt_text":"","src":"https:\/\/i0.wp.com\/noticiasribeiraopreto.com.br\/wp-content\/uploads\/2024\/02\/1707257772_2023-03-15_13-45_bannerUrl.png?fit=1080%2C327&ssl=1&resize=350%2C200","width":350,"height":200,"srcset":"https:\/\/i0.wp.com\/noticiasribeiraopreto.com.br\/wp-content\/uploads\/2024\/02\/1707257772_2023-03-15_13-45_bannerUrl.png?fit=1080%2C327&ssl=1&resize=350%2C200 1x, https:\/\/i0.wp.com\/noticiasribeiraopreto.com.br\/wp-content\/uploads\/2024\/02\/1707257772_2023-03-15_13-45_bannerUrl.png?fit=1080%2C327&ssl=1&resize=525%2C300 1.5x, https:\/\/i0.wp.com\/noticiasribeiraopreto.com.br\/wp-content\/uploads\/2024\/02\/1707257772_2023-03-15_13-45_bannerUrl.png?fit=1080%2C327&ssl=1&resize=700%2C400 2x, https:\/\/i0.wp.com\/noticiasribeiraopreto.com.br\/wp-content\/uploads\/2024\/02\/1707257772_2023-03-15_13-45_bannerUrl.png?fit=1080%2C327&ssl=1&resize=1050%2C600 3x"},"classes":[]}],"jetpack_sharing_enabled":true,"jetpack_shortlink":"https:\/\/wp.me\/peQAOb-1RR","_links":{"self":[{"href":"https:\/\/noticiasribeiraopreto.com.br\/index.php\/wp-json\/wp\/v2\/posts\/7183","targetHints":{"allow":["GET"]}}],"collection":[{"href":"https:\/\/noticiasribeiraopreto.com.br\/index.php\/wp-json\/wp\/v2\/posts"}],"about":[{"href":"https:\/\/noticiasribeiraopreto.com.br\/index.php\/wp-json\/wp\/v2\/types\/post"}],"author":[{"embeddable":true,"href":"https:\/\/noticiasribeiraopreto.com.br\/index.php\/wp-json\/wp\/v2\/users\/1"}],"replies":[{"embeddable":true,"href":"https:\/\/noticiasribeiraopreto.com.br\/index.php\/wp-json\/wp\/v2\/comments?post=7183"}],"version-history":[{"count":1,"href":"https:\/\/noticiasribeiraopreto.com.br\/index.php\/wp-json\/wp\/v2\/posts\/7183\/revisions"}],"predecessor-version":[{"id":7187,"href":"https:\/\/noticiasribeiraopreto.com.br\/index.php\/wp-json\/wp\/v2\/posts\/7183\/revisions\/7187"}],"wp:attachment":[{"href":"https:\/\/noticiasribeiraopreto.com.br\/index.php\/wp-json\/wp\/v2\/media?parent=7183"}],"wp:term":[{"taxonomy":"category","embeddable":true,"href":"https:\/\/noticiasribeiraopreto.com.br\/index.php\/wp-json\/wp\/v2\/categories?post=7183"},{"taxonomy":"post_tag","embeddable":true,"href":"https:\/\/noticiasribeiraopreto.com.br\/index.php\/wp-json\/wp\/v2\/tags?post=7183"}],"curies":[{"name":"wp","href":"https:\/\/api.w.org\/{rel}","templated":true}]}}