{"id":71832,"date":"2025-06-10T15:22:52","date_gmt":"2025-06-10T18:22:52","guid":{"rendered":"https:\/\/noticiasribeiraopreto.com.br\/index.php\/2025\/06\/10\/jovem-e-baleado-durante-operacao-do-baep-na-zona-norte-de-ribeirao-preto\/"},"modified":"2025-06-10T15:22:52","modified_gmt":"2025-06-10T18:22:52","slug":"jovem-e-baleado-durante-operacao-do-baep-na-zona-norte-de-ribeirao-preto","status":"publish","type":"post","link":"https:\/\/noticiasribeiraopreto.com.br\/index.php\/2025\/06\/10\/jovem-e-baleado-durante-operacao-do-baep-na-zona-norte-de-ribeirao-preto\/","title":{"rendered":"Jovem \u00e9 baleado durante opera\u00e7\u00e3o do Baep na zona Norte de Ribeir\u00e3o Preto"},"content":{"rendered":"<p> <br \/>\n<\/p>\n<div data-td-block-uid=\"tdi_95\">\n<div class=\"tdb-block-inner td-fix-index\">\n<p><strong>Um jovem de 19 anos foi baleado na manh\u00e3 desta ter\u00e7a-feira (10), durante uma opera\u00e7\u00e3o do 11\u00ba Baep (Batalh\u00e3o de A\u00e7\u00f5es Especiais de Pol\u00edcia) contra o tr\u00e1fico de drogas, no bairro Adelino Simioni, zona Norte de Ribeir\u00e3o Preto.<\/strong><\/p>\n<p>Segundo as primeiras informa\u00e7\u00f5es, a a\u00e7\u00e3o envolvia uma equipe do Canil do Baep pr\u00f3ximo a um campo de futebol, no cruzamento das ruas Jos\u00e9 Monteiro e Stela Verg\u00ednio dos Santos Simionato.<\/p>\n<p>Ainda conforme as informa\u00e7\u00f5es, o jovem teria sido atingido na regi\u00e3o do quadril e foi socorrido pelo Samu ao Hospital das Cl\u00ednicas \u2013 Unidade de Emerg\u00eancia (HC-UE).<\/p>\n<p>As circunst\u00e2ncias ainda n\u00e3o foram divulgadas.<\/p>\n<p><!-- CONTENT END 2 -->\n<\/div>\n<\/div>\n<p><br \/>\n<br \/><a href=\"https:\/\/www.acidadeon.com\/ribeiraopreto\/cotidiano\/jovem-e-baleado-durante-operacao-do-baep-na-zona-norte-de-ribeirao-preto\/\">Source link <\/a><\/p>\n","protected":false},"excerpt":{"rendered":"<p>Um jovem de 19 anos foi baleado na manh\u00e3 desta ter\u00e7a-feira (10), durante uma opera\u00e7\u00e3o do 11\u00ba Baep (Batalh\u00e3o de A\u00e7\u00f5es Especiais de Pol\u00edcia) contra&#8230;<\/p>\n","protected":false},"author":1,"featured_media":71833,"comment_status":"open","ping_status":"open","sticky":false,"template":"","format":"standard","meta":{"advanced_seo_description":"","jetpack_seo_html_title":"","jetpack_seo_noindex":false,"jetpack_post_was_ever_published":false,"_jetpack_newsletter_access":"","_jetpack_dont_email_post_to_subs":false,"_jetpack_newsletter_tier_id":0,"_jetpack_memberships_contains_paywalled_content":false,"_jetpack_memberships_contains_paid_content":false,"footnotes":"","jetpack_publicize_message":"","jetpack_publicize_feature_enabled":true,"jetpack_social_post_already_shared":true,"jetpack_social_options":{"image_generator_settings":{"template":"highway","default_image_id":0,"font":"","enabled":false},"version":2}},"categories":[11],"tags":[],"class_list":["post-71832","post","type-post","status-publish","format-standard","has-post-thumbnail","hentry","category-noticias-de-ribeirao-preto-sp-e-regiao-ismael-colosi"],"jetpack_publicize_connections":[],"jetpack_featured_media_url":"https:\/\/i0.wp.com\/noticiasribeiraopreto.com.br\/wp-content\/uploads\/2025\/06\/BAEP_2025-06-10_15-31-20.webp.webp?fit=1200%2C982&ssl=1","jetpack-related-posts":[{"id":71810,"url":"https:\/\/noticiasribeiraopreto.com.br\/index.php\/2025\/06\/10\/jovem-e-baleado-em-operacao-do-baep-contra-o-trafico-de-drogas\/","url_meta":{"origin":71832,"position":0},"title":"Jovem \u00e9 baleado em opera\u00e7\u00e3o do BAEP contra o tr\u00e1fico de drogas","author":"noticiasribeiraopreto.com.br","date":"10 de June de 2025","format":false,"excerpt":"10 de junho de 2025 13:575 Compartilhar0 Um jovem de 19 anos foi baleado na manh\u00e3 desta ter\u00e7a-feira (10) durante uma a\u00e7\u00e3o do 11\u00ba Batalh\u00e3o de A\u00e7\u00f5es Especiais de Pol\u00edcia (BAEP), no bairro Adelino Simioni, zona Norte de Ribeir\u00e3o Preto. A opera\u00e7\u00e3o tinha como alvo o combate ao tr\u00e1fico de\u2026","rel":"","context":"In &quot;Not\u00edcias de Ribeir\u00e3o Preto-SP e Regi\u00e3o&quot;","block_context":{"text":"Not\u00edcias de Ribeir\u00e3o Preto-SP e Regi\u00e3o","link":"https:\/\/noticiasribeiraopreto.com.br\/index.php\/category\/noticias-de-ribeirao-preto-sp-e-regiao-ismael-colosi\/"},"img":{"alt_text":"","src":"https:\/\/i0.wp.com\/noticiasribeiraopreto.com.br\/wp-content\/uploads\/2025\/06\/baep_simioni-scaled.jpeg?fit=800%2C450&ssl=1&resize=350%2C200","width":350,"height":200,"srcset":"https:\/\/i0.wp.com\/noticiasribeiraopreto.com.br\/wp-content\/uploads\/2025\/06\/baep_simioni-scaled.jpeg?fit=800%2C450&ssl=1&resize=350%2C200 1x, https:\/\/i0.wp.com\/noticiasribeiraopreto.com.br\/wp-content\/uploads\/2025\/06\/baep_simioni-scaled.jpeg?fit=800%2C450&ssl=1&resize=525%2C300 1.5x, https:\/\/i0.wp.com\/noticiasribeiraopreto.com.br\/wp-content\/uploads\/2025\/06\/baep_simioni-scaled.jpeg?fit=800%2C450&ssl=1&resize=700%2C400 2x"},"classes":[]},{"id":71863,"url":"https:\/\/noticiasribeiraopreto.com.br\/index.php\/2025\/06\/10\/jovem-baleado-durante-operacao-em-ribeirao-tentou-sacar-arma-antes-de-ser-atingido-diz-pm\/","url_meta":{"origin":71832,"position":1},"title":"Jovem baleado durante opera\u00e7\u00e3o em Ribeir\u00e3o tentou sacar arma antes de ser atingido, diz PM","author":"noticiasribeiraopreto.com.br","date":"10 de June de 2025","format":false,"excerpt":"Durante uma opera\u00e7\u00e3o do 11\u00ba Batalh\u00e3o de A\u00e7\u00f5es Especiais de Pol\u00edcia (Baep) na manh\u00e3 desta ter\u00e7a-feira (10), policiais balearam um jovem de 19 anos ap\u00f3s ele tentar sacar uma arma de fogo durante uma abordagem na comunidade M\u00e1rio Covas, na zona Norte de Ribeir\u00e3o Preto. A a\u00e7\u00e3o aconteceu nas proximidades\u2026","rel":"","context":"In &quot;Not\u00edcias de Ribeir\u00e3o Preto-SP e Regi\u00e3o&quot;","block_context":{"text":"Not\u00edcias de Ribeir\u00e3o Preto-SP e Regi\u00e3o","link":"https:\/\/noticiasribeiraopreto.com.br\/index.php\/category\/noticias-de-ribeirao-preto-sp-e-regiao-ismael-colosi\/"},"img":{"alt_text":"","src":"https:\/\/i0.wp.com\/noticiasribeiraopreto.com.br\/wp-content\/uploads\/2025\/06\/Copia-de-Copia-de-Copia-de-TAMANHO-EXATO-PARA-FOTOS-NO-SISTEMA-NOVO-2025-06-10T180847.817_2025-06-10_21-09-04.webp.webp?fit=1200%2C675&ssl=1&resize=350%2C200","width":350,"height":200,"srcset":"https:\/\/i0.wp.com\/noticiasribeiraopreto.com.br\/wp-content\/uploads\/2025\/06\/Copia-de-Copia-de-Copia-de-TAMANHO-EXATO-PARA-FOTOS-NO-SISTEMA-NOVO-2025-06-10T180847.817_2025-06-10_21-09-04.webp.webp?fit=1200%2C675&ssl=1&resize=350%2C200 1x, https:\/\/i0.wp.com\/noticiasribeiraopreto.com.br\/wp-content\/uploads\/2025\/06\/Copia-de-Copia-de-Copia-de-TAMANHO-EXATO-PARA-FOTOS-NO-SISTEMA-NOVO-2025-06-10T180847.817_2025-06-10_21-09-04.webp.webp?fit=1200%2C675&ssl=1&resize=525%2C300 1.5x, https:\/\/i0.wp.com\/noticiasribeiraopreto.com.br\/wp-content\/uploads\/2025\/06\/Copia-de-Copia-de-Copia-de-TAMANHO-EXATO-PARA-FOTOS-NO-SISTEMA-NOVO-2025-06-10T180847.817_2025-06-10_21-09-04.webp.webp?fit=1200%2C675&ssl=1&resize=700%2C400 2x, https:\/\/i0.wp.com\/noticiasribeiraopreto.com.br\/wp-content\/uploads\/2025\/06\/Copia-de-Copia-de-Copia-de-TAMANHO-EXATO-PARA-FOTOS-NO-SISTEMA-NOVO-2025-06-10T180847.817_2025-06-10_21-09-04.webp.webp?fit=1200%2C675&ssl=1&resize=1050%2C600 3x"},"classes":[]},{"id":77673,"url":"https:\/\/noticiasribeiraopreto.com.br\/index.php\/2025\/09\/23\/homem-morre-apos-reagir-a-abordagem-do-baep-em-ribeirao-diz-delegado\/","url_meta":{"origin":71832,"position":2},"title":"Homem morre ap\u00f3s reagir a abordagem do BAEP em Ribeir\u00e3o, diz delegado","author":"noticiasribeiraopreto.com.br","date":"23 de September de 2025","format":false,"excerpt":"Um homem de 58 anos morreu ap\u00f3s ser baleado por agentes do BAEP (Batalh\u00e3o de A\u00e7\u00f5es Especiais de Pol\u00edcia), durante uma abordagem no Jardim Heitor Rigon, zona Norte de Ribeir\u00e3o Preto, na tarde desta ter\u00e7a-feira (23). De acordo com as informa\u00e7\u00f5es, o suspeito teria reagido a uma abordagem do BAEP\u2026","rel":"","context":"In &quot;Not\u00edcias de Ribeir\u00e3o Preto-SP e Regi\u00e3o&quot;","block_context":{"text":"Not\u00edcias de Ribeir\u00e3o Preto-SP e Regi\u00e3o","link":"https:\/\/noticiasribeiraopreto.com.br\/index.php\/category\/noticias-de-ribeirao-preto-sp-e-regiao-ismael-colosi\/"},"img":{"alt_text":"","src":"https:\/\/i0.wp.com\/noticiasribeiraopreto.com.br\/wp-content\/uploads\/2025\/09\/Copia-de-Copia-de-Copia-de-TAMANHO-EXATO-PARA-FOTOS-NO-SISTEMA-NOVO-2025-09-23T182916.226_2025-09-23_21-30-45.webp.webp?fit=1200%2C675&ssl=1&resize=350%2C200","width":350,"height":200,"srcset":"https:\/\/i0.wp.com\/noticiasribeiraopreto.com.br\/wp-content\/uploads\/2025\/09\/Copia-de-Copia-de-Copia-de-TAMANHO-EXATO-PARA-FOTOS-NO-SISTEMA-NOVO-2025-09-23T182916.226_2025-09-23_21-30-45.webp.webp?fit=1200%2C675&ssl=1&resize=350%2C200 1x, https:\/\/i0.wp.com\/noticiasribeiraopreto.com.br\/wp-content\/uploads\/2025\/09\/Copia-de-Copia-de-Copia-de-TAMANHO-EXATO-PARA-FOTOS-NO-SISTEMA-NOVO-2025-09-23T182916.226_2025-09-23_21-30-45.webp.webp?fit=1200%2C675&ssl=1&resize=525%2C300 1.5x, https:\/\/i0.wp.com\/noticiasribeiraopreto.com.br\/wp-content\/uploads\/2025\/09\/Copia-de-Copia-de-Copia-de-TAMANHO-EXATO-PARA-FOTOS-NO-SISTEMA-NOVO-2025-09-23T182916.226_2025-09-23_21-30-45.webp.webp?fit=1200%2C675&ssl=1&resize=700%2C400 2x, https:\/\/i0.wp.com\/noticiasribeiraopreto.com.br\/wp-content\/uploads\/2025\/09\/Copia-de-Copia-de-Copia-de-TAMANHO-EXATO-PARA-FOTOS-NO-SISTEMA-NOVO-2025-09-23T182916.226_2025-09-23_21-30-45.webp.webp?fit=1200%2C675&ssl=1&resize=1050%2C600 3x"},"classes":[]},{"id":827,"url":"https:\/\/noticiasribeiraopreto.com.br\/index.php\/2023\/11\/09\/larapio-e-baleado-na-testa-durante-fuga-apos-roubo-em-ribeirao-preto-x-tudo-ribeirao\/","url_meta":{"origin":71832,"position":3},"title":"Lar\u00e1pio \u00e9 baleado na testa durante fuga ap\u00f3s roubo em Ribeir\u00e3o Preto \u2013 X Tudo Ribeir\u00e3o","author":"noticiasribeiraopreto.com.br","date":"9 de November de 2023","format":false,"excerpt":"Um lar\u00e1pio se deu mal e foi baleado na rua Romano Cor\u00f3, ap\u00f3s roubar um carro na tarde deste s\u00e1bado (4\/11), no bairro Campos El\u00edseos, na zona Norte de Ribeir\u00e3o Preto. Segundo informa\u00e7\u00f5es da Pol\u00edcia Militar, por volta das 13h deste s\u00e1bado, tr\u00eas bandidos armados invadiram uma empresa situada na\u2026","rel":"","context":"In &quot;Not\u00edcias de Ribeir\u00e3o Preto-SP e Regi\u00e3o&quot;","block_context":{"text":"Not\u00edcias de Ribeir\u00e3o Preto-SP e Regi\u00e3o","link":"https:\/\/noticiasribeiraopreto.com.br\/index.php\/category\/noticias-de-ribeirao-preto-sp-e-regiao-ismael-colosi\/"},"img":{"alt_text":"","src":"https:\/\/i0.wp.com\/noticiasribeiraopreto.com.br\/wp-content\/uploads\/2023\/11\/79f53c00-e8b8-441c-886a-85e7e254b144.jpeg?fit=1200%2C883&ssl=1&resize=350%2C200","width":350,"height":200,"srcset":"https:\/\/i0.wp.com\/noticiasribeiraopreto.com.br\/wp-content\/uploads\/2023\/11\/79f53c00-e8b8-441c-886a-85e7e254b144.jpeg?fit=1200%2C883&ssl=1&resize=350%2C200 1x, https:\/\/i0.wp.com\/noticiasribeiraopreto.com.br\/wp-content\/uploads\/2023\/11\/79f53c00-e8b8-441c-886a-85e7e254b144.jpeg?fit=1200%2C883&ssl=1&resize=525%2C300 1.5x, https:\/\/i0.wp.com\/noticiasribeiraopreto.com.br\/wp-content\/uploads\/2023\/11\/79f53c00-e8b8-441c-886a-85e7e254b144.jpeg?fit=1200%2C883&ssl=1&resize=700%2C400 2x, https:\/\/i0.wp.com\/noticiasribeiraopreto.com.br\/wp-content\/uploads\/2023\/11\/79f53c00-e8b8-441c-886a-85e7e254b144.jpeg?fit=1200%2C883&ssl=1&resize=1050%2C600 3x"},"classes":[]},{"id":34326,"url":"https:\/\/noticiasribeiraopreto.com.br\/index.php\/2024\/02\/01\/utm_sourcerssutm_mediumrssutm_campaignbaep-prende-traficante-no-quintino-facci-ii\/","url_meta":{"origin":71832,"position":4},"title":"BAEP prende traficante no Quintino Facci II \u2013 X Tudo Ribeir\u00e3o","author":"noticiasribeiraopreto.com.br","date":"1 de February de 2024","format":false,"excerpt":"Um traficante foi preso com uma sacola de drogas pela equipe do 11\u00ba BAEP (Batalh\u00e3o de A\u00e7\u00f5es Especiais de Pol\u00edcia), no bairro Quintino Facci II, na zona Norte de Ribeir\u00e3o Preto Segundo informa\u00e7\u00f5es da Pol\u00edcia, durante o patrulhamento ostensivo pela regi\u00e3o, os PMs depararam com acusado com uma sacola nas\u2026","rel":"","context":"In &quot;Not\u00edcias de Ribeir\u00e3o Preto-SP e Regi\u00e3o&quot;","block_context":{"text":"Not\u00edcias de Ribeir\u00e3o Preto-SP e Regi\u00e3o","link":"https:\/\/noticiasribeiraopreto.com.br\/index.php\/category\/noticias-de-ribeirao-preto-sp-e-regiao-ismael-colosi\/"},"img":{"alt_text":"","src":"https:\/\/i0.wp.com\/noticiasribeiraopreto.com.br\/wp-content\/uploads\/2024\/02\/00-01-fev-2024-apreensao-baep-foto-divulgacao-1024x768-1.jpg?fit=1024%2C768&ssl=1&resize=350%2C200","width":350,"height":200,"srcset":"https:\/\/i0.wp.com\/noticiasribeiraopreto.com.br\/wp-content\/uploads\/2024\/02\/00-01-fev-2024-apreensao-baep-foto-divulgacao-1024x768-1.jpg?fit=1024%2C768&ssl=1&resize=350%2C200 1x, https:\/\/i0.wp.com\/noticiasribeiraopreto.com.br\/wp-content\/uploads\/2024\/02\/00-01-fev-2024-apreensao-baep-foto-divulgacao-1024x768-1.jpg?fit=1024%2C768&ssl=1&resize=525%2C300 1.5x, https:\/\/i0.wp.com\/noticiasribeiraopreto.com.br\/wp-content\/uploads\/2024\/02\/00-01-fev-2024-apreensao-baep-foto-divulgacao-1024x768-1.jpg?fit=1024%2C768&ssl=1&resize=700%2C400 2x"},"classes":[]},{"id":73588,"url":"https:\/\/noticiasribeiraopreto.com.br\/index.php\/2025\/07\/05\/baep-apreende-95-kg-de-crack-e-prende-homem-na-zona-norte-de-ribeirao-preto-video\/","url_meta":{"origin":71832,"position":5},"title":"Baep apreende 95 kg de crack e prende homem na zona Norte de Ribeir\u00e3o Preto; V\u00eddeo","author":"noticiasribeiraopreto.com.br","date":"5 de July de 2025","format":false,"excerpt":"O Baep (Batalh\u00e3o de A\u00e7\u00f5es Especiais de Pol\u00edcia) apreendeu 95 quilos de crack e prendeu um homem na madrugada deste s\u00e1bado (5), no bairro Quintino Facci II, zona Norte de Ribeir\u00e3o Preto. Segundo a pol\u00edcia, ap\u00f3s den\u00fancia, o homem foi encontrado nos fundos de um bar de sua propriedade. A\u2026","rel":"","context":"In &quot;Not\u00edcias de Ribeir\u00e3o Preto-SP e Regi\u00e3o&quot;","block_context":{"text":"Not\u00edcias de Ribeir\u00e3o Preto-SP e Regi\u00e3o","link":"https:\/\/noticiasribeiraopreto.com.br\/index.php\/category\/noticias-de-ribeirao-preto-sp-e-regiao-ismael-colosi\/"},"img":{"alt_text":"","src":"https:\/\/i0.wp.com\/noticiasribeiraopreto.com.br\/wp-content\/uploads\/2025\/07\/DROGAS_2025-07-05_12-53-45.webp.webp?fit=1200%2C712&ssl=1&resize=350%2C200","width":350,"height":200,"srcset":"https:\/\/i0.wp.com\/noticiasribeiraopreto.com.br\/wp-content\/uploads\/2025\/07\/DROGAS_2025-07-05_12-53-45.webp.webp?fit=1200%2C712&ssl=1&resize=350%2C200 1x, https:\/\/i0.wp.com\/noticiasribeiraopreto.com.br\/wp-content\/uploads\/2025\/07\/DROGAS_2025-07-05_12-53-45.webp.webp?fit=1200%2C712&ssl=1&resize=525%2C300 1.5x, https:\/\/i0.wp.com\/noticiasribeiraopreto.com.br\/wp-content\/uploads\/2025\/07\/DROGAS_2025-07-05_12-53-45.webp.webp?fit=1200%2C712&ssl=1&resize=700%2C400 2x, https:\/\/i0.wp.com\/noticiasribeiraopreto.com.br\/wp-content\/uploads\/2025\/07\/DROGAS_2025-07-05_12-53-45.webp.webp?fit=1200%2C712&ssl=1&resize=1050%2C600 3x"},"classes":[]}],"jetpack_sharing_enabled":true,"jetpack_shortlink":"https:\/\/wp.me\/peQAOb-iGA","_links":{"self":[{"href":"https:\/\/noticiasribeiraopreto.com.br\/index.php\/wp-json\/wp\/v2\/posts\/71832","targetHints":{"allow":["GET"]}}],"collection":[{"href":"https:\/\/noticiasribeiraopreto.com.br\/index.php\/wp-json\/wp\/v2\/posts"}],"about":[{"href":"https:\/\/noticiasribeiraopreto.com.br\/index.php\/wp-json\/wp\/v2\/types\/post"}],"author":[{"embeddable":true,"href":"https:\/\/noticiasribeiraopreto.com.br\/index.php\/wp-json\/wp\/v2\/users\/1"}],"replies":[{"embeddable":true,"href":"https:\/\/noticiasribeiraopreto.com.br\/index.php\/wp-json\/wp\/v2\/comments?post=71832"}],"version-history":[{"count":0,"href":"https:\/\/noticiasribeiraopreto.com.br\/index.php\/wp-json\/wp\/v2\/posts\/71832\/revisions"}],"wp:featuredmedia":[{"embeddable":true,"href":"https:\/\/noticiasribeiraopreto.com.br\/index.php\/wp-json\/wp\/v2\/media\/71833"}],"wp:attachment":[{"href":"https:\/\/noticiasribeiraopreto.com.br\/index.php\/wp-json\/wp\/v2\/media?parent=71832"}],"wp:term":[{"taxonomy":"category","embeddable":true,"href":"https:\/\/noticiasribeiraopreto.com.br\/index.php\/wp-json\/wp\/v2\/categories?post=71832"},{"taxonomy":"post_tag","embeddable":true,"href":"https:\/\/noticiasribeiraopreto.com.br\/index.php\/wp-json\/wp\/v2\/tags?post=71832"}],"curies":[{"name":"wp","href":"https:\/\/api.w.org\/{rel}","templated":true}]}}