{"id":71834,"date":"2025-06-10T15:32:54","date_gmt":"2025-06-10T18:32:54","guid":{"rendered":"https:\/\/noticiasribeiraopreto.com.br\/index.php\/2025\/06\/10\/pedro-severino-recebe-alta-apos-96-dias-internado-em-ribeirao\/"},"modified":"2025-06-10T15:32:54","modified_gmt":"2025-06-10T18:32:54","slug":"pedro-severino-recebe-alta-apos-96-dias-internado-em-ribeirao","status":"publish","type":"post","link":"https:\/\/noticiasribeiraopreto.com.br\/index.php\/2025\/06\/10\/pedro-severino-recebe-alta-apos-96-dias-internado-em-ribeirao\/","title":{"rendered":"Pedro Severino recebe alta ap\u00f3s 96 dias internado em Ribeir\u00e3o"},"content":{"rendered":"<p> <br \/>\n<\/p>\n<div>\n<p>O jogador <strong>Pedro Severino<\/strong> recebeu alta hospitalar na manh\u00e3 desta ter\u00e7a-feira (10). De acordo com o <strong>Hospital Unimed Ribeir\u00e3o Preto<\/strong>, o jovem ficou internado no local por <strong>96 dias<\/strong>.<\/p>\n<figure class=\"wp-block-pullquote\">\n<blockquote>\n<p>Durante todo o per\u00edodo, Pedro foi assistido por uma equipe composta por intensivistas liderados pelo m\u00e9dico Dr. Gil Teixeira, al\u00e9m de neurocirurgi\u00f5es, neurologistas cl\u00ednicos e suporte de equipes multidisciplinares do hospital<\/p>\n<p><cite>diz a nota do hospital.<\/cite><\/p><\/blockquote>\n<\/figure>\n<p>Pedro Severino foi v\u00edtima de um grave acidente de tr\u00e2nsito em mar\u00e7o, enquanto seguia para o centro de treinamento do\u00a0<strong>Red Bull Bragantino<\/strong>. No final de mar\u00e7o, o <strong>ex-atacante Lucas Severino<\/strong>, \u00eddolo do\u00a0<strong>Botafogo<\/strong>\u00a0e do\u00a0<strong>Athletico-PR<\/strong>, pai do jovem, informou que\u00a0ele estava apresentando evolu\u00e7\u00e3o no quadro cl\u00ednico e\u00a0que <strong>n\u00e3o corria mais risco de morte<\/strong>.<\/p>\n<h2 class=\"wp-block-heading\"><strong>Al\u00edvio<\/strong><\/h2>\n<p>No dia 24 de maio, <strong>Lucas Severino<\/strong>\u00a0e a esposa L\u00facia chegaram a publicar uma foto de <strong>Pedro <\/strong>ap\u00f3s o acidente.<\/p>\n<p>Na publica\u00e7\u00e3o eles <strong>agradeceram o apoio<\/strong> que receberam e a equipe do hospital que participou do tratamento o filho. \u201cDepois de 80 dias, de muita ang\u00fastia, muito choro, por\u00e9m muitas surpresas e muitas alegrias, o Pedro esta vivo e viver\u00e1!\u201d, escreveu.<\/p>\n<p>Uma coletiva de imprensa est\u00e1 marcada para a quinta-feira (12), onde mais detalhes sobre a sa\u00edda de <strong>Pedro <\/strong>e o processo de recupera\u00e7\u00e3o ser\u00e3o divulgados.<\/p>\n<blockquote class=\"instagram-media\" data-instgrm-permalink=\"https:\/\/www.instagram.com\/p\/DKCURE8tWgI\/?utm_source=ig_embed&amp;utm_campaign=loading\" data-instgrm-version=\"14\" style=\"background:#FFF;border:0;border-radius:3px;margin: 1px;max-width:540px;min-width:326px;padding:0;width:99.375%;width:-webkit-calc(100% - 2px);width:calc(100% - 2px)\"\/>\n<h2 class=\"wp-block-heading\"><strong>Recupera\u00e7\u00e3o expressiva<\/strong><\/h2>\n<p>Ap\u00f3s o grave acidente de tr\u00e2nsito, <strong>Pedro apareceu pela primeira vez na janela do hospital<\/strong>\u00a0no dia 21 de maio, e acenou para familiares, amigos e f\u00e3s que se reuniram em frente ao local para demonstrar apoio e carinho.<\/p>\n<p>Em comunicado emitido no dia 23 de maio, o hospital informou que o jogador <strong>caminhava pelo quarto<\/strong>,\u00a0<strong>ouvia<\/strong>\u00a0e\u00a0<strong>respondia aos chamados<\/strong>\u00a0por meio de gestos e por comunica\u00e7\u00e3o falada. \u201c<strong>Os avan\u00e7os de sua recupera\u00e7\u00e3o s\u00e3o muito expressivos<\/strong>, considerando sempre a gravidade em que foi recebido\u201d.<\/p>\n<p>Durante o per\u00edodo em que ficou internado, o jovem passou por cuidados especializados na<strong>\u00a0UTI (Unidade de Terapia Intensiva)<\/strong>, onde realizou in\u00fameros exames e um monitoramento ostensivo de suas fun\u00e7\u00f5es cerebrais.<\/p>\n<h3 class=\"wp-block-heading\"><strong>O acidente<\/strong><\/h3>\n<p>O acidente aconteceu por volta das das 5h21, pr\u00f3ximo ao km 127 da\u00a0<strong>rodovia Anhanguera (SP-330)<\/strong>, em\u00a0<strong>Americana<\/strong>, regi\u00e3o de Campinas.<\/p>\n<p>Al\u00e9m de<strong>\u00a0Pedro Severino<\/strong>,\u00a0o companheiro de equipe\u00a0<strong>Pedro Castro<\/strong>, de 18 anos, tamb\u00e9m estava no ve\u00edculo e\u00a0<strong>sofreu escoria\u00e7\u00f5es leves<\/strong>. Ele recebeu os cuidados necess\u00e1rios e passou por exames complementares, recebendo alta m\u00e9dica por volta das 16h50.<\/p>\n<p>Os jogadores seguiam para o\u00a0<strong>Centro de Treinamento do Bragantino<\/strong>, quando o carro em que eles estavam se envolveu em uma\u00a0<strong>colis\u00e3o traseira com um caminh\u00e3o<\/strong>\u00a0\u2013\u00a0o motorista do carro, contratado para levar os atletas de\u00a0<strong>Ribeir\u00e3o Peto\u00a0<\/strong>para\u00a0<strong>Atibaia<\/strong>, n\u00e3o ficou ferido.<\/p>\n<p>Os dois condutores foram submetidos ao teste do baf\u00f4metro, no entanto, nenhum deles apresentou consumo de \u00e1lcool.<\/p>\n<hr class=\"wp-block-separator has-alpha-channel-opacity\"\/>\n<p>SAIBA MAIS<\/p>\n<p><strong>C\u00e2mara aprova projeto que visa incentivar doa\u00e7\u00e3o do IR em Ribeir\u00e3o; Entenda<\/strong><\/p>\n<p>Quer ficar por dentro de tudo que acontece em Ribeir\u00e3o Preto e regi\u00e3o? Ent\u00e3o siga os perfis do\u202facidade on\u202fno\u202f<a href=\"https:\/\/www.instagram.com\/acidadeonribeirao\" target=\"_blank\" rel=\"noreferrer noopener\">Instagram<\/a>\u202fe no\u202f<a href=\"https:\/\/www.facebook.com\/acidadeonribeirao\/\" target=\"_blank\" rel=\"noreferrer noopener\">Facebook<\/a>.<\/p>\n<p>Al\u00e9m disso, voc\u00ea pode receber as principais not\u00edcias diretamente no WhatsApp. Para isso, basta\u00a0<a href=\"https:\/\/chat.whatsapp.com\/BjKQZ9oJwlz8VVT50NuePq\" target=\"_blank\" rel=\"noreferrer noopener\">entrar no grupo clicando aqui<\/a>.<\/p>\n<p>Por fim, se quiser fazer uma den\u00fancia ou sugerir uma reportagem sobre Ribeir\u00e3o Preto e regi\u00e3o, envie uma mensagem pelo WhatsApp: (16) 99117-7802.<\/p>\n<p>VEJA TAMB\u00c9M<\/p>\n<p>O que aconteceu com Margarida de \u2018A Viagem\u2019?<\/p>\n<p><!-- CONTENT END 1 -->\n<\/div>\n<p><script async src=\"\/\/www.instagram.com\/embed.js\"><\/script><br \/>\n<br \/><br \/>\n<br \/><a href=\"https:\/\/www.acidadeon.com\/ribeiraopreto\/esportes\/pedro-severino-recebe-alta-apos-96-dias-internado-em-ribeirao\/\">Source link <\/a><\/p>\n","protected":false},"excerpt":{"rendered":"<p>O jogador Pedro Severino recebeu alta hospitalar na manh\u00e3 desta ter\u00e7a-feira (10). De acordo com o Hospital Unimed Ribeir\u00e3o Preto, o jovem ficou internado no&#8230;<\/p>\n","protected":false},"author":1,"featured_media":64242,"comment_status":"open","ping_status":"open","sticky":false,"template":"","format":"standard","meta":{"advanced_seo_description":"","jetpack_seo_html_title":"","jetpack_seo_noindex":false,"jetpack_post_was_ever_published":false,"_jetpack_newsletter_access":"","_jetpack_dont_email_post_to_subs":false,"_jetpack_newsletter_tier_id":0,"_jetpack_memberships_contains_paywalled_content":false,"_jetpack_memberships_contains_paid_content":false,"footnotes":"","jetpack_publicize_message":"","jetpack_publicize_feature_enabled":true,"jetpack_social_post_already_shared":true,"jetpack_social_options":{"image_generator_settings":{"template":"highway","default_image_id":0,"font":"","enabled":false},"version":2}},"categories":[11],"tags":[],"class_list":["post-71834","post","type-post","status-publish","format-standard","has-post-thumbnail","hentry","category-noticias-de-ribeirao-preto-sp-e-regiao-ismael-colosi"],"jetpack_publicize_connections":[],"jetpack_featured_media_url":"https:\/\/i0.wp.com\/noticiasribeiraopreto.com.br\/wp-content\/uploads\/2025\/03\/IMG-20250305-WA0006_2025-03-05_13-27-33_jpg_2025-03-05_13-27-33.webp.webp?fit=1200%2C799&ssl=1","jetpack-related-posts":[{"id":71861,"url":"https:\/\/noticiasribeiraopreto.com.br\/index.php\/2025\/06\/10\/familia-de-pedro-severino-comemora-alta-medica-do-jogador-nas-redes-sociais\/","url_meta":{"origin":71834,"position":0},"title":"Fam\u00edlia de Pedro Severino comemora alta m\u00e9dica do jogador nas redes sociais","author":"noticiasribeiraopreto.com.br","date":"10 de June de 2025","format":false,"excerpt":"Pedro Severino reapareceu nas redes sociais nesta ter\u00e7a-feira (10), ap\u00f3s receber alta m\u00e9dica. Em foto publicada nesta tarde, o jovem aparece sorridente ao lado de seu pai, o ex-jogador Lucas Severino, da m\u00e3e L\u00facia e dos irm\u00e3os. O rapaz foi v\u00edtima de um grave acidente de tr\u00e2nsito em mar\u00e7o, enquanto\u2026","rel":"","context":"In &quot;Not\u00edcias de Ribeir\u00e3o Preto-SP e Regi\u00e3o&quot;","block_context":{"text":"Not\u00edcias de Ribeir\u00e3o Preto-SP e Regi\u00e3o","link":"https:\/\/noticiasribeiraopreto.com.br\/index.php\/category\/noticias-de-ribeirao-preto-sp-e-regiao-ismael-colosi\/"},"img":{"alt_text":"","src":"https:\/\/i0.wp.com\/noticiasribeiraopreto.com.br\/wp-content\/uploads\/2025\/06\/505170502_18125531116449385_4808038881153612835_n_2025-06-10_21-17-28.webp.webp?fit=1200%2C900&ssl=1&resize=350%2C200","width":350,"height":200,"srcset":"https:\/\/i0.wp.com\/noticiasribeiraopreto.com.br\/wp-content\/uploads\/2025\/06\/505170502_18125531116449385_4808038881153612835_n_2025-06-10_21-17-28.webp.webp?fit=1200%2C900&ssl=1&resize=350%2C200 1x, https:\/\/i0.wp.com\/noticiasribeiraopreto.com.br\/wp-content\/uploads\/2025\/06\/505170502_18125531116449385_4808038881153612835_n_2025-06-10_21-17-28.webp.webp?fit=1200%2C900&ssl=1&resize=525%2C300 1.5x, https:\/\/i0.wp.com\/noticiasribeiraopreto.com.br\/wp-content\/uploads\/2025\/06\/505170502_18125531116449385_4808038881153612835_n_2025-06-10_21-17-28.webp.webp?fit=1200%2C900&ssl=1&resize=700%2C400 2x, https:\/\/i0.wp.com\/noticiasribeiraopreto.com.br\/wp-content\/uploads\/2025\/06\/505170502_18125531116449385_4808038881153612835_n_2025-06-10_21-17-28.webp.webp?fit=1200%2C900&ssl=1&resize=1050%2C600 3x"},"classes":[]},{"id":65845,"url":"https:\/\/noticiasribeiraopreto.com.br\/index.php\/2025\/03\/25\/jogador-pedro-severino-deixa-uti-e-vai-para-o-quarto-diz-hospital\/","url_meta":{"origin":71834,"position":1},"title":"Jogador Pedro Severino deixa UTI e vai para o quarto, diz hospital","author":"noticiasribeiraopreto.com.br","date":"25 de March de 2025","format":false,"excerpt":"O jogador Pedro Severino, de 19 anos, deixou a UTI e foi transferido para o quarto no in\u00edcio da noite desta segunda-feira (24), segundo boletim m\u00e9dico divulgado pelo Hospital Unimed Ribeir\u00e3o Preto, onde o\u00a0atleta\u00a0permanece\u00a0internado, ap\u00f3s sofrer um\u00a0acidente\u00a0de\u00a0carro\u00a0no dia\u00a04 de mar\u00e7o. Segundo o hospital, o quadro neurol\u00f3gico do atleta ainda inspira\u2026","rel":"","context":"In &quot;Not\u00edcias de Ribeir\u00e3o Preto-SP e Regi\u00e3o&quot;","block_context":{"text":"Not\u00edcias de Ribeir\u00e3o Preto-SP e Regi\u00e3o","link":"https:\/\/noticiasribeiraopreto.com.br\/index.php\/category\/noticias-de-ribeirao-preto-sp-e-regiao-ismael-colosi\/"},"img":{"alt_text":"","src":"https:\/\/i0.wp.com\/noticiasribeiraopreto.com.br\/wp-content\/uploads\/2025\/03\/Molde-Midiass-8_2025-03-04_17-03-50_jpg_2025-03-04_17-03-50.webp.webp?fit=960%2C539&ssl=1&resize=350%2C200","width":350,"height":200,"srcset":"https:\/\/i0.wp.com\/noticiasribeiraopreto.com.br\/wp-content\/uploads\/2025\/03\/Molde-Midiass-8_2025-03-04_17-03-50_jpg_2025-03-04_17-03-50.webp.webp?fit=960%2C539&ssl=1&resize=350%2C200 1x, https:\/\/i0.wp.com\/noticiasribeiraopreto.com.br\/wp-content\/uploads\/2025\/03\/Molde-Midiass-8_2025-03-04_17-03-50_jpg_2025-03-04_17-03-50.webp.webp?fit=960%2C539&ssl=1&resize=525%2C300 1.5x, https:\/\/i0.wp.com\/noticiasribeiraopreto.com.br\/wp-content\/uploads\/2025\/03\/Molde-Midiass-8_2025-03-04_17-03-50_jpg_2025-03-04_17-03-50.webp.webp?fit=960%2C539&ssl=1&resize=700%2C400 2x"},"classes":[]},{"id":70118,"url":"https:\/\/noticiasribeiraopreto.com.br\/index.php\/2025\/05\/22\/veja-o-momento-em-que-o-jogador-pedro-severino-acena-da-janela-do-hospital\/","url_meta":{"origin":71834,"position":2},"title":"Veja o momento em que o jogador Pedro Severino acena da janela do hospital","author":"noticiasribeiraopreto.com.br","date":"22 de May de 2025","format":false,"excerpt":"O jogador Pedro Severino, de 19 anos, que sofreu um grave acidente de tr\u00e2nsito no dia 4 de mar\u00e7o, em Americana, no interior de S\u00e3o Paulo, segue apresentando evolu\u00e7\u00e3o no quadro cl\u00ednico e n\u00e3o corre mais risco de morte. A informa\u00e7\u00e3o foi confirmada pelo pai do atleta, Lucas Severino. Na\u2026","rel":"","context":"In &quot;Not\u00edcias de Ribeir\u00e3o Preto-SP e Regi\u00e3o&quot;","block_context":{"text":"Not\u00edcias de Ribeir\u00e3o Preto-SP e Regi\u00e3o","link":"https:\/\/noticiasribeiraopreto.com.br\/index.php\/category\/noticias-de-ribeirao-preto-sp-e-regiao-ismael-colosi\/"},"img":{"alt_text":"","src":"https:\/\/i0.wp.com\/noticiasribeiraopreto.com.br\/wp-content\/uploads\/2025\/05\/Copia-de-Copia-de-Copia-de-TAMANHO-EXATO-PARA-FOTOS-NO-SISTEMA-NOVO-89_2025-05-22_23-51-26.webp.webp?fit=1200%2C675&ssl=1&resize=350%2C200","width":350,"height":200,"srcset":"https:\/\/i0.wp.com\/noticiasribeiraopreto.com.br\/wp-content\/uploads\/2025\/05\/Copia-de-Copia-de-Copia-de-TAMANHO-EXATO-PARA-FOTOS-NO-SISTEMA-NOVO-89_2025-05-22_23-51-26.webp.webp?fit=1200%2C675&ssl=1&resize=350%2C200 1x, https:\/\/i0.wp.com\/noticiasribeiraopreto.com.br\/wp-content\/uploads\/2025\/05\/Copia-de-Copia-de-Copia-de-TAMANHO-EXATO-PARA-FOTOS-NO-SISTEMA-NOVO-89_2025-05-22_23-51-26.webp.webp?fit=1200%2C675&ssl=1&resize=525%2C300 1.5x, https:\/\/i0.wp.com\/noticiasribeiraopreto.com.br\/wp-content\/uploads\/2025\/05\/Copia-de-Copia-de-Copia-de-TAMANHO-EXATO-PARA-FOTOS-NO-SISTEMA-NOVO-89_2025-05-22_23-51-26.webp.webp?fit=1200%2C675&ssl=1&resize=700%2C400 2x, https:\/\/i0.wp.com\/noticiasribeiraopreto.com.br\/wp-content\/uploads\/2025\/05\/Copia-de-Copia-de-Copia-de-TAMANHO-EXATO-PARA-FOTOS-NO-SISTEMA-NOVO-89_2025-05-22_23-51-26.webp.webp?fit=1200%2C675&ssl=1&resize=1050%2C600 3x"},"classes":[]},{"id":71801,"url":"https:\/\/noticiasribeiraopreto.com.br\/index.php\/2025\/06\/10\/pedro-severino-recebe-alta-tres-meses-apos-acidente\/","url_meta":{"origin":71834,"position":3},"title":"Pedro Severino recebe alta tr\u00eas meses ap\u00f3s acidente","author":"noticiasribeiraopreto.com.br","date":"10 de June de 2025","format":false,"excerpt":"Promessa do futebol ribeir\u00e3o-pretano, atacante superou protocolo de morte cerebral 10 de junho de 2025 12:191 Compartilhar0 Por Hugo Luque O atacante Pedro Severino recebeu alta hospitalar na manh\u00e3 desta ter\u00e7a-feira (10), tr\u00eas meses ap\u00f3s o grave acidente que envolveu o carro no qual estava o jogador e uma carreta\u2026","rel":"","context":"In &quot;Not\u00edcias de Ribeir\u00e3o Preto-SP e Regi\u00e3o&quot;","block_context":{"text":"Not\u00edcias de Ribeir\u00e3o Preto-SP e Regi\u00e3o","link":"https:\/\/noticiasribeiraopreto.com.br\/index.php\/category\/noticias-de-ribeirao-preto-sp-e-regiao-ismael-colosi\/"},"img":{"alt_text":"","src":"https:\/\/i0.wp.com\/noticiasribeiraopreto.com.br\/wp-content\/uploads\/2025\/06\/pedro_severino.jpg?fit=750%2C500&ssl=1&resize=350%2C200","width":350,"height":200,"srcset":"https:\/\/i0.wp.com\/noticiasribeiraopreto.com.br\/wp-content\/uploads\/2025\/06\/pedro_severino.jpg?fit=750%2C500&ssl=1&resize=350%2C200 1x, https:\/\/i0.wp.com\/noticiasribeiraopreto.com.br\/wp-content\/uploads\/2025\/06\/pedro_severino.jpg?fit=750%2C500&ssl=1&resize=525%2C300 1.5x, https:\/\/i0.wp.com\/noticiasribeiraopreto.com.br\/wp-content\/uploads\/2025\/06\/pedro_severino.jpg?fit=750%2C500&ssl=1&resize=700%2C400 2x"},"classes":[]},{"id":64980,"url":"https:\/\/noticiasribeiraopreto.com.br\/index.php\/2025\/03\/14\/jogador-pedro-severino-respira-sem-aparelhos-em-parte-do-dia-diz-boletim-medico\/","url_meta":{"origin":71834,"position":4},"title":"Jogador Pedro Severino respira sem aparelhos em parte do dia, diz boletim m\u00e9dico","author":"noticiasribeiraopreto.com.br","date":"14 de March de 2025","format":false,"excerpt":"O jogador Pedro Severino, de 19 anos, est\u00e1 em processo de retirada da ventila\u00e7\u00e3o mec\u00e2nica, o que permite que ele passe per\u00edodos do dia com respira\u00e7\u00e3o espont\u00e2nea, segundo o boletim m\u00e9dico divulgado na manh\u00e3 desta sexta-feira (14), pelo Hospital Unimed Ribeir\u00e3o Preto.\u00a0O atleta segue\u00a0internado\u00a0na\u00a0UTI (Unidade de Terapia Intensiva), ap\u00f3s sofrer\u2026","rel":"","context":"In &quot;Not\u00edcias de Ribeir\u00e3o Preto-SP e Regi\u00e3o&quot;","block_context":{"text":"Not\u00edcias de Ribeir\u00e3o Preto-SP e Regi\u00e3o","link":"https:\/\/noticiasribeiraopreto.com.br\/index.php\/category\/noticias-de-ribeirao-preto-sp-e-regiao-ismael-colosi\/"},"img":{"alt_text":"","src":"https:\/\/i0.wp.com\/noticiasribeiraopreto.com.br\/wp-content\/uploads\/2025\/03\/IMG-20250305-WA0006_2025-03-05_13-27-33_jpg_2025-03-05_13-27-33.webp.webp?fit=1200%2C799&ssl=1&resize=350%2C200","width":350,"height":200,"srcset":"https:\/\/i0.wp.com\/noticiasribeiraopreto.com.br\/wp-content\/uploads\/2025\/03\/IMG-20250305-WA0006_2025-03-05_13-27-33_jpg_2025-03-05_13-27-33.webp.webp?fit=1200%2C799&ssl=1&resize=350%2C200 1x, https:\/\/i0.wp.com\/noticiasribeiraopreto.com.br\/wp-content\/uploads\/2025\/03\/IMG-20250305-WA0006_2025-03-05_13-27-33_jpg_2025-03-05_13-27-33.webp.webp?fit=1200%2C799&ssl=1&resize=525%2C300 1.5x, https:\/\/i0.wp.com\/noticiasribeiraopreto.com.br\/wp-content\/uploads\/2025\/03\/IMG-20250305-WA0006_2025-03-05_13-27-33_jpg_2025-03-05_13-27-33.webp.webp?fit=1200%2C799&ssl=1&resize=700%2C400 2x, https:\/\/i0.wp.com\/noticiasribeiraopreto.com.br\/wp-content\/uploads\/2025\/03\/IMG-20250305-WA0006_2025-03-05_13-27-33_jpg_2025-03-05_13-27-33.webp.webp?fit=1200%2C799&ssl=1&resize=1050%2C600 3x"},"classes":[]},{"id":64456,"url":"https:\/\/noticiasribeiraopreto.com.br\/index.php\/2025\/03\/08\/hospital-divulga-novo-boletim-medico-sobre-o-jogador-pedro-severino\/","url_meta":{"origin":71834,"position":5},"title":"Hospital divulga novo boletim m\u00e9dico sobre o jogador Pedro Severino","author":"noticiasribeiraopreto.com.br","date":"8 de March de 2025","format":false,"excerpt":"O jogador\u00a0Pedro Severino, de 19 anos, segue internado na UTI (Unidade de Terapia Intensiva) do Hospital Unimed Ribeir\u00e3o Preto, ap\u00f3s sofrer um acidente de carro na \u00faltima ter\u00e7a-feira (4). Em boletim divulgado no fim da manh\u00e3 deste s\u00e1bado (8), o hospital informou que o tratamento requer uso de sedativos, assist\u00eancia\u2026","rel":"","context":"In &quot;Not\u00edcias de Ribeir\u00e3o Preto-SP e Regi\u00e3o&quot;","block_context":{"text":"Not\u00edcias de Ribeir\u00e3o Preto-SP e Regi\u00e3o","link":"https:\/\/noticiasribeiraopreto.com.br\/index.php\/category\/noticias-de-ribeirao-preto-sp-e-regiao-ismael-colosi\/"},"img":{"alt_text":"","src":"https:\/\/i0.wp.com\/noticiasribeiraopreto.com.br\/wp-content\/uploads\/2025\/03\/Molde-Midiass-8_2025-03-04_17-03-50_jpg_2025-03-04_17-03-50.webp.webp?fit=960%2C539&ssl=1&resize=350%2C200","width":350,"height":200,"srcset":"https:\/\/i0.wp.com\/noticiasribeiraopreto.com.br\/wp-content\/uploads\/2025\/03\/Molde-Midiass-8_2025-03-04_17-03-50_jpg_2025-03-04_17-03-50.webp.webp?fit=960%2C539&ssl=1&resize=350%2C200 1x, https:\/\/i0.wp.com\/noticiasribeiraopreto.com.br\/wp-content\/uploads\/2025\/03\/Molde-Midiass-8_2025-03-04_17-03-50_jpg_2025-03-04_17-03-50.webp.webp?fit=960%2C539&ssl=1&resize=525%2C300 1.5x, https:\/\/i0.wp.com\/noticiasribeiraopreto.com.br\/wp-content\/uploads\/2025\/03\/Molde-Midiass-8_2025-03-04_17-03-50_jpg_2025-03-04_17-03-50.webp.webp?fit=960%2C539&ssl=1&resize=700%2C400 2x"},"classes":[]}],"jetpack_sharing_enabled":true,"jetpack_shortlink":"https:\/\/wp.me\/peQAOb-iGC","_links":{"self":[{"href":"https:\/\/noticiasribeiraopreto.com.br\/index.php\/wp-json\/wp\/v2\/posts\/71834","targetHints":{"allow":["GET"]}}],"collection":[{"href":"https:\/\/noticiasribeiraopreto.com.br\/index.php\/wp-json\/wp\/v2\/posts"}],"about":[{"href":"https:\/\/noticiasribeiraopreto.com.br\/index.php\/wp-json\/wp\/v2\/types\/post"}],"author":[{"embeddable":true,"href":"https:\/\/noticiasribeiraopreto.com.br\/index.php\/wp-json\/wp\/v2\/users\/1"}],"replies":[{"embeddable":true,"href":"https:\/\/noticiasribeiraopreto.com.br\/index.php\/wp-json\/wp\/v2\/comments?post=71834"}],"version-history":[{"count":0,"href":"https:\/\/noticiasribeiraopreto.com.br\/index.php\/wp-json\/wp\/v2\/posts\/71834\/revisions"}],"wp:featuredmedia":[{"embeddable":true,"href":"https:\/\/noticiasribeiraopreto.com.br\/index.php\/wp-json\/wp\/v2\/media\/64242"}],"wp:attachment":[{"href":"https:\/\/noticiasribeiraopreto.com.br\/index.php\/wp-json\/wp\/v2\/media?parent=71834"}],"wp:term":[{"taxonomy":"category","embeddable":true,"href":"https:\/\/noticiasribeiraopreto.com.br\/index.php\/wp-json\/wp\/v2\/categories?post=71834"},{"taxonomy":"post_tag","embeddable":true,"href":"https:\/\/noticiasribeiraopreto.com.br\/index.php\/wp-json\/wp\/v2\/tags?post=71834"}],"curies":[{"name":"wp","href":"https:\/\/api.w.org\/{rel}","templated":true}]}}