{"id":71835,"date":"2025-06-10T15:41:32","date_gmt":"2025-06-10T18:41:32","guid":{"rendered":"https:\/\/noticiasribeiraopreto.com.br\/index.php\/2025\/06\/10\/joao-rock-2025-confira-os-horarios-dos-shows-no-festival-em-ribeirao-preto\/"},"modified":"2025-06-10T15:41:32","modified_gmt":"2025-06-10T18:41:32","slug":"joao-rock-2025-confira-os-horarios-dos-shows-no-festival-em-ribeirao-preto","status":"publish","type":"post","link":"https:\/\/noticiasribeiraopreto.com.br\/index.php\/2025\/06\/10\/joao-rock-2025-confira-os-horarios-dos-shows-no-festival-em-ribeirao-preto\/","title":{"rendered":"Jo\u00e3o Rock 2025: Confira os hor\u00e1rios dos shows no festival em Ribeir\u00e3o Preto"},"content":{"rendered":"<p> <br \/>\n<\/p>\n<div data-td-block-uid=\"tdi_95\">\n<div class=\"tdb-block-inner td-fix-index\">\n<p>A organiza\u00e7\u00e3o do <strong>Jo\u00e3o Rock<\/strong> divulgou, nesta ter\u00e7a-feira (10), os hor\u00e1rios dos shows nos <strong>cinco palcos do festival <\/strong>que acontece neste <strong>s\u00e1bado (14)<\/strong>, no Parque Permanente de Exposi\u00e7\u00f5es, em <strong>Ribeir\u00e3o Preto<\/strong>.<\/p>\n<p><em>&gt;&gt;&gt;FIQUE POR DENTRO: Vai ao Jo\u00e3o Rock? Saiba tudo sobre a linha especial de \u00f4nibus<\/em> <mark style=\"background-color:#ffffff\" class=\"has-inline-color has-white-color\">contudo,<\/mark><\/p>\n<p>A abertura dos port\u00f5es est\u00e1 marcada para acontecer \u00e0s 12h30. <strong>Em seguida<\/strong>, a maratona musical ter\u00e1 in\u00edcio \u00e0s 13h10. A programa\u00e7\u00e3o contar\u00e1 com grandes nomes do rock, rap e MPB.<\/p>\n<h2 class=\"wp-block-heading\"><strong>Confira os hor\u00e1rios dos shows e os palcos<\/strong><\/h2>\n<h3 class=\"wp-block-heading\"><strong>Jo\u00e3o Rock<\/strong><\/h3>\n<ul class=\"wp-block-list\">\n<li>14h \u2013 Batalha da Aldeia<\/li>\n<li>15h \u2013 Venere Vai Venus (banda ganhadora do Concurso)<\/li>\n<li>15h40 \u2013 Maneva<\/li>\n<li>16h45 \u2013 Rael convida FBC e Rincon Sapi\u00eancia<\/li>\n<li>17h50 \u2013 Bar\u00e3o Vermelho<\/li>\n<li>18h55 \u2013 Cidade Negra<\/li>\n<li>20h \u2013 Marcelo Falc\u00e3o<\/li>\n<li>21h05 \u2013 Natiruts<\/li>\n<li>22h30 \u2013 Nando Reis<\/li>\n<li>23h35 \u2013 BaianaSystem<\/li>\n<li>00h40 \u2013 Planet Hemp<\/li>\n<\/ul>\n<h3 class=\"wp-block-heading\"><strong>Brasil<\/strong><\/h3>\n<ul class=\"wp-block-list\">\n<li>13h10 \u2013 School of Rock<\/li>\n<li>15h10 \u2013 Black Rio com Cl\u00e1udio Zoli e Carlos Daf\u00e9<\/li>\n<li>17h10 \u2013 Sandra de S\u00e1<\/li>\n<li>19h10 \u2013 Tony Tornado e Banda do S\u00edndico<\/li>\n<li>21h10 \u2013 Baile do Simonal<\/li>\n<li>23h10 \u2013 Farofa Carioca com Paula Lima e Hyldon<\/li>\n<li>0h25 \u2013 Seu Jorge<\/li>\n<\/ul>\n<h3 class=\"wp-block-heading\"><strong>Aquarela<\/strong><\/h3>\n<ul class=\"wp-block-list\">\n<li>14h10 \u2013 Melly com Sued Nunes<\/li>\n<li>16h10 \u2013 Carol Biazin<\/li>\n<li>18h10 \u2013 Ana Ca\u00f1as<\/li>\n<li>20h10 \u2013 Z\u00e9lia Duncan com Paulinho Moska<\/li>\n<li>22h10 \u2013 Vanessa da Mata<\/li>\n<\/ul>\n<h3 class=\"wp-block-heading\"><strong>Fortalecendo a Cena<\/strong><\/h3>\n<ul class=\"wp-block-list\">\n<li>13h10 \u2013 School of Rock<\/li>\n<li>15h10 \u2013 Duquesa<\/li>\n<li>17h10 \u2013 Yunk Vino<\/li>\n<li>19h10 \u2013 Drik Barbosa convida Budah e Cristal<\/li>\n<li>21h10 \u2013 Kayblack<\/li>\n<li>23h10 \u2013 Cabelinho<\/li>\n<\/ul>\n<h3 class=\"wp-block-heading\"><strong>Eisen Rock<\/strong><\/h3>\n<ul class=\"wp-block-list\">\n<li>15h \u2013 DJ Rodrigo Mod<\/li>\n<li>16h \u2013 Banda M.I.L.A.<\/li>\n<li>17h \u2013 DJ Rodrigo Mod<\/li>\n<li>17h30 \u2013 Vers\u00e3o Dois<\/li>\n<li>18h30 \u2013 DJ Rodrigo Mod<\/li>\n<li>19h \u2013 Venere Vai Venus<\/li>\n<li>20h \u2013 DJ Rodrigo Mod<\/li>\n<li>20h30 \u2013 Vers\u00e3o Dois<\/li>\n<li>21h30 \u2013 DJ Rodrigo Mod<\/li>\n<li>22h \u2013 Banda Sheik<\/li>\n<li>23h \u2013 DJ Rodrigo Mod<\/li>\n<\/ul>\n<hr class=\"wp-block-separator has-alpha-channel-opacity\"\/>\n<p>SAIBA MAIS<\/p>\n<p>Pedro Severino recebe alta ap\u00f3s 96 dias internado em Ribeir\u00e3o <mark style=\"background-color:#ffffff\" class=\"has-inline-color has-white-color\">contudo,<\/mark><\/p>\n<p>Quer ficar por dentro de tudo que acontece em Ribeir\u00e3o Preto e regi\u00e3o? Ent\u00e3o siga os perfis do\u202facidade on\u202fno\u202f<a href=\"https:\/\/www.instagram.com\/acidadeonribeirao\" target=\"_blank\" rel=\"noreferrer noopener\">Instagram<\/a>\u202fe no\u202f<a href=\"https:\/\/www.facebook.com\/acidadeonribeirao\/\" target=\"_blank\" rel=\"noreferrer noopener\">Facebook<\/a>.<\/p>\n<p>Al\u00e9m disso, voc\u00ea pode receber as principais not\u00edcias diretamente no WhatsApp. Para isso, basta\u00a0<a href=\"https:\/\/chat.whatsapp.com\/BjKQZ9oJwlz8VVT50NuePq\" target=\"_blank\" rel=\"noreferrer noopener\">entrar no grupo clicando aqui<\/a>.<\/p>\n<p>Por fim, se quiser fazer uma den\u00fancia ou sugerir uma reportagem sobre Ribeir\u00e3o Preto e regi\u00e3o, envie uma mensagem pelo WhatsApp: (16) 99117-7802.<\/p>\n<p>VEJA TAMB\u00c9M<\/p>\n<p>CPI das Bets: quem pode ser indiciado? <mark style=\"background-color:#ffffff\" class=\"has-inline-color has-white-color\">contudo,<\/mark><\/p>\n<p><!-- CONTENT END 1 -->\n<\/div>\n<\/div>\n<p><script async src=\"\/\/www.instagram.com\/embed.js\"><\/script><br \/>\n<br \/><br \/>\n<br \/><a href=\"https:\/\/www.acidadeon.com\/ribeiraopreto\/lazer-e-cultura\/joao-rock-2025-confira-os-horarios-dos-shows-no-festival-em-ribeirao-preto\/\">Source link <\/a><\/p>\n","protected":false},"excerpt":{"rendered":"<p>A organiza\u00e7\u00e3o do Jo\u00e3o Rock divulgou, nesta ter\u00e7a-feira (10), os hor\u00e1rios dos shows nos cinco palcos do festival que acontece neste s\u00e1bado (14), no Parque&#8230;<\/p>\n","protected":false},"author":1,"featured_media":60408,"comment_status":"open","ping_status":"open","sticky":false,"template":"","format":"standard","meta":{"advanced_seo_description":"","jetpack_seo_html_title":"","jetpack_seo_noindex":false,"jetpack_post_was_ever_published":false,"_jetpack_newsletter_access":"","_jetpack_dont_email_post_to_subs":false,"_jetpack_newsletter_tier_id":0,"_jetpack_memberships_contains_paywalled_content":false,"_jetpack_memberships_contains_paid_content":false,"footnotes":"","jetpack_publicize_message":"","jetpack_publicize_feature_enabled":true,"jetpack_social_post_already_shared":true,"jetpack_social_options":{"image_generator_settings":{"template":"highway","default_image_id":0,"font":"","enabled":false},"version":2}},"categories":[11],"tags":[],"class_list":["post-71835","post","type-post","status-publish","format-standard","has-post-thumbnail","hentry","category-noticias-de-ribeirao-preto-sp-e-regiao-ismael-colosi"],"jetpack_publicize_connections":[],"jetpack_featured_media_url":"https:\/\/i0.wp.com\/noticiasribeiraopreto.com.br\/wp-content\/uploads\/2024\/11\/joao-rock-3_2024-11-13_13-29-14_jpeg_2024-11-13_13-29-14-scaled.webp.webp?fit=2560%2C1440&ssl=1","jetpack-related-posts":[{"id":52040,"url":"https:\/\/noticiasribeiraopreto.com.br\/index.php\/2024\/06\/03\/confira-os-horarios-dos-shows-do-festival-joao-rock-em-ribeirao-preto\/","url_meta":{"origin":71835,"position":0},"title":"Confira os hor\u00e1rios dos shows do festival Jo\u00e3o Rock em Ribeir\u00e3o Preto","author":"noticiasribeiraopreto.com.br","date":"3 de June de 2024","format":false,"excerpt":"A organiza\u00e7\u00e3o do Jo\u00e3o Rock divulgou, nesta segunda-feira (03), os hor\u00e1rios dos shows nos quatro palcos do festival que acontece neste s\u00e1bado (8), no Parque Permanente de Exposi\u00e7\u00f5es, em Ribeir\u00e3o Preto. A abertura dos port\u00f5es est\u00e1 marcada para acontecer \u00e0s 12h30 e a maratona musical ter\u00e1 in\u00edcio \u00e0s 13h15, com\u2026","rel":"","context":"In &quot;Not\u00edcias de Ribeir\u00e3o Preto-SP e Regi\u00e3o&quot;","block_context":{"text":"Not\u00edcias de Ribeir\u00e3o Preto-SP e Regi\u00e3o","link":"https:\/\/noticiasribeiraopreto.com.br\/index.php\/category\/noticias-de-ribeirao-preto-sp-e-regiao-ismael-colosi\/"},"img":{"alt_text":"","src":"https:\/\/i0.wp.com\/noticiasribeiraopreto.com.br\/wp-content\/uploads\/2024\/06\/Copia-de-Copia-de-TAMANHO-EXATO-PARA-FOTOS-NO-SISTEMA-NOVO-62_2024-06-03_17-43-14_png_2024-06-03_17-43-14.webp.webp?fit=1200%2C675&ssl=1&resize=350%2C200","width":350,"height":200,"srcset":"https:\/\/i0.wp.com\/noticiasribeiraopreto.com.br\/wp-content\/uploads\/2024\/06\/Copia-de-Copia-de-TAMANHO-EXATO-PARA-FOTOS-NO-SISTEMA-NOVO-62_2024-06-03_17-43-14_png_2024-06-03_17-43-14.webp.webp?fit=1200%2C675&ssl=1&resize=350%2C200 1x, https:\/\/i0.wp.com\/noticiasribeiraopreto.com.br\/wp-content\/uploads\/2024\/06\/Copia-de-Copia-de-TAMANHO-EXATO-PARA-FOTOS-NO-SISTEMA-NOVO-62_2024-06-03_17-43-14_png_2024-06-03_17-43-14.webp.webp?fit=1200%2C675&ssl=1&resize=525%2C300 1.5x, https:\/\/i0.wp.com\/noticiasribeiraopreto.com.br\/wp-content\/uploads\/2024\/06\/Copia-de-Copia-de-TAMANHO-EXATO-PARA-FOTOS-NO-SISTEMA-NOVO-62_2024-06-03_17-43-14_png_2024-06-03_17-43-14.webp.webp?fit=1200%2C675&ssl=1&resize=700%2C400 2x, https:\/\/i0.wp.com\/noticiasribeiraopreto.com.br\/wp-content\/uploads\/2024\/06\/Copia-de-Copia-de-TAMANHO-EXATO-PARA-FOTOS-NO-SISTEMA-NOVO-62_2024-06-03_17-43-14_png_2024-06-03_17-43-14.webp.webp?fit=1200%2C675&ssl=1&resize=1050%2C600 3x"},"classes":[]},{"id":48139,"url":"https:\/\/noticiasribeiraopreto.com.br\/index.php\/2024\/04\/30\/disputa-de-rimas-acontece-pelo-segundo-ano-no-joao-rock-em-ribeirao-preto\/","url_meta":{"origin":71835,"position":1},"title":"Disputa de rimas acontece pelo segundo ano no Jo\u00e3o Rock em Ribeir\u00e3o Preto","author":"noticiasribeiraopreto.com.br","date":"30 de April de 2024","format":false,"excerpt":"O Festival Jo\u00e3o Rock, que acontece no dia 8 de junho, no Parque Permanente de Exposi\u00e7\u00f5es de Ribeir\u00e3o Preto, realiza pela segunda vez a disputa de rimas, que ir\u00e1 reunir quatro MCs convidados. As batalhas, que trazem o improviso e refor\u00e7am o rap e a cultura urbana brasileira, ser\u00e3o disputadas\u2026","rel":"","context":"In &quot;Not\u00edcias de Ribeir\u00e3o Preto-SP e Regi\u00e3o&quot;","block_context":{"text":"Not\u00edcias de Ribeir\u00e3o Preto-SP e Regi\u00e3o","link":"https:\/\/noticiasribeiraopreto.com.br\/index.php\/category\/noticias-de-ribeirao-preto-sp-e-regiao-ismael-colosi\/"},"img":{"alt_text":"","src":"https:\/\/i0.wp.com\/noticiasribeiraopreto.com.br\/wp-content\/uploads\/2024\/04\/Copia-de-Copia-de-TAMANHO-EXATO-PARA-FOTOS-NO-SISTEMA-NOVO-26-1_2024-04-30_23-20-40_jpg.webp.webp?fit=1200%2C675&ssl=1&resize=350%2C200","width":350,"height":200,"srcset":"https:\/\/i0.wp.com\/noticiasribeiraopreto.com.br\/wp-content\/uploads\/2024\/04\/Copia-de-Copia-de-TAMANHO-EXATO-PARA-FOTOS-NO-SISTEMA-NOVO-26-1_2024-04-30_23-20-40_jpg.webp.webp?fit=1200%2C675&ssl=1&resize=350%2C200 1x, https:\/\/i0.wp.com\/noticiasribeiraopreto.com.br\/wp-content\/uploads\/2024\/04\/Copia-de-Copia-de-TAMANHO-EXATO-PARA-FOTOS-NO-SISTEMA-NOVO-26-1_2024-04-30_23-20-40_jpg.webp.webp?fit=1200%2C675&ssl=1&resize=525%2C300 1.5x, https:\/\/i0.wp.com\/noticiasribeiraopreto.com.br\/wp-content\/uploads\/2024\/04\/Copia-de-Copia-de-TAMANHO-EXATO-PARA-FOTOS-NO-SISTEMA-NOVO-26-1_2024-04-30_23-20-40_jpg.webp.webp?fit=1200%2C675&ssl=1&resize=700%2C400 2x, https:\/\/i0.wp.com\/noticiasribeiraopreto.com.br\/wp-content\/uploads\/2024\/04\/Copia-de-Copia-de-TAMANHO-EXATO-PARA-FOTOS-NO-SISTEMA-NOVO-26-1_2024-04-30_23-20-40_jpg.webp.webp?fit=1200%2C675&ssl=1&resize=1050%2C600 3x"},"classes":[]},{"id":80668,"url":"https:\/\/noticiasribeiraopreto.com.br\/index.php\/2025\/12\/10\/carol-biazin-e-nando-reis-dominam-premio-joao-rock-2025-veja-todos-os-vencedores\/","url_meta":{"origin":71835,"position":2},"title":"Carol Biazin e Nando Reis dominam Pr\u00eamio Jo\u00e3o Rock 2025; veja todos os vencedores","author":"noticiasribeiraopreto.com.br","date":"10 de December de 2025","format":false,"excerpt":"A edi\u00e7\u00e3o 2025 do Pr\u00eamio Jo\u00e3o Rock apresentou os destaques do festival realizado em 14 de junho, em Ribeir\u00e3o Preto. A escolha foi feita por vota\u00e7\u00e3o popular e contemplou diferentes categorias que refletem a variedade de estilos e propostas musicais presentes nos palcos do evento. Jo\u00e3o Rock aconteceu no dia\u2026","rel":"","context":"In &quot;Not\u00edcias de Ribeir\u00e3o Preto-SP e Regi\u00e3o&quot;","block_context":{"text":"Not\u00edcias de Ribeir\u00e3o Preto-SP e Regi\u00e3o","link":"https:\/\/noticiasribeiraopreto.com.br\/index.php\/category\/noticias-de-ribeirao-preto-sp-e-regiao-ismael-colosi\/"},"img":{"alt_text":"","src":"https:\/\/i0.wp.com\/noticiasribeiraopreto.com.br\/wp-content\/uploads\/2025\/12\/Copia-de-Copia-de-Copia-de-TAMANHO-EXATO-PARA-FOTOS-NO-SISTEMA-NOVO-2025-12-09T154607.765_2025-12-09_18-46-31.webp.webp?fit=1200%2C675&ssl=1&resize=350%2C200","width":350,"height":200,"srcset":"https:\/\/i0.wp.com\/noticiasribeiraopreto.com.br\/wp-content\/uploads\/2025\/12\/Copia-de-Copia-de-Copia-de-TAMANHO-EXATO-PARA-FOTOS-NO-SISTEMA-NOVO-2025-12-09T154607.765_2025-12-09_18-46-31.webp.webp?fit=1200%2C675&ssl=1&resize=350%2C200 1x, https:\/\/i0.wp.com\/noticiasribeiraopreto.com.br\/wp-content\/uploads\/2025\/12\/Copia-de-Copia-de-Copia-de-TAMANHO-EXATO-PARA-FOTOS-NO-SISTEMA-NOVO-2025-12-09T154607.765_2025-12-09_18-46-31.webp.webp?fit=1200%2C675&ssl=1&resize=525%2C300 1.5x, https:\/\/i0.wp.com\/noticiasribeiraopreto.com.br\/wp-content\/uploads\/2025\/12\/Copia-de-Copia-de-Copia-de-TAMANHO-EXATO-PARA-FOTOS-NO-SISTEMA-NOVO-2025-12-09T154607.765_2025-12-09_18-46-31.webp.webp?fit=1200%2C675&ssl=1&resize=700%2C400 2x, https:\/\/i0.wp.com\/noticiasribeiraopreto.com.br\/wp-content\/uploads\/2025\/12\/Copia-de-Copia-de-Copia-de-TAMANHO-EXATO-PARA-FOTOS-NO-SISTEMA-NOVO-2025-12-09T154607.765_2025-12-09_18-46-31.webp.webp?fit=1200%2C675&ssl=1&resize=1050%2C600 3x"},"classes":[]},{"id":60407,"url":"https:\/\/noticiasribeiraopreto.com.br\/index.php\/2024\/11\/13\/festival-joao-rock-2025-em-ribeirao-preto-ja-tem-data-veja-quando\/","url_meta":{"origin":71835,"position":3},"title":"Festival Jo\u00e3o Rock 2025, em Ribeir\u00e3o Preto, j\u00e1 tem data; Veja quando","author":"noticiasribeiraopreto.com.br","date":"13 de November de 2024","format":false,"excerpt":"O Festival Jo\u00e3o Rock 2025, em Ribeir\u00e3o Preto, j\u00e1 tem data marcada. O evento, que acontece no Parque Permanente de Exposi\u00e7\u00f5es, vai ser realizado no dia 14 de junho de 2025. A organiza\u00e7\u00e3o espera receber 70 mil pessoas no festival. \u00a0\u201cSem d\u00favidas, ser\u00e1 um evento cheio de novas experi\u00eancias e\u2026","rel":"","context":"In &quot;Not\u00edcias de Ribeir\u00e3o Preto-SP e Regi\u00e3o&quot;","block_context":{"text":"Not\u00edcias de Ribeir\u00e3o Preto-SP e Regi\u00e3o","link":"https:\/\/noticiasribeiraopreto.com.br\/index.php\/category\/noticias-de-ribeirao-preto-sp-e-regiao-ismael-colosi\/"},"img":{"alt_text":"","src":"https:\/\/i0.wp.com\/noticiasribeiraopreto.com.br\/wp-content\/uploads\/2024\/11\/joao-rock-3_2024-11-13_13-29-14_jpeg_2024-11-13_13-29-14-scaled.webp.webp?fit=1200%2C675&ssl=1&resize=350%2C200","width":350,"height":200,"srcset":"https:\/\/i0.wp.com\/noticiasribeiraopreto.com.br\/wp-content\/uploads\/2024\/11\/joao-rock-3_2024-11-13_13-29-14_jpeg_2024-11-13_13-29-14-scaled.webp.webp?fit=1200%2C675&ssl=1&resize=350%2C200 1x, https:\/\/i0.wp.com\/noticiasribeiraopreto.com.br\/wp-content\/uploads\/2024\/11\/joao-rock-3_2024-11-13_13-29-14_jpeg_2024-11-13_13-29-14-scaled.webp.webp?fit=1200%2C675&ssl=1&resize=525%2C300 1.5x, https:\/\/i0.wp.com\/noticiasribeiraopreto.com.br\/wp-content\/uploads\/2024\/11\/joao-rock-3_2024-11-13_13-29-14_jpeg_2024-11-13_13-29-14-scaled.webp.webp?fit=1200%2C675&ssl=1&resize=700%2C400 2x, https:\/\/i0.wp.com\/noticiasribeiraopreto.com.br\/wp-content\/uploads\/2024\/11\/joao-rock-3_2024-11-13_13-29-14_jpeg_2024-11-13_13-29-14-scaled.webp.webp?fit=1200%2C675&ssl=1&resize=1050%2C600 3x"},"classes":[]},{"id":51632,"url":"https:\/\/noticiasribeiraopreto.com.br\/index.php\/2024\/05\/28\/bungee-jump-roda-gigante-e-tirolesa-confira-experiencias-para-curtir-no-joao-rock-2024\/","url_meta":{"origin":71835,"position":4},"title":"Bungee Jump, roda-gigante e tirolesa: Confira experi\u00eancias para curtir no Jo\u00e3o Rock 2024","author":"noticiasribeiraopreto.com.br","date":"28 de May de 2024","format":false,"excerpt":"A 21\u00aa edi\u00e7\u00e3o do Jo\u00e3o Rock, que acontece no dia 8 de junho, no Parque Permanente de Exposi\u00e7\u00f5es, em Ribeir\u00e3o Preto, al\u00e9m de receber uma maratona musical com mais de 14 horas, ter\u00e1 experi\u00eancias \u00fanicas para o \u2018p\u00fablico aventureiro\u2019 aproveitar ainda mais o festival. Os ingressos on-line para o evento\u2026","rel":"","context":"In &quot;Not\u00edcias de Ribeir\u00e3o Preto-SP e Regi\u00e3o&quot;","block_context":{"text":"Not\u00edcias de Ribeir\u00e3o Preto-SP e Regi\u00e3o","link":"https:\/\/noticiasribeiraopreto.com.br\/index.php\/category\/noticias-de-ribeirao-preto-sp-e-regiao-ismael-colosi\/"},"img":{"alt_text":"","src":"https:\/\/i0.wp.com\/noticiasribeiraopreto.com.br\/wp-content\/uploads\/2024\/05\/joxo_rock_2.jpg?fit=1200%2C800&ssl=1&resize=350%2C200","width":350,"height":200,"srcset":"https:\/\/i0.wp.com\/noticiasribeiraopreto.com.br\/wp-content\/uploads\/2024\/05\/joxo_rock_2.jpg?fit=1200%2C800&ssl=1&resize=350%2C200 1x, https:\/\/i0.wp.com\/noticiasribeiraopreto.com.br\/wp-content\/uploads\/2024\/05\/joxo_rock_2.jpg?fit=1200%2C800&ssl=1&resize=525%2C300 1.5x, https:\/\/i0.wp.com\/noticiasribeiraopreto.com.br\/wp-content\/uploads\/2024\/05\/joxo_rock_2.jpg?fit=1200%2C800&ssl=1&resize=700%2C400 2x, https:\/\/i0.wp.com\/noticiasribeiraopreto.com.br\/wp-content\/uploads\/2024\/05\/joxo_rock_2.jpg?fit=1200%2C800&ssl=1&resize=1050%2C600 3x"},"classes":[]},{"id":63146,"url":"https:\/\/noticiasribeiraopreto.com.br\/index.php\/2025\/02\/04\/joao-rock-2025-anuncia-line-up-com-natiruts-nando-reis-e-vanessa-da-mata\/","url_meta":{"origin":71835,"position":5},"title":"Jo\u00e3o Rock 2025 anuncia line-up com Natiruts, Nando Reis e Vanessa da Mata","author":"noticiasribeiraopreto.com.br","date":"4 de February de 2025","format":false,"excerpt":"O Festival Jo\u00e3o Rock anunciou a line-up para sua 22\u00aa edi\u00e7\u00e3o, que acontece no dia 14 de junho, em Ribeir\u00e3o Preto. A programa\u00e7\u00e3o musical conta com Natiruts, Nando Reis e Vanessa da Mata. Ao todo, s\u00e3o 36 atra\u00e7\u00f5es nacionais. A edi\u00e7\u00e3o conta com quatro palcos: o Palco Jo\u00e3o Rock, sendo\u2026","rel":"","context":"In &quot;Not\u00edcias de Ribeir\u00e3o Preto-SP e Regi\u00e3o&quot;","block_context":{"text":"Not\u00edcias de Ribeir\u00e3o Preto-SP e Regi\u00e3o","link":"https:\/\/noticiasribeiraopreto.com.br\/index.php\/category\/noticias-de-ribeirao-preto-sp-e-regiao-ismael-colosi\/"},"img":{"alt_text":"","src":"https:\/\/i0.wp.com\/noticiasribeiraopreto.com.br\/wp-content\/uploads\/2025\/02\/joao-rock-4_2025-02-04_14-15-00_jpeg_2025-02-04_14-15-00.webp.webp?fit=1200%2C675&ssl=1&resize=350%2C200","width":350,"height":200,"srcset":"https:\/\/i0.wp.com\/noticiasribeiraopreto.com.br\/wp-content\/uploads\/2025\/02\/joao-rock-4_2025-02-04_14-15-00_jpeg_2025-02-04_14-15-00.webp.webp?fit=1200%2C675&ssl=1&resize=350%2C200 1x, https:\/\/i0.wp.com\/noticiasribeiraopreto.com.br\/wp-content\/uploads\/2025\/02\/joao-rock-4_2025-02-04_14-15-00_jpeg_2025-02-04_14-15-00.webp.webp?fit=1200%2C675&ssl=1&resize=525%2C300 1.5x, https:\/\/i0.wp.com\/noticiasribeiraopreto.com.br\/wp-content\/uploads\/2025\/02\/joao-rock-4_2025-02-04_14-15-00_jpeg_2025-02-04_14-15-00.webp.webp?fit=1200%2C675&ssl=1&resize=700%2C400 2x, https:\/\/i0.wp.com\/noticiasribeiraopreto.com.br\/wp-content\/uploads\/2025\/02\/joao-rock-4_2025-02-04_14-15-00_jpeg_2025-02-04_14-15-00.webp.webp?fit=1200%2C675&ssl=1&resize=1050%2C600 3x"},"classes":[]}],"jetpack_sharing_enabled":true,"jetpack_shortlink":"https:\/\/wp.me\/peQAOb-iGD","_links":{"self":[{"href":"https:\/\/noticiasribeiraopreto.com.br\/index.php\/wp-json\/wp\/v2\/posts\/71835","targetHints":{"allow":["GET"]}}],"collection":[{"href":"https:\/\/noticiasribeiraopreto.com.br\/index.php\/wp-json\/wp\/v2\/posts"}],"about":[{"href":"https:\/\/noticiasribeiraopreto.com.br\/index.php\/wp-json\/wp\/v2\/types\/post"}],"author":[{"embeddable":true,"href":"https:\/\/noticiasribeiraopreto.com.br\/index.php\/wp-json\/wp\/v2\/users\/1"}],"replies":[{"embeddable":true,"href":"https:\/\/noticiasribeiraopreto.com.br\/index.php\/wp-json\/wp\/v2\/comments?post=71835"}],"version-history":[{"count":0,"href":"https:\/\/noticiasribeiraopreto.com.br\/index.php\/wp-json\/wp\/v2\/posts\/71835\/revisions"}],"wp:featuredmedia":[{"embeddable":true,"href":"https:\/\/noticiasribeiraopreto.com.br\/index.php\/wp-json\/wp\/v2\/media\/60408"}],"wp:attachment":[{"href":"https:\/\/noticiasribeiraopreto.com.br\/index.php\/wp-json\/wp\/v2\/media?parent=71835"}],"wp:term":[{"taxonomy":"category","embeddable":true,"href":"https:\/\/noticiasribeiraopreto.com.br\/index.php\/wp-json\/wp\/v2\/categories?post=71835"},{"taxonomy":"post_tag","embeddable":true,"href":"https:\/\/noticiasribeiraopreto.com.br\/index.php\/wp-json\/wp\/v2\/tags?post=71835"}],"curies":[{"name":"wp","href":"https:\/\/api.w.org\/{rel}","templated":true}]}}