{"id":71867,"date":"2025-06-10T22:37:13","date_gmt":"2025-06-11T01:37:13","guid":{"rendered":"https:\/\/noticiasribeiraopreto.com.br\/index.php\/2025\/06\/10\/jornal-da-franca-alimentos-e-bebidas-zero-sao-realmente-saudaveis-descubra-a-resposta\/"},"modified":"2025-06-10T22:37:13","modified_gmt":"2025-06-11T01:37:13","slug":"jornal-da-franca-alimentos-e-bebidas-zero-sao-realmente-saudaveis-descubra-a-resposta","status":"publish","type":"post","link":"https:\/\/noticiasribeiraopreto.com.br\/index.php\/2025\/06\/10\/jornal-da-franca-alimentos-e-bebidas-zero-sao-realmente-saudaveis-descubra-a-resposta\/","title":{"rendered":"Jornal da Franca &#8211; Alimentos e bebidas &#8220;zero&#8221; s\u00e3o realmente saud\u00e1veis? Descubra a resposta!"},"content":{"rendered":"<p> <br \/>\n<\/p>\n<div>\n\t                            <a class=\"mb-1\" href=\"https:\/\/api.whatsapp.com\/send?text=Olha essa Not\u00edcia no Jornal da Franca.%0D%0D*Alimentos e bebidas \u201czero\u201d s\u00e3o realmente saud\u00e1veis? Descubra a resposta!*%0D%0Dclique na url abaixo%0Dhttps:\/\/www.jornaldafranca.com.br\/alimentos-e-bebidas-zero-sao-realmente-saudaveis-descubra-a-resposta\/\" target=\"_blank\"><span class=\"text-12 badge badge-pill badge-success\"><i class=\"fa fa-whatsapp\"\/> compartilhar no whatsapp<\/span><\/a><\/p>\n<p>\t                            <a class=\"mb-1\" href=\"https:\/\/telegram.me\/share\/url?url=https:\/\/www.jornaldafranca.com.br\/alimentos-e-bebidas-zero-sao-realmente-saudaveis-descubra-a-resposta\/&amp;text=Olha essa Not\u00edcia no Jornal da Franca.\" target=\"_blank\"><span class=\"text-12 badge badge-pill badge-info\"><i class=\"fa fa-telegram\"\/> compartilhar no telegram<\/span><\/a><\/p>\n<p>\t                            <a class=\"mb-1\" href=\"https:\/\/www.facebook.com\/sharer\/sharer.php?u=https:\/\/www.jornaldafranca.com.br\/alimentos-e-bebidas-zero-sao-realmente-saudaveis-descubra-a-resposta\/\" target=\"_blank\"><span class=\"text-12 badge badge-pill badge-primary\"><i class=\"fa fa-facebook\"\/> compartilhar no facebook<\/span><\/a><\/p>\n<p>\t                            <a class=\"mb-1\" href=\"https:\/\/www.linkedin.com\/shareArticle?mini=true&amp;url=https:\/\/www.jornaldafranca.com.br\/alimentos-e-bebidas-zero-sao-realmente-saudaveis-descubra-a-resposta\/&amp;title=Alimentos e bebidas \u201czero\u201d s\u00e3o realmente saud\u00e1veis? Descubra a resposta!&amp;source=JORNAL DA FRANCA\" target=\"_blank\"><span class=\"text-12 badge badge-pill badge-secondary\"><i class=\"fa fa-linkedin\"\/> compartilhar no linkedin<\/span><\/a><\/p>\n<div class=\"lead text-20\">\n<p>Especialista avalia se produtos \u201czero a\u00e7\u00facar\u201d e \u201czero \u00e1lcool\u201d s\u00e3o op\u00e7\u00f5es ben\u00e9ficas para a sa\u00fade e d\u00e1 dicas de como fazer escolhas inteligentes para dieta<\/p>\n<\/p><\/div>\n<p><img data-recalc-dims=\"1\" decoding=\"async\" src=\"https:\/\/i0.wp.com\/www.jornaldafranca.com.br\/wp-content\/uploads\/2023\/01\/mulher-com-suco-na-mao-supermercado-freepik-scaled.jpg?ssl=1\" alt=\"\"\/><\/p>\n<h6>Alimentos zero a\u00e7\u00facar, zero calorias e zero \u00e1lcool s\u00e3o realmente saud\u00e1veis? Foto Arquivo<\/h6>\n<p>\u00a0<\/p>\n<p>O consumo de alimentos e bebidas \u201czero\u201d \u2014 como zero a\u00e7\u00facar, zero calorias ou zero \u00e1lcool \u2014 tem se popularizado cada vez mais, principalmente entre aqueles que buscam uma dieta equilibrada ou fazem tratamento para doen\u00e7as cr\u00f4nicas, como o diabetes ou obesidade. Mas ser\u00e1 que esses produtos s\u00e3o, de fato, mais saud\u00e1veis?<\/p>\n<p>Para Gabriela Sangoi, atuante em nutrologia do Instituto Nutrindo Ideais, a associa\u00e7\u00e3o entre o r\u00f3tulo \u201czero a\u00e7\u00facar\u201d e uma alternativa mais saud\u00e1vel \u00e9, muitas vezes, enganosa.<\/p>\n<p>\u201cProdutos assim costumam conter uma combina\u00e7\u00e3o de ado\u00e7antes artificiais, corantes e conservantes que, embora n\u00e3o adicionem calorias, podem interferir negativamente no metabolismo, na regula\u00e7\u00e3o do apetite e at\u00e9 na sa\u00fade da microbiota intestinal\u201d, afirma Sangoi .<\/p>\n<p>\u201cO problema n\u00e3o est\u00e1 apenas na aus\u00eancia do a\u00e7\u00facar, mas nos ingredientes que entram no lugar dele \u2014 e seus efeitos, quando consumidos com frequ\u00eancia, ainda est\u00e3o longe de ser neutros\u201d, completa.<\/p>\n<p>Um bom exemplo \u00e9 o aspartame, um ado\u00e7ante artificial comumente utilizado em refrigerantes e doces \u201czero a\u00e7\u00facar\u201d.<\/p>\n<p>Um estudo recente publicado na revista <em>Cell Metabolism<\/em> mostrou que o ingrediente pode impactar a sa\u00fade cardiovascular, aumentando os n\u00edveis de insulina em animais e contribuindo para a aterosclerose (ac\u00famulo de placas de gordura nas art\u00e9rias).<\/p>\n<p>A condi\u00e7\u00e3o pode aumentar o risco de ataques card\u00edacos e derrames ao longo do tempo, al\u00e9m de elevar os n\u00edveis de inflama\u00e7\u00e3o.<\/p>\n<p>Os pesquisadores ainda precisam investigar suas descobertas em humanos, mas os resultados do estudo se somam a outras evid\u00eancias de que ado\u00e7antes artificiais podem ser prejudiciais \u00e0 sa\u00fade.<\/p>\n<p>Al\u00e9m disso, a Organiza\u00e7\u00e3o Mundial da Sa\u00fade (OMS) listou, em 2023, o aspartame como um produto \u201cpossivelmente cancer\u00edgeno\u201d, apesar de seguro em uma \u201cingest\u00e3o aceit\u00e1vel\u201d de 40 miligramas por dia.<\/p>\n<p>\u201cEm resumo, trocar a\u00e7\u00facar por aditivos artificiais n\u00e3o \u00e9 garantia de sa\u00fade. A qualidade nutricional deve sempre ser o crit\u00e9rio principal de escolhas inteligentes, refor\u00e7ando a import\u00e2ncia de escolhas alimentares baseadas em sa\u00fade e n\u00e3o apenas em calorias\u201d, orienta Sangoi.<\/p>\n<p><strong>Bebidas \u201czero \u00e1lcool\u201d s\u00e3o alternativas menos danosas, mas ainda \u00e9 preciso cautela<\/strong><\/p>\n<p>As bebidas zero \u00e1lcool, como cervejas e vinhos, s\u00e3o uma alternativa mais saud\u00e1vel, pois eliminam o componente t\u00f3xico das bebidas alco\u00f3licas: o etanol.<\/p>\n<p>Com isso, deixam de provocar efeitos como altera\u00e7\u00f5es hormonais, dist\u00farbios do sono, complica\u00e7\u00f5es hepatol\u00f3gicas e inflama\u00e7\u00e3o cr\u00f4nica.<\/p>\n<p>\u201cElas podem ser uma boa ponte para quem deseja reduzir ou parar o consumo de \u00e1lcool, mantendo o h\u00e1bito social sem preju\u00edzos fisiol\u00f3gicos\u201d, afirma Sangoi.<\/p>\n<p>No entanto, a especialista ressalta: \u201cNem todas s\u00e3o saud\u00e1veis. Algumas possuem altos teores de a\u00e7\u00facar, ado\u00e7antes artificiais e aditivos, o que pode neutralizar os benef\u00edcios\u201d.<\/p>\n<p><strong>Como fazer escolhas inteligentes ao comprar produtos \u201czero\u201d<\/strong><\/p>\n<p>Para fazer escolhas inteligentes durante suas compras, \u00e9 importante ler os r\u00f3tulos adequadamente. Sangoi explica que, pela legisla\u00e7\u00e3o, um alimento ou bebida pode se declarar \u201czero a\u00e7\u00facar\u201d se tiver at\u00e9 0,5 gramas de a\u00e7\u00facares por por\u00e7\u00e3o.<\/p>\n<p>\u201cIsso abre margem para que o a\u00e7\u00facar esteja presente em pequenas quantidades e, ainda assim, o produto leve essa alega\u00e7\u00e3o\u201d, observa.<\/p>\n<p>Por isso, o principal cuidado ao comprar produtos \u201czero\u201d \u00e9 ler a lista de ingredientes e verificar a tabela nutricional.<\/p>\n<p>Nomes como maltodextrina, xarope de glicose, dextrose, a\u00e7\u00facar invertido ou frutose indicam presen\u00e7a de a\u00e7\u00facares disfar\u00e7ados.<\/p>\n<p>\u201cUma dica pr\u00e1tica: quanto mais ingredientes voc\u00ea n\u00e3o reconhece ou n\u00e3o consegue pronunciar, mais processado e artificial provavelmente \u00e9 o produto\u201d, orienta Sangoi.<\/p>\n<p>Vale tomar cuidado tamb\u00e9m com produtos \u201csem adi\u00e7\u00e3o de a\u00e7\u00facar\u201d, mas que cont\u00eam o a\u00e7\u00facar natural dos pr\u00f3prios ingredientes.<\/p>\n<p>\u201cEsse r\u00f3tulo s\u00f3 indica que o fabricante n\u00e3o colocou a\u00e7\u00facar extra na f\u00f3rmula \u2014 mas o produto ainda pode ter a\u00e7\u00facares que j\u00e1 existem naturalmente nos ingredientes, como a frutose das frutas ou a lactose do leite\u201d, afirma a especialista.<\/p>\n<p>\u201cO ponto-chave \u00e9: qual \u00e9 a origem desse a\u00e7\u00facar e como ele est\u00e1 inserido no alimento? Em um iogurte natural, por exemplo, a lactose vem com prote\u00ednas, c\u00e1lcio e probi\u00f3ticos \u2014 e isso faz dele uma boa op\u00e7\u00e3o\u201d, afirma Sangoi.<\/p>\n<p>Por outro lado, em sucos de fruta concentrados, mesmo sem adi\u00e7\u00e3o de a\u00e7\u00facar, a frutose est\u00e1 isolada na composi\u00e7\u00e3o, sem as fibras da fruta inteira.<\/p>\n<p>Isso gera um pico de glicose no sangue e pouca saciedade, podendo contribuir para o diabetes e para o ganho de peso.<\/p>\n<p>\u201cEnt\u00e3o, mais importante do que olhar s\u00f3 se tem a\u00e7\u00facar adicionado ou n\u00e3o, \u00e9 avaliar se o alimento \u00e9 minimamente processado, rico em nutrientes e com boa densidade nutricional. Um ingrediente natural, quando fora de contexto, tamb\u00e9m pode perder o seu valor\u201d, orienta.<\/p>\n<p>Em rela\u00e7\u00e3o aos produtos \u201czero \u00e1lcool\u201d, a principal orienta\u00e7\u00e3o \u00e9 ler a composi\u00e7\u00e3o e observar a presen\u00e7a de a\u00e7\u00facar e aditivos artificiais, como corantes, conservantes e estabilizantes, que tamb\u00e9m possuem impacto na sa\u00fade intestinal e imunol\u00f3gica, segundo a especialista.<\/p>\n<p>Outro ponto \u00e9 observar o teor real de \u00e1lcool: algumas bebidas \u201czero\u201d ainda cont\u00eam at\u00e9 0,5% de etanol \u2014 o suficiente para gerar alerta em casos como gesta\u00e7\u00e3o, p\u00f3s-operat\u00f3rio ou uso de certos medicamentos.<\/p>\n<p>Fonte: <em><strong>CNN<\/strong><\/em><\/p>\n<p><!-- CONTENT END 1 --><\/p>\n<hr\/><\/div>\n<p><br \/>\n<br \/><a href=\"https:\/\/www.jornaldafranca.com.br\/alimentos-e-bebidas-zero-sao-realmente-saudaveis-descubra-a-resposta\/\">Source link <\/a><\/p>\n","protected":false},"excerpt":{"rendered":"<p>compartilhar no whatsapp compartilhar no telegram compartilhar no facebook compartilhar no linkedin Especialista avalia se produtos \u201czero a\u00e7\u00facar\u201d e \u201czero \u00e1lcool\u201d s\u00e3o op\u00e7\u00f5es ben\u00e9ficas para&#8230;<\/p>\n","protected":false},"author":1,"featured_media":71868,"comment_status":"open","ping_status":"open","sticky":false,"template":"","format":"standard","meta":{"advanced_seo_description":"","jetpack_seo_html_title":"","jetpack_seo_noindex":false,"jetpack_post_was_ever_published":false,"_jetpack_newsletter_access":"","_jetpack_dont_email_post_to_subs":false,"_jetpack_newsletter_tier_id":0,"_jetpack_memberships_contains_paywalled_content":false,"_jetpack_memberships_contains_paid_content":false,"footnotes":"","jetpack_publicize_message":"","jetpack_publicize_feature_enabled":true,"jetpack_social_post_already_shared":true,"jetpack_social_options":{"image_generator_settings":{"template":"highway","default_image_id":0,"font":"","enabled":false},"version":2}},"categories":[3597],"tags":[],"class_list":["post-71867","post","type-post","status-publish","format-standard","has-post-thumbnail","hentry","category-noticias-franca-sp"],"jetpack_publicize_connections":[],"jetpack_featured_media_url":"https:\/\/i0.wp.com\/noticiasribeiraopreto.com.br\/wp-content\/uploads\/2025\/06\/mulher-com-suco-na-mao-supermercado-freepik-scaled.jpg?fit=2560%2C1707&ssl=1","jetpack-related-posts":[{"id":73017,"url":"https:\/\/noticiasribeiraopreto.com.br\/index.php\/2025\/06\/24\/jornal-da-franca-clima-sera-de-frio-porem-agradavel-e-fresco-em-franca-nesta-terca-deve-chover\/","url_meta":{"origin":71867,"position":0},"title":"Jornal da Franca &#8211; Clima ser\u00e1 de frio, por\u00e9m agrad\u00e1vel e fresco em Franca nesta ter\u00e7a: deve chover","author":"noticiasribeiraopreto.com.br","date":"24 de June de 2025","format":false,"excerpt":"compartilhar no whatsapp compartilhar no telegram compartilhar no facebook compartilhar no linkedin Cidade tem previs\u00e3o de chuva de at\u00e9 12 mil\u00edmetros A previs\u00e3o do tempo para Franca indica um dia agrad\u00e1vel, com temperatura m\u00ednima de 5\u00b0C e m\u00e1xima de 22\u00b0C. H\u00e1 grande possibilidade de chuva, com volume de at\u00e9 12\u2026","rel":"","context":"In &quot;Not\u00edcias de Franca-SP&quot;","block_context":{"text":"Not\u00edcias de Franca-SP","link":"https:\/\/noticiasribeiraopreto.com.br\/index.php\/category\/noticias-de-ribeirao-preto-sp-e-regiao-ismael-colosi\/noticias-franca-sp\/"},"img":{"alt_text":"","src":"https:\/\/i0.wp.com\/noticiasribeiraopreto.com.br\/wp-content\/uploads\/2025\/06\/1750758766_Franca.jpeg?fit=1200%2C806&ssl=1&resize=350%2C200","width":350,"height":200,"srcset":"https:\/\/i0.wp.com\/noticiasribeiraopreto.com.br\/wp-content\/uploads\/2025\/06\/1750758766_Franca.jpeg?fit=1200%2C806&ssl=1&resize=350%2C200 1x, https:\/\/i0.wp.com\/noticiasribeiraopreto.com.br\/wp-content\/uploads\/2025\/06\/1750758766_Franca.jpeg?fit=1200%2C806&ssl=1&resize=525%2C300 1.5x, https:\/\/i0.wp.com\/noticiasribeiraopreto.com.br\/wp-content\/uploads\/2025\/06\/1750758766_Franca.jpeg?fit=1200%2C806&ssl=1&resize=700%2C400 2x, https:\/\/i0.wp.com\/noticiasribeiraopreto.com.br\/wp-content\/uploads\/2025\/06\/1750758766_Franca.jpeg?fit=1200%2C806&ssl=1&resize=1050%2C600 3x"},"classes":[]},{"id":69340,"url":"https:\/\/noticiasribeiraopreto.com.br\/index.php\/2025\/05\/05\/jornal-da-franca-implantacao-de-escola-civico-militar-em-franca-e-tema-de-debates-na-camara-municipal\/","url_meta":{"origin":71867,"position":1},"title":"Jornal da Franca &#8211; Implanta\u00e7\u00e3o de escola c\u00edvico-militar em Franca \u00e9 tema de debates na C\u00e2mara Municipal","author":"noticiasribeiraopreto.com.br","date":"5 de May de 2025","format":false,"excerpt":"compartilhar no whatsapp compartilhar no telegram compartilhar no facebook compartilhar no linkedin Mun\u00edcipe agradece apoio de vereadores e parlamentares para que Franca fosse contemplada com o modelo educacional A implanta\u00e7\u00e3o do Programa das Escolas C\u00edvico-Militares em Franca, pauta defendida pela direita, foi tema abordado durante a sess\u00e3o ordin\u00e1ria da C\u00e2mara\u2026","rel":"","context":"In &quot;Not\u00edcias de Franca-SP&quot;","block_context":{"text":"Not\u00edcias de Franca-SP","link":"https:\/\/noticiasribeiraopreto.com.br\/index.php\/category\/noticias-de-ribeirao-preto-sp-e-regiao-ismael-colosi\/noticias-franca-sp\/"},"img":{"alt_text":"","src":"https:\/\/i0.wp.com\/noticiasribeiraopreto.com.br\/wp-content\/uploads\/2025\/05\/1746449336_plenariodiagonal_0.jpg?fit=930%2C558&ssl=1&resize=350%2C200","width":350,"height":200,"srcset":"https:\/\/i0.wp.com\/noticiasribeiraopreto.com.br\/wp-content\/uploads\/2025\/05\/1746449336_plenariodiagonal_0.jpg?fit=930%2C558&ssl=1&resize=350%2C200 1x, https:\/\/i0.wp.com\/noticiasribeiraopreto.com.br\/wp-content\/uploads\/2025\/05\/1746449336_plenariodiagonal_0.jpg?fit=930%2C558&ssl=1&resize=525%2C300 1.5x, https:\/\/i0.wp.com\/noticiasribeiraopreto.com.br\/wp-content\/uploads\/2025\/05\/1746449336_plenariodiagonal_0.jpg?fit=930%2C558&ssl=1&resize=700%2C400 2x"},"classes":[]},{"id":70143,"url":"https:\/\/noticiasribeiraopreto.com.br\/index.php\/2025\/05\/23\/jornal-da-franca-chegou-a-sexta-feira-dia-sera-seco-mas-sem-muito-frio-em-franca-e-regiao\/","url_meta":{"origin":71867,"position":2},"title":"Jornal da Franca &#8211; Chegou a sexta-feira! Dia ser\u00e1 seco, mas sem muito frio em Franca e regi\u00e3o","author":"noticiasribeiraopreto.com.br","date":"23 de May de 2025","format":false,"excerpt":"compartilhar no whatsapp compartilhar no telegram compartilhar no facebook compartilhar no linkedin Previs\u00e3o do tempo para Franca nesta sexta-feira indica temperaturas amenas e c\u00e9u parcialmente nublado A sexta-feira chegou e a previs\u00e3o do tempo para Franca \u00e9 de um dia agrad\u00e1vel, com temperaturas amenas e c\u00e9u parcialmente nublado. De acordo\u2026","rel":"","context":"In &quot;Not\u00edcias de Franca-SP&quot;","block_context":{"text":"Not\u00edcias de Franca-SP","link":"https:\/\/noticiasribeiraopreto.com.br\/index.php\/category\/noticias-de-ribeirao-preto-sp-e-regiao-ismael-colosi\/noticias-franca-sp\/"},"img":{"alt_text":"","src":"https:\/\/i0.wp.com\/noticiasribeiraopreto.com.br\/wp-content\/uploads\/2025\/05\/campanha-do-agasalho.jpg?fit=1086%2C652&ssl=1&resize=350%2C200","width":350,"height":200,"srcset":"https:\/\/i0.wp.com\/noticiasribeiraopreto.com.br\/wp-content\/uploads\/2025\/05\/campanha-do-agasalho.jpg?fit=1086%2C652&ssl=1&resize=350%2C200 1x, https:\/\/i0.wp.com\/noticiasribeiraopreto.com.br\/wp-content\/uploads\/2025\/05\/campanha-do-agasalho.jpg?fit=1086%2C652&ssl=1&resize=525%2C300 1.5x, https:\/\/i0.wp.com\/noticiasribeiraopreto.com.br\/wp-content\/uploads\/2025\/05\/campanha-do-agasalho.jpg?fit=1086%2C652&ssl=1&resize=700%2C400 2x, https:\/\/i0.wp.com\/noticiasribeiraopreto.com.br\/wp-content\/uploads\/2025\/05\/campanha-do-agasalho.jpg?fit=1086%2C652&ssl=1&resize=1050%2C600 3x"},"classes":[]},{"id":69220,"url":"https:\/\/noticiasribeiraopreto.com.br\/index.php\/2025\/05\/03\/jornal-da-franca-socorristas-que-salvaram-crianca-em-franca-recebem-mocao-de-aplausos-da-camara\/","url_meta":{"origin":71867,"position":3},"title":"Jornal da Franca &#8211; Socorristas que salvaram crian\u00e7a em Franca\u00a0recebem Mo\u00e7\u00e3o de Aplausos da C\u00e2mara","author":"noticiasribeiraopreto.com.br","date":"3 de May de 2025","format":false,"excerpt":"compartilhar no whatsapp compartilhar no telegram compartilhar no facebook compartilhar no linkedin Mo\u00e7\u00e3o reconhece trabalho de equipe de sa\u00fade que atuou no salvamento de beb\u00ea A C\u00e2mara aprovou a Mo\u00e7\u00e3o de Aplausos n\u00ba 41 de 2025, de autoria do vereador Walker Bombeiro da Libras, para a equipe de sa\u00fade da\u2026","rel":"","context":"In &quot;Not\u00edcias de Franca-SP&quot;","block_context":{"text":"Not\u00edcias de Franca-SP","link":"https:\/\/noticiasribeiraopreto.com.br\/index.php\/category\/noticias-de-ribeirao-preto-sp-e-regiao-ismael-colosi\/noticias-franca-sp\/"},"img":{"alt_text":"","src":"https:\/\/i0.wp.com\/noticiasribeiraopreto.com.br\/wp-content\/uploads\/2025\/05\/mocaoravi17sessao.jpg?fit=1000%2C562&ssl=1&resize=350%2C200","width":350,"height":200,"srcset":"https:\/\/i0.wp.com\/noticiasribeiraopreto.com.br\/wp-content\/uploads\/2025\/05\/mocaoravi17sessao.jpg?fit=1000%2C562&ssl=1&resize=350%2C200 1x, https:\/\/i0.wp.com\/noticiasribeiraopreto.com.br\/wp-content\/uploads\/2025\/05\/mocaoravi17sessao.jpg?fit=1000%2C562&ssl=1&resize=525%2C300 1.5x, https:\/\/i0.wp.com\/noticiasribeiraopreto.com.br\/wp-content\/uploads\/2025\/05\/mocaoravi17sessao.jpg?fit=1000%2C562&ssl=1&resize=700%2C400 2x"},"classes":[]},{"id":67863,"url":"https:\/\/noticiasribeiraopreto.com.br\/index.php\/2025\/04\/19\/jornal-da-franca-sesi-franca-quer-vencer-o-cordoba-e-deixar-a-champions-league-de-cabeca-erguida\/","url_meta":{"origin":71867,"position":4},"title":"Jornal da Franca &#8211; Sesi Franca quer vencer o C\u00f3rdoba e deixar a Champions League de cabe\u00e7a erguida","author":"noticiasribeiraopreto.com.br","date":"19 de April de 2025","format":false,"excerpt":"compartilhar no whatsapp compartilhar no telegram compartilhar no facebook compartilhar no linkedin Jogo de hoje servir\u00e1 para a equipe se reencontrar e encerrar campeonato honrosamente O Sesi Franca ainda procura se reencontrar ap\u00f3s a elimina\u00e7\u00e3o contra o Flamengo pelas semifinais da Champions League, por 91 a 65, na noite desta\u2026","rel":"","context":"In &quot;Not\u00edcias de Franca-SP&quot;","block_context":{"text":"Not\u00edcias de Franca-SP","link":"https:\/\/noticiasribeiraopreto.com.br\/index.php\/category\/noticias-de-ribeirao-preto-sp-e-regiao-ismael-colosi\/noticias-franca-sp\/"},"img":{"alt_text":"","src":"https:\/\/i0.wp.com\/noticiasribeiraopreto.com.br\/wp-content\/uploads\/2025\/04\/IMG_20250418_111654.jpg?fit=1080%2C710&ssl=1&resize=350%2C200","width":350,"height":200,"srcset":"https:\/\/i0.wp.com\/noticiasribeiraopreto.com.br\/wp-content\/uploads\/2025\/04\/IMG_20250418_111654.jpg?fit=1080%2C710&ssl=1&resize=350%2C200 1x, https:\/\/i0.wp.com\/noticiasribeiraopreto.com.br\/wp-content\/uploads\/2025\/04\/IMG_20250418_111654.jpg?fit=1080%2C710&ssl=1&resize=525%2C300 1.5x, https:\/\/i0.wp.com\/noticiasribeiraopreto.com.br\/wp-content\/uploads\/2025\/04\/IMG_20250418_111654.jpg?fit=1080%2C710&ssl=1&resize=700%2C400 2x, https:\/\/i0.wp.com\/noticiasribeiraopreto.com.br\/wp-content\/uploads\/2025\/04\/IMG_20250418_111654.jpg?fit=1080%2C710&ssl=1&resize=1050%2C600 3x"},"classes":[]},{"id":72002,"url":"https:\/\/noticiasribeiraopreto.com.br\/index.php\/2025\/06\/12\/jornal-da-franca-cinco-partidas-movimentam-a-rodada-da-copa-franca-de-basquete-neste-domingo-15\/","url_meta":{"origin":71867,"position":5},"title":"Jornal da Franca &#8211; Cinco partidas movimentam a rodada da Copa Franca de Basquete neste domingo, 15","author":"noticiasribeiraopreto.com.br","date":"12 de June de 2025","format":false,"excerpt":"compartilhar no whatsapp compartilhar no telegram compartilhar no facebook compartilhar no linkedin Secretaria de Esporte e Cultura de Franca promove competi\u00e7\u00e3o com 28 equipes participantes Jogos acontecem no Gin\u00e1sio Pedroc\u00e3o a partir das 8h30, reunindo equipes da regi\u00e3o \u00a0 A tradicional Copa Franca de Basquete ter\u00e1 mais uma rodada neste\u2026","rel":"","context":"In &quot;Not\u00edcias de Franca-SP&quot;","block_context":{"text":"Not\u00edcias de Franca-SP","link":"https:\/\/noticiasribeiraopreto.com.br\/index.php\/category\/noticias-de-ribeirao-preto-sp-e-regiao-ismael-colosi\/noticias-franca-sp\/"},"img":{"alt_text":"","src":"https:\/\/i0.wp.com\/noticiasribeiraopreto.com.br\/wp-content\/uploads\/2025\/06\/Copa-Basquete.jpeg?fit=1200%2C802&ssl=1&resize=350%2C200","width":350,"height":200,"srcset":"https:\/\/i0.wp.com\/noticiasribeiraopreto.com.br\/wp-content\/uploads\/2025\/06\/Copa-Basquete.jpeg?fit=1200%2C802&ssl=1&resize=350%2C200 1x, https:\/\/i0.wp.com\/noticiasribeiraopreto.com.br\/wp-content\/uploads\/2025\/06\/Copa-Basquete.jpeg?fit=1200%2C802&ssl=1&resize=525%2C300 1.5x, https:\/\/i0.wp.com\/noticiasribeiraopreto.com.br\/wp-content\/uploads\/2025\/06\/Copa-Basquete.jpeg?fit=1200%2C802&ssl=1&resize=700%2C400 2x, https:\/\/i0.wp.com\/noticiasribeiraopreto.com.br\/wp-content\/uploads\/2025\/06\/Copa-Basquete.jpeg?fit=1200%2C802&ssl=1&resize=1050%2C600 3x"},"classes":[]}],"jetpack_sharing_enabled":true,"jetpack_shortlink":"https:\/\/wp.me\/peQAOb-iH9","_links":{"self":[{"href":"https:\/\/noticiasribeiraopreto.com.br\/index.php\/wp-json\/wp\/v2\/posts\/71867","targetHints":{"allow":["GET"]}}],"collection":[{"href":"https:\/\/noticiasribeiraopreto.com.br\/index.php\/wp-json\/wp\/v2\/posts"}],"about":[{"href":"https:\/\/noticiasribeiraopreto.com.br\/index.php\/wp-json\/wp\/v2\/types\/post"}],"author":[{"embeddable":true,"href":"https:\/\/noticiasribeiraopreto.com.br\/index.php\/wp-json\/wp\/v2\/users\/1"}],"replies":[{"embeddable":true,"href":"https:\/\/noticiasribeiraopreto.com.br\/index.php\/wp-json\/wp\/v2\/comments?post=71867"}],"version-history":[{"count":0,"href":"https:\/\/noticiasribeiraopreto.com.br\/index.php\/wp-json\/wp\/v2\/posts\/71867\/revisions"}],"wp:featuredmedia":[{"embeddable":true,"href":"https:\/\/noticiasribeiraopreto.com.br\/index.php\/wp-json\/wp\/v2\/media\/71868"}],"wp:attachment":[{"href":"https:\/\/noticiasribeiraopreto.com.br\/index.php\/wp-json\/wp\/v2\/media?parent=71867"}],"wp:term":[{"taxonomy":"category","embeddable":true,"href":"https:\/\/noticiasribeiraopreto.com.br\/index.php\/wp-json\/wp\/v2\/categories?post=71867"},{"taxonomy":"post_tag","embeddable":true,"href":"https:\/\/noticiasribeiraopreto.com.br\/index.php\/wp-json\/wp\/v2\/tags?post=71867"}],"curies":[{"name":"wp","href":"https:\/\/api.w.org\/{rel}","templated":true}]}}