{"id":71877,"date":"2025-06-11T01:41:17","date_gmt":"2025-06-11T04:41:17","guid":{"rendered":"https:\/\/noticiasribeiraopreto.com.br\/index.php\/2025\/06\/11\/jornal-da-franca-espaco-nao-e-desculpa-ate-em-apartamento-da-pra-plantar-a-propria-horta\/"},"modified":"2025-06-11T01:41:17","modified_gmt":"2025-06-11T04:41:17","slug":"jornal-da-franca-espaco-nao-e-desculpa-ate-em-apartamento-da-pra-plantar-a-propria-horta","status":"publish","type":"post","link":"https:\/\/noticiasribeiraopreto.com.br\/index.php\/2025\/06\/11\/jornal-da-franca-espaco-nao-e-desculpa-ate-em-apartamento-da-pra-plantar-a-propria-horta\/","title":{"rendered":"Jornal da Franca &#8211; Espa\u00e7o n\u00e3o \u00e9 desculpa; at\u00e9 em apartamento d\u00e1 pra plantar a pr\u00f3pria horta"},"content":{"rendered":"<p> <br \/>\n<\/p>\n<div>\n\t                            <a class=\"mb-1\" href=\"https:\/\/api.whatsapp.com\/send?text=Olha essa Not\u00edcia no Jornal da Franca.%0D%0D*Espa\u00e7o n\u00e3o \u00e9 desculpa; at\u00e9 em apartamento d\u00e1 pra plantar a pr\u00f3pria horta*%0D%0Dclique na url abaixo%0Dhttps:\/\/www.jornaldafranca.com.br\/aprenda-a-fazer-sua-propria-horta-em-casa-e-ter-temperos-sempre-fresquinhos\/\" target=\"_blank\"><span class=\"text-12 badge badge-pill badge-success\"><i class=\"fa fa-whatsapp\"\/> compartilhar no whatsapp<\/span><\/a><\/p>\n<p>\t                            <a class=\"mb-1\" href=\"https:\/\/telegram.me\/share\/url?url=https:\/\/www.jornaldafranca.com.br\/aprenda-a-fazer-sua-propria-horta-em-casa-e-ter-temperos-sempre-fresquinhos\/&amp;text=Olha essa Not\u00edcia no Jornal da Franca.\" target=\"_blank\"><span class=\"text-12 badge badge-pill badge-info\"><i class=\"fa fa-telegram\"\/> compartilhar no telegram<\/span><\/a><\/p>\n<p>\t                            <a class=\"mb-1\" href=\"https:\/\/www.facebook.com\/sharer\/sharer.php?u=https:\/\/www.jornaldafranca.com.br\/aprenda-a-fazer-sua-propria-horta-em-casa-e-ter-temperos-sempre-fresquinhos\/\" target=\"_blank\"><span class=\"text-12 badge badge-pill badge-primary\"><i class=\"fa fa-facebook\"\/> compartilhar no facebook<\/span><\/a><\/p>\n<p>\t                            <a class=\"mb-1\" href=\"https:\/\/www.linkedin.com\/shareArticle?mini=true&amp;url=https:\/\/www.jornaldafranca.com.br\/aprenda-a-fazer-sua-propria-horta-em-casa-e-ter-temperos-sempre-fresquinhos\/&amp;title=Espa\u00e7o n\u00e3o \u00e9 desculpa; at\u00e9 em apartamento d\u00e1 pra plantar a pr\u00f3pria horta&amp;source=JORNAL DA FRANCA\" target=\"_blank\"><span class=\"text-12 badge badge-pill badge-secondary\"><i class=\"fa fa-linkedin\"\/> compartilhar no linkedin<\/span><\/a><\/p>\n<div class=\"lead text-20\">\n<p>Em qualquer espa\u00e7o \u00e9 poss\u00edvel plantar, at\u00e9 mesmo no apertado ambiente de um apartamento. Saiba mais<\/p>\n<\/p><\/div>\n<p><img data-recalc-dims=\"1\" decoding=\"async\" class=\"alignright\" src=\"https:\/\/i0.wp.com\/www.jornaldafranca.com.br\/wp-content\/uploads\/2022\/02\/IMG-20220220-WA0019.jpg?ssl=1\" alt=\"\"\/><\/p>\n<h6\/>\n<p>\u00a0<\/p>\n<p>Quem gosta de cozinhar, sabe que os temperos fazem toda a diferen\u00e7a em uma receita. Se voc\u00ea \u00e9 o respons\u00e1vel pelas refei\u00e7\u00f5es nas reuni\u00f5es de fam\u00edlia e amigos, com certeza j\u00e1 pensou em ter uma hortinha.<\/p>\n<p>Condimentos bem fresquinhos deixam toda comida muito mais saborosa. Uma \u00f3tima alternativa para garantir o frescor e qualidade dos temperos, \u00e9 ter uma horta.<\/p>\n<p>Sim, \u00e9 poss\u00edvel cultivar temperos e hortali\u00e7as de forma simples e pr\u00e1tica, at\u00e9 mesmo em espa\u00e7os reduzidos.<\/p>\n<p>Assim, aprender como fazer uma horta de temperos em casa lhe proporcionar\u00e1 refei\u00e7\u00f5es mais saud\u00e1veis, al\u00e9m de ganhar um ambiente charmoso com aroma e a beleza das plantas.<\/p>\n<p>O primeiro passo para se fazer uma horta em casa, \u00e9 definir o local dispon\u00edvel no seu lar. O evento de 2025 representa uma oportunidade rara para observar de perto a intera\u00e7\u00e3o entre diferentes fen\u00f4menos astron\u00f4micos. E, para lhe dar uma ajuda, listamos algumas ideias para voc\u00ea achar o espa\u00e7o ideal.<\/p>\n<p><strong>Jardim<\/strong><\/p>\n<p>Se voc\u00ea mora em casa e tiver um quintal at\u00e9 mesmo pequeno, vale a pena investir em um jardim. Adicione o cultivo de alguns temperos, pois existem \u00f3timas combina\u00e7\u00f5es que ajudar\u00e3o na fertiliza\u00e7\u00e3o da terra.<\/p>\n<p>\u2022 Reserve um espa\u00e7o no jardim, pode ser com uma cerca ou pedras;<\/p>\n<p>\u2022 Prepare a terra com adubos e demais materiais org\u00e2nicos para ter nutrientes para suas plantas;<\/p>\n<p>\u2022 De tempos em tempos, fertilize e adube sua horta;<\/p>\n<p>\u2022 Dependendo do tamanho do seu jardim, vale a pena plantar tamb\u00e9m tomates e outros legumes.<\/p>\n<p><strong>Horta vertical<\/strong><\/p>\n<p>Para quem tem pouco espa\u00e7o, tanto casa ou apartamento, \u00e9 poss\u00edvel fazer uma horta vertical. Os vasos, grandes ou pequenos, s\u00e3o uma \u00f3tima op\u00e7\u00e3o para isto.<\/p>\n<p>Mas, temos tamb\u00e9m as garrafas pet que podem ser usadas como vasos, assim, voc\u00ea ajudar\u00e1 o meio ambiente reutilizando embalagens recicl\u00e1veis.<\/p>\n<p>Enfim, este modelo tem a vantagem de ocupar pouco espa\u00e7o e ainda dar\u00e1 um charme ao seu lar. Seguem algumas dicas:<\/p>\n<p>\u2022 Opte por terra j\u00e1 adubada;<\/p>\n<p>\u2022 Os vasos dever\u00e3o ter furos para escoar a \u00e1gua;<\/p>\n<p>\u2022 J\u00e1 as garrafas pet, voc\u00ea ter\u00e1 que fazer furos, e lembre-se de lavar a embalagem antes;<\/p>\n<p>\u2022 Cuidado com o peso para n\u00e3o acontecer nenhum acidente;<\/p>\n<p>\u2022 Por ter v\u00e1rios recipientes, voc\u00ea conseguir\u00e1 misturar temperos, ou at\u00e9 flores.<\/p>\n<p><strong>O que plantar na horta?<\/strong><\/p>\n<p>Antes de iniciar este projeto, fa\u00e7a uma an\u00e1lise de quais temperos e hortali\u00e7as voc\u00ea tem interesse e condi\u00e7\u00f5es de cultivar.<\/p>\n<p>Algumas op\u00e7\u00f5es s\u00e3o vers\u00e1teis, podendo ser cultivadas em jardim ou em pouco espa\u00e7o. A frente mostraremos as op\u00e7\u00f5es mais comuns.<\/p>\n<p><strong>Coentro<\/strong><\/p>\n<p>\u00c9 uma dos ingredientes mais usados em saladas e assados, pois tem um sabor caracter\u00edstico e forte. Com certeza ele dar\u00e1 um sabor especial em seu prato.<\/p>\n<p>\u2022 Como cuidar \u2013 O coentro precisa receber a luz do sol diariamente para real\u00e7ar o seu sabor. Outra dica \u00e9 regar com pouca \u00e1gua, sem encharcar;<\/p>\n<p>\u2022 Quando plantar \u2013 Ela se adapta bem a todos os climas, mas o ideal \u00e9 plant\u00e1-la na primavera;<\/p>\n<p>\u2022 Quando colher \u2013 Geralmente voc\u00ea poder\u00e1 colher entre 30 a 70 dias ap\u00f3s o plantio. Busque cortar as folhas e talos individualmente.<\/p>\n<p><strong>Cebolinha<\/strong><\/p>\n<p>A cebolinha \u00e9 um dos temperos mais democr\u00e1ticos, de saladas \u00e0 molhos para carnes. A planta d\u00e1 um gostinho mais \u00e1cido \u00e0s receitas real\u00e7ando os sabores.<\/p>\n<p>\u2022 Como cuidar \u2013 Fa\u00e7a o plantio em lugares bem iluminados, mas n\u00e3o precisa receber luz do sol diretamente. Deve ser regada um pouco todos os dias;<\/p>\n<p>\u2022 Quando plantar \u2013 Poder\u00e1 ser plantada durante todo ano, mas, se poss\u00edvel, d\u00ea prefer\u00eancias para quando o clima estiver mais ameno;<\/p>\n<p>\u2022 Quando colher \u2013 O ideal \u00e9 fazer a colheita depois de 2 a 4 meses do plantio. Sempre fa\u00e7a este processo retirando as folhas inteiras, jamais pela metade.<\/p>\n<p><strong>Manjeric\u00e3o<\/strong><\/p>\n<p>Conhecido por um aroma bastante marcante, e quando usado corretamente, empresta um pouco do seu perfume para os alimentos. Este tempero vai muito bem em molhos ou em carnes.<\/p>\n<p>\u2022 Como cuidar \u2013 \u00c9 muito importante reg\u00e1-lo diariamente, e quanto \u00e0 luz do sol, algumas horas j\u00e1 s\u00e3o suficientes;<\/p>\n<p>\u2022 Quando plantar \u2013 Esta planta n\u00e3o gosta de temperaturas baixas, ent\u00e3o, sempre plante em temperaturas acima de 18\u00ba C;<\/p>\n<p>\u2022 Quando colher \u2013 Ele poder\u00e1 ser colhido depois de 2 ou 3 meses do plantio.<\/p>\n<p><strong>Hortel\u00e3<\/strong><\/p>\n<p>Provavelmente \u00e9 o tempero mais comum nas cozinhas, pois \u00e9 usado em ch\u00e1s, sucos e at\u00e9 mesmo em saladas. Use este ingrediente para suavizar os sabores dos pratos.<\/p>\n<p>\u2022 Como cuidar \u2013 Ele n\u00e3o precisa de sol diretamente, mas precisa de bastante \u00e1gua (cuidado para n\u00e3o encharcar);<\/p>\n<p>\u2022 Quando plantar \u2013 D\u00ea prefer\u00eancia para plantar este tempero na primavera ou outono, pois gosta mais de temperaturas amenas;<\/p>\n<p>\u2022 Quando colher \u2013 Pode ser feita a colheita a qualquer momento. Voc\u00ea poder\u00e1 optar por colher pelas folhas ou pela haste, se for este \u00faltimo, corte acima do primeiro par de folhas.<\/p>\n<p><!-- CONTENT END 1 --><\/p>\n<hr\/><\/div>\n<p><br \/>\n<br \/><a href=\"https:\/\/www.jornaldafranca.com.br\/aprenda-a-fazer-sua-propria-horta-em-casa-e-ter-temperos-sempre-fresquinhos\/\">Source link <\/a><\/p>\n","protected":false},"excerpt":{"rendered":"<p>compartilhar no whatsapp compartilhar no telegram compartilhar no facebook compartilhar no linkedin Em qualquer espa\u00e7o \u00e9 poss\u00edvel plantar, at\u00e9 mesmo no apertado ambiente de um&#8230;<\/p>\n","protected":false},"author":1,"featured_media":71878,"comment_status":"open","ping_status":"open","sticky":false,"template":"","format":"standard","meta":{"advanced_seo_description":"","jetpack_seo_html_title":"","jetpack_seo_noindex":false,"jetpack_post_was_ever_published":false,"_jetpack_newsletter_access":"","_jetpack_dont_email_post_to_subs":false,"_jetpack_newsletter_tier_id":0,"_jetpack_memberships_contains_paywalled_content":false,"_jetpack_memberships_contains_paid_content":false,"footnotes":"","jetpack_publicize_message":"","jetpack_publicize_feature_enabled":true,"jetpack_social_post_already_shared":true,"jetpack_social_options":{"image_generator_settings":{"template":"highway","default_image_id":0,"font":"","enabled":false},"version":2}},"categories":[3597],"tags":[],"class_list":["post-71877","post","type-post","status-publish","format-standard","has-post-thumbnail","hentry","category-noticias-franca-sp"],"jetpack_publicize_connections":[],"jetpack_featured_media_url":"https:\/\/i0.wp.com\/noticiasribeiraopreto.com.br\/wp-content\/uploads\/2025\/06\/IMG-20220220-WA0019.jpg?fit=1200%2C800&ssl=1","jetpack-related-posts":[{"id":72002,"url":"https:\/\/noticiasribeiraopreto.com.br\/index.php\/2025\/06\/12\/jornal-da-franca-cinco-partidas-movimentam-a-rodada-da-copa-franca-de-basquete-neste-domingo-15\/","url_meta":{"origin":71877,"position":0},"title":"Jornal da Franca &#8211; Cinco partidas movimentam a rodada da Copa Franca de Basquete neste domingo, 15","author":"noticiasribeiraopreto.com.br","date":"12 de June de 2025","format":false,"excerpt":"compartilhar no whatsapp compartilhar no telegram compartilhar no facebook compartilhar no linkedin Secretaria de Esporte e Cultura de Franca promove competi\u00e7\u00e3o com 28 equipes participantes Jogos acontecem no Gin\u00e1sio Pedroc\u00e3o a partir das 8h30, reunindo equipes da regi\u00e3o \u00a0 A tradicional Copa Franca de Basquete ter\u00e1 mais uma rodada neste\u2026","rel":"","context":"In &quot;Not\u00edcias de Franca-SP&quot;","block_context":{"text":"Not\u00edcias de Franca-SP","link":"https:\/\/noticiasribeiraopreto.com.br\/index.php\/category\/noticias-de-ribeirao-preto-sp-e-regiao-ismael-colosi\/noticias-franca-sp\/"},"img":{"alt_text":"","src":"https:\/\/i0.wp.com\/noticiasribeiraopreto.com.br\/wp-content\/uploads\/2025\/06\/Copa-Basquete.jpeg?fit=1200%2C802&ssl=1&resize=350%2C200","width":350,"height":200,"srcset":"https:\/\/i0.wp.com\/noticiasribeiraopreto.com.br\/wp-content\/uploads\/2025\/06\/Copa-Basquete.jpeg?fit=1200%2C802&ssl=1&resize=350%2C200 1x, https:\/\/i0.wp.com\/noticiasribeiraopreto.com.br\/wp-content\/uploads\/2025\/06\/Copa-Basquete.jpeg?fit=1200%2C802&ssl=1&resize=525%2C300 1.5x, https:\/\/i0.wp.com\/noticiasribeiraopreto.com.br\/wp-content\/uploads\/2025\/06\/Copa-Basquete.jpeg?fit=1200%2C802&ssl=1&resize=700%2C400 2x, https:\/\/i0.wp.com\/noticiasribeiraopreto.com.br\/wp-content\/uploads\/2025\/06\/Copa-Basquete.jpeg?fit=1200%2C802&ssl=1&resize=1050%2C600 3x"},"classes":[]},{"id":69340,"url":"https:\/\/noticiasribeiraopreto.com.br\/index.php\/2025\/05\/05\/jornal-da-franca-implantacao-de-escola-civico-militar-em-franca-e-tema-de-debates-na-camara-municipal\/","url_meta":{"origin":71877,"position":1},"title":"Jornal da Franca &#8211; Implanta\u00e7\u00e3o de escola c\u00edvico-militar em Franca \u00e9 tema de debates na C\u00e2mara Municipal","author":"noticiasribeiraopreto.com.br","date":"5 de May de 2025","format":false,"excerpt":"compartilhar no whatsapp compartilhar no telegram compartilhar no facebook compartilhar no linkedin Mun\u00edcipe agradece apoio de vereadores e parlamentares para que Franca fosse contemplada com o modelo educacional A implanta\u00e7\u00e3o do Programa das Escolas C\u00edvico-Militares em Franca, pauta defendida pela direita, foi tema abordado durante a sess\u00e3o ordin\u00e1ria da C\u00e2mara\u2026","rel":"","context":"In &quot;Not\u00edcias de Franca-SP&quot;","block_context":{"text":"Not\u00edcias de Franca-SP","link":"https:\/\/noticiasribeiraopreto.com.br\/index.php\/category\/noticias-de-ribeirao-preto-sp-e-regiao-ismael-colosi\/noticias-franca-sp\/"},"img":{"alt_text":"","src":"https:\/\/i0.wp.com\/noticiasribeiraopreto.com.br\/wp-content\/uploads\/2025\/05\/1746449336_plenariodiagonal_0.jpg?fit=930%2C558&ssl=1&resize=350%2C200","width":350,"height":200,"srcset":"https:\/\/i0.wp.com\/noticiasribeiraopreto.com.br\/wp-content\/uploads\/2025\/05\/1746449336_plenariodiagonal_0.jpg?fit=930%2C558&ssl=1&resize=350%2C200 1x, https:\/\/i0.wp.com\/noticiasribeiraopreto.com.br\/wp-content\/uploads\/2025\/05\/1746449336_plenariodiagonal_0.jpg?fit=930%2C558&ssl=1&resize=525%2C300 1.5x, https:\/\/i0.wp.com\/noticiasribeiraopreto.com.br\/wp-content\/uploads\/2025\/05\/1746449336_plenariodiagonal_0.jpg?fit=930%2C558&ssl=1&resize=700%2C400 2x"},"classes":[]},{"id":69220,"url":"https:\/\/noticiasribeiraopreto.com.br\/index.php\/2025\/05\/03\/jornal-da-franca-socorristas-que-salvaram-crianca-em-franca-recebem-mocao-de-aplausos-da-camara\/","url_meta":{"origin":71877,"position":2},"title":"Jornal da Franca &#8211; Socorristas que salvaram crian\u00e7a em Franca\u00a0recebem Mo\u00e7\u00e3o de Aplausos da C\u00e2mara","author":"noticiasribeiraopreto.com.br","date":"3 de May de 2025","format":false,"excerpt":"compartilhar no whatsapp compartilhar no telegram compartilhar no facebook compartilhar no linkedin Mo\u00e7\u00e3o reconhece trabalho de equipe de sa\u00fade que atuou no salvamento de beb\u00ea A C\u00e2mara aprovou a Mo\u00e7\u00e3o de Aplausos n\u00ba 41 de 2025, de autoria do vereador Walker Bombeiro da Libras, para a equipe de sa\u00fade da\u2026","rel":"","context":"In &quot;Not\u00edcias de Franca-SP&quot;","block_context":{"text":"Not\u00edcias de Franca-SP","link":"https:\/\/noticiasribeiraopreto.com.br\/index.php\/category\/noticias-de-ribeirao-preto-sp-e-regiao-ismael-colosi\/noticias-franca-sp\/"},"img":{"alt_text":"","src":"https:\/\/i0.wp.com\/noticiasribeiraopreto.com.br\/wp-content\/uploads\/2025\/05\/mocaoravi17sessao.jpg?fit=1000%2C562&ssl=1&resize=350%2C200","width":350,"height":200,"srcset":"https:\/\/i0.wp.com\/noticiasribeiraopreto.com.br\/wp-content\/uploads\/2025\/05\/mocaoravi17sessao.jpg?fit=1000%2C562&ssl=1&resize=350%2C200 1x, https:\/\/i0.wp.com\/noticiasribeiraopreto.com.br\/wp-content\/uploads\/2025\/05\/mocaoravi17sessao.jpg?fit=1000%2C562&ssl=1&resize=525%2C300 1.5x, https:\/\/i0.wp.com\/noticiasribeiraopreto.com.br\/wp-content\/uploads\/2025\/05\/mocaoravi17sessao.jpg?fit=1000%2C562&ssl=1&resize=700%2C400 2x"},"classes":[]},{"id":64747,"url":"https:\/\/noticiasribeiraopreto.com.br\/index.php\/2025\/03\/12\/jornal-da-franca-autoridades-e-produtores-rurais-de-franca-fazem-abertura-da-16-edicao-do-simcafe\/","url_meta":{"origin":71877,"position":3},"title":"Jornal da Franca &#8211; Autoridades e produtores rurais de Franca fazem abertura da 16\u00b0 edi\u00e7\u00e3o do SimCaf\u00e9","author":"noticiasribeiraopreto.com.br","date":"12 de March de 2025","format":false,"excerpt":"compartilhar no whatsapp compartilhar no telegram compartilhar no facebook compartilhar no linkedin Evento re\u00fane cafeicultores e empresas do setor de agro de Franca e regi\u00e3o O Simcaf\u00e9 \u2013 Simp\u00f3sio do Agroneg\u00f3cio Caf\u00e9 da Alta Mogiana \u2013 teve sua 16\u00b0 edi\u00e7\u00e3o aberta nesta ter\u00e7a-feira com a presen\u00e7a de diversas autoridades pol\u00edticas.\u2026","rel":"","context":"In &quot;Not\u00edcias de Franca-SP&quot;","block_context":{"text":"Not\u00edcias de Franca-SP","link":"https:\/\/noticiasribeiraopreto.com.br\/index.php\/category\/noticias-de-ribeirao-preto-sp-e-regiao-ismael-colosi\/noticias-franca-sp\/"},"img":{"alt_text":"","src":"https:\/\/i0.wp.com\/noticiasribeiraopreto.com.br\/wp-content\/uploads\/2025\/03\/IMG_20250311_180004.jpg?fit=804%2C730&ssl=1&resize=350%2C200","width":350,"height":200,"srcset":"https:\/\/i0.wp.com\/noticiasribeiraopreto.com.br\/wp-content\/uploads\/2025\/03\/IMG_20250311_180004.jpg?fit=804%2C730&ssl=1&resize=350%2C200 1x, https:\/\/i0.wp.com\/noticiasribeiraopreto.com.br\/wp-content\/uploads\/2025\/03\/IMG_20250311_180004.jpg?fit=804%2C730&ssl=1&resize=525%2C300 1.5x, https:\/\/i0.wp.com\/noticiasribeiraopreto.com.br\/wp-content\/uploads\/2025\/03\/IMG_20250311_180004.jpg?fit=804%2C730&ssl=1&resize=700%2C400 2x"},"classes":[]},{"id":69837,"url":"https:\/\/noticiasribeiraopreto.com.br\/index.php\/2025\/05\/09\/jornal-da-franca-comissao-da-camara-de-franca-cobra-informacoes-das-secretarias-de-saude-e-educacao\/","url_meta":{"origin":71877,"position":4},"title":"Jornal da Franca &#8211; Comiss\u00e3o da C\u00e2mara de Franca cobra informa\u00e7\u00f5es das secretarias de Sa\u00fade e Educa\u00e7\u00e3o","author":"noticiasribeiraopreto.com.br","date":"9 de May de 2025","format":false,"excerpt":"compartilhar no whatsapp compartilhar no telegram compartilhar no facebook compartilhar no linkedin Grupo de vereadores fiscaliza condi\u00e7\u00f5es de trabalho de servidores municipais Os vereadores Mar\u00edlia Martins (PSOL), Gilson Pelizaro (PT), Marcelo Tidy (MDB) e Zezinho Cabeleireiro (PSD), integrantes da Comiss\u00e3o Especial de Assuntos Relevantes (CEAR) da C\u00e2mara Municipal de Franca,\u2026","rel":"","context":"In &quot;Not\u00edcias de Franca-SP&quot;","block_context":{"text":"Not\u00edcias de Franca-SP","link":"https:\/\/noticiasribeiraopreto.com.br\/index.php\/category\/noticias-de-ribeirao-preto-sp-e-regiao-ismael-colosi\/noticias-franca-sp\/"},"img":{"alt_text":"","src":"https:\/\/i0.wp.com\/noticiasribeiraopreto.com.br\/wp-content\/uploads\/2025\/05\/pLENARIO-10.jpg?fit=930%2C558&ssl=1&resize=350%2C200","width":350,"height":200,"srcset":"https:\/\/i0.wp.com\/noticiasribeiraopreto.com.br\/wp-content\/uploads\/2025\/05\/pLENARIO-10.jpg?fit=930%2C558&ssl=1&resize=350%2C200 1x, https:\/\/i0.wp.com\/noticiasribeiraopreto.com.br\/wp-content\/uploads\/2025\/05\/pLENARIO-10.jpg?fit=930%2C558&ssl=1&resize=525%2C300 1.5x, https:\/\/i0.wp.com\/noticiasribeiraopreto.com.br\/wp-content\/uploads\/2025\/05\/pLENARIO-10.jpg?fit=930%2C558&ssl=1&resize=700%2C400 2x"},"classes":[]},{"id":67863,"url":"https:\/\/noticiasribeiraopreto.com.br\/index.php\/2025\/04\/19\/jornal-da-franca-sesi-franca-quer-vencer-o-cordoba-e-deixar-a-champions-league-de-cabeca-erguida\/","url_meta":{"origin":71877,"position":5},"title":"Jornal da Franca &#8211; Sesi Franca quer vencer o C\u00f3rdoba e deixar a Champions League de cabe\u00e7a erguida","author":"noticiasribeiraopreto.com.br","date":"19 de April de 2025","format":false,"excerpt":"compartilhar no whatsapp compartilhar no telegram compartilhar no facebook compartilhar no linkedin Jogo de hoje servir\u00e1 para a equipe se reencontrar e encerrar campeonato honrosamente O Sesi Franca ainda procura se reencontrar ap\u00f3s a elimina\u00e7\u00e3o contra o Flamengo pelas semifinais da Champions League, por 91 a 65, na noite desta\u2026","rel":"","context":"In &quot;Not\u00edcias de Franca-SP&quot;","block_context":{"text":"Not\u00edcias de Franca-SP","link":"https:\/\/noticiasribeiraopreto.com.br\/index.php\/category\/noticias-de-ribeirao-preto-sp-e-regiao-ismael-colosi\/noticias-franca-sp\/"},"img":{"alt_text":"","src":"https:\/\/i0.wp.com\/noticiasribeiraopreto.com.br\/wp-content\/uploads\/2025\/04\/IMG_20250418_111654.jpg?fit=1080%2C710&ssl=1&resize=350%2C200","width":350,"height":200,"srcset":"https:\/\/i0.wp.com\/noticiasribeiraopreto.com.br\/wp-content\/uploads\/2025\/04\/IMG_20250418_111654.jpg?fit=1080%2C710&ssl=1&resize=350%2C200 1x, https:\/\/i0.wp.com\/noticiasribeiraopreto.com.br\/wp-content\/uploads\/2025\/04\/IMG_20250418_111654.jpg?fit=1080%2C710&ssl=1&resize=525%2C300 1.5x, https:\/\/i0.wp.com\/noticiasribeiraopreto.com.br\/wp-content\/uploads\/2025\/04\/IMG_20250418_111654.jpg?fit=1080%2C710&ssl=1&resize=700%2C400 2x, https:\/\/i0.wp.com\/noticiasribeiraopreto.com.br\/wp-content\/uploads\/2025\/04\/IMG_20250418_111654.jpg?fit=1080%2C710&ssl=1&resize=1050%2C600 3x"},"classes":[]}],"jetpack_sharing_enabled":true,"jetpack_shortlink":"https:\/\/wp.me\/peQAOb-iHj","_links":{"self":[{"href":"https:\/\/noticiasribeiraopreto.com.br\/index.php\/wp-json\/wp\/v2\/posts\/71877","targetHints":{"allow":["GET"]}}],"collection":[{"href":"https:\/\/noticiasribeiraopreto.com.br\/index.php\/wp-json\/wp\/v2\/posts"}],"about":[{"href":"https:\/\/noticiasribeiraopreto.com.br\/index.php\/wp-json\/wp\/v2\/types\/post"}],"author":[{"embeddable":true,"href":"https:\/\/noticiasribeiraopreto.com.br\/index.php\/wp-json\/wp\/v2\/users\/1"}],"replies":[{"embeddable":true,"href":"https:\/\/noticiasribeiraopreto.com.br\/index.php\/wp-json\/wp\/v2\/comments?post=71877"}],"version-history":[{"count":0,"href":"https:\/\/noticiasribeiraopreto.com.br\/index.php\/wp-json\/wp\/v2\/posts\/71877\/revisions"}],"wp:featuredmedia":[{"embeddable":true,"href":"https:\/\/noticiasribeiraopreto.com.br\/index.php\/wp-json\/wp\/v2\/media\/71878"}],"wp:attachment":[{"href":"https:\/\/noticiasribeiraopreto.com.br\/index.php\/wp-json\/wp\/v2\/media?parent=71877"}],"wp:term":[{"taxonomy":"category","embeddable":true,"href":"https:\/\/noticiasribeiraopreto.com.br\/index.php\/wp-json\/wp\/v2\/categories?post=71877"},{"taxonomy":"post_tag","embeddable":true,"href":"https:\/\/noticiasribeiraopreto.com.br\/index.php\/wp-json\/wp\/v2\/tags?post=71877"}],"curies":[{"name":"wp","href":"https:\/\/api.w.org\/{rel}","templated":true}]}}