{"id":71879,"date":"2025-06-11T06:52:54","date_gmt":"2025-06-11T09:52:54","guid":{"rendered":"https:\/\/noticiasribeiraopreto.com.br\/index.php\/2025\/06\/11\/jornal-da-franca-durante-o-dia-voce-sente-sono-avalie-com-seu-medico-se-esta-dentro-da-normalidade\/"},"modified":"2025-06-11T06:52:54","modified_gmt":"2025-06-11T09:52:54","slug":"jornal-da-franca-durante-o-dia-voce-sente-sono-avalie-com-seu-medico-se-esta-dentro-da-normalidade","status":"publish","type":"post","link":"https:\/\/noticiasribeiraopreto.com.br\/index.php\/2025\/06\/11\/jornal-da-franca-durante-o-dia-voce-sente-sono-avalie-com-seu-medico-se-esta-dentro-da-normalidade\/","title":{"rendered":"Jornal da Franca &#8211; Durante o dia voc\u00ea sente sono? Avalie com seu m\u00e9dico se est\u00e1 dentro da normalidade"},"content":{"rendered":"<p> <br \/>\n<\/p>\n<div>\n\t                            <a class=\"mb-1\" href=\"https:\/\/api.whatsapp.com\/send?text=Olha essa Not\u00edcia no Jornal da Franca.%0D%0D*Durante o dia voc\u00ea sente sono? Avalie com seu m\u00e9dico se est\u00e1 dentro da normalidade*%0D%0Dclique na url abaixo%0Dhttps:\/\/www.jornaldafranca.com.br\/sono-exagerado-durante-o-dia-pode-alertar-para-uma-grave-situacao-saiba-mais-aqui\/\" target=\"_blank\"><span class=\"text-12 badge badge-pill badge-success\"><i class=\"fa fa-whatsapp\"\/> compartilhar no whatsapp<\/span><\/a><\/p>\n<p>\t                            <a class=\"mb-1\" href=\"https:\/\/telegram.me\/share\/url?url=https:\/\/www.jornaldafranca.com.br\/sono-exagerado-durante-o-dia-pode-alertar-para-uma-grave-situacao-saiba-mais-aqui\/&amp;text=Olha essa Not\u00edcia no Jornal da Franca.\" target=\"_blank\"><span class=\"text-12 badge badge-pill badge-info\"><i class=\"fa fa-telegram\"\/> compartilhar no telegram<\/span><\/a><\/p>\n<p>\t                            <a class=\"mb-1\" href=\"https:\/\/www.facebook.com\/sharer\/sharer.php?u=https:\/\/www.jornaldafranca.com.br\/sono-exagerado-durante-o-dia-pode-alertar-para-uma-grave-situacao-saiba-mais-aqui\/\" target=\"_blank\"><span class=\"text-12 badge badge-pill badge-primary\"><i class=\"fa fa-facebook\"\/> compartilhar no facebook<\/span><\/a><\/p>\n<p>\t                            <a class=\"mb-1\" href=\"https:\/\/www.linkedin.com\/shareArticle?mini=true&amp;url=https:\/\/www.jornaldafranca.com.br\/sono-exagerado-durante-o-dia-pode-alertar-para-uma-grave-situacao-saiba-mais-aqui\/&amp;title=Durante o dia voc\u00ea sente sono? Avalie com seu m\u00e9dico se est\u00e1 dentro da normalidade&amp;source=JORNAL DA FRANCA\" target=\"_blank\"><span class=\"text-12 badge badge-pill badge-secondary\"><i class=\"fa fa-linkedin\"\/> compartilhar no linkedin<\/span><\/a><\/p>\n<div class=\"lead text-20\">\n<p>Segundo o relato de especialistas, \u00e9 poss\u00edvel detectar o quanto \u00e9 saud\u00e1vel o sono diurno\u00a0<\/p>\n<\/p><\/div>\n<p><img data-recalc-dims=\"1\" decoding=\"async\" src=\"https:\/\/i0.wp.com\/www.jornaldafranca.com.br\/wp-content\/uploads\/2023\/02\/IMG-20230211-WA0007.jpg?ssl=1\" alt=\"\"\/><\/p>\n<h6>Segundo o relato de especialistas, \u00e9 poss\u00edvel detectar o quanto \u00e9 saud\u00e1vel o sono diurno<\/h6>\n<p>A sonol\u00eancia durante o dia pode ser reflexo de condi\u00e7\u00f5es m\u00e9dicas como a narcolepsia, que atinge entre 0,02 e 0,18% da popula\u00e7\u00e3o<\/p>\n<p>Excesso de sono durante o dia \u00e9 um indicativo de que alguma coisa est\u00e1 errada com o organismo e precisa de tratamento certo<\/p>\n<p>Quem nunca ficou cansado \u201cdo nada\u201d no meio da tarde? Ter sono durante o dia pode acontecer com qualquer um que teve uma noite ruim, fez muitos exerc\u00edcios f\u00edsicos ou at\u00e9 mesmo em casos de gripes ou resfriados, que sugam a nossa energia.<\/p>\n<p>Tudo isso \u00e9 normal. Mas quando essa exaust\u00e3o incontrol\u00e1vel de dia \u00e9 excessiva ou cont\u00ednua, pode ser um sinal de alerta para a sonol\u00eancia diurna.<\/p>\n<p>O que \u00e9 sonol\u00eancia diurna?<\/p>\n<p>Tamb\u00e9m conhecida como hipersonia ou hipersonol\u00eancia, a sonol\u00eancia excessiva diurna (SED) \u00e9 a incapacidade de se manter alerta ou acordado durante o per\u00edodo do dia.<\/p>\n<p>A dispers\u00e3o \u00e9 t\u00e3o grande que a pessoa pode chegar a dormir ou cochilar durante as tarefas mais corriqueiras da rotina.<\/p>\n<p>A\u00ed que mora o perigo. Imagine uma pessoa com SED dirigindo e pegando no sono. De acordo com o neurocientista Russell Foster, estima-se que 31% dos motoristas dormem ao volante ao menos uma vez em suas vidas.<\/p>\n<p>N\u00e3o \u00e0 toa o \u00edndice de fatalidades em decorr\u00eancia de motoristas que adormecem j\u00e1 supera os de dire\u00e7\u00e3o embriagada e sob influ\u00eancia de drogas juntas.<\/p>\n<p>Tamb\u00e9m \u00e9 importante diferenciar a sonol\u00eancia diurna da fadiga, que \u00e9 uma condi\u00e7\u00e3o de cansa\u00e7o adquirido com o prolongamento de atividades exaustivas mentalmente e \/ ou fisicamente.<\/p>\n<p>Uma maneira de diferenci\u00e1-las \u00e9 a recupera\u00e7\u00e3o que cada uma exige: enquanto a fadiga \u00e9 remediada com repouso, a SED exige sono.<\/p>\n<p>As causas da SED<\/p>\n<p>Em muitos casos, a sonol\u00eancia diurna \u00e9 uma consequ\u00eancia da priva\u00e7\u00e3o do sono, efeito de medica\u00e7\u00f5es como anti-histam\u00ednicos ou relaxantes musculares, apneia do sono ou depress\u00e3o, entre outros fatores. Neste caso, ela \u00e9 classificada como secund\u00e1ria.<\/p>\n<p>A hipersonia prim\u00e1ria \u201c\u00e9 menos comum\u201d, explica a Associa\u00e7\u00e3o Americana de M\u00e9dicos da Fam\u00edlia. Neste caso, a sonol\u00eancia pode ser reflexo de outras condi\u00e7\u00f5es m\u00e9dicas como a narcolepsia, que atinge entre 0,02 e 0,18% da popula\u00e7\u00e3o, ou a hipersonia idiop\u00e1tica.<\/p>\n<p>Como detectar a sonol\u00eancia diurna?<\/p>\n<p>O diagn\u00f3stico deve ser feito por um m\u00e9dico, que avalia uma s\u00e9rie de fatores cl\u00ednicos, como o hist\u00f3rico m\u00e9dico e o impacto da sonol\u00eancia no dia a dia do paciente, sobretudo para diferenci\u00e1-la da fadiga.<\/p>\n<p>Os exames f\u00edsicos focam em quest\u00f5es como a hipertens\u00e3o, circunfer\u00eancia do pesco\u00e7o e estrutura do maxilar, todos de rela\u00e7\u00e3o \u00edntima com a apneia do sono.<\/p>\n<p>Como muitas pessoas t\u00eam mais sonol\u00eancia do que efetivamente percebem, existem tamb\u00e9m question\u00e1rios m\u00e9dicos que ajudam a determinar a fundo a intensidade da SED.<\/p>\n<p>Um desses question\u00e1rios \u00e9 a Escala de Sonol\u00eancia de Epworth.<\/p>\n<p>Ele \u00e9 composto de oito situa\u00e7\u00f5es cotidianas e o paciente deve pontuar cada uma de 0 a 3 pontos, sendo o 0 \u201cnenhuma chance de ficar sonolento fazendo\u201d e o 3 \u201caltas chances de ficar sonolento fazendo\u201d. Veja abaixo as perguntas:<\/p>\n<p>\u2022 Lendo sentado<\/p>\n<p>\u2022 Vendo televis\u00e3o<\/p>\n<p>\u2022 Sentado inativo em espa\u00e7o p\u00fablico (como teatro ou reuni\u00f5es)<\/p>\n<p>\u2022 Viajando de carro como passageiro por uma hora, sem paradas<\/p>\n<p>\u2022 Deitado \u00e0 tarde para descansar<\/p>\n<p>\u2022 Conversando com algu\u00e9m<\/p>\n<p>\u2022 Sentado ap\u00f3s o jantar, n\u00e3o tendo ingerindo \u00e1lcool<\/p>\n<p>\u2022 No carro para por alguns minutos no tr\u00e2nsito.<\/p>\n<p>Avalia\u00e7\u00e3o<\/p>\n<p>Se voc\u00ea marcar acima de 11 pontos, procure um m\u00e9dico para relatar a sonol\u00eancia diurna.<\/p>\n<p>Se voc\u00ea marcar menos de 11 pontos, mas j\u00e1 \u201cpescou\u201d ao volante ou cochila regularmente em aula ou reuni\u00f5es, tamb\u00e9m \u00e9 necess\u00e1rio buscar um profissional de sa\u00fade do sono.<\/p>\n<p>Ambos os casos s\u00e3o sinais de alerta para sonol\u00eancia diurna.<\/p>\n<p>Tratamento para sonol\u00eancia diurna<\/p>\n<p>O tratamento da hipersonia deve levar em conta a sua classifica\u00e7\u00e3o e, geralmente, come\u00e7a pela corre\u00e7\u00e3o de potenciais causas cl\u00ednicas agravantes, como hipotiroidismo ou anemia cr\u00f4nica.<\/p>\n<p>No caso da sonol\u00eancia secund\u00e1ria, o processo tem que considerar a sua causa. Quando ela \u00e9 ocasionada por medicamentos, por exemplo, devem ser discutidas entre m\u00e9dico e paciente alternativas de tratamento ou associa\u00e7\u00e3o de medica\u00e7\u00f5es que diminuam o sono.<\/p>\n<p>\u00c9 importante ressaltar que o tratamento da SED \u00e9 sempre individualizado e deve ser baseado na sua gravidade e seus sintomas.<\/p>\n<p><!-- CONTENT END 1 --><\/p>\n<hr\/><\/div>\n<p><br \/>\n<br \/><a href=\"https:\/\/www.jornaldafranca.com.br\/sono-exagerado-durante-o-dia-pode-alertar-para-uma-grave-situacao-saiba-mais-aqui\/\">Source link <\/a><\/p>\n","protected":false},"excerpt":{"rendered":"<p>compartilhar no whatsapp compartilhar no telegram compartilhar no facebook compartilhar no linkedin Segundo o relato de especialistas, \u00e9 poss\u00edvel detectar o quanto \u00e9 saud\u00e1vel o&#8230;<\/p>\n","protected":false},"author":1,"featured_media":71880,"comment_status":"open","ping_status":"open","sticky":false,"template":"","format":"standard","meta":{"advanced_seo_description":"","jetpack_seo_html_title":"","jetpack_seo_noindex":false,"jetpack_post_was_ever_published":false,"_jetpack_newsletter_access":"","_jetpack_dont_email_post_to_subs":false,"_jetpack_newsletter_tier_id":0,"_jetpack_memberships_contains_paywalled_content":false,"_jetpack_memberships_contains_paid_content":false,"footnotes":"","jetpack_publicize_message":"","jetpack_publicize_feature_enabled":true,"jetpack_social_post_already_shared":true,"jetpack_social_options":{"image_generator_settings":{"template":"highway","default_image_id":0,"font":"","enabled":false},"version":2}},"categories":[3597],"tags":[],"class_list":["post-71879","post","type-post","status-publish","format-standard","has-post-thumbnail","hentry","category-noticias-franca-sp"],"jetpack_publicize_connections":[],"jetpack_featured_media_url":"https:\/\/i0.wp.com\/noticiasribeiraopreto.com.br\/wp-content\/uploads\/2025\/06\/IMG-20230211-WA0007.jpg?fit=1600%2C1196&ssl=1","jetpack-related-posts":[{"id":72002,"url":"https:\/\/noticiasribeiraopreto.com.br\/index.php\/2025\/06\/12\/jornal-da-franca-cinco-partidas-movimentam-a-rodada-da-copa-franca-de-basquete-neste-domingo-15\/","url_meta":{"origin":71879,"position":0},"title":"Jornal da Franca &#8211; Cinco partidas movimentam a rodada da Copa Franca de Basquete neste domingo, 15","author":"noticiasribeiraopreto.com.br","date":"12 de June de 2025","format":false,"excerpt":"compartilhar no whatsapp compartilhar no telegram compartilhar no facebook compartilhar no linkedin Secretaria de Esporte e Cultura de Franca promove competi\u00e7\u00e3o com 28 equipes participantes Jogos acontecem no Gin\u00e1sio Pedroc\u00e3o a partir das 8h30, reunindo equipes da regi\u00e3o \u00a0 A tradicional Copa Franca de Basquete ter\u00e1 mais uma rodada neste\u2026","rel":"","context":"In &quot;Not\u00edcias de Franca-SP&quot;","block_context":{"text":"Not\u00edcias de Franca-SP","link":"https:\/\/noticiasribeiraopreto.com.br\/index.php\/category\/noticias-de-ribeirao-preto-sp-e-regiao-ismael-colosi\/noticias-franca-sp\/"},"img":{"alt_text":"","src":"https:\/\/i0.wp.com\/noticiasribeiraopreto.com.br\/wp-content\/uploads\/2025\/06\/Copa-Basquete.jpeg?fit=1200%2C802&ssl=1&resize=350%2C200","width":350,"height":200,"srcset":"https:\/\/i0.wp.com\/noticiasribeiraopreto.com.br\/wp-content\/uploads\/2025\/06\/Copa-Basquete.jpeg?fit=1200%2C802&ssl=1&resize=350%2C200 1x, https:\/\/i0.wp.com\/noticiasribeiraopreto.com.br\/wp-content\/uploads\/2025\/06\/Copa-Basquete.jpeg?fit=1200%2C802&ssl=1&resize=525%2C300 1.5x, https:\/\/i0.wp.com\/noticiasribeiraopreto.com.br\/wp-content\/uploads\/2025\/06\/Copa-Basquete.jpeg?fit=1200%2C802&ssl=1&resize=700%2C400 2x, https:\/\/i0.wp.com\/noticiasribeiraopreto.com.br\/wp-content\/uploads\/2025\/06\/Copa-Basquete.jpeg?fit=1200%2C802&ssl=1&resize=1050%2C600 3x"},"classes":[]},{"id":69340,"url":"https:\/\/noticiasribeiraopreto.com.br\/index.php\/2025\/05\/05\/jornal-da-franca-implantacao-de-escola-civico-militar-em-franca-e-tema-de-debates-na-camara-municipal\/","url_meta":{"origin":71879,"position":1},"title":"Jornal da Franca &#8211; Implanta\u00e7\u00e3o de escola c\u00edvico-militar em Franca \u00e9 tema de debates na C\u00e2mara Municipal","author":"noticiasribeiraopreto.com.br","date":"5 de May de 2025","format":false,"excerpt":"compartilhar no whatsapp compartilhar no telegram compartilhar no facebook compartilhar no linkedin Mun\u00edcipe agradece apoio de vereadores e parlamentares para que Franca fosse contemplada com o modelo educacional A implanta\u00e7\u00e3o do Programa das Escolas C\u00edvico-Militares em Franca, pauta defendida pela direita, foi tema abordado durante a sess\u00e3o ordin\u00e1ria da C\u00e2mara\u2026","rel":"","context":"In &quot;Not\u00edcias de Franca-SP&quot;","block_context":{"text":"Not\u00edcias de Franca-SP","link":"https:\/\/noticiasribeiraopreto.com.br\/index.php\/category\/noticias-de-ribeirao-preto-sp-e-regiao-ismael-colosi\/noticias-franca-sp\/"},"img":{"alt_text":"","src":"https:\/\/i0.wp.com\/noticiasribeiraopreto.com.br\/wp-content\/uploads\/2025\/05\/1746449336_plenariodiagonal_0.jpg?fit=930%2C558&ssl=1&resize=350%2C200","width":350,"height":200,"srcset":"https:\/\/i0.wp.com\/noticiasribeiraopreto.com.br\/wp-content\/uploads\/2025\/05\/1746449336_plenariodiagonal_0.jpg?fit=930%2C558&ssl=1&resize=350%2C200 1x, https:\/\/i0.wp.com\/noticiasribeiraopreto.com.br\/wp-content\/uploads\/2025\/05\/1746449336_plenariodiagonal_0.jpg?fit=930%2C558&ssl=1&resize=525%2C300 1.5x, https:\/\/i0.wp.com\/noticiasribeiraopreto.com.br\/wp-content\/uploads\/2025\/05\/1746449336_plenariodiagonal_0.jpg?fit=930%2C558&ssl=1&resize=700%2C400 2x"},"classes":[]},{"id":69220,"url":"https:\/\/noticiasribeiraopreto.com.br\/index.php\/2025\/05\/03\/jornal-da-franca-socorristas-que-salvaram-crianca-em-franca-recebem-mocao-de-aplausos-da-camara\/","url_meta":{"origin":71879,"position":2},"title":"Jornal da Franca &#8211; Socorristas que salvaram crian\u00e7a em Franca\u00a0recebem Mo\u00e7\u00e3o de Aplausos da C\u00e2mara","author":"noticiasribeiraopreto.com.br","date":"3 de May de 2025","format":false,"excerpt":"compartilhar no whatsapp compartilhar no telegram compartilhar no facebook compartilhar no linkedin Mo\u00e7\u00e3o reconhece trabalho de equipe de sa\u00fade que atuou no salvamento de beb\u00ea A C\u00e2mara aprovou a Mo\u00e7\u00e3o de Aplausos n\u00ba 41 de 2025, de autoria do vereador Walker Bombeiro da Libras, para a equipe de sa\u00fade da\u2026","rel":"","context":"In &quot;Not\u00edcias de Franca-SP&quot;","block_context":{"text":"Not\u00edcias de Franca-SP","link":"https:\/\/noticiasribeiraopreto.com.br\/index.php\/category\/noticias-de-ribeirao-preto-sp-e-regiao-ismael-colosi\/noticias-franca-sp\/"},"img":{"alt_text":"","src":"https:\/\/i0.wp.com\/noticiasribeiraopreto.com.br\/wp-content\/uploads\/2025\/05\/mocaoravi17sessao.jpg?fit=1000%2C562&ssl=1&resize=350%2C200","width":350,"height":200,"srcset":"https:\/\/i0.wp.com\/noticiasribeiraopreto.com.br\/wp-content\/uploads\/2025\/05\/mocaoravi17sessao.jpg?fit=1000%2C562&ssl=1&resize=350%2C200 1x, https:\/\/i0.wp.com\/noticiasribeiraopreto.com.br\/wp-content\/uploads\/2025\/05\/mocaoravi17sessao.jpg?fit=1000%2C562&ssl=1&resize=525%2C300 1.5x, https:\/\/i0.wp.com\/noticiasribeiraopreto.com.br\/wp-content\/uploads\/2025\/05\/mocaoravi17sessao.jpg?fit=1000%2C562&ssl=1&resize=700%2C400 2x"},"classes":[]},{"id":64747,"url":"https:\/\/noticiasribeiraopreto.com.br\/index.php\/2025\/03\/12\/jornal-da-franca-autoridades-e-produtores-rurais-de-franca-fazem-abertura-da-16-edicao-do-simcafe\/","url_meta":{"origin":71879,"position":3},"title":"Jornal da Franca &#8211; Autoridades e produtores rurais de Franca fazem abertura da 16\u00b0 edi\u00e7\u00e3o do SimCaf\u00e9","author":"noticiasribeiraopreto.com.br","date":"12 de March de 2025","format":false,"excerpt":"compartilhar no whatsapp compartilhar no telegram compartilhar no facebook compartilhar no linkedin Evento re\u00fane cafeicultores e empresas do setor de agro de Franca e regi\u00e3o O Simcaf\u00e9 \u2013 Simp\u00f3sio do Agroneg\u00f3cio Caf\u00e9 da Alta Mogiana \u2013 teve sua 16\u00b0 edi\u00e7\u00e3o aberta nesta ter\u00e7a-feira com a presen\u00e7a de diversas autoridades pol\u00edticas.\u2026","rel":"","context":"In &quot;Not\u00edcias de Franca-SP&quot;","block_context":{"text":"Not\u00edcias de Franca-SP","link":"https:\/\/noticiasribeiraopreto.com.br\/index.php\/category\/noticias-de-ribeirao-preto-sp-e-regiao-ismael-colosi\/noticias-franca-sp\/"},"img":{"alt_text":"","src":"https:\/\/i0.wp.com\/noticiasribeiraopreto.com.br\/wp-content\/uploads\/2025\/03\/IMG_20250311_180004.jpg?fit=804%2C730&ssl=1&resize=350%2C200","width":350,"height":200,"srcset":"https:\/\/i0.wp.com\/noticiasribeiraopreto.com.br\/wp-content\/uploads\/2025\/03\/IMG_20250311_180004.jpg?fit=804%2C730&ssl=1&resize=350%2C200 1x, https:\/\/i0.wp.com\/noticiasribeiraopreto.com.br\/wp-content\/uploads\/2025\/03\/IMG_20250311_180004.jpg?fit=804%2C730&ssl=1&resize=525%2C300 1.5x, https:\/\/i0.wp.com\/noticiasribeiraopreto.com.br\/wp-content\/uploads\/2025\/03\/IMG_20250311_180004.jpg?fit=804%2C730&ssl=1&resize=700%2C400 2x"},"classes":[]},{"id":69837,"url":"https:\/\/noticiasribeiraopreto.com.br\/index.php\/2025\/05\/09\/jornal-da-franca-comissao-da-camara-de-franca-cobra-informacoes-das-secretarias-de-saude-e-educacao\/","url_meta":{"origin":71879,"position":4},"title":"Jornal da Franca &#8211; Comiss\u00e3o da C\u00e2mara de Franca cobra informa\u00e7\u00f5es das secretarias de Sa\u00fade e Educa\u00e7\u00e3o","author":"noticiasribeiraopreto.com.br","date":"9 de May de 2025","format":false,"excerpt":"compartilhar no whatsapp compartilhar no telegram compartilhar no facebook compartilhar no linkedin Grupo de vereadores fiscaliza condi\u00e7\u00f5es de trabalho de servidores municipais Os vereadores Mar\u00edlia Martins (PSOL), Gilson Pelizaro (PT), Marcelo Tidy (MDB) e Zezinho Cabeleireiro (PSD), integrantes da Comiss\u00e3o Especial de Assuntos Relevantes (CEAR) da C\u00e2mara Municipal de Franca,\u2026","rel":"","context":"In &quot;Not\u00edcias de Franca-SP&quot;","block_context":{"text":"Not\u00edcias de Franca-SP","link":"https:\/\/noticiasribeiraopreto.com.br\/index.php\/category\/noticias-de-ribeirao-preto-sp-e-regiao-ismael-colosi\/noticias-franca-sp\/"},"img":{"alt_text":"","src":"https:\/\/i0.wp.com\/noticiasribeiraopreto.com.br\/wp-content\/uploads\/2025\/05\/pLENARIO-10.jpg?fit=930%2C558&ssl=1&resize=350%2C200","width":350,"height":200,"srcset":"https:\/\/i0.wp.com\/noticiasribeiraopreto.com.br\/wp-content\/uploads\/2025\/05\/pLENARIO-10.jpg?fit=930%2C558&ssl=1&resize=350%2C200 1x, https:\/\/i0.wp.com\/noticiasribeiraopreto.com.br\/wp-content\/uploads\/2025\/05\/pLENARIO-10.jpg?fit=930%2C558&ssl=1&resize=525%2C300 1.5x, https:\/\/i0.wp.com\/noticiasribeiraopreto.com.br\/wp-content\/uploads\/2025\/05\/pLENARIO-10.jpg?fit=930%2C558&ssl=1&resize=700%2C400 2x"},"classes":[]},{"id":67863,"url":"https:\/\/noticiasribeiraopreto.com.br\/index.php\/2025\/04\/19\/jornal-da-franca-sesi-franca-quer-vencer-o-cordoba-e-deixar-a-champions-league-de-cabeca-erguida\/","url_meta":{"origin":71879,"position":5},"title":"Jornal da Franca &#8211; Sesi Franca quer vencer o C\u00f3rdoba e deixar a Champions League de cabe\u00e7a erguida","author":"noticiasribeiraopreto.com.br","date":"19 de April de 2025","format":false,"excerpt":"compartilhar no whatsapp compartilhar no telegram compartilhar no facebook compartilhar no linkedin Jogo de hoje servir\u00e1 para a equipe se reencontrar e encerrar campeonato honrosamente O Sesi Franca ainda procura se reencontrar ap\u00f3s a elimina\u00e7\u00e3o contra o Flamengo pelas semifinais da Champions League, por 91 a 65, na noite desta\u2026","rel":"","context":"In &quot;Not\u00edcias de Franca-SP&quot;","block_context":{"text":"Not\u00edcias de Franca-SP","link":"https:\/\/noticiasribeiraopreto.com.br\/index.php\/category\/noticias-de-ribeirao-preto-sp-e-regiao-ismael-colosi\/noticias-franca-sp\/"},"img":{"alt_text":"","src":"https:\/\/i0.wp.com\/noticiasribeiraopreto.com.br\/wp-content\/uploads\/2025\/04\/IMG_20250418_111654.jpg?fit=1080%2C710&ssl=1&resize=350%2C200","width":350,"height":200,"srcset":"https:\/\/i0.wp.com\/noticiasribeiraopreto.com.br\/wp-content\/uploads\/2025\/04\/IMG_20250418_111654.jpg?fit=1080%2C710&ssl=1&resize=350%2C200 1x, https:\/\/i0.wp.com\/noticiasribeiraopreto.com.br\/wp-content\/uploads\/2025\/04\/IMG_20250418_111654.jpg?fit=1080%2C710&ssl=1&resize=525%2C300 1.5x, https:\/\/i0.wp.com\/noticiasribeiraopreto.com.br\/wp-content\/uploads\/2025\/04\/IMG_20250418_111654.jpg?fit=1080%2C710&ssl=1&resize=700%2C400 2x, https:\/\/i0.wp.com\/noticiasribeiraopreto.com.br\/wp-content\/uploads\/2025\/04\/IMG_20250418_111654.jpg?fit=1080%2C710&ssl=1&resize=1050%2C600 3x"},"classes":[]}],"jetpack_sharing_enabled":true,"jetpack_shortlink":"https:\/\/wp.me\/peQAOb-iHl","_links":{"self":[{"href":"https:\/\/noticiasribeiraopreto.com.br\/index.php\/wp-json\/wp\/v2\/posts\/71879","targetHints":{"allow":["GET"]}}],"collection":[{"href":"https:\/\/noticiasribeiraopreto.com.br\/index.php\/wp-json\/wp\/v2\/posts"}],"about":[{"href":"https:\/\/noticiasribeiraopreto.com.br\/index.php\/wp-json\/wp\/v2\/types\/post"}],"author":[{"embeddable":true,"href":"https:\/\/noticiasribeiraopreto.com.br\/index.php\/wp-json\/wp\/v2\/users\/1"}],"replies":[{"embeddable":true,"href":"https:\/\/noticiasribeiraopreto.com.br\/index.php\/wp-json\/wp\/v2\/comments?post=71879"}],"version-history":[{"count":0,"href":"https:\/\/noticiasribeiraopreto.com.br\/index.php\/wp-json\/wp\/v2\/posts\/71879\/revisions"}],"wp:featuredmedia":[{"embeddable":true,"href":"https:\/\/noticiasribeiraopreto.com.br\/index.php\/wp-json\/wp\/v2\/media\/71880"}],"wp:attachment":[{"href":"https:\/\/noticiasribeiraopreto.com.br\/index.php\/wp-json\/wp\/v2\/media?parent=71879"}],"wp:term":[{"taxonomy":"category","embeddable":true,"href":"https:\/\/noticiasribeiraopreto.com.br\/index.php\/wp-json\/wp\/v2\/categories?post=71879"},{"taxonomy":"post_tag","embeddable":true,"href":"https:\/\/noticiasribeiraopreto.com.br\/index.php\/wp-json\/wp\/v2\/tags?post=71879"}],"curies":[{"name":"wp","href":"https:\/\/api.w.org\/{rel}","templated":true}]}}