{"id":71883,"date":"2025-06-11T08:48:15","date_gmt":"2025-06-11T11:48:15","guid":{"rendered":"https:\/\/noticiasribeiraopreto.com.br\/index.php\/2025\/06\/11\/operacao-recolhe-1-t-de-fios\/"},"modified":"2025-06-11T08:48:15","modified_gmt":"2025-06-11T11:48:15","slug":"operacao-recolhe-1-t-de-fios","status":"publish","type":"post","link":"https:\/\/noticiasribeiraopreto.com.br\/index.php\/2025\/06\/11\/operacao-recolhe-1-t-de-fios\/","title":{"rendered":"Opera\u00e7\u00e3o recolhe 1 t de fios"},"content":{"rendered":"<div class='code-block code-block-1' style='margin: 8px 0 8px auto; text-align: right; display: block; clear: both;'>\n<p><a href=\"https:\/\/wa.link\/vpicfd\"><img data-recalc-dims=\"1\" class=\"wp-image-4922\" style=\"aspect-ratio: 2.0253164556962027; width: 561px; height: auto;\" src=\"https:\/\/i0.wp.com\/ismaelcolosi.com.br\/wp-content\/uploads\/2023\/11\/grupo-de-empregos-whatsapp-e-facebook-ismael-colosi-vagas.jpg?ssl=1\" alt=\"\" \/><\/a><\/p>\n<!-- \/wp:image -->\n<\/div>\n<p> <br \/>\n<\/p>\n<div>\n<p>Em apenas uma semana de opera\u00e7\u00e3o, mais de uma tonelada de cabos irregulares, inoperantes ou fora dos padr\u00f5es t\u00e9cnicos foi retirada dos postes localizados no Centro de Ribeir\u00e3o Preto pelas operadoras de telecomunica\u00e7\u00e3o. A a\u00e7\u00e3o \u00e9 realizada com o apoio e acompanhamento da CPFL Paulista.<\/p>\n<p>A concession\u00e1ria conduz o processo de reorganiza\u00e7\u00e3o da fia\u00e7\u00e3o em parceria com a Comiss\u00e3o de Infraestrutura A\u00e9rea de Ribeir\u00e3o Preto (Coinfarp), criada pela prefeitura para ordenar a rede a\u00e9rea urbana e refor\u00e7ar a seguran\u00e7a da popula\u00e7\u00e3o.<\/p>\n<p>A opera\u00e7\u00e3o teve in\u00edcio em 2 de junho e, nesta primeira etapa, concentra-se no quadril\u00e1tero central formado pelas ruas Am\u00e9rico Brasiliense, Mariana Junqueira, S\u00e3o Jos\u00e9 e Amador Bueno. Com dura\u00e7\u00e3o prevista de 30 dias, a defini\u00e7\u00e3o dos locais priorit\u00e1rios \u00e9 feita pela Secretaria Municipal de Infraestrutura, com base no planejamento validado pela comiss\u00e3o.<\/p>\n<p>Segundo Elidiane Bernardi, consultora de relacionamento da CPFL Paulista, o trabalho da distribuidora \u00e9 garantir que a ocupa\u00e7\u00e3o dos postes ocorra dentro das normas t\u00e9cnicas e com seguran\u00e7a para todos. \u201cA Coinfarp tem sido um espa\u00e7o importante para alinhar responsabilidades e viabilizar a\u00e7\u00f5es conjuntas com mais agilidade\u201d, afirma.<\/p>\n<p>As pr\u00f3ximas etapas da opera\u00e7\u00e3o devem ocorrer at\u00e9 o fim do ano, com novos pontos a serem definidos pela prefeitura de Ribeir\u00e3o Preto a partir do avan\u00e7o do cronograma atual. Ap\u00f3s a conclus\u00e3o dos servi\u00e7os neste trecho, a Secretaria de Infraestrutura ir\u00e1 novos pontos na regi\u00e3o Central onde o servi\u00e7o ser\u00e1 executado.<\/p>\n<p>O objetivo \u00e9 regularizar todos os fios soltos no quadril\u00e1tero Central at\u00e9 dezembro. Na pr\u00f3xima reuni\u00e3o da Comiss\u00e3o de Infraestrutura A\u00e9rea, com previs\u00e3o para junho, ser\u00e3o apresentados os resultados. Em caso da n\u00e3o regulariza\u00e7\u00e3o por parte da empresa respons\u00e1vel, a CPFL Paulista ir\u00e1 retirar os fios.<\/p>\n<p>Desde 2022, a CPFL Paulista j\u00e1 removeu 42 toneladas de cabos irregulares s\u00f3 em Ribeir\u00e3o Preto e emitiu 43.979 notifica\u00e7\u00f5es a operadoras que descumprem as regras de compartilhamento da rede. \u00a0A distribuidora mant\u00e9m uma atua\u00e7\u00e3o cont\u00ednua na fiscaliza\u00e7\u00e3o da infraestrutura a\u00e9rea e pode intervir diretamente sempre que h\u00e1 risco \u00e0 popula\u00e7\u00e3o ou \u00e0 rede el\u00e9trica.<\/p>\n<p>De acordo com a legisla\u00e7\u00e3o federal, as distribuidoras de energia s\u00e3o respons\u00e1veis por monitorar o uso adequado dos postes pelas operadoras de telecomunica\u00e7\u00e3o e notificar as empresas em caso de irregularidades. \u00a0Mesmo sem notifica\u00e7\u00f5es, as operadoras t\u00eam a obriga\u00e7\u00e3o de manter seus cabos organizados e dentro dos padr\u00f5es t\u00e9cnicos estabelecidos.<\/p>\n<p>Em Ribeir\u00e3o Preto, o setor deve seguir a lei municipal n\u00famero 14.901\/2024, de autoria do vereador Isaac Antunes (PL) em conjunto com Andr\u00e9 Rodini (Novo) e o ex-parlamentar S\u00e9rgio Zerbinato (PSDB). A legisla\u00e7\u00e3o determina que a CPFL Paulista seja respons\u00e1vel por modificar e retirar os fios inutilizados nas vias p\u00fablicas das operadoras de servi\u00e7os de internet, telefonia e similares.<\/p>\n<p>Considera ocupa\u00e7\u00e3o indevida do espa\u00e7o a\u00e9reo p\u00fablico a n\u00e3o retirada de cabos inserv\u00edveis, a falta de identifica\u00e7\u00e3o por plaquetas na fia\u00e7\u00e3o de telecomunica\u00e7\u00f5es junto a cada poste e a exist\u00eancia de feixe de fios ca\u00eddos dos postes.<\/p>\n<p>Sempre que verificado descumprimento a prefeitura tem que notificar a CPFL Paulista para que tome as provid\u00eancias para a regulariza\u00e7\u00e3o. Nos casos que envolva potencial risco de acidente, deve ser priorizada e regularizada dentro de 24 horas, a contar da notifica\u00e7\u00e3o.<\/p>\n<p>Em caso de descumprimento das obrigatoriedades previstas na lei, haver\u00e1 aplica\u00e7\u00e3o de multa de 20 Unidades Fiscais do Estado de S\u00e3o Paulo para a respons\u00e1vel pelo poste, ou seja, a CPFL Paulista. Atualmente, cada Ufesp vale R$ 37,02, o que daria uma penalidade de R$ 740,40.<\/p>\n<p>A prefeitura tamb\u00e9m est\u00e1 revisando a lei municipal para torn\u00e1-la mais rigorosa e garantir a implanta\u00e7\u00e3o correta da fia\u00e7\u00e3o, o fornecimento de qualidade dos servi\u00e7os e a seguran\u00e7a da popula\u00e7\u00e3o. \u00a0A empresa refor\u00e7a que, ao identificar cabos ca\u00eddos, rompidos ou em situa\u00e7\u00e3o de risco, a popula\u00e7\u00e3o deve evitar o contato direto e acionar imediatamente os canais de atendimento da companhia.<\/p>\n<p>O telefone 0800 010 1010 est\u00e1 dispon\u00edvel 24 horas por dia, com liga\u00e7\u00e3o gratuita. Do ponto de vista t\u00e9cnico, os cabos de energia el\u00e9trica \u2013 de responsabilidade da CPFL Paulista \u2013 s\u00e3o instalados na parte superior dos postes, em conformidade com a norma NBR 15214\/2005, sempre de forma organizada e jamais enrolados ou pendurados.<\/p>\n<p>A CPFL Paulista refor\u00e7a que, ao identificar cabos ca\u00eddos, rompidos ou em situa\u00e7\u00e3o de risco, a popula\u00e7\u00e3o deve evitar o contato direto e acionar imediatamente os canais de atendimento da companhia. O telefone 0800 010 1010 est\u00e1 dispon\u00edvel 24 horas por dia, com liga\u00e7\u00e3o gratuita.<\/p>\n<\/div>\n<p><br \/>\n<br \/><a href=\"https:\/\/www.tribunaribeirao.com.br\/operacao-recolhe-1-t-de-fios\/\">Source link <\/a><\/p>\n<!-- CONTENT END 1 -->\n","protected":false},"excerpt":{"rendered":"<p>Em apenas uma semana de opera\u00e7\u00e3o, mais de uma tonelada de cabos irregulares, inoperantes ou fora dos padr\u00f5es t\u00e9cnicos foi retirada dos postes localizados no&#8230;<\/p>\n","protected":false},"author":1,"featured_media":71884,"comment_status":"open","ping_status":"open","sticky":false,"template":"","format":"standard","meta":{"advanced_seo_description":"","jetpack_seo_html_title":"","jetpack_seo_noindex":false,"jetpack_post_was_ever_published":false,"_jetpack_newsletter_access":"","_jetpack_dont_email_post_to_subs":false,"_jetpack_newsletter_tier_id":0,"_jetpack_memberships_contains_paywalled_content":false,"_jetpack_memberships_contains_paid_content":false,"footnotes":"","jetpack_publicize_message":"","jetpack_publicize_feature_enabled":true,"jetpack_social_post_already_shared":true,"jetpack_social_options":{"image_generator_settings":{"template":"highway","default_image_id":0,"font":"","enabled":false},"version":2}},"categories":[11],"tags":[],"class_list":["post-71883","post","type-post","status-publish","format-standard","has-post-thumbnail","hentry","category-noticias-de-ribeirao-preto-sp-e-regiao-ismael-colosi"],"jetpack_publicize_connections":[],"jetpack_featured_media_url":"https:\/\/i0.wp.com\/noticiasribeiraopreto.com.br\/wp-content\/uploads\/2025\/06\/FiacaoRP-Divulgacao-CPFL-Energia-01.png?fit=377%2C500&ssl=1","jetpack-related-posts":[{"id":81513,"url":"https:\/\/noticiasribeiraopreto.com.br\/index.php\/2026\/01\/08\/retirada-de-fios-soltos-comeca-em-vias-da-regiao-norte-de-ribeirao\/","url_meta":{"origin":71883,"position":0},"title":"Retirada de fios soltos come\u00e7a em vias da regi\u00e3o Norte de Ribeir\u00e3o","author":"noticiasribeiraopreto.com.br","date":"8 de January de 2026","format":false,"excerpt":"\r \r \r 8 de janeiro de 2026 08:08 \r Compartilhar0 Trabalhos fazem parte de reorganiza\u00e7\u00e3o da infraestrutura a\u00e9rea da cidade A regulariza\u00e7\u00e3o de fios soltos de telecomunica\u00e7\u00f5es foi iniciada nesta semana em avenidas da regi\u00e3o Norte de Ribeir\u00e3o Preto. Os trabalhos come\u00e7aram na segunda-feira (5) e est\u00e3o sendo realizados\u2026","rel":"","context":"In &quot;Not\u00edcias de Ribeir\u00e3o Preto-SP e Regi\u00e3o&quot;","block_context":{"text":"Not\u00edcias de Ribeir\u00e3o Preto-SP e Regi\u00e3o","link":"https:\/\/noticiasribeiraopreto.com.br\/index.php\/category\/noticias-de-ribeirao-preto-sp-e-regiao-ismael-colosi\/"},"img":{"alt_text":"","src":"https:\/\/i0.wp.com\/noticiasribeiraopreto.com.br\/wp-content\/uploads\/2026\/01\/2-regularizacao-fios_fernandogonzaga_0701-scaled.jpg?fit=1170%2C780&ssl=1&resize=350%2C200","width":350,"height":200,"srcset":"https:\/\/i0.wp.com\/noticiasribeiraopreto.com.br\/wp-content\/uploads\/2026\/01\/2-regularizacao-fios_fernandogonzaga_0701-scaled.jpg?fit=1170%2C780&ssl=1&resize=350%2C200 1x, https:\/\/i0.wp.com\/noticiasribeiraopreto.com.br\/wp-content\/uploads\/2026\/01\/2-regularizacao-fios_fernandogonzaga_0701-scaled.jpg?fit=1170%2C780&ssl=1&resize=525%2C300 1.5x, https:\/\/i0.wp.com\/noticiasribeiraopreto.com.br\/wp-content\/uploads\/2026\/01\/2-regularizacao-fios_fernandogonzaga_0701-scaled.jpg?fit=1170%2C780&ssl=1&resize=700%2C400 2x, https:\/\/i0.wp.com\/noticiasribeiraopreto.com.br\/wp-content\/uploads\/2026\/01\/2-regularizacao-fios_fernandogonzaga_0701-scaled.jpg?fit=1170%2C780&ssl=1&resize=1050%2C600 3x"},"classes":[]},{"id":71848,"url":"https:\/\/noticiasribeiraopreto.com.br\/index.php\/2025\/06\/10\/cabos-irregulares-comecaram-a-ser-removidos-de-postes-de-ribeirao\/","url_meta":{"origin":71883,"position":1},"title":"Cabos irregulares come\u00e7aram a ser removidos de postes de Ribeir\u00e3o","author":"noticiasribeiraopreto.com.br","date":"10 de June de 2025","format":false,"excerpt":"Mais de uma tonelada de fios irregulares, inoperantes ou fora dos padr\u00f5es t\u00e9cnicos foram retirados de postes localizados no Centro de Ribeir\u00e3o Preto, desde o dia 2 de junho, de acordo com a CPFL (Companhia Paulista de For\u00e7a e Luz). A iniciativa visa eliminar os cabos soltos e desorganizados que\u2026","rel":"","context":"In &quot;Not\u00edcias de Ribeir\u00e3o Preto-SP e Regi\u00e3o&quot;","block_context":{"text":"Not\u00edcias de Ribeir\u00e3o Preto-SP e Regi\u00e3o","link":"https:\/\/noticiasribeiraopreto.com.br\/index.php\/category\/noticias-de-ribeirao-preto-sp-e-regiao-ismael-colosi\/"},"img":{"alt_text":"","src":"https:\/\/i0.wp.com\/noticiasribeiraopreto.com.br\/wp-content\/uploads\/2025\/06\/Copia-de-Copia-de-Copia-de-TAMANHO-EXATO-PARA-FOTOS-NO-SISTEMA-NOVO-2025-06-10T154104.489_2025-06-10_18-41-26.webp.webp?fit=1200%2C675&ssl=1&resize=350%2C200","width":350,"height":200,"srcset":"https:\/\/i0.wp.com\/noticiasribeiraopreto.com.br\/wp-content\/uploads\/2025\/06\/Copia-de-Copia-de-Copia-de-TAMANHO-EXATO-PARA-FOTOS-NO-SISTEMA-NOVO-2025-06-10T154104.489_2025-06-10_18-41-26.webp.webp?fit=1200%2C675&ssl=1&resize=350%2C200 1x, https:\/\/i0.wp.com\/noticiasribeiraopreto.com.br\/wp-content\/uploads\/2025\/06\/Copia-de-Copia-de-Copia-de-TAMANHO-EXATO-PARA-FOTOS-NO-SISTEMA-NOVO-2025-06-10T154104.489_2025-06-10_18-41-26.webp.webp?fit=1200%2C675&ssl=1&resize=525%2C300 1.5x, https:\/\/i0.wp.com\/noticiasribeiraopreto.com.br\/wp-content\/uploads\/2025\/06\/Copia-de-Copia-de-Copia-de-TAMANHO-EXATO-PARA-FOTOS-NO-SISTEMA-NOVO-2025-06-10T154104.489_2025-06-10_18-41-26.webp.webp?fit=1200%2C675&ssl=1&resize=700%2C400 2x, https:\/\/i0.wp.com\/noticiasribeiraopreto.com.br\/wp-content\/uploads\/2025\/06\/Copia-de-Copia-de-Copia-de-TAMANHO-EXATO-PARA-FOTOS-NO-SISTEMA-NOVO-2025-06-10T154104.489_2025-06-10_18-41-26.webp.webp?fit=1200%2C675&ssl=1&resize=1050%2C600 3x"},"classes":[]},{"id":81515,"url":"https:\/\/noticiasribeiraopreto.com.br\/index.php\/2026\/01\/08\/avenidas-da-zona-norte-de-ribeirao-preto-recebem-acao-de-regularizacao-de-fios-soltos\/","url_meta":{"origin":71883,"position":2},"title":"Avenidas da zona Norte de Ribeir\u00e3o Preto recebem a\u00e7\u00e3o de regulariza\u00e7\u00e3o de fios soltos","author":"noticiasribeiraopreto.com.br","date":"8 de January de 2026","format":false,"excerpt":"A Prefeitura de Ribeir\u00e3o Preto iniciou, nesta semana, a regulariza\u00e7\u00e3o de fios soltos de telecomunica\u00e7\u00f5es em avenidas da regi\u00e3o Norte. Os servi\u00e7os come\u00e7aram na \u00faltima segunda-feira (5) e s\u00e3o executados nas avenidas Brasil e Thomaz Alberto Whately e supervisionados pela Coinfarp (Comiss\u00e3o de Infraestrutura A\u00e9rea de Ribeir\u00e3o Preto). Segundo a\u2026","rel":"","context":"In &quot;Not\u00edcias de Ribeir\u00e3o Preto-SP e Regi\u00e3o&quot;","block_context":{"text":"Not\u00edcias de Ribeir\u00e3o Preto-SP e Regi\u00e3o","link":"https:\/\/noticiasribeiraopreto.com.br\/index.php\/category\/noticias-de-ribeirao-preto-sp-e-regiao-ismael-colosi\/"},"img":{"alt_text":"","src":"https:\/\/i0.wp.com\/noticiasribeiraopreto.com.br\/wp-content\/uploads\/2026\/01\/fios-soltos_2026-01-07_19-52-21.webp.webp?fit=1200%2C800&ssl=1&resize=350%2C200","width":350,"height":200,"srcset":"https:\/\/i0.wp.com\/noticiasribeiraopreto.com.br\/wp-content\/uploads\/2026\/01\/fios-soltos_2026-01-07_19-52-21.webp.webp?fit=1200%2C800&ssl=1&resize=350%2C200 1x, https:\/\/i0.wp.com\/noticiasribeiraopreto.com.br\/wp-content\/uploads\/2026\/01\/fios-soltos_2026-01-07_19-52-21.webp.webp?fit=1200%2C800&ssl=1&resize=525%2C300 1.5x, https:\/\/i0.wp.com\/noticiasribeiraopreto.com.br\/wp-content\/uploads\/2026\/01\/fios-soltos_2026-01-07_19-52-21.webp.webp?fit=1200%2C800&ssl=1&resize=700%2C400 2x, https:\/\/i0.wp.com\/noticiasribeiraopreto.com.br\/wp-content\/uploads\/2026\/01\/fios-soltos_2026-01-07_19-52-21.webp.webp?fit=1200%2C800&ssl=1&resize=1050%2C600 3x"},"classes":[]},{"id":42570,"url":"https:\/\/noticiasribeiraopreto.com.br\/index.php\/2024\/03\/15\/entenda-a-negociacao-envolvendo-a-latam-e-a-voepass-de-ribeirao-preto\/","url_meta":{"origin":71883,"position":3},"title":"Entenda a negocia\u00e7\u00e3o envolvendo a Latam e a VoePass de Ribeir\u00e3o Preto","author":"noticiasribeiraopreto.com.br","date":"15 de March de 2024","format":false,"excerpt":"A Latam Airlines Brasil enviou ao Cade (Conselho Administrativo de Defesa Econ\u00f4mica) um pedido de an\u00e1lise pr\u00e9via para que seja realizado um aporte financeiro para a VoePass, empresa com sede em Ribeir\u00e3o Preto. No caso de a opera\u00e7\u00e3o financeira ser aprovada pelo Cade, a empresa ribeir\u00e3o-pretana deve ampliar aos clientes\u2026","rel":"","context":"In &quot;Not\u00edcias de Ribeir\u00e3o Preto-SP e Regi\u00e3o&quot;","block_context":{"text":"Not\u00edcias de Ribeir\u00e3o Preto-SP e Regi\u00e3o","link":"https:\/\/noticiasribeiraopreto.com.br\/index.php\/category\/noticias-de-ribeirao-preto-sp-e-regiao-ismael-colosi\/"},"img":{"alt_text":"","src":"https:\/\/i0.wp.com\/noticiasribeiraopreto.com.br\/wp-content\/uploads\/2024\/03\/Copia-de-Copia-de-TAMANHO-EXATO-PARA-FOTOS-NO-SISTEMA-NOVO-55.jpg?fit=1200%2C675&ssl=1&resize=350%2C200","width":350,"height":200,"srcset":"https:\/\/i0.wp.com\/noticiasribeiraopreto.com.br\/wp-content\/uploads\/2024\/03\/Copia-de-Copia-de-TAMANHO-EXATO-PARA-FOTOS-NO-SISTEMA-NOVO-55.jpg?fit=1200%2C675&ssl=1&resize=350%2C200 1x, https:\/\/i0.wp.com\/noticiasribeiraopreto.com.br\/wp-content\/uploads\/2024\/03\/Copia-de-Copia-de-TAMANHO-EXATO-PARA-FOTOS-NO-SISTEMA-NOVO-55.jpg?fit=1200%2C675&ssl=1&resize=525%2C300 1.5x, https:\/\/i0.wp.com\/noticiasribeiraopreto.com.br\/wp-content\/uploads\/2024\/03\/Copia-de-Copia-de-TAMANHO-EXATO-PARA-FOTOS-NO-SISTEMA-NOVO-55.jpg?fit=1200%2C675&ssl=1&resize=700%2C400 2x, https:\/\/i0.wp.com\/noticiasribeiraopreto.com.br\/wp-content\/uploads\/2024\/03\/Copia-de-Copia-de-TAMANHO-EXATO-PARA-FOTOS-NO-SISTEMA-NOVO-55.jpg?fit=1200%2C675&ssl=1&resize=1050%2C600 3x"},"classes":[]},{"id":64817,"url":"https:\/\/noticiasribeiraopreto.com.br\/index.php\/2025\/03\/12\/saiba-os-direitos-de-passageiros-apos-suspensao-da-voepass\/","url_meta":{"origin":71883,"position":4},"title":"Saiba os direitos de passageiros ap\u00f3s suspens\u00e3o da Voepass","author":"noticiasribeiraopreto.com.br","date":"12 de March de 2025","format":false,"excerpt":"A situa\u00e7\u00e3o dos passageiros da Voepass, que teve as opera\u00e7\u00f5es suspensas nesta ter\u00e7a-feira (11), est\u00e1 sendo monitorada pela Senacon (Secretaria Nacional do Consumidor) do Minist\u00e9rio da Justi\u00e7a e Seguran\u00e7a P\u00fablica, para assegurar que os direitos dos consumidores sejam respeitados.\u00a0 A Senacon recomenda que os passageiros que tiveram os voos cancelados\u2026","rel":"","context":"In &quot;Not\u00edcias de Ribeir\u00e3o Preto-SP e Regi\u00e3o&quot;","block_context":{"text":"Not\u00edcias de Ribeir\u00e3o Preto-SP e Regi\u00e3o","link":"https:\/\/noticiasribeiraopreto.com.br\/index.php\/category\/noticias-de-ribeirao-preto-sp-e-regiao-ismael-colosi\/"},"img":{"alt_text":"","src":"https:\/\/i0.wp.com\/noticiasribeiraopreto.com.br\/wp-content\/uploads\/2025\/03\/voepass-2_2025-03-12_19-30-42_jpg_2025-03-12_19-30-42.webp.webp?fit=1170%2C700&ssl=1&resize=350%2C200","width":350,"height":200,"srcset":"https:\/\/i0.wp.com\/noticiasribeiraopreto.com.br\/wp-content\/uploads\/2025\/03\/voepass-2_2025-03-12_19-30-42_jpg_2025-03-12_19-30-42.webp.webp?fit=1170%2C700&ssl=1&resize=350%2C200 1x, https:\/\/i0.wp.com\/noticiasribeiraopreto.com.br\/wp-content\/uploads\/2025\/03\/voepass-2_2025-03-12_19-30-42_jpg_2025-03-12_19-30-42.webp.webp?fit=1170%2C700&ssl=1&resize=525%2C300 1.5x, https:\/\/i0.wp.com\/noticiasribeiraopreto.com.br\/wp-content\/uploads\/2025\/03\/voepass-2_2025-03-12_19-30-42_jpg_2025-03-12_19-30-42.webp.webp?fit=1170%2C700&ssl=1&resize=700%2C400 2x, https:\/\/i0.wp.com\/noticiasribeiraopreto.com.br\/wp-content\/uploads\/2025\/03\/voepass-2_2025-03-12_19-30-42_jpg_2025-03-12_19-30-42.webp.webp?fit=1170%2C700&ssl=1&resize=1050%2C600 3x"},"classes":[]},{"id":84404,"url":"https:\/\/noticiasribeiraopreto.com.br\/index.php\/2026\/04\/09\/operacao-em-ribeirao-preto-e-regiao-mira-quadrilha-suspeita-de-golpes-com-compras\/","url_meta":{"origin":71883,"position":5},"title":"Opera\u00e7\u00e3o em Ribeir\u00e3o Preto e regi\u00e3o mira quadrilha suspeita de golpes com compras","author":"noticiasribeiraopreto.com.br","date":"9 de April de 2026","format":false,"excerpt":"Ler o resumo da not\u00edcia \r Opera\u00e7\u00e3o Arara Caipira foi deflagrada pela Pol\u00edcia Civil nesta quinta-feira (9) em Ribeir\u00e3o Preto e regi\u00e3o.\r A quadrilha \u00e9 suspeita de aplicar golpes usando CNPJ de empresas reais para comprar produtos de fornecedores sem pagar.\r Nove mandatos de busca e apreens\u00e3o est\u00e3o sendo cumpridos\u2026","rel":"","context":"In &quot;Not\u00edcias de Ribeir\u00e3o Preto-SP e Regi\u00e3o&quot;","block_context":{"text":"Not\u00edcias de Ribeir\u00e3o Preto-SP e Regi\u00e3o","link":"https:\/\/noticiasribeiraopreto.com.br\/index.php\/category\/noticias-de-ribeirao-preto-sp-e-regiao-ismael-colosi\/"},"img":{"alt_text":"","src":"https:\/\/i0.wp.com\/noticiasribeiraopreto.com.br\/wp-content\/uploads\/2026\/04\/WhatsApp-Image-2026-01-06-at-09.32.06-3_2026-01-06_16-59-19.webp.webp?fit=1200%2C900&ssl=1&resize=350%2C200","width":350,"height":200,"srcset":"https:\/\/i0.wp.com\/noticiasribeiraopreto.com.br\/wp-content\/uploads\/2026\/04\/WhatsApp-Image-2026-01-06-at-09.32.06-3_2026-01-06_16-59-19.webp.webp?fit=1200%2C900&ssl=1&resize=350%2C200 1x, https:\/\/i0.wp.com\/noticiasribeiraopreto.com.br\/wp-content\/uploads\/2026\/04\/WhatsApp-Image-2026-01-06-at-09.32.06-3_2026-01-06_16-59-19.webp.webp?fit=1200%2C900&ssl=1&resize=525%2C300 1.5x, https:\/\/i0.wp.com\/noticiasribeiraopreto.com.br\/wp-content\/uploads\/2026\/04\/WhatsApp-Image-2026-01-06-at-09.32.06-3_2026-01-06_16-59-19.webp.webp?fit=1200%2C900&ssl=1&resize=700%2C400 2x, https:\/\/i0.wp.com\/noticiasribeiraopreto.com.br\/wp-content\/uploads\/2026\/04\/WhatsApp-Image-2026-01-06-at-09.32.06-3_2026-01-06_16-59-19.webp.webp?fit=1200%2C900&ssl=1&resize=1050%2C600 3x"},"classes":[]}],"jetpack_sharing_enabled":true,"jetpack_shortlink":"https:\/\/wp.me\/peQAOb-iHp","_links":{"self":[{"href":"https:\/\/noticiasribeiraopreto.com.br\/index.php\/wp-json\/wp\/v2\/posts\/71883","targetHints":{"allow":["GET"]}}],"collection":[{"href":"https:\/\/noticiasribeiraopreto.com.br\/index.php\/wp-json\/wp\/v2\/posts"}],"about":[{"href":"https:\/\/noticiasribeiraopreto.com.br\/index.php\/wp-json\/wp\/v2\/types\/post"}],"author":[{"embeddable":true,"href":"https:\/\/noticiasribeiraopreto.com.br\/index.php\/wp-json\/wp\/v2\/users\/1"}],"replies":[{"embeddable":true,"href":"https:\/\/noticiasribeiraopreto.com.br\/index.php\/wp-json\/wp\/v2\/comments?post=71883"}],"version-history":[{"count":0,"href":"https:\/\/noticiasribeiraopreto.com.br\/index.php\/wp-json\/wp\/v2\/posts\/71883\/revisions"}],"wp:featuredmedia":[{"embeddable":true,"href":"https:\/\/noticiasribeiraopreto.com.br\/index.php\/wp-json\/wp\/v2\/media\/71884"}],"wp:attachment":[{"href":"https:\/\/noticiasribeiraopreto.com.br\/index.php\/wp-json\/wp\/v2\/media?parent=71883"}],"wp:term":[{"taxonomy":"category","embeddable":true,"href":"https:\/\/noticiasribeiraopreto.com.br\/index.php\/wp-json\/wp\/v2\/categories?post=71883"},{"taxonomy":"post_tag","embeddable":true,"href":"https:\/\/noticiasribeiraopreto.com.br\/index.php\/wp-json\/wp\/v2\/tags?post=71883"}],"curies":[{"name":"wp","href":"https:\/\/api.w.org\/{rel}","templated":true}]}}