{"id":71885,"date":"2025-06-11T08:51:59","date_gmt":"2025-06-11T11:51:59","guid":{"rendered":"https:\/\/noticiasribeiraopreto.com.br\/index.php\/2025\/06\/11\/detran-multa-47-motoristas-em-operacao-de-combate-a-embriaguez-em-ribeirao-preto-e-sertaozinho\/"},"modified":"2025-06-11T08:51:59","modified_gmt":"2025-06-11T11:51:59","slug":"detran-multa-47-motoristas-em-operacao-de-combate-a-embriaguez-em-ribeirao-preto-e-sertaozinho","status":"publish","type":"post","link":"https:\/\/noticiasribeiraopreto.com.br\/index.php\/2025\/06\/11\/detran-multa-47-motoristas-em-operacao-de-combate-a-embriaguez-em-ribeirao-preto-e-sertaozinho\/","title":{"rendered":"Detran multa 47 motoristas em opera\u00e7\u00e3o de combate \u00e0 embriaguez em Ribeir\u00e3o Preto e Sert\u00e3ozinho"},"content":{"rendered":"<p> <br \/>\n<\/p>\n<div data-td-block-uid=\"tdi_95\">\n<div class=\"tdb-block-inner td-fix-index\">\n<p><strong>Uma opera\u00e7\u00e3o do Detran-SP realizada no \u00faltimo final de semana contra embriaguez ao volante autuou 47 motoristas em Ribeir\u00e3o Preto e Sert\u00e3ozinho.<\/strong><\/p>\n<p><mark style=\"background-color:#fcb900\" class=\"has-inline-color has-black-color\">O \u00f3rg\u00e3o informou que em Ribeir\u00e3o foram 32 autua\u00e7\u00f5es, das quais seis na avenida Adelmo Perdizza e outras 26 na avenida Castelo Branco. J\u00e1 em Sert\u00e3ozinho, 15 motoristas foram multados na avenida Eduardo Tonielo.<\/mark><\/p>\n<p>Ainda segundo o Detran-SP, as opera\u00e7\u00f5es contra alcoolemia na regi\u00e3o registraram 43 recusas de motorista ao teste do baf\u00f4metro, sendo quatro por dire\u00e7\u00e3o sob influ\u00eancia de \u00e1lcool.<\/p>\n<p>No total, 2.972 ve\u00edculos foram fiscalizados. A a\u00e7\u00e3o contou com apoio das pol\u00edcias Militar, Civil e T\u00e9cnico-Cient\u00edfica nas duas cidades.<\/p>\n<h2 class=\"wp-block-heading\"><strong>Multa<\/strong><\/h2>\n<p>Tanto dirigir sob efeito de \u00e1lcool, com teste do baf\u00f4metro de at\u00e9 0,33 mg de \u00e1lcool por litro de ar expelido, quanto recusar o teste do etil\u00f4metro s\u00e3o consideradas infra\u00e7\u00f5es grav\u00edssimas pelo C\u00f3digo de Tr\u00e2nsito Brasileiro (CTB).\u00a0<\/p>\n<p>Em ambos os casos, o valor da multa \u00e9 de R$ 2.934,70 e o condutor responde a processo de suspens\u00e3o da carteira de habilita\u00e7\u00e3o.<\/p>\n<p>J\u00e1 os casos de embriaguez ao volante, quando os motoristas apresentam \u00edndice a partir de 0,34 miligramas de \u00e1lcool por litro de ar expelido no teste do baf\u00f4metro, s\u00e3o considerados crimes de tr\u00e2nsito.<\/p>\n<p><!-- CONTENT END 2 -->\n<\/div>\n<\/div>\n<p><br \/>\n<br \/><a href=\"https:\/\/www.acidadeon.com\/ribeiraopreto\/cotidiano\/detran-multa-47-motoristas-em-operacao-de-combate-a-embriaguez-em-ribeirao-preto-e-sertaozinho\/\">Source link <\/a><\/p>\n","protected":false},"excerpt":{"rendered":"<p>Uma opera\u00e7\u00e3o do Detran-SP realizada no \u00faltimo final de semana contra embriaguez ao volante autuou 47 motoristas em Ribeir\u00e3o Preto e Sert\u00e3ozinho. O \u00f3rg\u00e3o informou&#8230;<\/p>\n","protected":false},"author":1,"featured_media":71886,"comment_status":"open","ping_status":"open","sticky":false,"template":"","format":"standard","meta":{"advanced_seo_description":"","jetpack_seo_html_title":"","jetpack_seo_noindex":false,"jetpack_post_was_ever_published":false,"_jetpack_newsletter_access":"","_jetpack_dont_email_post_to_subs":false,"_jetpack_newsletter_tier_id":0,"_jetpack_memberships_contains_paywalled_content":false,"_jetpack_memberships_contains_paid_content":false,"footnotes":"","jetpack_publicize_message":"","jetpack_publicize_feature_enabled":true,"jetpack_social_post_already_shared":true,"jetpack_social_options":{"image_generator_settings":{"template":"highway","default_image_id":0,"font":"","enabled":false},"version":2}},"categories":[11],"tags":[],"class_list":["post-71885","post","type-post","status-publish","format-standard","has-post-thumbnail","hentry","category-noticias-de-ribeirao-preto-sp-e-regiao-ismael-colosi"],"jetpack_publicize_connections":[],"jetpack_featured_media_url":"https:\/\/i0.wp.com\/noticiasribeiraopreto.com.br\/wp-content\/uploads\/2025\/06\/castelo_branco_2.jpg?fit=1200%2C751&ssl=1","jetpack-related-posts":[{"id":73468,"url":"https:\/\/noticiasribeiraopreto.com.br\/index.php\/2025\/07\/03\/detran-multa-39-motoristas-em-operacao-contra-embriaguez-em-ribeirao-preto-e-sertaozinho\/","url_meta":{"origin":71885,"position":0},"title":"Detran multa 39 motoristas em opera\u00e7\u00e3o contra embriaguez em Ribeir\u00e3o Preto e Sert\u00e3ozinho","author":"noticiasribeiraopreto.com.br","date":"3 de July de 2025","format":false,"excerpt":"O Detran-SP autuou 39 motoristas durante opera\u00e7\u00e3o contra embriaguez ao volante no \u00faltimo final de semana, em Ribeir\u00e3o Preto e Sert\u00e3ozinho. Segundo balan\u00e7o divulgado nesta quarta-feira (2), os motoristas autuados recusaram o teste do baf\u00f4metro \u2013 foram 21 em Ribeir\u00e3o e 18 em Sert\u00e3ozinho. Ao todo, 1.423 ve\u00edculos foram abordados,\u2026","rel":"","context":"In &quot;Not\u00edcias de Ribeir\u00e3o Preto-SP e Regi\u00e3o&quot;","block_context":{"text":"Not\u00edcias de Ribeir\u00e3o Preto-SP e Regi\u00e3o","link":"https:\/\/noticiasribeiraopreto.com.br\/index.php\/category\/noticias-de-ribeirao-preto-sp-e-regiao-ismael-colosi\/"},"img":{"alt_text":"","src":"https:\/\/i0.wp.com\/noticiasribeiraopreto.com.br\/wp-content\/uploads\/2025\/07\/policia_rodoviaria_1024x576_19022020160908.jpg?fit=1024%2C576&ssl=1&resize=350%2C200","width":350,"height":200,"srcset":"https:\/\/i0.wp.com\/noticiasribeiraopreto.com.br\/wp-content\/uploads\/2025\/07\/policia_rodoviaria_1024x576_19022020160908.jpg?fit=1024%2C576&ssl=1&resize=350%2C200 1x, https:\/\/i0.wp.com\/noticiasribeiraopreto.com.br\/wp-content\/uploads\/2025\/07\/policia_rodoviaria_1024x576_19022020160908.jpg?fit=1024%2C576&ssl=1&resize=525%2C300 1.5x, https:\/\/i0.wp.com\/noticiasribeiraopreto.com.br\/wp-content\/uploads\/2025\/07\/policia_rodoviaria_1024x576_19022020160908.jpg?fit=1024%2C576&ssl=1&resize=700%2C400 2x"},"classes":[]},{"id":70641,"url":"https:\/\/noticiasribeiraopreto.com.br\/index.php\/2025\/05\/28\/detran-sp-multa-53-motoristas-durante-operacao-em-ribeirao-preto-e-sertaozinho\/","url_meta":{"origin":71885,"position":1},"title":"Detran-SP multa 53 motoristas durante opera\u00e7\u00e3o em Ribeir\u00e3o Preto e Sert\u00e3ozinho","author":"noticiasribeiraopreto.com.br","date":"28 de May de 2025","format":false,"excerpt":"Uma opera\u00e7\u00e3o do Detran-SP realizada no \u00faltimo fim de semana contra embriaguez ao volante autuou 53 motoristas em Ribeir\u00e3o Preto e Sert\u00e3ozinho. O Detran-SP informou que em Ribeir\u00e3o foram 15 autua\u00e7\u00f5es, na avenida Luiz Galv\u00e3o C\u00e9sar. J\u00e1 em Sert\u00e3ozinho, 38 motoristas foram multados na rodovia Att\u00edlio Balbo (SP-322), pr\u00f3ximo ao\u2026","rel":"","context":"In &quot;Not\u00edcias de Ribeir\u00e3o Preto-SP e Regi\u00e3o&quot;","block_context":{"text":"Not\u00edcias de Ribeir\u00e3o Preto-SP e Regi\u00e3o","link":"https:\/\/noticiasribeiraopreto.com.br\/index.php\/category\/noticias-de-ribeirao-preto-sp-e-regiao-ismael-colosi\/"},"img":{"alt_text":"","src":"https:\/\/i0.wp.com\/noticiasribeiraopreto.com.br\/wp-content\/uploads\/2025\/05\/teste-do-bafometro.jpg?fit=1200%2C845&ssl=1&resize=350%2C200","width":350,"height":200,"srcset":"https:\/\/i0.wp.com\/noticiasribeiraopreto.com.br\/wp-content\/uploads\/2025\/05\/teste-do-bafometro.jpg?fit=1200%2C845&ssl=1&resize=350%2C200 1x, https:\/\/i0.wp.com\/noticiasribeiraopreto.com.br\/wp-content\/uploads\/2025\/05\/teste-do-bafometro.jpg?fit=1200%2C845&ssl=1&resize=525%2C300 1.5x, https:\/\/i0.wp.com\/noticiasribeiraopreto.com.br\/wp-content\/uploads\/2025\/05\/teste-do-bafometro.jpg?fit=1200%2C845&ssl=1&resize=700%2C400 2x, https:\/\/i0.wp.com\/noticiasribeiraopreto.com.br\/wp-content\/uploads\/2025\/05\/teste-do-bafometro.jpg?fit=1200%2C845&ssl=1&resize=1050%2C600 3x"},"classes":[]},{"id":75641,"url":"https:\/\/noticiasribeiraopreto.com.br\/index.php\/2025\/08\/13\/detran-sp-multa-9-motoristas-durante-blitz-na-regiao-de-ribeirao-preto\/","url_meta":{"origin":71885,"position":2},"title":"Detran-SP multa 9 motoristas durante blitz na regi\u00e3o de Ribeir\u00e3o Preto","author":"noticiasribeiraopreto.com.br","date":"13 de August de 2025","format":false,"excerpt":"Uma opera\u00e7\u00e3o do Detran-SP realizada no \u00faltimo s\u00e1bado (9) contra embriaguez ao volante autuou nove motoristas em Sert\u00e3ozinho, na regi\u00e3o de Ribeir\u00e3o Preto. A a\u00e7\u00e3o foi realizada com apoio da PM (Pol\u00edcia Militar). O \u00f3rg\u00e3o informou que as autua\u00e7\u00f5es ocorreram na liga\u00e7\u00e3o da avenida Ant\u00f4nio Paschoal com a rua Jo\u00e3o\u2026","rel":"","context":"In &quot;Not\u00edcias de Ribeir\u00e3o Preto-SP e Regi\u00e3o&quot;","block_context":{"text":"Not\u00edcias de Ribeir\u00e3o Preto-SP e Regi\u00e3o","link":"https:\/\/noticiasribeiraopreto.com.br\/index.php\/category\/noticias-de-ribeirao-preto-sp-e-regiao-ismael-colosi\/"},"img":{"alt_text":"","src":"","width":0,"height":0},"classes":[]},{"id":61587,"url":"https:\/\/noticiasribeiraopreto.com.br\/index.php\/2024\/12\/16\/lei-seca-86-motoristas-sao-autuados-durante-blitz-em-sertaozinho-e-franca\/","url_meta":{"origin":71885,"position":3},"title":"Lei Seca: 86 motoristas s\u00e3o autuados durante blitz em Sert\u00e3ozinho e Franca","author":"noticiasribeiraopreto.com.br","date":"16 de December de 2024","format":false,"excerpt":"A blitz da Lei Seca autuou 86 motoristas em Sert\u00e3ozinho e Franca, cidades pr\u00f3ximas a Ribeir\u00e3o Preto, no \u00faltimo final de semana. De acordo o Detran-SP, 80 condutores se recusaram a realizar o teste do baf\u00f4metro e seis foram flagrados dirigindo sob a influ\u00eancia de \u00e1lcool. No total, foram abordados\u2026","rel":"","context":"In &quot;Not\u00edcias de Ribeir\u00e3o Preto-SP e Regi\u00e3o&quot;","block_context":{"text":"Not\u00edcias de Ribeir\u00e3o Preto-SP e Regi\u00e3o","link":"https:\/\/noticiasribeiraopreto.com.br\/index.php\/category\/noticias-de-ribeirao-preto-sp-e-regiao-ismael-colosi\/"},"img":{"alt_text":"","src":"https:\/\/i0.wp.com\/noticiasribeiraopreto.com.br\/wp-content\/uploads\/2024\/12\/adult-male-with-beer-driving-car_2024-12-16_23-53-49_jpg_2024-12-16_23-53-53-scaled-e1734393258479.webp.webp?fit=1200%2C795&ssl=1&resize=350%2C200","width":350,"height":200,"srcset":"https:\/\/i0.wp.com\/noticiasribeiraopreto.com.br\/wp-content\/uploads\/2024\/12\/adult-male-with-beer-driving-car_2024-12-16_23-53-49_jpg_2024-12-16_23-53-53-scaled-e1734393258479.webp.webp?fit=1200%2C795&ssl=1&resize=350%2C200 1x, https:\/\/i0.wp.com\/noticiasribeiraopreto.com.br\/wp-content\/uploads\/2024\/12\/adult-male-with-beer-driving-car_2024-12-16_23-53-49_jpg_2024-12-16_23-53-53-scaled-e1734393258479.webp.webp?fit=1200%2C795&ssl=1&resize=525%2C300 1.5x, https:\/\/i0.wp.com\/noticiasribeiraopreto.com.br\/wp-content\/uploads\/2024\/12\/adult-male-with-beer-driving-car_2024-12-16_23-53-49_jpg_2024-12-16_23-53-53-scaled-e1734393258479.webp.webp?fit=1200%2C795&ssl=1&resize=700%2C400 2x, https:\/\/i0.wp.com\/noticiasribeiraopreto.com.br\/wp-content\/uploads\/2024\/12\/adult-male-with-beer-driving-car_2024-12-16_23-53-49_jpg_2024-12-16_23-53-53-scaled-e1734393258479.webp.webp?fit=1200%2C795&ssl=1&resize=1050%2C600 3x"},"classes":[]},{"id":64757,"url":"https:\/\/noticiasribeiraopreto.com.br\/index.php\/2025\/03\/12\/detran-multa-22-motoristas-apos-recusa-do-teste-do-bafometro-na-regiao-de-ribeirao\/","url_meta":{"origin":71885,"position":4},"title":"Detran multa 22 motoristas ap\u00f3s recusa do teste do baf\u00f4metro na regi\u00e3o de Ribeir\u00e3o","author":"noticiasribeiraopreto.com.br","date":"12 de March de 2025","format":false,"excerpt":"O Detran-SP autuou 22 motoristas por recusarem a fazer o teste do baf\u00f4metro no \u00faltimo s\u00e1bado (8), durante a Opera\u00e7\u00e3o Dire\u00e7\u00e3o Segura Integrada (ODSI), realizada em Barretos, cidade a aproximadamente 130 quil\u00f4metros de Ribeir\u00e3o Preto. Foram abordados 606 ve\u00edculos na avenida Professor Roberto Frade Monte, com apoio das pol\u00edcias Militar,\u2026","rel":"","context":"In &quot;Not\u00edcias de Ribeir\u00e3o Preto-SP e Regi\u00e3o&quot;","block_context":{"text":"Not\u00edcias de Ribeir\u00e3o Preto-SP e Regi\u00e3o","link":"https:\/\/noticiasribeiraopreto.com.br\/index.php\/category\/noticias-de-ribeirao-preto-sp-e-regiao-ismael-colosi\/"},"img":{"alt_text":"","src":"https:\/\/i0.wp.com\/noticiasribeiraopreto.com.br\/wp-content\/uploads\/2025\/03\/teste-do-bafometro.jpg?fit=1200%2C845&ssl=1&resize=350%2C200","width":350,"height":200,"srcset":"https:\/\/i0.wp.com\/noticiasribeiraopreto.com.br\/wp-content\/uploads\/2025\/03\/teste-do-bafometro.jpg?fit=1200%2C845&ssl=1&resize=350%2C200 1x, https:\/\/i0.wp.com\/noticiasribeiraopreto.com.br\/wp-content\/uploads\/2025\/03\/teste-do-bafometro.jpg?fit=1200%2C845&ssl=1&resize=525%2C300 1.5x, https:\/\/i0.wp.com\/noticiasribeiraopreto.com.br\/wp-content\/uploads\/2025\/03\/teste-do-bafometro.jpg?fit=1200%2C845&ssl=1&resize=700%2C400 2x, https:\/\/i0.wp.com\/noticiasribeiraopreto.com.br\/wp-content\/uploads\/2025\/03\/teste-do-bafometro.jpg?fit=1200%2C845&ssl=1&resize=1050%2C600 3x"},"classes":[]},{"id":58057,"url":"https:\/\/noticiasribeiraopreto.com.br\/index.php\/2024\/09\/17\/blitz-da-lei-seca-autua-39-motoristas-na-regiao-de-ribeirao-preto\/","url_meta":{"origin":71885,"position":5},"title":"Blitz da Lei Seca autua 39 motoristas na regi\u00e3o de Ribeir\u00e3o Preto","author":"noticiasribeiraopreto.com.br","date":"17 de September de 2024","format":false,"excerpt":"A blitz da Lei Seca autuou 39 motoristas na avenida Affonso Trigo, em Sert\u00e3ozinho, cidade na regi\u00e3o de Ribeir\u00e3o Preto, no \u00faltimo final de semana. Conforme o Detran-SP, 38 condutores se recusaram a realizar o teste do baf\u00f4metro e um foi pego dirigindo sob a influ\u00eancia de \u00e1lcool. A Opera\u00e7\u00e3o\u2026","rel":"","context":"In &quot;Not\u00edcias de Ribeir\u00e3o Preto-SP e Regi\u00e3o&quot;","block_context":{"text":"Not\u00edcias de Ribeir\u00e3o Preto-SP e Regi\u00e3o","link":"https:\/\/noticiasribeiraopreto.com.br\/index.php\/category\/noticias-de-ribeirao-preto-sp-e-regiao-ismael-colosi\/"},"img":{"alt_text":"","src":"https:\/\/i0.wp.com\/noticiasribeiraopreto.com.br\/wp-content\/uploads\/2024\/09\/lei-seca_2024-07-23_15-55-31_jpg_2024-07-23_15-55-31.webp.webp?fit=1200%2C800&ssl=1&resize=350%2C200","width":350,"height":200,"srcset":"https:\/\/i0.wp.com\/noticiasribeiraopreto.com.br\/wp-content\/uploads\/2024\/09\/lei-seca_2024-07-23_15-55-31_jpg_2024-07-23_15-55-31.webp.webp?fit=1200%2C800&ssl=1&resize=350%2C200 1x, https:\/\/i0.wp.com\/noticiasribeiraopreto.com.br\/wp-content\/uploads\/2024\/09\/lei-seca_2024-07-23_15-55-31_jpg_2024-07-23_15-55-31.webp.webp?fit=1200%2C800&ssl=1&resize=525%2C300 1.5x, https:\/\/i0.wp.com\/noticiasribeiraopreto.com.br\/wp-content\/uploads\/2024\/09\/lei-seca_2024-07-23_15-55-31_jpg_2024-07-23_15-55-31.webp.webp?fit=1200%2C800&ssl=1&resize=700%2C400 2x, https:\/\/i0.wp.com\/noticiasribeiraopreto.com.br\/wp-content\/uploads\/2024\/09\/lei-seca_2024-07-23_15-55-31_jpg_2024-07-23_15-55-31.webp.webp?fit=1200%2C800&ssl=1&resize=1050%2C600 3x"},"classes":[]}],"jetpack_sharing_enabled":true,"jetpack_shortlink":"https:\/\/wp.me\/peQAOb-iHr","_links":{"self":[{"href":"https:\/\/noticiasribeiraopreto.com.br\/index.php\/wp-json\/wp\/v2\/posts\/71885","targetHints":{"allow":["GET"]}}],"collection":[{"href":"https:\/\/noticiasribeiraopreto.com.br\/index.php\/wp-json\/wp\/v2\/posts"}],"about":[{"href":"https:\/\/noticiasribeiraopreto.com.br\/index.php\/wp-json\/wp\/v2\/types\/post"}],"author":[{"embeddable":true,"href":"https:\/\/noticiasribeiraopreto.com.br\/index.php\/wp-json\/wp\/v2\/users\/1"}],"replies":[{"embeddable":true,"href":"https:\/\/noticiasribeiraopreto.com.br\/index.php\/wp-json\/wp\/v2\/comments?post=71885"}],"version-history":[{"count":0,"href":"https:\/\/noticiasribeiraopreto.com.br\/index.php\/wp-json\/wp\/v2\/posts\/71885\/revisions"}],"wp:featuredmedia":[{"embeddable":true,"href":"https:\/\/noticiasribeiraopreto.com.br\/index.php\/wp-json\/wp\/v2\/media\/71886"}],"wp:attachment":[{"href":"https:\/\/noticiasribeiraopreto.com.br\/index.php\/wp-json\/wp\/v2\/media?parent=71885"}],"wp:term":[{"taxonomy":"category","embeddable":true,"href":"https:\/\/noticiasribeiraopreto.com.br\/index.php\/wp-json\/wp\/v2\/categories?post=71885"},{"taxonomy":"post_tag","embeddable":true,"href":"https:\/\/noticiasribeiraopreto.com.br\/index.php\/wp-json\/wp\/v2\/tags?post=71885"}],"curies":[{"name":"wp","href":"https:\/\/api.w.org\/{rel}","templated":true}]}}