{"id":71893,"date":"2025-06-11T09:20:39","date_gmt":"2025-06-11T12:20:39","guid":{"rendered":"https:\/\/noticiasribeiraopreto.com.br\/index.php\/2025\/06\/11\/prefeitura-apresenta-anteprojeto-de-vias\/"},"modified":"2025-06-11T09:20:39","modified_gmt":"2025-06-11T12:20:39","slug":"prefeitura-apresenta-anteprojeto-de-vias","status":"publish","type":"post","link":"https:\/\/noticiasribeiraopreto.com.br\/index.php\/2025\/06\/11\/prefeitura-apresenta-anteprojeto-de-vias\/","title":{"rendered":"Prefeitura apresenta anteprojeto de vias"},"content":{"rendered":"<div class='code-block code-block-1' style='margin: 8px 0 8px auto; text-align: right; display: block; clear: both;'>\n<p><a href=\"https:\/\/wa.link\/vpicfd\"><img data-recalc-dims=\"1\" class=\"wp-image-4922\" style=\"aspect-ratio: 2.0253164556962027; width: 561px; height: auto;\" src=\"https:\/\/i0.wp.com\/ismaelcolosi.com.br\/wp-content\/uploads\/2023\/11\/grupo-de-empregos-whatsapp-e-facebook-ismael-colosi-vagas.jpg?ssl=1\" alt=\"\" \/><\/a><\/p>\n<!-- \/wp:image -->\n<\/div>\n<p> <br \/>\n<\/p>\n<div id=\"\">\n<p>\n\t\t\t\t\t\t\t\t\t<span class=\"entry-meta-item penci-posted-on\"><i class=\"fa fa-clock-o\"\/><time class=\"entry-date published updated\" datetime=\"2025-06-11T09:18:32-03:00\">11 de junho de 2025 09:18<\/time><\/span><span class=\"entry-meta-item penci-post-countview\"><span class=\"entry-meta-item penci-post-countview penci_post-meta_item\"><i class=\"fa fa-eye\"\/><span class=\"penci-post-countview-number penci-post-countview-p428391\">4<\/span><\/span><\/span>\t\t\t\t\t\t\t\t<\/p>\n<p><!-- .entry-meta --><br \/>\n\t\t\t\t\t\t\t\t<span class=\"penci-social-buttons penci-social-share-footer\"><span class=\"penci-social-share-text\">Compartilhar<\/span><a href=\"#\" class=\"penci-post-like penci_post-meta_item  single-like-button penci-social-item like\" data-post_id=\"428391\" title=\"Like\" data-like=\"Like\" data-unlike=\"Unlike\"><i class=\"fa fa-thumbs-o-up\"\/><span class=\"penci-share-number\">0<\/span><\/a><i class=\"fa fa-facebook\"\/><a class=\"penci-social-item twitter\" target=\"_blank\" rel=\"noopener\" title=\"\" href=\"https:\/\/twitter.com\/intent\/tweet?text=Prefeitura%20apresenta%20anteprojeto%20de%20vias%20-%20https:\/\/www.tribunaribeirao.com.br\/prefeitura-apresenta-anteprojeto-de-vias\/\"><i class=\"fa fa-twitter\"\/><\/a><i class=\"fa fa-linkedin\"\/><i class=\"fa fa-whatsapp\"\/><i class=\"fa fa-telegram\"\/><i class=\"fa fa-envelope\"\/><\/span>\t\t\t\t\t\t\t<\/div>\n<div>\n<p>Com o objetivo de interligar regi\u00f5es estrat\u00e9gicas, melhorar a fluidez do tr\u00e2nsito e impulsionar o desenvolvimento urbano de forma planejada e sustent\u00e1vel, as Vias Leste e Oeste comp\u00f5em um dos projetos estruturantes mais relevantes para o futuro da mobilidade em Ribeir\u00e3o Preto e fazem parte do Novo Programa de Acelera\u00e7\u00e3o do Crescimento (Novo PAC), do governo federal.<\/p>\n<p>Na \u00faltima semana, a equipe t\u00e9cnica da prefeitura de Ribeir\u00e3o Preto apresentou o anteprojeto das vias em reuni\u00e3o que contou com a presen\u00e7a do prefeito Ricardo Silva (PSD), do vice Alessandro Maraca (MDB), do deputado federal Baleia Rossi (MDB) e de representantes de v\u00e1rias secretarias.<\/p>\n<p>Participaram representantes das pastas \u00a0de Planejamento e Desenvolvimento Urbano, Obras P\u00fablicas, \u00c1gua e Esgoto (Saerp), Governo e RP Mobi, al\u00e9m da SP Urbanismo \u2013 empresa vinculada \u00e0 prefeitura de S\u00e3o Paulo, que presta assessoria t\u00e9cnica ao munic\u00edpio por meio de um acordo de coopera\u00e7\u00e3o firmado no \u00e2mbito do Novo PAC.<\/p>\n<p>Durante o encontro, foram apresentados os avan\u00e7os t\u00e9cnicos no desenvolvimento do projeto da avenida Tanquinho, na Zona Leste, e do prolongamento da Rio Pardo, na regi\u00e3o Oeste. Ap\u00f3s a apresenta\u00e7\u00e3o, as equipes da prefeitura de Ribeir\u00e3o Preto e da SP Urbanismo realizaram uma visita t\u00e9cnica aos trechos onde as futuras vias ser\u00e3o implantadas.<\/p>\n<p>O objetivo foi alinhar in loco os detalhes do tra\u00e7ado, identificar poss\u00edveis desafios e planejar solu\u00e7\u00f5es integradas que otimizem o tr\u00e2nsito urbano e promovam melhorias significativas na mobilidade da cidade. O estudo de tr\u00e1fego da avenida Tanquinho j\u00e1 est\u00e1 em andamento, e o projeto b\u00e1sico do prolongamento da Rio Pardo ser\u00e1 licitado em breve.<\/p>\n<p>O Novo PAC prev\u00ea a interliga\u00e7\u00e3o de toda a cidade por meio da cria\u00e7\u00e3o da avenida Tanquinho, na regi\u00e3o Leste, e do prolongamento da avenida Rio Pardo, na regi\u00e3o Oeste. As interven\u00e7\u00f5es, previamente or\u00e7adas em mais de R$ 1 bilh\u00e3o, incluem alargamento e melhorias vi\u00e1rias para otimizar o fluxo urbano, garantir a mobilidade urbana em Ribeir\u00e3o Preto e impulsionar o desenvolvimento da cidade.<\/p>\n<p>A avenida do Tanquinho \u00e9 um projeto cogitado desde os anos 1960 e prev\u00ea a constru\u00e7\u00e3o de uma via que servir\u00e1 de liga\u00e7\u00e3o entre a avenida Eduardo Andrea Matarazzo (Via Norte) e o Pqrque Industrial e Residencial Lagoinha, ficando as margens do c\u00f3rrego. Entre as principais vantagens para a constru\u00e7\u00e3o da avenida seria a redu\u00e7\u00e3o no tempo de viagem entre v\u00e1rias regi\u00f5es da cidade.<\/p>\n<p>Entretanto, ao longo dos governos municipais, o projeto nunca saiu do papel. Atualmente naquela regi\u00e3o \u2013 em parte do c\u00f3rrego Tanquinho \u2013 existe a avenida Guido Golfeto, uma via de aproximadamente 950 metros de extens\u00e3o que liga a avenida Quito Junqueira e Onze de Agosto, no bairro Campos El\u00edseos.<\/p>\n<\/div>\n<p><script async src=\"\/\/platform.twitter.com\/widgets.js\" charset=\"utf-8\"><\/script><br \/>\n<br \/><br \/>\n<br \/><a href=\"https:\/\/www.tribunaribeirao.com.br\/prefeitura-apresenta-anteprojeto-de-vias\/\">Source link <\/a><\/p>\n<!-- CONTENT END 1 -->\n","protected":false},"excerpt":{"rendered":"<p>11 de junho de 2025 09:184 Compartilhar0 Com o objetivo de interligar regi\u00f5es estrat\u00e9gicas, melhorar a fluidez do tr\u00e2nsito e impulsionar o desenvolvimento urbano de&#8230;<\/p>\n","protected":false},"author":1,"featured_media":71894,"comment_status":"open","ping_status":"open","sticky":false,"template":"","format":"standard","meta":{"advanced_seo_description":"","jetpack_seo_html_title":"","jetpack_seo_noindex":false,"jetpack_post_was_ever_published":false,"_jetpack_newsletter_access":"","_jetpack_dont_email_post_to_subs":false,"_jetpack_newsletter_tier_id":0,"_jetpack_memberships_contains_paywalled_content":false,"_jetpack_memberships_contains_paid_content":false,"footnotes":"","jetpack_publicize_message":"","jetpack_publicize_feature_enabled":true,"jetpack_social_post_already_shared":true,"jetpack_social_options":{"image_generator_settings":{"template":"highway","default_image_id":0,"font":"","enabled":false},"version":2}},"categories":[11],"tags":[],"class_list":["post-71893","post","type-post","status-publish","format-standard","has-post-thumbnail","hentry","category-noticias-de-ribeirao-preto-sp-e-regiao-ismael-colosi"],"jetpack_publicize_connections":[],"jetpack_featured_media_url":"https:\/\/i0.wp.com\/noticiasribeiraopreto.com.br\/wp-content\/uploads\/2025\/06\/NovoPAC-Gru-Guilherme-Sircili-scaled.jpg?fit=750%2C500&ssl=1","jetpack-related-posts":[{"id":71459,"url":"https:\/\/noticiasribeiraopreto.com.br\/index.php\/2025\/06\/06\/confessionario-tribuna-ribeirao-26\/","url_meta":{"origin":71893,"position":0},"title":"Confession\u00e1rio &#8211; Tribuna Ribeir\u00e3o","author":"noticiasribeiraopreto.com.br","date":"6 de June de 2025","format":false,"excerpt":"6 de junho de 2025 09:356 de junho de 2025 09:309 Compartilhar0 R\u00e1dio 79\u00a0vira TH+ Prime FM O\u00a0Grupo Thathi de Comunica\u00e7\u00e3o\u00a0lan\u00e7ou nesta quinta-feira, dia 05 de junho em\u00a0Ribeir\u00e3o Preto, a\u00a0TH+ Prime FM 104.7 (antiga 79 AM 590, agora migrada ao FM). A esta\u00e7\u00e3o, que j\u00e1 estava em opera\u00e7\u00e3o em formato\u2026","rel":"","context":"In &quot;Not\u00edcias de Ribeir\u00e3o Preto-SP e Regi\u00e3o&quot;","block_context":{"text":"Not\u00edcias de Ribeir\u00e3o Preto-SP e Regi\u00e3o","link":"https:\/\/noticiasribeiraopreto.com.br\/index.php\/category\/noticias-de-ribeirao-preto-sp-e-regiao-ismael-colosi\/"},"img":{"alt_text":"","src":"https:\/\/i0.wp.com\/noticiasribeiraopreto.com.br\/wp-content\/uploads\/2025\/06\/melhores_microfones_para_estudios_de_radios1-1320x880-1-scaled.jpg?fit=750%2C500&ssl=1&resize=350%2C200","width":350,"height":200,"srcset":"https:\/\/i0.wp.com\/noticiasribeiraopreto.com.br\/wp-content\/uploads\/2025\/06\/melhores_microfones_para_estudios_de_radios1-1320x880-1-scaled.jpg?fit=750%2C500&ssl=1&resize=350%2C200 1x, https:\/\/i0.wp.com\/noticiasribeiraopreto.com.br\/wp-content\/uploads\/2025\/06\/melhores_microfones_para_estudios_de_radios1-1320x880-1-scaled.jpg?fit=750%2C500&ssl=1&resize=525%2C300 1.5x, https:\/\/i0.wp.com\/noticiasribeiraopreto.com.br\/wp-content\/uploads\/2025\/06\/melhores_microfones_para_estudios_de_radios1-1320x880-1-scaled.jpg?fit=750%2C500&ssl=1&resize=700%2C400 2x"},"classes":[]},{"id":71860,"url":"https:\/\/noticiasribeiraopreto.com.br\/index.php\/2025\/06\/10\/prefeitura-define-proximos-passos-das-obras-das-avenidas-tanquinho-e-rio-pardo-entenda\/","url_meta":{"origin":71893,"position":1},"title":"Prefeitura define pr\u00f3ximos passos das obras das avenidas Tanquinho e Rio Pardo; entenda","author":"noticiasribeiraopreto.com.br","date":"10 de June de 2025","format":false,"excerpt":"As Vias Leste e Oeste, inclu\u00eddas no Novo Programa de Acelera\u00e7\u00e3o do Crescimento (Novo PAC), integram o planejamento de mobilidade urbana de Ribeir\u00e3o Preto. O projeto tem como finalidade interligar regi\u00f5es da cidade e melhorar as condi\u00e7\u00f5es de tr\u00e1fego. Na \u00faltima semana, a equipe t\u00e9cnica da Prefeitura de Ribeir\u00e3o Preto\u2026","rel":"","context":"In &quot;Not\u00edcias de Ribeir\u00e3o Preto-SP e Regi\u00e3o&quot;","block_context":{"text":"Not\u00edcias de Ribeir\u00e3o Preto-SP e Regi\u00e3o","link":"https:\/\/noticiasribeiraopreto.com.br\/index.php\/category\/noticias-de-ribeirao-preto-sp-e-regiao-ismael-colosi\/"},"img":{"alt_text":"","src":"https:\/\/i0.wp.com\/noticiasribeiraopreto.com.br\/wp-content\/uploads\/2025\/04\/Copia-de-Copia-de-Copia-de-TAMANHO-EXATO-PARA-FOTOS-NO-SISTEMA-NOVO-2025-04-14T161228.899_2025-04-14_19-17-20_png_2025-04-14_19-17-20.webp.webp?fit=1200%2C675&ssl=1&resize=350%2C200","width":350,"height":200,"srcset":"https:\/\/i0.wp.com\/noticiasribeiraopreto.com.br\/wp-content\/uploads\/2025\/04\/Copia-de-Copia-de-Copia-de-TAMANHO-EXATO-PARA-FOTOS-NO-SISTEMA-NOVO-2025-04-14T161228.899_2025-04-14_19-17-20_png_2025-04-14_19-17-20.webp.webp?fit=1200%2C675&ssl=1&resize=350%2C200 1x, https:\/\/i0.wp.com\/noticiasribeiraopreto.com.br\/wp-content\/uploads\/2025\/04\/Copia-de-Copia-de-Copia-de-TAMANHO-EXATO-PARA-FOTOS-NO-SISTEMA-NOVO-2025-04-14T161228.899_2025-04-14_19-17-20_png_2025-04-14_19-17-20.webp.webp?fit=1200%2C675&ssl=1&resize=525%2C300 1.5x, https:\/\/i0.wp.com\/noticiasribeiraopreto.com.br\/wp-content\/uploads\/2025\/04\/Copia-de-Copia-de-Copia-de-TAMANHO-EXATO-PARA-FOTOS-NO-SISTEMA-NOVO-2025-04-14T161228.899_2025-04-14_19-17-20_png_2025-04-14_19-17-20.webp.webp?fit=1200%2C675&ssl=1&resize=700%2C400 2x, https:\/\/i0.wp.com\/noticiasribeiraopreto.com.br\/wp-content\/uploads\/2025\/04\/Copia-de-Copia-de-Copia-de-TAMANHO-EXATO-PARA-FOTOS-NO-SISTEMA-NOVO-2025-04-14T161228.899_2025-04-14_19-17-20_png_2025-04-14_19-17-20.webp.webp?fit=1200%2C675&ssl=1&resize=1050%2C600 3x"},"classes":[]},{"id":71921,"url":"https:\/\/noticiasribeiraopreto.com.br\/index.php\/2025\/06\/11\/ciclista-morre-em-acidente-na-regiao\/","url_meta":{"origin":71893,"position":2},"title":"Ciclista morre em acidente na regi\u00e3o","author":"noticiasribeiraopreto.com.br","date":"11 de June de 2025","format":false,"excerpt":"Homem teria tentado atravessar rodovia com sua bicicleta e acabou atropelado; havia neblina no momento do acidente 11 de junho de 2025 10:2511 de junho de 2025 12:2556 Compartilhar3 Por: Adalberto Luque Um homem de aproximadamente 55 anos morreu, na manh\u00e3 desta quarta-feira (11), ap\u00f3s ser atropelado em uma rodovia.\u2026","rel":"","context":"In &quot;Not\u00edcias de Ribeir\u00e3o Preto-SP e Regi\u00e3o&quot;","block_context":{"text":"Not\u00edcias de Ribeir\u00e3o Preto-SP e Regi\u00e3o","link":"https:\/\/noticiasribeiraopreto.com.br\/index.php\/category\/noticias-de-ribeirao-preto-sp-e-regiao-ismael-colosi\/"},"img":{"alt_text":"","src":"https:\/\/i0.wp.com\/noticiasribeiraopreto.com.br\/wp-content\/uploads\/2025\/06\/1749658648_11-jun-2025-acidente-barrinha1-scaled.jpg?fit=679%2C500&ssl=1&resize=350%2C200","width":350,"height":200,"srcset":"https:\/\/i0.wp.com\/noticiasribeiraopreto.com.br\/wp-content\/uploads\/2025\/06\/1749658648_11-jun-2025-acidente-barrinha1-scaled.jpg?fit=679%2C500&ssl=1&resize=350%2C200 1x, https:\/\/i0.wp.com\/noticiasribeiraopreto.com.br\/wp-content\/uploads\/2025\/06\/1749658648_11-jun-2025-acidente-barrinha1-scaled.jpg?fit=679%2C500&ssl=1&resize=525%2C300 1.5x"},"classes":[]},{"id":73259,"url":"https:\/\/noticiasribeiraopreto.com.br\/index.php\/2025\/06\/28\/confessionario-tribuna-ribeirao-37\/","url_meta":{"origin":71893,"position":3},"title":"Confession\u00e1rio &#8211; Tribuna Ribeir\u00e3o","author":"noticiasribeiraopreto.com.br","date":"28 de June de 2025","format":false,"excerpt":"28 de junho de 2025 08:2527 de junho de 2025 18:168 Compartilhar0 Centro Administrativo Um tradicional col\u00e9gio do Centro de Ribeir\u00e3o, poder\u00e1 ser o destino do novo centro administrativo da prefeitura de Ribeir\u00e3o Preto. As partes n\u00e3o confirmam, mas tem acontecido reuni\u00f5es de negocia\u00e7\u00e3o entre os propriet\u00e1rios da escola e\u2026","rel":"","context":"In &quot;Not\u00edcias de Ribeir\u00e3o Preto-SP e Regi\u00e3o&quot;","block_context":{"text":"Not\u00edcias de Ribeir\u00e3o Preto-SP e Regi\u00e3o","link":"https:\/\/noticiasribeiraopreto.com.br\/index.php\/category\/noticias-de-ribeirao-preto-sp-e-regiao-ismael-colosi\/"},"img":{"alt_text":"","src":"https:\/\/i0.wp.com\/noticiasribeiraopreto.com.br\/wp-content\/uploads\/2025\/06\/Centro.jpg?fit=1186%2C640&ssl=1&resize=350%2C200","width":350,"height":200,"srcset":"https:\/\/i0.wp.com\/noticiasribeiraopreto.com.br\/wp-content\/uploads\/2025\/06\/Centro.jpg?fit=1186%2C640&ssl=1&resize=350%2C200 1x, https:\/\/i0.wp.com\/noticiasribeiraopreto.com.br\/wp-content\/uploads\/2025\/06\/Centro.jpg?fit=1186%2C640&ssl=1&resize=525%2C300 1.5x, https:\/\/i0.wp.com\/noticiasribeiraopreto.com.br\/wp-content\/uploads\/2025\/06\/Centro.jpg?fit=1186%2C640&ssl=1&resize=700%2C400 2x, https:\/\/i0.wp.com\/noticiasribeiraopreto.com.br\/wp-content\/uploads\/2025\/06\/Centro.jpg?fit=1186%2C640&ssl=1&resize=1050%2C600 3x"},"classes":[]},{"id":71897,"url":"https:\/\/noticiasribeiraopreto.com.br\/index.php\/2025\/06\/11\/carro-de-prefeitura-atropela-ciclista-na-regiao\/","url_meta":{"origin":71893,"position":4},"title":"Carro de prefeitura atropela ciclista na regi\u00e3o","author":"noticiasribeiraopreto.com.br","date":"11 de June de 2025","format":false,"excerpt":"Homem teria tentado atravessar rodovia com sua bicicleta e acabou atropelado; havia neblina no momento do acidente 11 de junho de 2025 10:250 Compartilhar0 Por: Adalberto Luque Um homem de aproximadamente 55 anos ficou ferido, na manh\u00e3 desta quarta-feira (11), ap\u00f3s ser atropelado em uma rodovia. A v\u00edtima estava com\u2026","rel":"","context":"In &quot;Not\u00edcias de Ribeir\u00e3o Preto-SP e Regi\u00e3o&quot;","block_context":{"text":"Not\u00edcias de Ribeir\u00e3o Preto-SP e Regi\u00e3o","link":"https:\/\/noticiasribeiraopreto.com.br\/index.php\/category\/noticias-de-ribeirao-preto-sp-e-regiao-ismael-colosi\/"},"img":{"alt_text":"","src":"https:\/\/i0.wp.com\/noticiasribeiraopreto.com.br\/wp-content\/uploads\/2025\/06\/11-jun-2025-acidente-barrinha1-scaled.jpg?fit=679%2C500&ssl=1&resize=350%2C200","width":350,"height":200,"srcset":"https:\/\/i0.wp.com\/noticiasribeiraopreto.com.br\/wp-content\/uploads\/2025\/06\/11-jun-2025-acidente-barrinha1-scaled.jpg?fit=679%2C500&ssl=1&resize=350%2C200 1x, https:\/\/i0.wp.com\/noticiasribeiraopreto.com.br\/wp-content\/uploads\/2025\/06\/11-jun-2025-acidente-barrinha1-scaled.jpg?fit=679%2C500&ssl=1&resize=525%2C300 1.5x"},"classes":[]},{"id":72454,"url":"https:\/\/noticiasribeiraopreto.com.br\/index.php\/2025\/06\/17\/tce-sp-aponta-irregularidades-na-revisao-do-contrato-de-onibus-de-ribeirao-preto-entenda\/","url_meta":{"origin":71893,"position":5},"title":"TCE-SP aponta irregularidades na revis\u00e3o do contrato de \u00f4nibus de Ribeir\u00e3o Preto; Entenda","author":"noticiasribeiraopreto.com.br","date":"17 de June de 2025","format":false,"excerpt":"O TCE-SP (Tribunal de Contas do Estado de S\u00e3o Paulo) apontou irregularidades nos contratos firmados entre a Prefeitura de Ribeir\u00e3o Preto e o Cons\u00f3rcio Pr\u00f3Urbano, empresa respons\u00e1vel pelo transporte p\u00fablico da cidade. As falhas foram identificadas em documentos assinados entre 2014 e 2024. Segundo o TCE, o processo de contrata\u00e7\u00e3o\u2026","rel":"","context":"In &quot;Not\u00edcias de Ribeir\u00e3o Preto-SP e Regi\u00e3o&quot;","block_context":{"text":"Not\u00edcias de Ribeir\u00e3o Preto-SP e Regi\u00e3o","link":"https:\/\/noticiasribeiraopreto.com.br\/index.php\/category\/noticias-de-ribeirao-preto-sp-e-regiao-ismael-colosi\/"},"img":{"alt_text":"","src":"https:\/\/i0.wp.com\/noticiasribeiraopreto.com.br\/wp-content\/uploads\/2025\/06\/terminal_dra_1200x675_08022022172619.jpg?fit=1200%2C675&ssl=1&resize=350%2C200","width":350,"height":200,"srcset":"https:\/\/i0.wp.com\/noticiasribeiraopreto.com.br\/wp-content\/uploads\/2025\/06\/terminal_dra_1200x675_08022022172619.jpg?fit=1200%2C675&ssl=1&resize=350%2C200 1x, https:\/\/i0.wp.com\/noticiasribeiraopreto.com.br\/wp-content\/uploads\/2025\/06\/terminal_dra_1200x675_08022022172619.jpg?fit=1200%2C675&ssl=1&resize=525%2C300 1.5x, https:\/\/i0.wp.com\/noticiasribeiraopreto.com.br\/wp-content\/uploads\/2025\/06\/terminal_dra_1200x675_08022022172619.jpg?fit=1200%2C675&ssl=1&resize=700%2C400 2x, https:\/\/i0.wp.com\/noticiasribeiraopreto.com.br\/wp-content\/uploads\/2025\/06\/terminal_dra_1200x675_08022022172619.jpg?fit=1200%2C675&ssl=1&resize=1050%2C600 3x"},"classes":[]}],"jetpack_sharing_enabled":true,"jetpack_shortlink":"https:\/\/wp.me\/peQAOb-iHz","_links":{"self":[{"href":"https:\/\/noticiasribeiraopreto.com.br\/index.php\/wp-json\/wp\/v2\/posts\/71893","targetHints":{"allow":["GET"]}}],"collection":[{"href":"https:\/\/noticiasribeiraopreto.com.br\/index.php\/wp-json\/wp\/v2\/posts"}],"about":[{"href":"https:\/\/noticiasribeiraopreto.com.br\/index.php\/wp-json\/wp\/v2\/types\/post"}],"author":[{"embeddable":true,"href":"https:\/\/noticiasribeiraopreto.com.br\/index.php\/wp-json\/wp\/v2\/users\/1"}],"replies":[{"embeddable":true,"href":"https:\/\/noticiasribeiraopreto.com.br\/index.php\/wp-json\/wp\/v2\/comments?post=71893"}],"version-history":[{"count":0,"href":"https:\/\/noticiasribeiraopreto.com.br\/index.php\/wp-json\/wp\/v2\/posts\/71893\/revisions"}],"wp:featuredmedia":[{"embeddable":true,"href":"https:\/\/noticiasribeiraopreto.com.br\/index.php\/wp-json\/wp\/v2\/media\/71894"}],"wp:attachment":[{"href":"https:\/\/noticiasribeiraopreto.com.br\/index.php\/wp-json\/wp\/v2\/media?parent=71893"}],"wp:term":[{"taxonomy":"category","embeddable":true,"href":"https:\/\/noticiasribeiraopreto.com.br\/index.php\/wp-json\/wp\/v2\/categories?post=71893"},{"taxonomy":"post_tag","embeddable":true,"href":"https:\/\/noticiasribeiraopreto.com.br\/index.php\/wp-json\/wp\/v2\/tags?post=71893"}],"curies":[{"name":"wp","href":"https:\/\/api.w.org\/{rel}","templated":true}]}}