{"id":71901,"date":"2025-06-11T11:34:25","date_gmt":"2025-06-11T14:34:25","guid":{"rendered":"https:\/\/noticiasribeiraopreto.com.br\/index.php\/2025\/06\/11\/ribeirao-tera-cadastro-municipal-de-estupradores\/"},"modified":"2025-06-11T11:34:25","modified_gmt":"2025-06-11T14:34:25","slug":"ribeirao-tera-cadastro-municipal-de-estupradores","status":"publish","type":"post","link":"https:\/\/noticiasribeiraopreto.com.br\/index.php\/2025\/06\/11\/ribeirao-tera-cadastro-municipal-de-estupradores\/","title":{"rendered":"Ribeir\u00e3o ter\u00e1 cadastro municipal de estupradores"},"content":{"rendered":"<div class='code-block code-block-1' style='margin: 8px 0 8px auto; text-align: right; display: block; clear: both;'>\n<p><a href=\"https:\/\/wa.link\/vpicfd\"><img data-recalc-dims=\"1\" class=\"wp-image-4922\" style=\"aspect-ratio: 2.0253164556962027; width: 561px; height: auto;\" src=\"https:\/\/i0.wp.com\/ismaelcolosi.com.br\/wp-content\/uploads\/2023\/11\/grupo-de-empregos-whatsapp-e-facebook-ismael-colosi-vagas.jpg?ssl=1\" alt=\"\" \/><\/a><\/p>\n<!-- \/wp:image -->\n<\/div>\n<p> <br \/>\n<\/p>\n<div id=\"\">\n<p>\n\t\t\t\t\t\t\t\t\t<span class=\"entry-meta-item penci-posted-on\"><i class=\"fa fa-clock-o\"\/><time class=\"entry-date published\" datetime=\"2025-06-11T11:27:49-03:00\">11 de junho de 2025 11:27<\/time><time class=\"updated\" datetime=\"2025-06-11T11:28:21-03:00\">11 de junho de 2025 11:28<\/time><\/span><span class=\"entry-meta-item penci-post-countview\"><span class=\"entry-meta-item penci-post-countview penci_post-meta_item\"><i class=\"fa fa-eye\"\/><span class=\"penci-post-countview-number penci-post-countview-p428427\">7<\/span><\/span><\/span>\t\t\t\t\t\t\t\t<\/p>\n<p><!-- .entry-meta --><br \/>\n\t\t\t\t\t\t\t\t<span class=\"penci-social-buttons penci-social-share-footer\"><span class=\"penci-social-share-text\">Compartilhar<\/span><a href=\"#\" class=\"penci-post-like penci_post-meta_item  single-like-button penci-social-item like\" data-post_id=\"428427\" title=\"Like\" data-like=\"Like\" data-unlike=\"Unlike\"><i class=\"fa fa-thumbs-o-up\"\/><span class=\"penci-share-number\">0<\/span><\/a><i class=\"fa fa-facebook\"\/><a class=\"penci-social-item twitter\" target=\"_blank\" rel=\"noopener\" title=\"\" href=\"https:\/\/twitter.com\/intent\/tweet?text=Ribeir\u00e3o%20ter\u00e1%20cadastro%20municipal%20de%20estupradores%20-%20https:\/\/www.tribunaribeirao.com.br\/ribeirao-tera-cadastro-municipal-de-estupradores\/\"><i class=\"fa fa-twitter\"\/><\/a><i class=\"fa fa-linkedin\"\/><i class=\"fa fa-whatsapp\"\/><i class=\"fa fa-telegram\"\/><i class=\"fa fa-envelope\"\/><\/span>\t\t\t\t\t\t\t<\/div>\n<div>\n<p>O prefeito de Ribeir\u00e3o Preto, Ricardo Silva (PSD) sancionou a lei no. 15.085 que institui na cidade o Cadastro Municipal de Pessoas Condenadas por Estupro e Ass\u00e9dio Sexual. O objetivo da nova lei, de autoria do vereador Junin D\u00ead\u00ea (PL), \u00e9 disponibilizar informa\u00e7\u00f5es de interesse p\u00fablico sobre indiv\u00edduos que tenham condena\u00e7\u00f5es por crimes dessa natureza em Ribeir\u00e3o Preto. A san\u00e7\u00e3o foi publicada no Di\u00e1rio Oficial do Munic\u00edpio (DOM) desta ter\u00e7a-feira, 10 de junho.<\/p>\n<p>O Cadastro Municipal permitir\u00e1 o acesso p\u00fablico sobre os condenados \u2013 observadas as disposi\u00e7\u00f5es legais sobre sigilo e prote\u00e7\u00e3o de dados pessoais -, auxiliar \u00f3rg\u00e3os p\u00fablicos, entidades privadas e a sociedade civil na preven\u00e7\u00e3o e combate \u00e0 viol\u00eancia sexual e promover maior transpar\u00eancia e seguran\u00e7a \u00e0 popula\u00e7\u00e3o.<br \/>Dever\u00e1 conter o nome completo do indiv\u00edduo; n\u00famero do processo judicial; natureza do crime imputado ou condenado; atividade laboral desenvolvida, nos \u00faltimos tr\u00eas anos, do condenado que esteja em livramento condicional e situa\u00e7\u00e3o processual atualizada.<\/p>\n<p>A inclus\u00e3o de nomes no Cadastro Municipal depender\u00e1 de condena\u00e7\u00e3o definitiva transitada em julgado. Ou seja, aquela em que n\u00e3o cabe mais recursos. O acesso ao cadastro ser\u00e1 disponibilizado em portal eletr\u00f4nico da Prefeitura Municipal, garantindo-se transpar\u00eancia, mas respeitando-se as diretrizes da Lei Geral de Prote\u00e7\u00e3o de Dados (LGPD).<\/p>\n<p>O cadastro ser\u00e1 administrado pela Secretaria da Justi\u00e7a e Cidadania (SJC), Guarda Civil Metropolitana (GCM) ou outro \u00f3rg\u00e3o competente designado pelo Poder Executivo municipal.<br \/>Segundo as estat\u00edsticas criminais divulgadas pela Secretaria de Seguran\u00e7a P\u00fablica do Estado de S\u00e3o Paulo (SSP\/SP), as ocorr\u00eancias envolvendo den\u00fancias de estupro, em Ribeir\u00e3o Preto, cresceram 23,08% em janeiro deste ano na compara\u00e7\u00e3o com o mesmo per\u00edodo de 2024, de 13 para 16. S\u00e3o tr\u00eas a mais, um a cada 46 horas. O cen\u00e1rio \u00e9 o mesmo em rela\u00e7\u00e3o a dezembro.<\/p>\n<p>Dos estupros registrados no primeiro m\u00eas deste ano, 13 envolvem crian\u00e7as ou adolescentes, que est\u00e3o no grupo dos \u201cvulner\u00e1veis\u201d, 81,25% do total. Os 25 casos de janeiro de 2023 passado representam o maior n\u00famero desde que a pesquisa passou a ser divulgada, em 2001.<\/p>\n<\/div>\n<p><script async src=\"\/\/platform.twitter.com\/widgets.js\" charset=\"utf-8\"><\/script><br \/>\n<br \/><br \/>\n<br \/><a href=\"https:\/\/www.tribunaribeirao.com.br\/ribeirao-tera-cadastro-municipal-de-estupradores\/\">Source link <\/a><\/p>\n<!-- CONTENT END 1 -->\n","protected":false},"excerpt":{"rendered":"<p>11 de junho de 2025 11:2711 de junho de 2025 11:287 Compartilhar0 O prefeito de Ribeir\u00e3o Preto, Ricardo Silva (PSD) sancionou a lei no. 15.085&#8230;<\/p>\n","protected":false},"author":1,"featured_media":71902,"comment_status":"open","ping_status":"open","sticky":false,"template":"","format":"standard","meta":{"advanced_seo_description":"","jetpack_seo_html_title":"","jetpack_seo_noindex":false,"jetpack_post_was_ever_published":false,"_jetpack_newsletter_access":"","_jetpack_dont_email_post_to_subs":false,"_jetpack_newsletter_tier_id":0,"_jetpack_memberships_contains_paywalled_content":false,"_jetpack_memberships_contains_paid_content":false,"footnotes":"","jetpack_publicize_message":"","jetpack_publicize_feature_enabled":true,"jetpack_social_post_already_shared":true,"jetpack_social_options":{"image_generator_settings":{"template":"highway","default_image_id":0,"font":"","enabled":false},"version":2}},"categories":[11],"tags":[],"class_list":["post-71901","post","type-post","status-publish","format-standard","has-post-thumbnail","hentry","category-noticias-de-ribeirao-preto-sp-e-regiao-ismael-colosi"],"jetpack_publicize_connections":[],"jetpack_featured_media_url":"https:\/\/i0.wp.com\/noticiasribeiraopreto.com.br\/wp-content\/uploads\/2025\/06\/estupro-scaled.jpg?fit=800%2C480&ssl=1","jetpack-related-posts":[{"id":73059,"url":"https:\/\/noticiasribeiraopreto.com.br\/index.php\/2025\/06\/24\/hc-e-faepa-estao-com-vagas-abertas-em-ribeirao-preto-veja-como-participar\/","url_meta":{"origin":71901,"position":0},"title":"HC e Faepa est\u00e3o com vagas abertas em Ribeir\u00e3o Preto; Veja como participar","author":"noticiasribeiraopreto.com.br","date":"24 de June de 2025","format":false,"excerpt":"O HC (Hospital das Cl\u00ednicas) e a Faepa (Funda\u00e7\u00e3o de Apoio ao Ensino, Pesquisa e Assist\u00eancia do Hospital das Cl\u00ednicas) est\u00e3o com vagas dispon\u00edveis em Ribeir\u00e3o Preto. As oportunidades est\u00e3o dispon\u00edveis em concursos p\u00fablicos para diferentes fun\u00e7\u00f5es no HC e em um processo seletivo da Faepa \u2013 veja abaixo. Hospital\u2026","rel":"","context":"In &quot;Not\u00edcias de Ribeir\u00e3o Preto-SP e Regi\u00e3o&quot;","block_context":{"text":"Not\u00edcias de Ribeir\u00e3o Preto-SP e Regi\u00e3o","link":"https:\/\/noticiasribeiraopreto.com.br\/index.php\/category\/noticias-de-ribeirao-preto-sp-e-regiao-ismael-colosi\/"},"img":{"alt_text":"","src":"https:\/\/i0.wp.com\/noticiasribeiraopreto.com.br\/wp-content\/uploads\/2025\/06\/Copia-de-Copia-de-Copia-de-TAMANHO-EXATO-PARA-FOTOS-NO-SISTEMA-NOVO-44_2024-09-24_19-57-50_png_2024-09-24_19-57-50.webp.webp?fit=1200%2C675&ssl=1&resize=350%2C200","width":350,"height":200,"srcset":"https:\/\/i0.wp.com\/noticiasribeiraopreto.com.br\/wp-content\/uploads\/2025\/06\/Copia-de-Copia-de-Copia-de-TAMANHO-EXATO-PARA-FOTOS-NO-SISTEMA-NOVO-44_2024-09-24_19-57-50_png_2024-09-24_19-57-50.webp.webp?fit=1200%2C675&ssl=1&resize=350%2C200 1x, https:\/\/i0.wp.com\/noticiasribeiraopreto.com.br\/wp-content\/uploads\/2025\/06\/Copia-de-Copia-de-Copia-de-TAMANHO-EXATO-PARA-FOTOS-NO-SISTEMA-NOVO-44_2024-09-24_19-57-50_png_2024-09-24_19-57-50.webp.webp?fit=1200%2C675&ssl=1&resize=525%2C300 1.5x, https:\/\/i0.wp.com\/noticiasribeiraopreto.com.br\/wp-content\/uploads\/2025\/06\/Copia-de-Copia-de-Copia-de-TAMANHO-EXATO-PARA-FOTOS-NO-SISTEMA-NOVO-44_2024-09-24_19-57-50_png_2024-09-24_19-57-50.webp.webp?fit=1200%2C675&ssl=1&resize=700%2C400 2x, https:\/\/i0.wp.com\/noticiasribeiraopreto.com.br\/wp-content\/uploads\/2025\/06\/Copia-de-Copia-de-Copia-de-TAMANHO-EXATO-PARA-FOTOS-NO-SISTEMA-NOVO-44_2024-09-24_19-57-50_png_2024-09-24_19-57-50.webp.webp?fit=1200%2C675&ssl=1&resize=1050%2C600 3x"},"classes":[]},{"id":52116,"url":"https:\/\/noticiasribeiraopreto.com.br\/index.php\/2024\/06\/04\/aniversario-de-ribeirao-preto-e-feriado-data-e-comemorada-no-dia-19-de-junho\/","url_meta":{"origin":71901,"position":1},"title":"Anivers\u00e1rio de Ribeir\u00e3o Preto \u00e9 feriado? Data \u00e9 comemorada no dia 19 de junho","author":"noticiasribeiraopreto.com.br","date":"4 de June de 2024","format":false,"excerpt":"O anivers\u00e1rio de 168 anos de Ribeir\u00e3o Preto \u00e9 comemorado no pr\u00f3ximo dia 19 de junho e j\u00e1 foi divulgada uma programa\u00e7\u00e3o especial para a celebra\u00e7\u00e3o. Mas, afinal, o dia do anivers\u00e1rio de Ribeir\u00e3o \u00e9 considerado feriado? Sim, a data \u00e9 feriado municipal, que foi institu\u00eddo por meio de legisla\u00e7\u00e3o\u2026","rel":"","context":"In &quot;Not\u00edcias de Ribeir\u00e3o Preto-SP e Regi\u00e3o&quot;","block_context":{"text":"Not\u00edcias de Ribeir\u00e3o Preto-SP e Regi\u00e3o","link":"https:\/\/noticiasribeiraopreto.com.br\/index.php\/category\/noticias-de-ribeirao-preto-sp-e-regiao-ismael-colosi\/"},"img":{"alt_text":"","src":"https:\/\/i0.wp.com\/noticiasribeiraopreto.com.br\/wp-content\/uploads\/2024\/06\/totem_eu_amo_ribeirao_-_foto_fernando_gonzaga_2_2024-06-04_11-49-25_jpeg_2024-06-04_11-49-25.webp.webp?fit=1200%2C800&ssl=1&resize=350%2C200","width":350,"height":200,"srcset":"https:\/\/i0.wp.com\/noticiasribeiraopreto.com.br\/wp-content\/uploads\/2024\/06\/totem_eu_amo_ribeirao_-_foto_fernando_gonzaga_2_2024-06-04_11-49-25_jpeg_2024-06-04_11-49-25.webp.webp?fit=1200%2C800&ssl=1&resize=350%2C200 1x, https:\/\/i0.wp.com\/noticiasribeiraopreto.com.br\/wp-content\/uploads\/2024\/06\/totem_eu_amo_ribeirao_-_foto_fernando_gonzaga_2_2024-06-04_11-49-25_jpeg_2024-06-04_11-49-25.webp.webp?fit=1200%2C800&ssl=1&resize=525%2C300 1.5x, https:\/\/i0.wp.com\/noticiasribeiraopreto.com.br\/wp-content\/uploads\/2024\/06\/totem_eu_amo_ribeirao_-_foto_fernando_gonzaga_2_2024-06-04_11-49-25_jpeg_2024-06-04_11-49-25.webp.webp?fit=1200%2C800&ssl=1&resize=700%2C400 2x, https:\/\/i0.wp.com\/noticiasribeiraopreto.com.br\/wp-content\/uploads\/2024\/06\/totem_eu_amo_ribeirao_-_foto_fernando_gonzaga_2_2024-06-04_11-49-25_jpeg_2024-06-04_11-49-25.webp.webp?fit=1200%2C800&ssl=1&resize=1050%2C600 3x"},"classes":[]},{"id":70916,"url":"https:\/\/noticiasribeiraopreto.com.br\/index.php\/2025\/05\/31\/vai-esquentar-veja-previsao-para-o-fim-de-semana-em-ribeirao\/","url_meta":{"origin":71901,"position":2},"title":"Vai esquentar? Veja previs\u00e3o para o fim de semana em Ribeir\u00e3o","author":"noticiasribeiraopreto.com.br","date":"31 de May de 2025","format":false,"excerpt":"O efeito da onda de frio que atingiu o estado de S\u00e3o Paulo nos \u00faltimos dias segue para o oceano, afastando-se gradualmente do Brasil. Por isso, j\u00e1 neste fim de semana, o efeito desse fen\u00f4meno come\u00e7a a diminuir e as temperaturas v\u00e3o ter uma ligeira eleva\u00e7\u00e3o. De acordo com a\u2026","rel":"","context":"In &quot;Not\u00edcias de Ribeir\u00e3o Preto-SP e Regi\u00e3o&quot;","block_context":{"text":"Not\u00edcias de Ribeir\u00e3o Preto-SP e Regi\u00e3o","link":"https:\/\/noticiasribeiraopreto.com.br\/index.php\/category\/noticias-de-ribeirao-preto-sp-e-regiao-ismael-colosi\/"},"img":{"alt_text":"","src":"https:\/\/i0.wp.com\/noticiasribeiraopreto.com.br\/wp-content\/uploads\/2025\/05\/Copia-de-Copia-de-Copia-de-TAMANHO-EXATO-PARA-FOTOS-NO-SISTEMA-NOVO-2025-05-31T095617.827_2025-05-31_12-56-25.webp.webp?fit=1200%2C675&ssl=1&resize=350%2C200","width":350,"height":200,"srcset":"https:\/\/i0.wp.com\/noticiasribeiraopreto.com.br\/wp-content\/uploads\/2025\/05\/Copia-de-Copia-de-Copia-de-TAMANHO-EXATO-PARA-FOTOS-NO-SISTEMA-NOVO-2025-05-31T095617.827_2025-05-31_12-56-25.webp.webp?fit=1200%2C675&ssl=1&resize=350%2C200 1x, https:\/\/i0.wp.com\/noticiasribeiraopreto.com.br\/wp-content\/uploads\/2025\/05\/Copia-de-Copia-de-Copia-de-TAMANHO-EXATO-PARA-FOTOS-NO-SISTEMA-NOVO-2025-05-31T095617.827_2025-05-31_12-56-25.webp.webp?fit=1200%2C675&ssl=1&resize=525%2C300 1.5x, https:\/\/i0.wp.com\/noticiasribeiraopreto.com.br\/wp-content\/uploads\/2025\/05\/Copia-de-Copia-de-Copia-de-TAMANHO-EXATO-PARA-FOTOS-NO-SISTEMA-NOVO-2025-05-31T095617.827_2025-05-31_12-56-25.webp.webp?fit=1200%2C675&ssl=1&resize=700%2C400 2x, https:\/\/i0.wp.com\/noticiasribeiraopreto.com.br\/wp-content\/uploads\/2025\/05\/Copia-de-Copia-de-Copia-de-TAMANHO-EXATO-PARA-FOTOS-NO-SISTEMA-NOVO-2025-05-31T095617.827_2025-05-31_12-56-25.webp.webp?fit=1200%2C675&ssl=1&resize=1050%2C600 3x"},"classes":[]},{"id":72036,"url":"https:\/\/noticiasribeiraopreto.com.br\/index.php\/2025\/06\/12\/video-vereador-zomba-de-colega-em-plena-sessao\/","url_meta":{"origin":71901,"position":3},"title":"V\u00eddeo: Vereador zomba de colega em plena sess\u00e3o","author":"noticiasribeiraopreto.com.br","date":"12 de June de 2025","format":false,"excerpt":"12 de junho de 2025 15:3712 de junho de 2025 16:5556 Compartilhar0 Uma brincadeira, no m\u00ednimo de mau gosto, foi protagonizada pelo vereador Andr\u00e9 Rodini (Novo) na sess\u00e3o da C\u00e2mara de Vereadores de Ribeir\u00e3o Preto, na noite de quarta-feira, 11 de junho. Enquanto o tamb\u00e9m vereador Brando Veiga (Republicanos) comunicava,\u2026","rel":"","context":"In &quot;Not\u00edcias de Ribeir\u00e3o Preto-SP e Regi\u00e3o&quot;","block_context":{"text":"Not\u00edcias de Ribeir\u00e3o Preto-SP e Regi\u00e3o","link":"https:\/\/noticiasribeiraopreto.com.br\/index.php\/category\/noticias-de-ribeirao-preto-sp-e-regiao-ismael-colosi\/"},"img":{"alt_text":"","src":"https:\/\/i0.wp.com\/noticiasribeiraopreto.com.br\/wp-content\/uploads\/2025\/06\/imagem-rodini-scaled.png?fit=800%2C450&ssl=1&resize=350%2C200","width":350,"height":200,"srcset":"https:\/\/i0.wp.com\/noticiasribeiraopreto.com.br\/wp-content\/uploads\/2025\/06\/imagem-rodini-scaled.png?fit=800%2C450&ssl=1&resize=350%2C200 1x, https:\/\/i0.wp.com\/noticiasribeiraopreto.com.br\/wp-content\/uploads\/2025\/06\/imagem-rodini-scaled.png?fit=800%2C450&ssl=1&resize=525%2C300 1.5x, https:\/\/i0.wp.com\/noticiasribeiraopreto.com.br\/wp-content\/uploads\/2025\/06\/imagem-rodini-scaled.png?fit=800%2C450&ssl=1&resize=700%2C400 2x"},"classes":[]},{"id":81007,"url":"https:\/\/noticiasribeiraopreto.com.br\/index.php\/2025\/12\/20\/vacinacao-contra-hpv-e-prorrogada-ate-junho\/","url_meta":{"origin":71901,"position":4},"title":"Vacina\u00e7\u00e3o contra HPV \u00e9 prorrogada at\u00e9 junho","author":"noticiasribeiraopreto.com.br","date":"20 de December de 2025","format":false,"excerpt":"\r \r \r 20 de dezembro de 2025 11:1120 de dezembro de 2025 02:01 \r Compartilhar0 A vacina\u00e7\u00e3o contra o HPV para adolescentes de 15 a 19 anos foi prorrogada at\u00e9 junho de 2026 em Ribeir\u00e3o Preto. A medida segue diretriz do Minist\u00e9rio da Sa\u00fade e busca ampliar a cobertura\u2026","rel":"","context":"In &quot;Not\u00edcias de Ribeir\u00e3o Preto-SP e Regi\u00e3o&quot;","block_context":{"text":"Not\u00edcias de Ribeir\u00e3o Preto-SP e Regi\u00e3o","link":"https:\/\/noticiasribeiraopreto.com.br\/index.php\/category\/noticias-de-ribeirao-preto-sp-e-regiao-ismael-colosi\/"},"img":{"alt_text":"","src":"https:\/\/i0.wp.com\/noticiasribeiraopreto.com.br\/wp-content\/uploads\/2025\/12\/VacinaHPV-Guilherme-Sircili-scaled.jpg?fit=1171%2C780&ssl=1&resize=350%2C200","width":350,"height":200,"srcset":"https:\/\/i0.wp.com\/noticiasribeiraopreto.com.br\/wp-content\/uploads\/2025\/12\/VacinaHPV-Guilherme-Sircili-scaled.jpg?fit=1171%2C780&ssl=1&resize=350%2C200 1x, https:\/\/i0.wp.com\/noticiasribeiraopreto.com.br\/wp-content\/uploads\/2025\/12\/VacinaHPV-Guilherme-Sircili-scaled.jpg?fit=1171%2C780&ssl=1&resize=525%2C300 1.5x, https:\/\/i0.wp.com\/noticiasribeiraopreto.com.br\/wp-content\/uploads\/2025\/12\/VacinaHPV-Guilherme-Sircili-scaled.jpg?fit=1171%2C780&ssl=1&resize=700%2C400 2x, https:\/\/i0.wp.com\/noticiasribeiraopreto.com.br\/wp-content\/uploads\/2025\/12\/VacinaHPV-Guilherme-Sircili-scaled.jpg?fit=1171%2C780&ssl=1&resize=1050%2C600 3x"},"classes":[]},{"id":70826,"url":"https:\/\/noticiasribeiraopreto.com.br\/index.php\/2025\/05\/30\/vai-comecar-o-arraia-mio-di-bao\/","url_meta":{"origin":71901,"position":5},"title":"Vai come\u00e7ar o Arrai\u00e1 Mi\u00f3 di B\u00e3o!\u00a0","author":"noticiasribeiraopreto.com.br","date":"30 de May de 2025","format":false,"excerpt":"30 de maio de 2025 11:0530 de maio de 2025 11:0510 Compartilhar0 A terceira edi\u00e7\u00e3o do Arrai\u00e1 Mi\u00f3 di B\u00e3o \u2013 Ribeir\u00e3o! promete mais. Sucesso de p\u00fablico e atra\u00e7\u00f5es, a j\u00e1 tradicional festa est\u00e1 de volta e com muitas novidades: uma grade de artistas locais, interven\u00e7\u00f5es art\u00edsticas, comidas e bebidas\u2026","rel":"","context":"In &quot;Not\u00edcias de Ribeir\u00e3o Preto-SP e Regi\u00e3o&quot;","block_context":{"text":"Not\u00edcias de Ribeir\u00e3o Preto-SP e Regi\u00e3o","link":"https:\/\/noticiasribeiraopreto.com.br\/index.php\/category\/noticias-de-ribeirao-preto-sp-e-regiao-ismael-colosi\/"},"img":{"alt_text":"","src":"https:\/\/i0.wp.com\/noticiasribeiraopreto.com.br\/wp-content\/uploads\/2025\/05\/arraia.jpeg?fit=1200%2C680&ssl=1&resize=350%2C200","width":350,"height":200,"srcset":"https:\/\/i0.wp.com\/noticiasribeiraopreto.com.br\/wp-content\/uploads\/2025\/05\/arraia.jpeg?fit=1200%2C680&ssl=1&resize=350%2C200 1x, https:\/\/i0.wp.com\/noticiasribeiraopreto.com.br\/wp-content\/uploads\/2025\/05\/arraia.jpeg?fit=1200%2C680&ssl=1&resize=525%2C300 1.5x, https:\/\/i0.wp.com\/noticiasribeiraopreto.com.br\/wp-content\/uploads\/2025\/05\/arraia.jpeg?fit=1200%2C680&ssl=1&resize=700%2C400 2x, https:\/\/i0.wp.com\/noticiasribeiraopreto.com.br\/wp-content\/uploads\/2025\/05\/arraia.jpeg?fit=1200%2C680&ssl=1&resize=1050%2C600 3x"},"classes":[]}],"jetpack_sharing_enabled":true,"jetpack_shortlink":"https:\/\/wp.me\/peQAOb-iHH","_links":{"self":[{"href":"https:\/\/noticiasribeiraopreto.com.br\/index.php\/wp-json\/wp\/v2\/posts\/71901","targetHints":{"allow":["GET"]}}],"collection":[{"href":"https:\/\/noticiasribeiraopreto.com.br\/index.php\/wp-json\/wp\/v2\/posts"}],"about":[{"href":"https:\/\/noticiasribeiraopreto.com.br\/index.php\/wp-json\/wp\/v2\/types\/post"}],"author":[{"embeddable":true,"href":"https:\/\/noticiasribeiraopreto.com.br\/index.php\/wp-json\/wp\/v2\/users\/1"}],"replies":[{"embeddable":true,"href":"https:\/\/noticiasribeiraopreto.com.br\/index.php\/wp-json\/wp\/v2\/comments?post=71901"}],"version-history":[{"count":0,"href":"https:\/\/noticiasribeiraopreto.com.br\/index.php\/wp-json\/wp\/v2\/posts\/71901\/revisions"}],"wp:featuredmedia":[{"embeddable":true,"href":"https:\/\/noticiasribeiraopreto.com.br\/index.php\/wp-json\/wp\/v2\/media\/71902"}],"wp:attachment":[{"href":"https:\/\/noticiasribeiraopreto.com.br\/index.php\/wp-json\/wp\/v2\/media?parent=71901"}],"wp:term":[{"taxonomy":"category","embeddable":true,"href":"https:\/\/noticiasribeiraopreto.com.br\/index.php\/wp-json\/wp\/v2\/categories?post=71901"},{"taxonomy":"post_tag","embeddable":true,"href":"https:\/\/noticiasribeiraopreto.com.br\/index.php\/wp-json\/wp\/v2\/tags?post=71901"}],"curies":[{"name":"wp","href":"https:\/\/api.w.org\/{rel}","templated":true}]}}