{"id":71903,"date":"2025-06-11T11:53:37","date_gmt":"2025-06-11T14:53:37","guid":{"rendered":"https:\/\/noticiasribeiraopreto.com.br\/index.php\/2025\/06\/11\/lagum-traz-nova-turne-para-ribeirao-preto-saiba-quando\/"},"modified":"2025-06-11T11:53:37","modified_gmt":"2025-06-11T14:53:37","slug":"lagum-traz-nova-turne-para-ribeirao-preto-saiba-quando","status":"publish","type":"post","link":"https:\/\/noticiasribeiraopreto.com.br\/index.php\/2025\/06\/11\/lagum-traz-nova-turne-para-ribeirao-preto-saiba-quando\/","title":{"rendered":"Lagum traz nova turn\u00ea para Ribeir\u00e3o Preto; Saiba quando"},"content":{"rendered":"<p> <br \/>\n<\/p>\n<div data-td-block-uid=\"tdi_95\">\n<div class=\"tdb-block-inner td-fix-index\">\n<p>A banda <strong>Lagum <\/strong>volta a <strong>Ribeir\u00e3o Preto<\/strong> com show marcado para o dia <strong>12 de setembro<\/strong>, no Multiplan Hall. A apresenta\u00e7\u00e3o faz parte da <strong>nova turn\u00ea do grupo<\/strong>, anunciada ap\u00f3s o lan\u00e7amento do quinto \u00e1lbum de est\u00fadio \u201c<strong>As Cores, As Curvas e As Dores do Mundo<\/strong>\u201d.<\/p>\n<p>Os ingressos para a apresenta\u00e7\u00e3o ser\u00e3o vendidos de <strong>forma on-line<\/strong>, no <strong>site oficial da banda (<a href=\"https:\/\/lagum.com.br\/\" target=\"_blank\" rel=\"noreferrer noopener\">clique aqui<\/a>)<\/strong>. <mark style=\"background-color:#fcb900\" class=\"has-inline-color\">De acordo com publica\u00e7\u00e3o realizada nas redes sociais, <strong>as vendas iniciam nesta quarta-feira (11), \u00e0s 12h<\/strong>.<\/mark><\/p>\n<blockquote class=\"instagram-media\" data-instgrm-permalink=\"https:\/\/www.instagram.com\/p\/DKuXtiyxSXp\/?utm_source=ig_embed&amp;utm_campaign=loading\" data-instgrm-version=\"14\" style=\"background:#FFF;border:0;border-radius:3px;margin: 1px;max-width:540px;min-width:326px;padding:0;width:99.375%;width:-webkit-calc(100% - 2px);width:calc(100% - 2px)\"\/>\n<p>Al\u00e9m de passar por <strong>Ribeir\u00e3o Preto<\/strong>, o grupo formado por <strong>Pedro Calais<\/strong>, <strong>Zani<\/strong>, <strong>Jorge <\/strong>e <strong>Chico <\/strong>tem mais de <strong>30 apresenta\u00e7\u00f5es marcadas<\/strong> entre 2025 e 2026, com datas no Brasil e no exterior.<\/p>\n<p>\u201c\u2019Tamo\u2019 feliz demais com algumas cidades e pa\u00edses que vamos pela primeira vez, e outros lugares que estamos voltando com novidades. Nos vemos por a\u00ed\u201d, disse o grupo nas redes sociais.<\/p>\n<h2 class=\"wp-block-heading\"><strong>Servi\u00e7o<\/strong><\/h2>\n<p><em>Lagum em Ribeir\u00e3o Preto<\/em><\/p>\n<p>Quando: 12 de setembro<\/p>\n<p>Onde: Multiplan Hall \u2013 avenida Cel. Fernando Ferreira Leite, 1540 \u2013 Jardim Nova Alian\u00e7a<\/p>\n<p>Ingressos: no site oficial da banda (clique aqui)<\/p>\n<p><iframe loading=\"lazy\" src=\"https:\/\/open.spotify.com\/embed\/album\/7LHPGpPZV2duyGmI2KthiX?utm_source=generator\" width=\"100%\" height=\"352\" frameborder=\"0\" allowfullscreen=\"\"><\/iframe><\/p>\n<hr class=\"wp-block-separator has-alpha-channel-opacity\"\/>\n<p>SAIBA MAIS<\/p>\n<p>Quermesse arrecada R$ 162 mil para restaura\u00e7\u00e3o da Catedral de Ribeir\u00e3o Preto <mark style=\"background-color:#ffffff\" class=\"has-inline-color has-white-color\">no entanto,<\/mark> <\/p>\n<h2 class=\"wp-block-heading\"><strong>FIQUE ON<\/strong><\/h2>\n<p>Quer ficar por dentro de tudo que acontece em Ribeir\u00e3o Preto e regi\u00e3o? Ent\u00e3o siga os perfis do\u202facidade on\u202fno\u202f<a href=\"https:\/\/www.instagram.com\/acidadeonribeirao\" target=\"_blank\" rel=\"noreferrer noopener\">Instagram<\/a>\u202fe no\u202f<a href=\"https:\/\/www.facebook.com\/acidadeonribeirao\/\" target=\"_blank\" rel=\"noreferrer noopener\">Facebook<\/a>.<\/p>\n<p>Al\u00e9m disso, voc\u00ea pode receber as principais not\u00edcias diretamente no WhatsApp. Para isso, basta\u00a0<a href=\"https:\/\/chat.whatsapp.com\/BjKQZ9oJwlz8VVT50NuePq\" target=\"_blank\" rel=\"noreferrer noopener\">entrar no grupo clicando aqui<\/a>.<\/p>\n<p>Por fim, se quiser fazer uma den\u00fancia ou sugerir uma reportagem sobre Ribeir\u00e3o Preto e regi\u00e3o, envie uma mensagem pelo WhatsApp: (16) 99117-7802.<\/p>\n<p>VEJA TAMB\u00c9M<\/p>\n<p>Quem S\u00edlvia Pfeifer ser\u00e1 em \u2018Dona de Mim\u2019? <mark style=\"background-color:#ffffff\" class=\"has-inline-color has-white-color\">contudo,<\/mark><\/p>\n<p><!-- CONTENT END 1 -->\n<\/div>\n<\/div>\n<p><script async src=\"\/\/www.instagram.com\/embed.js\"><\/script><br \/>\n<br \/><br \/>\n<br \/><a href=\"https:\/\/www.acidadeon.com\/ribeiraopreto\/lazer-e-cultura\/lagum-traz-nova-turne-para-ribeirao-preto-saiba-quando\/\">Source link <\/a><\/p>\n","protected":false},"excerpt":{"rendered":"<p>A banda Lagum volta a Ribeir\u00e3o Preto com show marcado para o dia 12 de setembro, no Multiplan Hall. A apresenta\u00e7\u00e3o faz parte da nova&#8230;<\/p>\n","protected":false},"author":1,"featured_media":71904,"comment_status":"open","ping_status":"open","sticky":false,"template":"","format":"standard","meta":{"advanced_seo_description":"","jetpack_seo_html_title":"","jetpack_seo_noindex":false,"jetpack_post_was_ever_published":false,"_jetpack_newsletter_access":"","_jetpack_dont_email_post_to_subs":false,"_jetpack_newsletter_tier_id":0,"_jetpack_memberships_contains_paywalled_content":false,"_jetpack_memberships_contains_paid_content":false,"footnotes":"","jetpack_publicize_message":"","jetpack_publicize_feature_enabled":true,"jetpack_social_post_already_shared":true,"jetpack_social_options":{"image_generator_settings":{"template":"highway","default_image_id":0,"font":"","enabled":false},"version":2}},"categories":[11],"tags":[],"class_list":["post-71903","post","type-post","status-publish","format-standard","has-post-thumbnail","hentry","category-noticias-de-ribeirao-preto-sp-e-regiao-ismael-colosi"],"jetpack_publicize_connections":[],"jetpack_featured_media_url":"https:\/\/i0.wp.com\/noticiasribeiraopreto.com.br\/wp-content\/uploads\/2025\/06\/Copia-de-Copia-de-Copia-de-TAMANHO-EXATO-PARA-FOTOS-NO-SISTEMA-NOVO-2025-06-11T115038.363_2025-06-11_14-50-48.webp.webp?fit=1200%2C675&ssl=1","jetpack-related-posts":[{"id":77111,"url":"https:\/\/noticiasribeiraopreto.com.br\/index.php\/2025\/09\/11\/vamos-comemorar-com-nossos-fas-lagum-promete-show-de-muita-energia-em-ribeirao\/","url_meta":{"origin":71903,"position":0},"title":"&#8216;Vamos comemorar com nossos f\u00e3s&#8217;: Lagum promete show de muita energia em Ribeir\u00e3o","author":"noticiasribeiraopreto.com.br","date":"11 de September de 2025","format":false,"excerpt":"Ribeir\u00e3o Preto se prepara para receber a banda Lagum nesta sexta-feira (12), que promete uma apresenta\u00e7\u00e3o cheia de energia e intera\u00e7\u00e3o com o p\u00fablico. Conhecido por mesclar diferentes estilos musicais, como pop, rock, reggae e soul, o grupo conquistou espa\u00e7o no cen\u00e1rio nacional com m\u00fasicas que falam sobre sentimentos e\u2026","rel":"","context":"In &quot;Not\u00edcias de Ribeir\u00e3o Preto-SP e Regi\u00e3o&quot;","block_context":{"text":"Not\u00edcias de Ribeir\u00e3o Preto-SP e Regi\u00e3o","link":"https:\/\/noticiasribeiraopreto.com.br\/index.php\/category\/noticias-de-ribeirao-preto-sp-e-regiao-ismael-colosi\/"},"img":{"alt_text":"","src":"https:\/\/i0.wp.com\/noticiasribeiraopreto.com.br\/wp-content\/uploads\/2025\/09\/lagum-Breno-Galtier-758x439-1_2025-09-11_20-01-36.webp.webp?fit=758%2C439&ssl=1&resize=350%2C200","width":350,"height":200,"srcset":"https:\/\/i0.wp.com\/noticiasribeiraopreto.com.br\/wp-content\/uploads\/2025\/09\/lagum-Breno-Galtier-758x439-1_2025-09-11_20-01-36.webp.webp?fit=758%2C439&ssl=1&resize=350%2C200 1x, https:\/\/i0.wp.com\/noticiasribeiraopreto.com.br\/wp-content\/uploads\/2025\/09\/lagum-Breno-Galtier-758x439-1_2025-09-11_20-01-36.webp.webp?fit=758%2C439&ssl=1&resize=525%2C300 1.5x, https:\/\/i0.wp.com\/noticiasribeiraopreto.com.br\/wp-content\/uploads\/2025\/09\/lagum-Breno-Galtier-758x439-1_2025-09-11_20-01-36.webp.webp?fit=758%2C439&ssl=1&resize=700%2C400 2x"},"classes":[]},{"id":77735,"url":"https:\/\/noticiasribeiraopreto.com.br\/index.php\/2025\/09\/24\/catedral-de-ribeirao-recebe-apresentacao-da-banda-sinfonica-do-exercito\/","url_meta":{"origin":71903,"position":1},"title":"Catedral de Ribeir\u00e3o recebe apresenta\u00e7\u00e3o da Banda Sinf\u00f4nica do Ex\u00e9rcito","author":"noticiasribeiraopreto.com.br","date":"24 de September de 2025","format":false,"excerpt":"A Banda Sinf\u00f4nica do Ex\u00e9rcito realiza uma apresenta\u00e7\u00e3o na Catedral Metropolitana de Ribeir\u00e3o Preto, no pr\u00f3ximo dia 7 de outubro, a partir das 19h30. A entrada \u00e9 gratuita e aberta ao p\u00fablico. O repert\u00f3rio escolhido pela banda traz nomes como James Barnes, James Swearingen, Eric Whitacre, Heitor Villa-Lobos, Jackson Lucio\u2026","rel":"","context":"In &quot;Not\u00edcias de Ribeir\u00e3o Preto-SP e Regi\u00e3o&quot;","block_context":{"text":"Not\u00edcias de Ribeir\u00e3o Preto-SP e Regi\u00e3o","link":"https:\/\/noticiasribeiraopreto.com.br\/index.php\/category\/noticias-de-ribeirao-preto-sp-e-regiao-ismael-colosi\/"},"img":{"alt_text":"","src":"https:\/\/i0.wp.com\/noticiasribeiraopreto.com.br\/wp-content\/uploads\/2025\/09\/Banda-exercito.jpg_2025-09-24_14-04-45.webp.webp?fit=640%2C427&ssl=1&resize=350%2C200","width":350,"height":200,"srcset":"https:\/\/i0.wp.com\/noticiasribeiraopreto.com.br\/wp-content\/uploads\/2025\/09\/Banda-exercito.jpg_2025-09-24_14-04-45.webp.webp?fit=640%2C427&ssl=1&resize=350%2C200 1x, https:\/\/i0.wp.com\/noticiasribeiraopreto.com.br\/wp-content\/uploads\/2025\/09\/Banda-exercito.jpg_2025-09-24_14-04-45.webp.webp?fit=640%2C427&ssl=1&resize=525%2C300 1.5x"},"classes":[]},{"id":84428,"url":"https:\/\/noticiasribeiraopreto.com.br\/index.php\/2026\/04\/09\/joao-rock-inicia-vendas-do-ultimo-lote-confira-as-atracoes\/","url_meta":{"origin":71903,"position":2},"title":"Jo\u00e3o Rock inicia vendas do \u00faltimo lote; Confira as atra\u00e7\u00f5es","author":"noticiasribeiraopreto.com.br","date":"9 de April de 2026","format":false,"excerpt":"Ler o resumo da not\u00edcia Jo\u00e3o Rock abre venda do \u00faltimo lote de ingressos para a edi\u00e7\u00e3o de 2026 nesta quinta-feira (9), \u00e0s 12h. O festival ocorre no dia 1\u00ba de agosto em Ribeir\u00e3o Preto e oferece os \u00faltimos 20% dos ingressos dispon\u00edveis. A programa\u00e7\u00e3o conta com mais de 27\u2026","rel":"","context":"In &quot;Not\u00edcias de Ribeir\u00e3o Preto-SP e Regi\u00e3o&quot;","block_context":{"text":"Not\u00edcias de Ribeir\u00e3o Preto-SP e Regi\u00e3o","link":"https:\/\/noticiasribeiraopreto.com.br\/index.php\/category\/noticias-de-ribeirao-preto-sp-e-regiao-ismael-colosi\/"},"img":{"alt_text":"","src":"https:\/\/i0.wp.com\/noticiasribeiraopreto.com.br\/wp-content\/uploads\/2026\/03\/joao-rock-festival_2025-12-16_13-36-38.webp.webp?fit=1200%2C800&ssl=1&resize=350%2C200","width":350,"height":200,"srcset":"https:\/\/i0.wp.com\/noticiasribeiraopreto.com.br\/wp-content\/uploads\/2026\/03\/joao-rock-festival_2025-12-16_13-36-38.webp.webp?fit=1200%2C800&ssl=1&resize=350%2C200 1x, https:\/\/i0.wp.com\/noticiasribeiraopreto.com.br\/wp-content\/uploads\/2026\/03\/joao-rock-festival_2025-12-16_13-36-38.webp.webp?fit=1200%2C800&ssl=1&resize=525%2C300 1.5x, https:\/\/i0.wp.com\/noticiasribeiraopreto.com.br\/wp-content\/uploads\/2026\/03\/joao-rock-festival_2025-12-16_13-36-38.webp.webp?fit=1200%2C800&ssl=1&resize=700%2C400 2x, https:\/\/i0.wp.com\/noticiasribeiraopreto.com.br\/wp-content\/uploads\/2026\/03\/joao-rock-festival_2025-12-16_13-36-38.webp.webp?fit=1200%2C800&ssl=1&resize=1050%2C600 3x"},"classes":[]},{"id":81631,"url":"https:\/\/noticiasribeiraopreto.com.br\/index.php\/2026\/01\/12\/veja-quais-shows-ja-estao-confirmados-em-ribeirao-preto-no-primeiro-semestre-de-2026\/","url_meta":{"origin":71903,"position":3},"title":"Veja quais shows j\u00e1 est\u00e3o confirmados em Ribeir\u00e3o Preto no primeiro semestre de 2026","author":"noticiasribeiraopreto.com.br","date":"12 de January de 2026","format":false,"excerpt":"Ribeir\u00e3o Preto come\u00e7a a formar sua agenda de shows de 2026, com apresenta\u00e7\u00f5es de artistas nacionais e internacionais de diferentes estilos musicais confirmadas ao longo do ano. Entre os nomes que j\u00e1 t\u00eam data marcada na cidade est\u00e3o Anitta, o grupo Menos \u00e9 Mais, o DJ Pedro Sampaio, a banda\u2026","rel":"","context":"In &quot;Not\u00edcias de Ribeir\u00e3o Preto-SP e Regi\u00e3o&quot;","block_context":{"text":"Not\u00edcias de Ribeir\u00e3o Preto-SP e Regi\u00e3o","link":"https:\/\/noticiasribeiraopreto.com.br\/index.php\/category\/noticias-de-ribeirao-preto-sp-e-regiao-ismael-colosi\/"},"img":{"alt_text":"","src":"https:\/\/i0.wp.com\/noticiasribeiraopreto.com.br\/wp-content\/uploads\/2026\/01\/Capturar-21.jpg?fit=612%2C409&ssl=1&resize=350%2C200","width":350,"height":200,"srcset":"https:\/\/i0.wp.com\/noticiasribeiraopreto.com.br\/wp-content\/uploads\/2026\/01\/Capturar-21.jpg?fit=612%2C409&ssl=1&resize=350%2C200 1x, https:\/\/i0.wp.com\/noticiasribeiraopreto.com.br\/wp-content\/uploads\/2026\/01\/Capturar-21.jpg?fit=612%2C409&ssl=1&resize=525%2C300 1.5x"},"classes":[]},{"id":64794,"url":"https:\/\/noticiasribeiraopreto.com.br\/index.php\/2025\/03\/12\/capital-inicial-acustico-ribeirao-pretano-kiko-zambianchi-participa-de-turne-especial\/","url_meta":{"origin":71903,"position":4},"title":"Capital Inicial Ac\u00fastico: ribeir\u00e3o-pretano Kiko Zambianchi participa de turn\u00ea especial","author":"noticiasribeiraopreto.com.br","date":"12 de March de 2025","format":false,"excerpt":"Considerada uma das maiores bandas da hist\u00f3ria do rock nacional, Capital Inicial est\u00e1 em turn\u00ea celebrando seu \u00e1lbum \u201cCapital Inicial Ac\u00fastico MTV\u201d. No s\u00e1bado, dia 22 de mar\u00e7o, Dinho Ouro Preto, Fl\u00e1vio Lemos, F\u00ea Lemos e Yves Passarell desembarcam em Ribeir\u00e3o Preto para uma apresenta\u00e7\u00e3o repleta de hits e muita\u2026","rel":"","context":"In &quot;Not\u00edcias de Ribeir\u00e3o Preto-SP e Regi\u00e3o&quot;","block_context":{"text":"Not\u00edcias de Ribeir\u00e3o Preto-SP e Regi\u00e3o","link":"https:\/\/noticiasribeiraopreto.com.br\/index.php\/category\/noticias-de-ribeirao-preto-sp-e-regiao-ismael-colosi\/"},"img":{"alt_text":"","src":"https:\/\/i0.wp.com\/noticiasribeiraopreto.com.br\/wp-content\/uploads\/2025\/03\/WhatsApp-Image-2025-03-12-at-12.00.01.jpeg?fit=1200%2C750&ssl=1&resize=350%2C200","width":350,"height":200,"srcset":"https:\/\/i0.wp.com\/noticiasribeiraopreto.com.br\/wp-content\/uploads\/2025\/03\/WhatsApp-Image-2025-03-12-at-12.00.01.jpeg?fit=1200%2C750&ssl=1&resize=350%2C200 1x, https:\/\/i0.wp.com\/noticiasribeiraopreto.com.br\/wp-content\/uploads\/2025\/03\/WhatsApp-Image-2025-03-12-at-12.00.01.jpeg?fit=1200%2C750&ssl=1&resize=525%2C300 1.5x, https:\/\/i0.wp.com\/noticiasribeiraopreto.com.br\/wp-content\/uploads\/2025\/03\/WhatsApp-Image-2025-03-12-at-12.00.01.jpeg?fit=1200%2C750&ssl=1&resize=700%2C400 2x, https:\/\/i0.wp.com\/noticiasribeiraopreto.com.br\/wp-content\/uploads\/2025\/03\/WhatsApp-Image-2025-03-12-at-12.00.01.jpeg?fit=1200%2C750&ssl=1&resize=1050%2C600 3x"},"classes":[]},{"id":40068,"url":"https:\/\/noticiasribeiraopreto.com.br\/index.php\/2024\/02\/29\/restart-anuncia-data-de-show-da-turne-de-despedida-em-ribeirao-preto-confira\/","url_meta":{"origin":71903,"position":5},"title":"Restart anuncia data de show da turn\u00ea de despedida em Ribeir\u00e3o Preto; Confira","author":"noticiasribeiraopreto.com.br","date":"29 de February de 2024","format":false,"excerpt":"A banda Restart anunciou, nesta quinta-feira (29), que se apresentar\u00e1 em Ribeir\u00e3o Preto no dia 20 de julho, no Quinta Linda Centro de Eventos, localizado na rodovia Anhanguera. A venda dos ingressos, segundo a organiza\u00e7\u00e3o, come\u00e7a no dia 5 de mar\u00e7o, \u00e0s 12h, atrav\u00e9s da plataforma Articket. Contudo, os valores\u2026","rel":"","context":"In &quot;Not\u00edcias de Ribeir\u00e3o Preto-SP e Regi\u00e3o&quot;","block_context":{"text":"Not\u00edcias de Ribeir\u00e3o Preto-SP e Regi\u00e3o","link":"https:\/\/noticiasribeiraopreto.com.br\/index.php\/category\/noticias-de-ribeirao-preto-sp-e-regiao-ismael-colosi\/"},"img":{"alt_text":"","src":"https:\/\/i0.wp.com\/noticiasribeiraopreto.com.br\/wp-content\/uploads\/2024\/02\/BANDA-RESTART-Rodrigo-Takeshi.jpg?fit=1200%2C746&ssl=1&resize=350%2C200","width":350,"height":200,"srcset":"https:\/\/i0.wp.com\/noticiasribeiraopreto.com.br\/wp-content\/uploads\/2024\/02\/BANDA-RESTART-Rodrigo-Takeshi.jpg?fit=1200%2C746&ssl=1&resize=350%2C200 1x, https:\/\/i0.wp.com\/noticiasribeiraopreto.com.br\/wp-content\/uploads\/2024\/02\/BANDA-RESTART-Rodrigo-Takeshi.jpg?fit=1200%2C746&ssl=1&resize=525%2C300 1.5x, https:\/\/i0.wp.com\/noticiasribeiraopreto.com.br\/wp-content\/uploads\/2024\/02\/BANDA-RESTART-Rodrigo-Takeshi.jpg?fit=1200%2C746&ssl=1&resize=700%2C400 2x, https:\/\/i0.wp.com\/noticiasribeiraopreto.com.br\/wp-content\/uploads\/2024\/02\/BANDA-RESTART-Rodrigo-Takeshi.jpg?fit=1200%2C746&ssl=1&resize=1050%2C600 3x"},"classes":[]}],"jetpack_sharing_enabled":true,"jetpack_shortlink":"https:\/\/wp.me\/peQAOb-iHJ","_links":{"self":[{"href":"https:\/\/noticiasribeiraopreto.com.br\/index.php\/wp-json\/wp\/v2\/posts\/71903","targetHints":{"allow":["GET"]}}],"collection":[{"href":"https:\/\/noticiasribeiraopreto.com.br\/index.php\/wp-json\/wp\/v2\/posts"}],"about":[{"href":"https:\/\/noticiasribeiraopreto.com.br\/index.php\/wp-json\/wp\/v2\/types\/post"}],"author":[{"embeddable":true,"href":"https:\/\/noticiasribeiraopreto.com.br\/index.php\/wp-json\/wp\/v2\/users\/1"}],"replies":[{"embeddable":true,"href":"https:\/\/noticiasribeiraopreto.com.br\/index.php\/wp-json\/wp\/v2\/comments?post=71903"}],"version-history":[{"count":0,"href":"https:\/\/noticiasribeiraopreto.com.br\/index.php\/wp-json\/wp\/v2\/posts\/71903\/revisions"}],"wp:featuredmedia":[{"embeddable":true,"href":"https:\/\/noticiasribeiraopreto.com.br\/index.php\/wp-json\/wp\/v2\/media\/71904"}],"wp:attachment":[{"href":"https:\/\/noticiasribeiraopreto.com.br\/index.php\/wp-json\/wp\/v2\/media?parent=71903"}],"wp:term":[{"taxonomy":"category","embeddable":true,"href":"https:\/\/noticiasribeiraopreto.com.br\/index.php\/wp-json\/wp\/v2\/categories?post=71903"},{"taxonomy":"post_tag","embeddable":true,"href":"https:\/\/noticiasribeiraopreto.com.br\/index.php\/wp-json\/wp\/v2\/tags?post=71903"}],"curies":[{"name":"wp","href":"https:\/\/api.w.org\/{rel}","templated":true}]}}