{"id":71909,"date":"2025-06-11T12:09:51","date_gmt":"2025-06-11T15:09:51","guid":{"rendered":"https:\/\/noticiasribeiraopreto.com.br\/index.php\/2025\/06\/11\/usina-inaugura-biofabrica-de-r-15-milhoes-no-interior-de-sp-para-producao-de-microvespas\/"},"modified":"2025-06-11T12:09:51","modified_gmt":"2025-06-11T15:09:51","slug":"usina-inaugura-biofabrica-de-r-15-milhoes-no-interior-de-sp-para-producao-de-microvespas","status":"publish","type":"post","link":"https:\/\/noticiasribeiraopreto.com.br\/index.php\/2025\/06\/11\/usina-inaugura-biofabrica-de-r-15-milhoes-no-interior-de-sp-para-producao-de-microvespas\/","title":{"rendered":"Usina inaugura biof\u00e1brica de R$ 15 milh\u00f5es no interior de SP para produ\u00e7\u00e3o de microvespas"},"content":{"rendered":"<p> <br \/>\n<\/p>\n<div>\n<p>A <strong>S\u00e3o Martinho<\/strong> inaugurou uma <strong>biof\u00e1brica <\/strong>de <strong>microvespas <\/strong>em <strong>Prad\u00f3polis<\/strong>, cidade na regi\u00e3o de <strong>Ribeir\u00e3o Preto<\/strong>. Com investimento de <strong>R$ 15 milh\u00f5es<\/strong>, a estrutura de 3 mil m\u00b2 vai produzir o inseto para <strong>controle biol\u00f3gico de pragas<\/strong>, substituindo o uso de defensivos qu\u00edmicos por solu\u00e7\u00f5es naturais.<\/p>\n<p>De acordo com a companhia, o novo espa\u00e7o foi projetado para atender mais de <strong>400 mil hectares<\/strong>, considerando tr\u00eas aplica\u00e7\u00f5es por ciclo.<\/p>\n<p>Al\u00e9m disso, o complexo possui uma equipe especializada, formada por mestres e doutores, para garantir o <strong>controle de qualidade<\/strong> em todas as etapas.<\/p>\n<p>O novo investimento integra a estrat\u00e9gia de <strong>MIT (Manejo Integrado Total)<\/strong>, que re\u00fane <mark style=\"background-color:#fcb900\" class=\"has-inline-color\">pr\u00e1ticas agr\u00edcolas com foco em controle biol\u00f3gico e menor impacto ambiental<\/mark> \u2013 atualmente, <strong>mais de 85% do controle de pragas<\/strong> nas \u00e1reas da empresa \u00e9 feito com uso de <strong>agentes biol\u00f3gicos<\/strong>.<\/p>\n<h2 class=\"wp-block-heading\"><strong>Produ\u00e7\u00e3o de microvespas<\/strong><\/h2>\n<p>A unidade foi constru\u00edda para ampliar a produ\u00e7\u00e3o da microvespa <em><strong>Trichogramma galloi<\/strong><\/em>, utilizada no controle biol\u00f3gico da <strong>broca-da-cana<\/strong> (<em>Diatraea saccharalis<\/em>).<\/p>\n<p>A esp\u00e9cie, que age parasitando os ovos da praga, complementa o trabalho da <em>Cotesia flavipes<\/em>, <strong>vespa <\/strong>produzida pela <strong>S\u00e3o Martinho<\/strong> h\u00e1 d\u00e9cadas, que atua na fase larval da praga.<\/p>\n<p>A tecnologia representa uma <strong>alternativa sustent\u00e1vel<\/strong> aos <strong>defensivos qu\u00edmicos<\/strong>, reduzindo impactos ao solo, \u00e0 \u00e1gua e ao ar.<\/p>\n<figure class=\"wp-block-pullquote\">\n<blockquote>\n<p>Ao utilizar um inimigo natural no combate \u00e0s pragas, essa tecnologia representa uma alternativa sustent\u00e1vel aos defensivos qu\u00edmicos, reduzindo impactos ao solo, \u00e0 \u00e1gua e ao ar<\/p>\n<\/blockquote>\n<\/figure>\n<h2 class=\"wp-block-heading\"><strong>Diferencial<\/strong><\/h2>\n<p>Ainda de acordo com companhia, o grande diferencial dessa <strong>biof\u00e1brica <\/strong>\u00e9 a produ\u00e7\u00e3o pr\u00f3pria do hospedeiro alternativo <em>Ephestia kuehniella<\/em>, essencial para o desenvolvimento do <em>Trichogramma<\/em>.<\/p>\n<figure class=\"wp-block-pullquote\">\n<blockquote>\n<p>Somos a \u00fanica empresa no Brasil com dom\u00ednio completo dessa cadeia, desde a cria\u00e7\u00e3o do hospedeiro at\u00e9 a aplica\u00e7\u00e3o em campo<\/p>\n<p><cite>contou Lu\u00eds Gustavo Teixeira, Diretor Agr\u00edcola e de Tecnologia da S\u00e3o Martinho<\/cite><\/p><\/blockquote>\n<\/figure>\n<p>A inaugura\u00e7\u00e3o eleva para seis o n\u00famero de <strong>biof\u00e1bricas <\/strong>que a <strong>S\u00e3o Martinho<\/strong> opera para produzir agentes biol\u00f3gicos como <em>Cotesia flavipes<\/em>, <em>Beauveria bassiana<\/em> e <em>Metarhizium anisopliae<\/em>.<\/p>\n<hr class=\"wp-block-separator has-alpha-channel-opacity\"\/>\n<p>SAIBA MAIS<\/p>\n<p>Prefeitura define pr\u00f3ximos passos das obras das avenidas Tanquinho e Rio Pardo; entenda<\/p>\n<h2 class=\"wp-block-heading\"><strong>FIQUE ON<\/strong><\/h2>\n<p>Quer ficar por dentro de tudo que acontece em Ribeir\u00e3o Preto e regi\u00e3o? Ent\u00e3o siga os perfis do\u202facidade on\u202fno\u202f<a href=\"https:\/\/www.instagram.com\/acidadeonribeirao\" target=\"_blank\" rel=\"noreferrer noopener\">Instagram<\/a>\u202fe no\u202f<a href=\"https:\/\/www.facebook.com\/acidadeonribeirao\/\" target=\"_blank\" rel=\"noreferrer noopener\">Facebook<\/a>.<\/p>\n<p>Al\u00e9m disso, voc\u00ea pode receber as principais not\u00edcias diretamente no WhatsApp. Para isso, basta\u00a0<a href=\"https:\/\/chat.whatsapp.com\/BjKQZ9oJwlz8VVT50NuePq\" target=\"_blank\" rel=\"noreferrer noopener\">entrar no grupo clicando aqui<\/a>.<\/p>\n<p>Por fim, se quiser fazer uma den\u00fancia ou sugerir uma reportagem sobre Ribeir\u00e3o Preto e regi\u00e3o, envie uma mensagem pelo WhatsApp: (16) 99117-7802.<\/p>\n<p>VEJA TAMB\u00c9M<\/p>\n<p>O que \u00e9 a Lei Carolina Dieckmann?<\/p>\n<p><!-- CONTENT END 1 -->\n<\/div>\n<p><script async src=\"\/\/www.instagram.com\/embed.js\"><\/script><br \/>\n<br \/><br \/>\n<br \/><a href=\"https:\/\/www.acidadeon.com\/ribeiraopreto\/economia\/usina-inaugura-biofabrica-de-r-15-milhoes-no-interior-de-sp-para-producao-de-microvespas\/\">Source link <\/a><\/p>\n","protected":false},"excerpt":{"rendered":"<p>A S\u00e3o Martinho inaugurou uma biof\u00e1brica de microvespas em Prad\u00f3polis, cidade na regi\u00e3o de Ribeir\u00e3o Preto. Com investimento de R$ 15 milh\u00f5es, a estrutura de&#8230;<\/p>\n","protected":false},"author":1,"featured_media":71910,"comment_status":"open","ping_status":"open","sticky":false,"template":"","format":"standard","meta":{"advanced_seo_description":"","jetpack_seo_html_title":"","jetpack_seo_noindex":false,"jetpack_post_was_ever_published":false,"_jetpack_newsletter_access":"","_jetpack_dont_email_post_to_subs":false,"_jetpack_newsletter_tier_id":0,"_jetpack_memberships_contains_paywalled_content":false,"_jetpack_memberships_contains_paid_content":false,"footnotes":"","jetpack_publicize_message":"","jetpack_publicize_feature_enabled":true,"jetpack_social_post_already_shared":true,"jetpack_social_options":{"image_generator_settings":{"template":"highway","default_image_id":0,"font":"","enabled":false},"version":2}},"categories":[11],"tags":[],"class_list":["post-71909","post","type-post","status-publish","format-standard","has-post-thumbnail","hentry","category-noticias-de-ribeirao-preto-sp-e-regiao-ismael-colosi"],"jetpack_publicize_connections":[],"jetpack_featured_media_url":"https:\/\/i0.wp.com\/noticiasribeiraopreto.com.br\/wp-content\/uploads\/2025\/06\/Foto-Biofabrica-Divulgacao_2025-06-11_13-56-07.webp.webp?fit=1200%2C675&ssl=1","jetpack-related-posts":[{"id":77363,"url":"https:\/\/noticiasribeiraopreto.com.br\/index.php\/2025\/09\/16\/governo-de-sp-anuncia-investimento-de-r-45-milhoes-em-habitacao-na-regiao-de-ribeirao\/","url_meta":{"origin":71909,"position":0},"title":"Governo de SP anuncia investimento de R$ 45 milh\u00f5es em habita\u00e7\u00e3o na regi\u00e3o de Ribeir\u00e3o","author":"noticiasribeiraopreto.com.br","date":"16 de September de 2025","format":false,"excerpt":"O Governo do Estado de S\u00e3o Paulo autorizou, nesta ter\u00e7a-feira (16), o in\u00edcio das obras de 251 unidades habitacionais da CDHU e a libera\u00e7\u00e3o de 66 Cartas de Cr\u00e9dito Imobili\u00e1rio (CCI) para fam\u00edlias com renda de at\u00e9 tr\u00eas sal\u00e1rios m\u00ednimos na regi\u00e3o de Ribeir\u00e3o Preto. O investimento total \u00e9 de\u2026","rel":"","context":"In &quot;Not\u00edcias de Ribeir\u00e3o Preto-SP e Regi\u00e3o&quot;","block_context":{"text":"Not\u00edcias de Ribeir\u00e3o Preto-SP e Regi\u00e3o","link":"https:\/\/noticiasribeiraopreto.com.br\/index.php\/category\/noticias-de-ribeirao-preto-sp-e-regiao-ismael-colosi\/"},"img":{"alt_text":"","src":"https:\/\/i0.wp.com\/noticiasribeiraopreto.com.br\/wp-content\/uploads\/2025\/09\/WhatsApp-Image-2025-09-16-at-16.37.51-1024x683-1_2025-09-16_23-31-17.webp.webp?fit=1024%2C683&ssl=1&resize=350%2C200","width":350,"height":200,"srcset":"https:\/\/i0.wp.com\/noticiasribeiraopreto.com.br\/wp-content\/uploads\/2025\/09\/WhatsApp-Image-2025-09-16-at-16.37.51-1024x683-1_2025-09-16_23-31-17.webp.webp?fit=1024%2C683&ssl=1&resize=350%2C200 1x, https:\/\/i0.wp.com\/noticiasribeiraopreto.com.br\/wp-content\/uploads\/2025\/09\/WhatsApp-Image-2025-09-16-at-16.37.51-1024x683-1_2025-09-16_23-31-17.webp.webp?fit=1024%2C683&ssl=1&resize=525%2C300 1.5x, https:\/\/i0.wp.com\/noticiasribeiraopreto.com.br\/wp-content\/uploads\/2025\/09\/WhatsApp-Image-2025-09-16-at-16.37.51-1024x683-1_2025-09-16_23-31-17.webp.webp?fit=1024%2C683&ssl=1&resize=700%2C400 2x"},"classes":[]},{"id":39656,"url":"https:\/\/noticiasribeiraopreto.com.br\/index.php\/2024\/02\/27\/regiao-de-rp-fecha-2023-com-r-1542-bi\/","url_meta":{"origin":71909,"position":1},"title":"Regi\u00e3o de RP fecha 2023 com R$ 1,542 bi\u00a0","author":"noticiasribeiraopreto.com.br","date":"27 de February de 2024","format":false,"excerpt":"Dados da Funda\u00e7\u00e3o Sistema Estadual de An\u00e1lise de Dados (Seade), divulgados nesta ter\u00e7a-feira, 20 de fevereiro, revelam que R$ 1,542 bilh\u00e3o (R$ 1.542.400.000) foram investidos na Regi\u00e3o Administrativa de Ribeir\u00e3o Preto ao longo do ano passado. De acordo com a Pesquisa de Investimentos Anunciados no Estado de S\u00e3o Paulo (Piesp),\u2026","rel":"","context":"In &quot;Not\u00edcias de Ribeir\u00e3o Preto-SP e Regi\u00e3o&quot;","block_context":{"text":"Not\u00edcias de Ribeir\u00e3o Preto-SP e Regi\u00e3o","link":"https:\/\/noticiasribeiraopreto.com.br\/index.php\/category\/noticias-de-ribeirao-preto-sp-e-regiao-ismael-colosi\/"},"img":{"alt_text":"","src":"https:\/\/i0.wp.com\/noticiasribeiraopreto.com.br\/wp-content\/uploads\/2024\/02\/SeadeRA-Detalhe-Divulgacao-Alesp-scaled.jpg?fit=1000%2C572&ssl=1&resize=350%2C200","width":350,"height":200,"srcset":"https:\/\/i0.wp.com\/noticiasribeiraopreto.com.br\/wp-content\/uploads\/2024\/02\/SeadeRA-Detalhe-Divulgacao-Alesp-scaled.jpg?fit=1000%2C572&ssl=1&resize=350%2C200 1x, https:\/\/i0.wp.com\/noticiasribeiraopreto.com.br\/wp-content\/uploads\/2024\/02\/SeadeRA-Detalhe-Divulgacao-Alesp-scaled.jpg?fit=1000%2C572&ssl=1&resize=525%2C300 1.5x, https:\/\/i0.wp.com\/noticiasribeiraopreto.com.br\/wp-content\/uploads\/2024\/02\/SeadeRA-Detalhe-Divulgacao-Alesp-scaled.jpg?fit=1000%2C572&ssl=1&resize=700%2C400 2x"},"classes":[]},{"id":63745,"url":"https:\/\/noticiasribeiraopreto.com.br\/index.php\/2025\/02\/20\/curia-de-ribeirao-preto-doa-r-500-mil-para-a-campanha-salve-a-catedral\/","url_meta":{"origin":71909,"position":2},"title":"C\u00faria de Ribeir\u00e3o Preto doa R$ 500 mil para a campanha &#8216;Salve a Catedral&#8217;","author":"noticiasribeiraopreto.com.br","date":"20 de February de 2025","format":false,"excerpt":"O arcebispo metropolitano de Ribeir\u00e3o Preto, Dom Moacir Silva, anunciou, durante uma reuni\u00e3o na manh\u00e3 desta quinta-feira (20), a doa\u00e7\u00e3o de R$ 500 mil da C\u00faria para a campanha \u201cSalve a Catedral\u201d, destinada ao restauro da Catedral de S\u00e3o Sebasti\u00e3o, constru\u00edda entre os anos de 1904 e 1918, no Centro\u2026","rel":"","context":"In &quot;Not\u00edcias de Ribeir\u00e3o Preto-SP e Regi\u00e3o&quot;","block_context":{"text":"Not\u00edcias de Ribeir\u00e3o Preto-SP e Regi\u00e3o","link":"https:\/\/noticiasribeiraopreto.com.br\/index.php\/category\/noticias-de-ribeirao-preto-sp-e-regiao-ismael-colosi\/"},"img":{"alt_text":"","src":"https:\/\/i0.wp.com\/noticiasribeiraopreto.com.br\/wp-content\/uploads\/2025\/02\/WhatsApp-Image-2025-02-20-at-13.31.22_2025-02-20_16-31-58_jpeg_2025-02-20_16-31-58.webp.webp?fit=1200%2C675&ssl=1&resize=350%2C200","width":350,"height":200,"srcset":"https:\/\/i0.wp.com\/noticiasribeiraopreto.com.br\/wp-content\/uploads\/2025\/02\/WhatsApp-Image-2025-02-20-at-13.31.22_2025-02-20_16-31-58_jpeg_2025-02-20_16-31-58.webp.webp?fit=1200%2C675&ssl=1&resize=350%2C200 1x, https:\/\/i0.wp.com\/noticiasribeiraopreto.com.br\/wp-content\/uploads\/2025\/02\/WhatsApp-Image-2025-02-20-at-13.31.22_2025-02-20_16-31-58_jpeg_2025-02-20_16-31-58.webp.webp?fit=1200%2C675&ssl=1&resize=525%2C300 1.5x, https:\/\/i0.wp.com\/noticiasribeiraopreto.com.br\/wp-content\/uploads\/2025\/02\/WhatsApp-Image-2025-02-20-at-13.31.22_2025-02-20_16-31-58_jpeg_2025-02-20_16-31-58.webp.webp?fit=1200%2C675&ssl=1&resize=700%2C400 2x, https:\/\/i0.wp.com\/noticiasribeiraopreto.com.br\/wp-content\/uploads\/2025\/02\/WhatsApp-Image-2025-02-20-at-13.31.22_2025-02-20_16-31-58_jpeg_2025-02-20_16-31-58.webp.webp?fit=1200%2C675&ssl=1&resize=1050%2C600 3x"},"classes":[]},{"id":59125,"url":"https:\/\/noticiasribeiraopreto.com.br\/index.php\/2024\/10\/15\/bndes-aprova-r-500-milhoes-para-fabricacao-de-carro-voador-no-interior-de-sp\/","url_meta":{"origin":71909,"position":3},"title":"BNDES aprova R$ 500 milh\u00f5es para fabrica\u00e7\u00e3o de carro voador no interior de SP","author":"noticiasribeiraopreto.com.br","date":"15 de October de 2024","format":false,"excerpt":"O BNDES aprovou financiamento no valor de R$ 500 milh\u00f5es para a Eve (Eve Air Mobility) desenvolver a unidade de produ\u00e7\u00e3o do eVTOL (carro voador). O ve\u00edculo ser\u00e1 produzido na f\u00e1brica da Embraer em Taubat\u00e9, no interior de S\u00e3o Paulo. O financiamento espera uma produ\u00e7\u00e3o de at\u00e9 480 aeronaves por\u2026","rel":"","context":"In &quot;Not\u00edcias de Ribeir\u00e3o Preto-SP e Regi\u00e3o&quot;","block_context":{"text":"Not\u00edcias de Ribeir\u00e3o Preto-SP e Regi\u00e3o","link":"https:\/\/noticiasribeiraopreto.com.br\/index.php\/category\/noticias-de-ribeirao-preto-sp-e-regiao-ismael-colosi\/"},"img":{"alt_text":"","src":"https:\/\/i0.wp.com\/noticiasribeiraopreto.com.br\/wp-content\/uploads\/2024\/10\/carro-voador-3_2024-07-23_12-41-20_jpg_2024-07-23_12-41-21.webp.webp?fit=1200%2C900&ssl=1&resize=350%2C200","width":350,"height":200,"srcset":"https:\/\/i0.wp.com\/noticiasribeiraopreto.com.br\/wp-content\/uploads\/2024\/10\/carro-voador-3_2024-07-23_12-41-20_jpg_2024-07-23_12-41-21.webp.webp?fit=1200%2C900&ssl=1&resize=350%2C200 1x, https:\/\/i0.wp.com\/noticiasribeiraopreto.com.br\/wp-content\/uploads\/2024\/10\/carro-voador-3_2024-07-23_12-41-20_jpg_2024-07-23_12-41-21.webp.webp?fit=1200%2C900&ssl=1&resize=525%2C300 1.5x, https:\/\/i0.wp.com\/noticiasribeiraopreto.com.br\/wp-content\/uploads\/2024\/10\/carro-voador-3_2024-07-23_12-41-20_jpg_2024-07-23_12-41-21.webp.webp?fit=1200%2C900&ssl=1&resize=700%2C400 2x, https:\/\/i0.wp.com\/noticiasribeiraopreto.com.br\/wp-content\/uploads\/2024\/10\/carro-voador-3_2024-07-23_12-41-20_jpg_2024-07-23_12-41-21.webp.webp?fit=1200%2C900&ssl=1&resize=1050%2C600 3x"},"classes":[]},{"id":75926,"url":"https:\/\/noticiasribeiraopreto.com.br\/index.php\/2025\/08\/18\/prefeitura-confirma-consorcio-responsavel-por-obra-de-r-35-milhoes-na-ribeirania\/","url_meta":{"origin":71909,"position":4},"title":"Prefeitura confirma cons\u00f3rcio respons\u00e1vel por obra de R$ 3,5 milh\u00f5es na Ribeir\u00e2nia","author":"noticiasribeiraopreto.com.br","date":"18 de August de 2025","format":false,"excerpt":"A Prefeitura de Ribeir\u00e3o Preto publicou no Di\u00e1rio Oficial da \u00faltima sexta-feira (15), o edital de homologa\u00e7\u00e3o que confirma a contrata\u00e7\u00e3o do cons\u00f3rcio respons\u00e1vel pela implanta\u00e7\u00e3o de redes de \u00e1gua no bairro Ribeir\u00e2nia, zona Leste do munic\u00edpio. O cons\u00f3rcio vencedor \u00e9 formado pelas empresas FR Saneamento e Constru\u00e7\u00f5es LTDA, de\u2026","rel":"","context":"In &quot;Not\u00edcias de Ribeir\u00e3o Preto-SP e Regi\u00e3o&quot;","block_context":{"text":"Not\u00edcias de Ribeir\u00e3o Preto-SP e Regi\u00e3o","link":"https:\/\/noticiasribeiraopreto.com.br\/index.php\/category\/noticias-de-ribeirao-preto-sp-e-regiao-ismael-colosi\/"},"img":{"alt_text":"","src":"https:\/\/i0.wp.com\/noticiasribeiraopreto.com.br\/wp-content\/uploads\/2025\/08\/ampliaredesaerp01_2025-08-18_20-07-29.webp.webp?fit=1000%2C666&ssl=1&resize=350%2C200","width":350,"height":200,"srcset":"https:\/\/i0.wp.com\/noticiasribeiraopreto.com.br\/wp-content\/uploads\/2025\/08\/ampliaredesaerp01_2025-08-18_20-07-29.webp.webp?fit=1000%2C666&ssl=1&resize=350%2C200 1x, https:\/\/i0.wp.com\/noticiasribeiraopreto.com.br\/wp-content\/uploads\/2025\/08\/ampliaredesaerp01_2025-08-18_20-07-29.webp.webp?fit=1000%2C666&ssl=1&resize=525%2C300 1.5x, https:\/\/i0.wp.com\/noticiasribeiraopreto.com.br\/wp-content\/uploads\/2025\/08\/ampliaredesaerp01_2025-08-18_20-07-29.webp.webp?fit=1000%2C666&ssl=1&resize=700%2C400 2x"},"classes":[]},{"id":85303,"url":"https:\/\/noticiasribeiraopreto.com.br\/index.php\/2026\/04\/28\/governo-de-sp-entrega-r-26-milhoes-em-maquinario-agricola-a-oito-cidades-da-regiao-de-ribeirao-preto\/","url_meta":{"origin":71909,"position":5},"title":"Governo de SP entrega R$ 2,6 milh\u00f5es em maquin\u00e1rio agr\u00edcola a oito cidades da regi\u00e3o de Ribeir\u00e3o Preto &#8211; THMais","author":"noticiasribeiraopreto.com.br","date":"28 de April de 2026","format":false,"excerpt":"O governador Tarc\u00edsio de Freitas anunciar\u00e1 nesta ter\u00e7a-feira (28), na Agrishow 2026, repasse de maquin\u00e1rio agr\u00edcola que vai encaminhar nove equipamentos a oito cidades da regi\u00e3o administrativa de Ribeir\u00e3o Preto, em investimento de R$ 2,6 milh\u00f5es.Ao todo, a nova rodada de repasses vai beneficiar 169 munic\u00edpios no estado. O investimento\u2026","rel":"","context":"In &quot;Not\u00edcias de Ribeir\u00e3o Preto-SP e Regi\u00e3o&quot;","block_context":{"text":"Not\u00edcias de Ribeir\u00e3o Preto-SP e Regi\u00e3o","link":"https:\/\/noticiasribeiraopreto.com.br\/index.php\/category\/noticias-de-ribeirao-preto-sp-e-regiao-ismael-colosi\/"},"img":{"alt_text":"","src":"https:\/\/i0.wp.com\/noticiasribeiraopreto.com.br\/wp-content\/uploads\/2026\/04\/WhatsApp-Image-2026-04-27-at-13.06.52.jpeg?fit=1200%2C800&ssl=1&resize=350%2C200","width":350,"height":200,"srcset":"https:\/\/i0.wp.com\/noticiasribeiraopreto.com.br\/wp-content\/uploads\/2026\/04\/WhatsApp-Image-2026-04-27-at-13.06.52.jpeg?fit=1200%2C800&ssl=1&resize=350%2C200 1x, https:\/\/i0.wp.com\/noticiasribeiraopreto.com.br\/wp-content\/uploads\/2026\/04\/WhatsApp-Image-2026-04-27-at-13.06.52.jpeg?fit=1200%2C800&ssl=1&resize=525%2C300 1.5x, https:\/\/i0.wp.com\/noticiasribeiraopreto.com.br\/wp-content\/uploads\/2026\/04\/WhatsApp-Image-2026-04-27-at-13.06.52.jpeg?fit=1200%2C800&ssl=1&resize=700%2C400 2x, https:\/\/i0.wp.com\/noticiasribeiraopreto.com.br\/wp-content\/uploads\/2026\/04\/WhatsApp-Image-2026-04-27-at-13.06.52.jpeg?fit=1200%2C800&ssl=1&resize=1050%2C600 3x"},"classes":[]}],"jetpack_sharing_enabled":true,"jetpack_shortlink":"https:\/\/wp.me\/peQAOb-iHP","_links":{"self":[{"href":"https:\/\/noticiasribeiraopreto.com.br\/index.php\/wp-json\/wp\/v2\/posts\/71909","targetHints":{"allow":["GET"]}}],"collection":[{"href":"https:\/\/noticiasribeiraopreto.com.br\/index.php\/wp-json\/wp\/v2\/posts"}],"about":[{"href":"https:\/\/noticiasribeiraopreto.com.br\/index.php\/wp-json\/wp\/v2\/types\/post"}],"author":[{"embeddable":true,"href":"https:\/\/noticiasribeiraopreto.com.br\/index.php\/wp-json\/wp\/v2\/users\/1"}],"replies":[{"embeddable":true,"href":"https:\/\/noticiasribeiraopreto.com.br\/index.php\/wp-json\/wp\/v2\/comments?post=71909"}],"version-history":[{"count":0,"href":"https:\/\/noticiasribeiraopreto.com.br\/index.php\/wp-json\/wp\/v2\/posts\/71909\/revisions"}],"wp:featuredmedia":[{"embeddable":true,"href":"https:\/\/noticiasribeiraopreto.com.br\/index.php\/wp-json\/wp\/v2\/media\/71910"}],"wp:attachment":[{"href":"https:\/\/noticiasribeiraopreto.com.br\/index.php\/wp-json\/wp\/v2\/media?parent=71909"}],"wp:term":[{"taxonomy":"category","embeddable":true,"href":"https:\/\/noticiasribeiraopreto.com.br\/index.php\/wp-json\/wp\/v2\/categories?post=71909"},{"taxonomy":"post_tag","embeddable":true,"href":"https:\/\/noticiasribeiraopreto.com.br\/index.php\/wp-json\/wp\/v2\/tags?post=71909"}],"curies":[{"name":"wp","href":"https:\/\/api.w.org\/{rel}","templated":true}]}}