{"id":71911,"date":"2025-06-11T12:17:21","date_gmt":"2025-06-11T15:17:21","guid":{"rendered":"https:\/\/noticiasribeiraopreto.com.br\/index.php\/2025\/06\/11\/ribeirao-preto-recebe-show-de-turne-especial-da-banda-angra-veja-como-comprar-ingressos\/"},"modified":"2025-06-11T12:17:21","modified_gmt":"2025-06-11T15:17:21","slug":"ribeirao-preto-recebe-show-de-turne-especial-da-banda-angra-veja-como-comprar-ingressos","status":"publish","type":"post","link":"https:\/\/noticiasribeiraopreto.com.br\/index.php\/2025\/06\/11\/ribeirao-preto-recebe-show-de-turne-especial-da-banda-angra-veja-como-comprar-ingressos\/","title":{"rendered":"Ribeir\u00e3o Preto recebe show de turn\u00ea especial da banda Angra; Veja como comprar ingressos"},"content":{"rendered":"<p> <br \/>\n<\/p>\n<div data-td-block-uid=\"tdi_95\">\n<div class=\"tdb-block-inner td-fix-index\">\n<p>A banda <strong>Angra<\/strong> traz sua turn\u00ea \u201c<strong>Temple of Shadows 20th Anniversary \u2013 Tour Interlude: Final Lap<\/strong>\u201d para <strong>Ribeir\u00e3o Preto<\/strong>, no pr\u00f3ximo dia <strong>26 de julho<\/strong>, a partir das <strong>20h<\/strong>, no <strong>Alcans Hall<\/strong>. Os ingressos j\u00e1 podem ser adquiridos on-line (<a href=\"https:\/\/www.meubilhete.com.br\/angra---temple-of-shadows\">clique aqui<\/a>).<\/p>\n<p>A banda colocou no mercado um novo registro ac\u00fastico e o relan\u00e7amento do consagrado disco \u201c<strong>Temple of Shadows<\/strong>\u201d, que completou <strong>20 anos<\/strong> em <strong>2024<\/strong>. O trabalho \u00e9 tema da atual turn\u00ea.<\/p>\n<p>O repert\u00f3rio conta com todas as faixas do \u00e1lbum homenageado, al\u00e9m de outros sucessos. <\/p>\n<p>Ap\u00f3s o sucesso em <strong>2024<\/strong>, a banda adicionou uma nova e \u00faltima etapa da turn\u00ea. <mark style=\"background-color:#fcb900\" class=\"has-inline-color has-black-color\">Ao final da turn\u00ea, a banda <strong>Angra<\/strong> entrar\u00e1 em <strong>pausa por tempo indeterminado<\/strong>.<\/mark><\/p>\n<h2 class=\"wp-block-heading\"><strong>Ingressos<\/strong><\/h2>\n<p>O evento conta com setores pista, pista premium e camarote open bar. Veja os valores:<\/p>\n<ul class=\"wp-block-list\">\n<li><strong>Pista: <\/strong>R$ 80 (meia-entrada) | R$ 120 (solid\u00e1ria) | R$ 160 (inteira)<\/li>\n<li><strong>Pista premium: <\/strong>R$ 110 (meia-entrada) | R$ 135 (solid\u00e1rio) | R$ 220 (inteira)<\/li>\n<li><strong>Camarote open bar: <\/strong>R$ 250<\/li>\n<\/ul>\n<h3 class=\"wp-block-heading\"><strong>Servi\u00e7o<\/strong><\/h3>\n<p><strong><em>Angra \u2013 \u201cTemple of Shadows 20th Anniversary \u2013 Tour Interlude: Final Lap\u201d<\/em><\/strong><\/p>\n<p><strong>Quando: <\/strong>26 de julho, s\u00e1bado <strong><br \/>Hor\u00e1rio: <\/strong>20h<strong><br \/>Local: <\/strong>Alcans Hall | Rodovia Anhanguera (SP-330), km 302 \u2013 Ribeir\u00e3o Preto<strong><br \/>Ingressos: <\/strong>A partir de R$ 80<\/p>\n<p>SAIBA MAIS<\/p>\n<p>Ribeir\u00e3o Preto registra 11,9\u00b0C na manh\u00e3 desta quarta; Veja previs\u00e3o<\/p>\n<h4 class=\"wp-block-heading\"><strong>FIQUE ON<\/strong><\/h4>\n<p>Fique ligado em tudo que acontece em Ribeir\u00e3o Preto e regi\u00e3o. Siga os perfis do <strong>acidade on <\/strong>no <a href=\"https:\/\/www.instagram.com\/acidadeonribeirao\" target=\"_blank\" rel=\"noreferrer noopener\">Instagram<\/a> e no <a href=\"https:\/\/www.facebook.com\/acidadeonribeirao\" target=\"_blank\" rel=\"noreferrer noopener\">Facebook<\/a>.<\/p>\n<p>Receba not\u00edcias do acidade on no WhatsApp. Para entrar no grupo, basta <a href=\"https:\/\/chat.whatsapp.com\/BjKQZ9oJwlz8VVT50NuePq\" target=\"_blank\" rel=\"noreferrer noopener\">clicar aqui<\/a>.<\/p>\n<p>Fa\u00e7a uma den\u00fancia ou sugira uma reportagem sobre Ribeir\u00e3o Preto e regi\u00e3o pelo WhatsApp: 16 99117 7802.<\/p>\n<p>VEJA TAMB\u00c9M<\/p>\n<p>Cristina Kirchner ainda \u00e9 eleg\u00edvel?<\/p>\n<p><!-- CONTENT END 1 -->\n<\/div>\n<\/div>\n<p><script async src=\"\/\/www.instagram.com\/embed.js\"><\/script><br \/>\n<br \/><br \/>\n<br \/><a href=\"https:\/\/www.acidadeon.com\/ribeiraopreto\/lazer-e-cultura\/ribeirao-preto-recebe-show-de-turne-especial-da-banda-angra-veja-como-comprar-ingressos\/\">Source link <\/a><\/p>\n","protected":false},"excerpt":{"rendered":"<p>A banda Angra traz sua turn\u00ea \u201cTemple of Shadows 20th Anniversary \u2013 Tour Interlude: Final Lap\u201d para Ribeir\u00e3o Preto, no pr\u00f3ximo dia 26 de julho,&#8230;<\/p>\n","protected":false},"author":1,"featured_media":71912,"comment_status":"open","ping_status":"open","sticky":false,"template":"","format":"standard","meta":{"advanced_seo_description":"","jetpack_seo_html_title":"","jetpack_seo_noindex":false,"jetpack_post_was_ever_published":false,"_jetpack_newsletter_access":"","_jetpack_dont_email_post_to_subs":false,"_jetpack_newsletter_tier_id":0,"_jetpack_memberships_contains_paywalled_content":false,"_jetpack_memberships_contains_paid_content":false,"footnotes":"","jetpack_publicize_message":"","jetpack_publicize_feature_enabled":true,"jetpack_social_post_already_shared":true,"jetpack_social_options":{"image_generator_settings":{"template":"highway","default_image_id":0,"font":"","enabled":false},"version":2}},"categories":[11],"tags":[],"class_list":["post-71911","post","type-post","status-publish","format-standard","has-post-thumbnail","hentry","category-noticias-de-ribeirao-preto-sp-e-regiao-ismael-colosi"],"jetpack_publicize_connections":[],"jetpack_featured_media_url":"https:\/\/i0.wp.com\/noticiasribeiraopreto.com.br\/wp-content\/uploads\/2025\/06\/angra-banda-foto-henrique-grandi_2025-06-11_12-21-29.webp.webp?fit=1200%2C675&ssl=1","jetpack-related-posts":[{"id":48801,"url":"https:\/\/noticiasribeiraopreto.com.br\/index.php\/2024\/05\/06\/ribeirao-preto-recebe-show-com-ex-integrantes-do-shaman-e-do-angra\/","url_meta":{"origin":71911,"position":0},"title":"Ribeir\u00e3o Preto recebe show com ex-integrantes do Shaman e do Angra","author":"noticiasribeiraopreto.com.br","date":"6 de May de 2024","format":false,"excerpt":"Ex-integrantes das bandas Shaman e Angra trazem o show do projeto \u201cShamAngra\u201d para Ribeir\u00e3o Preto, no pr\u00f3ximo dia 24 de maio. Os ingressos ainda est\u00e3o dispon\u00edveis pela internet \u2013 veja abaixo como adquirir. O ShamAngra comemora a hist\u00f3ria das bandas e teve sucesso em sua primeira edi\u00e7\u00e3o, que aconteceu em\u2026","rel":"","context":"In &quot;Not\u00edcias de Ribeir\u00e3o Preto-SP e Regi\u00e3o&quot;","block_context":{"text":"Not\u00edcias de Ribeir\u00e3o Preto-SP e Regi\u00e3o","link":"https:\/\/noticiasribeiraopreto.com.br\/index.php\/category\/noticias-de-ribeirao-preto-sp-e-regiao-ismael-colosi\/"},"img":{"alt_text":"","src":"https:\/\/i0.wp.com\/noticiasribeiraopreto.com.br\/wp-content\/uploads\/2024\/05\/shamangra_2024-05-06_15-14-41_jpg_2024-05-06_15-14-41.webp.webp?fit=550%2C352&ssl=1&resize=350%2C200","width":350,"height":200,"srcset":"https:\/\/i0.wp.com\/noticiasribeiraopreto.com.br\/wp-content\/uploads\/2024\/05\/shamangra_2024-05-06_15-14-41_jpg_2024-05-06_15-14-41.webp.webp?fit=550%2C352&ssl=1&resize=350%2C200 1x, https:\/\/i0.wp.com\/noticiasribeiraopreto.com.br\/wp-content\/uploads\/2024\/05\/shamangra_2024-05-06_15-14-41_jpg_2024-05-06_15-14-41.webp.webp?fit=550%2C352&ssl=1&resize=525%2C300 1.5x"},"classes":[]},{"id":74614,"url":"https:\/\/noticiasribeiraopreto.com.br\/index.php\/2025\/07\/25\/fim-de-semana-em-ribeirao-tem-show-do-angra-arraia-e-teatro-veja-a-programacao\/","url_meta":{"origin":71911,"position":1},"title":"Fim de semana em Ribeir\u00e3o tem show do Angra, arrai\u00e1 e teatro; Veja a programa\u00e7\u00e3o","author":"noticiasribeiraopreto.com.br","date":"25 de July de 2025","format":false,"excerpt":"O fim de semana chegou com muita m\u00fasica e teatro em Ribeir\u00e3o Preto. Entre as atra\u00e7\u00f5es, est\u00e3o os shows das bandas Angra e do Necrofobia. O Teatro Municipal de Ribeir\u00e3o Preto tamb\u00e9m recebe a pe\u00e7a \u201cEntre Irm\u00e3os\u201d. Confira a agenda completa: Angra A banda Angra traz sua turn\u00ea \u201cTemple of\u2026","rel":"","context":"In &quot;Not\u00edcias de Ribeir\u00e3o Preto-SP e Regi\u00e3o&quot;","block_context":{"text":"Not\u00edcias de Ribeir\u00e3o Preto-SP e Regi\u00e3o","link":"https:\/\/noticiasribeiraopreto.com.br\/index.php\/category\/noticias-de-ribeirao-preto-sp-e-regiao-ismael-colosi\/"},"img":{"alt_text":"","src":"https:\/\/i0.wp.com\/noticiasribeiraopreto.com.br\/wp-content\/uploads\/2025\/07\/angra-banda-foto-henrique-grandi_2025-06-11_12-21-29.webp.webp?fit=1200%2C675&ssl=1&resize=350%2C200","width":350,"height":200,"srcset":"https:\/\/i0.wp.com\/noticiasribeiraopreto.com.br\/wp-content\/uploads\/2025\/07\/angra-banda-foto-henrique-grandi_2025-06-11_12-21-29.webp.webp?fit=1200%2C675&ssl=1&resize=350%2C200 1x, https:\/\/i0.wp.com\/noticiasribeiraopreto.com.br\/wp-content\/uploads\/2025\/07\/angra-banda-foto-henrique-grandi_2025-06-11_12-21-29.webp.webp?fit=1200%2C675&ssl=1&resize=525%2C300 1.5x, https:\/\/i0.wp.com\/noticiasribeiraopreto.com.br\/wp-content\/uploads\/2025\/07\/angra-banda-foto-henrique-grandi_2025-06-11_12-21-29.webp.webp?fit=1200%2C675&ssl=1&resize=700%2C400 2x, https:\/\/i0.wp.com\/noticiasribeiraopreto.com.br\/wp-content\/uploads\/2025\/07\/angra-banda-foto-henrique-grandi_2025-06-11_12-21-29.webp.webp?fit=1200%2C675&ssl=1&resize=1050%2C600 3x"},"classes":[]},{"id":32517,"url":"https:\/\/noticiasribeiraopreto.com.br\/index.php\/2024\/01\/25\/banda-canadense-magic-anuncia-show-em-ribeirao-preto\/","url_meta":{"origin":71911,"position":2},"title":"Banda canadense Magic! anuncia show em Ribeir\u00e3o Preto","author":"noticiasribeiraopreto.com.br","date":"25 de January de 2024","format":false,"excerpt":"A banda de pop\/ reggae canadense Magic! anunciou que vai se apresentar no Theatro Pedro II, em Ribeir\u00e3o Preto. A apresenta\u00e7\u00e3o da banda conhecida pelos sucessos \u201cRude\u201d e \u201cNo Way No\u201d est\u00e1 prevista para o dia 11 de abril. Os ingressos s\u00e3o vendidos pela internet, no site da Alpha Tickets\u2026","rel":"","context":"In &quot;Not\u00edcias de Ribeir\u00e3o Preto-SP e Regi\u00e3o&quot;","block_context":{"text":"Not\u00edcias de Ribeir\u00e3o Preto-SP e Regi\u00e3o","link":"https:\/\/noticiasribeiraopreto.com.br\/index.php\/category\/noticias-de-ribeirao-preto-sp-e-regiao-ismael-colosi\/"},"img":{"alt_text":"","src":"https:\/\/i0.wp.com\/noticiasribeiraopreto.com.br\/wp-content\/uploads\/2024\/01\/magic-ribeirao-preto.jpg?fit=1200%2C756&ssl=1&resize=350%2C200","width":350,"height":200,"srcset":"https:\/\/i0.wp.com\/noticiasribeiraopreto.com.br\/wp-content\/uploads\/2024\/01\/magic-ribeirao-preto.jpg?fit=1200%2C756&ssl=1&resize=350%2C200 1x, https:\/\/i0.wp.com\/noticiasribeiraopreto.com.br\/wp-content\/uploads\/2024\/01\/magic-ribeirao-preto.jpg?fit=1200%2C756&ssl=1&resize=525%2C300 1.5x, https:\/\/i0.wp.com\/noticiasribeiraopreto.com.br\/wp-content\/uploads\/2024\/01\/magic-ribeirao-preto.jpg?fit=1200%2C756&ssl=1&resize=700%2C400 2x, https:\/\/i0.wp.com\/noticiasribeiraopreto.com.br\/wp-content\/uploads\/2024\/01\/magic-ribeirao-preto.jpg?fit=1200%2C756&ssl=1&resize=1050%2C600 3x"},"classes":[]},{"id":62061,"url":"https:\/\/noticiasribeiraopreto.com.br\/index.php\/2025\/01\/02\/ribeirao-preto-recebe-shows-da-banda-vanguart-e-da-cantora-melly\/","url_meta":{"origin":71911,"position":3},"title":"Ribeir\u00e3o Preto recebe shows da banda Vanguart e da cantora Melly","author":"noticiasribeiraopreto.com.br","date":"2 de January de 2025","format":false,"excerpt":"O ano de 2025 chegou e a agenda de shows de Ribeir\u00e3o Preto para o primeiro m\u00eas do ano conta com apresenta\u00e7\u00f5es da banda Vanguart e da cantora Melly, artista revela\u00e7\u00e3o do Pr\u00eamio Multishow, em 2023. Vanguart \u2013 Demorou Pra Ser Ap\u00f3s seis anos, a banda Vanguart, forma em 2002\u2026","rel":"","context":"In &quot;Not\u00edcias de Ribeir\u00e3o Preto-SP e Regi\u00e3o&quot;","block_context":{"text":"Not\u00edcias de Ribeir\u00e3o Preto-SP e Regi\u00e3o","link":"https:\/\/noticiasribeiraopreto.com.br\/index.php\/category\/noticias-de-ribeirao-preto-sp-e-regiao-ismael-colosi\/"},"img":{"alt_text":"","src":"https:\/\/i0.wp.com\/noticiasribeiraopreto.com.br\/wp-content\/uploads\/2025\/01\/vanguart_2025-01-02_13-28-15_jpeg_2025-01-02_13-28-15.webp.webp?fit=960%2C500&ssl=1&resize=350%2C200","width":350,"height":200,"srcset":"https:\/\/i0.wp.com\/noticiasribeiraopreto.com.br\/wp-content\/uploads\/2025\/01\/vanguart_2025-01-02_13-28-15_jpeg_2025-01-02_13-28-15.webp.webp?fit=960%2C500&ssl=1&resize=350%2C200 1x, https:\/\/i0.wp.com\/noticiasribeiraopreto.com.br\/wp-content\/uploads\/2025\/01\/vanguart_2025-01-02_13-28-15_jpeg_2025-01-02_13-28-15.webp.webp?fit=960%2C500&ssl=1&resize=525%2C300 1.5x, https:\/\/i0.wp.com\/noticiasribeiraopreto.com.br\/wp-content\/uploads\/2025\/01\/vanguart_2025-01-02_13-28-15_jpeg_2025-01-02_13-28-15.webp.webp?fit=960%2C500&ssl=1&resize=700%2C400 2x"},"classes":[]},{"id":40068,"url":"https:\/\/noticiasribeiraopreto.com.br\/index.php\/2024\/02\/29\/restart-anuncia-data-de-show-da-turne-de-despedida-em-ribeirao-preto-confira\/","url_meta":{"origin":71911,"position":4},"title":"Restart anuncia data de show da turn\u00ea de despedida em Ribeir\u00e3o Preto; Confira","author":"noticiasribeiraopreto.com.br","date":"29 de February de 2024","format":false,"excerpt":"A banda Restart anunciou, nesta quinta-feira (29), que se apresentar\u00e1 em Ribeir\u00e3o Preto no dia 20 de julho, no Quinta Linda Centro de Eventos, localizado na rodovia Anhanguera. A venda dos ingressos, segundo a organiza\u00e7\u00e3o, come\u00e7a no dia 5 de mar\u00e7o, \u00e0s 12h, atrav\u00e9s da plataforma Articket. Contudo, os valores\u2026","rel":"","context":"In &quot;Not\u00edcias de Ribeir\u00e3o Preto-SP e Regi\u00e3o&quot;","block_context":{"text":"Not\u00edcias de Ribeir\u00e3o Preto-SP e Regi\u00e3o","link":"https:\/\/noticiasribeiraopreto.com.br\/index.php\/category\/noticias-de-ribeirao-preto-sp-e-regiao-ismael-colosi\/"},"img":{"alt_text":"","src":"https:\/\/i0.wp.com\/noticiasribeiraopreto.com.br\/wp-content\/uploads\/2024\/02\/BANDA-RESTART-Rodrigo-Takeshi.jpg?fit=1200%2C746&ssl=1&resize=350%2C200","width":350,"height":200,"srcset":"https:\/\/i0.wp.com\/noticiasribeiraopreto.com.br\/wp-content\/uploads\/2024\/02\/BANDA-RESTART-Rodrigo-Takeshi.jpg?fit=1200%2C746&ssl=1&resize=350%2C200 1x, https:\/\/i0.wp.com\/noticiasribeiraopreto.com.br\/wp-content\/uploads\/2024\/02\/BANDA-RESTART-Rodrigo-Takeshi.jpg?fit=1200%2C746&ssl=1&resize=525%2C300 1.5x, https:\/\/i0.wp.com\/noticiasribeiraopreto.com.br\/wp-content\/uploads\/2024\/02\/BANDA-RESTART-Rodrigo-Takeshi.jpg?fit=1200%2C746&ssl=1&resize=700%2C400 2x, https:\/\/i0.wp.com\/noticiasribeiraopreto.com.br\/wp-content\/uploads\/2024\/02\/BANDA-RESTART-Rodrigo-Takeshi.jpg?fit=1200%2C746&ssl=1&resize=1050%2C600 3x"},"classes":[]},{"id":47943,"url":"https:\/\/noticiasribeiraopreto.com.br\/index.php\/2024\/04\/29\/show-da-banda-dire-straits-legacy-acontece-sabado-em-ribeirao-preto-ainda-ha-ingressos\/","url_meta":{"origin":71911,"position":5},"title":"Show da banda Dire Straits Legacy acontece s\u00e1bado em Ribeir\u00e3o Preto; Ainda h\u00e1 ingressos","author":"noticiasribeiraopreto.com.br","date":"29 de April de 2024","format":false,"excerpt":"O show da banda brit\u00e2nica Dire Straits Legacy, com a apresenta\u00e7\u00e3o da turn\u00ea \u201cFor You South America Tour 2024\u201d, acontece neste s\u00e1bado (4) em Ribeir\u00e3o Preto. Ainda h\u00e1 ingressos dispon\u00edveis para venda (veja abaixo). Com m\u00fasicos que fizeram parte de diferentes fases da carreira da banda, a turn\u00ea promete levar\u2026","rel":"","context":"In &quot;Not\u00edcias de Ribeir\u00e3o Preto-SP e Regi\u00e3o&quot;","block_context":{"text":"Not\u00edcias de Ribeir\u00e3o Preto-SP e Regi\u00e3o","link":"https:\/\/noticiasribeiraopreto.com.br\/index.php\/category\/noticias-de-ribeirao-preto-sp-e-regiao-ismael-colosi\/"},"img":{"alt_text":"","src":"https:\/\/i0.wp.com\/noticiasribeiraopreto.com.br\/wp-content\/uploads\/2024\/04\/Copia-de-Copia-de-TAMANHO-EXATO-PARA-FOTOS-NO-SISTEMA-NOVO-20-3_2024-04-29_20-08-21_jpg.webp.webp?fit=1200%2C675&ssl=1&resize=350%2C200","width":350,"height":200,"srcset":"https:\/\/i0.wp.com\/noticiasribeiraopreto.com.br\/wp-content\/uploads\/2024\/04\/Copia-de-Copia-de-TAMANHO-EXATO-PARA-FOTOS-NO-SISTEMA-NOVO-20-3_2024-04-29_20-08-21_jpg.webp.webp?fit=1200%2C675&ssl=1&resize=350%2C200 1x, https:\/\/i0.wp.com\/noticiasribeiraopreto.com.br\/wp-content\/uploads\/2024\/04\/Copia-de-Copia-de-TAMANHO-EXATO-PARA-FOTOS-NO-SISTEMA-NOVO-20-3_2024-04-29_20-08-21_jpg.webp.webp?fit=1200%2C675&ssl=1&resize=525%2C300 1.5x, https:\/\/i0.wp.com\/noticiasribeiraopreto.com.br\/wp-content\/uploads\/2024\/04\/Copia-de-Copia-de-TAMANHO-EXATO-PARA-FOTOS-NO-SISTEMA-NOVO-20-3_2024-04-29_20-08-21_jpg.webp.webp?fit=1200%2C675&ssl=1&resize=700%2C400 2x, https:\/\/i0.wp.com\/noticiasribeiraopreto.com.br\/wp-content\/uploads\/2024\/04\/Copia-de-Copia-de-TAMANHO-EXATO-PARA-FOTOS-NO-SISTEMA-NOVO-20-3_2024-04-29_20-08-21_jpg.webp.webp?fit=1200%2C675&ssl=1&resize=1050%2C600 3x"},"classes":[]}],"jetpack_sharing_enabled":true,"jetpack_shortlink":"https:\/\/wp.me\/peQAOb-iHR","_links":{"self":[{"href":"https:\/\/noticiasribeiraopreto.com.br\/index.php\/wp-json\/wp\/v2\/posts\/71911","targetHints":{"allow":["GET"]}}],"collection":[{"href":"https:\/\/noticiasribeiraopreto.com.br\/index.php\/wp-json\/wp\/v2\/posts"}],"about":[{"href":"https:\/\/noticiasribeiraopreto.com.br\/index.php\/wp-json\/wp\/v2\/types\/post"}],"author":[{"embeddable":true,"href":"https:\/\/noticiasribeiraopreto.com.br\/index.php\/wp-json\/wp\/v2\/users\/1"}],"replies":[{"embeddable":true,"href":"https:\/\/noticiasribeiraopreto.com.br\/index.php\/wp-json\/wp\/v2\/comments?post=71911"}],"version-history":[{"count":0,"href":"https:\/\/noticiasribeiraopreto.com.br\/index.php\/wp-json\/wp\/v2\/posts\/71911\/revisions"}],"wp:featuredmedia":[{"embeddable":true,"href":"https:\/\/noticiasribeiraopreto.com.br\/index.php\/wp-json\/wp\/v2\/media\/71912"}],"wp:attachment":[{"href":"https:\/\/noticiasribeiraopreto.com.br\/index.php\/wp-json\/wp\/v2\/media?parent=71911"}],"wp:term":[{"taxonomy":"category","embeddable":true,"href":"https:\/\/noticiasribeiraopreto.com.br\/index.php\/wp-json\/wp\/v2\/categories?post=71911"},{"taxonomy":"post_tag","embeddable":true,"href":"https:\/\/noticiasribeiraopreto.com.br\/index.php\/wp-json\/wp\/v2\/tags?post=71911"}],"curies":[{"name":"wp","href":"https:\/\/api.w.org\/{rel}","templated":true}]}}