{"id":71913,"date":"2025-06-11T12:24:29","date_gmt":"2025-06-11T15:24:29","guid":{"rendered":"https:\/\/noticiasribeiraopreto.com.br\/index.php\/2025\/06\/11\/batida-entre-carro-de-prefeitura-e-bicicleta-eletrica-deixa-uma-vitima-em-rodovia\/"},"modified":"2025-06-11T12:24:29","modified_gmt":"2025-06-11T15:24:29","slug":"batida-entre-carro-de-prefeitura-e-bicicleta-eletrica-deixa-uma-vitima-em-rodovia","status":"publish","type":"post","link":"https:\/\/noticiasribeiraopreto.com.br\/index.php\/2025\/06\/11\/batida-entre-carro-de-prefeitura-e-bicicleta-eletrica-deixa-uma-vitima-em-rodovia\/","title":{"rendered":"Batida entre carro de prefeitura e bicicleta el\u00e9trica deixa uma v\u00edtima em rodovia"},"content":{"rendered":"<p> <br \/>\n<\/p>\n<div data-td-block-uid=\"tdi_95\">\n<div class=\"tdb-block-inner td-fix-index\">\n<p><strong>Uma batida entre um carro oficial da Prefeitura de Jaboticabal e uma bicicleta el\u00e9trica deixou uma v\u00edtima na manh\u00e3 desta quarta-feira (11), no km 100 da rodovia Carlos Tonani (SP-333), em Barrinha, a 40 quil\u00f4metros de Ribeir\u00e3o Preto.<\/strong><\/p>\n<p>Segundo a <strong>Artesp (Ag\u00eancia de Transporte do Estado de S\u00e3o Paulo)<\/strong>, <mark style=\"background-color:#fcb900\" class=\"has-inline-color has-black-color\">a colis\u00e3o foi traseira e a v\u00edtima que estava na bicicleta foi socorrida em estado moderado. O motorista do carro saiu ileso.<\/mark><\/p>\n<p>N\u00e3o h\u00e1 informa\u00e7\u00f5es sobre interdi\u00e7\u00e3o no tr\u00e2nsito.<\/p>\n<p>As causas ainda dever\u00e3o ser apuradas.<\/p>\n<p>SAIBA MAIS<\/p>\n<p>Detran multa 47 motoristas em opera\u00e7\u00e3o de combate \u00e0 embriaguez em Ribeir\u00e3o Preto e Sert\u00e3ozinho<\/p>\n<h2 class=\"wp-block-heading\"><strong>FIQUE ON<\/strong><\/h2>\n<p>Quer ficar por dentro de tudo que acontece em Ribeir\u00e3o Preto e regi\u00e3o? Ent\u00e3o siga os perfis do\u202facidade on\u202fno\u202f<a href=\"https:\/\/www.instagram.com\/acidadeonribeirao\" target=\"_blank\" rel=\"noreferrer noopener\">Instagram<\/a>\u202fe no\u202f<a href=\"https:\/\/www.facebook.com\/acidadeonribeirao\/\" target=\"_blank\" rel=\"noreferrer noopener\">Facebook<\/a>.<\/p>\n<p>Al\u00e9m disso, voc\u00ea pode receber as principais not\u00edcias diretamente no WhatsApp. Para isso, basta\u00a0<a href=\"https:\/\/chat.whatsapp.com\/BjKQZ9oJwlz8VVT50NuePq\" target=\"_blank\" rel=\"noreferrer noopener\">entrar no grupo clicando aqui<\/a>.<\/p>\n<p>Por fim, se quiser fazer uma den\u00fancia ou sugerir uma reportagem sobre Ribeir\u00e3o Preto e regi\u00e3o, envie uma mensagem pelo WhatsApp: (16) 99117-7802.<\/p>\n<p>VEJA TAMB\u00c9M<\/p>\n<p>Bolsonaro chamou Moraes para ser seu vice?<\/p>\n<p><!-- CONTENT END 1 -->\n<\/div>\n<\/div>\n<p><script async src=\"\/\/www.instagram.com\/embed.js\"><\/script><br \/>\n<br \/><br \/>\n<br \/><a href=\"https:\/\/www.acidadeon.com\/ribeiraopreto\/cotidiano\/batida-entre-carro-de-prefeitura-e-bicicleta-eletrica-deixa-uma-vitima-em-rodovia\/\">Source link <\/a><\/p>\n","protected":false},"excerpt":{"rendered":"<p>Uma batida entre um carro oficial da Prefeitura de Jaboticabal e uma bicicleta el\u00e9trica deixou uma v\u00edtima na manh\u00e3 desta quarta-feira (11), no km 100&#8230;<\/p>\n","protected":false},"author":1,"featured_media":71914,"comment_status":"open","ping_status":"open","sticky":false,"template":"","format":"standard","meta":{"advanced_seo_description":"","jetpack_seo_html_title":"","jetpack_seo_noindex":false,"jetpack_post_was_ever_published":false,"_jetpack_newsletter_access":"","_jetpack_dont_email_post_to_subs":false,"_jetpack_newsletter_tier_id":0,"_jetpack_memberships_contains_paywalled_content":false,"_jetpack_memberships_contains_paid_content":false,"footnotes":"","jetpack_publicize_message":"","jetpack_publicize_feature_enabled":true,"jetpack_social_post_already_shared":true,"jetpack_social_options":{"image_generator_settings":{"template":"highway","default_image_id":0,"font":"","enabled":false},"version":2}},"categories":[11],"tags":[],"class_list":["post-71913","post","type-post","status-publish","format-standard","has-post-thumbnail","hentry","category-noticias-de-ribeirao-preto-sp-e-regiao-ismael-colosi"],"jetpack_publicize_connections":[],"jetpack_featured_media_url":"https:\/\/i0.wp.com\/noticiasribeiraopreto.com.br\/wp-content\/uploads\/2025\/06\/WhatsApp-Image-2025-06-11-at-09.25.41_2025-06-11_12-45-43.webp.webp?fit=1200%2C897&ssl=1","jetpack-related-posts":[{"id":71897,"url":"https:\/\/noticiasribeiraopreto.com.br\/index.php\/2025\/06\/11\/carro-de-prefeitura-atropela-ciclista-na-regiao\/","url_meta":{"origin":71913,"position":0},"title":"Carro de prefeitura atropela ciclista na regi\u00e3o","author":"noticiasribeiraopreto.com.br","date":"11 de June de 2025","format":false,"excerpt":"Homem teria tentado atravessar rodovia com sua bicicleta e acabou atropelado; havia neblina no momento do acidente 11 de junho de 2025 10:250 Compartilhar0 Por: Adalberto Luque Um homem de aproximadamente 55 anos ficou ferido, na manh\u00e3 desta quarta-feira (11), ap\u00f3s ser atropelado em uma rodovia. A v\u00edtima estava com\u2026","rel":"","context":"In &quot;Not\u00edcias de Ribeir\u00e3o Preto-SP e Regi\u00e3o&quot;","block_context":{"text":"Not\u00edcias de Ribeir\u00e3o Preto-SP e Regi\u00e3o","link":"https:\/\/noticiasribeiraopreto.com.br\/index.php\/category\/noticias-de-ribeirao-preto-sp-e-regiao-ismael-colosi\/"},"img":{"alt_text":"","src":"https:\/\/i0.wp.com\/noticiasribeiraopreto.com.br\/wp-content\/uploads\/2025\/06\/11-jun-2025-acidente-barrinha1-scaled.jpg?fit=679%2C500&ssl=1&resize=350%2C200","width":350,"height":200,"srcset":"https:\/\/i0.wp.com\/noticiasribeiraopreto.com.br\/wp-content\/uploads\/2025\/06\/11-jun-2025-acidente-barrinha1-scaled.jpg?fit=679%2C500&ssl=1&resize=350%2C200 1x, https:\/\/i0.wp.com\/noticiasribeiraopreto.com.br\/wp-content\/uploads\/2025\/06\/11-jun-2025-acidente-barrinha1-scaled.jpg?fit=679%2C500&ssl=1&resize=525%2C300 1.5x"},"classes":[]},{"id":55156,"url":"https:\/\/noticiasribeiraopreto.com.br\/index.php\/2024\/07\/30\/acidente-entre-carro-moto-e-bicicleta-deixa-4-vitimas-em-avenida-de-ribeirao-preto\/","url_meta":{"origin":71913,"position":1},"title":"Acidente entre carro, moto e bicicleta deixa 4 v\u00edtimas em avenida de Ribeir\u00e3o Preto","author":"noticiasribeiraopreto.com.br","date":"30 de July de 2024","format":false,"excerpt":"Um acidente entre carro, moto e bicicleta deixou quatro pessoas feridas na manh\u00e3 desta ter\u00e7a-feira (30), na avenida Jo\u00e3o Goulart, no bairro Geraldo Correia de Carvalho, zona Norte de Ribeir\u00e3o Preto. Segundo as\u00a0primeiras informa\u00e7\u00f5es, as v\u00edtimas sofreram ferimentos considerados leves. Ainda conforme o apurado, todos os ve\u00edculos seguiam na mesma\u2026","rel":"","context":"In &quot;Not\u00edcias de Ribeir\u00e3o Preto-SP e Regi\u00e3o&quot;","block_context":{"text":"Not\u00edcias de Ribeir\u00e3o Preto-SP e Regi\u00e3o","link":"https:\/\/noticiasribeiraopreto.com.br\/index.php\/category\/noticias-de-ribeirao-preto-sp-e-regiao-ismael-colosi\/"},"img":{"alt_text":"","src":"https:\/\/i0.wp.com\/noticiasribeiraopreto.com.br\/wp-content\/uploads\/2024\/07\/ACIDENTE_2024-07-30_12-07-21_jpg_2024-07-30_12-07-21.webp.webp?fit=1200%2C788&ssl=1&resize=350%2C200","width":350,"height":200,"srcset":"https:\/\/i0.wp.com\/noticiasribeiraopreto.com.br\/wp-content\/uploads\/2024\/07\/ACIDENTE_2024-07-30_12-07-21_jpg_2024-07-30_12-07-21.webp.webp?fit=1200%2C788&ssl=1&resize=350%2C200 1x, https:\/\/i0.wp.com\/noticiasribeiraopreto.com.br\/wp-content\/uploads\/2024\/07\/ACIDENTE_2024-07-30_12-07-21_jpg_2024-07-30_12-07-21.webp.webp?fit=1200%2C788&ssl=1&resize=525%2C300 1.5x, https:\/\/i0.wp.com\/noticiasribeiraopreto.com.br\/wp-content\/uploads\/2024\/07\/ACIDENTE_2024-07-30_12-07-21_jpg_2024-07-30_12-07-21.webp.webp?fit=1200%2C788&ssl=1&resize=700%2C400 2x, https:\/\/i0.wp.com\/noticiasribeiraopreto.com.br\/wp-content\/uploads\/2024\/07\/ACIDENTE_2024-07-30_12-07-21_jpg_2024-07-30_12-07-21.webp.webp?fit=1200%2C788&ssl=1&resize=1050%2C600 3x"},"classes":[]},{"id":67919,"url":"https:\/\/noticiasribeiraopreto.com.br\/index.php\/2025\/04\/20\/identificado-homem-encontrado-morto-em-rodovia-na-regiao-de-ribeirao-preto\/","url_meta":{"origin":71913,"position":2},"title":"Identificado homem encontrado morto em rodovia na regi\u00e3o de Ribeir\u00e3o Preto","author":"noticiasribeiraopreto.com.br","date":"20 de April de 2025","format":false,"excerpt":"Foi identificado o homem encontrado morto ao lado de uma bicicleta neste s\u00e1bado (19), na rodovia M\u00e1rio Doneg\u00e1 (SP-291), entre Prad\u00f3polis e Ribeir\u00e3o Preto. >>>FIQUE POR DENTRO: Carro capota ap\u00f3s batida na rodovia Anhanguera M\u00e1rcio Jos\u00e9 Otaviano Flausino tinha 42 anos e usava camiseta preta, cal\u00e7a jeans e uma botina.\u2026","rel":"","context":"In &quot;Not\u00edcias de Ribeir\u00e3o Preto-SP e Regi\u00e3o&quot;","block_context":{"text":"Not\u00edcias de Ribeir\u00e3o Preto-SP e Regi\u00e3o","link":"https:\/\/noticiasribeiraopreto.com.br\/index.php\/category\/noticias-de-ribeirao-preto-sp-e-regiao-ismael-colosi\/"},"img":{"alt_text":"","src":"https:\/\/i0.wp.com\/noticiasribeiraopreto.com.br\/wp-content\/uploads\/2025\/04\/WhatsApp-Image-2025-04-19-at-11.21.03_2025-04-19_14-37-05.webp.webp?fit=1200%2C900&ssl=1&resize=350%2C200","width":350,"height":200,"srcset":"https:\/\/i0.wp.com\/noticiasribeiraopreto.com.br\/wp-content\/uploads\/2025\/04\/WhatsApp-Image-2025-04-19-at-11.21.03_2025-04-19_14-37-05.webp.webp?fit=1200%2C900&ssl=1&resize=350%2C200 1x, https:\/\/i0.wp.com\/noticiasribeiraopreto.com.br\/wp-content\/uploads\/2025\/04\/WhatsApp-Image-2025-04-19-at-11.21.03_2025-04-19_14-37-05.webp.webp?fit=1200%2C900&ssl=1&resize=525%2C300 1.5x, https:\/\/i0.wp.com\/noticiasribeiraopreto.com.br\/wp-content\/uploads\/2025\/04\/WhatsApp-Image-2025-04-19-at-11.21.03_2025-04-19_14-37-05.webp.webp?fit=1200%2C900&ssl=1&resize=700%2C400 2x, https:\/\/i0.wp.com\/noticiasribeiraopreto.com.br\/wp-content\/uploads\/2025\/04\/WhatsApp-Image-2025-04-19-at-11.21.03_2025-04-19_14-37-05.webp.webp?fit=1200%2C900&ssl=1&resize=1050%2C600 3x"},"classes":[]},{"id":69289,"url":"https:\/\/noticiasribeiraopreto.com.br\/index.php\/2025\/05\/04\/vitimas-que-morreram-apos-batida-entre-carro-e-moto-em-rodovia-sao-identificadas\/","url_meta":{"origin":71913,"position":3},"title":"V\u00edtimas que morreram ap\u00f3s batida entre carro e moto em rodovia s\u00e3o identificadas","author":"noticiasribeiraopreto.com.br","date":"4 de May de 2025","format":false,"excerpt":"As duas v\u00edtimas que morreram ap\u00f3s uma batida entre um carro e uma moto na madrugada deste domingo (4), no km 88 da rodovia Carlos Tonani (SP-333), em Sert\u00e3ozinho, na regi\u00e3o de Ribeir\u00e3o Preto, foram identificadas. Segundo informa\u00e7\u00f5es, S\u00e9rgio Murilo Correia de Oliveira J\u00fanior, de 33 anos, e Michel Aparecido\u2026","rel":"","context":"In &quot;Not\u00edcias de Ribeir\u00e3o Preto-SP e Regi\u00e3o&quot;","block_context":{"text":"Not\u00edcias de Ribeir\u00e3o Preto-SP e Regi\u00e3o","link":"https:\/\/noticiasribeiraopreto.com.br\/index.php\/category\/noticias-de-ribeirao-preto-sp-e-regiao-ismael-colosi\/"},"img":{"alt_text":"","src":"https:\/\/i0.wp.com\/noticiasribeiraopreto.com.br\/wp-content\/uploads\/2025\/05\/ACIDENTE_2025-05-04_15-59-52.webp.webp?fit=1200%2C652&ssl=1&resize=350%2C200","width":350,"height":200,"srcset":"https:\/\/i0.wp.com\/noticiasribeiraopreto.com.br\/wp-content\/uploads\/2025\/05\/ACIDENTE_2025-05-04_15-59-52.webp.webp?fit=1200%2C652&ssl=1&resize=350%2C200 1x, https:\/\/i0.wp.com\/noticiasribeiraopreto.com.br\/wp-content\/uploads\/2025\/05\/ACIDENTE_2025-05-04_15-59-52.webp.webp?fit=1200%2C652&ssl=1&resize=525%2C300 1.5x, https:\/\/i0.wp.com\/noticiasribeiraopreto.com.br\/wp-content\/uploads\/2025\/05\/ACIDENTE_2025-05-04_15-59-52.webp.webp?fit=1200%2C652&ssl=1&resize=700%2C400 2x, https:\/\/i0.wp.com\/noticiasribeiraopreto.com.br\/wp-content\/uploads\/2025\/05\/ACIDENTE_2025-05-04_15-59-52.webp.webp?fit=1200%2C652&ssl=1&resize=1050%2C600 3x"},"classes":[]},{"id":53002,"url":"https:\/\/noticiasribeiraopreto.com.br\/index.php\/2024\/06\/14\/acidente-entre-carro-e-bicicleta-deixa-vitima-em-estado-grave-em-ribeirao-preto\/","url_meta":{"origin":71913,"position":4},"title":"Acidente entre carro e bicicleta deixa v\u00edtima em estado grave em Ribeir\u00e3o Preto","author":"noticiasribeiraopreto.com.br","date":"14 de June de 2024","format":false,"excerpt":"Um acidente entre carro e bicicleta deixou uma v\u00edtima em estado grave, na noite desta sexta-feira (14), na avenida Francisco Junqueira, em Ribeir\u00e3o Preto. A colis\u00e3o ocorreu na altura do cruzamento da via com a rua Am\u00e9rico Brasiliense. De acordo com as informa\u00e7\u00f5es, o ciclista foi parar embaixo do ve\u00edculo.\u2026","rel":"","context":"In &quot;Not\u00edcias de Ribeir\u00e3o Preto-SP e Regi\u00e3o&quot;","block_context":{"text":"Not\u00edcias de Ribeir\u00e3o Preto-SP e Regi\u00e3o","link":"https:\/\/noticiasribeiraopreto.com.br\/index.php\/category\/noticias-de-ribeirao-preto-sp-e-regiao-ismael-colosi\/"},"img":{"alt_text":"","src":"https:\/\/i0.wp.com\/noticiasribeiraopreto.com.br\/wp-content\/uploads\/2024\/06\/WhatsApp-Image-2024-06-14-at-19.57.58_2024-06-14_23-01-10_jpeg_2024-06-14_23-01-10.webp.webp?fit=750%2C421&ssl=1&resize=350%2C200","width":350,"height":200,"srcset":"https:\/\/i0.wp.com\/noticiasribeiraopreto.com.br\/wp-content\/uploads\/2024\/06\/WhatsApp-Image-2024-06-14-at-19.57.58_2024-06-14_23-01-10_jpeg_2024-06-14_23-01-10.webp.webp?fit=750%2C421&ssl=1&resize=350%2C200 1x, https:\/\/i0.wp.com\/noticiasribeiraopreto.com.br\/wp-content\/uploads\/2024\/06\/WhatsApp-Image-2024-06-14-at-19.57.58_2024-06-14_23-01-10_jpeg_2024-06-14_23-01-10.webp.webp?fit=750%2C421&ssl=1&resize=525%2C300 1.5x, https:\/\/i0.wp.com\/noticiasribeiraopreto.com.br\/wp-content\/uploads\/2024\/06\/WhatsApp-Image-2024-06-14-at-19.57.58_2024-06-14_23-01-10_jpeg_2024-06-14_23-01-10.webp.webp?fit=750%2C421&ssl=1&resize=700%2C400 2x"},"classes":[]},{"id":59990,"url":"https:\/\/noticiasribeiraopreto.com.br\/index.php\/2024\/11\/04\/batida-envolve-dois-carros-e-deixa-vitima-grave-em-rodovia-de-ribeirao-preto\/","url_meta":{"origin":71913,"position":5},"title":"Batida envolve dois carros e deixa v\u00edtima grave em rodovia de Ribeir\u00e3o Preto","author":"noticiasribeiraopreto.com.br","date":"4 de November de 2024","format":false,"excerpt":"Uma batida entre dois carros deixou ao menos quatro pessoas feridas \u2013 uma delas grave \u2013 no in\u00edcio da noite deste domingo (3), na rodovia M\u00e1rio Doneg\u00e1 (SP-291), entre Ribeir\u00e3o Preto e Dumont. Segundo informa\u00e7\u00f5es, o motorista de um dos ve\u00edculos foi socorrido com ferimentos graves e encaminhado a um\u2026","rel":"","context":"In &quot;Not\u00edcias de Ribeir\u00e3o Preto-SP e Regi\u00e3o&quot;","block_context":{"text":"Not\u00edcias de Ribeir\u00e3o Preto-SP e Regi\u00e3o","link":"https:\/\/noticiasribeiraopreto.com.br\/index.php\/category\/noticias-de-ribeirao-preto-sp-e-regiao-ismael-colosi\/"},"img":{"alt_text":"","src":"https:\/\/i0.wp.com\/noticiasribeiraopreto.com.br\/wp-content\/uploads\/2024\/11\/ACIDENTE_2024-11-04_11-17-14_jpg_2024-11-04_11-17-14.webp.webp?fit=1200%2C696&ssl=1&resize=350%2C200","width":350,"height":200,"srcset":"https:\/\/i0.wp.com\/noticiasribeiraopreto.com.br\/wp-content\/uploads\/2024\/11\/ACIDENTE_2024-11-04_11-17-14_jpg_2024-11-04_11-17-14.webp.webp?fit=1200%2C696&ssl=1&resize=350%2C200 1x, https:\/\/i0.wp.com\/noticiasribeiraopreto.com.br\/wp-content\/uploads\/2024\/11\/ACIDENTE_2024-11-04_11-17-14_jpg_2024-11-04_11-17-14.webp.webp?fit=1200%2C696&ssl=1&resize=525%2C300 1.5x, https:\/\/i0.wp.com\/noticiasribeiraopreto.com.br\/wp-content\/uploads\/2024\/11\/ACIDENTE_2024-11-04_11-17-14_jpg_2024-11-04_11-17-14.webp.webp?fit=1200%2C696&ssl=1&resize=700%2C400 2x, https:\/\/i0.wp.com\/noticiasribeiraopreto.com.br\/wp-content\/uploads\/2024\/11\/ACIDENTE_2024-11-04_11-17-14_jpg_2024-11-04_11-17-14.webp.webp?fit=1200%2C696&ssl=1&resize=1050%2C600 3x"},"classes":[]}],"jetpack_sharing_enabled":true,"jetpack_shortlink":"https:\/\/wp.me\/peQAOb-iHT","_links":{"self":[{"href":"https:\/\/noticiasribeiraopreto.com.br\/index.php\/wp-json\/wp\/v2\/posts\/71913","targetHints":{"allow":["GET"]}}],"collection":[{"href":"https:\/\/noticiasribeiraopreto.com.br\/index.php\/wp-json\/wp\/v2\/posts"}],"about":[{"href":"https:\/\/noticiasribeiraopreto.com.br\/index.php\/wp-json\/wp\/v2\/types\/post"}],"author":[{"embeddable":true,"href":"https:\/\/noticiasribeiraopreto.com.br\/index.php\/wp-json\/wp\/v2\/users\/1"}],"replies":[{"embeddable":true,"href":"https:\/\/noticiasribeiraopreto.com.br\/index.php\/wp-json\/wp\/v2\/comments?post=71913"}],"version-history":[{"count":0,"href":"https:\/\/noticiasribeiraopreto.com.br\/index.php\/wp-json\/wp\/v2\/posts\/71913\/revisions"}],"wp:featuredmedia":[{"embeddable":true,"href":"https:\/\/noticiasribeiraopreto.com.br\/index.php\/wp-json\/wp\/v2\/media\/71914"}],"wp:attachment":[{"href":"https:\/\/noticiasribeiraopreto.com.br\/index.php\/wp-json\/wp\/v2\/media?parent=71913"}],"wp:term":[{"taxonomy":"category","embeddable":true,"href":"https:\/\/noticiasribeiraopreto.com.br\/index.php\/wp-json\/wp\/v2\/categories?post=71913"},{"taxonomy":"post_tag","embeddable":true,"href":"https:\/\/noticiasribeiraopreto.com.br\/index.php\/wp-json\/wp\/v2\/tags?post=71913"}],"curies":[{"name":"wp","href":"https:\/\/api.w.org\/{rel}","templated":true}]}}