{"id":71915,"date":"2025-06-11T12:54:16","date_gmt":"2025-06-11T15:54:16","guid":{"rendered":"https:\/\/noticiasribeiraopreto.com.br\/index.php\/2025\/06\/11\/caso-nelson-detector-de-metais-e-usado-nas-buscas-por-corpo\/"},"modified":"2025-06-11T12:54:16","modified_gmt":"2025-06-11T15:54:16","slug":"caso-nelson-detector-de-metais-e-usado-nas-buscas-por-corpo","status":"publish","type":"post","link":"https:\/\/noticiasribeiraopreto.com.br\/index.php\/2025\/06\/11\/caso-nelson-detector-de-metais-e-usado-nas-buscas-por-corpo\/","title":{"rendered":"Caso Nelson: Detector de metais \u00e9 usado nas buscas por corpo"},"content":{"rendered":"<div class='code-block code-block-1' style='margin: 8px 0 8px auto; text-align: right; display: block; clear: both;'>\n<p><a href=\"https:\/\/wa.link\/vpicfd\"><img data-recalc-dims=\"1\" class=\"wp-image-4922\" style=\"aspect-ratio: 2.0253164556962027; width: 561px; height: auto;\" src=\"https:\/\/i0.wp.com\/ismaelcolosi.com.br\/wp-content\/uploads\/2023\/11\/grupo-de-empregos-whatsapp-e-facebook-ismael-colosi-vagas.jpg?ssl=1\" alt=\"\" \/><\/a><\/p>\n<!-- \/wp:image -->\n<\/div>\n<p> <br \/>\n<\/p>\n<div id=\"\">\n<h2 class=\"penci-post-subtitle\">Bombeiros de Santos juntaram-se aos bombeiros de Franca e Orl\u00e2ndia nas buscas pelo corpo do empres\u00e1rio paulistano<\/h2>\n<p>\n\t\t\t\t\t\t\t\t\t<span class=\"entry-meta-item penci-posted-on\"><i class=\"fa fa-clock-o\"\/><time class=\"entry-date published\" datetime=\"2025-06-11T12:48:05-03:00\">11 de junho de 2025 12:48<\/time><time class=\"updated\" datetime=\"2025-06-11T12:50:10-03:00\">11 de junho de 2025 12:50<\/time><\/span><span class=\"entry-meta-item penci-post-countview\"><span class=\"entry-meta-item penci-post-countview penci_post-meta_item\"><i class=\"fa fa-eye\"\/><span class=\"penci-post-countview-number penci-post-countview-p428437\">11<\/span><\/span><\/span>\t\t\t\t\t\t\t\t<\/p>\n<p><!-- .entry-meta --><br \/>\n\t\t\t\t\t\t\t\t<span class=\"penci-social-buttons penci-social-share-footer\"><span class=\"penci-social-share-text\">Compartilhar<\/span><a href=\"#\" class=\"penci-post-like penci_post-meta_item  single-like-button penci-social-item like\" data-post_id=\"428437\" title=\"Like\" data-like=\"Like\" data-unlike=\"Unlike\"><i class=\"fa fa-thumbs-o-up\"\/><span class=\"penci-share-number\">2<\/span><\/a><i class=\"fa fa-facebook\"\/><a class=\"penci-social-item twitter\" target=\"_blank\" rel=\"noopener\" title=\"\" href=\"https:\/\/twitter.com\/intent\/tweet?text=Caso%20Nelson:%20Detector%20de%20metais%20\u00e9%20usado%20nas%20buscas%20por%20corpo%20-%20https:\/\/www.tribunaribeirao.com.br\/caso-nelson-detector-de-metais-e-usado-nas-buscas-por-corpo\/\"><i class=\"fa fa-twitter\"\/><\/a><i class=\"fa fa-linkedin\"\/><i class=\"fa fa-whatsapp\"\/><i class=\"fa fa-telegram\"\/><i class=\"fa fa-envelope\"\/><\/span>\t\t\t\t\t\t\t<\/div>\n<div>\n<p>Por: Adalberto Luque<\/p>\n<p>As buscas pelo corpo do empres\u00e1rio paulistano Nelson Francisco Carreira Filho, de 44 anos, entraram no s\u00e9timo dia, na manh\u00e3 desta quarta-feira (11). Nelson est\u00e1 desaparecido desde 16 de maio, quando foi a Cravinhos para uma suposta reuni\u00e3o de neg\u00f3cios.<\/p>\n<p>Ele teria sido morto em Cravinhos por Marlon Couto Paula J\u00fanior, 26 anos, com quem tinha neg\u00f3cios. Marlon est\u00e1 foragido, mas admitiu o crime em carta entregue por seu advogado \u00e0 Pol\u00edcia Civil.<\/p>\n<p>O delegado que apura o caso, Heitor Moreira Assis, acredita que Nelson possa ter sido atra\u00eddo para uma emboscada. Ele e Marlon tinham diverg\u00eancias financeiras em rela\u00e7\u00e3o a um produto emagrecedor. Nelson era dono da marca e Marlon a utilizava.<\/p>\n<figure id=\"attachment_427855\" aria-describedby=\"caption-attachment-427855\" style=\"width: 700px\" class=\"wp-caption alignnone\"><img data-recalc-dims=\"1\" loading=\"lazy\" decoding=\"async\" class=\"wp-image-427855 lazyload\" src=\"https:\/\/i0.wp.com\/www.tribunaribeirao.com.br\/wp-content\/uploads\/2025\/06\/30-mai-2025-casonelsonmarlom1-1.jpg?resize=700%2C591&#038;ssl=1\" alt=\"\" width=\"700\" height=\"591\" srcset=\"https:\/\/www.tribunaribeirao.com.br\/wp-content\/uploads\/2025\/06\/30-mai-2025-casonelsonmarlom1-1.jpg 592w, https:\/\/www.tribunaribeirao.com.br\/wp-content\/uploads\/2025\/06\/30-mai-2025-casonelsonmarlom1-1-300x253.jpg 300w, https:\/\/www.tribunaribeirao.com.br\/wp-content\/uploads\/2025\/06\/30-mai-2025-casonelsonmarlom1-1-474x400.jpg 474w, https:\/\/www.tribunaribeirao.com.br\/wp-content\/uploads\/2025\/06\/30-mai-2025-casonelsonmarlom1-1-585x494.jpg 585w\" data-sizes=\"(max-width: 700px) 100vw, 700px\" style=\"--smush-placeholder-width: 700px; --smush-placeholder-aspect-ratio: 700\/591;\"\/><figcaption id=\"caption-attachment-427855\" class=\"wp-caption-text\">Marlon segue foragido, enquanto buscas pelo corpo prosseguem (Foto: YouTube\/Reprodu\u00e7\u00e3o)<\/figcaption><\/figure>\n<p><strong>As buscas<\/strong><\/p>\n<p>No s\u00e9timo dia de buscas nas \u00e1guas do Rio Grande, os bombeiros contaram com a ajuda de um equipamento que detecta metais na \u00e1gua. As buscas anteriores, sem o equipamento, se mostraram infrut\u00edferas, diante da imensa \u00e1rea a ser percorrida, al\u00e9m de se tratar de um trecho com muitos aguap\u00e9s, vegeta\u00e7\u00e3o submersa que pode enroscar no corpo, impedindo que ele suba \u00e0 superf\u00edcie.<\/p>\n<p>Al\u00e9m disso, \u00e9 uma \u00e1rea com incid\u00eancia de piranhas. O homem preso por ter jogado o corpo de Nelson em Miguel\u00f3polis, pr\u00f3ximo ao rancho de Marlon. Felipe Miranda disse, em depoimento, que teria amarrado o corpo de Nelson a barras de ferro, para afundar mais rapidamente.<\/p>\n<figure id=\"attachment_427566\" aria-describedby=\"caption-attachment-427566\" style=\"width: 582px\" class=\"wp-caption alignleft\"><img data-recalc-dims=\"1\" loading=\"lazy\" decoding=\"async\" class=\"wp-image-427566 lazyload\" src=\"https:\/\/i0.wp.com\/www.tribunaribeirao.com.br\/wp-content\/uploads\/2025\/06\/29-mai-2025-Nelson-Carreira-Filho-foto-redes-sociais-2.jpg?resize=582%2C526&#038;ssl=1\" alt=\"\" width=\"582\" height=\"526\" srcset=\"https:\/\/www.tribunaribeirao.com.br\/wp-content\/uploads\/2025\/06\/29-mai-2025-Nelson-Carreira-Filho-foto-redes-sociais-2.jpg 465w, https:\/\/www.tribunaribeirao.com.br\/wp-content\/uploads\/2025\/06\/29-mai-2025-Nelson-Carreira-Filho-foto-redes-sociais-2-300x271.jpg 300w, https:\/\/www.tribunaribeirao.com.br\/wp-content\/uploads\/2025\/06\/29-mai-2025-Nelson-Carreira-Filho-foto-redes-sociais-2-443x400.jpg 443w\" data-sizes=\"(max-width: 582px) 100vw, 582px\" style=\"--smush-placeholder-width: 582px; --smush-placeholder-aspect-ratio: 582\/526;\"\/><figcaption id=\"caption-attachment-427566\" class=\"wp-caption-text\">Nelson est\u00e1 desaparecido desde o dia 16 de maio, quando foi a Cravinhos para reuni\u00e3o de neg\u00f3cios (Foto: Redes Sociais)<\/figcaption><\/figure>\n<p>Desta forma, bombeiros de Santos, que dominam a utiliza\u00e7\u00e3o do equipamento, vieram para Miguel\u00f3polis auxiliar os bombeiros de Franca e Orl\u00e2ndia. O detector indica uma \u00e1rea onde pode haver metal submerso. Ao todo, seis mergulhadores tentam localizar o corpo de empres\u00e1rio.<\/p>\n<p>Al\u00e9m de Miranda, tamb\u00e9m est\u00e3o presos a esposa de Marlon, Marcela Silva de Almeida, e o gerente da empresa, Tadeu Almeida Silva. A defesa de Marlon disse que ele deve se apresentar quando se sentir em seguran\u00e7a.<\/p>\n<p>\u00a0<\/p>\n<p>_____<\/p>\n<p>\u00a0<\/p>\n<p>Jornal Tribuna Ribeir\u00e3o<br \/>Um Jornal com a cara de Ribeir\u00e3o!<\/p>\n<p>Impresso | WEB | Redes sociais<br \/>Tribuna Ribeir\u00e3o \u2013 Fone: (16) 3632-2200 \u2013 Whatsapp: (16) 98161-8743<br \/>Av. Bar\u00e3o do Bananal, 880 \u2013 Jardim Anhanguera, Ribeir\u00e3o Preto<\/p>\n<p>@tribunaribeirao<br \/>@meiaderibeirao<br \/>@dinoderibeirao<br \/>#TribunaRibeir\u00e3o<br \/>#News<br \/>#Not\u00edcia<br \/>#Ribeir\u00e3oPreto #Not\u00edciasDeRibeir\u00e3oPreto<br \/>#ClassificadosTribunaRibeir\u00e3o<br \/>#Jornalismo<br \/>#ClassificadosRibeir\u00e3o<\/p>\n<\/div>\n<p><script async src=\"\/\/platform.twitter.com\/widgets.js\" charset=\"utf-8\"><\/script><br \/>\n<br \/><br \/>\n<br \/><a href=\"https:\/\/www.tribunaribeirao.com.br\/caso-nelson-detector-de-metais-e-usado-nas-buscas-por-corpo\/\">Source link <\/a><\/p>\n<!-- CONTENT END 1 -->\n","protected":false},"excerpt":{"rendered":"<p>Bombeiros de Santos juntaram-se aos bombeiros de Franca e Orl\u00e2ndia nas buscas pelo corpo do empres\u00e1rio paulistano 11 de junho de 2025 12:4811 de junho&#8230;<\/p>\n","protected":false},"author":1,"featured_media":71916,"comment_status":"open","ping_status":"open","sticky":false,"template":"","format":"standard","meta":{"advanced_seo_description":"","jetpack_seo_html_title":"","jetpack_seo_noindex":false,"jetpack_post_was_ever_published":false,"_jetpack_newsletter_access":"","_jetpack_dont_email_post_to_subs":false,"_jetpack_newsletter_tier_id":0,"_jetpack_memberships_contains_paywalled_content":false,"_jetpack_memberships_contains_paid_content":false,"footnotes":"","jetpack_publicize_message":"","jetpack_publicize_feature_enabled":true,"jetpack_social_post_already_shared":true,"jetpack_social_options":{"image_generator_settings":{"template":"highway","default_image_id":0,"font":"","enabled":false},"version":2}},"categories":[11],"tags":[],"class_list":["post-71915","post","type-post","status-publish","format-standard","has-post-thumbnail","hentry","category-noticias-de-ribeirao-preto-sp-e-regiao-ismael-colosi"],"jetpack_publicize_connections":[],"jetpack_featured_media_url":"https:\/\/i0.wp.com\/noticiasribeiraopreto.com.br\/wp-content\/uploads\/2025\/06\/06-jun-2025-casonelsonbuscasriogrande3-scaled.jpg?fit=667%2C500&ssl=1","jetpack-related-posts":[{"id":71400,"url":"https:\/\/noticiasribeiraopreto.com.br\/index.php\/2025\/06\/05\/bombeiros-fazem-buscas-por-corpo-de-adolescente-na-regiao\/","url_meta":{"origin":71915,"position":0},"title":"Bombeiros fazem buscas por corpo de adolescente na regi\u00e3o","author":"noticiasribeiraopreto.com.br","date":"5 de June de 2025","format":false,"excerpt":"Jovem est\u00e1 desaparecido h\u00e1 quatro dias ap\u00f3s ter sido espancado por homens que o acusaram de furto de um celular 5 de junho de 2025 13:005 de junho de 2025 16:0643 Compartilhar2 Por: Adalberto Luque O Corpo de Bombeiros realizou buscas, na manh\u00e3 desta quinta-feira (5), na tentativa de localizar\u2026","rel":"","context":"In &quot;Not\u00edcias de Ribeir\u00e3o Preto-SP e Regi\u00e3o&quot;","block_context":{"text":"Not\u00edcias de Ribeir\u00e3o Preto-SP e Regi\u00e3o","link":"https:\/\/noticiasribeiraopreto.com.br\/index.php\/category\/noticias-de-ribeirao-preto-sp-e-regiao-ismael-colosi\/"},"img":{"alt_text":"","src":"https:\/\/i0.wp.com\/noticiasribeiraopreto.com.br\/wp-content\/uploads\/2025\/06\/05-jun-2025-buscasadolescente-scaled.jpg?fit=667%2C500&ssl=1&resize=350%2C200","width":350,"height":200,"srcset":"https:\/\/i0.wp.com\/noticiasribeiraopreto.com.br\/wp-content\/uploads\/2025\/06\/05-jun-2025-buscasadolescente-scaled.jpg?fit=667%2C500&ssl=1&resize=350%2C200 1x, https:\/\/i0.wp.com\/noticiasribeiraopreto.com.br\/wp-content\/uploads\/2025\/06\/05-jun-2025-buscasadolescente-scaled.jpg?fit=667%2C500&ssl=1&resize=525%2C300 1.5x"},"classes":[]},{"id":71565,"url":"https:\/\/noticiasribeiraopreto.com.br\/index.php\/2025\/06\/07\/bombeiros-resgatam-corpo-de-alex-no-rio-pardo\/","url_meta":{"origin":71915,"position":1},"title":"Bombeiros resgatam corpo de Alex no rio Pardo","author":"noticiasribeiraopreto.com.br","date":"7 de June de 2025","format":false,"excerpt":"7 de junho de 2025 12:367 de junho de 2025 12:370 Compartilhar0 O corpo do adolescente Alex Gabriel dos Santos, de 16 anos, foi localizado na manh\u00e3 deste s\u00e1bado (7) no Rio Pardo, entre os munic\u00edpios de Pontal e C\u00e2ndia, no interior de S\u00e3o Paulo. Ele estava desaparecido desde o\u2026","rel":"","context":"In &quot;Not\u00edcias de Ribeir\u00e3o Preto-SP e Regi\u00e3o&quot;","block_context":{"text":"Not\u00edcias de Ribeir\u00e3o Preto-SP e Regi\u00e3o","link":"https:\/\/noticiasribeiraopreto.com.br\/index.php\/category\/noticias-de-ribeirao-preto-sp-e-regiao-ismael-colosi\/"},"img":{"alt_text":"","src":"https:\/\/i0.wp.com\/noticiasribeiraopreto.com.br\/wp-content\/uploads\/2025\/06\/alex_foto2.jpg?fit=613%2C500&ssl=1&resize=350%2C200","width":350,"height":200,"srcset":"https:\/\/i0.wp.com\/noticiasribeiraopreto.com.br\/wp-content\/uploads\/2025\/06\/alex_foto2.jpg?fit=613%2C500&ssl=1&resize=350%2C200 1x, https:\/\/i0.wp.com\/noticiasribeiraopreto.com.br\/wp-content\/uploads\/2025\/06\/alex_foto2.jpg?fit=613%2C500&ssl=1&resize=525%2C300 1.5x"},"classes":[]},{"id":71957,"url":"https:\/\/noticiasribeiraopreto.com.br\/index.php\/2025\/06\/11\/caso-nelson-buscas-pelo-corpo-do-empresario-sao-suspensas-por-tempo-indeterminado\/","url_meta":{"origin":71915,"position":2},"title":"Caso Nelson: buscas pelo corpo do empres\u00e1rio s\u00e3o suspensas por tempo indeterminado","author":"noticiasribeiraopreto.com.br","date":"11 de June de 2025","format":false,"excerpt":"O 9\u00ba Grupamento de Bombeiros anunciou, nesta quarta-feira (11), a suspens\u00e3o por tempo indeterminado das buscas pelo corpo do empres\u00e1rio Nelson Carreira, desaparecido desde 16 de maio de 2025. Segundo depoimento de um dos suspeitos, ele teria sido assassinado em Cravinhos, na regi\u00e3o de Ribeir\u00e3o Preto, e o corpo jogado\u2026","rel":"","context":"In &quot;Not\u00edcias de Ribeir\u00e3o Preto-SP e Regi\u00e3o&quot;","block_context":{"text":"Not\u00edcias de Ribeir\u00e3o Preto-SP e Regi\u00e3o","link":"https:\/\/noticiasribeiraopreto.com.br\/index.php\/category\/noticias-de-ribeirao-preto-sp-e-regiao-ismael-colosi\/"},"img":{"alt_text":"","src":"https:\/\/i0.wp.com\/noticiasribeiraopreto.com.br\/wp-content\/uploads\/2025\/06\/BUSCAS_2025-06-10_14-07-34.webp.webp?fit=1200%2C665&ssl=1&resize=350%2C200","width":350,"height":200,"srcset":"https:\/\/i0.wp.com\/noticiasribeiraopreto.com.br\/wp-content\/uploads\/2025\/06\/BUSCAS_2025-06-10_14-07-34.webp.webp?fit=1200%2C665&ssl=1&resize=350%2C200 1x, https:\/\/i0.wp.com\/noticiasribeiraopreto.com.br\/wp-content\/uploads\/2025\/06\/BUSCAS_2025-06-10_14-07-34.webp.webp?fit=1200%2C665&ssl=1&resize=525%2C300 1.5x, https:\/\/i0.wp.com\/noticiasribeiraopreto.com.br\/wp-content\/uploads\/2025\/06\/BUSCAS_2025-06-10_14-07-34.webp.webp?fit=1200%2C665&ssl=1&resize=700%2C400 2x, https:\/\/i0.wp.com\/noticiasribeiraopreto.com.br\/wp-content\/uploads\/2025\/06\/BUSCAS_2025-06-10_14-07-34.webp.webp?fit=1200%2C665&ssl=1&resize=1050%2C600 3x"},"classes":[]},{"id":79930,"url":"https:\/\/noticiasribeiraopreto.com.br\/index.php\/2025\/11\/11\/bombeiros-continuam-as-buscas-no-rio-pardo\/","url_meta":{"origin":71915,"position":3},"title":"Bombeiros continuam as buscas no Rio Pardo","author":"noticiasribeiraopreto.com.br","date":"11 de November de 2025","format":false,"excerpt":"11 de novembro de 2025 11:2924 Compartilhar2Por: Adalberto LuqueOs bombeiros iniciaram o terceiro dia de buscas pelo corpo de Miguel Ferreira dos Santos, de 21 anos. As a\u00e7\u00f5es come\u00e7aram logo no in\u00edcio da manh\u00e3 desta ter\u00e7a-feira, 11 de novembro.Miguel est\u00e1 desaparecido desde o domingo, por volta de 16h00, quando mergulhou\u2026","rel":"","context":"In &quot;Not\u00edcias de Ribeir\u00e3o Preto-SP e Regi\u00e3o&quot;","block_context":{"text":"Not\u00edcias de Ribeir\u00e3o Preto-SP e Regi\u00e3o","link":"https:\/\/noticiasribeiraopreto.com.br\/index.php\/category\/noticias-de-ribeirao-preto-sp-e-regiao-ismael-colosi\/"},"img":{"alt_text":"","src":"https:\/\/i0.wp.com\/noticiasribeiraopreto.com.br\/wp-content\/uploads\/2025\/11\/11-nov-2025-procuracorpo-scaled.jpg?fit=1200%2C652&ssl=1&resize=350%2C200","width":350,"height":200,"srcset":"https:\/\/i0.wp.com\/noticiasribeiraopreto.com.br\/wp-content\/uploads\/2025\/11\/11-nov-2025-procuracorpo-scaled.jpg?fit=1200%2C652&ssl=1&resize=350%2C200 1x, https:\/\/i0.wp.com\/noticiasribeiraopreto.com.br\/wp-content\/uploads\/2025\/11\/11-nov-2025-procuracorpo-scaled.jpg?fit=1200%2C652&ssl=1&resize=525%2C300 1.5x, https:\/\/i0.wp.com\/noticiasribeiraopreto.com.br\/wp-content\/uploads\/2025\/11\/11-nov-2025-procuracorpo-scaled.jpg?fit=1200%2C652&ssl=1&resize=700%2C400 2x, https:\/\/i0.wp.com\/noticiasribeiraopreto.com.br\/wp-content\/uploads\/2025\/11\/11-nov-2025-procuracorpo-scaled.jpg?fit=1200%2C652&ssl=1&resize=1050%2C600 3x"},"classes":[]},{"id":44907,"url":"https:\/\/noticiasribeiraopreto.com.br\/index.php\/2024\/04\/01\/bombeiros-retomam-buscas-por-jovem-desaparecido-do-rio-pardo\/","url_meta":{"origin":71915,"position":4},"title":"Bombeiros retomam buscas por jovem desaparecido do Rio Pardo","author":"noticiasribeiraopreto.com.br","date":"1 de April de 2024","format":false,"excerpt":"1 de abril de 2024 | 10:16 0 O Corpo de Bombeiros retomou nesta segunda-feira (1\u00ba) as buscas por um jovem que desapareceu no rio Pardo no domingo (31), perto do\u00a0bairro Ribeir\u00e3o Verde, em Ribeir\u00e3o Preto. O Corpo de Bombeiros tinham a informa\u00e7\u00e3o de que se tratava de afogamento de\u2026","rel":"","context":"In &quot;Not\u00edcias de Ribeir\u00e3o Preto-SP e Regi\u00e3o&quot;","block_context":{"text":"Not\u00edcias de Ribeir\u00e3o Preto-SP e Regi\u00e3o","link":"https:\/\/noticiasribeiraopreto.com.br\/index.php\/category\/noticias-de-ribeirao-preto-sp-e-regiao-ismael-colosi\/"},"img":{"alt_text":"","src":"https:\/\/i0.wp.com\/noticiasribeiraopreto.com.br\/wp-content\/uploads\/2024\/04\/rio-pardo.jpg?fit=800%2C450&ssl=1&resize=350%2C200","width":350,"height":200,"srcset":"https:\/\/i0.wp.com\/noticiasribeiraopreto.com.br\/wp-content\/uploads\/2024\/04\/rio-pardo.jpg?fit=800%2C450&ssl=1&resize=350%2C200 1x, https:\/\/i0.wp.com\/noticiasribeiraopreto.com.br\/wp-content\/uploads\/2024\/04\/rio-pardo.jpg?fit=800%2C450&ssl=1&resize=525%2C300 1.5x, https:\/\/i0.wp.com\/noticiasribeiraopreto.com.br\/wp-content\/uploads\/2024\/04\/rio-pardo.jpg?fit=800%2C450&ssl=1&resize=700%2C400 2x"},"classes":[]},{"id":71793,"url":"https:\/\/noticiasribeiraopreto.com.br\/index.php\/2025\/06\/10\/caso-nelson-bombeiros-aguardam-equipamento-especial-para-buscas\/","url_meta":{"origin":71915,"position":5},"title":"Caso Nelson: Bombeiros aguardam equipamento especial para buscas","author":"noticiasribeiraopreto.com.br","date":"10 de June de 2025","format":false,"excerpt":"O Corpo de Bombeiros de Franca aguarda a chegada de um detector de metais submerso, prevista para a\u00a0tarde desta ter\u00e7a-feira (10), para refor\u00e7ar as buscas pelo empres\u00e1rio Nelson Carreira Filho, no rio Grande, em Miguel\u00f3polis. Segundo informa\u00e7\u00f5es, o aparelho est\u00e1 sendo trazido por uma equipe do Grupamento de Bombeiros Mar\u00edtimos\u2026","rel":"","context":"In &quot;Not\u00edcias de Ribeir\u00e3o Preto-SP e Regi\u00e3o&quot;","block_context":{"text":"Not\u00edcias de Ribeir\u00e3o Preto-SP e Regi\u00e3o","link":"https:\/\/noticiasribeiraopreto.com.br\/index.php\/category\/noticias-de-ribeirao-preto-sp-e-regiao-ismael-colosi\/"},"img":{"alt_text":"","src":"https:\/\/i0.wp.com\/noticiasribeiraopreto.com.br\/wp-content\/uploads\/2025\/06\/BUSCAS_2025-06-10_14-07-34.webp.webp?fit=1200%2C665&ssl=1&resize=350%2C200","width":350,"height":200,"srcset":"https:\/\/i0.wp.com\/noticiasribeiraopreto.com.br\/wp-content\/uploads\/2025\/06\/BUSCAS_2025-06-10_14-07-34.webp.webp?fit=1200%2C665&ssl=1&resize=350%2C200 1x, https:\/\/i0.wp.com\/noticiasribeiraopreto.com.br\/wp-content\/uploads\/2025\/06\/BUSCAS_2025-06-10_14-07-34.webp.webp?fit=1200%2C665&ssl=1&resize=525%2C300 1.5x, https:\/\/i0.wp.com\/noticiasribeiraopreto.com.br\/wp-content\/uploads\/2025\/06\/BUSCAS_2025-06-10_14-07-34.webp.webp?fit=1200%2C665&ssl=1&resize=700%2C400 2x, https:\/\/i0.wp.com\/noticiasribeiraopreto.com.br\/wp-content\/uploads\/2025\/06\/BUSCAS_2025-06-10_14-07-34.webp.webp?fit=1200%2C665&ssl=1&resize=1050%2C600 3x"},"classes":[]}],"jetpack_sharing_enabled":true,"jetpack_shortlink":"https:\/\/wp.me\/peQAOb-iHV","_links":{"self":[{"href":"https:\/\/noticiasribeiraopreto.com.br\/index.php\/wp-json\/wp\/v2\/posts\/71915","targetHints":{"allow":["GET"]}}],"collection":[{"href":"https:\/\/noticiasribeiraopreto.com.br\/index.php\/wp-json\/wp\/v2\/posts"}],"about":[{"href":"https:\/\/noticiasribeiraopreto.com.br\/index.php\/wp-json\/wp\/v2\/types\/post"}],"author":[{"embeddable":true,"href":"https:\/\/noticiasribeiraopreto.com.br\/index.php\/wp-json\/wp\/v2\/users\/1"}],"replies":[{"embeddable":true,"href":"https:\/\/noticiasribeiraopreto.com.br\/index.php\/wp-json\/wp\/v2\/comments?post=71915"}],"version-history":[{"count":0,"href":"https:\/\/noticiasribeiraopreto.com.br\/index.php\/wp-json\/wp\/v2\/posts\/71915\/revisions"}],"wp:featuredmedia":[{"embeddable":true,"href":"https:\/\/noticiasribeiraopreto.com.br\/index.php\/wp-json\/wp\/v2\/media\/71916"}],"wp:attachment":[{"href":"https:\/\/noticiasribeiraopreto.com.br\/index.php\/wp-json\/wp\/v2\/media?parent=71915"}],"wp:term":[{"taxonomy":"category","embeddable":true,"href":"https:\/\/noticiasribeiraopreto.com.br\/index.php\/wp-json\/wp\/v2\/categories?post=71915"},{"taxonomy":"post_tag","embeddable":true,"href":"https:\/\/noticiasribeiraopreto.com.br\/index.php\/wp-json\/wp\/v2\/tags?post=71915"}],"curies":[{"name":"wp","href":"https:\/\/api.w.org\/{rel}","templated":true}]}}