{"id":71919,"date":"2025-06-11T13:10:30","date_gmt":"2025-06-11T16:10:30","guid":{"rendered":"https:\/\/noticiasribeiraopreto.com.br\/index.php\/2025\/06\/11\/policia-indicia-diretores-de-industria-que-explodiu-em-sertaozinho\/"},"modified":"2025-06-11T13:10:30","modified_gmt":"2025-06-11T16:10:30","slug":"policia-indicia-diretores-de-industria-que-explodiu-em-sertaozinho","status":"publish","type":"post","link":"https:\/\/noticiasribeiraopreto.com.br\/index.php\/2025\/06\/11\/policia-indicia-diretores-de-industria-que-explodiu-em-sertaozinho\/","title":{"rendered":"Pol\u00edcia indicia diretores de ind\u00fastria que explodiu em Sert\u00e3ozinho"},"content":{"rendered":"<div class='code-block code-block-1' style='margin: 8px 0 8px auto; text-align: right; display: block; clear: both;'>\n<p><a href=\"https:\/\/wa.link\/vpicfd\"><img data-recalc-dims=\"1\" class=\"wp-image-4922\" style=\"aspect-ratio: 2.0253164556962027; width: 561px; height: auto;\" src=\"https:\/\/i0.wp.com\/ismaelcolosi.com.br\/wp-content\/uploads\/2023\/11\/grupo-de-empregos-whatsapp-e-facebook-ismael-colosi-vagas.jpg?ssl=1\" alt=\"\" \/><\/a><\/p>\n<!-- \/wp:image -->\n<\/div>\n<p> <br \/>\n<\/p>\n<div id=\"\">\n<h2 class=\"penci-post-subtitle\">Pol\u00edcia indicia diretores de ind\u00fastria que explodiu em Sert\u00e3ozinho<\/h2>\n<p>\n\t\t\t\t\t\t\t\t\t<span class=\"entry-meta-item penci-posted-on\"><i class=\"fa fa-clock-o\"\/><time class=\"entry-date published updated\" datetime=\"2025-06-11T13:09:23-03:00\">11 de junho de 2025 13:09<\/time><\/span><span class=\"entry-meta-item penci-post-countview\"><span class=\"entry-meta-item penci-post-countview penci_post-meta_item\"><i class=\"fa fa-eye\"\/><span class=\"penci-post-countview-number penci-post-countview-p428441\">1<\/span><\/span><\/span>\t\t\t\t\t\t\t\t<\/p>\n<p><!-- .entry-meta --><br \/>\n\t\t\t\t\t\t\t\t<span class=\"penci-social-buttons penci-social-share-footer\"><span class=\"penci-social-share-text\">Compartilhar<\/span><a href=\"#\" class=\"penci-post-like penci_post-meta_item  single-like-button penci-social-item like\" data-post_id=\"428441\" title=\"Like\" data-like=\"Like\" data-unlike=\"Unlike\"><i class=\"fa fa-thumbs-o-up\"\/><span class=\"penci-share-number\">0<\/span><\/a><i class=\"fa fa-facebook\"\/><a class=\"penci-social-item twitter\" target=\"_blank\" rel=\"noopener\" title=\"\" href=\"https:\/\/twitter.com\/intent\/tweet?text=Pol\u00edcia%20indicia%20diretores%20de%20ind\u00fastria%20que%20explodiu%20em%20Sert\u00e3ozinho%20-%20https:\/\/www.tribunaribeirao.com.br\/policia-indicia-diretores-de-industria-que-explodiu-em-sertaozinho\/\"><i class=\"fa fa-twitter\"\/><\/a><i class=\"fa fa-linkedin\"\/><i class=\"fa fa-whatsapp\"\/><i class=\"fa fa-telegram\"\/><i class=\"fa fa-envelope\"\/><\/span>\t\t\t\t\t\t\t<\/div>\n<div>\n<p>Pol\u00edcia entendeu que houve neglig\u00eancia no acidente que deixou tr\u00eas mortos, 10 feridos e diversas pessoas tiveram que deixar temporariamente suas casas<\/p>\n<p>A Delegacia Seccional de Sert\u00e3ozinho concluiu o inqu\u00e9rito que apura as explos\u00f5es de uma empresa qu\u00edmica instalada no bairro Vila Industrial, em Sert\u00e3ozinho, regi\u00e3o metropolitana de Ribeir\u00e3o Preto.<\/p>\n<p>As explos\u00f5es, seguidas de um grande inc\u00eandio ocorreram no dia 11 de outubro. De acordo com o inqu\u00e9rito, diretores da empresa foram indiciados por homic\u00eddio culposo, les\u00e3o corporal e crime ambiental.<\/p>\n<p>A apura\u00e7\u00e3o do inqu\u00e9rito, que segue em segredo de Justi\u00e7a, considerou que a ind\u00fastria foi negligente. As investiga\u00e7\u00f5es envolveram, al\u00e9m da Pol\u00edcia Civil, Cetesb, Instituto de Criminal\u00edstica, Instituto M\u00e9dico Legal, Auditoria Fiscal do Trabalho e \u00f3rg\u00e3os ambientais e de licenciamento da Prefeitura de Sert\u00e3ozinho.<\/p>\n<p>Todas as informa\u00e7\u00f5es apuradas foram transcritas por laudos t\u00e9cnicos que conclu\u00edram ter havido omiss\u00e3o. Al\u00e9m da falta de qualifica\u00e7\u00e3o da m\u00e3o-de-obra que manipulava os produtos qu\u00edmicos, o inqu\u00e9rito constatou que o galp\u00e3o onde havia o transbordo provis\u00f3rio n\u00e3o tinha sequer alvar\u00e1 e estava totalmente irregular.<\/p>\n<figure id=\"attachment_428443\" aria-describedby=\"caption-attachment-428443\" style=\"width: 698px\" class=\"wp-caption alignnone\"><img data-recalc-dims=\"1\" loading=\"lazy\" decoding=\"async\" class=\"wp-image-428443 lazyload\" src=\"https:\/\/i0.wp.com\/www.tribunaribeirao.com.br\/wp-content\/uploads\/2025\/06\/11-jun-2025-explosaosertaozinho2.jpg?resize=698%2C477&#038;ssl=1\" alt=\"\" width=\"698\" height=\"477\" srcset=\"https:\/\/www.tribunaribeirao.com.br\/wp-content\/uploads\/2025\/06\/11-jun-2025-explosaosertaozinho2.jpg 593w, https:\/\/www.tribunaribeirao.com.br\/wp-content\/uploads\/2025\/06\/11-jun-2025-explosaosertaozinho2-300x205.jpg 300w, https:\/\/www.tribunaribeirao.com.br\/wp-content\/uploads\/2025\/06\/11-jun-2025-explosaosertaozinho2-586x400.jpg 586w, https:\/\/www.tribunaribeirao.com.br\/wp-content\/uploads\/2025\/06\/11-jun-2025-explosaosertaozinho2-585x400.jpg 585w\" data-sizes=\"(max-width: 698px) 100vw, 698px\" style=\"--smush-placeholder-width: 698px; --smush-placeholder-aspect-ratio: 698\/477;\"\/><figcaption id=\"caption-attachment-428443\" class=\"wp-caption-text\">Trag\u00e9dia deixou tr\u00eas mortos e 10 feridos (Foto: Redes Sociais)<\/figcaption><\/figure>\n<p>O inqu\u00e9rito foi encaminhado para a Justi\u00e7a. Caso siga, os diretores da empresa podem at\u00e9 mesmo ser presos. A ind\u00fastria qu\u00edmica recebeu pesadas multas dos \u00f3rg\u00e3os competentes. A assessoria da empresa disse que s\u00f3 ir\u00e1 se manifestar ap\u00f3s ter ci\u00eancia do teor do inqu\u00e9rito.<\/p>\n<p><strong>O caso<\/strong><\/p>\n<p>No dia 11 de outubro do ano passado, trabalhadores eventuais, conhecidos por chapa, ajudavam a descarregar um caminh\u00e3o com produtos qu\u00edmicos. Com a ajuda de empilhadeiras, o material era retirado do caminh\u00e3o e colocado num galp\u00e3o irregular.<\/p>\n<p>Uma das empilhadeiras, desgovernada, teria atingido outra, explodindo o reservat\u00f3rio de g\u00e1s. A explos\u00e3o lan\u00e7ou fa\u00edscas para todos os lados, que atingiram a carga, gerando uma segunda e maior explos\u00e3o.<\/p>\n<p>Um grande inc\u00eandio tomou conta do local e v\u00e1rias casas foram evacuadas. Algumas delas tiveram problemas estruturais. Durante o inc\u00eandio, v\u00e1rias pessoas se feriram. Nos dias subsequentes, tr\u00eas morreram e outras 10 tiveram que se recuperar dos ferimentos sofridos.<\/p>\n<\/div>\n<p><script async src=\"\/\/platform.twitter.com\/widgets.js\" charset=\"utf-8\"><\/script><br \/>\n<br \/><br \/>\n<br \/><a href=\"https:\/\/www.tribunaribeirao.com.br\/policia-indicia-diretores-de-industria-que-explodiu-em-sertaozinho\/\">Source link <\/a><\/p>\n<!-- CONTENT END 1 -->\n","protected":false},"excerpt":{"rendered":"<p>Pol\u00edcia indicia diretores de ind\u00fastria que explodiu em Sert\u00e3ozinho 11 de junho de 2025 13:091 Compartilhar0 Pol\u00edcia entendeu que houve neglig\u00eancia no acidente que deixou&#8230;<\/p>\n","protected":false},"author":1,"featured_media":71920,"comment_status":"open","ping_status":"open","sticky":false,"template":"","format":"standard","meta":{"advanced_seo_description":"","jetpack_seo_html_title":"","jetpack_seo_noindex":false,"jetpack_post_was_ever_published":false,"_jetpack_newsletter_access":"","_jetpack_dont_email_post_to_subs":false,"_jetpack_newsletter_tier_id":0,"_jetpack_memberships_contains_paywalled_content":false,"_jetpack_memberships_contains_paid_content":false,"footnotes":"","jetpack_publicize_message":"","jetpack_publicize_feature_enabled":true,"jetpack_social_post_already_shared":true,"jetpack_social_options":{"image_generator_settings":{"template":"highway","default_image_id":0,"font":"","enabled":false},"version":2}},"categories":[11],"tags":[],"class_list":["post-71919","post","type-post","status-publish","format-standard","has-post-thumbnail","hentry","category-noticias-de-ribeirao-preto-sp-e-regiao-ismael-colosi"],"jetpack_publicize_connections":[],"jetpack_featured_media_url":"https:\/\/i0.wp.com\/noticiasribeiraopreto.com.br\/wp-content\/uploads\/2025\/06\/11-jun-2025-explosaosertaozinho1.jpg?fit=476%2C500&ssl=1","jetpack-related-posts":[{"id":59277,"url":"https:\/\/noticiasribeiraopreto.com.br\/index.php\/2024\/10\/18\/industria-que-explodiu-em-sertaozinho-foi-multada-duas-vezes-antes-de-acidente\/","url_meta":{"origin":71919,"position":0},"title":"Ind\u00fastria que explodiu em Sert\u00e3ozinho foi multada duas vezes antes de acidente","author":"noticiasribeiraopreto.com.br","date":"18 de October de 2024","format":false,"excerpt":"A Innove Qu\u00edmica j\u00e1 tinha sido autuada, pelo menos duas vezes, antes da\u00a0explos\u00e3o que houve na sexta-feira passada. As multas somam R$ 10.107,00 e foram aplicadas pela Prefeitura de\u00a0Sert\u00e3ozinho, na regi\u00e3o de Ribeir\u00e3o Preto,\u00a0por descumprimento \u00e0s leis ambientais. A administra\u00e7\u00e3o municipal confirmou, em nota, que autuou a empresa duas vezes,\u2026","rel":"","context":"In &quot;Not\u00edcias de Ribeir\u00e3o Preto-SP e Regi\u00e3o&quot;","block_context":{"text":"Not\u00edcias de Ribeir\u00e3o Preto-SP e Regi\u00e3o","link":"https:\/\/noticiasribeiraopreto.com.br\/index.php\/category\/noticias-de-ribeirao-preto-sp-e-regiao-ismael-colosi\/"},"img":{"alt_text":"","src":"https:\/\/i0.wp.com\/noticiasribeiraopreto.com.br\/wp-content\/uploads\/2024\/10\/fogo-industria-sertaozinho_2024-10-12_19-00-06_jpg_2024-10-12_19-00-07.webp.webp?fit=1200%2C739&ssl=1&resize=350%2C200","width":350,"height":200,"srcset":"https:\/\/i0.wp.com\/noticiasribeiraopreto.com.br\/wp-content\/uploads\/2024\/10\/fogo-industria-sertaozinho_2024-10-12_19-00-06_jpg_2024-10-12_19-00-07.webp.webp?fit=1200%2C739&ssl=1&resize=350%2C200 1x, https:\/\/i0.wp.com\/noticiasribeiraopreto.com.br\/wp-content\/uploads\/2024\/10\/fogo-industria-sertaozinho_2024-10-12_19-00-06_jpg_2024-10-12_19-00-07.webp.webp?fit=1200%2C739&ssl=1&resize=525%2C300 1.5x, https:\/\/i0.wp.com\/noticiasribeiraopreto.com.br\/wp-content\/uploads\/2024\/10\/fogo-industria-sertaozinho_2024-10-12_19-00-06_jpg_2024-10-12_19-00-07.webp.webp?fit=1200%2C739&ssl=1&resize=700%2C400 2x, https:\/\/i0.wp.com\/noticiasribeiraopreto.com.br\/wp-content\/uploads\/2024\/10\/fogo-industria-sertaozinho_2024-10-12_19-00-06_jpg_2024-10-12_19-00-07.webp.webp?fit=1200%2C739&ssl=1&resize=1050%2C600 3x"},"classes":[]},{"id":58999,"url":"https:\/\/noticiasribeiraopreto.com.br\/index.php\/2024\/10\/11\/caminhao-com-produtos-quimicos-explode-em-sertaozinho-veja-video\/","url_meta":{"origin":71919,"position":1},"title":"Caminh\u00e3o com produtos qu\u00edmicos explode em Sert\u00e3ozinho; Veja v\u00eddeo","author":"noticiasribeiraopreto.com.br","date":"11 de October de 2024","format":false,"excerpt":"Um caminh\u00e3o carregado com produtos qu\u00edmicos explodiu, no in\u00edcio da tarde desta sexta-feira (11), em Sert\u00e3ozinho, na regi\u00e3o de Ribeir\u00e3o Preto. A Pol\u00edcia Militar est\u00e1 isolando a \u00e1rea e informou que o material queimado \u00e9 altamente t\u00f3xico. Moradores precisaram evacuar o local. Ainda n\u00e3o h\u00e1 informa\u00e7\u00f5es de feridos. Reportagem em\u2026","rel":"","context":"In &quot;Not\u00edcias de Ribeir\u00e3o Preto-SP e Regi\u00e3o&quot;","block_context":{"text":"Not\u00edcias de Ribeir\u00e3o Preto-SP e Regi\u00e3o","link":"https:\/\/noticiasribeiraopreto.com.br\/index.php\/category\/noticias-de-ribeirao-preto-sp-e-regiao-ismael-colosi\/"},"img":{"alt_text":"","src":"https:\/\/i0.wp.com\/noticiasribeiraopreto.com.br\/wp-content\/uploads\/2024\/10\/Sem-titulo_2024-10-11_16-36-14_png_2024-10-11_16-36-14.webp.webp?fit=1200%2C629&ssl=1&resize=350%2C200","width":350,"height":200,"srcset":"https:\/\/i0.wp.com\/noticiasribeiraopreto.com.br\/wp-content\/uploads\/2024\/10\/Sem-titulo_2024-10-11_16-36-14_png_2024-10-11_16-36-14.webp.webp?fit=1200%2C629&ssl=1&resize=350%2C200 1x, https:\/\/i0.wp.com\/noticiasribeiraopreto.com.br\/wp-content\/uploads\/2024\/10\/Sem-titulo_2024-10-11_16-36-14_png_2024-10-11_16-36-14.webp.webp?fit=1200%2C629&ssl=1&resize=525%2C300 1.5x, https:\/\/i0.wp.com\/noticiasribeiraopreto.com.br\/wp-content\/uploads\/2024\/10\/Sem-titulo_2024-10-11_16-36-14_png_2024-10-11_16-36-14.webp.webp?fit=1200%2C629&ssl=1&resize=700%2C400 2x, https:\/\/i0.wp.com\/noticiasribeiraopreto.com.br\/wp-content\/uploads\/2024\/10\/Sem-titulo_2024-10-11_16-36-14_png_2024-10-11_16-36-14.webp.webp?fit=1200%2C629&ssl=1&resize=1050%2C600 3x"},"classes":[]},{"id":59003,"url":"https:\/\/noticiasribeiraopreto.com.br\/index.php\/2024\/10\/11\/fumaca-toxica-se-espalha-apos-explosao-e-evacua-bairro-em-sertaozinho\/","url_meta":{"origin":71919,"position":2},"title":"Fuma\u00e7a t\u00f3xica se espalha ap\u00f3s explos\u00e3o e evacua bairro em Sert\u00e3ozinho","author":"noticiasribeiraopreto.com.br","date":"11 de October de 2024","format":false,"excerpt":"Um caminh\u00e3o carregado com produtos qu\u00edmicos explodiu, no in\u00edcio da tarde desta sexta-feira (11), em\u00a0Sert\u00e3ozinho, na regi\u00e3o de\u00a0Ribeir\u00e3o Preto. O fogo se alastrou e atingiu uma ind\u00fastria qu\u00edmica. A fuma\u00e7a considerada altamente t\u00f3xica se espalhou e o bairro precisou ser evacuado. A Prefeitura de Sert\u00e3ozinho informou, em nota, que a\u2026","rel":"","context":"In &quot;Not\u00edcias de Ribeir\u00e3o Preto-SP e Regi\u00e3o&quot;","block_context":{"text":"Not\u00edcias de Ribeir\u00e3o Preto-SP e Regi\u00e3o","link":"https:\/\/noticiasribeiraopreto.com.br\/index.php\/category\/noticias-de-ribeirao-preto-sp-e-regiao-ismael-colosi\/"},"img":{"alt_text":"","src":"https:\/\/i0.wp.com\/noticiasribeiraopreto.com.br\/wp-content\/uploads\/2024\/10\/Sem-titulo_2024-10-11_17-37-36_png_2024-10-11_17-37-37.webp.webp?fit=1200%2C678&ssl=1&resize=350%2C200","width":350,"height":200,"srcset":"https:\/\/i0.wp.com\/noticiasribeiraopreto.com.br\/wp-content\/uploads\/2024\/10\/Sem-titulo_2024-10-11_17-37-36_png_2024-10-11_17-37-37.webp.webp?fit=1200%2C678&ssl=1&resize=350%2C200 1x, https:\/\/i0.wp.com\/noticiasribeiraopreto.com.br\/wp-content\/uploads\/2024\/10\/Sem-titulo_2024-10-11_17-37-36_png_2024-10-11_17-37-37.webp.webp?fit=1200%2C678&ssl=1&resize=525%2C300 1.5x, https:\/\/i0.wp.com\/noticiasribeiraopreto.com.br\/wp-content\/uploads\/2024\/10\/Sem-titulo_2024-10-11_17-37-36_png_2024-10-11_17-37-37.webp.webp?fit=1200%2C678&ssl=1&resize=700%2C400 2x, https:\/\/i0.wp.com\/noticiasribeiraopreto.com.br\/wp-content\/uploads\/2024\/10\/Sem-titulo_2024-10-11_17-37-36_png_2024-10-11_17-37-37.webp.webp?fit=1200%2C678&ssl=1&resize=1050%2C600 3x"},"classes":[]},{"id":59286,"url":"https:\/\/noticiasribeiraopreto.com.br\/index.php\/2024\/10\/19\/funcionario-diz-que-receberia-r-200-por-trabalho-em-fabrica-que-explodiu-em-sertaozinho\/","url_meta":{"origin":71919,"position":3},"title":"Funcion\u00e1rio diz que receberia R$ 200 por trabalho em f\u00e1brica que explodiu em Sert\u00e3ozinho","author":"noticiasribeiraopreto.com.br","date":"19 de October de 2024","format":false,"excerpt":"Samuel Bernardino, contratado pela Innove Qu\u00edmica para o servi\u00e7o de descarga de tambores carregados com clorito de s\u00f3dio que\u00a0explodiram na semana passada em Sert\u00e3ozinho, na regi\u00e3o de Ribeir\u00e3o Preto disse que a empresa\u00a0pagaria R$ 200 a ele e aos outros funcion\u00e1rios terceirizados. Em entrevista \u00e0 EPTV, Samuel contou que seu\u2026","rel":"","context":"In &quot;Not\u00edcias de Ribeir\u00e3o Preto-SP e Regi\u00e3o&quot;","block_context":{"text":"Not\u00edcias de Ribeir\u00e3o Preto-SP e Regi\u00e3o","link":"https:\/\/noticiasribeiraopreto.com.br\/index.php\/category\/noticias-de-ribeirao-preto-sp-e-regiao-ismael-colosi\/"},"img":{"alt_text":"","src":"https:\/\/i0.wp.com\/noticiasribeiraopreto.com.br\/wp-content\/uploads\/2024\/10\/Copia-de-Copia-de-Copia-de-TAMANHO-EXATO-PARA-FOTOS-NO-SISTEMA-NOVO-28_2024-10-19_19-29-19_png_2024-10-19_19-29-19.webp.webp?fit=1200%2C675&ssl=1&resize=350%2C200","width":350,"height":200,"srcset":"https:\/\/i0.wp.com\/noticiasribeiraopreto.com.br\/wp-content\/uploads\/2024\/10\/Copia-de-Copia-de-Copia-de-TAMANHO-EXATO-PARA-FOTOS-NO-SISTEMA-NOVO-28_2024-10-19_19-29-19_png_2024-10-19_19-29-19.webp.webp?fit=1200%2C675&ssl=1&resize=350%2C200 1x, https:\/\/i0.wp.com\/noticiasribeiraopreto.com.br\/wp-content\/uploads\/2024\/10\/Copia-de-Copia-de-Copia-de-TAMANHO-EXATO-PARA-FOTOS-NO-SISTEMA-NOVO-28_2024-10-19_19-29-19_png_2024-10-19_19-29-19.webp.webp?fit=1200%2C675&ssl=1&resize=525%2C300 1.5x, https:\/\/i0.wp.com\/noticiasribeiraopreto.com.br\/wp-content\/uploads\/2024\/10\/Copia-de-Copia-de-Copia-de-TAMANHO-EXATO-PARA-FOTOS-NO-SISTEMA-NOVO-28_2024-10-19_19-29-19_png_2024-10-19_19-29-19.webp.webp?fit=1200%2C675&ssl=1&resize=700%2C400 2x, https:\/\/i0.wp.com\/noticiasribeiraopreto.com.br\/wp-content\/uploads\/2024\/10\/Copia-de-Copia-de-Copia-de-TAMANHO-EXATO-PARA-FOTOS-NO-SISTEMA-NOVO-28_2024-10-19_19-29-19_png_2024-10-19_19-29-19.webp.webp?fit=1200%2C675&ssl=1&resize=1050%2C600 3x"},"classes":[]},{"id":58997,"url":"https:\/\/noticiasribeiraopreto.com.br\/index.php\/2024\/10\/11\/caminhao-de-produtos-quimicos-explode-em-sertaozinho-veja-video\/","url_meta":{"origin":71919,"position":4},"title":"Caminh\u00e3o de produtos qu\u00edmicos explode em Sert\u00e3ozinho; Veja v\u00eddeo","author":"noticiasribeiraopreto.com.br","date":"11 de October de 2024","format":false,"excerpt":"Um caminh\u00e3o carregado de produtos qu\u00edmicos explodiu, no in\u00edcio da tarde desta sexta-feira (11), em Sert\u00e3ozinho, na regi\u00e3o de Ribeir\u00e3o Preto. V\u00eddeo: Ver essa foto no Instagram Uma publica\u00e7\u00e3o compartilhada por acidade on Ribeir\u00e3o (@acidadeonribeirao) SAIBA MAISFim de semana em Ribeir\u00e3o Preto tem shows e programa\u00e7\u00e3o de Dia das Crian\u00e7as\u2026","rel":"","context":"In &quot;Not\u00edcias de Ribeir\u00e3o Preto-SP e Regi\u00e3o&quot;","block_context":{"text":"Not\u00edcias de Ribeir\u00e3o Preto-SP e Regi\u00e3o","link":"https:\/\/noticiasribeiraopreto.com.br\/index.php\/category\/noticias-de-ribeirao-preto-sp-e-regiao-ismael-colosi\/"},"img":{"alt_text":"","src":"https:\/\/i0.wp.com\/noticiasribeiraopreto.com.br\/wp-content\/uploads\/2024\/10\/Imagem-do-WhatsApp-de-2024-10-11-as-12.41.21_eb5c8907_2024-10-11_16-34-29_jpg_2024-10-11_16-34-29.webp.webp?fit=675%2C1200&ssl=1&resize=350%2C200","width":350,"height":200,"srcset":"https:\/\/i0.wp.com\/noticiasribeiraopreto.com.br\/wp-content\/uploads\/2024\/10\/Imagem-do-WhatsApp-de-2024-10-11-as-12.41.21_eb5c8907_2024-10-11_16-34-29_jpg_2024-10-11_16-34-29.webp.webp?fit=675%2C1200&ssl=1&resize=350%2C200 1x, https:\/\/i0.wp.com\/noticiasribeiraopreto.com.br\/wp-content\/uploads\/2024\/10\/Imagem-do-WhatsApp-de-2024-10-11-as-12.41.21_eb5c8907_2024-10-11_16-34-29_jpg_2024-10-11_16-34-29.webp.webp?fit=675%2C1200&ssl=1&resize=525%2C300 1.5x"},"classes":[]},{"id":73673,"url":"https:\/\/noticiasribeiraopreto.com.br\/index.php\/2025\/07\/07\/policia-indicia-8-pela-morte-de-nelson-carreira\/","url_meta":{"origin":71919,"position":5},"title":"Pol\u00edcia indicia 8 pela morte de Nelson Carreira","author":"noticiasribeiraopreto.com.br","date":"7 de July de 2025","format":false,"excerpt":"Empres\u00e1rio teria sido morto em Cravinhos e o corpo ainda n\u00e3o foi encontrado 7 de julho de 2025 13:147 Compartilhar1 Por: Adalberto Luque A Pol\u00edcia Civil concluiu, na manh\u00e3 desta segunda-feira (7) o inqu\u00e9rito que apura a morte do empres\u00e1rio paulistano Nelson Francisco Carreira Filho, ocorrido em Cravinhos, em 16\u2026","rel":"","context":"In &quot;Not\u00edcias de Ribeir\u00e3o Preto-SP e Regi\u00e3o&quot;","block_context":{"text":"Not\u00edcias de Ribeir\u00e3o Preto-SP e Regi\u00e3o","link":"https:\/\/noticiasribeiraopreto.com.br\/index.php\/category\/noticias-de-ribeirao-preto-sp-e-regiao-ismael-colosi\/"},"img":{"alt_text":"","src":"https:\/\/i0.wp.com\/noticiasribeiraopreto.com.br\/wp-content\/uploads\/2025\/07\/nelson_carreira.jpg?fit=633%2C449&ssl=1&resize=350%2C200","width":350,"height":200,"srcset":"https:\/\/i0.wp.com\/noticiasribeiraopreto.com.br\/wp-content\/uploads\/2025\/07\/nelson_carreira.jpg?fit=633%2C449&ssl=1&resize=350%2C200 1x, https:\/\/i0.wp.com\/noticiasribeiraopreto.com.br\/wp-content\/uploads\/2025\/07\/nelson_carreira.jpg?fit=633%2C449&ssl=1&resize=525%2C300 1.5x"},"classes":[]}],"jetpack_sharing_enabled":true,"jetpack_shortlink":"https:\/\/wp.me\/peQAOb-iHZ","_links":{"self":[{"href":"https:\/\/noticiasribeiraopreto.com.br\/index.php\/wp-json\/wp\/v2\/posts\/71919","targetHints":{"allow":["GET"]}}],"collection":[{"href":"https:\/\/noticiasribeiraopreto.com.br\/index.php\/wp-json\/wp\/v2\/posts"}],"about":[{"href":"https:\/\/noticiasribeiraopreto.com.br\/index.php\/wp-json\/wp\/v2\/types\/post"}],"author":[{"embeddable":true,"href":"https:\/\/noticiasribeiraopreto.com.br\/index.php\/wp-json\/wp\/v2\/users\/1"}],"replies":[{"embeddable":true,"href":"https:\/\/noticiasribeiraopreto.com.br\/index.php\/wp-json\/wp\/v2\/comments?post=71919"}],"version-history":[{"count":0,"href":"https:\/\/noticiasribeiraopreto.com.br\/index.php\/wp-json\/wp\/v2\/posts\/71919\/revisions"}],"wp:featuredmedia":[{"embeddable":true,"href":"https:\/\/noticiasribeiraopreto.com.br\/index.php\/wp-json\/wp\/v2\/media\/71920"}],"wp:attachment":[{"href":"https:\/\/noticiasribeiraopreto.com.br\/index.php\/wp-json\/wp\/v2\/media?parent=71919"}],"wp:term":[{"taxonomy":"category","embeddable":true,"href":"https:\/\/noticiasribeiraopreto.com.br\/index.php\/wp-json\/wp\/v2\/categories?post=71919"},{"taxonomy":"post_tag","embeddable":true,"href":"https:\/\/noticiasribeiraopreto.com.br\/index.php\/wp-json\/wp\/v2\/tags?post=71919"}],"curies":[{"name":"wp","href":"https:\/\/api.w.org\/{rel}","templated":true}]}}