{"id":71921,"date":"2025-06-11T13:17:28","date_gmt":"2025-06-11T16:17:28","guid":{"rendered":"https:\/\/noticiasribeiraopreto.com.br\/index.php\/2025\/06\/11\/ciclista-morre-em-acidente-na-regiao\/"},"modified":"2025-06-11T13:17:28","modified_gmt":"2025-06-11T16:17:28","slug":"ciclista-morre-em-acidente-na-regiao","status":"publish","type":"post","link":"https:\/\/noticiasribeiraopreto.com.br\/index.php\/2025\/06\/11\/ciclista-morre-em-acidente-na-regiao\/","title":{"rendered":"Ciclista morre em acidente na regi\u00e3o"},"content":{"rendered":"<div class='code-block code-block-1' style='margin: 8px 0 8px auto; text-align: right; display: block; clear: both;'>\n<p><a href=\"https:\/\/wa.link\/vpicfd\"><img data-recalc-dims=\"1\" class=\"wp-image-4922\" style=\"aspect-ratio: 2.0253164556962027; width: 561px; height: auto;\" src=\"https:\/\/i0.wp.com\/ismaelcolosi.com.br\/wp-content\/uploads\/2023\/11\/grupo-de-empregos-whatsapp-e-facebook-ismael-colosi-vagas.jpg?ssl=1\" alt=\"\" \/><\/a><\/p>\n<!-- \/wp:image -->\n<\/div>\n<p> <br \/>\n<\/p>\n<div id=\"\">\n<h2 class=\"penci-post-subtitle\">Homem teria tentado atravessar rodovia com sua bicicleta e acabou atropelado; havia neblina no momento do acidente<\/h2>\n<p>\n\t\t\t\t\t\t\t\t\t<span class=\"entry-meta-item penci-posted-on\"><i class=\"fa fa-clock-o\"\/><time class=\"entry-date published\" datetime=\"2025-06-11T10:25:28-03:00\">11 de junho de 2025 10:25<\/time><time class=\"updated\" datetime=\"2025-06-11T12:25:19-03:00\">11 de junho de 2025 12:25<\/time><\/span><span class=\"entry-meta-item penci-post-countview\"><span class=\"entry-meta-item penci-post-countview penci_post-meta_item\"><i class=\"fa fa-eye\"\/><span class=\"penci-post-countview-number penci-post-countview-p428418\">56<\/span><\/span><\/span>\t\t\t\t\t\t\t\t<\/p>\n<p><!-- .entry-meta --><br \/>\n\t\t\t\t\t\t\t\t<span class=\"penci-social-buttons penci-social-share-footer\"><span class=\"penci-social-share-text\">Compartilhar<\/span><a href=\"#\" class=\"penci-post-like penci_post-meta_item  single-like-button penci-social-item like\" data-post_id=\"428418\" title=\"Like\" data-like=\"Like\" data-unlike=\"Unlike\"><i class=\"fa fa-thumbs-o-up\"\/><span class=\"penci-share-number\">3<\/span><\/a><i class=\"fa fa-facebook\"\/><a class=\"penci-social-item twitter\" target=\"_blank\" rel=\"noopener\" title=\"\" href=\"https:\/\/twitter.com\/intent\/tweet?text=Ciclista%20morre%20em%20acidente%20na%20regi\u00e3o%20-%20https:\/\/www.tribunaribeirao.com.br\/cislista-morre-em-acidente-na-regiao\/\"><i class=\"fa fa-twitter\"\/><\/a><i class=\"fa fa-linkedin\"\/><i class=\"fa fa-whatsapp\"\/><i class=\"fa fa-telegram\"\/><i class=\"fa fa-envelope\"\/><\/span>\t\t\t\t\t\t\t<\/div>\n<div>\n<p>Por: Adalberto Luque<\/p>\n<p>Um homem de aproximadamente 55 anos morreu, na manh\u00e3 desta quarta-feira (11), ap\u00f3s ser atropelado em uma rodovia. A v\u00edtima estava com sua bicicleta el\u00e9trica quando ocorreu o acidente, na Rodovia Carlos Tonani (SP-333), altura do km 100, em Barrinha, regi\u00e3o metropolitana de Ribeir\u00e3o Preto.<\/p>\n<p>Segundo a Ag\u00eancia de Transportes do Estado de S\u00e3o Paulo (Artesp), o ciclista tentou atravessar a rodovia quando foi atropelado por um ve\u00edculo Chevrolet Spim da Prefeitura de Jaboticabal. O ve\u00edculo estava na pista sentido Leste, sentido a Ribeir\u00e3o Preto e, al\u00e9m do motorista, levava duas pessoas para tratamento de sa\u00fade.<\/p>\n<figure id=\"attachment_428420\" aria-describedby=\"caption-attachment-428420\" style=\"width: 800px\" class=\"wp-caption alignnone\"><img data-recalc-dims=\"1\" loading=\"lazy\" decoding=\"async\" class=\"size-full wp-image-428420 lazyload\" src=\"https:\/\/i0.wp.com\/www.tribunaribeirao.com.br\/wp-content\/uploads\/2025\/06\/11-jun-2025-acidente-barrinha2-scaled.jpg?resize=800%2C432&#038;ssl=1\" alt=\"\" width=\"800\" height=\"432\" srcset=\"https:\/\/www.tribunaribeirao.com.br\/wp-content\/uploads\/2025\/06\/11-jun-2025-acidente-barrinha2-scaled.jpg 800w, https:\/\/www.tribunaribeirao.com.br\/wp-content\/uploads\/2025\/06\/11-jun-2025-acidente-barrinha2-300x162.jpg 300w, https:\/\/www.tribunaribeirao.com.br\/wp-content\/uploads\/2025\/06\/11-jun-2025-acidente-barrinha2-768x415.jpg 768w, https:\/\/www.tribunaribeirao.com.br\/wp-content\/uploads\/2025\/06\/11-jun-2025-acidente-barrinha2-740x400.jpg 740w, https:\/\/www.tribunaribeirao.com.br\/wp-content\/uploads\/2025\/06\/11-jun-2025-acidente-barrinha2-585x316.jpg 585w\" data-sizes=\"(max-width: 800px) 100vw, 800px\" style=\"--smush-placeholder-width: 800px; --smush-placeholder-aspect-ratio: 800\/432;\"\/><figcaption id=\"caption-attachment-428420\" class=\"wp-caption-text\">Ve\u00edculo oficial seguia sentido a Ribeir\u00e3o Preto quando ocorreu acidente (Foto: Artesp\/Divulga\u00e7\u00e3o)<\/figcaption><\/figure>\n<p>Ainda de acordo com a Artesp, o ciclista teria tentado atravessar a pista sem os devidos cuidados. Al\u00e9m disso, a neblina limitava a vis\u00e3o dos motoristas.<\/p>\n<p>Ap\u00f3s o choque, a bicicleta ficou ca\u00edda no canteiro central e o ve\u00edculo da Prefeitura de Jaboticabal parou no acostamento. O ciclista foi levado para a Unidade de Pronto Atendimento de Jaboticabal. Contudo, n\u00e3o resistiu aos ferimentos e morreu enquanto era atendido.<\/p>\n<p>A Prefeitura de Jaboticabal informou que o ve\u00edculo estava a servi\u00e7o da Secretaria Municipal de Sa\u00fade. O motorista trazia dois pacientes para Ribeir\u00e3o Preto quando ocorreu a colis\u00e3o. Nenhum dos ocupantes se feriu.<\/p>\n<p>\u201cO ciclista foi socorrido e levado para a Unidade de Pronto Atendimento de Jaboticabal (UPA), mas, infelizmente, n\u00e3o resistiu aos ferimentos e faleceu. Segundo o relato do condutor do ve\u00edculo, havia neblina na pista no momento da colis\u00e3o, que teria ocorrido ap\u00f3s o ciclista atravessar a via em local n\u00e3o permitido. A Prefeitura lamenta profundamente o acidente, presta solidariedade \u00e0 fam\u00edlia da v\u00edtima e informa que acompanha a apura\u00e7\u00e3o dos fatos pelas autoridades competentes\u201d, informou em nota.<\/p>\n<p>(mat\u00e9ria atualizada \u00e0s 12h24)<\/p>\n<p>\u00a0<\/p>\n<p>_____<\/p>\n<p>\u00a0<\/p>\n<p>Jornal Tribuna Ribeir\u00e3o<br \/>Um Jornal com a cara de Ribeir\u00e3o!<\/p>\n<p>Impresso | WEB | Redes sociais<br \/>Tribuna Ribeir\u00e3o \u2013 Fone: (16) 3632-2200 \u2013 Whatsapp: (16) 98161-8743<br \/>Av. Bar\u00e3o do Bananal, 880 \u2013 Jardim Anhanguera, Ribeir\u00e3o Preto<\/p>\n<p>@tribunaribeirao<br \/>@meiaderibeirao<br \/>@dinoderibeirao<br \/>#TribunaRibeir\u00e3o<br \/>#News<br \/>#Not\u00edcia<br \/>#Ribeir\u00e3oPreto #Not\u00edciasDeRibeir\u00e3oPreto<br \/>#ClassificadosTribunaRibeir\u00e3o<br \/>#Jornalismo<br \/>#ClassificadosRibeir\u00e3o<\/p>\n<\/div>\n<p><script async src=\"\/\/platform.twitter.com\/widgets.js\" charset=\"utf-8\"><\/script><br \/>\n<br \/><br \/>\n<br \/><a href=\"https:\/\/www.tribunaribeirao.com.br\/cislista-morre-em-acidente-na-regiao\/\">Source link <\/a><\/p>\n<!-- CONTENT END 1 -->\n","protected":false},"excerpt":{"rendered":"<p>Homem teria tentado atravessar rodovia com sua bicicleta e acabou atropelado; havia neblina no momento do acidente 11 de junho de 2025 10:2511 de junho&#8230;<\/p>\n","protected":false},"author":1,"featured_media":71922,"comment_status":"open","ping_status":"open","sticky":false,"template":"","format":"standard","meta":{"advanced_seo_description":"","jetpack_seo_html_title":"","jetpack_seo_noindex":false,"jetpack_post_was_ever_published":false,"_jetpack_newsletter_access":"","_jetpack_dont_email_post_to_subs":false,"_jetpack_newsletter_tier_id":0,"_jetpack_memberships_contains_paywalled_content":false,"_jetpack_memberships_contains_paid_content":false,"footnotes":"","jetpack_publicize_message":"","jetpack_publicize_feature_enabled":true,"jetpack_social_post_already_shared":true,"jetpack_social_options":{"image_generator_settings":{"template":"highway","default_image_id":0,"font":"","enabled":false},"version":2}},"categories":[11],"tags":[],"class_list":["post-71921","post","type-post","status-publish","format-standard","has-post-thumbnail","hentry","category-noticias-de-ribeirao-preto-sp-e-regiao-ismael-colosi"],"jetpack_publicize_connections":[],"jetpack_featured_media_url":"https:\/\/i0.wp.com\/noticiasribeiraopreto.com.br\/wp-content\/uploads\/2025\/06\/1749658648_11-jun-2025-acidente-barrinha1-scaled.jpg?fit=679%2C500&ssl=1","jetpack-related-posts":[{"id":72942,"url":"https:\/\/noticiasribeiraopreto.com.br\/index.php\/2025\/06\/23\/video-acidente-grave-entre-cinco-veiculos-deixa-feridos-na-regiao\/","url_meta":{"origin":71921,"position":0},"title":"V\u00cdDEO &#8211; Acidente grave entre cinco ve\u00edculos deixa feridos na regi\u00e3o","author":"noticiasribeiraopreto.com.br","date":"23 de June de 2025","format":false,"excerpt":"Algumas das v\u00edtimas precisaram ser retiradas das ferragens e levadas para hospitais 23 de junho de 2025 11:4823 de junho de 2025 11:4912 Compartilhar2 Por: Adalberto Luque Um grave acidente, envolvendo cinco ve\u00edculos, foi registrado na noite deste domingo (22). O engavetamento ocorreu na Rodovia Armando de Salles Oliveira (SP-322),\u2026","rel":"","context":"In &quot;Not\u00edcias de Ribeir\u00e3o Preto-SP e Regi\u00e3o&quot;","block_context":{"text":"Not\u00edcias de Ribeir\u00e3o Preto-SP e Regi\u00e3o","link":"https:\/\/noticiasribeiraopreto.com.br\/index.php\/category\/noticias-de-ribeirao-preto-sp-e-regiao-ismael-colosi\/"},"img":{"alt_text":"","src":"https:\/\/i0.wp.com\/noticiasribeiraopreto.com.br\/wp-content\/uploads\/2025\/06\/23-jun-2025-acidentebebedouro-scaled.jpg?fit=800%2C449&ssl=1&resize=350%2C200","width":350,"height":200,"srcset":"https:\/\/i0.wp.com\/noticiasribeiraopreto.com.br\/wp-content\/uploads\/2025\/06\/23-jun-2025-acidentebebedouro-scaled.jpg?fit=800%2C449&ssl=1&resize=350%2C200 1x, https:\/\/i0.wp.com\/noticiasribeiraopreto.com.br\/wp-content\/uploads\/2025\/06\/23-jun-2025-acidentebebedouro-scaled.jpg?fit=800%2C449&ssl=1&resize=525%2C300 1.5x, https:\/\/i0.wp.com\/noticiasribeiraopreto.com.br\/wp-content\/uploads\/2025\/06\/23-jun-2025-acidentebebedouro-scaled.jpg?fit=800%2C449&ssl=1&resize=700%2C400 2x"},"classes":[]},{"id":72307,"url":"https:\/\/noticiasribeiraopreto.com.br\/index.php\/2025\/06\/15\/video-acidente-grave-deixa-um-morto-e-tres-feridos-na-zona-norte-de-ribeirao-preto\/","url_meta":{"origin":71921,"position":1},"title":"V\u00cdDEO: Acidente grave deixa um morto e tr\u00eas feridos na zona Norte de Ribeir\u00e3o Preto","author":"noticiasribeiraopreto.com.br","date":"15 de June de 2025","format":false,"excerpt":"15 de junho de 2025 07:5015 de junho de 2025 17:1571 Compartilhar0 Um grave acidente de tr\u00e2nsito registrado na manh\u00e3 deste domingo (15) deixou uma pessoa morta e tr\u00eas em estado grave na avenida Costa e Silva, na altura do n\u00famero 4.200, na zona Norte de Ribeir\u00e3o Preto (SP). De\u2026","rel":"","context":"In &quot;Not\u00edcias de Ribeir\u00e3o Preto-SP e Regi\u00e3o&quot;","block_context":{"text":"Not\u00edcias de Ribeir\u00e3o Preto-SP e Regi\u00e3o","link":"https:\/\/noticiasribeiraopreto.com.br\/index.php\/category\/noticias-de-ribeirao-preto-sp-e-regiao-ismael-colosi\/"},"img":{"alt_text":"","src":"https:\/\/i0.wp.com\/noticiasribeiraopreto.com.br\/wp-content\/uploads\/2025\/06\/1750031283_grave_costa_silva-scaled.jpeg?fit=800%2C450&ssl=1&resize=350%2C200","width":350,"height":200,"srcset":"https:\/\/i0.wp.com\/noticiasribeiraopreto.com.br\/wp-content\/uploads\/2025\/06\/1750031283_grave_costa_silva-scaled.jpeg?fit=800%2C450&ssl=1&resize=350%2C200 1x, https:\/\/i0.wp.com\/noticiasribeiraopreto.com.br\/wp-content\/uploads\/2025\/06\/1750031283_grave_costa_silva-scaled.jpeg?fit=800%2C450&ssl=1&resize=525%2C300 1.5x, https:\/\/i0.wp.com\/noticiasribeiraopreto.com.br\/wp-content\/uploads\/2025\/06\/1750031283_grave_costa_silva-scaled.jpeg?fit=800%2C450&ssl=1&resize=700%2C400 2x"},"classes":[]},{"id":71988,"url":"https:\/\/noticiasribeiraopreto.com.br\/index.php\/2025\/06\/12\/video-van-capota-apos-acidente-no-centro\/","url_meta":{"origin":71921,"position":2},"title":"V\u00cdDEO &#8211; Van capota ap\u00f3s acidente no Centro","author":"noticiasribeiraopreto.com.br","date":"12 de June de 2025","format":false,"excerpt":"Um dos envolvidos n\u00e3o teria respeitado o sinal de parada em cruzamento 12 de junho de 2025 09:1812 de junho de 2025 09:348 Compartilhar0 Por: Adalberto Luque Um acidente envolvendo uma van e um ve\u00edculo causou interdi\u00e7\u00e3o parcial de uma rua, na manh\u00e3 desta quinta-feira (12). A colis\u00e3o ocorreu no\u2026","rel":"","context":"In &quot;Not\u00edcias de Ribeir\u00e3o Preto-SP e Regi\u00e3o&quot;","block_context":{"text":"Not\u00edcias de Ribeir\u00e3o Preto-SP e Regi\u00e3o","link":"https:\/\/noticiasribeiraopreto.com.br\/index.php\/category\/noticias-de-ribeirao-preto-sp-e-regiao-ismael-colosi\/"},"img":{"alt_text":"","src":"https:\/\/i0.wp.com\/noticiasribeiraopreto.com.br\/wp-content\/uploads\/2025\/06\/12-jun-2025-acidentecentro3-scaled.jpg?fit=800%2C449&ssl=1&resize=350%2C200","width":350,"height":200,"srcset":"https:\/\/i0.wp.com\/noticiasribeiraopreto.com.br\/wp-content\/uploads\/2025\/06\/12-jun-2025-acidentecentro3-scaled.jpg?fit=800%2C449&ssl=1&resize=350%2C200 1x, https:\/\/i0.wp.com\/noticiasribeiraopreto.com.br\/wp-content\/uploads\/2025\/06\/12-jun-2025-acidentecentro3-scaled.jpg?fit=800%2C449&ssl=1&resize=525%2C300 1.5x, https:\/\/i0.wp.com\/noticiasribeiraopreto.com.br\/wp-content\/uploads\/2025\/06\/12-jun-2025-acidentecentro3-scaled.jpg?fit=800%2C449&ssl=1&resize=700%2C400 2x"},"classes":[]},{"id":72109,"url":"https:\/\/noticiasribeiraopreto.com.br\/index.php\/2025\/06\/13\/video-carro-invade-farmacia-na-regiao\/","url_meta":{"origin":71921,"position":3},"title":"V\u00cdDEO &#8211; Carro invade farm\u00e1cia na regi\u00e3o","author":"noticiasribeiraopreto.com.br","date":"13 de June de 2025","format":false,"excerpt":"Tr\u00eas pessoas ficaram feridas ap\u00f3s motorista enroscar cal\u00e7ado no acelerador 13 de junho de 2025 11:3313 de junho de 2025 11:359 Compartilhar0 Por: Adalberto Luque Um acidente registrado na manh\u00e3 desta sexta-feira (13) deixou tr\u00eas pessoas feridas. Um carro invadiu uma farm\u00e1cia na avenida XV de Novembro, Centro de Mat\u00e3o,\u2026","rel":"","context":"In &quot;Not\u00edcias de Ribeir\u00e3o Preto-SP e Regi\u00e3o&quot;","block_context":{"text":"Not\u00edcias de Ribeir\u00e3o Preto-SP e Regi\u00e3o","link":"https:\/\/noticiasribeiraopreto.com.br\/index.php\/category\/noticias-de-ribeirao-preto-sp-e-regiao-ismael-colosi\/"},"img":{"alt_text":"","src":"https:\/\/i0.wp.com\/noticiasribeiraopreto.com.br\/wp-content\/uploads\/2025\/06\/13-jun-2025-acidentematao1-scaled.jpg?fit=800%2C450&ssl=1&resize=350%2C200","width":350,"height":200,"srcset":"https:\/\/i0.wp.com\/noticiasribeiraopreto.com.br\/wp-content\/uploads\/2025\/06\/13-jun-2025-acidentematao1-scaled.jpg?fit=800%2C450&ssl=1&resize=350%2C200 1x, https:\/\/i0.wp.com\/noticiasribeiraopreto.com.br\/wp-content\/uploads\/2025\/06\/13-jun-2025-acidentematao1-scaled.jpg?fit=800%2C450&ssl=1&resize=525%2C300 1.5x, https:\/\/i0.wp.com\/noticiasribeiraopreto.com.br\/wp-content\/uploads\/2025\/06\/13-jun-2025-acidentematao1-scaled.jpg?fit=800%2C450&ssl=1&resize=700%2C400 2x"},"classes":[]},{"id":72250,"url":"https:\/\/noticiasribeiraopreto.com.br\/index.php\/2025\/06\/15\/acidente-grave-deixa-um-morto-e-tres-feridos-na-zona-norte-de-ribeirao-preto\/","url_meta":{"origin":71921,"position":4},"title":"Acidente grave deixa um morto e tr\u00eas feridos na zona Norte de Ribeir\u00e3o Preto","author":"noticiasribeiraopreto.com.br","date":"15 de June de 2025","format":false,"excerpt":"15 de junho de 2025 07:502 Compartilhar0 Um grave acidente de tr\u00e2nsito registrado na manh\u00e3 deste domingo (15) deixou uma pessoa morta e tr\u00eas em estado grave na avenida Costa e Silva, na altura do n\u00famero 4.200, na zona Norte de Ribeir\u00e3o Preto (SP). De acordo com as primeiras informa\u00e7\u00f5es,\u2026","rel":"","context":"In &quot;Not\u00edcias de Ribeir\u00e3o Preto-SP e Regi\u00e3o&quot;","block_context":{"text":"Not\u00edcias de Ribeir\u00e3o Preto-SP e Regi\u00e3o","link":"https:\/\/noticiasribeiraopreto.com.br\/index.php\/category\/noticias-de-ribeirao-preto-sp-e-regiao-ismael-colosi\/"},"img":{"alt_text":"","src":"https:\/\/i0.wp.com\/noticiasribeiraopreto.com.br\/wp-content\/uploads\/2025\/06\/grave_costa_silva-scaled.jpeg?fit=800%2C450&ssl=1&resize=350%2C200","width":350,"height":200,"srcset":"https:\/\/i0.wp.com\/noticiasribeiraopreto.com.br\/wp-content\/uploads\/2025\/06\/grave_costa_silva-scaled.jpeg?fit=800%2C450&ssl=1&resize=350%2C200 1x, https:\/\/i0.wp.com\/noticiasribeiraopreto.com.br\/wp-content\/uploads\/2025\/06\/grave_costa_silva-scaled.jpeg?fit=800%2C450&ssl=1&resize=525%2C300 1.5x, https:\/\/i0.wp.com\/noticiasribeiraopreto.com.br\/wp-content\/uploads\/2025\/06\/grave_costa_silva-scaled.jpeg?fit=800%2C450&ssl=1&resize=700%2C400 2x"},"classes":[]},{"id":71897,"url":"https:\/\/noticiasribeiraopreto.com.br\/index.php\/2025\/06\/11\/carro-de-prefeitura-atropela-ciclista-na-regiao\/","url_meta":{"origin":71921,"position":5},"title":"Carro de prefeitura atropela ciclista na regi\u00e3o","author":"noticiasribeiraopreto.com.br","date":"11 de June de 2025","format":false,"excerpt":"Homem teria tentado atravessar rodovia com sua bicicleta e acabou atropelado; havia neblina no momento do acidente 11 de junho de 2025 10:250 Compartilhar0 Por: Adalberto Luque Um homem de aproximadamente 55 anos ficou ferido, na manh\u00e3 desta quarta-feira (11), ap\u00f3s ser atropelado em uma rodovia. A v\u00edtima estava com\u2026","rel":"","context":"In &quot;Not\u00edcias de Ribeir\u00e3o Preto-SP e Regi\u00e3o&quot;","block_context":{"text":"Not\u00edcias de Ribeir\u00e3o Preto-SP e Regi\u00e3o","link":"https:\/\/noticiasribeiraopreto.com.br\/index.php\/category\/noticias-de-ribeirao-preto-sp-e-regiao-ismael-colosi\/"},"img":{"alt_text":"","src":"https:\/\/i0.wp.com\/noticiasribeiraopreto.com.br\/wp-content\/uploads\/2025\/06\/11-jun-2025-acidente-barrinha1-scaled.jpg?fit=679%2C500&ssl=1&resize=350%2C200","width":350,"height":200,"srcset":"https:\/\/i0.wp.com\/noticiasribeiraopreto.com.br\/wp-content\/uploads\/2025\/06\/11-jun-2025-acidente-barrinha1-scaled.jpg?fit=679%2C500&ssl=1&resize=350%2C200 1x, https:\/\/i0.wp.com\/noticiasribeiraopreto.com.br\/wp-content\/uploads\/2025\/06\/11-jun-2025-acidente-barrinha1-scaled.jpg?fit=679%2C500&ssl=1&resize=525%2C300 1.5x"},"classes":[]}],"jetpack_sharing_enabled":true,"jetpack_shortlink":"https:\/\/wp.me\/peQAOb-iI1","_links":{"self":[{"href":"https:\/\/noticiasribeiraopreto.com.br\/index.php\/wp-json\/wp\/v2\/posts\/71921","targetHints":{"allow":["GET"]}}],"collection":[{"href":"https:\/\/noticiasribeiraopreto.com.br\/index.php\/wp-json\/wp\/v2\/posts"}],"about":[{"href":"https:\/\/noticiasribeiraopreto.com.br\/index.php\/wp-json\/wp\/v2\/types\/post"}],"author":[{"embeddable":true,"href":"https:\/\/noticiasribeiraopreto.com.br\/index.php\/wp-json\/wp\/v2\/users\/1"}],"replies":[{"embeddable":true,"href":"https:\/\/noticiasribeiraopreto.com.br\/index.php\/wp-json\/wp\/v2\/comments?post=71921"}],"version-history":[{"count":0,"href":"https:\/\/noticiasribeiraopreto.com.br\/index.php\/wp-json\/wp\/v2\/posts\/71921\/revisions"}],"wp:featuredmedia":[{"embeddable":true,"href":"https:\/\/noticiasribeiraopreto.com.br\/index.php\/wp-json\/wp\/v2\/media\/71922"}],"wp:attachment":[{"href":"https:\/\/noticiasribeiraopreto.com.br\/index.php\/wp-json\/wp\/v2\/media?parent=71921"}],"wp:term":[{"taxonomy":"category","embeddable":true,"href":"https:\/\/noticiasribeiraopreto.com.br\/index.php\/wp-json\/wp\/v2\/categories?post=71921"},{"taxonomy":"post_tag","embeddable":true,"href":"https:\/\/noticiasribeiraopreto.com.br\/index.php\/wp-json\/wp\/v2\/tags?post=71921"}],"curies":[{"name":"wp","href":"https:\/\/api.w.org\/{rel}","templated":true}]}}