{"id":71925,"date":"2025-06-11T14:54:35","date_gmt":"2025-06-11T17:54:35","guid":{"rendered":"https:\/\/noticiasribeiraopreto.com.br\/index.php\/2025\/06\/11\/diretores-de-fabrica-sao-indiciados-por-homicidio-e-lesao-corporal-apos-explosao\/"},"modified":"2025-06-11T14:54:35","modified_gmt":"2025-06-11T17:54:35","slug":"diretores-de-fabrica-sao-indiciados-por-homicidio-e-lesao-corporal-apos-explosao","status":"publish","type":"post","link":"https:\/\/noticiasribeiraopreto.com.br\/index.php\/2025\/06\/11\/diretores-de-fabrica-sao-indiciados-por-homicidio-e-lesao-corporal-apos-explosao\/","title":{"rendered":"Diretores de f\u00e1brica s\u00e3o indiciados por homic\u00eddio e les\u00e3o corporal ap\u00f3s explos\u00e3o"},"content":{"rendered":"<p> <br \/>\n<\/p>\n<div data-td-block-uid=\"tdi_95\">\n<div class=\"tdb-block-inner td-fix-index\">\n<p><strong>Dois diretores de uma f\u00e1brica de produtos qu\u00edmicos localizada em Sert\u00e3ozinho<\/strong>, na regi\u00e3o de Ribeir\u00e3o Preto, foram indiciados por <strong>homic\u00eddio culposo<\/strong>, <strong>les\u00e3o corporal<\/strong> e <strong>crime ambiental<\/strong>. A investiga\u00e7\u00e3o da Pol\u00edcia Civil concluiu que os dois gestores da empresa agiram de forma negligente e omissiva. <\/p>\n<p>A explos\u00e3o ocorreu no dia 11 de outubro de 2024, no bairro Vila Industrial. <strong>Tr\u00eas funcion\u00e1rios morreram e outras dez pessoas ficaram feridas<\/strong>. Entre as v\u00edtimas atendidas na UPA, <strong>11 apresentaram queimaduras<\/strong>. Segundo a Prefeitura, ao menos 30 pessoas receberam atendimento m\u00e9dico. Uma mulher e quatro crian\u00e7as, com idades entre 2 e 10 anos, tamb\u00e9m ficaram feridas.<\/p>\n<p>De acordo com o delegado Eric Natalino Germano, respons\u00e1vel pelo caso, <strong>a f\u00e1brica operava sem licen\u00e7as ambientais ou de funcionamento.<\/strong> O local, segundo a investiga\u00e7\u00e3o, <strong>era utilizado para transbordo de produtos qu\u00edmicos de forma irregular. <\/strong><\/p>\n<p>A empresa respons\u00e1vel, Inovve Qu\u00edmica, informou que s\u00f3 ir\u00e1 se manifestar ap\u00f3s ter acesso ao conte\u00fado completo do inqu\u00e9rito.<\/p>\n<hr class=\"wp-block-separator has-alpha-channel-opacity\"\/>\n<p>SAIBA MAIS<\/p>\n<p>Frio extremo atinge interior de SP e temperatura pode chegar a 2\u00baC; Veja onde<\/p>\n<h3 class=\"wp-block-heading\"><strong>FIQUE ON<\/strong><\/h3>\n<p>Quer ficar por dentro de tudo que acontece em Ribeir\u00e3o Preto e regi\u00e3o? Ent\u00e3o siga os perfis do\u202facidade on\u202fno\u202f<a href=\"https:\/\/www.instagram.com\/acidadeonribeirao\" target=\"_blank\" rel=\"noreferrer noopener\">Instagram<\/a>\u202fe no\u202f<a href=\"https:\/\/www.facebook.com\/acidadeonribeirao\/\" target=\"_blank\" rel=\"noreferrer noopener\">Facebook<\/a>.<\/p>\n<p>Al\u00e9m disso, voc\u00ea pode receber as principais not\u00edcias diretamente no WhatsApp. Para isso, basta\u00a0<a href=\"https:\/\/chat.whatsapp.com\/BjKQZ9oJwlz8VVT50NuePq\" target=\"_blank\" rel=\"noreferrer noopener\">entrar no grupo clicando aqui<\/a>.<\/p>\n<p>Por fim, se quiser fazer uma den\u00fancia ou sugerir uma reportagem sobre Ribeir\u00e3o Preto e regi\u00e3o, envie uma mensagem pelo WhatsApp: (16) 99117-7802.<\/p>\n<p>VEJA TAMB\u00c9M<\/p>\n<p>Por que Bia Miranda terminou com Gato Preto?<\/p>\n<p><!-- CONTENT END 1 -->\n<\/div>\n<\/div>\n<p><script async src=\"\/\/www.instagram.com\/embed.js\"><\/script><br \/>\n<br \/><br \/>\n<br \/><a href=\"https:\/\/www.acidadeon.com\/ribeiraopreto\/cotidiano\/diretores-de-fabrica-sao-indiciados-por-homicidio-e-lesao-corporal-apos-explosao\/\">Source link <\/a><\/p>\n","protected":false},"excerpt":{"rendered":"<p>Dois diretores de uma f\u00e1brica de produtos qu\u00edmicos localizada em Sert\u00e3ozinho, na regi\u00e3o de Ribeir\u00e3o Preto, foram indiciados por homic\u00eddio culposo, les\u00e3o corporal e crime&#8230;<\/p>\n","protected":false},"author":1,"featured_media":59004,"comment_status":"open","ping_status":"open","sticky":false,"template":"","format":"standard","meta":{"advanced_seo_description":"","jetpack_seo_html_title":"","jetpack_seo_noindex":false,"jetpack_post_was_ever_published":false,"_jetpack_newsletter_access":"","_jetpack_dont_email_post_to_subs":false,"_jetpack_newsletter_tier_id":0,"_jetpack_memberships_contains_paywalled_content":false,"_jetpack_memberships_contains_paid_content":false,"footnotes":"","jetpack_publicize_message":"","jetpack_publicize_feature_enabled":true,"jetpack_social_post_already_shared":true,"jetpack_social_options":{"image_generator_settings":{"template":"highway","default_image_id":0,"font":"","enabled":false},"version":2}},"categories":[11],"tags":[],"class_list":["post-71925","post","type-post","status-publish","format-standard","has-post-thumbnail","hentry","category-noticias-de-ribeirao-preto-sp-e-regiao-ismael-colosi"],"jetpack_publicize_connections":[],"jetpack_featured_media_url":"https:\/\/i0.wp.com\/noticiasribeiraopreto.com.br\/wp-content\/uploads\/2024\/10\/Sem-titulo_2024-10-11_17-37-36_png_2024-10-11_17-37-37.webp.webp?fit=1506%2C851&ssl=1","jetpack-related-posts":[{"id":46390,"url":"https:\/\/noticiasribeiraopreto.com.br\/index.php\/2024\/04\/11\/explosao-de-rechaud-deixa-3-mulheres-feridas-em-restaurante-na-regiao-de-ribeirao\/","url_meta":{"origin":71925,"position":0},"title":"Explos\u00e3o de rechaud deixa 3 mulheres feridas em restaurante na regi\u00e3o de Ribeir\u00e3o","author":"noticiasribeiraopreto.com.br","date":"11 de April de 2024","format":false,"excerpt":"A explos\u00e3o de um rechaud feriu tr\u00eas mulheres na tarde desta quarta-feira (10), durante o almo\u00e7o em um restaurante de Cravinhos, na regi\u00e3o de Ribeir\u00e3o Preto. Uma das v\u00edtimas \u00e9 cliente do estabelecimento, localizado no Jardim Itapu\u00e3. Segundo boletim de ocorr\u00eancia (BO), as v\u00edtimas sofreram queimaduras e foram socorridas pelo\u2026","rel":"","context":"In &quot;Not\u00edcias de Ribeir\u00e3o Preto-SP e Regi\u00e3o&quot;","block_context":{"text":"Not\u00edcias de Ribeir\u00e3o Preto-SP e Regi\u00e3o","link":"https:\/\/noticiasribeiraopreto.com.br\/index.php\/category\/noticias-de-ribeirao-preto-sp-e-regiao-ismael-colosi\/"},"img":{"alt_text":"","src":"https:\/\/i0.wp.com\/noticiasribeiraopreto.com.br\/wp-content\/uploads\/2024\/04\/policia_qru_1024x576_05012021161940.jpg?fit=1024%2C576&ssl=1&resize=350%2C200","width":350,"height":200,"srcset":"https:\/\/i0.wp.com\/noticiasribeiraopreto.com.br\/wp-content\/uploads\/2024\/04\/policia_qru_1024x576_05012021161940.jpg?fit=1024%2C576&ssl=1&resize=350%2C200 1x, https:\/\/i0.wp.com\/noticiasribeiraopreto.com.br\/wp-content\/uploads\/2024\/04\/policia_qru_1024x576_05012021161940.jpg?fit=1024%2C576&ssl=1&resize=525%2C300 1.5x, https:\/\/i0.wp.com\/noticiasribeiraopreto.com.br\/wp-content\/uploads\/2024\/04\/policia_qru_1024x576_05012021161940.jpg?fit=1024%2C576&ssl=1&resize=700%2C400 2x"},"classes":[]},{"id":71996,"url":"https:\/\/noticiasribeiraopreto.com.br\/index.php\/2025\/06\/12\/explosao-em-sertaozinho-empresa-afirma-agir-com-transparencia\/","url_meta":{"origin":71925,"position":1},"title":"Explos\u00e3o em Sert\u00e3ozinho: empresa afirma agir com transpar\u00eancia","author":"noticiasribeiraopreto.com.br","date":"12 de June de 2025","format":false,"excerpt":"Em nota, Innove Qu\u00edmica garante que n\u00e3o h\u00e1 requisitos legais para decreta\u00e7\u00e3o de pris\u00e3o preventiva ou tempor\u00e1ria de diretores 12 de junho de 2025 10:128 Compartilhar2 Por: Adalberto Luque A Pol\u00edcia Civil concluiu o inqu\u00e9rito que apurou as explos\u00f5es e inc\u00eandio causados durante descarregamento de uma carga de materiais qu\u00edmicos\u2026","rel":"","context":"In &quot;Not\u00edcias de Ribeir\u00e3o Preto-SP e Regi\u00e3o&quot;","block_context":{"text":"Not\u00edcias de Ribeir\u00e3o Preto-SP e Regi\u00e3o","link":"https:\/\/noticiasribeiraopreto.com.br\/index.php\/category\/noticias-de-ribeirao-preto-sp-e-regiao-ismael-colosi\/"},"img":{"alt_text":"","src":"https:\/\/i0.wp.com\/noticiasribeiraopreto.com.br\/wp-content\/uploads\/2025\/06\/11-jun-2025-explosaosertaozinho2.jpg?fit=593%2C405&ssl=1&resize=350%2C200","width":350,"height":200,"srcset":"https:\/\/i0.wp.com\/noticiasribeiraopreto.com.br\/wp-content\/uploads\/2025\/06\/11-jun-2025-explosaosertaozinho2.jpg?fit=593%2C405&ssl=1&resize=350%2C200 1x, https:\/\/i0.wp.com\/noticiasribeiraopreto.com.br\/wp-content\/uploads\/2025\/06\/11-jun-2025-explosaosertaozinho2.jpg?fit=593%2C405&ssl=1&resize=525%2C300 1.5x"},"classes":[]},{"id":71919,"url":"https:\/\/noticiasribeiraopreto.com.br\/index.php\/2025\/06\/11\/policia-indicia-diretores-de-industria-que-explodiu-em-sertaozinho\/","url_meta":{"origin":71925,"position":2},"title":"Pol\u00edcia indicia diretores de ind\u00fastria que explodiu em Sert\u00e3ozinho","author":"noticiasribeiraopreto.com.br","date":"11 de June de 2025","format":false,"excerpt":"Pol\u00edcia indicia diretores de ind\u00fastria que explodiu em Sert\u00e3ozinho 11 de junho de 2025 13:091 Compartilhar0 Pol\u00edcia entendeu que houve neglig\u00eancia no acidente que deixou tr\u00eas mortos, 10 feridos e diversas pessoas tiveram que deixar temporariamente suas casas A Delegacia Seccional de Sert\u00e3ozinho concluiu o inqu\u00e9rito que apura as explos\u00f5es\u2026","rel":"","context":"In &quot;Not\u00edcias de Ribeir\u00e3o Preto-SP e Regi\u00e3o&quot;","block_context":{"text":"Not\u00edcias de Ribeir\u00e3o Preto-SP e Regi\u00e3o","link":"https:\/\/noticiasribeiraopreto.com.br\/index.php\/category\/noticias-de-ribeirao-preto-sp-e-regiao-ismael-colosi\/"},"img":{"alt_text":"","src":"https:\/\/i0.wp.com\/noticiasribeiraopreto.com.br\/wp-content\/uploads\/2025\/06\/11-jun-2025-explosaosertaozinho1.jpg?fit=476%2C500&ssl=1&resize=350%2C200","width":350,"height":200},"classes":[]},{"id":80118,"url":"https:\/\/noticiasribeiraopreto.com.br\/index.php\/2025\/11\/15\/explosao-interdita-231-imoveis-em-sp\/","url_meta":{"origin":71925,"position":3},"title":"Explos\u00e3o interdita 231 im\u00f3veis em SP","author":"noticiasribeiraopreto.com.br","date":"15 de November de 2025","format":false,"excerpt":"Uma pessoa morreu e dez ficaram feridas ap\u00f3s explos\u00e3o seguida de inc\u00eandio em uma resid\u00eancia no Tatuap\u00e9, Zona Leste de S\u00e3o Paulo, por volta de 19h50 de quinta-feira, 13 de novembro. A Pol\u00edcia Civil ainda investiga a ocorr\u00eancia. C\u00e2meras de monitoramento registraram o momento em que rajadas de fogos de\u2026","rel":"","context":"In &quot;Not\u00edcias de Ribeir\u00e3o Preto-SP e Regi\u00e3o&quot;","block_context":{"text":"Not\u00edcias de Ribeir\u00e3o Preto-SP e Regi\u00e3o","link":"https:\/\/noticiasribeiraopreto.com.br\/index.php\/category\/noticias-de-ribeirao-preto-sp-e-regiao-ismael-colosi\/"},"img":{"alt_text":"","src":"https:\/\/i0.wp.com\/noticiasribeiraopreto.com.br\/wp-content\/uploads\/2025\/11\/Explosao-Reproducao.jpg?fit=888%2C685&ssl=1&resize=350%2C200","width":350,"height":200,"srcset":"https:\/\/i0.wp.com\/noticiasribeiraopreto.com.br\/wp-content\/uploads\/2025\/11\/Explosao-Reproducao.jpg?fit=888%2C685&ssl=1&resize=350%2C200 1x, https:\/\/i0.wp.com\/noticiasribeiraopreto.com.br\/wp-content\/uploads\/2025\/11\/Explosao-Reproducao.jpg?fit=888%2C685&ssl=1&resize=525%2C300 1.5x, https:\/\/i0.wp.com\/noticiasribeiraopreto.com.br\/wp-content\/uploads\/2025\/11\/Explosao-Reproducao.jpg?fit=888%2C685&ssl=1&resize=700%2C400 2x"},"classes":[]},{"id":84852,"url":"https:\/\/noticiasribeiraopreto.com.br\/index.php\/2026\/04\/16\/acidente-entre-caminhoes-deixa-duas-pessoas-feridas-na-rodovia-candido-portinari\/","url_meta":{"origin":71925,"position":4},"title":"Acidente entre caminh\u00f5es deixa duas pessoas feridas na rodovia C\u00e2ndido Portinari","author":"noticiasribeiraopreto.com.br","date":"16 de April de 2026","format":false,"excerpt":"Ler o resumo da not\u00edcia \r Dois caminh\u00f5es se envolveram em acidente na rodovia C\u00e2ndido Portinari, em Batatais, na regi\u00e3o de Ribeir\u00e3o Preto, na tarde de quinta-feira (16).\r Duas pessoas ficaram feridas, sendo uma em estado grave; a identidade das v\u00edtimas ainda n\u00e3o foi confirmada.\r Um dos ve\u00edculos, que seguia\u2026","rel":"","context":"In &quot;Not\u00edcias de Ribeir\u00e3o Preto-SP e Regi\u00e3o&quot;","block_context":{"text":"Not\u00edcias de Ribeir\u00e3o Preto-SP e Regi\u00e3o","link":"https:\/\/noticiasribeiraopreto.com.br\/index.php\/category\/noticias-de-ribeirao-preto-sp-e-regiao-ismael-colosi\/"},"img":{"alt_text":"","src":"https:\/\/i0.wp.com\/noticiasribeiraopreto.com.br\/wp-content\/uploads\/2026\/04\/WhatsApp-Image-2026-04-16-at-15.57.32_2026-04-16_18-57-54.webp.webp?fit=1200%2C678&ssl=1&resize=350%2C200","width":350,"height":200,"srcset":"https:\/\/i0.wp.com\/noticiasribeiraopreto.com.br\/wp-content\/uploads\/2026\/04\/WhatsApp-Image-2026-04-16-at-15.57.32_2026-04-16_18-57-54.webp.webp?fit=1200%2C678&ssl=1&resize=350%2C200 1x, https:\/\/i0.wp.com\/noticiasribeiraopreto.com.br\/wp-content\/uploads\/2026\/04\/WhatsApp-Image-2026-04-16-at-15.57.32_2026-04-16_18-57-54.webp.webp?fit=1200%2C678&ssl=1&resize=525%2C300 1.5x, https:\/\/i0.wp.com\/noticiasribeiraopreto.com.br\/wp-content\/uploads\/2026\/04\/WhatsApp-Image-2026-04-16-at-15.57.32_2026-04-16_18-57-54.webp.webp?fit=1200%2C678&ssl=1&resize=700%2C400 2x, https:\/\/i0.wp.com\/noticiasribeiraopreto.com.br\/wp-content\/uploads\/2026\/04\/WhatsApp-Image-2026-04-16-at-15.57.32_2026-04-16_18-57-54.webp.webp?fit=1200%2C678&ssl=1&resize=1050%2C600 3x"},"classes":[]},{"id":63907,"url":"https:\/\/noticiasribeiraopreto.com.br\/index.php\/2025\/02\/25\/ultima-vitima-de-acidente-com-onibus-de-estudantes-recebe-alta-e-deixa-hospital\/","url_meta":{"origin":71925,"position":5},"title":"\u00daltima v\u00edtima de acidente com \u00f4nibus de estudantes recebe alta e deixa hospital","author":"noticiasribeiraopreto.com.br","date":"25 de February de 2025","format":false,"excerpt":"A jovem Priscila Teixeira Lombardi, de 20 anos, \u00faltima v\u00edtima do acidente com \u00f4nibus de estudantes que estava internada, recebeu alta m\u00e9dica na manh\u00e3 desta ter\u00e7a-feira (25), na Santa Casa de Franca, a aproximadamente 80 quil\u00f4metros de Ribeir\u00e3o Preto. Ela deixou o hospital por um port\u00e3o alternativo do hospital. A\u2026","rel":"","context":"In &quot;Not\u00edcias de Ribeir\u00e3o Preto-SP e Regi\u00e3o&quot;","block_context":{"text":"Not\u00edcias de Ribeir\u00e3o Preto-SP e Regi\u00e3o","link":"https:\/\/noticiasribeiraopreto.com.br\/index.php\/category\/noticias-de-ribeirao-preto-sp-e-regiao-ismael-colosi\/"},"img":{"alt_text":"","src":"https:\/\/i0.wp.com\/noticiasribeiraopreto.com.br\/wp-content\/uploads\/2025\/02\/WhatsApp-Image-2025-02-21-at-06.27.08_2025-02-21_14-34-23_jpeg_2025-02-21_14-34-24-scaled.webp.webp?fit=1200%2C675&ssl=1&resize=350%2C200","width":350,"height":200,"srcset":"https:\/\/i0.wp.com\/noticiasribeiraopreto.com.br\/wp-content\/uploads\/2025\/02\/WhatsApp-Image-2025-02-21-at-06.27.08_2025-02-21_14-34-23_jpeg_2025-02-21_14-34-24-scaled.webp.webp?fit=1200%2C675&ssl=1&resize=350%2C200 1x, https:\/\/i0.wp.com\/noticiasribeiraopreto.com.br\/wp-content\/uploads\/2025\/02\/WhatsApp-Image-2025-02-21-at-06.27.08_2025-02-21_14-34-23_jpeg_2025-02-21_14-34-24-scaled.webp.webp?fit=1200%2C675&ssl=1&resize=525%2C300 1.5x, https:\/\/i0.wp.com\/noticiasribeiraopreto.com.br\/wp-content\/uploads\/2025\/02\/WhatsApp-Image-2025-02-21-at-06.27.08_2025-02-21_14-34-23_jpeg_2025-02-21_14-34-24-scaled.webp.webp?fit=1200%2C675&ssl=1&resize=700%2C400 2x, https:\/\/i0.wp.com\/noticiasribeiraopreto.com.br\/wp-content\/uploads\/2025\/02\/WhatsApp-Image-2025-02-21-at-06.27.08_2025-02-21_14-34-23_jpeg_2025-02-21_14-34-24-scaled.webp.webp?fit=1200%2C675&ssl=1&resize=1050%2C600 3x"},"classes":[]}],"jetpack_sharing_enabled":true,"jetpack_shortlink":"https:\/\/wp.me\/peQAOb-iI5","_links":{"self":[{"href":"https:\/\/noticiasribeiraopreto.com.br\/index.php\/wp-json\/wp\/v2\/posts\/71925","targetHints":{"allow":["GET"]}}],"collection":[{"href":"https:\/\/noticiasribeiraopreto.com.br\/index.php\/wp-json\/wp\/v2\/posts"}],"about":[{"href":"https:\/\/noticiasribeiraopreto.com.br\/index.php\/wp-json\/wp\/v2\/types\/post"}],"author":[{"embeddable":true,"href":"https:\/\/noticiasribeiraopreto.com.br\/index.php\/wp-json\/wp\/v2\/users\/1"}],"replies":[{"embeddable":true,"href":"https:\/\/noticiasribeiraopreto.com.br\/index.php\/wp-json\/wp\/v2\/comments?post=71925"}],"version-history":[{"count":0,"href":"https:\/\/noticiasribeiraopreto.com.br\/index.php\/wp-json\/wp\/v2\/posts\/71925\/revisions"}],"wp:featuredmedia":[{"embeddable":true,"href":"https:\/\/noticiasribeiraopreto.com.br\/index.php\/wp-json\/wp\/v2\/media\/59004"}],"wp:attachment":[{"href":"https:\/\/noticiasribeiraopreto.com.br\/index.php\/wp-json\/wp\/v2\/media?parent=71925"}],"wp:term":[{"taxonomy":"category","embeddable":true,"href":"https:\/\/noticiasribeiraopreto.com.br\/index.php\/wp-json\/wp\/v2\/categories?post=71925"},{"taxonomy":"post_tag","embeddable":true,"href":"https:\/\/noticiasribeiraopreto.com.br\/index.php\/wp-json\/wp\/v2\/tags?post=71925"}],"curies":[{"name":"wp","href":"https:\/\/api.w.org\/{rel}","templated":true}]}}