{"id":71926,"date":"2025-06-11T15:02:15","date_gmt":"2025-06-11T18:02:15","guid":{"rendered":"https:\/\/noticiasribeiraopreto.com.br\/index.php\/2025\/06\/11\/caminhao-furtado-em-ribeirao-preto-e-rastreado-no-paraguai\/"},"modified":"2025-06-11T15:02:15","modified_gmt":"2025-06-11T18:02:15","slug":"caminhao-furtado-em-ribeirao-preto-e-rastreado-no-paraguai","status":"publish","type":"post","link":"https:\/\/noticiasribeiraopreto.com.br\/index.php\/2025\/06\/11\/caminhao-furtado-em-ribeirao-preto-e-rastreado-no-paraguai\/","title":{"rendered":"Caminh\u00e3o furtado em Ribeir\u00e3o Preto \u00e9 rastreado no Paraguai"},"content":{"rendered":"<p> <br \/>\n<\/p>\n<div data-td-block-uid=\"tdi_95\">\n<div class=\"tdb-block-inner td-fix-index\">\n<p><strong>Um caminh\u00e3o furtado na tarde da \u00faltima segunda-feira (9), em Ribeir\u00e3o Preto, foi levado ao Paraguai, de acordo com o que disse \u00e0 Pol\u00edcia Civil um representante da empresa de hortifruti, propriet\u00e1ria do ve\u00edculo, nesta quarta-feira (11).<\/strong><\/p>\n<p>O representante afirmou no <strong>boletim de ocorr\u00eancia (BO)<\/strong> que o <strong>ve\u00edculo <\/strong>foi <strong>furtado<\/strong> \u201cdentro do <strong>estacionamento <\/strong>da <a href=\"https:\/\/ceagesp.gov.br\/\"><strong>Ceagesp (Companhia de Entrepostos e Armaz\u00e9ns Gerais de S\u00e3o Paulo)<\/strong><\/a>\u201d e <strong>rastreado <\/strong>pela empresa de monitoramento na cidade de Pedro Juan Caballero, no Paraguai.<\/p>\n<p>O representante declarou que o furto foi percebido na segunda-feira (10), por volta das 21h.<\/p>\n<p>O caso foi registrado na CPJ (Central de Pol\u00edcia Judici\u00e1ria) Permanente como furto de ve\u00edculo para investiga\u00e7\u00e3o.<\/p>\n<h2 class=\"wp-block-heading\"><strong>Outro lado<\/strong><\/h2>\n<p>O <strong>acidade on<\/strong> entrou em contato com a Ceagesp sobre o furto e aguarda retorno.<\/p>\n<p>SAIBA MAIS<\/p>\n<p>Entregador sofre fratura ao cair de moto em acidente e motorista foge em Ribeir\u00e3o Preto; V\u00eddeo<\/p>\n<h3 class=\"wp-block-heading\"><strong>FIQUE ON<\/strong><\/h3>\n<p>Quer ficar por dentro de tudo que acontece em Ribeir\u00e3o Preto e regi\u00e3o? Ent\u00e3o siga os perfis do\u202facidade on\u202fno\u202f<a href=\"https:\/\/www.instagram.com\/acidadeonribeirao\" target=\"_blank\" rel=\"noreferrer noopener\">Instagram<\/a>\u202fe no\u202f<a href=\"https:\/\/www.facebook.com\/acidadeonribeirao\/\" target=\"_blank\" rel=\"noreferrer noopener\">Facebook<\/a>.<\/p>\n<p>Al\u00e9m disso, voc\u00ea pode receber as principais not\u00edcias diretamente no WhatsApp. Para isso, basta\u00a0<a href=\"https:\/\/chat.whatsapp.com\/BjKQZ9oJwlz8VVT50NuePq\" target=\"_blank\" rel=\"noreferrer noopener\">entrar no grupo clicando aqui<\/a>.<\/p>\n<p>Por fim, se quiser fazer uma den\u00fancia ou sugerir uma reportagem sobre Ribeir\u00e3o Preto e regi\u00e3o, envie uma mensagem pelo WhatsApp: (16) 99117-7802.<\/p>\n<p>VEJA TAMB\u00c9M<\/p>\n<p>Bolsonaro chamou Moraes para ser seu vice?<\/p>\n<p><!-- CONTENT END 1 -->\n<\/div>\n<\/div>\n<p><script async src=\"\/\/www.instagram.com\/embed.js\"><\/script><br \/>\n<br \/><br \/>\n<br \/><a href=\"https:\/\/www.acidadeon.com\/ribeiraopreto\/cotidiano\/caminhao-furtado-em-ribeirao-preto-e-rastreado-no-paraguai\/\">Source link <\/a><\/p>\n","protected":false},"excerpt":{"rendered":"<p>Um caminh\u00e3o furtado na tarde da \u00faltima segunda-feira (9), em Ribeir\u00e3o Preto, foi levado ao Paraguai, de acordo com o que disse \u00e0 Pol\u00edcia Civil&#8230;<\/p>\n","protected":false},"author":1,"featured_media":71927,"comment_status":"open","ping_status":"open","sticky":false,"template":"","format":"standard","meta":{"advanced_seo_description":"","jetpack_seo_html_title":"","jetpack_seo_noindex":false,"jetpack_post_was_ever_published":false,"_jetpack_newsletter_access":"","_jetpack_dont_email_post_to_subs":false,"_jetpack_newsletter_tier_id":0,"_jetpack_memberships_contains_paywalled_content":false,"_jetpack_memberships_contains_paid_content":false,"footnotes":"","jetpack_publicize_message":"","jetpack_publicize_feature_enabled":true,"jetpack_social_post_already_shared":true,"jetpack_social_options":{"image_generator_settings":{"template":"highway","default_image_id":0,"font":"","enabled":false},"version":2}},"categories":[11],"tags":[],"class_list":["post-71926","post","type-post","status-publish","format-standard","has-post-thumbnail","hentry","category-noticias-de-ribeirao-preto-sp-e-regiao-ismael-colosi"],"jetpack_publicize_connections":[],"jetpack_featured_media_url":"https:\/\/i0.wp.com\/noticiasribeiraopreto.com.br\/wp-content\/uploads\/2025\/06\/cpj_policia_1024x576_21012021082231.jpg?fit=1024%2C576&ssl=1","jetpack-related-posts":[{"id":36258,"url":"https:\/\/noticiasribeiraopreto.com.br\/index.php\/2024\/02\/09\/dois-sao-presos-com-carro-furtado-em-rodovia\/","url_meta":{"origin":71926,"position":0},"title":"Dois s\u00e3o presos com carro furtado em rodovia","author":"noticiasribeiraopreto.com.br","date":"9 de February de 2024","format":false,"excerpt":"Den\u00fancia indicava que ve\u00edculo teria sido usado durante furto de armamento da PM de Minas Gerais 8 de fevereiro de 2024 | 16:28 2Por: Adalberto LuqueA Pol\u00edcia Militar Rodovi\u00e1ria (PMRv) prendeu, na manh\u00e3 desta quinta-feira (08), dois homens que estavam em um ve\u00edculo furtado. Eles trafegavam pela Rodovia C\u00e2ndido Portinari\u2026","rel":"","context":"In &quot;Not\u00edcias de Ribeir\u00e3o Preto-SP e Regi\u00e3o&quot;","block_context":{"text":"Not\u00edcias de Ribeir\u00e3o Preto-SP e Regi\u00e3o","link":"https:\/\/noticiasribeiraopreto.com.br\/index.php\/category\/noticias-de-ribeirao-preto-sp-e-regiao-ismael-colosi\/"},"img":{"alt_text":"","src":"https:\/\/i0.wp.com\/noticiasribeiraopreto.com.br\/wp-content\/uploads\/2024\/02\/00-08-fev-2024-veiculo-furtado-foto-pmrv.jpg?fit=598%2C593&ssl=1&resize=350%2C200","width":350,"height":200,"srcset":"https:\/\/i0.wp.com\/noticiasribeiraopreto.com.br\/wp-content\/uploads\/2024\/02\/00-08-fev-2024-veiculo-furtado-foto-pmrv.jpg?fit=598%2C593&ssl=1&resize=350%2C200 1x, https:\/\/i0.wp.com\/noticiasribeiraopreto.com.br\/wp-content\/uploads\/2024\/02\/00-08-fev-2024-veiculo-furtado-foto-pmrv.jpg?fit=598%2C593&ssl=1&resize=525%2C300 1.5x"},"classes":[]},{"id":52618,"url":"https:\/\/noticiasribeiraopreto.com.br\/index.php\/2024\/06\/10\/pm-encontra-veiculos-furtados-em-desmanche-clandestino-em-ribeirao-preto\/","url_meta":{"origin":71926,"position":1},"title":"PM encontra ve\u00edculos furtados em desmanche clandestino em Ribeir\u00e3o Preto","author":"noticiasribeiraopreto.com.br","date":"10 de June de 2024","format":false,"excerpt":"Um homem foi detido pela Pol\u00edcia Militar (PM), no come\u00e7o da tarde desta segunda-feira (10), em um desmanche clandestino de carros, localizado na rua Tamba\u00fa, na Vila Elisa, zona Norte de Ribeir\u00e3o Preto. De acordo com o tenente Guilherme Zanardo, o desmanche foi descoberto ap\u00f3s uma den\u00fancia an\u00f4nima. No local\u2026","rel":"","context":"In &quot;Not\u00edcias de Ribeir\u00e3o Preto-SP e Regi\u00e3o&quot;","block_context":{"text":"Not\u00edcias de Ribeir\u00e3o Preto-SP e Regi\u00e3o","link":"https:\/\/noticiasribeiraopreto.com.br\/index.php\/category\/noticias-de-ribeirao-preto-sp-e-regiao-ismael-colosi\/"},"img":{"alt_text":"","src":"https:\/\/i0.wp.com\/noticiasribeiraopreto.com.br\/wp-content\/uploads\/2024\/06\/Copia-de-Copia-de-TAMANHO-EXATO-PARA-FOTOS-NO-SISTEMA-NOVO-72_2024-06-10_19-05-13_png_2024-06-10_19-05-13.webp.webp?fit=1200%2C675&ssl=1&resize=350%2C200","width":350,"height":200,"srcset":"https:\/\/i0.wp.com\/noticiasribeiraopreto.com.br\/wp-content\/uploads\/2024\/06\/Copia-de-Copia-de-TAMANHO-EXATO-PARA-FOTOS-NO-SISTEMA-NOVO-72_2024-06-10_19-05-13_png_2024-06-10_19-05-13.webp.webp?fit=1200%2C675&ssl=1&resize=350%2C200 1x, https:\/\/i0.wp.com\/noticiasribeiraopreto.com.br\/wp-content\/uploads\/2024\/06\/Copia-de-Copia-de-TAMANHO-EXATO-PARA-FOTOS-NO-SISTEMA-NOVO-72_2024-06-10_19-05-13_png_2024-06-10_19-05-13.webp.webp?fit=1200%2C675&ssl=1&resize=525%2C300 1.5x, https:\/\/i0.wp.com\/noticiasribeiraopreto.com.br\/wp-content\/uploads\/2024\/06\/Copia-de-Copia-de-TAMANHO-EXATO-PARA-FOTOS-NO-SISTEMA-NOVO-72_2024-06-10_19-05-13_png_2024-06-10_19-05-13.webp.webp?fit=1200%2C675&ssl=1&resize=700%2C400 2x, https:\/\/i0.wp.com\/noticiasribeiraopreto.com.br\/wp-content\/uploads\/2024\/06\/Copia-de-Copia-de-TAMANHO-EXATO-PARA-FOTOS-NO-SISTEMA-NOVO-72_2024-06-10_19-05-13_png_2024-06-10_19-05-13.webp.webp?fit=1200%2C675&ssl=1&resize=1050%2C600 3x"},"classes":[]},{"id":75281,"url":"https:\/\/noticiasribeiraopreto.com.br\/index.php\/2025\/08\/06\/carro-furtado-e-encontrado-em-chamas-em-canavial-de-ribeirao-preto-video\/","url_meta":{"origin":71926,"position":2},"title":"Carro furtado \u00e9 encontrado em chamas em canavial de Ribeir\u00e3o Preto; V\u00eddeo","author":"noticiasribeiraopreto.com.br","date":"6 de August de 2025","format":false,"excerpt":"Um carro foi encontrado em chamas na manh\u00e3 desta quarta-feira (6), em meio a um canavial nas proximidades do Portal dos Ip\u00eas, zona Leste de Ribeir\u00e3o Preto. Assista ao v\u00eddeo abaixo. Segundo a GCM (Guarda Civil Metropolitana), o ve\u00edculo, que seria um Hyundai Elantra prata, tem queixa de furto e\u2026","rel":"","context":"In &quot;Not\u00edcias de Ribeir\u00e3o Preto-SP e Regi\u00e3o&quot;","block_context":{"text":"Not\u00edcias de Ribeir\u00e3o Preto-SP e Regi\u00e3o","link":"https:\/\/noticiasribeiraopreto.com.br\/index.php\/category\/noticias-de-ribeirao-preto-sp-e-regiao-ismael-colosi\/"},"img":{"alt_text":"","src":"https:\/\/i0.wp.com\/noticiasribeiraopreto.com.br\/wp-content\/uploads\/2025\/08\/CARRO_2025-08-06_12-05-20.webp.webp?fit=1200%2C912&ssl=1&resize=350%2C200","width":350,"height":200,"srcset":"https:\/\/i0.wp.com\/noticiasribeiraopreto.com.br\/wp-content\/uploads\/2025\/08\/CARRO_2025-08-06_12-05-20.webp.webp?fit=1200%2C912&ssl=1&resize=350%2C200 1x, https:\/\/i0.wp.com\/noticiasribeiraopreto.com.br\/wp-content\/uploads\/2025\/08\/CARRO_2025-08-06_12-05-20.webp.webp?fit=1200%2C912&ssl=1&resize=525%2C300 1.5x, https:\/\/i0.wp.com\/noticiasribeiraopreto.com.br\/wp-content\/uploads\/2025\/08\/CARRO_2025-08-06_12-05-20.webp.webp?fit=1200%2C912&ssl=1&resize=700%2C400 2x, https:\/\/i0.wp.com\/noticiasribeiraopreto.com.br\/wp-content\/uploads\/2025\/08\/CARRO_2025-08-06_12-05-20.webp.webp?fit=1200%2C912&ssl=1&resize=1050%2C600 3x"},"classes":[]},{"id":48855,"url":"https:\/\/noticiasribeiraopreto.com.br\/index.php\/2024\/05\/07\/dois-homens-sao-presos-por-furto-de-combustivel-em-ribeirao-preto\/","url_meta":{"origin":71926,"position":3},"title":"Dois homens s\u00e3o presos por furto de combust\u00edvel em Ribeir\u00e3o Preto","author":"noticiasribeiraopreto.com.br","date":"7 de May de 2024","format":false,"excerpt":"Dois homens foram presos em flagrante por furto de combust\u00edvel na noite da \u00faltima segunda-feira (6), em Ribeir\u00e3o Preto. Os criminosos foram detidos na rodovia Alexandre Balbo (Anel Vi\u00e1rio Norte), pr\u00f3ximo de uma distribuidora de combust\u00edveis. Segundo o BO (boletim de ocorr\u00eancia), agentes da Pol\u00edcia Militar Rodovi\u00e1ria patrulhava pela \u00e1rea\u2026","rel":"","context":"In &quot;Not\u00edcias de Ribeir\u00e3o Preto-SP e Regi\u00e3o&quot;","block_context":{"text":"Not\u00edcias de Ribeir\u00e3o Preto-SP e Regi\u00e3o","link":"https:\/\/noticiasribeiraopreto.com.br\/index.php\/category\/noticias-de-ribeirao-preto-sp-e-regiao-ismael-colosi\/"},"img":{"alt_text":"","src":"https:\/\/i0.wp.com\/noticiasribeiraopreto.com.br\/wp-content\/uploads\/2024\/05\/policia_militar_1024x576_17072021134619.jpg?fit=1024%2C576&ssl=1&resize=350%2C200","width":350,"height":200,"srcset":"https:\/\/i0.wp.com\/noticiasribeiraopreto.com.br\/wp-content\/uploads\/2024\/05\/policia_militar_1024x576_17072021134619.jpg?fit=1024%2C576&ssl=1&resize=350%2C200 1x, https:\/\/i0.wp.com\/noticiasribeiraopreto.com.br\/wp-content\/uploads\/2024\/05\/policia_militar_1024x576_17072021134619.jpg?fit=1024%2C576&ssl=1&resize=525%2C300 1.5x, https:\/\/i0.wp.com\/noticiasribeiraopreto.com.br\/wp-content\/uploads\/2024\/05\/policia_militar_1024x576_17072021134619.jpg?fit=1024%2C576&ssl=1&resize=700%2C400 2x"},"classes":[]},{"id":52679,"url":"https:\/\/noticiasribeiraopreto.com.br\/index.php\/2024\/06\/11\/homem-e-preso-no-dia-do-aniversario-por-furto-e-receptacao-em-ribeirao-preto\/","url_meta":{"origin":71926,"position":4},"title":"Homem \u00e9 preso no dia do anivers\u00e1rio por furto e recepta\u00e7\u00e3o em Ribeir\u00e3o Preto","author":"noticiasribeiraopreto.com.br","date":"11 de June de 2024","format":false,"excerpt":"Um homem foi preso nesta segunda-feira (10), no dia em que completava 39 anos de idade, por suspeita de furto e recepta\u00e7\u00e3o em Ribeir\u00e3o Preto. Segundo o boletim de ocorr\u00eancia (BO), ele foi encontrado enquanto carregava nas m\u00e3os um aparelho de TV de 32 polegadas furtado de uma empresa na\u2026","rel":"","context":"In &quot;Not\u00edcias de Ribeir\u00e3o Preto-SP e Regi\u00e3o&quot;","block_context":{"text":"Not\u00edcias de Ribeir\u00e3o Preto-SP e Regi\u00e3o","link":"https:\/\/noticiasribeiraopreto.com.br\/index.php\/category\/noticias-de-ribeirao-preto-sp-e-regiao-ismael-colosi\/"},"img":{"alt_text":"","src":"https:\/\/i0.wp.com\/noticiasribeiraopreto.com.br\/wp-content\/uploads\/2024\/06\/1718118178_policia_qru_1024x576_05012021161940.jpg?fit=1024%2C576&ssl=1&resize=350%2C200","width":350,"height":200,"srcset":"https:\/\/i0.wp.com\/noticiasribeiraopreto.com.br\/wp-content\/uploads\/2024\/06\/1718118178_policia_qru_1024x576_05012021161940.jpg?fit=1024%2C576&ssl=1&resize=350%2C200 1x, https:\/\/i0.wp.com\/noticiasribeiraopreto.com.br\/wp-content\/uploads\/2024\/06\/1718118178_policia_qru_1024x576_05012021161940.jpg?fit=1024%2C576&ssl=1&resize=525%2C300 1.5x, https:\/\/i0.wp.com\/noticiasribeiraopreto.com.br\/wp-content\/uploads\/2024\/06\/1718118178_policia_qru_1024x576_05012021161940.jpg?fit=1024%2C576&ssl=1&resize=700%2C400 2x"},"classes":[]},{"id":75400,"url":"https:\/\/noticiasribeiraopreto.com.br\/index.php\/2025\/08\/08\/pelo-2o-dia-seguido-mais-um-veiculo-furtado-e-encontrado-queimado-em-ribeirao-preto\/","url_meta":{"origin":71926,"position":5},"title":"Pelo 2\u00ba dia seguido, mais um ve\u00edculo furtado \u00e9 encontrado queimado em Ribeir\u00e3o Preto","author":"noticiasribeiraopreto.com.br","date":"8 de August de 2025","format":false,"excerpt":"Um ve\u00edculo furtado foi encontrado queimado nesta quinta-feira (7), na regi\u00e3o da Fazenda Experimental, em Ribeir\u00e3o Preto. Este \u00e9 o segundo caso semelhante entre quarta-feira (6) e esta quinta. Segundo a GCM (Guarda Civil Metropolitana), o ve\u00edculo, um Chevrolet Montana, ainda estava em chamas quando a equipe de Patrulha Rural\u2026","rel":"","context":"In &quot;Not\u00edcias de Ribeir\u00e3o Preto-SP e Regi\u00e3o&quot;","block_context":{"text":"Not\u00edcias de Ribeir\u00e3o Preto-SP e Regi\u00e3o","link":"https:\/\/noticiasribeiraopreto.com.br\/index.php\/category\/noticias-de-ribeirao-preto-sp-e-regiao-ismael-colosi\/"},"img":{"alt_text":"","src":"https:\/\/i0.wp.com\/noticiasribeiraopreto.com.br\/wp-content\/uploads\/2025\/08\/WhatsApp-Image-2025-08-08-at-07.31.27_2025-08-08_10-54-37.webp.webp?fit=1200%2C799&ssl=1&resize=350%2C200","width":350,"height":200,"srcset":"https:\/\/i0.wp.com\/noticiasribeiraopreto.com.br\/wp-content\/uploads\/2025\/08\/WhatsApp-Image-2025-08-08-at-07.31.27_2025-08-08_10-54-37.webp.webp?fit=1200%2C799&ssl=1&resize=350%2C200 1x, https:\/\/i0.wp.com\/noticiasribeiraopreto.com.br\/wp-content\/uploads\/2025\/08\/WhatsApp-Image-2025-08-08-at-07.31.27_2025-08-08_10-54-37.webp.webp?fit=1200%2C799&ssl=1&resize=525%2C300 1.5x, https:\/\/i0.wp.com\/noticiasribeiraopreto.com.br\/wp-content\/uploads\/2025\/08\/WhatsApp-Image-2025-08-08-at-07.31.27_2025-08-08_10-54-37.webp.webp?fit=1200%2C799&ssl=1&resize=700%2C400 2x, https:\/\/i0.wp.com\/noticiasribeiraopreto.com.br\/wp-content\/uploads\/2025\/08\/WhatsApp-Image-2025-08-08-at-07.31.27_2025-08-08_10-54-37.webp.webp?fit=1200%2C799&ssl=1&resize=1050%2C600 3x"},"classes":[]}],"jetpack_sharing_enabled":true,"jetpack_shortlink":"https:\/\/wp.me\/peQAOb-iI6","_links":{"self":[{"href":"https:\/\/noticiasribeiraopreto.com.br\/index.php\/wp-json\/wp\/v2\/posts\/71926","targetHints":{"allow":["GET"]}}],"collection":[{"href":"https:\/\/noticiasribeiraopreto.com.br\/index.php\/wp-json\/wp\/v2\/posts"}],"about":[{"href":"https:\/\/noticiasribeiraopreto.com.br\/index.php\/wp-json\/wp\/v2\/types\/post"}],"author":[{"embeddable":true,"href":"https:\/\/noticiasribeiraopreto.com.br\/index.php\/wp-json\/wp\/v2\/users\/1"}],"replies":[{"embeddable":true,"href":"https:\/\/noticiasribeiraopreto.com.br\/index.php\/wp-json\/wp\/v2\/comments?post=71926"}],"version-history":[{"count":0,"href":"https:\/\/noticiasribeiraopreto.com.br\/index.php\/wp-json\/wp\/v2\/posts\/71926\/revisions"}],"wp:featuredmedia":[{"embeddable":true,"href":"https:\/\/noticiasribeiraopreto.com.br\/index.php\/wp-json\/wp\/v2\/media\/71927"}],"wp:attachment":[{"href":"https:\/\/noticiasribeiraopreto.com.br\/index.php\/wp-json\/wp\/v2\/media?parent=71926"}],"wp:term":[{"taxonomy":"category","embeddable":true,"href":"https:\/\/noticiasribeiraopreto.com.br\/index.php\/wp-json\/wp\/v2\/categories?post=71926"},{"taxonomy":"post_tag","embeddable":true,"href":"https:\/\/noticiasribeiraopreto.com.br\/index.php\/wp-json\/wp\/v2\/tags?post=71926"}],"curies":[{"name":"wp","href":"https:\/\/api.w.org\/{rel}","templated":true}]}}