{"id":71928,"date":"2025-06-11T15:08:55","date_gmt":"2025-06-11T18:08:55","guid":{"rendered":"https:\/\/noticiasribeiraopreto.com.br\/index.php\/2025\/06\/11\/projeto-oferece-oficinas-de-discotecagem-gravacao-e-edicao-de-musicas-em-ribeirao-preto\/"},"modified":"2025-06-11T15:08:55","modified_gmt":"2025-06-11T18:08:55","slug":"projeto-oferece-oficinas-de-discotecagem-gravacao-e-edicao-de-musicas-em-ribeirao-preto","status":"publish","type":"post","link":"https:\/\/noticiasribeiraopreto.com.br\/index.php\/2025\/06\/11\/projeto-oferece-oficinas-de-discotecagem-gravacao-e-edicao-de-musicas-em-ribeirao-preto\/","title":{"rendered":"Projeto oferece oficinas de discotecagem, grava\u00e7\u00e3o e edi\u00e7\u00e3o de m\u00fasicas em Ribeir\u00e3o Preto"},"content":{"rendered":"<p> <br \/>\n<\/p>\n<div>\n<p>O <strong>Espa\u00e7o MuseLab<\/strong> oferece oficinas e encontros gratuitos sobre temas diversos do universo da m\u00fasica. As reuni\u00f5es acontecem no <strong>Centro Cultural Vila Tecnol\u00f3gica<\/strong>, localizado na rua Am\u00e9rico B\u00edscaro, n\u00ba 21-85 , no Jardim Alexandre Balbo, entre os dias <strong>12 e 26 de junho<\/strong>.<\/p>\n<p>Essa \u00e9 a primeira edi\u00e7\u00e3o do projeto \u201c<strong>M\u016bseLab Itinerante<\/strong>\u201d, que tem como objetivo realizar atividades gratuitas e abertas ao p\u00fablico, em <strong>espa\u00e7os culturais descentralizados da cidade<\/strong>, com tem\u00e1ticas diversas da \u00e1rea musical para artistas, artistas iniciantes e demais interessados que buscam a\u00e7\u00f5es de <strong>forma\u00e7\u00e3o e aprimoramento musical.<\/strong> <\/p>\n<p>O intuito do projeto \u00e9 fomentar e incentivar m\u00fasicos e musicistas. <\/p>\n<h2 class=\"wp-block-heading\"><strong>Como se inscrever?<\/strong><\/h2>\n<p>As vagas para participa\u00e7\u00e3o s\u00e3o limitadas com base na capacidade de turma. Para garantir seu ingresso, basta se inscrever previamente <strong>on-line <a href=\"https:\/\/www.youtube.com\/watch?v=_yt_RSwUduU&amp;t=5939s\">(clique aqui)<\/a><\/strong>.<\/p>\n<h3 class=\"wp-block-heading\"><strong>Confira a programa\u00e7\u00e3o<\/strong><\/h3>\n<ul class=\"wp-block-list\">\n<li><strong>12 de junho<\/strong> <strong>\u2013 19h30:<\/strong> Oficina com Enzo The Dude<\/li>\n<\/ul>\n<p>A atividade oferece uma introdu\u00e7\u00e3o ao universo da discotecagem, por meio de um encontro din\u00e2mico e introdut\u00f3rio, abordando temas como estrutura musical, leitura de pista, constru\u00e7\u00e3o de set e panorama do mercado de DJs.<\/p>\n<ul class=\"wp-block-list\">\n<li><strong>19 de junho \u2013<\/strong> <strong>19h30:<\/strong> Oficina de grava\u00e7\u00e3o e edi\u00e7\u00e3o de m\u00fasicas por celular, com Jo\u00e3o Carlos Vita<\/li>\n<\/ul>\n<p>Com foco nas possibilidades de utiliza\u00e7\u00e3o do celular, a atividade prop\u00f5e uma abordagem pr\u00e1tica e acess\u00edvel sobre grava\u00e7\u00e3o, edi\u00e7\u00e3o, uso de equipamentos complementares e ferramentas digitais. Os participantes ter\u00e3o acesso a aplicativos \u00fateis e dicas valiosas para quem deseja criar, gravar e editar suas pr\u00f3prias m\u00fasicas.<\/p>\n<ul class=\"wp-block-list\">\n<li><strong>26 de junho \u2013<\/strong> <strong>19h30: <\/strong>Papo Mercado Musical com Cl\u00e1udia Parra.<\/li>\n<\/ul>\n<p>Oficina vai falar sobre m\u00fasica e mercado com informa\u00e7\u00f5es atualizadas, trazendo dados e n\u00fameros relevantes para entender o funcionamento da ind\u00fastria musical no Brasil. O p\u00fablico presente vai aprender sobre as principais tend\u00eancias e desafios do mundo da m\u00fasica, o que permitir\u00e1 uma reflex\u00e3o sobre posicionamento profissional e art\u00edstico nesse contexto.<\/p>\n<hr class=\"wp-block-separator has-alpha-channel-opacity\"\/>\n<p>SAIBA MAIS<br \/>Quermesse arrecada R$ 162 mil para restaura\u00e7\u00e3o da Catedral de Ribeir\u00e3o Preto<\/p>\n<h4 class=\"wp-block-heading\"><strong>FIQUE ON<\/strong><\/h4>\n<p>Fique ligado em tudo que acontece em Ribeir\u00e3o Preto e regi\u00e3o. Siga os perfis do <strong>acidade on <\/strong>no <a href=\"https:\/\/www.instagram.com\/acidadeonribeirao\" target=\"_blank\" rel=\"noreferrer noopener\">Instagram<\/a> e no <a href=\"https:\/\/www.facebook.com\/acidadeonribeirao\" target=\"_blank\" rel=\"noreferrer noopener\">Facebook<\/a>.<\/p>\n<p>Receba not\u00edcias do acidade on no WhatsApp. Para entrar no grupo, basta <a href=\"https:\/\/chat.whatsapp.com\/BjKQZ9oJwlz8VVT50NuePq\" target=\"_blank\" rel=\"noreferrer noopener\">clicar aqui<\/a>.<\/p>\n<p>Fa\u00e7a uma den\u00fancia ou sugira uma reportagem sobre Ribeir\u00e3o Preto e regi\u00e3o pelo WhatsApp: 16 99117 7802.<\/p>\n<p>VEJA TAMB\u00c9M<\/p>\n<p>O que \u00e9 a Lei Carolina Dieckmann?<\/p>\n<p><!-- CONTENT END 1 -->\n<\/div>\n<p><script async src=\"\/\/www.instagram.com\/embed.js\"><\/script><br \/>\n<br \/><br \/>\n<br \/><a href=\"https:\/\/www.acidadeon.com\/ribeiraopreto\/lazer-e-cultura\/projeto-oferece-oficinas-de-discotecagem-gravacao-e-edicao-de-musicas-em-ribeirao-preto\/\">Source link <\/a><\/p>\n","protected":false},"excerpt":{"rendered":"<p>O Espa\u00e7o MuseLab oferece oficinas e encontros gratuitos sobre temas diversos do universo da m\u00fasica. As reuni\u00f5es acontecem no Centro Cultural Vila Tecnol\u00f3gica, localizado na&#8230;<\/p>\n","protected":false},"author":1,"featured_media":71929,"comment_status":"open","ping_status":"open","sticky":false,"template":"","format":"standard","meta":{"advanced_seo_description":"","jetpack_seo_html_title":"","jetpack_seo_noindex":false,"jetpack_post_was_ever_published":false,"_jetpack_newsletter_access":"","_jetpack_dont_email_post_to_subs":false,"_jetpack_newsletter_tier_id":0,"_jetpack_memberships_contains_paywalled_content":false,"_jetpack_memberships_contains_paid_content":false,"footnotes":"","jetpack_publicize_message":"","jetpack_publicize_feature_enabled":true,"jetpack_social_post_already_shared":true,"jetpack_social_options":{"image_generator_settings":{"template":"highway","default_image_id":0,"font":"","enabled":false},"version":2}},"categories":[11],"tags":[],"class_list":["post-71928","post","type-post","status-publish","format-standard","has-post-thumbnail","hentry","category-noticias-de-ribeirao-preto-sp-e-regiao-ismael-colosi"],"jetpack_publicize_connections":[],"jetpack_featured_media_url":"https:\/\/i0.wp.com\/noticiasribeiraopreto.com.br\/wp-content\/uploads\/2025\/06\/oficinas-muselab_2025-06-11_14-58-29.webp.webp?fit=1200%2C675&ssl=1","jetpack-related-posts":[{"id":45648,"url":"https:\/\/noticiasribeiraopreto.com.br\/index.php\/2024\/04\/05\/projeto-anga-promove-a-oficina-historias-animadas-2\/","url_meta":{"origin":71928,"position":0},"title":"Projeto Ang\u00e1 promove a Oficina \u201cHist\u00f3rias Animadas\u201d","author":"noticiasribeiraopreto.com.br","date":"5 de April de 2024","format":false,"excerpt":"Trabalhar a conta\u00e7\u00e3o de hist\u00f3ria usando como recurso o teatro de anima\u00e7\u00e3o. Essa \u00e9 a proposta da \u201cOficina\u00a0 Hist\u00f3rias Animadas\u201d, promovida pela 2\u00aa edi\u00e7\u00e3o do projeto Ang\u00e1 neste pr\u00f3ximo\u00a0 s\u00e1bado (6\/4), das 9h \u00e0s 13h, na Biblioteca Sinh\u00e1 Junqueira, que fica na Rua Duque de Caxias, 547, centro, em Ribeir\u00e3o\u2026","rel":"","context":"In &quot;Not\u00edcias de Ribeir\u00e3o Preto-SP e Regi\u00e3o&quot;","block_context":{"text":"Not\u00edcias de Ribeir\u00e3o Preto-SP e Regi\u00e3o","link":"https:\/\/noticiasribeiraopreto.com.br\/index.php\/category\/noticias-de-ribeirao-preto-sp-e-regiao-ismael-colosi\/"},"img":{"alt_text":"","src":"https:\/\/i0.wp.com\/noticiasribeiraopreto.com.br\/wp-content\/uploads\/2024\/04\/1712335718_Oficina-1_credito-Sheila-Brandao.jpg?fit=333%2C500&ssl=1&resize=350%2C200","width":350,"height":200},"classes":[]},{"id":45619,"url":"https:\/\/noticiasribeiraopreto.com.br\/index.php\/2024\/04\/05\/projeto-anga-promove-a-oficina-historias-animadas\/","url_meta":{"origin":71928,"position":1},"title":"Projeto Ang\u00e1 promove a Oficina \u201cHist\u00f3rias Animadas\u201d","author":"noticiasribeiraopreto.com.br","date":"5 de April de 2024","format":false,"excerpt":"5 de abril de 2024 | 11:005 de abril de 2024 | 8:08 0 Trabalhar a conta\u00e7\u00e3o de hist\u00f3ria usando como recurso o teatro de anima\u00e7\u00e3o. Essa \u00e9 a proposta da \u201cOficina\u00a0 Hist\u00f3rias Animadas\u201d, promovida pela 2\u00aa edi\u00e7\u00e3o do projeto Ang\u00e1 neste pr\u00f3ximo\u00a0 s\u00e1bado (6\/4), das 9h \u00e0s 13h, na\u2026","rel":"","context":"In &quot;Not\u00edcias de Ribeir\u00e3o Preto-SP e Regi\u00e3o&quot;","block_context":{"text":"Not\u00edcias de Ribeir\u00e3o Preto-SP e Regi\u00e3o","link":"https:\/\/noticiasribeiraopreto.com.br\/index.php\/category\/noticias-de-ribeirao-preto-sp-e-regiao-ismael-colosi\/"},"img":{"alt_text":"","src":"https:\/\/i0.wp.com\/noticiasribeiraopreto.com.br\/wp-content\/uploads\/2024\/04\/Oficina-1_credito-Sheila-Brandao.jpg?fit=333%2C500&ssl=1&resize=350%2C200","width":350,"height":200},"classes":[]},{"id":59878,"url":"https:\/\/noticiasribeiraopreto.com.br\/index.php\/2024\/10\/31\/ribeirao-preto-tem-evento-com-reggae-rap-e-viola-caipira-veja-quando\/","url_meta":{"origin":71928,"position":2},"title":"Ribeir\u00e3o Preto tem evento com reggae, rap e viola caipira; Veja quando","author":"noticiasribeiraopreto.com.br","date":"31 de October de 2024","format":false,"excerpt":"A \u00faltima edi\u00e7\u00e3o do projeto Pantera Sessions em 2024, recebe RAPadura Xique-Chico e Matuto S.A, nesta sexta-feira (1\u00ba), a partir das 21h, no Espa\u00e7o Muselab, em Ribeir\u00e3o Preto. O evento tamb\u00e9m contar\u00e1 com a participa\u00e7\u00e3o da DJ Xakaw e interven\u00e7\u00e3o art\u00edstica do slammer Psiul. As apresenta\u00e7\u00f5es trazem para Ribeir\u00e3o uma\u2026","rel":"","context":"In &quot;Not\u00edcias de Ribeir\u00e3o Preto-SP e Regi\u00e3o&quot;","block_context":{"text":"Not\u00edcias de Ribeir\u00e3o Preto-SP e Regi\u00e3o","link":"https:\/\/noticiasribeiraopreto.com.br\/index.php\/category\/noticias-de-ribeirao-preto-sp-e-regiao-ismael-colosi\/"},"img":{"alt_text":"","src":"https:\/\/i0.wp.com\/noticiasribeiraopreto.com.br\/wp-content\/uploads\/2024\/10\/Copia-de-Copia-de-Copia-de-TAMANHO-EXATO-PARA-FOTOS-NO-SISTEMA-NOVO-2024-10-31T172222.988_2024-10-31_20-36-08_png_2024-10-31_20-36-08.webp.webp?fit=1200%2C675&ssl=1&resize=350%2C200","width":350,"height":200,"srcset":"https:\/\/i0.wp.com\/noticiasribeiraopreto.com.br\/wp-content\/uploads\/2024\/10\/Copia-de-Copia-de-Copia-de-TAMANHO-EXATO-PARA-FOTOS-NO-SISTEMA-NOVO-2024-10-31T172222.988_2024-10-31_20-36-08_png_2024-10-31_20-36-08.webp.webp?fit=1200%2C675&ssl=1&resize=350%2C200 1x, https:\/\/i0.wp.com\/noticiasribeiraopreto.com.br\/wp-content\/uploads\/2024\/10\/Copia-de-Copia-de-Copia-de-TAMANHO-EXATO-PARA-FOTOS-NO-SISTEMA-NOVO-2024-10-31T172222.988_2024-10-31_20-36-08_png_2024-10-31_20-36-08.webp.webp?fit=1200%2C675&ssl=1&resize=525%2C300 1.5x, https:\/\/i0.wp.com\/noticiasribeiraopreto.com.br\/wp-content\/uploads\/2024\/10\/Copia-de-Copia-de-Copia-de-TAMANHO-EXATO-PARA-FOTOS-NO-SISTEMA-NOVO-2024-10-31T172222.988_2024-10-31_20-36-08_png_2024-10-31_20-36-08.webp.webp?fit=1200%2C675&ssl=1&resize=700%2C400 2x, https:\/\/i0.wp.com\/noticiasribeiraopreto.com.br\/wp-content\/uploads\/2024\/10\/Copia-de-Copia-de-Copia-de-TAMANHO-EXATO-PARA-FOTOS-NO-SISTEMA-NOVO-2024-10-31T172222.988_2024-10-31_20-36-08_png_2024-10-31_20-36-08.webp.webp?fit=1200%2C675&ssl=1&resize=1050%2C600 3x"},"classes":[]},{"id":15522,"url":"https:\/\/noticiasribeiraopreto.com.br\/index.php\/2023\/12\/13\/projeto-apresenta-sophia-chablau\/","url_meta":{"origin":71928,"position":3},"title":"Projeto apresenta Sophia Chablau \u00a0","author":"noticiasribeiraopreto.com.br","date":"13 de December de 2023","format":false,"excerpt":"13 de dezembro de 2023 | 18:0013 de dezembro de 2023 | 11:49 0A \u00faltima edi\u00e7\u00e3o desse ano do Pantera Sessions, nesta sexta-feira, 15 de dezembro, a partir das 20h30, no espa\u00e7o MuseLab, traz a banda Sophia Chablau e Uma Enorme Perda de Tempo para tocar pela primeira vez em\u2026","rel":"","context":"In &quot;Not\u00edcias de Ribeir\u00e3o Preto-SP e Regi\u00e3o&quot;","block_context":{"text":"Not\u00edcias de Ribeir\u00e3o Preto-SP e Regi\u00e3o","link":"https:\/\/noticiasribeiraopreto.com.br\/index.php\/category\/noticias-de-ribeirao-preto-sp-e-regiao-ismael-colosi\/"},"img":{"alt_text":"","src":"https:\/\/i0.wp.com\/noticiasribeiraopreto.com.br\/wp-content\/uploads\/2023\/12\/Pantera.jpg?fit=427%2C645&ssl=1&resize=350%2C200","width":350,"height":200},"classes":[]},{"id":66723,"url":"https:\/\/noticiasribeiraopreto.com.br\/index.php\/2025\/04\/04\/usp-ribeirao-oferece-oficina-para-o-plantio-de-ervas-medicinais\/","url_meta":{"origin":71928,"position":4},"title":"USP Ribeir\u00e3o oferece oficina para o plantio de ervas medicinais","author":"noticiasribeiraopreto.com.br","date":"4 de April de 2025","format":false,"excerpt":"Acontece neste s\u00e1bado (5), das 8h \u00e0s 12h, a segunda edi\u00e7\u00e3o da oficina \u201cCorpo-Terra: construindo com m\u00e3os coletivas\u201d, no campus da USP (Universidade de S\u00e3o Paulo) de Ribeir\u00e3o Preto. A oficina faz parte de um projeto que busca construir um espa\u00e7o de conviv\u00eancia afroamer\u00edndio na universidade, com o intuito de\u2026","rel":"","context":"In &quot;Not\u00edcias de Ribeir\u00e3o Preto-SP e Regi\u00e3o&quot;","block_context":{"text":"Not\u00edcias de Ribeir\u00e3o Preto-SP e Regi\u00e3o","link":"https:\/\/noticiasribeiraopreto.com.br\/index.php\/category\/noticias-de-ribeirao-preto-sp-e-regiao-ismael-colosi\/"},"img":{"alt_text":"","src":"https:\/\/i0.wp.com\/noticiasribeiraopreto.com.br\/wp-content\/uploads\/2025\/04\/Mil-folhas_Foto-Marcos-Santos_U0Y3971-2048x1365-1_2025-04-04_18-29-24_jpg_2025-04-04_18-29-24.webp.webp?fit=1200%2C800&ssl=1&resize=350%2C200","width":350,"height":200,"srcset":"https:\/\/i0.wp.com\/noticiasribeiraopreto.com.br\/wp-content\/uploads\/2025\/04\/Mil-folhas_Foto-Marcos-Santos_U0Y3971-2048x1365-1_2025-04-04_18-29-24_jpg_2025-04-04_18-29-24.webp.webp?fit=1200%2C800&ssl=1&resize=350%2C200 1x, https:\/\/i0.wp.com\/noticiasribeiraopreto.com.br\/wp-content\/uploads\/2025\/04\/Mil-folhas_Foto-Marcos-Santos_U0Y3971-2048x1365-1_2025-04-04_18-29-24_jpg_2025-04-04_18-29-24.webp.webp?fit=1200%2C800&ssl=1&resize=525%2C300 1.5x, https:\/\/i0.wp.com\/noticiasribeiraopreto.com.br\/wp-content\/uploads\/2025\/04\/Mil-folhas_Foto-Marcos-Santos_U0Y3971-2048x1365-1_2025-04-04_18-29-24_jpg_2025-04-04_18-29-24.webp.webp?fit=1200%2C800&ssl=1&resize=700%2C400 2x, https:\/\/i0.wp.com\/noticiasribeiraopreto.com.br\/wp-content\/uploads\/2025\/04\/Mil-folhas_Foto-Marcos-Santos_U0Y3971-2048x1365-1_2025-04-04_18-29-24_jpg_2025-04-04_18-29-24.webp.webp?fit=1200%2C800&ssl=1&resize=1050%2C600 3x"},"classes":[]},{"id":52726,"url":"https:\/\/noticiasribeiraopreto.com.br\/index.php\/2024\/06\/11\/ribeirao-preto-tem-edicao-especial-de-feira-com-cerveja-artesanal-food-trucks-e-musica\/","url_meta":{"origin":71928,"position":5},"title":"Ribeir\u00e3o Preto tem edi\u00e7\u00e3o especial de feira com cerveja artesanal, food trucks e m\u00fasica","author":"noticiasribeiraopreto.com.br","date":"11 de June de 2024","format":false,"excerpt":"Ribeir\u00e3o Preto recebe, neste domingo (16), a Feira do Coletivo em edi\u00e7\u00e3o especial de Festa Junina, na pra\u00e7a 7 de Setembro, no Centro da cidade. O evento \u00e9 gratuito e aberto ao p\u00fablico. A feira acontece das 15h \u00e0s 21h e conta com cervejas e chopes artesanais, comidas t\u00edpicas, food\u2026","rel":"","context":"In &quot;Not\u00edcias de Ribeir\u00e3o Preto-SP e Regi\u00e3o&quot;","block_context":{"text":"Not\u00edcias de Ribeir\u00e3o Preto-SP e Regi\u00e3o","link":"https:\/\/noticiasribeiraopreto.com.br\/index.php\/category\/noticias-de-ribeirao-preto-sp-e-regiao-ismael-colosi\/"},"img":{"alt_text":"","src":"https:\/\/i0.wp.com\/noticiasribeiraopreto.com.br\/wp-content\/uploads\/2024\/04\/AnyConv.com__WhatsApp-Image-2024-04-09-at-18.23.00-e1712858091814.webp.webp?fit=1050%2C700&ssl=1&resize=350%2C200","width":350,"height":200,"srcset":"https:\/\/i0.wp.com\/noticiasribeiraopreto.com.br\/wp-content\/uploads\/2024\/04\/AnyConv.com__WhatsApp-Image-2024-04-09-at-18.23.00-e1712858091814.webp.webp?fit=1050%2C700&ssl=1&resize=350%2C200 1x, https:\/\/i0.wp.com\/noticiasribeiraopreto.com.br\/wp-content\/uploads\/2024\/04\/AnyConv.com__WhatsApp-Image-2024-04-09-at-18.23.00-e1712858091814.webp.webp?fit=1050%2C700&ssl=1&resize=525%2C300 1.5x, https:\/\/i0.wp.com\/noticiasribeiraopreto.com.br\/wp-content\/uploads\/2024\/04\/AnyConv.com__WhatsApp-Image-2024-04-09-at-18.23.00-e1712858091814.webp.webp?fit=1050%2C700&ssl=1&resize=700%2C400 2x, https:\/\/i0.wp.com\/noticiasribeiraopreto.com.br\/wp-content\/uploads\/2024\/04\/AnyConv.com__WhatsApp-Image-2024-04-09-at-18.23.00-e1712858091814.webp.webp?fit=1050%2C700&ssl=1&resize=1050%2C600 3x"},"classes":[]}],"jetpack_sharing_enabled":true,"jetpack_shortlink":"https:\/\/wp.me\/peQAOb-iI8","_links":{"self":[{"href":"https:\/\/noticiasribeiraopreto.com.br\/index.php\/wp-json\/wp\/v2\/posts\/71928","targetHints":{"allow":["GET"]}}],"collection":[{"href":"https:\/\/noticiasribeiraopreto.com.br\/index.php\/wp-json\/wp\/v2\/posts"}],"about":[{"href":"https:\/\/noticiasribeiraopreto.com.br\/index.php\/wp-json\/wp\/v2\/types\/post"}],"author":[{"embeddable":true,"href":"https:\/\/noticiasribeiraopreto.com.br\/index.php\/wp-json\/wp\/v2\/users\/1"}],"replies":[{"embeddable":true,"href":"https:\/\/noticiasribeiraopreto.com.br\/index.php\/wp-json\/wp\/v2\/comments?post=71928"}],"version-history":[{"count":0,"href":"https:\/\/noticiasribeiraopreto.com.br\/index.php\/wp-json\/wp\/v2\/posts\/71928\/revisions"}],"wp:featuredmedia":[{"embeddable":true,"href":"https:\/\/noticiasribeiraopreto.com.br\/index.php\/wp-json\/wp\/v2\/media\/71929"}],"wp:attachment":[{"href":"https:\/\/noticiasribeiraopreto.com.br\/index.php\/wp-json\/wp\/v2\/media?parent=71928"}],"wp:term":[{"taxonomy":"category","embeddable":true,"href":"https:\/\/noticiasribeiraopreto.com.br\/index.php\/wp-json\/wp\/v2\/categories?post=71928"},{"taxonomy":"post_tag","embeddable":true,"href":"https:\/\/noticiasribeiraopreto.com.br\/index.php\/wp-json\/wp\/v2\/tags?post=71928"}],"curies":[{"name":"wp","href":"https:\/\/api.w.org\/{rel}","templated":true}]}}