{"id":71932,"date":"2025-06-11T15:16:47","date_gmt":"2025-06-11T18:16:47","guid":{"rendered":"https:\/\/noticiasribeiraopreto.com.br\/index.php\/2025\/06\/11\/caso-nelson-detector-de-metais-comeca-a-ser-utilizado-para-localizar-corpo-de-empresario\/"},"modified":"2025-06-11T15:16:47","modified_gmt":"2025-06-11T18:16:47","slug":"caso-nelson-detector-de-metais-comeca-a-ser-utilizado-para-localizar-corpo-de-empresario","status":"publish","type":"post","link":"https:\/\/noticiasribeiraopreto.com.br\/index.php\/2025\/06\/11\/caso-nelson-detector-de-metais-comeca-a-ser-utilizado-para-localizar-corpo-de-empresario\/","title":{"rendered":"Caso Nelson: Detector de metais come\u00e7a a ser utilizado para localizar corpo de empres\u00e1rio"},"content":{"rendered":"<p> <br \/>\n<\/p>\n<div data-td-block-uid=\"tdi_95\">\n<div class=\"tdb-block-inner td-fix-index\">\n<p>As buscas pelo corpo do empres\u00e1rio <strong>Nelson Carreira Filho<\/strong> continuam em <strong>Miguel\u00f3polis<\/strong>, na <strong>regi\u00e3o de Ribeir\u00e3o Preto<\/strong>, nesta quarta-feira (11), com apoio de um <strong>detector de metais submerso<\/strong> vindo da cidade de <strong>Santos<\/strong>.<\/p>\n<p>O <strong>Corpo de Bombeiros<\/strong> iniciou os trabalhos por volta das 11h da manh\u00e3, com equipes de <strong>Franca<\/strong>, <strong>Orl\u00e2ndia <\/strong>e <strong>Santos <\/strong>atuando em conjunto na regi\u00e3o do <strong>rio Grande<\/strong>.<\/p>\n<p>Com o equipamento, <mark style=\"background-color:#fcb900\" class=\"has-inline-color\">as equipes ter\u00e3o auxilio nas buscas em \u00e1reas de maior profundidade e com visibilidade comprometida, devido a grande quantidade de aguap\u00e9s e lama<\/mark>. O detector consegue ajudar a localizar poss\u00edveis objetos met\u00e1licos junto ao corpo da v\u00edtima.<\/p>\n<figure class=\"wp-block-pullquote\">\n<blockquote>\n<p>[O equipamento \u00e9 utilizar para] fazer uma busca \u2018mais em cima\u2019 do que foi dito pelo suspeito. Ele informa que amarrou uma barra de ferro no corpo da v\u00edtima, ent\u00e3o tudo o que tiver debaixo d\u2019\u00e1gua, ele detecta em ondas, n\u00e3o em imagem. Ele vai dar ondas e n\u00f3s vamos fazer o mergulho em cima dessa informa\u00e7\u00e3o<\/p>\n<p><cite>Erik Tank, sargento do Corpo de Bombeiros<\/cite><\/p><\/blockquote>\n<\/figure>\n<h2 class=\"wp-block-heading\"><strong>Trecho do rio Grande<\/strong><\/h2>\n<p>Na \u00faltima sexta-feira (6), <strong>um suspeito preso por envolvimento no crime indicou o trecho do rio Grande<\/strong>, onde o corpo da v\u00edtima pode ter sido jogado. <strong>Nelson <\/strong>est\u00e1\u00a0<strong>desaparecido\u00a0<\/strong>desde o dia\u00a016 de maio, ap\u00f3s uma\u00a0reuni\u00e3o\u00a0de\u00a0neg\u00f3cios\u00a0em\u00a0<strong>Cravinhos<\/strong>.<\/p>\n<p>Tr\u00eas pessoas j\u00e1 foram presas depois que a <strong>Justi\u00e7a\u00a0<\/strong>decretou as pris\u00f5es. <strong>Marlon Couto Paula J\u00fanior<\/strong>, que teria confessado o assassinato do empres\u00e1rio em uma carta, segue\u00a0<strong>foragido<\/strong>.\u00a0<\/p>\n<hr class=\"wp-block-separator has-alpha-channel-opacity\"\/>\n<p>SAIBA MAIS<\/p>\n<p>Frio extremo atinge interior de SP e temperatura pode chegar a 2\u00baC; Veja onde<\/p>\n<h3 class=\"wp-block-heading\"><strong>FIQUE ON<\/strong><\/h3>\n<p>Quer ficar por dentro de tudo que acontece em Ribeir\u00e3o Preto e regi\u00e3o? Ent\u00e3o siga os perfis do\u202facidade on\u202fno\u202f<a href=\"https:\/\/www.instagram.com\/acidadeonribeirao\" target=\"_blank\" rel=\"noreferrer noopener\">Instagram<\/a>\u202fe no\u202f<a href=\"https:\/\/www.facebook.com\/acidadeonribeirao\/\" target=\"_blank\" rel=\"noreferrer noopener\">Facebook<\/a>.<\/p>\n<p>Al\u00e9m disso, voc\u00ea pode receber as principais not\u00edcias diretamente no WhatsApp. Para isso, basta\u00a0<a href=\"https:\/\/chat.whatsapp.com\/BjKQZ9oJwlz8VVT50NuePq\" target=\"_blank\" rel=\"noreferrer noopener\">entrar no grupo clicando aqui<\/a>.<\/p>\n<p>Por fim, se quiser fazer uma den\u00fancia ou sugerir uma reportagem sobre Ribeir\u00e3o Preto e regi\u00e3o, envie uma mensagem pelo WhatsApp: (16) 99117-7802.<\/p>\n<p>VEJA TAMB\u00c9M<\/p>\n<p>Por que Bia Miranda terminou com Gato Preto?<\/p>\n<p><!-- CONTENT END 1 -->\n<\/div>\n<\/div>\n<p><script async src=\"\/\/www.instagram.com\/embed.js\"><\/script><br \/>\n<br \/><br \/>\n<br \/><a href=\"https:\/\/www.acidadeon.com\/ribeiraopreto\/cotidiano\/caso-nelson-detector-de-metais-comeca-a-ser-utilizado-para-localizar-corpo-de-empresario\/\">Source link <\/a><\/p>\n","protected":false},"excerpt":{"rendered":"<p>As buscas pelo corpo do empres\u00e1rio Nelson Carreira Filho continuam em Miguel\u00f3polis, na regi\u00e3o de Ribeir\u00e3o Preto, nesta quarta-feira (11), com apoio de um detector&#8230;<\/p>\n","protected":false},"author":1,"featured_media":71933,"comment_status":"open","ping_status":"open","sticky":false,"template":"","format":"standard","meta":{"advanced_seo_description":"","jetpack_seo_html_title":"","jetpack_seo_noindex":false,"jetpack_post_was_ever_published":false,"_jetpack_newsletter_access":"","_jetpack_dont_email_post_to_subs":false,"_jetpack_newsletter_tier_id":0,"_jetpack_memberships_contains_paywalled_content":false,"_jetpack_memberships_contains_paid_content":false,"footnotes":"","jetpack_publicize_message":"","jetpack_publicize_feature_enabled":true,"jetpack_social_post_already_shared":true,"jetpack_social_options":{"image_generator_settings":{"template":"highway","default_image_id":0,"font":"","enabled":false},"version":2}},"categories":[11],"tags":[],"class_list":["post-71932","post","type-post","status-publish","format-standard","has-post-thumbnail","hentry","category-noticias-de-ribeirao-preto-sp-e-regiao-ismael-colosi"],"jetpack_publicize_connections":[],"jetpack_featured_media_url":"https:\/\/i0.wp.com\/noticiasribeiraopreto.com.br\/wp-content\/uploads\/2025\/06\/Copia-de-Copia-de-Copia-de-TAMANHO-EXATO-PARA-FOTOS-NO-SISTEMA-NOVO-2025-06-11T130706.004_2025-06-11_16-07-19.webp.webp?fit=1200%2C675&ssl=1","jetpack-related-posts":[{"id":71793,"url":"https:\/\/noticiasribeiraopreto.com.br\/index.php\/2025\/06\/10\/caso-nelson-bombeiros-aguardam-equipamento-especial-para-buscas\/","url_meta":{"origin":71932,"position":0},"title":"Caso Nelson: Bombeiros aguardam equipamento especial para buscas","author":"noticiasribeiraopreto.com.br","date":"10 de June de 2025","format":false,"excerpt":"O Corpo de Bombeiros de Franca aguarda a chegada de um detector de metais submerso, prevista para a\u00a0tarde desta ter\u00e7a-feira (10), para refor\u00e7ar as buscas pelo empres\u00e1rio Nelson Carreira Filho, no rio Grande, em Miguel\u00f3polis. Segundo informa\u00e7\u00f5es, o aparelho est\u00e1 sendo trazido por uma equipe do Grupamento de Bombeiros Mar\u00edtimos\u2026","rel":"","context":"In &quot;Not\u00edcias de Ribeir\u00e3o Preto-SP e Regi\u00e3o&quot;","block_context":{"text":"Not\u00edcias de Ribeir\u00e3o Preto-SP e Regi\u00e3o","link":"https:\/\/noticiasribeiraopreto.com.br\/index.php\/category\/noticias-de-ribeirao-preto-sp-e-regiao-ismael-colosi\/"},"img":{"alt_text":"","src":"https:\/\/i0.wp.com\/noticiasribeiraopreto.com.br\/wp-content\/uploads\/2025\/06\/BUSCAS_2025-06-10_14-07-34.webp.webp?fit=1200%2C665&ssl=1&resize=350%2C200","width":350,"height":200,"srcset":"https:\/\/i0.wp.com\/noticiasribeiraopreto.com.br\/wp-content\/uploads\/2025\/06\/BUSCAS_2025-06-10_14-07-34.webp.webp?fit=1200%2C665&ssl=1&resize=350%2C200 1x, https:\/\/i0.wp.com\/noticiasribeiraopreto.com.br\/wp-content\/uploads\/2025\/06\/BUSCAS_2025-06-10_14-07-34.webp.webp?fit=1200%2C665&ssl=1&resize=525%2C300 1.5x, https:\/\/i0.wp.com\/noticiasribeiraopreto.com.br\/wp-content\/uploads\/2025\/06\/BUSCAS_2025-06-10_14-07-34.webp.webp?fit=1200%2C665&ssl=1&resize=700%2C400 2x, https:\/\/i0.wp.com\/noticiasribeiraopreto.com.br\/wp-content\/uploads\/2025\/06\/BUSCAS_2025-06-10_14-07-34.webp.webp?fit=1200%2C665&ssl=1&resize=1050%2C600 3x"},"classes":[]},{"id":71915,"url":"https:\/\/noticiasribeiraopreto.com.br\/index.php\/2025\/06\/11\/caso-nelson-detector-de-metais-e-usado-nas-buscas-por-corpo\/","url_meta":{"origin":71932,"position":1},"title":"Caso Nelson: Detector de metais \u00e9 usado nas buscas por corpo","author":"noticiasribeiraopreto.com.br","date":"11 de June de 2025","format":false,"excerpt":"Bombeiros de Santos juntaram-se aos bombeiros de Franca e Orl\u00e2ndia nas buscas pelo corpo do empres\u00e1rio paulistano 11 de junho de 2025 12:4811 de junho de 2025 12:5011 Compartilhar2 Por: Adalberto Luque As buscas pelo corpo do empres\u00e1rio paulistano Nelson Francisco Carreira Filho, de 44 anos, entraram no s\u00e9timo dia,\u2026","rel":"","context":"In &quot;Not\u00edcias de Ribeir\u00e3o Preto-SP e Regi\u00e3o&quot;","block_context":{"text":"Not\u00edcias de Ribeir\u00e3o Preto-SP e Regi\u00e3o","link":"https:\/\/noticiasribeiraopreto.com.br\/index.php\/category\/noticias-de-ribeirao-preto-sp-e-regiao-ismael-colosi\/"},"img":{"alt_text":"","src":"https:\/\/i0.wp.com\/noticiasribeiraopreto.com.br\/wp-content\/uploads\/2025\/06\/06-jun-2025-casonelsonbuscasriogrande3-scaled.jpg?fit=667%2C500&ssl=1&resize=350%2C200","width":350,"height":200,"srcset":"https:\/\/i0.wp.com\/noticiasribeiraopreto.com.br\/wp-content\/uploads\/2025\/06\/06-jun-2025-casonelsonbuscasriogrande3-scaled.jpg?fit=667%2C500&ssl=1&resize=350%2C200 1x, https:\/\/i0.wp.com\/noticiasribeiraopreto.com.br\/wp-content\/uploads\/2025\/06\/06-jun-2025-casonelsonbuscasriogrande3-scaled.jpg?fit=667%2C500&ssl=1&resize=525%2C300 1.5x"},"classes":[]},{"id":71957,"url":"https:\/\/noticiasribeiraopreto.com.br\/index.php\/2025\/06\/11\/caso-nelson-buscas-pelo-corpo-do-empresario-sao-suspensas-por-tempo-indeterminado\/","url_meta":{"origin":71932,"position":2},"title":"Caso Nelson: buscas pelo corpo do empres\u00e1rio s\u00e3o suspensas por tempo indeterminado","author":"noticiasribeiraopreto.com.br","date":"11 de June de 2025","format":false,"excerpt":"O 9\u00ba Grupamento de Bombeiros anunciou, nesta quarta-feira (11), a suspens\u00e3o por tempo indeterminado das buscas pelo corpo do empres\u00e1rio Nelson Carreira, desaparecido desde 16 de maio de 2025. Segundo depoimento de um dos suspeitos, ele teria sido assassinado em Cravinhos, na regi\u00e3o de Ribeir\u00e3o Preto, e o corpo jogado\u2026","rel":"","context":"In &quot;Not\u00edcias de Ribeir\u00e3o Preto-SP e Regi\u00e3o&quot;","block_context":{"text":"Not\u00edcias de Ribeir\u00e3o Preto-SP e Regi\u00e3o","link":"https:\/\/noticiasribeiraopreto.com.br\/index.php\/category\/noticias-de-ribeirao-preto-sp-e-regiao-ismael-colosi\/"},"img":{"alt_text":"","src":"https:\/\/i0.wp.com\/noticiasribeiraopreto.com.br\/wp-content\/uploads\/2025\/06\/BUSCAS_2025-06-10_14-07-34.webp.webp?fit=1200%2C665&ssl=1&resize=350%2C200","width":350,"height":200,"srcset":"https:\/\/i0.wp.com\/noticiasribeiraopreto.com.br\/wp-content\/uploads\/2025\/06\/BUSCAS_2025-06-10_14-07-34.webp.webp?fit=1200%2C665&ssl=1&resize=350%2C200 1x, https:\/\/i0.wp.com\/noticiasribeiraopreto.com.br\/wp-content\/uploads\/2025\/06\/BUSCAS_2025-06-10_14-07-34.webp.webp?fit=1200%2C665&ssl=1&resize=525%2C300 1.5x, https:\/\/i0.wp.com\/noticiasribeiraopreto.com.br\/wp-content\/uploads\/2025\/06\/BUSCAS_2025-06-10_14-07-34.webp.webp?fit=1200%2C665&ssl=1&resize=700%2C400 2x, https:\/\/i0.wp.com\/noticiasribeiraopreto.com.br\/wp-content\/uploads\/2025\/06\/BUSCAS_2025-06-10_14-07-34.webp.webp?fit=1200%2C665&ssl=1&resize=1050%2C600 3x"},"classes":[]},{"id":70880,"url":"https:\/\/noticiasribeiraopreto.com.br\/index.php\/2025\/05\/30\/bombeiros-iniciam-buscas-no-rio-grande-por-corpo-de-empresario-veja-o-video\/","url_meta":{"origin":71932,"position":3},"title":"Bombeiros iniciam buscas no rio Grande por corpo de empres\u00e1rio; Veja o v\u00eddeo","author":"noticiasribeiraopreto.com.br","date":"30 de May de 2025","format":false,"excerpt":"Os Bombeiros come\u00e7aram na tarde desta sexta-feira (30) as buscas pelo corpo do empres\u00e1rio Nelson Francisco Carreira Filho, no rio Grande, em Miguel\u00f3polis. Os agentes come\u00e7aram os trabalhos nas proximidades do rancho de Marlon Couto Paula J\u00fanior, suspeito de envolvimento na morte do empres\u00e1rio \u2013 veja o v\u00eddeo abaixo. No\u2026","rel":"","context":"In &quot;Not\u00edcias de Ribeir\u00e3o Preto-SP e Regi\u00e3o&quot;","block_context":{"text":"Not\u00edcias de Ribeir\u00e3o Preto-SP e Regi\u00e3o","link":"https:\/\/noticiasribeiraopreto.com.br\/index.php\/category\/noticias-de-ribeirao-preto-sp-e-regiao-ismael-colosi\/"},"img":{"alt_text":"","src":"https:\/\/i0.wp.com\/noticiasribeiraopreto.com.br\/wp-content\/uploads\/2025\/05\/rio-grande_2025-05-30_19-54-15.webp.webp?fit=1200%2C671&ssl=1&resize=350%2C200","width":350,"height":200,"srcset":"https:\/\/i0.wp.com\/noticiasribeiraopreto.com.br\/wp-content\/uploads\/2025\/05\/rio-grande_2025-05-30_19-54-15.webp.webp?fit=1200%2C671&ssl=1&resize=350%2C200 1x, https:\/\/i0.wp.com\/noticiasribeiraopreto.com.br\/wp-content\/uploads\/2025\/05\/rio-grande_2025-05-30_19-54-15.webp.webp?fit=1200%2C671&ssl=1&resize=525%2C300 1.5x, https:\/\/i0.wp.com\/noticiasribeiraopreto.com.br\/wp-content\/uploads\/2025\/05\/rio-grande_2025-05-30_19-54-15.webp.webp?fit=1200%2C671&ssl=1&resize=700%2C400 2x, https:\/\/i0.wp.com\/noticiasribeiraopreto.com.br\/wp-content\/uploads\/2025\/05\/rio-grande_2025-05-30_19-54-15.webp.webp?fit=1200%2C671&ssl=1&resize=1050%2C600 3x"},"classes":[]},{"id":71574,"url":"https:\/\/noticiasribeiraopreto.com.br\/index.php\/2025\/06\/07\/caso-nelson-suspeito-diz-que-jogou-corpo-de-empresario-no-rio-a-mando-do-dono-da-empresa\/","url_meta":{"origin":71932,"position":4},"title":"Caso Nelson: suspeito diz que jogou corpo de empres\u00e1rio no rio a mando do dono da empresa","author":"noticiasribeiraopreto.com.br","date":"7 de June de 2025","format":false,"excerpt":"Um dos presos pelo desaparecimento de Nelson Carreira Filho afirmou \u00e0 Pol\u00edcia Civil que jogou o corpo do empres\u00e1rio no Rio Grande, em Miguel\u00f3polis, a pedido de Marlon Couto Paula Junior, assassino confesso de Nelson. A informa\u00e7\u00e3o foi confirmada na sexta-feira (6) pelo delegado Heitor Assis, que conduz a investiga\u00e7\u00e3o.\u2026","rel":"","context":"In &quot;Not\u00edcias de Ribeir\u00e3o Preto-SP e Regi\u00e3o&quot;","block_context":{"text":"Not\u00edcias de Ribeir\u00e3o Preto-SP e Regi\u00e3o","link":"https:\/\/noticiasribeiraopreto.com.br\/index.php\/category\/noticias-de-ribeirao-preto-sp-e-regiao-ismael-colosi\/"},"img":{"alt_text":"","src":"https:\/\/i0.wp.com\/noticiasribeiraopreto.com.br\/wp-content\/uploads\/2025\/06\/Copia-de-Copia-de-Copia-de-TAMANHO-EXATO-PARA-FOTOS-NO-SISTEMA-NOVO-2025-06-07T103330.265_2025-06-07_13-34-02.webp.webp?fit=1200%2C675&ssl=1&resize=350%2C200","width":350,"height":200,"srcset":"https:\/\/i0.wp.com\/noticiasribeiraopreto.com.br\/wp-content\/uploads\/2025\/06\/Copia-de-Copia-de-Copia-de-TAMANHO-EXATO-PARA-FOTOS-NO-SISTEMA-NOVO-2025-06-07T103330.265_2025-06-07_13-34-02.webp.webp?fit=1200%2C675&ssl=1&resize=350%2C200 1x, https:\/\/i0.wp.com\/noticiasribeiraopreto.com.br\/wp-content\/uploads\/2025\/06\/Copia-de-Copia-de-Copia-de-TAMANHO-EXATO-PARA-FOTOS-NO-SISTEMA-NOVO-2025-06-07T103330.265_2025-06-07_13-34-02.webp.webp?fit=1200%2C675&ssl=1&resize=525%2C300 1.5x, https:\/\/i0.wp.com\/noticiasribeiraopreto.com.br\/wp-content\/uploads\/2025\/06\/Copia-de-Copia-de-Copia-de-TAMANHO-EXATO-PARA-FOTOS-NO-SISTEMA-NOVO-2025-06-07T103330.265_2025-06-07_13-34-02.webp.webp?fit=1200%2C675&ssl=1&resize=700%2C400 2x, https:\/\/i0.wp.com\/noticiasribeiraopreto.com.br\/wp-content\/uploads\/2025\/06\/Copia-de-Copia-de-Copia-de-TAMANHO-EXATO-PARA-FOTOS-NO-SISTEMA-NOVO-2025-06-07T103330.265_2025-06-07_13-34-02.webp.webp?fit=1200%2C675&ssl=1&resize=1050%2C600 3x"},"classes":[]},{"id":70996,"url":"https:\/\/noticiasribeiraopreto.com.br\/index.php\/2025\/06\/01\/caso-nelson-buscas-por-empresario-sao-interrompidas-no-rio-grande\/","url_meta":{"origin":71932,"position":5},"title":"Caso Nelson: Buscas por empres\u00e1rio s\u00e3o interrompidas no rio Grande","author":"noticiasribeiraopreto.com.br","date":"1 de June de 2025","format":false,"excerpt":"As buscas pelo empres\u00e1rio\u00a0Nelson Francisco Carreira Filho foram interrompidas neste domingo (1), no rio Grande, em\u00a0Miguel\u00f3polis, a 130 quil\u00f4metros de\u00a0Ribeir\u00e3o Preto. Na sexta-feira 30), o Corpo de Bombeiros de Franca realizou uma vistoria no local e as buscas foram iniciadas neste s\u00e1bado (31), com uma varredura das encostas pela equipe\u2026","rel":"","context":"In &quot;Not\u00edcias de Ribeir\u00e3o Preto-SP e Regi\u00e3o&quot;","block_context":{"text":"Not\u00edcias de Ribeir\u00e3o Preto-SP e Regi\u00e3o","link":"https:\/\/noticiasribeiraopreto.com.br\/index.php\/category\/noticias-de-ribeirao-preto-sp-e-regiao-ismael-colosi\/"},"img":{"alt_text":"","src":"https:\/\/i0.wp.com\/noticiasribeiraopreto.com.br\/wp-content\/uploads\/2025\/06\/BUSCAS_2025-06-01_16-14-09.webp.webp?fit=1200%2C666&ssl=1&resize=350%2C200","width":350,"height":200,"srcset":"https:\/\/i0.wp.com\/noticiasribeiraopreto.com.br\/wp-content\/uploads\/2025\/06\/BUSCAS_2025-06-01_16-14-09.webp.webp?fit=1200%2C666&ssl=1&resize=350%2C200 1x, https:\/\/i0.wp.com\/noticiasribeiraopreto.com.br\/wp-content\/uploads\/2025\/06\/BUSCAS_2025-06-01_16-14-09.webp.webp?fit=1200%2C666&ssl=1&resize=525%2C300 1.5x, https:\/\/i0.wp.com\/noticiasribeiraopreto.com.br\/wp-content\/uploads\/2025\/06\/BUSCAS_2025-06-01_16-14-09.webp.webp?fit=1200%2C666&ssl=1&resize=700%2C400 2x, https:\/\/i0.wp.com\/noticiasribeiraopreto.com.br\/wp-content\/uploads\/2025\/06\/BUSCAS_2025-06-01_16-14-09.webp.webp?fit=1200%2C666&ssl=1&resize=1050%2C600 3x"},"classes":[]}],"jetpack_sharing_enabled":true,"jetpack_shortlink":"https:\/\/wp.me\/peQAOb-iIc","_links":{"self":[{"href":"https:\/\/noticiasribeiraopreto.com.br\/index.php\/wp-json\/wp\/v2\/posts\/71932","targetHints":{"allow":["GET"]}}],"collection":[{"href":"https:\/\/noticiasribeiraopreto.com.br\/index.php\/wp-json\/wp\/v2\/posts"}],"about":[{"href":"https:\/\/noticiasribeiraopreto.com.br\/index.php\/wp-json\/wp\/v2\/types\/post"}],"author":[{"embeddable":true,"href":"https:\/\/noticiasribeiraopreto.com.br\/index.php\/wp-json\/wp\/v2\/users\/1"}],"replies":[{"embeddable":true,"href":"https:\/\/noticiasribeiraopreto.com.br\/index.php\/wp-json\/wp\/v2\/comments?post=71932"}],"version-history":[{"count":0,"href":"https:\/\/noticiasribeiraopreto.com.br\/index.php\/wp-json\/wp\/v2\/posts\/71932\/revisions"}],"wp:featuredmedia":[{"embeddable":true,"href":"https:\/\/noticiasribeiraopreto.com.br\/index.php\/wp-json\/wp\/v2\/media\/71933"}],"wp:attachment":[{"href":"https:\/\/noticiasribeiraopreto.com.br\/index.php\/wp-json\/wp\/v2\/media?parent=71932"}],"wp:term":[{"taxonomy":"category","embeddable":true,"href":"https:\/\/noticiasribeiraopreto.com.br\/index.php\/wp-json\/wp\/v2\/categories?post=71932"},{"taxonomy":"post_tag","embeddable":true,"href":"https:\/\/noticiasribeiraopreto.com.br\/index.php\/wp-json\/wp\/v2\/tags?post=71932"}],"curies":[{"name":"wp","href":"https:\/\/api.w.org\/{rel}","templated":true}]}}