{"id":71934,"date":"2025-06-11T15:23:24","date_gmt":"2025-06-11T18:23:24","guid":{"rendered":"https:\/\/noticiasribeiraopreto.com.br\/index.php\/2025\/06\/11\/frio-extremo-atinge-interior-de-sp-e-temperatura-pode-chegar-a-2oc-veja-onde\/"},"modified":"2025-06-11T15:23:24","modified_gmt":"2025-06-11T18:23:24","slug":"frio-extremo-atinge-interior-de-sp-e-temperatura-pode-chegar-a-2oc-veja-onde","status":"publish","type":"post","link":"https:\/\/noticiasribeiraopreto.com.br\/index.php\/2025\/06\/11\/frio-extremo-atinge-interior-de-sp-e-temperatura-pode-chegar-a-2oc-veja-onde\/","title":{"rendered":"Frio extremo atinge interior de SP e temperatura pode chegar a 2\u00baC; Veja onde"},"content":{"rendered":"<p> <br \/>\n<\/p>\n<div data-td-block-uid=\"tdi_95\">\n<div class=\"tdb-block-inner td-fix-index\">\n<p>O <strong>interior do estado de S\u00e3o Paulo<\/strong> est\u00e1 em <strong>alerta para baixas temperaturas<\/strong> a partir desta quarta-feira (11). De acordo com a <strong>Defesa Civil, <\/strong>o cen\u00e1rio deve se manter o mesmo at\u00e9 <strong>sexta-feira (14)<\/strong>.<\/p>\n<p>Segundo o <strong>CGE (Centro de Gerenciamento de Emerg\u00eancias)<\/strong>, a chegada de ventos da regi\u00e3o Sul criam condi\u00e7\u00f5es para essa queda significativa nas temperaturas. <strong><mark style=\"background-color:#fcb900\" class=\"has-inline-color\">Em algumas regi\u00f5es, a temperatura pode chegar aos 2\u00baC \u2013 veja abaixo.<\/mark><\/strong><\/p>\n<p>A meteorologista <strong>Jos\u00e9lia Pegorim<\/strong>, da <strong>Climatempo<\/strong>, explica que as menores temperaturas ser\u00e3o sentidas no per\u00edodo da noite e da manh\u00e3.<\/p>\n<figure class=\"wp-block-pullquote\">\n<blockquote>\n<p>At\u00e9 o final desta semana, as noites e o amanhecer ficam mais frios Por\u00e9m, a presen\u00e7a do ar frio de origem polar vai evitar que a temperatura suba muito durante a tarde, mesmo com a presen\u00e7a do sol forte em muitos locais<\/p>\n<\/blockquote>\n<\/figure>\n<h2 class=\"wp-block-heading\"><strong>Regi\u00f5es est\u00e3o em alerta para queda de temperatura<\/strong><\/h2>\n<p>De acordo com o comunicado emitido pela <strong>Defesa Civil do Estado de S\u00e3o Paulo<\/strong>, as regi\u00f5es de est\u00e3o em <strong>alerta para baixas temperaturas<\/strong> s\u00e3o:<\/p>\n<ul class=\"wp-block-list\">\n<li><strong><mark style=\"background-color:#f04747\" class=\"has-inline-color\">Serra da Mantiqueira: 2\u00baC<\/mark><\/strong><\/li>\n<\/ul>\n<ul class=\"wp-block-list\">\n<li>Vale do Ribeira, Itapeva, Sorocaba, Campinas e Vale do Para\u00edba: 8\u00baC<\/li>\n<\/ul>\n<ul class=\"wp-block-list\">\n<li>Metropolitana de S\u00e3o Paulo, Bauru, Araraquara, Barretos, Franca e <strong>Ribeir\u00e3o Preto<\/strong>: 9\u00baC<\/li>\n<\/ul>\n<ul class=\"wp-block-list\">\n<li>Litoral Norte, Presidente Prudente, Mar\u00edlia, Ara\u00e7atuba e S\u00e3o Jos\u00e9 do Rio Preto: 11\u00baC<\/li>\n<\/ul>\n<h3 class=\"wp-block-heading\"><strong>Quando o frio diminui?<\/strong><\/h3>\n<p>Segundo a <strong>Climatempo<\/strong>, a grande massa de ar frio est\u00e1 provocando as <strong>baixas temperaturas<\/strong> <mark style=\"background-color:#fcb900\" class=\"has-inline-color\">vai se afastar do pa\u00eds no fim de semana<\/mark>. \u201cA maior diferen\u00e7a nas temperaturas ser\u00e1 sentida a partir do domingo\u201d.<\/p>\n<p>Embora o cen\u00e1rio mude, a meteorologia alerta para as <strong>condi\u00e7\u00f5es de chuva<\/strong>, que voltam a aumentar no Centro-Sul do pa\u00eds.<\/p>\n<hr class=\"wp-block-separator has-alpha-channel-opacity\"\/>\n<p>SAIBA MAIS<\/p>\n<p>Ribeir\u00e3o Preto registra 11,9\u00b0C na manh\u00e3 desta quarta; Veja previs\u00e3o<\/p>\n<h4 class=\"wp-block-heading\"><strong>FIQUE ON<\/strong><\/h4>\n<p>Quer ficar por dentro de tudo que acontece em Ribeir\u00e3o Preto e regi\u00e3o? Ent\u00e3o siga os perfis do\u202facidade on\u202fno\u202f<a href=\"https:\/\/www.instagram.com\/acidadeonribeirao\" target=\"_blank\" rel=\"noreferrer noopener\">Instagram<\/a>\u202fe no\u202f<a href=\"https:\/\/www.facebook.com\/acidadeonribeirao\/\" target=\"_blank\" rel=\"noreferrer noopener\">Facebook<\/a>.<\/p>\n<p>Al\u00e9m disso, voc\u00ea pode receber as principais not\u00edcias diretamente no WhatsApp. Para isso, basta\u00a0<a href=\"https:\/\/chat.whatsapp.com\/BjKQZ9oJwlz8VVT50NuePq\" target=\"_blank\" rel=\"noreferrer noopener\">entrar no grupo clicando aqui<\/a>.<\/p>\n<p>Por fim, se quiser fazer uma den\u00fancia ou sugerir uma reportagem sobre Ribeir\u00e3o Preto e regi\u00e3o, envie uma mensagem pelo WhatsApp: (16) 99117-7802.<\/p>\n<p>VEJA TAMB\u00c9M<\/p>\n<p><!-- CONTENT END 1 -->\n<\/div>\n<\/div>\n<p><script async src=\"\/\/www.instagram.com\/embed.js\"><\/script><br \/>\n<br \/><br \/>\n<br \/><a href=\"https:\/\/www.acidadeon.com\/ribeiraopreto\/cotidiano\/frio-extremo-atinge-interior-de-sp-e-temperatura-pode-chegar-a-2oc-veja-onde\/\">Source link <\/a><\/p>\n","protected":false},"excerpt":{"rendered":"<p>O interior do estado de S\u00e3o Paulo est\u00e1 em alerta para baixas temperaturas a partir desta quarta-feira (11). De acordo com a Defesa Civil, o&#8230;<\/p>\n","protected":false},"author":1,"featured_media":71935,"comment_status":"open","ping_status":"open","sticky":false,"template":"","format":"standard","meta":{"advanced_seo_description":"","jetpack_seo_html_title":"","jetpack_seo_noindex":false,"jetpack_post_was_ever_published":false,"_jetpack_newsletter_access":"","_jetpack_dont_email_post_to_subs":false,"_jetpack_newsletter_tier_id":0,"_jetpack_memberships_contains_paywalled_content":false,"_jetpack_memberships_contains_paid_content":false,"footnotes":"","jetpack_publicize_message":"","jetpack_publicize_feature_enabled":true,"jetpack_social_post_already_shared":true,"jetpack_social_options":{"image_generator_settings":{"template":"highway","default_image_id":0,"font":"","enabled":false},"version":2}},"categories":[11],"tags":[],"class_list":["post-71934","post","type-post","status-publish","format-standard","has-post-thumbnail","hentry","category-noticias-de-ribeirao-preto-sp-e-regiao-ismael-colosi"],"jetpack_publicize_connections":[],"jetpack_featured_media_url":"https:\/\/i0.wp.com\/noticiasribeiraopreto.com.br\/wp-content\/uploads\/2025\/06\/frio_deve_1024x576_26072021125814.jpg?fit=1024%2C576&ssl=1","jetpack-related-posts":[{"id":68850,"url":"https:\/\/noticiasribeiraopreto.com.br\/index.php\/2025\/04\/29\/frio-surpreende-durante-o-feriado-e-minima-pode-chegar-a-14oc-veja-a-previsao\/","url_meta":{"origin":71934,"position":0},"title":"Frio surpreende durante o feriado, e m\u00ednima pode chegar a 14\u00baC; veja a previs\u00e3o","author":"noticiasribeiraopreto.com.br","date":"29 de April de 2025","format":false,"excerpt":"Nesta semana de grandes eventos em Ribeir\u00e3o Preto, como a Agrishow e o Ribeir\u00e3o Rodeo Music, a previs\u00e3o do tempo indica mudan\u00e7as significativas no tempo. A partir desta ter\u00e7a-feira (29), uma frente fria come\u00e7a a se afastar do estado de S\u00e3o Paulo, dando espa\u00e7o para a chegada de ar frio\u2026","rel":"","context":"In &quot;Not\u00edcias de Ribeir\u00e3o Preto-SP e Regi\u00e3o&quot;","block_context":{"text":"Not\u00edcias de Ribeir\u00e3o Preto-SP e Regi\u00e3o","link":"https:\/\/noticiasribeiraopreto.com.br\/index.php\/category\/noticias-de-ribeirao-preto-sp-e-regiao-ismael-colosi\/"},"img":{"alt_text":"","src":"https:\/\/i0.wp.com\/noticiasribeiraopreto.com.br\/wp-content\/uploads\/2025\/04\/WhatsApp-Image-2024-02-18-at-09.57.43-1.jpeg?fit=1200%2C756&ssl=1&resize=350%2C200","width":350,"height":200,"srcset":"https:\/\/i0.wp.com\/noticiasribeiraopreto.com.br\/wp-content\/uploads\/2025\/04\/WhatsApp-Image-2024-02-18-at-09.57.43-1.jpeg?fit=1200%2C756&ssl=1&resize=350%2C200 1x, https:\/\/i0.wp.com\/noticiasribeiraopreto.com.br\/wp-content\/uploads\/2025\/04\/WhatsApp-Image-2024-02-18-at-09.57.43-1.jpeg?fit=1200%2C756&ssl=1&resize=525%2C300 1.5x, https:\/\/i0.wp.com\/noticiasribeiraopreto.com.br\/wp-content\/uploads\/2025\/04\/WhatsApp-Image-2024-02-18-at-09.57.43-1.jpeg?fit=1200%2C756&ssl=1&resize=700%2C400 2x, https:\/\/i0.wp.com\/noticiasribeiraopreto.com.br\/wp-content\/uploads\/2025\/04\/WhatsApp-Image-2024-02-18-at-09.57.43-1.jpeg?fit=1200%2C756&ssl=1&resize=1050%2C600 3x"},"classes":[]},{"id":46862,"url":"https:\/\/noticiasribeiraopreto.com.br\/index.php\/2024\/04\/15\/entenda-como-sera-a-onda-de-frio-veja-as-temperaturas-no-interior-de-sp\/","url_meta":{"origin":71934,"position":1},"title":"Entenda como ser\u00e1 a onda de frio; Veja as temperaturas no interior de SP","author":"noticiasribeiraopreto.com.br","date":"15 de April de 2024","format":false,"excerpt":"Uma massa de ar de origem polar deve causar a primeira queda de temperatura acentuada do outono nos pr\u00f3ximos dias. Segundo a Climatempo, a frente fria se forma nesta ter\u00e7a-feira (16) entre o Brasil, o Uruguai e a Argentina, e est\u00e1 associada a um intenso ciclone extratropical \u2013 que n\u00e3o\u2026","rel":"","context":"In &quot;Not\u00edcias de Ribeir\u00e3o Preto-SP e Regi\u00e3o&quot;","block_context":{"text":"Not\u00edcias de Ribeir\u00e3o Preto-SP e Regi\u00e3o","link":"https:\/\/noticiasribeiraopreto.com.br\/index.php\/category\/noticias-de-ribeirao-preto-sp-e-regiao-ismael-colosi\/"},"img":{"alt_text":"","src":"https:\/\/i0.wp.com\/noticiasribeiraopreto.com.br\/wp-content\/uploads\/2024\/04\/frio_ribeirao_1024x576_30062021063120.jpg?fit=1024%2C576&ssl=1&resize=350%2C200","width":350,"height":200,"srcset":"https:\/\/i0.wp.com\/noticiasribeiraopreto.com.br\/wp-content\/uploads\/2024\/04\/frio_ribeirao_1024x576_30062021063120.jpg?fit=1024%2C576&ssl=1&resize=350%2C200 1x, https:\/\/i0.wp.com\/noticiasribeiraopreto.com.br\/wp-content\/uploads\/2024\/04\/frio_ribeirao_1024x576_30062021063120.jpg?fit=1024%2C576&ssl=1&resize=525%2C300 1.5x, https:\/\/i0.wp.com\/noticiasribeiraopreto.com.br\/wp-content\/uploads\/2024\/04\/frio_ribeirao_1024x576_30062021063120.jpg?fit=1024%2C576&ssl=1&resize=700%2C400 2x"},"classes":[]},{"id":51219,"url":"https:\/\/noticiasribeiraopreto.com.br\/index.php\/2024\/05\/24\/chuva-e-frio-fim-de-semana-tem-virada-no-tempo-no-interior-de-sp-veja-a-previsao\/","url_meta":{"origin":71934,"position":2},"title":"Chuva e frio: Fim de semana tem virada no tempo no interior de SP; Veja a previs\u00e3o","author":"noticiasribeiraopreto.com.br","date":"24 de May de 2024","format":false,"excerpt":"Uma frente fria avan\u00e7a nesta sexta-feira (24) e a umidade pode trazer chuva isolada\u00a0para Ribeir\u00e3o Preto no fim da tarde e \u00e0 noite, segundo a Climatempo. Com o avan\u00e7o deste sistema, tamb\u00e9m est\u00e3o previstas rajadas de vento de at\u00e9 70 km\/h hoje. Onda de frio A 1\u00aa onda de frio\u2026","rel":"","context":"In &quot;Not\u00edcias de Ribeir\u00e3o Preto-SP e Regi\u00e3o&quot;","block_context":{"text":"Not\u00edcias de Ribeir\u00e3o Preto-SP e Regi\u00e3o","link":"https:\/\/noticiasribeiraopreto.com.br\/index.php\/category\/noticias-de-ribeirao-preto-sp-e-regiao-ismael-colosi\/"},"img":{"alt_text":"","src":"https:\/\/i0.wp.com\/noticiasribeiraopreto.com.br\/wp-content\/uploads\/2024\/05\/WhatsApp-Image-2024-02-16-at-11.24.48.jpeg?fit=1200%2C540&ssl=1&resize=350%2C200","width":350,"height":200,"srcset":"https:\/\/i0.wp.com\/noticiasribeiraopreto.com.br\/wp-content\/uploads\/2024\/05\/WhatsApp-Image-2024-02-16-at-11.24.48.jpeg?fit=1200%2C540&ssl=1&resize=350%2C200 1x, https:\/\/i0.wp.com\/noticiasribeiraopreto.com.br\/wp-content\/uploads\/2024\/05\/WhatsApp-Image-2024-02-16-at-11.24.48.jpeg?fit=1200%2C540&ssl=1&resize=525%2C300 1.5x, https:\/\/i0.wp.com\/noticiasribeiraopreto.com.br\/wp-content\/uploads\/2024\/05\/WhatsApp-Image-2024-02-16-at-11.24.48.jpeg?fit=1200%2C540&ssl=1&resize=700%2C400 2x, https:\/\/i0.wp.com\/noticiasribeiraopreto.com.br\/wp-content\/uploads\/2024\/05\/WhatsApp-Image-2024-02-16-at-11.24.48.jpeg?fit=1200%2C540&ssl=1&resize=1050%2C600 3x"},"classes":[]},{"id":51341,"url":"https:\/\/noticiasribeiraopreto.com.br\/index.php\/2024\/05\/25\/frente-fria-chega-e-derruba-temperatura-no-interior-de-sp-veja-como-fica-ribeirao\/","url_meta":{"origin":71934,"position":3},"title":"Frente fria chega e derruba temperatura no interior de SP; Veja como fica Ribeir\u00e3o","author":"noticiasribeiraopreto.com.br","date":"25 de May de 2024","format":false,"excerpt":"A passagem de uma frente fria pelo interior do estado de S\u00e3o Paulo, neste final de semana, causou uma queda acentuada nas temperaturas de diversas regi\u00f5es. De acordo com a meteorologia, essa massa de ar frio de origem polar \u00e9 a mais intensa no Brasil neste ano, at\u00e9 agora. Neste\u2026","rel":"","context":"In &quot;Not\u00edcias de Ribeir\u00e3o Preto-SP e Regi\u00e3o&quot;","block_context":{"text":"Not\u00edcias de Ribeir\u00e3o Preto-SP e Regi\u00e3o","link":"https:\/\/noticiasribeiraopreto.com.br\/index.php\/category\/noticias-de-ribeirao-preto-sp-e-regiao-ismael-colosi\/"},"img":{"alt_text":"","src":"https:\/\/i0.wp.com\/noticiasribeiraopreto.com.br\/wp-content\/uploads\/2024\/05\/WhatsApp-Image-2024-05-25-at-10.12.29_2024-05-25_13-12-53_jpeg_2024-05-25_13-12-54.webp.webp?fit=1200%2C900&ssl=1&resize=350%2C200","width":350,"height":200,"srcset":"https:\/\/i0.wp.com\/noticiasribeiraopreto.com.br\/wp-content\/uploads\/2024\/05\/WhatsApp-Image-2024-05-25-at-10.12.29_2024-05-25_13-12-53_jpeg_2024-05-25_13-12-54.webp.webp?fit=1200%2C900&ssl=1&resize=350%2C200 1x, https:\/\/i0.wp.com\/noticiasribeiraopreto.com.br\/wp-content\/uploads\/2024\/05\/WhatsApp-Image-2024-05-25-at-10.12.29_2024-05-25_13-12-53_jpeg_2024-05-25_13-12-54.webp.webp?fit=1200%2C900&ssl=1&resize=525%2C300 1.5x, https:\/\/i0.wp.com\/noticiasribeiraopreto.com.br\/wp-content\/uploads\/2024\/05\/WhatsApp-Image-2024-05-25-at-10.12.29_2024-05-25_13-12-53_jpeg_2024-05-25_13-12-54.webp.webp?fit=1200%2C900&ssl=1&resize=700%2C400 2x, https:\/\/i0.wp.com\/noticiasribeiraopreto.com.br\/wp-content\/uploads\/2024\/05\/WhatsApp-Image-2024-05-25-at-10.12.29_2024-05-25_13-12-53_jpeg_2024-05-25_13-12-54.webp.webp?fit=1200%2C900&ssl=1&resize=1050%2C600 3x"},"classes":[]},{"id":51663,"url":"https:\/\/noticiasribeiraopreto.com.br\/index.php\/2024\/05\/29\/segunda-onda-de-frio-chega-ao-estado-de-sp-e-derruba-as-temperaturas\/","url_meta":{"origin":71934,"position":4},"title":"Segunda onda de frio chega ao estado de SP e derruba as temperaturas","author":"noticiasribeiraopreto.com.br","date":"29 de May de 2024","format":false,"excerpt":"A segunda onda de frio de 2024 come\u00e7ou a se formar e deve derrubar as temperaturas no estado S\u00e3o Paulo, a apartir da noite desta ter\u00e7a-feira (28). De acordo com os meteorologistas, ap\u00f3s a forma\u00e7\u00e3o de ciclone extratropical e sua frente fria na segunda (27), a alta p\u00f3s frontal avan\u00e7ar\u00e1\u2026","rel":"","context":"In &quot;Not\u00edcias de Ribeir\u00e3o Preto-SP e Regi\u00e3o&quot;","block_context":{"text":"Not\u00edcias de Ribeir\u00e3o Preto-SP e Regi\u00e3o","link":"https:\/\/noticiasribeiraopreto.com.br\/index.php\/category\/noticias-de-ribeirao-preto-sp-e-regiao-ismael-colosi\/"},"img":{"alt_text":"","src":"https:\/\/i0.wp.com\/noticiasribeiraopreto.com.br\/wp-content\/uploads\/2024\/04\/AnyConv.com__frio.webp.webp?fit=1200%2C800&ssl=1&resize=350%2C200","width":350,"height":200,"srcset":"https:\/\/i0.wp.com\/noticiasribeiraopreto.com.br\/wp-content\/uploads\/2024\/04\/AnyConv.com__frio.webp.webp?fit=1200%2C800&ssl=1&resize=350%2C200 1x, https:\/\/i0.wp.com\/noticiasribeiraopreto.com.br\/wp-content\/uploads\/2024\/04\/AnyConv.com__frio.webp.webp?fit=1200%2C800&ssl=1&resize=525%2C300 1.5x, https:\/\/i0.wp.com\/noticiasribeiraopreto.com.br\/wp-content\/uploads\/2024\/04\/AnyConv.com__frio.webp.webp?fit=1200%2C800&ssl=1&resize=700%2C400 2x, https:\/\/i0.wp.com\/noticiasribeiraopreto.com.br\/wp-content\/uploads\/2024\/04\/AnyConv.com__frio.webp.webp?fit=1200%2C800&ssl=1&resize=1050%2C600 3x"},"classes":[]},{"id":45123,"url":"https:\/\/noticiasribeiraopreto.com.br\/index.php\/2024\/04\/02\/veja-quando-o-frio-deve-chegar-ao-interior-de-sp\/","url_meta":{"origin":71934,"position":5},"title":"Veja quando o frio deve chegar ao interior de SP","author":"noticiasribeiraopreto.com.br","date":"2 de April de 2024","format":false,"excerpt":"O in\u00edcio do m\u00eas de abril deve ser de calor no interior de S\u00e3o Paulo, com a temperatura m\u00e1xima prevista de 34\u00b0C na pr\u00f3xima sexta-feira (5) em Ribeir\u00e3o Preto. Contudo, o frio deve chegar ao interior paulista a partir da pr\u00f3xima semana. De acordo com a meteorologista Paola Bueno, do\u2026","rel":"","context":"In &quot;Not\u00edcias de Ribeir\u00e3o Preto-SP e Regi\u00e3o&quot;","block_context":{"text":"Not\u00edcias de Ribeir\u00e3o Preto-SP e Regi\u00e3o","link":"https:\/\/noticiasribeiraopreto.com.br\/index.php\/category\/noticias-de-ribeirao-preto-sp-e-regiao-ismael-colosi\/"},"img":{"alt_text":"","src":"https:\/\/i0.wp.com\/noticiasribeiraopreto.com.br\/wp-content\/uploads\/2024\/04\/AnyConv.com__frio.webp.webp?fit=1200%2C800&ssl=1&resize=350%2C200","width":350,"height":200,"srcset":"https:\/\/i0.wp.com\/noticiasribeiraopreto.com.br\/wp-content\/uploads\/2024\/04\/AnyConv.com__frio.webp.webp?fit=1200%2C800&ssl=1&resize=350%2C200 1x, https:\/\/i0.wp.com\/noticiasribeiraopreto.com.br\/wp-content\/uploads\/2024\/04\/AnyConv.com__frio.webp.webp?fit=1200%2C800&ssl=1&resize=525%2C300 1.5x, https:\/\/i0.wp.com\/noticiasribeiraopreto.com.br\/wp-content\/uploads\/2024\/04\/AnyConv.com__frio.webp.webp?fit=1200%2C800&ssl=1&resize=700%2C400 2x, https:\/\/i0.wp.com\/noticiasribeiraopreto.com.br\/wp-content\/uploads\/2024\/04\/AnyConv.com__frio.webp.webp?fit=1200%2C800&ssl=1&resize=1050%2C600 3x"},"classes":[]}],"jetpack_sharing_enabled":true,"jetpack_shortlink":"https:\/\/wp.me\/peQAOb-iIe","_links":{"self":[{"href":"https:\/\/noticiasribeiraopreto.com.br\/index.php\/wp-json\/wp\/v2\/posts\/71934","targetHints":{"allow":["GET"]}}],"collection":[{"href":"https:\/\/noticiasribeiraopreto.com.br\/index.php\/wp-json\/wp\/v2\/posts"}],"about":[{"href":"https:\/\/noticiasribeiraopreto.com.br\/index.php\/wp-json\/wp\/v2\/types\/post"}],"author":[{"embeddable":true,"href":"https:\/\/noticiasribeiraopreto.com.br\/index.php\/wp-json\/wp\/v2\/users\/1"}],"replies":[{"embeddable":true,"href":"https:\/\/noticiasribeiraopreto.com.br\/index.php\/wp-json\/wp\/v2\/comments?post=71934"}],"version-history":[{"count":0,"href":"https:\/\/noticiasribeiraopreto.com.br\/index.php\/wp-json\/wp\/v2\/posts\/71934\/revisions"}],"wp:featuredmedia":[{"embeddable":true,"href":"https:\/\/noticiasribeiraopreto.com.br\/index.php\/wp-json\/wp\/v2\/media\/71935"}],"wp:attachment":[{"href":"https:\/\/noticiasribeiraopreto.com.br\/index.php\/wp-json\/wp\/v2\/media?parent=71934"}],"wp:term":[{"taxonomy":"category","embeddable":true,"href":"https:\/\/noticiasribeiraopreto.com.br\/index.php\/wp-json\/wp\/v2\/categories?post=71934"},{"taxonomy":"post_tag","embeddable":true,"href":"https:\/\/noticiasribeiraopreto.com.br\/index.php\/wp-json\/wp\/v2\/tags?post=71934"}],"curies":[{"name":"wp","href":"https:\/\/api.w.org\/{rel}","templated":true}]}}