{"id":71982,"date":"2025-06-12T09:06:38","date_gmt":"2025-06-12T12:06:38","guid":{"rendered":"https:\/\/noticiasribeiraopreto.com.br\/index.php\/2025\/06\/12\/adolescente-e-atropelado-por-onibus-em-avenida-de-ribeirao-preto\/"},"modified":"2025-06-12T09:06:38","modified_gmt":"2025-06-12T12:06:38","slug":"adolescente-e-atropelado-por-onibus-em-avenida-de-ribeirao-preto","status":"publish","type":"post","link":"https:\/\/noticiasribeiraopreto.com.br\/index.php\/2025\/06\/12\/adolescente-e-atropelado-por-onibus-em-avenida-de-ribeirao-preto\/","title":{"rendered":"Adolescente \u00e9 atropelado por \u00f4nibus em avenida de Ribeir\u00e3o Preto"},"content":{"rendered":"<p> <br \/>\n<\/p>\n<div data-td-block-uid=\"tdi_95\">\n<div class=\"tdb-block-inner td-fix-index\">\n<p><strong>Um adolescente foi atropelado por um \u00f4nibus do transporte p\u00fablico na manh\u00e3 desta quinta-feira (12), na avenida Presidente Vargas, em frente \u00e0 Pra\u00e7a Salvador Spadoni, em Ribeir\u00e3o Preto.<\/strong><\/p>\n<p>Segundo a <a href=\"https:\/\/www.ribeiraopreto.sp.gov.br\/portal\/rpmobi\/\">RP Mobi<\/a>, <mark style=\"background-color:#fcb900\" class=\"has-inline-color has-black-color\">a v\u00edtima foi socorrida e a faixa de \u00f4nibus tem interdi\u00e7\u00e3o na pista sentido \u00e0 zona Sul, no cruzamento com a avenida Nove de Julho.<\/mark> N\u00e3o h\u00e1, por\u00e9m, <strong>informa\u00e7\u00f5es <\/strong>sobre o <strong>estado <\/strong>de <strong>sa\u00fade <\/strong>do <strong>adolescente<\/strong>.<\/p>\n<p>As causas ainda dever\u00e3o ser apuradas.<\/p>\n<p>SAIBA MAIS<\/p>\n<p>Ribeir\u00e3o Preto registra 9\u00b0C na manh\u00e3 desta quinta; Veja at\u00e9 quando vai a onda de frio<\/p>\n<h2 class=\"wp-block-heading\"><strong>FIQUE ON<\/strong><\/h2>\n<p>Quer ficar por dentro de tudo que acontece em Ribeir\u00e3o Preto e regi\u00e3o? Ent\u00e3o siga os perfis do\u202facidade on\u202fno\u202f<a href=\"https:\/\/www.instagram.com\/acidadeonribeirao\" target=\"_blank\" rel=\"noreferrer noopener\">Instagram<\/a>\u202fe no\u202f<a href=\"https:\/\/www.facebook.com\/acidadeonribeirao\/\" target=\"_blank\" rel=\"noreferrer noopener\">Facebook<\/a>.<\/p>\n<p>Al\u00e9m disso, voc\u00ea pode receber as principais not\u00edcias diretamente no WhatsApp. Para isso, basta\u00a0<a href=\"https:\/\/chat.whatsapp.com\/BjKQZ9oJwlz8VVT50NuePq\" target=\"_blank\" rel=\"noreferrer noopener\">entrar no grupo clicando aqui<\/a>.<\/p>\n<p>Por fim, se quiser fazer uma den\u00fancia ou sugerir uma reportagem sobre Ribeir\u00e3o Preto e regi\u00e3o, envie uma mensagem pelo WhatsApp: (16) 99117-7802.<\/p>\n<p>VEJA TAMB\u00c9M<\/p>\n<p>Qual \u00e9 a diferen\u00e7a entre a Irlanda e a Irlanda do Norte?<\/p>\n<p><!-- CONTENT END 2 -->\n<\/div>\n<\/div>\n<p><script async src=\"\/\/www.instagram.com\/embed.js\"><\/script><br \/>\n<br \/><br \/>\n<br \/><a href=\"https:\/\/www.acidadeon.com\/ribeiraopreto\/cotidiano\/adolescente-e-atropelado-por-onibus-em-avenida-de-ribeirao-preto\/\">Source link <\/a><\/p>\n","protected":false},"excerpt":{"rendered":"<p>Um adolescente foi atropelado por um \u00f4nibus do transporte p\u00fablico na manh\u00e3 desta quinta-feira (12), na avenida Presidente Vargas, em frente \u00e0 Pra\u00e7a Salvador Spadoni,&#8230;<\/p>\n","protected":false},"author":1,"featured_media":71983,"comment_status":"open","ping_status":"open","sticky":false,"template":"","format":"standard","meta":{"advanced_seo_description":"","jetpack_seo_html_title":"","jetpack_seo_noindex":false,"jetpack_post_was_ever_published":false,"_jetpack_newsletter_access":"","_jetpack_dont_email_post_to_subs":false,"_jetpack_newsletter_tier_id":0,"_jetpack_memberships_contains_paywalled_content":false,"_jetpack_memberships_contains_paid_content":false,"footnotes":"","jetpack_publicize_message":"","jetpack_publicize_feature_enabled":true,"jetpack_social_post_already_shared":true,"jetpack_social_options":{"image_generator_settings":{"template":"highway","default_image_id":0,"font":"","enabled":false},"version":2}},"categories":[11],"tags":[],"class_list":["post-71982","post","type-post","status-publish","format-standard","has-post-thumbnail","hentry","category-noticias-de-ribeirao-preto-sp-e-regiao-ismael-colosi"],"jetpack_publicize_connections":[],"jetpack_featured_media_url":"https:\/\/i0.wp.com\/noticiasribeiraopreto.com.br\/wp-content\/uploads\/2025\/06\/WhatsApp-Image-2025-06-12-at-08.27.51_2025-06-12_11-36-09.webp.webp?fit=1200%2C675&ssl=1","jetpack-related-posts":[{"id":84431,"url":"https:\/\/noticiasribeiraopreto.com.br\/index.php\/2026\/04\/09\/idoso-e-atropelado-por-onibus-em-avenida-de-ribeirao-preto\/","url_meta":{"origin":71982,"position":0},"title":"Idoso \u00e9 atropelado por \u00f4nibus em avenida de Ribeir\u00e3o Preto","author":"noticiasribeiraopreto.com.br","date":"9 de April de 2026","format":false,"excerpt":"Ler o resumo da not\u00edcia Idoso foi atropelado por \u00f4nibus emavenida de Ribeir\u00e3o Preto, pr\u00f3ximo \u00e0 rua Bernardino de Campos. O acidente ocorreu entre o Centro e a Vila Seixas, antes do acesso ao t\u00fanel Jos\u00e9 Bonif\u00e1cio. O ve\u00edculo seguia no sentido zona Sul, na linha Ribeir\u00e3o Preto - Luiz\u2026","rel":"","context":"In &quot;Not\u00edcias de Ribeir\u00e3o Preto-SP e Regi\u00e3o&quot;","block_context":{"text":"Not\u00edcias de Ribeir\u00e3o Preto-SP e Regi\u00e3o","link":"https:\/\/noticiasribeiraopreto.com.br\/index.php\/category\/noticias-de-ribeirao-preto-sp-e-regiao-ismael-colosi\/"},"img":{"alt_text":"","src":"https:\/\/i0.wp.com\/noticiasribeiraopreto.com.br\/wp-content\/uploads\/2026\/04\/acidente-onibus_2026-04-09_16-08-16.webp.webp?fit=1200%2C719&ssl=1&resize=350%2C200","width":350,"height":200,"srcset":"https:\/\/i0.wp.com\/noticiasribeiraopreto.com.br\/wp-content\/uploads\/2026\/04\/acidente-onibus_2026-04-09_16-08-16.webp.webp?fit=1200%2C719&ssl=1&resize=350%2C200 1x, https:\/\/i0.wp.com\/noticiasribeiraopreto.com.br\/wp-content\/uploads\/2026\/04\/acidente-onibus_2026-04-09_16-08-16.webp.webp?fit=1200%2C719&ssl=1&resize=525%2C300 1.5x, https:\/\/i0.wp.com\/noticiasribeiraopreto.com.br\/wp-content\/uploads\/2026\/04\/acidente-onibus_2026-04-09_16-08-16.webp.webp?fit=1200%2C719&ssl=1&resize=700%2C400 2x, https:\/\/i0.wp.com\/noticiasribeiraopreto.com.br\/wp-content\/uploads\/2026\/04\/acidente-onibus_2026-04-09_16-08-16.webp.webp?fit=1200%2C719&ssl=1&resize=1050%2C600 3x"},"classes":[]},{"id":63630,"url":"https:\/\/noticiasribeiraopreto.com.br\/index.php\/2025\/02\/18\/identificado-ciclista-que-morreu-atropelado-por-onibus-em-avenida-de-ribeirao-preto\/","url_meta":{"origin":71982,"position":1},"title":"Identificado ciclista que morreu atropelado por \u00f4nibus em avenida de Ribeir\u00e3o Preto","author":"noticiasribeiraopreto.com.br","date":"18 de February de 2025","format":false,"excerpt":"A Pol\u00edcia Civil identificou o ciclista morto na tarde desta segunda-feira (17), ap\u00f3s ser atropelado por um \u00f4nibus intermunicipal, na avenida Independ\u00eancia, ao lado da pra\u00e7a Salvador Spadoni, em Ribeir\u00e3o Preto. Segundo o boletim de ocorr\u00eancia (BO), Roberio Pereira Lima, de 53 anos, morreu no local. Ainda consta no BO,\u2026","rel":"","context":"In &quot;Not\u00edcias de Ribeir\u00e3o Preto-SP e Regi\u00e3o&quot;","block_context":{"text":"Not\u00edcias de Ribeir\u00e3o Preto-SP e Regi\u00e3o","link":"https:\/\/noticiasribeiraopreto.com.br\/index.php\/category\/noticias-de-ribeirao-preto-sp-e-regiao-ismael-colosi\/"},"img":{"alt_text":"","src":"https:\/\/i0.wp.com\/noticiasribeiraopreto.com.br\/wp-content\/uploads\/2025\/02\/ATROPELAMENTO_2025-02-17_17-47-28_jpg_2025-02-17_17-47-28.webp.webp?fit=1200%2C842&ssl=1&resize=350%2C200","width":350,"height":200,"srcset":"https:\/\/i0.wp.com\/noticiasribeiraopreto.com.br\/wp-content\/uploads\/2025\/02\/ATROPELAMENTO_2025-02-17_17-47-28_jpg_2025-02-17_17-47-28.webp.webp?fit=1200%2C842&ssl=1&resize=350%2C200 1x, https:\/\/i0.wp.com\/noticiasribeiraopreto.com.br\/wp-content\/uploads\/2025\/02\/ATROPELAMENTO_2025-02-17_17-47-28_jpg_2025-02-17_17-47-28.webp.webp?fit=1200%2C842&ssl=1&resize=525%2C300 1.5x, https:\/\/i0.wp.com\/noticiasribeiraopreto.com.br\/wp-content\/uploads\/2025\/02\/ATROPELAMENTO_2025-02-17_17-47-28_jpg_2025-02-17_17-47-28.webp.webp?fit=1200%2C842&ssl=1&resize=700%2C400 2x, https:\/\/i0.wp.com\/noticiasribeiraopreto.com.br\/wp-content\/uploads\/2025\/02\/ATROPELAMENTO_2025-02-17_17-47-28_jpg_2025-02-17_17-47-28.webp.webp?fit=1200%2C842&ssl=1&resize=1050%2C600 3x"},"classes":[]},{"id":79735,"url":"https:\/\/noticiasribeiraopreto.com.br\/index.php\/2025\/11\/06\/video-mostra-cachorro-sendo-atropelado-por-onibus-caso-comove-moradores\/","url_meta":{"origin":71982,"position":2},"title":"V\u00eddeo mostra cachorro sendo atropelado por \u00f4nibus; caso comove moradores","author":"noticiasribeiraopreto.com.br","date":"6 de November de 2025","format":false,"excerpt":"6 de novembro de 2025 18:246 de novembro de 2025 18:285 Compartilhar0 Um cachorro morreu ap\u00f3s ser atropelado por um \u00f4nibus na manh\u00e3 desta quinta-feira (6), na Avenida Recife, no Jardim Aeroporto, em Ribeir\u00e3o Preto. Nas imagens de c\u00e2meras de seguran\u00e7a, \u00e9 poss\u00edvel ver o motorista e uma passageira tentando\u2026","rel":"","context":"In &quot;Not\u00edcias de Ribeir\u00e3o Preto-SP e Regi\u00e3o&quot;","block_context":{"text":"Not\u00edcias de Ribeir\u00e3o Preto-SP e Regi\u00e3o","link":"https:\/\/noticiasribeiraopreto.com.br\/index.php\/category\/noticias-de-ribeirao-preto-sp-e-regiao-ismael-colosi\/"},"img":{"alt_text":"","src":"https:\/\/i0.wp.com\/noticiasribeiraopreto.com.br\/wp-content\/uploads\/2025\/11\/onibus-scaled.jpg?fit=1200%2C675&ssl=1&resize=350%2C200","width":350,"height":200,"srcset":"https:\/\/i0.wp.com\/noticiasribeiraopreto.com.br\/wp-content\/uploads\/2025\/11\/onibus-scaled.jpg?fit=1200%2C675&ssl=1&resize=350%2C200 1x, https:\/\/i0.wp.com\/noticiasribeiraopreto.com.br\/wp-content\/uploads\/2025\/11\/onibus-scaled.jpg?fit=1200%2C675&ssl=1&resize=525%2C300 1.5x, https:\/\/i0.wp.com\/noticiasribeiraopreto.com.br\/wp-content\/uploads\/2025\/11\/onibus-scaled.jpg?fit=1200%2C675&ssl=1&resize=700%2C400 2x, https:\/\/i0.wp.com\/noticiasribeiraopreto.com.br\/wp-content\/uploads\/2025\/11\/onibus-scaled.jpg?fit=1200%2C675&ssl=1&resize=1050%2C600 3x"},"classes":[]},{"id":84464,"url":"https:\/\/noticiasribeiraopreto.com.br\/index.php\/2026\/04\/09\/video-mostra-momento-em-que-idoso-e-atropelado-por-onibus-em-avenida-de-ribeirao\/","url_meta":{"origin":71982,"position":3},"title":"V\u00eddeo mostra momento em que idoso \u00e9 atropelado por \u00f4nibus em avenida de Ribeir\u00e3o","author":"noticiasribeiraopreto.com.br","date":"9 de April de 2026","format":false,"excerpt":"00:00 A+ A- Ler o resumo da not\u00edcia \r Idoso \u00e9 atropelado por \u00f4nibus em avenue de Ribeir\u00e3o Preto ao atravessar fora da faixa de pedestres.\r O ve\u00edculo seguia na linha Ribeir\u00e3o Preto \u2013 Luiz Ant\u00f4nio e circulava em contrafluxo no\u5c40\u90e8.\r O motorista parou o \u00f4nibus ap\u00f3s o acidente; passageiros\u2026","rel":"","context":"In &quot;Not\u00edcias de Ribeir\u00e3o Preto-SP e Regi\u00e3o&quot;","block_context":{"text":"Not\u00edcias de Ribeir\u00e3o Preto-SP e Regi\u00e3o","link":"https:\/\/noticiasribeiraopreto.com.br\/index.php\/category\/noticias-de-ribeirao-preto-sp-e-regiao-ismael-colosi\/"},"img":{"alt_text":"","src":"https:\/\/i0.wp.com\/noticiasribeiraopreto.com.br\/wp-content\/uploads\/2026\/04\/palace-28_2026-04-09_21-14-03.webp.webp?fit=1200%2C675&ssl=1&resize=350%2C200","width":350,"height":200,"srcset":"https:\/\/i0.wp.com\/noticiasribeiraopreto.com.br\/wp-content\/uploads\/2026\/04\/palace-28_2026-04-09_21-14-03.webp.webp?fit=1200%2C675&ssl=1&resize=350%2C200 1x, https:\/\/i0.wp.com\/noticiasribeiraopreto.com.br\/wp-content\/uploads\/2026\/04\/palace-28_2026-04-09_21-14-03.webp.webp?fit=1200%2C675&ssl=1&resize=525%2C300 1.5x, https:\/\/i0.wp.com\/noticiasribeiraopreto.com.br\/wp-content\/uploads\/2026\/04\/palace-28_2026-04-09_21-14-03.webp.webp?fit=1200%2C675&ssl=1&resize=700%2C400 2x, https:\/\/i0.wp.com\/noticiasribeiraopreto.com.br\/wp-content\/uploads\/2026\/04\/palace-28_2026-04-09_21-14-03.webp.webp?fit=1200%2C675&ssl=1&resize=1050%2C600 3x"},"classes":[]},{"id":80514,"url":"https:\/\/noticiasribeiraopreto.com.br\/index.php\/2025\/12\/04\/motociclista-morre-apos-ser-atropelado-por-onibus-na-regiao-de-ribeirao-preto\/","url_meta":{"origin":71982,"position":4},"title":"Motociclista morre ap\u00f3s ser atropelado por \u00f4nibus na regi\u00e3o de Ribeir\u00e3o Preto","author":"noticiasribeiraopreto.com.br","date":"4 de December de 2025","format":false,"excerpt":"Um motociclista de 35 anos morreu no in\u00edcio da noite desta quarta-feira (3), depois de ser atropelado por um \u00f4nibus em Guariba, a 50 quil\u00f4metros de Ribeir\u00e3o Preto. Segundo o boletim de ocorr\u00eancia (BO), Carlos Antonio Barbizani faleceu ainda no local, no cruzamento da avenida Cl\u00e1udio Amorim Filho com a\u2026","rel":"","context":"In &quot;Not\u00edcias de Ribeir\u00e3o Preto-SP e Regi\u00e3o&quot;","block_context":{"text":"Not\u00edcias de Ribeir\u00e3o Preto-SP e Regi\u00e3o","link":"https:\/\/noticiasribeiraopreto.com.br\/index.php\/category\/noticias-de-ribeirao-preto-sp-e-regiao-ismael-colosi\/"},"img":{"alt_text":"","src":"https:\/\/i0.wp.com\/noticiasribeiraopreto.com.br\/wp-content\/uploads\/2025\/10\/SAMU_2025-10-08_13-08-21.webp.webp?fit=1200%2C811&ssl=1&resize=350%2C200","width":350,"height":200,"srcset":"https:\/\/i0.wp.com\/noticiasribeiraopreto.com.br\/wp-content\/uploads\/2025\/10\/SAMU_2025-10-08_13-08-21.webp.webp?fit=1200%2C811&ssl=1&resize=350%2C200 1x, https:\/\/i0.wp.com\/noticiasribeiraopreto.com.br\/wp-content\/uploads\/2025\/10\/SAMU_2025-10-08_13-08-21.webp.webp?fit=1200%2C811&ssl=1&resize=525%2C300 1.5x, https:\/\/i0.wp.com\/noticiasribeiraopreto.com.br\/wp-content\/uploads\/2025\/10\/SAMU_2025-10-08_13-08-21.webp.webp?fit=1200%2C811&ssl=1&resize=700%2C400 2x, https:\/\/i0.wp.com\/noticiasribeiraopreto.com.br\/wp-content\/uploads\/2025\/10\/SAMU_2025-10-08_13-08-21.webp.webp?fit=1200%2C811&ssl=1&resize=1050%2C600 3x"},"classes":[]},{"id":64056,"url":"https:\/\/noticiasribeiraopreto.com.br\/index.php\/2025\/02\/28\/jovem-tem-celular-roubado-em-ponto-de-onibus-na-zona-sul-de-ribeirao-preto\/","url_meta":{"origin":71982,"position":5},"title":"Jovem tem celular roubado em ponto de \u00f4nibus na zona Sul de Ribeir\u00e3o Preto","author":"noticiasribeiraopreto.com.br","date":"28 de February de 2025","format":false,"excerpt":"Um jovem de 18 anos teve o celular roubado no in\u00edcio da noite desta quinta-feira (27), em um ponto de \u00f4nibus na avenida Presidente Vargas, zona Sul de Ribeir\u00e3o Preto. Dois adolescentes, de 13 e 15 anos, foram apreendidos por ato infracional pelo crime. Segundo o boletim de ocorr\u00eancia (BO),\u2026","rel":"","context":"In &quot;Not\u00edcias de Ribeir\u00e3o Preto-SP e Regi\u00e3o&quot;","block_context":{"text":"Not\u00edcias de Ribeir\u00e3o Preto-SP e Regi\u00e3o","link":"https:\/\/noticiasribeiraopreto.com.br\/index.php\/category\/noticias-de-ribeirao-preto-sp-e-regiao-ismael-colosi\/"},"img":{"alt_text":"","src":"https:\/\/i0.wp.com\/noticiasribeiraopreto.com.br\/wp-content\/uploads\/2025\/02\/1740750842_policia_qru_1024x576_05012021161940.jpg?fit=1024%2C576&ssl=1&resize=350%2C200","width":350,"height":200,"srcset":"https:\/\/i0.wp.com\/noticiasribeiraopreto.com.br\/wp-content\/uploads\/2025\/02\/1740750842_policia_qru_1024x576_05012021161940.jpg?fit=1024%2C576&ssl=1&resize=350%2C200 1x, https:\/\/i0.wp.com\/noticiasribeiraopreto.com.br\/wp-content\/uploads\/2025\/02\/1740750842_policia_qru_1024x576_05012021161940.jpg?fit=1024%2C576&ssl=1&resize=525%2C300 1.5x, https:\/\/i0.wp.com\/noticiasribeiraopreto.com.br\/wp-content\/uploads\/2025\/02\/1740750842_policia_qru_1024x576_05012021161940.jpg?fit=1024%2C576&ssl=1&resize=700%2C400 2x"},"classes":[]}],"jetpack_sharing_enabled":true,"jetpack_shortlink":"https:\/\/wp.me\/peQAOb-iJ0","_links":{"self":[{"href":"https:\/\/noticiasribeiraopreto.com.br\/index.php\/wp-json\/wp\/v2\/posts\/71982","targetHints":{"allow":["GET"]}}],"collection":[{"href":"https:\/\/noticiasribeiraopreto.com.br\/index.php\/wp-json\/wp\/v2\/posts"}],"about":[{"href":"https:\/\/noticiasribeiraopreto.com.br\/index.php\/wp-json\/wp\/v2\/types\/post"}],"author":[{"embeddable":true,"href":"https:\/\/noticiasribeiraopreto.com.br\/index.php\/wp-json\/wp\/v2\/users\/1"}],"replies":[{"embeddable":true,"href":"https:\/\/noticiasribeiraopreto.com.br\/index.php\/wp-json\/wp\/v2\/comments?post=71982"}],"version-history":[{"count":0,"href":"https:\/\/noticiasribeiraopreto.com.br\/index.php\/wp-json\/wp\/v2\/posts\/71982\/revisions"}],"wp:featuredmedia":[{"embeddable":true,"href":"https:\/\/noticiasribeiraopreto.com.br\/index.php\/wp-json\/wp\/v2\/media\/71983"}],"wp:attachment":[{"href":"https:\/\/noticiasribeiraopreto.com.br\/index.php\/wp-json\/wp\/v2\/media?parent=71982"}],"wp:term":[{"taxonomy":"category","embeddable":true,"href":"https:\/\/noticiasribeiraopreto.com.br\/index.php\/wp-json\/wp\/v2\/categories?post=71982"},{"taxonomy":"post_tag","embeddable":true,"href":"https:\/\/noticiasribeiraopreto.com.br\/index.php\/wp-json\/wp\/v2\/tags?post=71982"}],"curies":[{"name":"wp","href":"https:\/\/api.w.org\/{rel}","templated":true}]}}