{"id":71984,"date":"2025-06-12T09:13:24","date_gmt":"2025-06-12T12:13:24","guid":{"rendered":"https:\/\/noticiasribeiraopreto.com.br\/index.php\/2025\/06\/12\/ribeirao-preto-registra-9c-na-manha-desta-quinta-veja-ate-quando-vai-a-onda-de-frio\/"},"modified":"2025-06-12T09:13:24","modified_gmt":"2025-06-12T12:13:24","slug":"ribeirao-preto-registra-9c-na-manha-desta-quinta-veja-ate-quando-vai-a-onda-de-frio","status":"publish","type":"post","link":"https:\/\/noticiasribeiraopreto.com.br\/index.php\/2025\/06\/12\/ribeirao-preto-registra-9c-na-manha-desta-quinta-veja-ate-quando-vai-a-onda-de-frio\/","title":{"rendered":"Ribeir\u00e3o Preto registra 9\u00b0C na manh\u00e3 desta quinta; Veja at\u00e9 quando vai a onda de frio"},"content":{"rendered":"<p> <br \/>\n<\/p>\n<div data-td-block-uid=\"tdi_95\">\n<div class=\"tdb-block-inner td-fix-index\">\n<p><strong>Ribeir\u00e3o Preto registrou 9,1\u00b0C \u00e0s 7h desta quinta-feira (12), segundo dados do Ciiagro (Centro Integrado de Informa\u00e7\u00f5es Agrometeorol\u00f3gicas).\u00a0<\/strong>A\u00a0<strong>esta\u00e7\u00e3o\u00a0<\/strong>fica na\u00a0<strong>regi\u00e3o Sul da cidade<\/strong>.<\/p>\n<p>A previs\u00e3o da <a href=\"https:\/\/www.climatempo.com.br\/\">Climatempo <\/a>indica que os <strong>term\u00f4metros<\/strong> n\u00e3o ultrapassem os <strong>23\u00b0C<\/strong> hoje na cidade.<\/p>\n<p>At\u00e9 agora, o recorde de frio em 2025 foi de 7,7\u00b0C, registrado no dia 30 de maio.<\/p>\n<p>A\u00a0<a href=\"https:\/\/www.defesacivil.sp.gov.br\/\">Defesa Civil de S\u00e3o Paulo\u00a0<\/a>emitiu alerta para intensa queda de temperatura at\u00e9 o pr\u00f3ximo s\u00e1bado (14) em todo o estado paulista.<\/p>\n<p>De acordo com a Climatempo, o ar frio de origem polar predomina sobre o Sudeste at\u00e9 o s\u00e1bado, quando est\u00e1 previsto o fim da onda de frio que teve in\u00edcio no \u00faltimo domingo (8).<\/p>\n<p>SAIBA MAIS<\/p>\n<p>Mais frio, mais fome? Especialista explica se engordar no inverno \u00e9 mito ou verdade<\/p>\n<h2 class=\"wp-block-heading\"><strong>FIQUE ON<\/strong><\/h2>\n<p>Quer ficar por dentro de tudo que acontece em Ribeir\u00e3o Preto e regi\u00e3o? Ent\u00e3o siga os perfis do\u202facidade on\u202fno\u202f<a href=\"https:\/\/www.instagram.com\/acidadeonribeirao\" target=\"_blank\" rel=\"noreferrer noopener\">Instagram<\/a>\u202fe no\u202f<a href=\"https:\/\/www.facebook.com\/acidadeonribeirao\/\" target=\"_blank\" rel=\"noreferrer noopener\">Facebook<\/a>.<\/p>\n<p>Al\u00e9m disso, voc\u00ea pode receber as principais not\u00edcias diretamente no WhatsApp. Para isso, basta\u00a0<a href=\"https:\/\/chat.whatsapp.com\/BjKQZ9oJwlz8VVT50NuePq\" target=\"_blank\" rel=\"noreferrer noopener\">entrar no grupo clicando aqui<\/a>.<\/p>\n<p>Por fim, se quiser fazer uma den\u00fancia ou sugerir uma reportagem sobre Ribeir\u00e3o Preto e regi\u00e3o, envie uma mensagem pelo WhatsApp: (16) 99117-7802.<\/p>\n<p>VEJA TAMB\u00c9M<\/p>\n<p>Qual \u00e9 a diferen\u00e7a entre a Irlanda e a Irlanda do Norte?<\/p>\n<p><!-- CONTENT END 1 -->\n<\/div>\n<\/div>\n<p><script async src=\"\/\/www.instagram.com\/embed.js\"><\/script><br \/>\n<br \/><br \/>\n<br \/><a href=\"https:\/\/www.acidadeon.com\/ribeiraopreto\/cotidiano\/ribeirao-preto-registra-9c-na-manha-desta-quinta-veja-ate-quando-vai-a-onda-de-frio\/\">Source link <\/a><\/p>\n","protected":false},"excerpt":{"rendered":"<p>Ribeir\u00e3o Preto registrou 9,1\u00b0C \u00e0s 7h desta quinta-feira (12), segundo dados do Ciiagro (Centro Integrado de Informa\u00e7\u00f5es Agrometeorol\u00f3gicas).\u00a0A\u00a0esta\u00e7\u00e3o\u00a0fica na\u00a0regi\u00e3o Sul da cidade. A previs\u00e3o da&#8230;<\/p>\n","protected":false},"author":1,"featured_media":71985,"comment_status":"open","ping_status":"open","sticky":false,"template":"","format":"standard","meta":{"advanced_seo_description":"","jetpack_seo_html_title":"","jetpack_seo_noindex":false,"jetpack_post_was_ever_published":false,"_jetpack_newsletter_access":"","_jetpack_dont_email_post_to_subs":false,"_jetpack_newsletter_tier_id":0,"_jetpack_memberships_contains_paywalled_content":false,"_jetpack_memberships_contains_paid_content":false,"footnotes":"","jetpack_publicize_message":"","jetpack_publicize_feature_enabled":true,"jetpack_social_post_already_shared":true,"jetpack_social_options":{"image_generator_settings":{"template":"highway","default_image_id":0,"font":"","enabled":false},"version":2}},"categories":[11],"tags":[],"class_list":["post-71984","post","type-post","status-publish","format-standard","has-post-thumbnail","hentry","category-noticias-de-ribeirao-preto-sp-e-regiao-ismael-colosi"],"jetpack_publicize_connections":[],"jetpack_featured_media_url":"https:\/\/i0.wp.com\/noticiasribeiraopreto.com.br\/wp-content\/uploads\/2025\/06\/calcadao_ribeirao_1024x576_22052020190437.jpg?fit=1024%2C576&ssl=1","jetpack-related-posts":[{"id":46862,"url":"https:\/\/noticiasribeiraopreto.com.br\/index.php\/2024\/04\/15\/entenda-como-sera-a-onda-de-frio-veja-as-temperaturas-no-interior-de-sp\/","url_meta":{"origin":71984,"position":0},"title":"Entenda como ser\u00e1 a onda de frio; Veja as temperaturas no interior de SP","author":"noticiasribeiraopreto.com.br","date":"15 de April de 2024","format":false,"excerpt":"Uma massa de ar de origem polar deve causar a primeira queda de temperatura acentuada do outono nos pr\u00f3ximos dias. Segundo a Climatempo, a frente fria se forma nesta ter\u00e7a-feira (16) entre o Brasil, o Uruguai e a Argentina, e est\u00e1 associada a um intenso ciclone extratropical \u2013 que n\u00e3o\u2026","rel":"","context":"In &quot;Not\u00edcias de Ribeir\u00e3o Preto-SP e Regi\u00e3o&quot;","block_context":{"text":"Not\u00edcias de Ribeir\u00e3o Preto-SP e Regi\u00e3o","link":"https:\/\/noticiasribeiraopreto.com.br\/index.php\/category\/noticias-de-ribeirao-preto-sp-e-regiao-ismael-colosi\/"},"img":{"alt_text":"","src":"https:\/\/i0.wp.com\/noticiasribeiraopreto.com.br\/wp-content\/uploads\/2024\/04\/frio_ribeirao_1024x576_30062021063120.jpg?fit=1024%2C576&ssl=1&resize=350%2C200","width":350,"height":200,"srcset":"https:\/\/i0.wp.com\/noticiasribeiraopreto.com.br\/wp-content\/uploads\/2024\/04\/frio_ribeirao_1024x576_30062021063120.jpg?fit=1024%2C576&ssl=1&resize=350%2C200 1x, https:\/\/i0.wp.com\/noticiasribeiraopreto.com.br\/wp-content\/uploads\/2024\/04\/frio_ribeirao_1024x576_30062021063120.jpg?fit=1024%2C576&ssl=1&resize=525%2C300 1.5x, https:\/\/i0.wp.com\/noticiasribeiraopreto.com.br\/wp-content\/uploads\/2024\/04\/frio_ribeirao_1024x576_30062021063120.jpg?fit=1024%2C576&ssl=1&resize=700%2C400 2x"},"classes":[]},{"id":51663,"url":"https:\/\/noticiasribeiraopreto.com.br\/index.php\/2024\/05\/29\/segunda-onda-de-frio-chega-ao-estado-de-sp-e-derruba-as-temperaturas\/","url_meta":{"origin":71984,"position":1},"title":"Segunda onda de frio chega ao estado de SP e derruba as temperaturas","author":"noticiasribeiraopreto.com.br","date":"29 de May de 2024","format":false,"excerpt":"A segunda onda de frio de 2024 come\u00e7ou a se formar e deve derrubar as temperaturas no estado S\u00e3o Paulo, a apartir da noite desta ter\u00e7a-feira (28). De acordo com os meteorologistas, ap\u00f3s a forma\u00e7\u00e3o de ciclone extratropical e sua frente fria na segunda (27), a alta p\u00f3s frontal avan\u00e7ar\u00e1\u2026","rel":"","context":"In &quot;Not\u00edcias de Ribeir\u00e3o Preto-SP e Regi\u00e3o&quot;","block_context":{"text":"Not\u00edcias de Ribeir\u00e3o Preto-SP e Regi\u00e3o","link":"https:\/\/noticiasribeiraopreto.com.br\/index.php\/category\/noticias-de-ribeirao-preto-sp-e-regiao-ismael-colosi\/"},"img":{"alt_text":"","src":"https:\/\/i0.wp.com\/noticiasribeiraopreto.com.br\/wp-content\/uploads\/2024\/04\/AnyConv.com__frio.webp.webp?fit=1200%2C800&ssl=1&resize=350%2C200","width":350,"height":200,"srcset":"https:\/\/i0.wp.com\/noticiasribeiraopreto.com.br\/wp-content\/uploads\/2024\/04\/AnyConv.com__frio.webp.webp?fit=1200%2C800&ssl=1&resize=350%2C200 1x, https:\/\/i0.wp.com\/noticiasribeiraopreto.com.br\/wp-content\/uploads\/2024\/04\/AnyConv.com__frio.webp.webp?fit=1200%2C800&ssl=1&resize=525%2C300 1.5x, https:\/\/i0.wp.com\/noticiasribeiraopreto.com.br\/wp-content\/uploads\/2024\/04\/AnyConv.com__frio.webp.webp?fit=1200%2C800&ssl=1&resize=700%2C400 2x, https:\/\/i0.wp.com\/noticiasribeiraopreto.com.br\/wp-content\/uploads\/2024\/04\/AnyConv.com__frio.webp.webp?fit=1200%2C800&ssl=1&resize=1050%2C600 3x"},"classes":[]},{"id":51126,"url":"https:\/\/noticiasribeiraopreto.com.br\/index.php\/2024\/05\/23\/primeira-onda-de-frio-do-ano-derruba-as-temperaturas-a-partir-de-sabado-no-estado-de-sp\/","url_meta":{"origin":71984,"position":2},"title":"Primeira onda de frio do ano derruba as temperaturas a partir de s\u00e1bado no estado de SP","author":"noticiasribeiraopreto.com.br","date":"23 de May de 2024","format":false,"excerpt":"A 1\u00aa onda de frio de 2024 come\u00e7a no pr\u00f3ximo s\u00e1bado (25) e pode deixar as temperaturas at\u00e9 5\u00b0C abaixo da m\u00e9dia em parte do estado de S\u00e3o Paulo. Confira os mapas abaixo. Segundo a Climatempo, a chegada de uma nova frente fria no fim de semana ir\u00e1 proporcionar uma\u2026","rel":"","context":"In &quot;Not\u00edcias de Ribeir\u00e3o Preto-SP e Regi\u00e3o&quot;","block_context":{"text":"Not\u00edcias de Ribeir\u00e3o Preto-SP e Regi\u00e3o","link":"https:\/\/noticiasribeiraopreto.com.br\/index.php\/category\/noticias-de-ribeirao-preto-sp-e-regiao-ismael-colosi\/"},"img":{"alt_text":"","src":"https:\/\/i0.wp.com\/noticiasribeiraopreto.com.br\/wp-content\/uploads\/2024\/05\/frio_luva_1200x675_16042022092951.jpg?fit=1200%2C675&ssl=1&resize=350%2C200","width":350,"height":200,"srcset":"https:\/\/i0.wp.com\/noticiasribeiraopreto.com.br\/wp-content\/uploads\/2024\/05\/frio_luva_1200x675_16042022092951.jpg?fit=1200%2C675&ssl=1&resize=350%2C200 1x, https:\/\/i0.wp.com\/noticiasribeiraopreto.com.br\/wp-content\/uploads\/2024\/05\/frio_luva_1200x675_16042022092951.jpg?fit=1200%2C675&ssl=1&resize=525%2C300 1.5x, https:\/\/i0.wp.com\/noticiasribeiraopreto.com.br\/wp-content\/uploads\/2024\/05\/frio_luva_1200x675_16042022092951.jpg?fit=1200%2C675&ssl=1&resize=700%2C400 2x, https:\/\/i0.wp.com\/noticiasribeiraopreto.com.br\/wp-content\/uploads\/2024\/05\/frio_luva_1200x675_16042022092951.jpg?fit=1200%2C675&ssl=1&resize=1050%2C600 3x"},"classes":[]},{"id":70507,"url":"https:\/\/noticiasribeiraopreto.com.br\/index.php\/2025\/05\/27\/veja-o-mapa-da-primeira-onda-de-frio-do-ano-saiba-quando-sera-o-pico\/","url_meta":{"origin":71984,"position":3},"title":"Veja o mapa da primeira onda de frio do ano; Saiba quando ser\u00e1 o pico","author":"noticiasribeiraopreto.com.br","date":"27 de May de 2025","format":false,"excerpt":"A primeira onda de frio de 2025 est\u00e1 prevista para come\u00e7ar na pr\u00f3xima quinta-feira (29) e se estender at\u00e9 o dia 3 de junho. Veja o mapa abaixo. Segundo a Climatempo, as temperaturas podem ficar abaixo de 0\u00b0C no Sul do Brasil com possibilidade de neve. A meteorologia tamb\u00e9m aponta\u2026","rel":"","context":"In &quot;Not\u00edcias de Ribeir\u00e3o Preto-SP e Regi\u00e3o&quot;","block_context":{"text":"Not\u00edcias de Ribeir\u00e3o Preto-SP e Regi\u00e3o","link":"https:\/\/noticiasribeiraopreto.com.br\/index.php\/category\/noticias-de-ribeirao-preto-sp-e-regiao-ismael-colosi\/"},"img":{"alt_text":"onda de frio","src":"https:\/\/i0.wp.com\/www.acidadeon.com\/ribeiraopreto\/wp-content\/uploads\/sites\/3\/2025\/05\/WhatsApp-Image-2025-05-27-at-06.21.41_2025-05-27_13-15-32.webp?resize=350%2C200&ssl=1","width":350,"height":200,"srcset":"https:\/\/i0.wp.com\/www.acidadeon.com\/ribeiraopreto\/wp-content\/uploads\/sites\/3\/2025\/05\/WhatsApp-Image-2025-05-27-at-06.21.41_2025-05-27_13-15-32.webp?resize=350%2C200&ssl=1 1x, https:\/\/i0.wp.com\/www.acidadeon.com\/ribeiraopreto\/wp-content\/uploads\/sites\/3\/2025\/05\/WhatsApp-Image-2025-05-27-at-06.21.41_2025-05-27_13-15-32.webp?resize=525%2C300&ssl=1 1.5x, https:\/\/i0.wp.com\/www.acidadeon.com\/ribeiraopreto\/wp-content\/uploads\/sites\/3\/2025\/05\/WhatsApp-Image-2025-05-27-at-06.21.41_2025-05-27_13-15-32.webp?resize=700%2C400&ssl=1 2x, https:\/\/i0.wp.com\/www.acidadeon.com\/ribeiraopreto\/wp-content\/uploads\/sites\/3\/2025\/05\/WhatsApp-Image-2025-05-27-at-06.21.41_2025-05-27_13-15-32.webp?resize=1050%2C600&ssl=1 3x"},"classes":[]},{"id":72113,"url":"https:\/\/noticiasribeiraopreto.com.br\/index.php\/2025\/06\/13\/frio-intenso-vai-continuar-no-fim-de-semana-veja-previsao-para-o-interior-de-sp\/","url_meta":{"origin":71984,"position":4},"title":"Frio intenso vai continuar no fim de semana? Veja previs\u00e3o para o interior de SP","author":"noticiasribeiraopreto.com.br","date":"13 de June de 2025","format":false,"excerpt":"O interior de S\u00e3o Paulo tem registrado baixas temperaturas nesta semana, durante a segunda onda de frio de 2025. Ribeir\u00e3o Preto chegou a registrar 9,1\u00b0C na quinta-feira (12), segundo dados do Ciiagro (Centro Integrado de Informa\u00e7\u00f5es Agrometeorol\u00f3gicas). At\u00e9 quando tem frio intenso? A onda de frio est\u00e1 prevista para terminar\u2026","rel":"","context":"In &quot;Not\u00edcias de Ribeir\u00e3o Preto-SP e Regi\u00e3o&quot;","block_context":{"text":"Not\u00edcias de Ribeir\u00e3o Preto-SP e Regi\u00e3o","link":"https:\/\/noticiasribeiraopreto.com.br\/index.php\/category\/noticias-de-ribeirao-preto-sp-e-regiao-ismael-colosi\/"},"img":{"alt_text":"","src":"https:\/\/i0.wp.com\/noticiasribeiraopreto.com.br\/wp-content\/uploads\/2025\/06\/clima_tempo_1024x576_25052021185248.jpg?fit=1024%2C576&ssl=1&resize=350%2C200","width":350,"height":200,"srcset":"https:\/\/i0.wp.com\/noticiasribeiraopreto.com.br\/wp-content\/uploads\/2025\/06\/clima_tempo_1024x576_25052021185248.jpg?fit=1024%2C576&ssl=1&resize=350%2C200 1x, https:\/\/i0.wp.com\/noticiasribeiraopreto.com.br\/wp-content\/uploads\/2025\/06\/clima_tempo_1024x576_25052021185248.jpg?fit=1024%2C576&ssl=1&resize=525%2C300 1.5x, https:\/\/i0.wp.com\/noticiasribeiraopreto.com.br\/wp-content\/uploads\/2025\/06\/clima_tempo_1024x576_25052021185248.jpg?fit=1024%2C576&ssl=1&resize=700%2C400 2x"},"classes":[]},{"id":70768,"url":"https:\/\/noticiasribeiraopreto.com.br\/index.php\/2025\/05\/29\/veja-ate-quando-vai-a-onda-de-frio-que-atinge-sp\/","url_meta":{"origin":71984,"position":5},"title":"Veja at\u00e9 quando vai a onda de frio que atinge SP","author":"noticiasribeiraopreto.com.br","date":"29 de May de 2025","format":false,"excerpt":"Uma intensa onda de frio come\u00e7ou a atingir o estado de S\u00e3o Paulo nesta quinta-feira (29) e deve persistir durante todo o final de semana. Nesta sexta-feira (30), por exemplo, a expectativa \u00e9 de que a temperatura caia ainda mais. >>>LEIA TAMB\u00c9M: Defesa Civil de SP emite alerta para onda\u2026","rel":"","context":"In &quot;Not\u00edcias de Ribeir\u00e3o Preto-SP e Regi\u00e3o&quot;","block_context":{"text":"Not\u00edcias de Ribeir\u00e3o Preto-SP e Regi\u00e3o","link":"https:\/\/noticiasribeiraopreto.com.br\/index.php\/category\/noticias-de-ribeirao-preto-sp-e-regiao-ismael-colosi\/"},"img":{"alt_text":"","src":"https:\/\/i0.wp.com\/noticiasribeiraopreto.com.br\/wp-content\/uploads\/2025\/05\/frio_mcamgo_abr_180520221818-3_2025-04-15_20-46-56_jpg_2025-04-15_20-46-58-scaled.webp.webp?fit=1200%2C800&ssl=1&resize=350%2C200","width":350,"height":200,"srcset":"https:\/\/i0.wp.com\/noticiasribeiraopreto.com.br\/wp-content\/uploads\/2025\/05\/frio_mcamgo_abr_180520221818-3_2025-04-15_20-46-56_jpg_2025-04-15_20-46-58-scaled.webp.webp?fit=1200%2C800&ssl=1&resize=350%2C200 1x, https:\/\/i0.wp.com\/noticiasribeiraopreto.com.br\/wp-content\/uploads\/2025\/05\/frio_mcamgo_abr_180520221818-3_2025-04-15_20-46-56_jpg_2025-04-15_20-46-58-scaled.webp.webp?fit=1200%2C800&ssl=1&resize=525%2C300 1.5x, https:\/\/i0.wp.com\/noticiasribeiraopreto.com.br\/wp-content\/uploads\/2025\/05\/frio_mcamgo_abr_180520221818-3_2025-04-15_20-46-56_jpg_2025-04-15_20-46-58-scaled.webp.webp?fit=1200%2C800&ssl=1&resize=700%2C400 2x, https:\/\/i0.wp.com\/noticiasribeiraopreto.com.br\/wp-content\/uploads\/2025\/05\/frio_mcamgo_abr_180520221818-3_2025-04-15_20-46-56_jpg_2025-04-15_20-46-58-scaled.webp.webp?fit=1200%2C800&ssl=1&resize=1050%2C600 3x"},"classes":[]}],"jetpack_sharing_enabled":true,"jetpack_shortlink":"https:\/\/wp.me\/peQAOb-iJ2","_links":{"self":[{"href":"https:\/\/noticiasribeiraopreto.com.br\/index.php\/wp-json\/wp\/v2\/posts\/71984","targetHints":{"allow":["GET"]}}],"collection":[{"href":"https:\/\/noticiasribeiraopreto.com.br\/index.php\/wp-json\/wp\/v2\/posts"}],"about":[{"href":"https:\/\/noticiasribeiraopreto.com.br\/index.php\/wp-json\/wp\/v2\/types\/post"}],"author":[{"embeddable":true,"href":"https:\/\/noticiasribeiraopreto.com.br\/index.php\/wp-json\/wp\/v2\/users\/1"}],"replies":[{"embeddable":true,"href":"https:\/\/noticiasribeiraopreto.com.br\/index.php\/wp-json\/wp\/v2\/comments?post=71984"}],"version-history":[{"count":0,"href":"https:\/\/noticiasribeiraopreto.com.br\/index.php\/wp-json\/wp\/v2\/posts\/71984\/revisions"}],"wp:featuredmedia":[{"embeddable":true,"href":"https:\/\/noticiasribeiraopreto.com.br\/index.php\/wp-json\/wp\/v2\/media\/71985"}],"wp:attachment":[{"href":"https:\/\/noticiasribeiraopreto.com.br\/index.php\/wp-json\/wp\/v2\/media?parent=71984"}],"wp:term":[{"taxonomy":"category","embeddable":true,"href":"https:\/\/noticiasribeiraopreto.com.br\/index.php\/wp-json\/wp\/v2\/categories?post=71984"},{"taxonomy":"post_tag","embeddable":true,"href":"https:\/\/noticiasribeiraopreto.com.br\/index.php\/wp-json\/wp\/v2\/tags?post=71984"}],"curies":[{"name":"wp","href":"https:\/\/api.w.org\/{rel}","templated":true}]}}