{"id":71986,"date":"2025-06-12T09:20:57","date_gmt":"2025-06-12T12:20:57","guid":{"rendered":"https:\/\/noticiasribeiraopreto.com.br\/index.php\/2025\/06\/12\/homem-agride-motorista-e-destroi-carro-apos-briga-de-transito-na-regiao-de-ribeirao-preto\/"},"modified":"2025-06-12T09:20:57","modified_gmt":"2025-06-12T12:20:57","slug":"homem-agride-motorista-e-destroi-carro-apos-briga-de-transito-na-regiao-de-ribeirao-preto","status":"publish","type":"post","link":"https:\/\/noticiasribeiraopreto.com.br\/index.php\/2025\/06\/12\/homem-agride-motorista-e-destroi-carro-apos-briga-de-transito-na-regiao-de-ribeirao-preto\/","title":{"rendered":"Homem agride motorista e destr\u00f3i carro ap\u00f3s briga de tr\u00e2nsito na regi\u00e3o de Ribeir\u00e3o Preto"},"content":{"rendered":"<p> <br \/>\n<\/p>\n<div data-td-block-uid=\"tdi_95\">\n<div class=\"tdb-block-inner td-fix-index\">\n<p><strong>Um motorista foi agredido e teve o carro danificado com um peda\u00e7o de pau ap\u00f3s uma briga de tr\u00e2nsito na regi\u00e3o central de Orl\u00e2ndia, a 50 quil\u00f4metros de Ribeir\u00e3o Preto.<\/strong><\/p>\n<p><strong>Alexandre Tavares Costa<\/strong> disse que teve o <strong>rosto pisoteado <\/strong>e que <mark style=\"background-color:#fcb900\" class=\"has-inline-color has-black-color\">motivo seria por n\u00e3o ter parado o carro para o homem atravessar a rua.<\/mark><\/p>\n<p>\u201cFoi uma discuss\u00e3o de tr\u00e2nsito que gerou toda essa confus\u00e3o\u201d, contou.<\/p>\n<p>Ele procurou a Pol\u00edcia Civil para denunciar o caso. Nenhum suspeito havia sido encontrado. (Com EPTV)<\/p>\n<figure class=\"wp-block-image\"><img data-recalc-dims=\"1\" fetchpriority=\"high\" decoding=\"async\" width=\"1200\" height=\"690\" src=\"https:\/\/i0.wp.com\/www.acidadeon.com\/ribeiraopreto\/wp-content\/uploads\/sites\/3\/2025\/06\/CARRO_2025-06-12_09-44-46.webp?resize=1200%2C690&#038;ssl=1\" alt=\"carro danificado\" class=\"wp-image-119575\" srcset=\"https:\/\/www.acidadeon.com\/ribeiraopreto\/wp-content\/uploads\/sites\/3\/2025\/06\/CARRO_2025-06-12_09-44-46.webp 1200w, https:\/\/www.acidadeon.com\/ribeiraopreto\/wp-content\/uploads\/sites\/3\/2025\/06\/CARRO_2025-06-12_09-44-46-300x173.webp 300w, https:\/\/www.acidadeon.com\/ribeiraopreto\/wp-content\/uploads\/sites\/3\/2025\/06\/CARRO_2025-06-12_09-44-46-1024x589.webp 1024w, https:\/\/www.acidadeon.com\/ribeiraopreto\/wp-content\/uploads\/sites\/3\/2025\/06\/CARRO_2025-06-12_09-44-46-768x442.webp 768w, https:\/\/www.acidadeon.com\/ribeiraopreto\/wp-content\/uploads\/sites\/3\/2025\/06\/CARRO_2025-06-12_09-44-46-696x400.webp 696w, https:\/\/www.acidadeon.com\/ribeiraopreto\/wp-content\/uploads\/sites\/3\/2025\/06\/CARRO_2025-06-12_09-44-46-1068x614.webp 1068w\" sizes=\"(max-width: 1200px) 100vw, 1200px\"\/><figcaption class=\"wp-element-caption\">Carro foi danificado com peda\u00e7o de pau \u2013 Imagem: Redes sociais<\/figcaption><\/figure>\n<p>SAIBA MAIS<\/p>\n<p>Caso Nelson: buscas pelo corpo do empres\u00e1rio s\u00e3o suspensas por tempo indeterminado<\/p>\n<h2 class=\"wp-block-heading\"><strong>FIQUE ON<\/strong><\/h2>\n<p>Quer ficar por dentro de tudo que acontece em Ribeir\u00e3o Preto e regi\u00e3o? Ent\u00e3o siga os perfis do\u202facidade on\u202fno\u202f<a href=\"https:\/\/www.instagram.com\/acidadeonribeirao\" target=\"_blank\" rel=\"noreferrer noopener\">Instagram<\/a>\u202fe no\u202f<a href=\"https:\/\/www.facebook.com\/acidadeonribeirao\/\" target=\"_blank\" rel=\"noreferrer noopener\">Facebook<\/a>.<\/p>\n<p>Al\u00e9m disso, voc\u00ea pode receber as principais not\u00edcias diretamente no WhatsApp. Para isso, basta\u00a0<a href=\"https:\/\/chat.whatsapp.com\/BjKQZ9oJwlz8VVT50NuePq\" target=\"_blank\" rel=\"noreferrer noopener\">entrar no grupo clicando aqui<\/a>.<\/p>\n<p>Por fim, se quiser fazer uma den\u00fancia ou sugerir uma reportagem sobre Ribeir\u00e3o Preto e regi\u00e3o, envie uma mensagem pelo WhatsApp: (16) 99117-7802.<\/p>\n<p>VEJA TAMB\u00c9M<\/p>\n<p>Qual \u00e9 a diferen\u00e7a entre a Irlanda e a Irlanda do Norte?<\/p>\n<p><!-- CONTENT END 1 -->\n<\/div>\n<\/div>\n<p><script async src=\"\/\/www.instagram.com\/embed.js\"><\/script><br \/>\n<br \/><br \/>\n<br \/><a href=\"https:\/\/www.acidadeon.com\/ribeiraopreto\/cotidiano\/homem-agride-motorista-e-destroi-carro-apos-briga-de-transito-na-regiao-de-ribeirao-preto\/\">Source link <\/a><\/p>\n","protected":false},"excerpt":{"rendered":"<p>Um motorista foi agredido e teve o carro danificado com um peda\u00e7o de pau ap\u00f3s uma briga de tr\u00e2nsito na regi\u00e3o central de Orl\u00e2ndia, a&#8230;<\/p>\n","protected":false},"author":1,"featured_media":71987,"comment_status":"open","ping_status":"open","sticky":false,"template":"","format":"standard","meta":{"advanced_seo_description":"","jetpack_seo_html_title":"","jetpack_seo_noindex":false,"jetpack_post_was_ever_published":false,"_jetpack_newsletter_access":"","_jetpack_dont_email_post_to_subs":false,"_jetpack_newsletter_tier_id":0,"_jetpack_memberships_contains_paywalled_content":false,"_jetpack_memberships_contains_paid_content":false,"footnotes":"","jetpack_publicize_message":"","jetpack_publicize_feature_enabled":true,"jetpack_social_post_already_shared":true,"jetpack_social_options":{"image_generator_settings":{"template":"highway","default_image_id":0,"font":"","enabled":false},"version":2}},"categories":[11],"tags":[],"class_list":["post-71986","post","type-post","status-publish","format-standard","has-post-thumbnail","hentry","category-noticias-de-ribeirao-preto-sp-e-regiao-ismael-colosi"],"jetpack_publicize_connections":[],"jetpack_featured_media_url":"https:\/\/i0.wp.com\/noticiasribeiraopreto.com.br\/wp-content\/uploads\/2025\/06\/AGRESSAO_2025-06-12_09-39-52.webp.webp?fit=1200%2C778&ssl=1","jetpack-related-posts":[{"id":61265,"url":"https:\/\/noticiasribeiraopreto.com.br\/index.php\/2024\/12\/07\/homem-suspeito-de-matar-passageiro-de-carro-de-aplicativo-em-briga-de-transito-e-denunciado-por-homicidio\/","url_meta":{"origin":71986,"position":0},"title":"Homem suspeito de matar passageiro de carro de aplicativo em briga de tr\u00e2nsito \u00e9 denunciado por homic\u00eddio","author":"noticiasribeiraopreto.com.br","date":"7 de December de 2024","format":false,"excerpt":"O homem suspeito de matar um passageiro de carro de aplicativo durante uma briga de tr\u00e2nsito, em Ribeir\u00e3o Preto, foi denunciado pelo Minist\u00e9rio P\u00fablico (MP). O crime ocorreu no dia 11 de novembro, em um acesso para a rua Porto Seguro, no sentido ao bairro Ipiranga, na zona Norte. David\u2026","rel":"","context":"In &quot;Not\u00edcias de Ribeir\u00e3o Preto-SP e Regi\u00e3o&quot;","block_context":{"text":"Not\u00edcias de Ribeir\u00e3o Preto-SP e Regi\u00e3o","link":"https:\/\/noticiasribeiraopreto.com.br\/index.php\/category\/noticias-de-ribeirao-preto-sp-e-regiao-ismael-colosi\/"},"img":{"alt_text":"","src":"https:\/\/i0.wp.com\/noticiasribeiraopreto.com.br\/wp-content\/uploads\/2024\/12\/DAVID_2024-12-07_19-06-21_jpg_2024-12-07_19-06-21.webp.webp?fit=1200%2C671&ssl=1&resize=350%2C200","width":350,"height":200,"srcset":"https:\/\/i0.wp.com\/noticiasribeiraopreto.com.br\/wp-content\/uploads\/2024\/12\/DAVID_2024-12-07_19-06-21_jpg_2024-12-07_19-06-21.webp.webp?fit=1200%2C671&ssl=1&resize=350%2C200 1x, https:\/\/i0.wp.com\/noticiasribeiraopreto.com.br\/wp-content\/uploads\/2024\/12\/DAVID_2024-12-07_19-06-21_jpg_2024-12-07_19-06-21.webp.webp?fit=1200%2C671&ssl=1&resize=525%2C300 1.5x, https:\/\/i0.wp.com\/noticiasribeiraopreto.com.br\/wp-content\/uploads\/2024\/12\/DAVID_2024-12-07_19-06-21_jpg_2024-12-07_19-06-21.webp.webp?fit=1200%2C671&ssl=1&resize=700%2C400 2x, https:\/\/i0.wp.com\/noticiasribeiraopreto.com.br\/wp-content\/uploads\/2024\/12\/DAVID_2024-12-07_19-06-21_jpg_2024-12-07_19-06-21.webp.webp?fit=1200%2C671&ssl=1&resize=1050%2C600 3x"},"classes":[]},{"id":60382,"url":"https:\/\/noticiasribeiraopreto.com.br\/index.php\/2024\/11\/12\/saiba-o-que-disse-suspeito-de-matar-jovem-em-briga-de-transito-em-ribeirao\/","url_meta":{"origin":71986,"position":1},"title":"Saiba o que disse suspeito de matar jovem em briga de tr\u00e2nsito em Ribeir\u00e3o","author":"noticiasribeiraopreto.com.br","date":"12 de November de 2024","format":false,"excerpt":"A Pol\u00edcia Civil prendeu nesta ter\u00e7a-feira (12) um suspeito de envolvimento na morte de Everton Gabriel da Silva,\u00a0baleado dentro do carro de um motorista de aplicativo durante uma briga de tr\u00e2nsito, em Ribeir\u00e3o Preto. Segundo a Pol\u00edcia Militar, o homem apresentou diversas vers\u00f5es para o caso, mas afirmou que n\u00e3o\u2026","rel":"","context":"In &quot;Not\u00edcias de Ribeir\u00e3o Preto-SP e Regi\u00e3o&quot;","block_context":{"text":"Not\u00edcias de Ribeir\u00e3o Preto-SP e Regi\u00e3o","link":"https:\/\/noticiasribeiraopreto.com.br\/index.php\/category\/noticias-de-ribeirao-preto-sp-e-regiao-ismael-colosi\/"},"img":{"alt_text":"","src":"https:\/\/i0.wp.com\/noticiasribeiraopreto.com.br\/wp-content\/uploads\/2024\/11\/Copia-de-Copia-de-Copia-de-TAMANHO-EXATO-PARA-FOTOS-NO-SISTEMA-NOVO-85_2024-11-12_19-53-19_png_2024-11-12_19-53-19.webp.webp?fit=1200%2C675&ssl=1&resize=350%2C200","width":350,"height":200,"srcset":"https:\/\/i0.wp.com\/noticiasribeiraopreto.com.br\/wp-content\/uploads\/2024\/11\/Copia-de-Copia-de-Copia-de-TAMANHO-EXATO-PARA-FOTOS-NO-SISTEMA-NOVO-85_2024-11-12_19-53-19_png_2024-11-12_19-53-19.webp.webp?fit=1200%2C675&ssl=1&resize=350%2C200 1x, https:\/\/i0.wp.com\/noticiasribeiraopreto.com.br\/wp-content\/uploads\/2024\/11\/Copia-de-Copia-de-Copia-de-TAMANHO-EXATO-PARA-FOTOS-NO-SISTEMA-NOVO-85_2024-11-12_19-53-19_png_2024-11-12_19-53-19.webp.webp?fit=1200%2C675&ssl=1&resize=525%2C300 1.5x, https:\/\/i0.wp.com\/noticiasribeiraopreto.com.br\/wp-content\/uploads\/2024\/11\/Copia-de-Copia-de-Copia-de-TAMANHO-EXATO-PARA-FOTOS-NO-SISTEMA-NOVO-85_2024-11-12_19-53-19_png_2024-11-12_19-53-19.webp.webp?fit=1200%2C675&ssl=1&resize=700%2C400 2x, https:\/\/i0.wp.com\/noticiasribeiraopreto.com.br\/wp-content\/uploads\/2024\/11\/Copia-de-Copia-de-Copia-de-TAMANHO-EXATO-PARA-FOTOS-NO-SISTEMA-NOVO-85_2024-11-12_19-53-19_png_2024-11-12_19-53-19.webp.webp?fit=1200%2C675&ssl=1&resize=1050%2C600 3x"},"classes":[]},{"id":53058,"url":"https:\/\/noticiasribeiraopreto.com.br\/index.php\/2024\/06\/15\/motorista-atira-em-carro-durante-briga-de-transito-em-rodovia-no-interior-de-sp\/","url_meta":{"origin":71986,"position":2},"title":"Motorista atira em carro durante briga de tr\u00e2nsito em rodovia no interior de SP","author":"noticiasribeiraopreto.com.br","date":"15 de June de 2024","format":false,"excerpt":"Um motorista atirou em dire\u00e7\u00e3o a um carro durante uma briga de tr\u00e2nsito nesta sexta-feira (14), na rodovia Castello Branco (SP-280), em Boituva, cidade no interior de S\u00e3o Paulo. V\u00eddeos que circulam nas redes sociais mostram o suspeito durante os disparos. Dois tiros atingiram o pneu do carro da v\u00edtima,\u2026","rel":"","context":"In &quot;Not\u00edcias de Ribeir\u00e3o Preto-SP e Regi\u00e3o&quot;","block_context":{"text":"Not\u00edcias de Ribeir\u00e3o Preto-SP e Regi\u00e3o","link":"https:\/\/noticiasribeiraopreto.com.br\/index.php\/category\/noticias-de-ribeirao-preto-sp-e-regiao-ismael-colosi\/"},"img":{"alt_text":"","src":"https:\/\/i0.wp.com\/noticiasribeiraopreto.com.br\/wp-content\/uploads\/2024\/06\/WhatsApp-Image-2024-06-15-at-16.06.01_2024-06-15_19-06-22_jpeg_2024-06-15_19-06-22.webp.webp?fit=1200%2C675&ssl=1&resize=350%2C200","width":350,"height":200,"srcset":"https:\/\/i0.wp.com\/noticiasribeiraopreto.com.br\/wp-content\/uploads\/2024\/06\/WhatsApp-Image-2024-06-15-at-16.06.01_2024-06-15_19-06-22_jpeg_2024-06-15_19-06-22.webp.webp?fit=1200%2C675&ssl=1&resize=350%2C200 1x, https:\/\/i0.wp.com\/noticiasribeiraopreto.com.br\/wp-content\/uploads\/2024\/06\/WhatsApp-Image-2024-06-15-at-16.06.01_2024-06-15_19-06-22_jpeg_2024-06-15_19-06-22.webp.webp?fit=1200%2C675&ssl=1&resize=525%2C300 1.5x, https:\/\/i0.wp.com\/noticiasribeiraopreto.com.br\/wp-content\/uploads\/2024\/06\/WhatsApp-Image-2024-06-15-at-16.06.01_2024-06-15_19-06-22_jpeg_2024-06-15_19-06-22.webp.webp?fit=1200%2C675&ssl=1&resize=700%2C400 2x, https:\/\/i0.wp.com\/noticiasribeiraopreto.com.br\/wp-content\/uploads\/2024\/06\/WhatsApp-Image-2024-06-15-at-16.06.01_2024-06-15_19-06-22_jpeg_2024-06-15_19-06-22.webp.webp?fit=1200%2C675&ssl=1&resize=1050%2C600 3x"},"classes":[]},{"id":79614,"url":"https:\/\/noticiasribeiraopreto.com.br\/index.php\/2025\/11\/04\/homem-e-condenado-a-30-anos-por-atirar-e-matar-jovem-apos-briga-de-transito-em-ribeirao-preto\/","url_meta":{"origin":71986,"position":3},"title":"Homem \u00e9 condenado a 30 anos por atirar e matar jovem ap\u00f3s briga de tr\u00e2nsito em Ribeir\u00e3o Preto","author":"noticiasribeiraopreto.com.br","date":"4 de November de 2025","format":false,"excerpt":"David Alessandro Naves foi condenado a 30 anos de pris\u00e3o em regime fechado pelo J\u00fari Popular realizado nesta ter\u00e7a-feira (4) em Ribeir\u00e3o Preto. Ele \u00e9 acusado de atirar e matar um jovem de 20 anos em novembro de 2024, no Ipiranga, zona Norte da cidade. Segundo a decis\u00e3o judicial, o\u2026","rel":"","context":"In &quot;Not\u00edcias de Ribeir\u00e3o Preto-SP e Regi\u00e3o&quot;","block_context":{"text":"Not\u00edcias de Ribeir\u00e3o Preto-SP e Regi\u00e3o","link":"https:\/\/noticiasribeiraopreto.com.br\/index.php\/category\/noticias-de-ribeirao-preto-sp-e-regiao-ismael-colosi\/"},"img":{"alt_text":"","src":"https:\/\/i0.wp.com\/noticiasribeiraopreto.com.br\/wp-content\/uploads\/2025\/11\/Copia-de-Copia-de-Copia-de-TAMANHO-EXATO-PARA-FOTOS-NO-SISTEMA-NOVO-87_2024-11-12_20-01-47_png_2024-11-12_20-01-47.webp.webp?fit=1200%2C675&ssl=1&resize=350%2C200","width":350,"height":200,"srcset":"https:\/\/i0.wp.com\/noticiasribeiraopreto.com.br\/wp-content\/uploads\/2025\/11\/Copia-de-Copia-de-Copia-de-TAMANHO-EXATO-PARA-FOTOS-NO-SISTEMA-NOVO-87_2024-11-12_20-01-47_png_2024-11-12_20-01-47.webp.webp?fit=1200%2C675&ssl=1&resize=350%2C200 1x, https:\/\/i0.wp.com\/noticiasribeiraopreto.com.br\/wp-content\/uploads\/2025\/11\/Copia-de-Copia-de-Copia-de-TAMANHO-EXATO-PARA-FOTOS-NO-SISTEMA-NOVO-87_2024-11-12_20-01-47_png_2024-11-12_20-01-47.webp.webp?fit=1200%2C675&ssl=1&resize=525%2C300 1.5x, https:\/\/i0.wp.com\/noticiasribeiraopreto.com.br\/wp-content\/uploads\/2025\/11\/Copia-de-Copia-de-Copia-de-TAMANHO-EXATO-PARA-FOTOS-NO-SISTEMA-NOVO-87_2024-11-12_20-01-47_png_2024-11-12_20-01-47.webp.webp?fit=1200%2C675&ssl=1&resize=700%2C400 2x, https:\/\/i0.wp.com\/noticiasribeiraopreto.com.br\/wp-content\/uploads\/2025\/11\/Copia-de-Copia-de-Copia-de-TAMANHO-EXATO-PARA-FOTOS-NO-SISTEMA-NOVO-87_2024-11-12_20-01-47_png_2024-11-12_20-01-47.webp.webp?fit=1200%2C675&ssl=1&resize=1050%2C600 3x"},"classes":[]},{"id":60379,"url":"https:\/\/noticiasribeiraopreto.com.br\/index.php\/2024\/11\/12\/preso-o-suspeito-de-atirar-e-matar-jovem-apos-suposta-briga-de-transito-em-ribeirao\/","url_meta":{"origin":71986,"position":4},"title":"Preso o suspeito de atirar e matar jovem ap\u00f3s suposta briga de tr\u00e2nsito em Ribeir\u00e3o","author":"noticiasribeiraopreto.com.br","date":"12 de November de 2024","format":false,"excerpt":"O suspeito de atirar e matar um jovem de 20 anos ap\u00f3s uma suposta briga de tr\u00e2nsito, em Ribeir\u00e3o Preto, foi preso no come\u00e7o da tarde desta ter\u00e7a-feira (12). De acordo com a Pol\u00edcia Civil, o homem, que n\u00e3o teve a identidade revelada, foi encontrado em uma casa, no bairro\u2026","rel":"","context":"In &quot;Not\u00edcias de Ribeir\u00e3o Preto-SP e Regi\u00e3o&quot;","block_context":{"text":"Not\u00edcias de Ribeir\u00e3o Preto-SP e Regi\u00e3o","link":"https:\/\/noticiasribeiraopreto.com.br\/index.php\/category\/noticias-de-ribeirao-preto-sp-e-regiao-ismael-colosi\/"},"img":{"alt_text":"","src":"https:\/\/i0.wp.com\/noticiasribeiraopreto.com.br\/wp-content\/uploads\/2024\/11\/Copia-de-Copia-de-Copia-de-TAMANHO-EXATO-PARA-FOTOS-NO-SISTEMA-NOVO-83_2024-11-12_18-20-25_png_2024-11-12_18-20-25.webp.webp?fit=1200%2C675&ssl=1&resize=350%2C200","width":350,"height":200,"srcset":"https:\/\/i0.wp.com\/noticiasribeiraopreto.com.br\/wp-content\/uploads\/2024\/11\/Copia-de-Copia-de-Copia-de-TAMANHO-EXATO-PARA-FOTOS-NO-SISTEMA-NOVO-83_2024-11-12_18-20-25_png_2024-11-12_18-20-25.webp.webp?fit=1200%2C675&ssl=1&resize=350%2C200 1x, https:\/\/i0.wp.com\/noticiasribeiraopreto.com.br\/wp-content\/uploads\/2024\/11\/Copia-de-Copia-de-Copia-de-TAMANHO-EXATO-PARA-FOTOS-NO-SISTEMA-NOVO-83_2024-11-12_18-20-25_png_2024-11-12_18-20-25.webp.webp?fit=1200%2C675&ssl=1&resize=525%2C300 1.5x, https:\/\/i0.wp.com\/noticiasribeiraopreto.com.br\/wp-content\/uploads\/2024\/11\/Copia-de-Copia-de-Copia-de-TAMANHO-EXATO-PARA-FOTOS-NO-SISTEMA-NOVO-83_2024-11-12_18-20-25_png_2024-11-12_18-20-25.webp.webp?fit=1200%2C675&ssl=1&resize=700%2C400 2x, https:\/\/i0.wp.com\/noticiasribeiraopreto.com.br\/wp-content\/uploads\/2024\/11\/Copia-de-Copia-de-Copia-de-TAMANHO-EXATO-PARA-FOTOS-NO-SISTEMA-NOVO-83_2024-11-12_18-20-25_png_2024-11-12_18-20-25.webp.webp?fit=1200%2C675&ssl=1&resize=1050%2C600 3x"},"classes":[]},{"id":60346,"url":"https:\/\/noticiasribeiraopreto.com.br\/index.php\/2024\/11\/11\/identificada-a-vitima-que-morreu-apos-suposta-briga-de-transito-em-ribeirao\/","url_meta":{"origin":71986,"position":5},"title":"Identificada a v\u00edtima que morreu ap\u00f3s suposta briga de tr\u00e2nsito em Ribeir\u00e3o","author":"noticiasribeiraopreto.com.br","date":"11 de November de 2024","format":false,"excerpt":"Foi identificado na tarde desta segunda-feira (11) o passageiro de carro de aplicativo que morreu ap\u00f3s ser baleado durante uma suposta briga de tr\u00e2nsito, na zona Norte de Ribeir\u00e3o Preto.\u00a0A v\u00edtima \u00e9 Everton Gabriel da Silva, de 20 anos. Segundo Boletim de Ocorr\u00eancia, o jovem foi atingido na regi\u00e3o das\u00a0costelas.\u2026","rel":"","context":"In &quot;Not\u00edcias de Ribeir\u00e3o Preto-SP e Regi\u00e3o&quot;","block_context":{"text":"Not\u00edcias de Ribeir\u00e3o Preto-SP e Regi\u00e3o","link":"https:\/\/noticiasribeiraopreto.com.br\/index.php\/category\/noticias-de-ribeirao-preto-sp-e-regiao-ismael-colosi\/"},"img":{"alt_text":"","src":"https:\/\/i0.wp.com\/noticiasribeiraopreto.com.br\/wp-content\/uploads\/2024\/11\/Copia-de-Copia-de-Copia-de-TAMANHO-EXATO-PARA-FOTOS-NO-SISTEMA-NOVO-81_2024-11-11_23-10-50_png_2024-11-11_23-10-50.webp.webp?fit=1200%2C675&ssl=1&resize=350%2C200","width":350,"height":200,"srcset":"https:\/\/i0.wp.com\/noticiasribeiraopreto.com.br\/wp-content\/uploads\/2024\/11\/Copia-de-Copia-de-Copia-de-TAMANHO-EXATO-PARA-FOTOS-NO-SISTEMA-NOVO-81_2024-11-11_23-10-50_png_2024-11-11_23-10-50.webp.webp?fit=1200%2C675&ssl=1&resize=350%2C200 1x, https:\/\/i0.wp.com\/noticiasribeiraopreto.com.br\/wp-content\/uploads\/2024\/11\/Copia-de-Copia-de-Copia-de-TAMANHO-EXATO-PARA-FOTOS-NO-SISTEMA-NOVO-81_2024-11-11_23-10-50_png_2024-11-11_23-10-50.webp.webp?fit=1200%2C675&ssl=1&resize=525%2C300 1.5x, https:\/\/i0.wp.com\/noticiasribeiraopreto.com.br\/wp-content\/uploads\/2024\/11\/Copia-de-Copia-de-Copia-de-TAMANHO-EXATO-PARA-FOTOS-NO-SISTEMA-NOVO-81_2024-11-11_23-10-50_png_2024-11-11_23-10-50.webp.webp?fit=1200%2C675&ssl=1&resize=700%2C400 2x, https:\/\/i0.wp.com\/noticiasribeiraopreto.com.br\/wp-content\/uploads\/2024\/11\/Copia-de-Copia-de-Copia-de-TAMANHO-EXATO-PARA-FOTOS-NO-SISTEMA-NOVO-81_2024-11-11_23-10-50_png_2024-11-11_23-10-50.webp.webp?fit=1200%2C675&ssl=1&resize=1050%2C600 3x"},"classes":[]}],"jetpack_sharing_enabled":true,"jetpack_shortlink":"https:\/\/wp.me\/peQAOb-iJ4","_links":{"self":[{"href":"https:\/\/noticiasribeiraopreto.com.br\/index.php\/wp-json\/wp\/v2\/posts\/71986","targetHints":{"allow":["GET"]}}],"collection":[{"href":"https:\/\/noticiasribeiraopreto.com.br\/index.php\/wp-json\/wp\/v2\/posts"}],"about":[{"href":"https:\/\/noticiasribeiraopreto.com.br\/index.php\/wp-json\/wp\/v2\/types\/post"}],"author":[{"embeddable":true,"href":"https:\/\/noticiasribeiraopreto.com.br\/index.php\/wp-json\/wp\/v2\/users\/1"}],"replies":[{"embeddable":true,"href":"https:\/\/noticiasribeiraopreto.com.br\/index.php\/wp-json\/wp\/v2\/comments?post=71986"}],"version-history":[{"count":0,"href":"https:\/\/noticiasribeiraopreto.com.br\/index.php\/wp-json\/wp\/v2\/posts\/71986\/revisions"}],"wp:featuredmedia":[{"embeddable":true,"href":"https:\/\/noticiasribeiraopreto.com.br\/index.php\/wp-json\/wp\/v2\/media\/71987"}],"wp:attachment":[{"href":"https:\/\/noticiasribeiraopreto.com.br\/index.php\/wp-json\/wp\/v2\/media?parent=71986"}],"wp:term":[{"taxonomy":"category","embeddable":true,"href":"https:\/\/noticiasribeiraopreto.com.br\/index.php\/wp-json\/wp\/v2\/categories?post=71986"},{"taxonomy":"post_tag","embeddable":true,"href":"https:\/\/noticiasribeiraopreto.com.br\/index.php\/wp-json\/wp\/v2\/tags?post=71986"}],"curies":[{"name":"wp","href":"https:\/\/api.w.org\/{rel}","templated":true}]}}