{"id":71988,"date":"2025-06-12T09:34:26","date_gmt":"2025-06-12T12:34:26","guid":{"rendered":"https:\/\/noticiasribeiraopreto.com.br\/index.php\/2025\/06\/12\/video-van-capota-apos-acidente-no-centro\/"},"modified":"2025-06-12T09:34:26","modified_gmt":"2025-06-12T12:34:26","slug":"video-van-capota-apos-acidente-no-centro","status":"publish","type":"post","link":"https:\/\/noticiasribeiraopreto.com.br\/index.php\/2025\/06\/12\/video-van-capota-apos-acidente-no-centro\/","title":{"rendered":"V\u00cdDEO &#8211; Van capota ap\u00f3s acidente no Centro"},"content":{"rendered":"<div class='code-block code-block-1' style='margin: 8px 0 8px auto; text-align: right; display: block; clear: both;'>\n<p><a href=\"https:\/\/wa.link\/vpicfd\"><img data-recalc-dims=\"1\" class=\"wp-image-4922\" style=\"aspect-ratio: 2.0253164556962027; width: 561px; height: auto;\" src=\"https:\/\/i0.wp.com\/ismaelcolosi.com.br\/wp-content\/uploads\/2023\/11\/grupo-de-empregos-whatsapp-e-facebook-ismael-colosi-vagas.jpg?ssl=1\" alt=\"\" \/><\/a><\/p>\n<!-- \/wp:image -->\n<\/div>\n<p> <br \/>\n<\/p>\n<div id=\"post-428490\">\n<header class=\"entry-header penci-entry-header penci-title-center\">\n<h2 class=\"penci-post-subtitle\">Um dos envolvidos n\u00e3o teria respeitado o sinal de parada em cruzamento<\/h2>\n<p>\n\t\t\t\t\t\t\t\t\t<span class=\"entry-meta-item penci-posted-on\"><i class=\"fa fa-clock-o\"\/><time class=\"entry-date published\" datetime=\"2025-06-12T09:18:04-03:00\">12 de junho de 2025 09:18<\/time><time class=\"updated\" datetime=\"2025-06-12T09:34:18-03:00\">12 de junho de 2025 09:34<\/time><\/span><span class=\"entry-meta-item penci-post-countview\"><span class=\"entry-meta-item penci-post-countview penci_post-meta_item\"><i class=\"fa fa-eye\"\/><span class=\"penci-post-countview-number penci-post-countview-p428490\">8<\/span><\/span><\/span>\t\t\t\t\t\t\t\t<\/p>\n<p><!-- .entry-meta --><br \/>\n\t\t\t\t\t\t\t\t<span class=\"penci-social-buttons penci-social-share-footer\"><span class=\"penci-social-share-text\">Compartilhar<\/span><a href=\"#\" class=\"penci-post-like penci_post-meta_item  single-like-button penci-social-item like\" data-post_id=\"428490\" title=\"Like\" data-like=\"Like\" data-unlike=\"Unlike\"><i class=\"fa fa-thumbs-o-up\"\/><span class=\"penci-share-number\">0<\/span><\/a><i class=\"fa fa-facebook\"\/><a class=\"penci-social-item twitter\" target=\"_blank\" rel=\"noopener\" title=\"\" href=\"https:\/\/twitter.com\/intent\/tweet?text=V\u00cdDEO%20-%20Van%20capota%20ap\u00f3s%20acidente%20no%20Centro%20-%20https:\/\/www.tribunaribeirao.com.br\/van-capota-apos-acidente-no-centro\/\"><i class=\"fa fa-twitter\"\/><\/a><i class=\"fa fa-linkedin\"\/><i class=\"fa fa-whatsapp\"\/><i class=\"fa fa-telegram\"\/><i class=\"fa fa-envelope\"\/><\/span>\t\t\t\t\t\t\t<\/header>\n<p><!-- .entry-header --><\/p>\n<div class=\"penci-entry-content entry-content\">\n<p>Por: Adalberto Luque<\/p>\n<p>Um acidente envolvendo uma van e um ve\u00edculo causou interdi\u00e7\u00e3o parcial de uma rua, na manh\u00e3 desta quinta-feira (12). A colis\u00e3o ocorreu no cruzamento da rua S\u00e3o Sebasti\u00e3o com rua Marcondes Salgado, no Centro da cidade.<\/p>\n<p>No cruzamento tem sinaliza\u00e7\u00e3o de parada para quem segue pela rua Marcondes Salgado. A van teria avan\u00e7ado o sinal de parada e acabou colidindo contra outro ve\u00edculo. Os airbags do carro foram acionados.<\/p>\n<figure id=\"attachment_428491\" aria-describedby=\"caption-attachment-428491\" style=\"width: 800px\" class=\"wp-caption alignnone\"><img data-recalc-dims=\"1\" loading=\"lazy\" decoding=\"async\" class=\"size-full wp-image-428491 lazyload\" src=\"https:\/\/i0.wp.com\/www.tribunaribeirao.com.br\/wp-content\/uploads\/2025\/06\/12-jun-2025-acidentecentro3-scaled.jpg?resize=800%2C449&#038;ssl=1\" alt=\"\" width=\"800\" height=\"449\" srcset=\"https:\/\/www.tribunaribeirao.com.br\/wp-content\/uploads\/2025\/06\/12-jun-2025-acidentecentro3-scaled.jpg 800w, https:\/\/www.tribunaribeirao.com.br\/wp-content\/uploads\/2025\/06\/12-jun-2025-acidentecentro3-300x169.jpg 300w, https:\/\/www.tribunaribeirao.com.br\/wp-content\/uploads\/2025\/06\/12-jun-2025-acidentecentro3-1024x575.jpg 1024w, https:\/\/www.tribunaribeirao.com.br\/wp-content\/uploads\/2025\/06\/12-jun-2025-acidentecentro3-768x431.jpg 768w, https:\/\/www.tribunaribeirao.com.br\/wp-content\/uploads\/2025\/06\/12-jun-2025-acidentecentro3-960x539.jpg 960w, https:\/\/www.tribunaribeirao.com.br\/wp-content\/uploads\/2025\/06\/12-jun-2025-acidentecentro3-712x400.jpg 712w, https:\/\/www.tribunaribeirao.com.br\/wp-content\/uploads\/2025\/06\/12-jun-2025-acidentecentro3-585x329.jpg 585w\" data-sizes=\"(max-width: 800px) 100vw, 800px\" style=\"--smush-placeholder-width: 800px; --smush-placeholder-aspect-ratio: 800\/449;\"\/><figcaption id=\"caption-attachment-428491\" class=\"wp-caption-text\">Van capotou ap\u00f3s colidir contra carro (no destaque); n\u00e3o houve feridos (Fotos: Divulga\u00e7\u00e3o)<\/figcaption><\/figure>\n<p>A van acabou capotando e parando sobre a rua Marcondes Salgado, no trecho entre a rua S\u00e3o Sebasti\u00e3o e rua General Os\u00f3rio. N\u00e3o houve feridos, mas foi preciso interditar a via para desvirar e retirar a van.<\/p>\n<p>O acidente ocorreu antes das 06h00. N\u00e3o houve problemas com o tr\u00e2nsito no local. A via foi liberada rapidamente. As responsabilidades ser\u00e3o apuradas.<\/p>\n<\/div>\n<p><!-- .entry-content --><\/p>\n<footer class=\"penci-entry-footer\">\n\t\t\t\t\t\t\t\t<span class=\"penci-social-buttons penci-social-share-footer\"><span class=\"penci-social-share-text\">Compartilhar<\/span><a href=\"#\" class=\"penci-post-like penci_post-meta_item  single-like-button penci-social-item like\" data-post_id=\"428490\" title=\"Like\" data-like=\"Like\" data-unlike=\"Unlike\"><i class=\"fa fa-thumbs-o-up\"\/><span class=\"penci-share-number\">0<\/span><\/a><i class=\"fa fa-facebook\"\/><a class=\"penci-social-item twitter\" target=\"_blank\" rel=\"noopener\" title=\"\" href=\"https:\/\/twitter.com\/intent\/tweet?text=V\u00cdDEO%20-%20Van%20capota%20ap\u00f3s%20acidente%20no%20Centro%20-%20https:\/\/www.tribunaribeirao.com.br\/van-capota-apos-acidente-no-centro\/\"><i class=\"fa fa-twitter\"\/><\/a><i class=\"fa fa-linkedin\"\/><i class=\"fa fa-whatsapp\"\/><i class=\"fa fa-telegram\"\/><i class=\"fa fa-envelope\"\/><\/span>\t\t\t\t\t\t\t<\/footer>\n<p><!-- .entry-footer -->\n\t\t\t\t\t\t<\/div>\n<p><script async src=\"\/\/platform.twitter.com\/widgets.js\" charset=\"utf-8\"><\/script><br \/>\n<br \/><br \/>\n<br \/><a href=\"https:\/\/www.tribunaribeirao.com.br\/van-capota-apos-acidente-no-centro\/\">Source link <\/a><\/p>\n<!-- CONTENT END 1 -->\n","protected":false},"excerpt":{"rendered":"<p>Um dos envolvidos n\u00e3o teria respeitado o sinal de parada em cruzamento 12 de junho de 2025 09:1812 de junho de 2025 09:348 Compartilhar0 Por:&#8230;<\/p>\n","protected":false},"author":1,"featured_media":71989,"comment_status":"open","ping_status":"open","sticky":false,"template":"","format":"standard","meta":{"advanced_seo_description":"","jetpack_seo_html_title":"","jetpack_seo_noindex":false,"jetpack_post_was_ever_published":false,"_jetpack_newsletter_access":"","_jetpack_dont_email_post_to_subs":false,"_jetpack_newsletter_tier_id":0,"_jetpack_memberships_contains_paywalled_content":false,"_jetpack_memberships_contains_paid_content":false,"footnotes":"","jetpack_publicize_message":"","jetpack_publicize_feature_enabled":true,"jetpack_social_post_already_shared":true,"jetpack_social_options":{"image_generator_settings":{"template":"highway","default_image_id":0,"font":"","enabled":false},"version":2}},"categories":[11],"tags":[],"class_list":["post-71988","post","type-post","status-publish","format-standard","has-post-thumbnail","hentry","category-noticias-de-ribeirao-preto-sp-e-regiao-ismael-colosi"],"jetpack_publicize_connections":[],"jetpack_featured_media_url":"https:\/\/i0.wp.com\/noticiasribeiraopreto.com.br\/wp-content\/uploads\/2025\/06\/12-jun-2025-acidentecentro3-scaled.jpg?fit=800%2C449&ssl=1","jetpack-related-posts":[{"id":71459,"url":"https:\/\/noticiasribeiraopreto.com.br\/index.php\/2025\/06\/06\/confessionario-tribuna-ribeirao-26\/","url_meta":{"origin":71988,"position":0},"title":"Confession\u00e1rio &#8211; Tribuna Ribeir\u00e3o","author":"noticiasribeiraopreto.com.br","date":"6 de June de 2025","format":false,"excerpt":"6 de junho de 2025 09:356 de junho de 2025 09:309 Compartilhar0 R\u00e1dio 79\u00a0vira TH+ Prime FM O\u00a0Grupo Thathi de Comunica\u00e7\u00e3o\u00a0lan\u00e7ou nesta quinta-feira, dia 05 de junho em\u00a0Ribeir\u00e3o Preto, a\u00a0TH+ Prime FM 104.7 (antiga 79 AM 590, agora migrada ao FM). A esta\u00e7\u00e3o, que j\u00e1 estava em opera\u00e7\u00e3o em formato\u2026","rel":"","context":"In &quot;Not\u00edcias de Ribeir\u00e3o Preto-SP e Regi\u00e3o&quot;","block_context":{"text":"Not\u00edcias de Ribeir\u00e3o Preto-SP e Regi\u00e3o","link":"https:\/\/noticiasribeiraopreto.com.br\/index.php\/category\/noticias-de-ribeirao-preto-sp-e-regiao-ismael-colosi\/"},"img":{"alt_text":"","src":"https:\/\/i0.wp.com\/noticiasribeiraopreto.com.br\/wp-content\/uploads\/2025\/06\/melhores_microfones_para_estudios_de_radios1-1320x880-1-scaled.jpg?fit=750%2C500&ssl=1&resize=350%2C200","width":350,"height":200,"srcset":"https:\/\/i0.wp.com\/noticiasribeiraopreto.com.br\/wp-content\/uploads\/2025\/06\/melhores_microfones_para_estudios_de_radios1-1320x880-1-scaled.jpg?fit=750%2C500&ssl=1&resize=350%2C200 1x, https:\/\/i0.wp.com\/noticiasribeiraopreto.com.br\/wp-content\/uploads\/2025\/06\/melhores_microfones_para_estudios_de_radios1-1320x880-1-scaled.jpg?fit=750%2C500&ssl=1&resize=525%2C300 1.5x, https:\/\/i0.wp.com\/noticiasribeiraopreto.com.br\/wp-content\/uploads\/2025\/06\/melhores_microfones_para_estudios_de_radios1-1320x880-1-scaled.jpg?fit=750%2C500&ssl=1&resize=700%2C400 2x"},"classes":[]},{"id":69777,"url":"https:\/\/noticiasribeiraopreto.com.br\/index.php\/2025\/05\/09\/jornal-da-franca-escola-profissionalizante-e-fussol-promovem-oficinas-gratuitas-de-chocolate\/","url_meta":{"origin":71988,"position":1},"title":"Jornal da Franca &#8211; Escola Profissionalizante e FUSSOL promovem oficinas gratuitas de chocolate","author":"noticiasribeiraopreto.com.br","date":"9 de May de 2025","format":false,"excerpt":"compartilhar no whatsapp compartilhar no telegram compartilhar no facebook compartilhar no linkedin Cursos r\u00e1pidos capacitam moradores com t\u00e9cnicas de produ\u00e7\u00e3o de chocolates, decora\u00e7\u00e3o e embalagem para o Dia dos Namorados Oficinas gratuitas ter\u00e3o como temas o Dias dos Namorados e Festas Juninas \u00a0 Em uma iniciativa conjunta entre o FUSSOL\u2026","rel":"","context":"In &quot;Not\u00edcias de Franca-SP&quot;","block_context":{"text":"Not\u00edcias de Franca-SP","link":"https:\/\/noticiasribeiraopreto.com.br\/index.php\/category\/noticias-de-ribeirao-preto-sp-e-regiao-ismael-colosi\/noticias-franca-sp\/"},"img":{"alt_text":"","src":"https:\/\/i0.wp.com\/noticiasribeiraopreto.com.br\/wp-content\/uploads\/2025\/05\/curso-de-Chocolate.jpeg?fit=1200%2C794&ssl=1&resize=350%2C200","width":350,"height":200,"srcset":"https:\/\/i0.wp.com\/noticiasribeiraopreto.com.br\/wp-content\/uploads\/2025\/05\/curso-de-Chocolate.jpeg?fit=1200%2C794&ssl=1&resize=350%2C200 1x, https:\/\/i0.wp.com\/noticiasribeiraopreto.com.br\/wp-content\/uploads\/2025\/05\/curso-de-Chocolate.jpeg?fit=1200%2C794&ssl=1&resize=525%2C300 1.5x, https:\/\/i0.wp.com\/noticiasribeiraopreto.com.br\/wp-content\/uploads\/2025\/05\/curso-de-Chocolate.jpeg?fit=1200%2C794&ssl=1&resize=700%2C400 2x, https:\/\/i0.wp.com\/noticiasribeiraopreto.com.br\/wp-content\/uploads\/2025\/05\/curso-de-Chocolate.jpeg?fit=1200%2C794&ssl=1&resize=1050%2C600 3x"},"classes":[]},{"id":71750,"url":"https:\/\/noticiasribeiraopreto.com.br\/index.php\/2025\/06\/09\/sesi-ribeirao-tem-apresentacao-de-forro-gratuita-durante-o-mes-de-junho-veja-programacao\/","url_meta":{"origin":71988,"position":2},"title":"Sesi Ribeir\u00e3o tem apresenta\u00e7\u00e3o de forr\u00f3 gratuita durante o m\u00eas de junho; Veja programa\u00e7\u00e3o","author":"noticiasribeiraopreto.com.br","date":"9 de June de 2025","format":false,"excerpt":"As festas juninas chegaram e o forr\u00f3 \u2014 ritmo s\u00edmbolo do S\u00e3o Jo\u00e3o \u2014 ganha espa\u00e7o no calend\u00e1rio cultural de Ribeir\u00e3o Preto. Durante todo o m\u00eas de junho, o Centro Cultural Sesi ser\u00e1 palco de apresenta\u00e7\u00f5es musicais gratuitas, sempre \u00e0s quintas-feiras, \u00e0s 19h30. Os interessados devem reservar os ingressos de\u2026","rel":"","context":"In &quot;Not\u00edcias de Ribeir\u00e3o Preto-SP e Regi\u00e3o&quot;","block_context":{"text":"Not\u00edcias de Ribeir\u00e3o Preto-SP e Regi\u00e3o","link":"https:\/\/noticiasribeiraopreto.com.br\/index.php\/category\/noticias-de-ribeirao-preto-sp-e-regiao-ismael-colosi\/"},"img":{"alt_text":"","src":"https:\/\/i0.wp.com\/noticiasribeiraopreto.com.br\/wp-content\/uploads\/2025\/06\/a66292b9-905d-4077-ba5a-a1346376a151_2025-06-09_21-10-02.webp.webp?fit=1200%2C600&ssl=1&resize=350%2C200","width":350,"height":200,"srcset":"https:\/\/i0.wp.com\/noticiasribeiraopreto.com.br\/wp-content\/uploads\/2025\/06\/a66292b9-905d-4077-ba5a-a1346376a151_2025-06-09_21-10-02.webp.webp?fit=1200%2C600&ssl=1&resize=350%2C200 1x, https:\/\/i0.wp.com\/noticiasribeiraopreto.com.br\/wp-content\/uploads\/2025\/06\/a66292b9-905d-4077-ba5a-a1346376a151_2025-06-09_21-10-02.webp.webp?fit=1200%2C600&ssl=1&resize=525%2C300 1.5x, https:\/\/i0.wp.com\/noticiasribeiraopreto.com.br\/wp-content\/uploads\/2025\/06\/a66292b9-905d-4077-ba5a-a1346376a151_2025-06-09_21-10-02.webp.webp?fit=1200%2C600&ssl=1&resize=700%2C400 2x, https:\/\/i0.wp.com\/noticiasribeiraopreto.com.br\/wp-content\/uploads\/2025\/06\/a66292b9-905d-4077-ba5a-a1346376a151_2025-06-09_21-10-02.webp.webp?fit=1200%2C600&ssl=1&resize=1050%2C600 3x"},"classes":[]},{"id":51496,"url":"https:\/\/noticiasribeiraopreto.com.br\/index.php\/2024\/05\/27\/beneficiarios-do-bolsa-familia-comemoram-governo-confirma-3-adicionais-para-o-mes-de-junho-confira\/","url_meta":{"origin":71988,"position":3},"title":"Benefici\u00e1rios do Bolsa Fam\u00edlia comemoram: Governo confirma 3 adicionais para o m\u00eas de Junho; Confira!","author":"noticiasribeiraopreto.com.br","date":"27 de May de 2024","format":false,"excerpt":"O Governo Federal confirmou que os benefici\u00e1rios do Bolsa Fam\u00edlia receber\u00e3o tr\u00eas importantes benef\u00edcios adicionais desde junho, refor\u00e7ando o compromisso de apoiar fam\u00edlias em situa\u00e7\u00e3o de vulnerabilidade social. Anunciada pelo presidente Luiz In\u00e1cio Lula da Silva (PT) em meados do ano passado, essa ajuda continuar\u00e1 sendo desembolsada em 2024 com\u2026","rel":"","context":"In &quot;Dinheiro e Investimento&quot;","block_context":{"text":"Dinheiro e Investimento","link":"https:\/\/noticiasribeiraopreto.com.br\/index.php\/category\/dinheiro-e-investimento-como-fazer-como-ganhar\/"},"img":{"alt_text":"","src":"https:\/\/i0.wp.com\/noticiasribeiraopreto.com.br\/wp-content\/uploads\/2024\/05\/Design-sem-nome-5-1.webp.webp?fit=1200%2C630&ssl=1&resize=350%2C200","width":350,"height":200,"srcset":"https:\/\/i0.wp.com\/noticiasribeiraopreto.com.br\/wp-content\/uploads\/2024\/05\/Design-sem-nome-5-1.webp.webp?fit=1200%2C630&ssl=1&resize=350%2C200 1x, https:\/\/i0.wp.com\/noticiasribeiraopreto.com.br\/wp-content\/uploads\/2024\/05\/Design-sem-nome-5-1.webp.webp?fit=1200%2C630&ssl=1&resize=525%2C300 1.5x, https:\/\/i0.wp.com\/noticiasribeiraopreto.com.br\/wp-content\/uploads\/2024\/05\/Design-sem-nome-5-1.webp.webp?fit=1200%2C630&ssl=1&resize=700%2C400 2x, https:\/\/i0.wp.com\/noticiasribeiraopreto.com.br\/wp-content\/uploads\/2024\/05\/Design-sem-nome-5-1.webp.webp?fit=1200%2C630&ssl=1&resize=1050%2C600 3x"},"classes":[]},{"id":52544,"url":"https:\/\/noticiasribeiraopreto.com.br\/index.php\/2024\/06\/09\/franca-basquete-vence-flamengo-e-fica-mais-proximo-do-terceiro-titulo-seguido-do-nbb\/","url_meta":{"origin":71988,"position":4},"title":"Franca Basquete vence Flamengo e fica mais pr\u00f3ximo do terceiro t\u00edtulo seguido do NBB","author":"noticiasribeiraopreto.com.br","date":"9 de June de 2024","format":false,"excerpt":"O Franca Basquete venceu por 81 a 73 para Flamengo, no terceiro confronto pelas finais do NBB (Novo Basquete Brasil), em disputa realizada neste s\u00e1bado (08), no gin\u00e1sio Pedroc\u00e3o, em Franca. O time possui vantagem na s\u00e9rie de cinco e pode se tornar o campe\u00e3o do NBB pelo terceiro ano\u2026","rel":"","context":"In &quot;Not\u00edcias de Ribeir\u00e3o Preto-SP e Regi\u00e3o&quot;","block_context":{"text":"Not\u00edcias de Ribeir\u00e3o Preto-SP e Regi\u00e3o","link":"https:\/\/noticiasribeiraopreto.com.br\/index.php\/category\/noticias-de-ribeirao-preto-sp-e-regiao-ismael-colosi\/"},"img":{"alt_text":"","src":"https:\/\/i0.wp.com\/noticiasribeiraopreto.com.br\/wp-content\/uploads\/2024\/06\/53778450120_56908dfa6b_o_2024-06-09_17-20-06_jpg_2024-06-09_17-20-09-scaled.webp.webp?fit=1200%2C800&ssl=1&resize=350%2C200","width":350,"height":200,"srcset":"https:\/\/i0.wp.com\/noticiasribeiraopreto.com.br\/wp-content\/uploads\/2024\/06\/53778450120_56908dfa6b_o_2024-06-09_17-20-06_jpg_2024-06-09_17-20-09-scaled.webp.webp?fit=1200%2C800&ssl=1&resize=350%2C200 1x, https:\/\/i0.wp.com\/noticiasribeiraopreto.com.br\/wp-content\/uploads\/2024\/06\/53778450120_56908dfa6b_o_2024-06-09_17-20-06_jpg_2024-06-09_17-20-09-scaled.webp.webp?fit=1200%2C800&ssl=1&resize=525%2C300 1.5x, https:\/\/i0.wp.com\/noticiasribeiraopreto.com.br\/wp-content\/uploads\/2024\/06\/53778450120_56908dfa6b_o_2024-06-09_17-20-06_jpg_2024-06-09_17-20-09-scaled.webp.webp?fit=1200%2C800&ssl=1&resize=700%2C400 2x, https:\/\/i0.wp.com\/noticiasribeiraopreto.com.br\/wp-content\/uploads\/2024\/06\/53778450120_56908dfa6b_o_2024-06-09_17-20-06_jpg_2024-06-09_17-20-09-scaled.webp.webp?fit=1200%2C800&ssl=1&resize=1050%2C600 3x"},"classes":[]},{"id":52116,"url":"https:\/\/noticiasribeiraopreto.com.br\/index.php\/2024\/06\/04\/aniversario-de-ribeirao-preto-e-feriado-data-e-comemorada-no-dia-19-de-junho\/","url_meta":{"origin":71988,"position":5},"title":"Anivers\u00e1rio de Ribeir\u00e3o Preto \u00e9 feriado? Data \u00e9 comemorada no dia 19 de junho","author":"noticiasribeiraopreto.com.br","date":"4 de June de 2024","format":false,"excerpt":"O anivers\u00e1rio de 168 anos de Ribeir\u00e3o Preto \u00e9 comemorado no pr\u00f3ximo dia 19 de junho e j\u00e1 foi divulgada uma programa\u00e7\u00e3o especial para a celebra\u00e7\u00e3o. Mas, afinal, o dia do anivers\u00e1rio de Ribeir\u00e3o \u00e9 considerado feriado? Sim, a data \u00e9 feriado municipal, que foi institu\u00eddo por meio de legisla\u00e7\u00e3o\u2026","rel":"","context":"In &quot;Not\u00edcias de Ribeir\u00e3o Preto-SP e Regi\u00e3o&quot;","block_context":{"text":"Not\u00edcias de Ribeir\u00e3o Preto-SP e Regi\u00e3o","link":"https:\/\/noticiasribeiraopreto.com.br\/index.php\/category\/noticias-de-ribeirao-preto-sp-e-regiao-ismael-colosi\/"},"img":{"alt_text":"","src":"https:\/\/i0.wp.com\/noticiasribeiraopreto.com.br\/wp-content\/uploads\/2024\/06\/totem_eu_amo_ribeirao_-_foto_fernando_gonzaga_2_2024-06-04_11-49-25_jpeg_2024-06-04_11-49-25.webp.webp?fit=1200%2C800&ssl=1&resize=350%2C200","width":350,"height":200,"srcset":"https:\/\/i0.wp.com\/noticiasribeiraopreto.com.br\/wp-content\/uploads\/2024\/06\/totem_eu_amo_ribeirao_-_foto_fernando_gonzaga_2_2024-06-04_11-49-25_jpeg_2024-06-04_11-49-25.webp.webp?fit=1200%2C800&ssl=1&resize=350%2C200 1x, https:\/\/i0.wp.com\/noticiasribeiraopreto.com.br\/wp-content\/uploads\/2024\/06\/totem_eu_amo_ribeirao_-_foto_fernando_gonzaga_2_2024-06-04_11-49-25_jpeg_2024-06-04_11-49-25.webp.webp?fit=1200%2C800&ssl=1&resize=525%2C300 1.5x, https:\/\/i0.wp.com\/noticiasribeiraopreto.com.br\/wp-content\/uploads\/2024\/06\/totem_eu_amo_ribeirao_-_foto_fernando_gonzaga_2_2024-06-04_11-49-25_jpeg_2024-06-04_11-49-25.webp.webp?fit=1200%2C800&ssl=1&resize=700%2C400 2x, https:\/\/i0.wp.com\/noticiasribeiraopreto.com.br\/wp-content\/uploads\/2024\/06\/totem_eu_amo_ribeirao_-_foto_fernando_gonzaga_2_2024-06-04_11-49-25_jpeg_2024-06-04_11-49-25.webp.webp?fit=1200%2C800&ssl=1&resize=1050%2C600 3x"},"classes":[]}],"jetpack_sharing_enabled":true,"jetpack_shortlink":"https:\/\/wp.me\/peQAOb-iJ6","_links":{"self":[{"href":"https:\/\/noticiasribeiraopreto.com.br\/index.php\/wp-json\/wp\/v2\/posts\/71988","targetHints":{"allow":["GET"]}}],"collection":[{"href":"https:\/\/noticiasribeiraopreto.com.br\/index.php\/wp-json\/wp\/v2\/posts"}],"about":[{"href":"https:\/\/noticiasribeiraopreto.com.br\/index.php\/wp-json\/wp\/v2\/types\/post"}],"author":[{"embeddable":true,"href":"https:\/\/noticiasribeiraopreto.com.br\/index.php\/wp-json\/wp\/v2\/users\/1"}],"replies":[{"embeddable":true,"href":"https:\/\/noticiasribeiraopreto.com.br\/index.php\/wp-json\/wp\/v2\/comments?post=71988"}],"version-history":[{"count":0,"href":"https:\/\/noticiasribeiraopreto.com.br\/index.php\/wp-json\/wp\/v2\/posts\/71988\/revisions"}],"wp:featuredmedia":[{"embeddable":true,"href":"https:\/\/noticiasribeiraopreto.com.br\/index.php\/wp-json\/wp\/v2\/media\/71989"}],"wp:attachment":[{"href":"https:\/\/noticiasribeiraopreto.com.br\/index.php\/wp-json\/wp\/v2\/media?parent=71988"}],"wp:term":[{"taxonomy":"category","embeddable":true,"href":"https:\/\/noticiasribeiraopreto.com.br\/index.php\/wp-json\/wp\/v2\/categories?post=71988"},{"taxonomy":"post_tag","embeddable":true,"href":"https:\/\/noticiasribeiraopreto.com.br\/index.php\/wp-json\/wp\/v2\/tags?post=71988"}],"curies":[{"name":"wp","href":"https:\/\/api.w.org\/{rel}","templated":true}]}}