{"id":71990,"date":"2025-06-12T09:53:23","date_gmt":"2025-06-12T12:53:23","guid":{"rendered":"https:\/\/noticiasribeiraopreto.com.br\/index.php\/2025\/06\/12\/jornal-da-franca-especialista-da-santa-casa-de-franca-diz-que-doacao-de-sangue-pode-salvar-4-vidas\/"},"modified":"2025-06-12T09:53:23","modified_gmt":"2025-06-12T12:53:23","slug":"jornal-da-franca-especialista-da-santa-casa-de-franca-diz-que-doacao-de-sangue-pode-salvar-4-vidas","status":"publish","type":"post","link":"https:\/\/noticiasribeiraopreto.com.br\/index.php\/2025\/06\/12\/jornal-da-franca-especialista-da-santa-casa-de-franca-diz-que-doacao-de-sangue-pode-salvar-4-vidas\/","title":{"rendered":"Jornal da Franca &#8211; Especialista da Santa Casa de Franca diz que doa\u00e7\u00e3o de sangue pode salvar 4 vidas"},"content":{"rendered":"<p> <br \/>\n<\/p>\n<div>\n\t                            <a class=\"mb-1\" href=\"https:\/\/api.whatsapp.com\/send?text=Olha essa Not\u00edcia no Jornal da Franca.%0D%0D*Especialista da Santa Casa de Franca diz que doa\u00e7\u00e3o de sangue pode salvar 4 vidas*%0D%0Dclique na url abaixo%0Dhttps:\/\/www.jornaldafranca.com.br\/especialista-da-santa-casa-de-franca-diz-que-doacao-de-sangue-pode-salvar-4-vidas\/\" target=\"_blank\"><span class=\"text-12 badge badge-pill badge-success\"><i class=\"fa fa-whatsapp\"\/> compartilhar no whatsapp<\/span><\/a><\/p>\n<p>\t                            <a class=\"mb-1\" href=\"https:\/\/telegram.me\/share\/url?url=https:\/\/www.jornaldafranca.com.br\/especialista-da-santa-casa-de-franca-diz-que-doacao-de-sangue-pode-salvar-4-vidas\/&amp;text=Olha essa Not\u00edcia no Jornal da Franca.\" target=\"_blank\"><span class=\"text-12 badge badge-pill badge-info\"><i class=\"fa fa-telegram\"\/> compartilhar no telegram<\/span><\/a><\/p>\n<p>\t                            <a class=\"mb-1\" href=\"https:\/\/www.facebook.com\/sharer\/sharer.php?u=https:\/\/www.jornaldafranca.com.br\/especialista-da-santa-casa-de-franca-diz-que-doacao-de-sangue-pode-salvar-4-vidas\/\" target=\"_blank\"><span class=\"text-12 badge badge-pill badge-primary\"><i class=\"fa fa-facebook\"\/> compartilhar no facebook<\/span><\/a><\/p>\n<p>\t                            <a class=\"mb-1\" href=\"https:\/\/www.linkedin.com\/shareArticle?mini=true&amp;url=https:\/\/www.jornaldafranca.com.br\/especialista-da-santa-casa-de-franca-diz-que-doacao-de-sangue-pode-salvar-4-vidas\/&amp;title=Especialista da Santa Casa de Franca diz que doa\u00e7\u00e3o de sangue pode salvar 4 vidas&amp;source=JORNAL DA FRANCA\" target=\"_blank\"><span class=\"text-12 badge badge-pill badge-secondary\"><i class=\"fa fa-linkedin\"\/> compartilhar no linkedin<\/span><\/a><\/p>\n<div class=\"lead text-20\">\n<p>Ag\u00eancia Transfusional do Grupo Santa Casa de Franca refor\u00e7a a import\u00e2ncia da doa\u00e7\u00e3o de sangue para manter estoques seguros<\/p>\n<\/p><\/div>\n<p><img data-recalc-dims=\"1\" decoding=\"async\" src=\"https:\/\/i0.wp.com\/www.jornaldafranca.com.br\/wp-content\/uploads\/2025\/06\/portrait-of-young-woman-in-protective-mask-while-lying-on-the-couch-and-receiving-a-blood-transfusion-at-hospital.jpg?ssl=1\" alt=\"\"\/><\/p>\n<p>A doa\u00e7\u00e3o de sangue \u00e9 um ato altru\u00edsta que pode salvar at\u00e9 quatro vidas com cada bolsa coletada. O sangue \u00e9 insubstitu\u00edvel e essencial em diversas situa\u00e7\u00f5es, como cirurgias, tratamentos oncol\u00f3gicos, transplantes e casos de acidentes graves.<\/p>\n<p>Por isso, manter os estoques abastecidos \u00e9 responsabilidade de toda a sociedade, garantindo que pacientes que dependem desse recurso tenham acesso seguro e imediato ao tratamento.<\/p>\n<p>Este m\u00eas \u00e9 marcado pelo Dia Mundial do Doador de Sangue, celebrado em 14 de junho. A data, institu\u00edda pela Organiza\u00e7\u00e3o Mundial da Sa\u00fade (OMS), homenageia os doadores e incentiva a ades\u00e3o de novos volunt\u00e1rios.<\/p>\n<p>No Brasil, o m\u00eas tamb\u00e9m \u00e9 s\u00edmbolo da campanha Junho Vermelho, uma iniciativa nacional que estimula a doa\u00e7\u00e3o regular e ajuda a manter os estoques em n\u00edveis seguros.<\/p>\n<p><strong>Santa Casa de Franca<\/strong><\/p>\n<p>As Ag\u00eancias Transfusionais do Grupo Santa Casa de Franca participam ativamente dessa campanha e buscam conscientizar a popula\u00e7\u00e3o sobre a import\u00e2ncia da doa\u00e7\u00e3o. Dados internos indicam que,\u00a0<strong>nos primeiros quatro meses de 2025, houve um aumento de quase 30% no n\u00famero de bolsas transfundidas em compara\u00e7\u00e3o com o mesmo per\u00edodo de 2024: foram 4.776 bolsas em 2025 e 3.678 em 2024<\/strong>.<\/p>\n<p>Al\u00e9m do crescimento nas coletas, houve tamb\u00e9m aumento significativo na m\u00e9dia mensal de\u00a0<strong>transfus\u00f5es realizadas<\/strong>.\u00a0<strong>Na Santa Casa, o volume m\u00e9dio passou de 603 bolsas\/m\u00eas (janeiro a maio de 2024) para 668 bolsas\/m\u00eas no mesmo per\u00edodo de 2025, um aumento de cerca de 10,7%. <\/strong><\/p>\n<p><strong>J\u00e1 no Hospital do Cora\u00e7\u00e3o, o crescimento foi ainda mais expressivo, saindo de 175 bolsas\/m\u00eas para 240 bolsas\/m\u00eas, o que representa uma eleva\u00e7\u00e3o superior a 37%.<\/strong><\/p>\n<p>\u201cDoar sangue \u00e9 um gesto simples, mas que salva vidas. Nosso objetivo com essa campanha \u00e9 incentivar cada vez mais pessoas a se tornarem doadoras regulares, fortalecendo os estoques e garantindo a seguran\u00e7a no atendimento \u00e0 comunidade\u201d, destaca Josiane Naldi, biom\u00e9dica supervisora das Ag\u00eancias Transfusionais do Grupo Santa Casa de Franca.<\/p>\n<p><strong>Requisitos para ser um doador<\/strong><\/p>\n<p>\u201cAntes de doar sangue, \u00e9 muito importante que os volunt\u00e1rios estejam bem informados sobre as condi\u00e7\u00f5es necess\u00e1rias para que a doa\u00e7\u00e3o aconte\u00e7a de forma segura e tranquila\u201d, destaca Josiane.<\/p>\n<p>Para isso, \u00e9 preciso atender aos seguintes crit\u00e9rios:<\/p>\n<p>Estar em boas condi\u00e7\u00f5es de sa\u00fade;<\/p>\n<p>Ter entre 16 e 69 anos;<\/p>\n<p>Pesar no m\u00ednimo 50 quilos;<\/p>\n<p>Apresentar um documento oficial com foto;<\/p>\n<p>Menores de 18 anos precisam de autoriza\u00e7\u00e3o e presen\u00e7a do respons\u00e1vel legal;<\/p>\n<p>Estar bem alimentado antes da doa\u00e7\u00e3o (n\u00e3o doar em jejum);<\/p>\n<p>Evitar comidas gordurosas nas quatro horas que antecedem a doa\u00e7\u00e3o;<\/p>\n<p>Evitar fumar pelo menos 2 horas antes da doa\u00e7\u00e3o.<\/p>\n<p>N\u00e3o consumir \u00e1lcool nas 12 horas anteriores \u00e0 doa\u00e7\u00e3o.<\/p>\n<p>Ter dormido pelo menos seis horas na noite anterior;<\/p>\n<p>N\u00e3o ter feito tatuagem ou piercing nos \u00faltimos 12 meses.<\/p>\n<p>No caso de tatuagem, \u00e9 necess\u00e1rio aguardar no m\u00ednimo seis meses se o doador apresentar uma declara\u00e7\u00e3o de que o procedimento foi realizado em um estabelecimento com alvar\u00e1 da Vigil\u00e2ncia Sanit\u00e1ria. Caso contr\u00e1rio, o tempo de espera \u00e9 de um ano;<\/p>\n<p>Piercings em orelha, nariz ou umbigo exigem um intervalo de seis meses ap\u00f3s a coloca\u00e7\u00e3o. J\u00e1 piercings na cavidade oral ou regi\u00e3o genital exigem 12 meses ap\u00f3s a retirada.<\/p>\n<p><strong>Seja um doador do Hemocentro de Franca<\/strong><\/p>\n<p>A doa\u00e7\u00e3o \u00e9 um procedimento simples, seguro e r\u00e1pido. Para agendar sua doa\u00e7\u00e3o, basta selecionar o dia e o hor\u00e1rio da sua prefer\u00eancia neste <strong><a href=\"https:\/\/livia.bot\/hemocentrorp\" target=\"_blank\" rel=\"noopener noreferrer\">Link<\/a>.<\/strong><\/p>\n<p>Ao chegar ao hemocentro, o doador passa por cadastro e pr\u00e9-triagem, onde s\u00e3o avaliados peso, altura, press\u00e3o arterial, pulso, temperatura e realizado teste de anemia. Depois, na triagem cl\u00ednica, as condi\u00e7\u00f5es de sa\u00fade do volunt\u00e1rio s\u00e3o verificadas para garantir que ele esteja apto a doar.<\/p>\n<p>A coleta dura entre 8 e 12 minutos e retira cerca de 450 a 500 ml de sangue. Amostras tamb\u00e9m s\u00e3o colhidas para exames que detectam doen\u00e7as contagiosas e identificam o tipo sangu\u00edneo. Ap\u00f3s a doa\u00e7\u00e3o, o doador recebe um lanche com l\u00edquidos para ajudar na recupera\u00e7\u00e3o.<\/p>\n<p>Todo o processo leva de 40 a 60 minutos, utilizando materiais descart\u00e1veis que eliminam qualquer risco de contamina\u00e7\u00e3o. \u00c9 importante ingerir bastante l\u00edquido depois e evitar esfor\u00e7os f\u00edsicos intensos nas horas seguintes.<\/p>\n<p><!-- CONTENT END 1 --><\/p>\n<hr\/><\/div>\n<p><br \/>\n<br \/><a href=\"https:\/\/www.jornaldafranca.com.br\/especialista-da-santa-casa-de-franca-diz-que-doacao-de-sangue-pode-salvar-4-vidas\/\">Source link <\/a><\/p>\n","protected":false},"excerpt":{"rendered":"<p>compartilhar no whatsapp compartilhar no telegram compartilhar no facebook compartilhar no linkedin Ag\u00eancia Transfusional do Grupo Santa Casa de Franca refor\u00e7a a import\u00e2ncia da doa\u00e7\u00e3o&#8230;<\/p>\n","protected":false},"author":1,"featured_media":71991,"comment_status":"open","ping_status":"open","sticky":false,"template":"","format":"standard","meta":{"advanced_seo_description":"","jetpack_seo_html_title":"","jetpack_seo_noindex":false,"jetpack_post_was_ever_published":false,"_jetpack_newsletter_access":"","_jetpack_dont_email_post_to_subs":false,"_jetpack_newsletter_tier_id":0,"_jetpack_memberships_contains_paywalled_content":false,"_jetpack_memberships_contains_paid_content":false,"footnotes":"","jetpack_publicize_message":"","jetpack_publicize_feature_enabled":true,"jetpack_social_post_already_shared":true,"jetpack_social_options":{"image_generator_settings":{"template":"highway","default_image_id":0,"font":"","enabled":false},"version":2}},"categories":[3597],"tags":[],"class_list":["post-71990","post","type-post","status-publish","format-standard","has-post-thumbnail","hentry","category-noticias-franca-sp"],"jetpack_publicize_connections":[],"jetpack_featured_media_url":"https:\/\/i0.wp.com\/noticiasribeiraopreto.com.br\/wp-content\/uploads\/2025\/06\/portrait-of-young-woman-in-protective-mask-while-lying-on-the-couch-and-receiving-a-blood-transfusion-at-hospital.jpg?fit=1000%2C667&ssl=1","jetpack-related-posts":[{"id":64747,"url":"https:\/\/noticiasribeiraopreto.com.br\/index.php\/2025\/03\/12\/jornal-da-franca-autoridades-e-produtores-rurais-de-franca-fazem-abertura-da-16-edicao-do-simcafe\/","url_meta":{"origin":71990,"position":0},"title":"Jornal da Franca &#8211; Autoridades e produtores rurais de Franca fazem abertura da 16\u00b0 edi\u00e7\u00e3o do SimCaf\u00e9","author":"noticiasribeiraopreto.com.br","date":"12 de March de 2025","format":false,"excerpt":"compartilhar no whatsapp compartilhar no telegram compartilhar no facebook compartilhar no linkedin Evento re\u00fane cafeicultores e empresas do setor de agro de Franca e regi\u00e3o O Simcaf\u00e9 \u2013 Simp\u00f3sio do Agroneg\u00f3cio Caf\u00e9 da Alta Mogiana \u2013 teve sua 16\u00b0 edi\u00e7\u00e3o aberta nesta ter\u00e7a-feira com a presen\u00e7a de diversas autoridades pol\u00edticas.\u2026","rel":"","context":"In &quot;Not\u00edcias de Franca-SP&quot;","block_context":{"text":"Not\u00edcias de Franca-SP","link":"https:\/\/noticiasribeiraopreto.com.br\/index.php\/category\/noticias-de-ribeirao-preto-sp-e-regiao-ismael-colosi\/noticias-franca-sp\/"},"img":{"alt_text":"","src":"https:\/\/i0.wp.com\/noticiasribeiraopreto.com.br\/wp-content\/uploads\/2025\/03\/IMG_20250311_180004.jpg?fit=804%2C730&ssl=1&resize=350%2C200","width":350,"height":200,"srcset":"https:\/\/i0.wp.com\/noticiasribeiraopreto.com.br\/wp-content\/uploads\/2025\/03\/IMG_20250311_180004.jpg?fit=804%2C730&ssl=1&resize=350%2C200 1x, https:\/\/i0.wp.com\/noticiasribeiraopreto.com.br\/wp-content\/uploads\/2025\/03\/IMG_20250311_180004.jpg?fit=804%2C730&ssl=1&resize=525%2C300 1.5x, https:\/\/i0.wp.com\/noticiasribeiraopreto.com.br\/wp-content\/uploads\/2025\/03\/IMG_20250311_180004.jpg?fit=804%2C730&ssl=1&resize=700%2C400 2x"},"classes":[]},{"id":69340,"url":"https:\/\/noticiasribeiraopreto.com.br\/index.php\/2025\/05\/05\/jornal-da-franca-implantacao-de-escola-civico-militar-em-franca-e-tema-de-debates-na-camara-municipal\/","url_meta":{"origin":71990,"position":1},"title":"Jornal da Franca &#8211; Implanta\u00e7\u00e3o de escola c\u00edvico-militar em Franca \u00e9 tema de debates na C\u00e2mara Municipal","author":"noticiasribeiraopreto.com.br","date":"5 de May de 2025","format":false,"excerpt":"compartilhar no whatsapp compartilhar no telegram compartilhar no facebook compartilhar no linkedin Mun\u00edcipe agradece apoio de vereadores e parlamentares para que Franca fosse contemplada com o modelo educacional A implanta\u00e7\u00e3o do Programa das Escolas C\u00edvico-Militares em Franca, pauta defendida pela direita, foi tema abordado durante a sess\u00e3o ordin\u00e1ria da C\u00e2mara\u2026","rel":"","context":"In &quot;Not\u00edcias de Franca-SP&quot;","block_context":{"text":"Not\u00edcias de Franca-SP","link":"https:\/\/noticiasribeiraopreto.com.br\/index.php\/category\/noticias-de-ribeirao-preto-sp-e-regiao-ismael-colosi\/noticias-franca-sp\/"},"img":{"alt_text":"","src":"https:\/\/i0.wp.com\/noticiasribeiraopreto.com.br\/wp-content\/uploads\/2025\/05\/1746449336_plenariodiagonal_0.jpg?fit=930%2C558&ssl=1&resize=350%2C200","width":350,"height":200,"srcset":"https:\/\/i0.wp.com\/noticiasribeiraopreto.com.br\/wp-content\/uploads\/2025\/05\/1746449336_plenariodiagonal_0.jpg?fit=930%2C558&ssl=1&resize=350%2C200 1x, https:\/\/i0.wp.com\/noticiasribeiraopreto.com.br\/wp-content\/uploads\/2025\/05\/1746449336_plenariodiagonal_0.jpg?fit=930%2C558&ssl=1&resize=525%2C300 1.5x, https:\/\/i0.wp.com\/noticiasribeiraopreto.com.br\/wp-content\/uploads\/2025\/05\/1746449336_plenariodiagonal_0.jpg?fit=930%2C558&ssl=1&resize=700%2C400 2x"},"classes":[]},{"id":69220,"url":"https:\/\/noticiasribeiraopreto.com.br\/index.php\/2025\/05\/03\/jornal-da-franca-socorristas-que-salvaram-crianca-em-franca-recebem-mocao-de-aplausos-da-camara\/","url_meta":{"origin":71990,"position":2},"title":"Jornal da Franca &#8211; Socorristas que salvaram crian\u00e7a em Franca\u00a0recebem Mo\u00e7\u00e3o de Aplausos da C\u00e2mara","author":"noticiasribeiraopreto.com.br","date":"3 de May de 2025","format":false,"excerpt":"compartilhar no whatsapp compartilhar no telegram compartilhar no facebook compartilhar no linkedin Mo\u00e7\u00e3o reconhece trabalho de equipe de sa\u00fade que atuou no salvamento de beb\u00ea A C\u00e2mara aprovou a Mo\u00e7\u00e3o de Aplausos n\u00ba 41 de 2025, de autoria do vereador Walker Bombeiro da Libras, para a equipe de sa\u00fade da\u2026","rel":"","context":"In &quot;Not\u00edcias de Franca-SP&quot;","block_context":{"text":"Not\u00edcias de Franca-SP","link":"https:\/\/noticiasribeiraopreto.com.br\/index.php\/category\/noticias-de-ribeirao-preto-sp-e-regiao-ismael-colosi\/noticias-franca-sp\/"},"img":{"alt_text":"","src":"https:\/\/i0.wp.com\/noticiasribeiraopreto.com.br\/wp-content\/uploads\/2025\/05\/mocaoravi17sessao.jpg?fit=1000%2C562&ssl=1&resize=350%2C200","width":350,"height":200,"srcset":"https:\/\/i0.wp.com\/noticiasribeiraopreto.com.br\/wp-content\/uploads\/2025\/05\/mocaoravi17sessao.jpg?fit=1000%2C562&ssl=1&resize=350%2C200 1x, https:\/\/i0.wp.com\/noticiasribeiraopreto.com.br\/wp-content\/uploads\/2025\/05\/mocaoravi17sessao.jpg?fit=1000%2C562&ssl=1&resize=525%2C300 1.5x, https:\/\/i0.wp.com\/noticiasribeiraopreto.com.br\/wp-content\/uploads\/2025\/05\/mocaoravi17sessao.jpg?fit=1000%2C562&ssl=1&resize=700%2C400 2x"},"classes":[]},{"id":69837,"url":"https:\/\/noticiasribeiraopreto.com.br\/index.php\/2025\/05\/09\/jornal-da-franca-comissao-da-camara-de-franca-cobra-informacoes-das-secretarias-de-saude-e-educacao\/","url_meta":{"origin":71990,"position":3},"title":"Jornal da Franca &#8211; Comiss\u00e3o da C\u00e2mara de Franca cobra informa\u00e7\u00f5es das secretarias de Sa\u00fade e Educa\u00e7\u00e3o","author":"noticiasribeiraopreto.com.br","date":"9 de May de 2025","format":false,"excerpt":"compartilhar no whatsapp compartilhar no telegram compartilhar no facebook compartilhar no linkedin Grupo de vereadores fiscaliza condi\u00e7\u00f5es de trabalho de servidores municipais Os vereadores Mar\u00edlia Martins (PSOL), Gilson Pelizaro (PT), Marcelo Tidy (MDB) e Zezinho Cabeleireiro (PSD), integrantes da Comiss\u00e3o Especial de Assuntos Relevantes (CEAR) da C\u00e2mara Municipal de Franca,\u2026","rel":"","context":"In &quot;Not\u00edcias de Franca-SP&quot;","block_context":{"text":"Not\u00edcias de Franca-SP","link":"https:\/\/noticiasribeiraopreto.com.br\/index.php\/category\/noticias-de-ribeirao-preto-sp-e-regiao-ismael-colosi\/noticias-franca-sp\/"},"img":{"alt_text":"","src":"https:\/\/i0.wp.com\/noticiasribeiraopreto.com.br\/wp-content\/uploads\/2025\/05\/pLENARIO-10.jpg?fit=930%2C558&ssl=1&resize=350%2C200","width":350,"height":200,"srcset":"https:\/\/i0.wp.com\/noticiasribeiraopreto.com.br\/wp-content\/uploads\/2025\/05\/pLENARIO-10.jpg?fit=930%2C558&ssl=1&resize=350%2C200 1x, https:\/\/i0.wp.com\/noticiasribeiraopreto.com.br\/wp-content\/uploads\/2025\/05\/pLENARIO-10.jpg?fit=930%2C558&ssl=1&resize=525%2C300 1.5x, https:\/\/i0.wp.com\/noticiasribeiraopreto.com.br\/wp-content\/uploads\/2025\/05\/pLENARIO-10.jpg?fit=930%2C558&ssl=1&resize=700%2C400 2x"},"classes":[]},{"id":72002,"url":"https:\/\/noticiasribeiraopreto.com.br\/index.php\/2025\/06\/12\/jornal-da-franca-cinco-partidas-movimentam-a-rodada-da-copa-franca-de-basquete-neste-domingo-15\/","url_meta":{"origin":71990,"position":4},"title":"Jornal da Franca &#8211; Cinco partidas movimentam a rodada da Copa Franca de Basquete neste domingo, 15","author":"noticiasribeiraopreto.com.br","date":"12 de June de 2025","format":false,"excerpt":"compartilhar no whatsapp compartilhar no telegram compartilhar no facebook compartilhar no linkedin Secretaria de Esporte e Cultura de Franca promove competi\u00e7\u00e3o com 28 equipes participantes Jogos acontecem no Gin\u00e1sio Pedroc\u00e3o a partir das 8h30, reunindo equipes da regi\u00e3o \u00a0 A tradicional Copa Franca de Basquete ter\u00e1 mais uma rodada neste\u2026","rel":"","context":"In &quot;Not\u00edcias de Franca-SP&quot;","block_context":{"text":"Not\u00edcias de Franca-SP","link":"https:\/\/noticiasribeiraopreto.com.br\/index.php\/category\/noticias-de-ribeirao-preto-sp-e-regiao-ismael-colosi\/noticias-franca-sp\/"},"img":{"alt_text":"","src":"https:\/\/i0.wp.com\/noticiasribeiraopreto.com.br\/wp-content\/uploads\/2025\/06\/Copa-Basquete.jpeg?fit=1200%2C802&ssl=1&resize=350%2C200","width":350,"height":200,"srcset":"https:\/\/i0.wp.com\/noticiasribeiraopreto.com.br\/wp-content\/uploads\/2025\/06\/Copa-Basquete.jpeg?fit=1200%2C802&ssl=1&resize=350%2C200 1x, https:\/\/i0.wp.com\/noticiasribeiraopreto.com.br\/wp-content\/uploads\/2025\/06\/Copa-Basquete.jpeg?fit=1200%2C802&ssl=1&resize=525%2C300 1.5x, https:\/\/i0.wp.com\/noticiasribeiraopreto.com.br\/wp-content\/uploads\/2025\/06\/Copa-Basquete.jpeg?fit=1200%2C802&ssl=1&resize=700%2C400 2x, https:\/\/i0.wp.com\/noticiasribeiraopreto.com.br\/wp-content\/uploads\/2025\/06\/Copa-Basquete.jpeg?fit=1200%2C802&ssl=1&resize=1050%2C600 3x"},"classes":[]},{"id":66296,"url":"https:\/\/noticiasribeiraopreto.com.br\/index.php\/2025\/03\/30\/jornal-da-franca-camara-vota-regularizacao-de-utilidade-publica-da-associacao-dos-surdos-de-franca\/","url_meta":{"origin":71990,"position":5},"title":"Jornal da Franca &#8211; C\u00e2mara vota regulariza\u00e7\u00e3o de utilidade p\u00fablica da Associa\u00e7\u00e3o dos Surdos de Franca\u00a0","author":"noticiasribeiraopreto.com.br","date":"30 de March de 2025","format":false,"excerpt":"compartilhar no whatsapp compartilhar no telegram compartilhar no facebook compartilhar no linkedin Objetivo \u00e9 fazer a adequa\u00e7\u00e3o no nome da entidade, que tem utilidade p\u00fablica reconhecida \u00a0 De autoria do vereador Donizete da Farm\u00e1cia (MDB) ser\u00e1 votado na sess\u00e3o da pr\u00f3xima ter\u00e7a-feira o Projeto de Lei Ordin\u00e1ria n\u00ba 31\/2025, que\u2026","rel":"","context":"In &quot;Not\u00edcias de Franca-SP&quot;","block_context":{"text":"Not\u00edcias de Franca-SP","link":"https:\/\/noticiasribeiraopreto.com.br\/index.php\/category\/noticias-de-ribeirao-preto-sp-e-regiao-ismael-colosi\/noticias-franca-sp\/"},"img":{"alt_text":"","src":"https:\/\/i0.wp.com\/noticiasribeiraopreto.com.br\/wp-content\/uploads\/2025\/03\/1743353625_pLENARIO-21.jpg?fit=930%2C558&ssl=1&resize=350%2C200","width":350,"height":200,"srcset":"https:\/\/i0.wp.com\/noticiasribeiraopreto.com.br\/wp-content\/uploads\/2025\/03\/1743353625_pLENARIO-21.jpg?fit=930%2C558&ssl=1&resize=350%2C200 1x, https:\/\/i0.wp.com\/noticiasribeiraopreto.com.br\/wp-content\/uploads\/2025\/03\/1743353625_pLENARIO-21.jpg?fit=930%2C558&ssl=1&resize=525%2C300 1.5x, https:\/\/i0.wp.com\/noticiasribeiraopreto.com.br\/wp-content\/uploads\/2025\/03\/1743353625_pLENARIO-21.jpg?fit=930%2C558&ssl=1&resize=700%2C400 2x"},"classes":[]}],"jetpack_sharing_enabled":true,"jetpack_shortlink":"https:\/\/wp.me\/peQAOb-iJ8","_links":{"self":[{"href":"https:\/\/noticiasribeiraopreto.com.br\/index.php\/wp-json\/wp\/v2\/posts\/71990","targetHints":{"allow":["GET"]}}],"collection":[{"href":"https:\/\/noticiasribeiraopreto.com.br\/index.php\/wp-json\/wp\/v2\/posts"}],"about":[{"href":"https:\/\/noticiasribeiraopreto.com.br\/index.php\/wp-json\/wp\/v2\/types\/post"}],"author":[{"embeddable":true,"href":"https:\/\/noticiasribeiraopreto.com.br\/index.php\/wp-json\/wp\/v2\/users\/1"}],"replies":[{"embeddable":true,"href":"https:\/\/noticiasribeiraopreto.com.br\/index.php\/wp-json\/wp\/v2\/comments?post=71990"}],"version-history":[{"count":0,"href":"https:\/\/noticiasribeiraopreto.com.br\/index.php\/wp-json\/wp\/v2\/posts\/71990\/revisions"}],"wp:featuredmedia":[{"embeddable":true,"href":"https:\/\/noticiasribeiraopreto.com.br\/index.php\/wp-json\/wp\/v2\/media\/71991"}],"wp:attachment":[{"href":"https:\/\/noticiasribeiraopreto.com.br\/index.php\/wp-json\/wp\/v2\/media?parent=71990"}],"wp:term":[{"taxonomy":"category","embeddable":true,"href":"https:\/\/noticiasribeiraopreto.com.br\/index.php\/wp-json\/wp\/v2\/categories?post=71990"},{"taxonomy":"post_tag","embeddable":true,"href":"https:\/\/noticiasribeiraopreto.com.br\/index.php\/wp-json\/wp\/v2\/tags?post=71990"}],"curies":[{"name":"wp","href":"https:\/\/api.w.org\/{rel}","templated":true}]}}