{"id":71992,"date":"2025-06-12T09:55:33","date_gmt":"2025-06-12T12:55:33","guid":{"rendered":"https:\/\/noticiasribeiraopreto.com.br\/index.php\/2025\/06\/12\/rp-tera-brigadistas-durante-a-estiagem\/"},"modified":"2025-06-12T09:55:33","modified_gmt":"2025-06-12T12:55:33","slug":"rp-tera-brigadistas-durante-a-estiagem","status":"publish","type":"post","link":"https:\/\/noticiasribeiraopreto.com.br\/index.php\/2025\/06\/12\/rp-tera-brigadistas-durante-a-estiagem\/","title":{"rendered":"RP ter\u00e1 brigadistas durante a estiagem"},"content":{"rendered":"<div class='code-block code-block-1' style='margin: 8px 0 8px auto; text-align: right; display: block; clear: both;'>\n<p><a href=\"https:\/\/wa.link\/vpicfd\"><img data-recalc-dims=\"1\" class=\"wp-image-4922\" style=\"aspect-ratio: 2.0253164556962027; width: 561px; height: auto;\" src=\"https:\/\/i0.wp.com\/ismaelcolosi.com.br\/wp-content\/uploads\/2023\/11\/grupo-de-empregos-whatsapp-e-facebook-ismael-colosi-vagas.jpg?ssl=1\" alt=\"\" \/><\/a><\/p>\n<!-- \/wp:image -->\n<\/div>\n<p> <br \/>\n<\/p>\n<div id=\"\">\n<p>\n\t\t\t\t\t\t\t\t\t<span class=\"entry-meta-item penci-posted-on\"><i class=\"fa fa-clock-o\"\/><time class=\"entry-date published updated\" datetime=\"2025-06-12T09:54:47-03:00\">12 de junho de 2025 09:54<\/time><\/span><span class=\"entry-meta-item penci-post-countview\"><span class=\"entry-meta-item penci-post-countview penci_post-meta_item\"><i class=\"fa fa-eye\"\/><span class=\"penci-post-countview-number penci-post-countview-p428511\">4<\/span><\/span><\/span>\t\t\t\t\t\t\t\t<\/p>\n<p><!-- .entry-meta --><br \/>\n\t\t\t\t\t\t\t\t<span class=\"penci-social-buttons penci-social-share-footer\"><span class=\"penci-social-share-text\">Compartilhar<\/span><a href=\"#\" class=\"penci-post-like penci_post-meta_item  single-like-button penci-social-item like\" data-post_id=\"428511\" title=\"Like\" data-like=\"Like\" data-unlike=\"Unlike\"><i class=\"fa fa-thumbs-o-up\"\/><span class=\"penci-share-number\">0<\/span><\/a><i class=\"fa fa-facebook\"\/><a class=\"penci-social-item twitter\" target=\"_blank\" rel=\"noopener\" title=\"\" href=\"https:\/\/twitter.com\/intent\/tweet?text=RP%20ter\u00e1%20brigadistas%20durante%20a%20estiagem%20-%20https:\/\/www.tribunaribeirao.com.br\/rp-tera-brigadistas-durante-a-estiagem\/\"><i class=\"fa fa-twitter\"\/><\/a><i class=\"fa fa-linkedin\"\/><i class=\"fa fa-whatsapp\"\/><i class=\"fa fa-telegram\"\/><i class=\"fa fa-envelope\"\/><\/span>\t\t\t\t\t\t\t<\/div>\n<div>\n<p>O Estado de S\u00e3o Paulo vai contratar 132 brigadistas tempor\u00e1rios. A medida tem o objetivo de ampliar o combate aos inc\u00eandios florestais durante o per\u00edodo de estiagem. O projeto de lei complementar foi publicado na ter\u00e7a-feira, 10 de junho, no Di\u00e1rio Oficial do Estado (DOE) e segue agora para an\u00e1lise da Assembleia Legislativa (Alesp).<\/p>\n<p>Os brigadistas ser\u00e3o distribu\u00eddos de acordo com o maior risco de inc\u00eandios durante o per\u00edodo de estiagem, conforme o planejamento elaborado pelos bombeiros. O refor\u00e7o ser\u00e1 distribu\u00eddo para as regi\u00f5es de Campinas, Ribeir\u00e3o Preto, S\u00e3o Jos\u00e9 do Rio Preto, Presidente Prudente, Ara\u00e7atuba, Piracicaba, Sorocaba e Jundia\u00ed, Santos e S\u00e3o Jos\u00e9 dos Campos.<\/p>\n<p>Os socorristas ir\u00e3o trabalhar em conjunto com o Corpo de Bombeiros para mitigar os danos ambientais, econ\u00f4micos e \u00e0 sa\u00fade p\u00fablica, diante do aumento de inc\u00eandios florestais no estado. A contrata\u00e7\u00e3o tempor\u00e1ria \u00e9 uma estrat\u00e9gia para ampliar a capacidade operacional dos bombeiros de maneira eficiente e sem custos com a cria\u00e7\u00e3o de novos cargos permanentes.<\/p>\n<p>A contrata\u00e7\u00e3o dos brigadistas ser\u00e1 pelo per\u00edodo de cinco meses, entre maio e setembro, com regime de doze horas de trabalho, alternado por 36 horas de descanso. O treinamento ser\u00e1 de 120 horas. Cada contratado ir\u00e1 receber R$ 2,6 mil por m\u00eas. O investimento estimado para os tempor\u00e1rios \u00e9 de R$ 343 mil por m\u00eas, correspondente ao montante total de R$ 1,7 milh\u00e3o para o estado durante o per\u00edodo de estiagem.<\/p>\n<p><strong>CNA \u2013 <\/strong>Os inc\u00eandios ocorridos de junho a agosto do ano passado geraram preju\u00edzos de R$ 14,7 bilh\u00f5es \u00e0 agropecu\u00e1ria brasileira, estima a Confedera\u00e7\u00e3o da Agricultura e Pecu\u00e1ria do Brasil (CNA). O c\u00e1lculo considera perdas \u00e0 produ\u00e7\u00e3o de bovinos de corte, cana-de-a\u00e7\u00facar e qualidade do solo. De acordo com levantamento feito pela entidade, 2,8 milh\u00f5es de hectares de propriedades rurais no Brasil foram atingidos pelos inc\u00eandios.<\/p>\n<p>S\u00e3o Paulo (R$ 2,8 bilh\u00f5es), Mato Grosso (R$ 2,3 bilh\u00f5es), Par\u00e1 (R$ 2 bilh\u00f5es) e Mato Grosso do Sul (R$ 1,4 bilh\u00e3o) foram os Estados com maiores preju\u00edzos nessas cadeias. Os maiores impactos econ\u00f4micos foram em pecu\u00e1ria e pastagem (R$ 8,1 bilh\u00f5es), cercas (R$ 2,8 bilh\u00f5es), perdas com a produ\u00e7\u00e3o de cana-de-a\u00e7\u00facar (R$ 2,7 bilh\u00f5es), e outras culturas tempor\u00e1rias e permanentes (R$ 1,068 bilh\u00e3o), estima a CNA.<\/p>\n<\/div>\n<p><script async src=\"\/\/platform.twitter.com\/widgets.js\" charset=\"utf-8\"><\/script><br \/>\n<br \/><br \/>\n<br \/><a href=\"https:\/\/www.tribunaribeirao.com.br\/rp-tera-brigadistas-durante-a-estiagem\/\">Source link <\/a><\/p>\n<!-- CONTENT END 1 -->\n","protected":false},"excerpt":{"rendered":"<p>12 de junho de 2025 09:544 Compartilhar0 O Estado de S\u00e3o Paulo vai contratar 132 brigadistas tempor\u00e1rios. A medida tem o objetivo de ampliar o&#8230;<\/p>\n","protected":false},"author":1,"featured_media":71993,"comment_status":"open","ping_status":"open","sticky":false,"template":"","format":"standard","meta":{"advanced_seo_description":"","jetpack_seo_html_title":"","jetpack_seo_noindex":false,"jetpack_post_was_ever_published":false,"_jetpack_newsletter_access":"","_jetpack_dont_email_post_to_subs":false,"_jetpack_newsletter_tier_id":0,"_jetpack_memberships_contains_paywalled_content":false,"_jetpack_memberships_contains_paid_content":false,"footnotes":"","jetpack_publicize_message":"","jetpack_publicize_feature_enabled":true,"jetpack_social_post_already_shared":true,"jetpack_social_options":{"image_generator_settings":{"template":"highway","default_image_id":0,"font":"","enabled":false},"version":2}},"categories":[11],"tags":[],"class_list":["post-71992","post","type-post","status-publish","format-standard","has-post-thumbnail","hentry","category-noticias-de-ribeirao-preto-sp-e-regiao-ismael-colosi"],"jetpack_publicize_connections":[],"jetpack_featured_media_url":"https:\/\/i0.wp.com\/noticiasribeiraopreto.com.br\/wp-content\/uploads\/2025\/06\/QueimaRP-Alfredo-Risk-Arquivo-scaled.jpg?fit=800%2C450&ssl=1","jetpack-related-posts":[{"id":75865,"url":"https:\/\/noticiasribeiraopreto.com.br\/index.php\/2025\/08\/16\/brigadista-voluntario-morre-durante-combate-a-incendio-as-margens-de-rodovia\/","url_meta":{"origin":71992,"position":0},"title":"Brigadista volunt\u00e1rio morre durante combate a inc\u00eandio \u00e0s margens de rodovia","author":"noticiasribeiraopreto.com.br","date":"16 de August de 2025","format":false,"excerpt":"Um brigadista volunt\u00e1rio morreu na tarde deste s\u00e1bado (16) durante o combate a um inc\u00eandio em uma \u00e1rea pr\u00f3xima \u00e0 rodovia C\u00e2ndido Portinari, no distrito de Iga\u00e7aba, em Pedregulho. Ver essa foto no Instagram Uma publica\u00e7\u00e3o compartilhada por acidade on Ribeir\u00e3o (@acidadeonribeirao) Segundo a Defesa Civil, o fogo come\u00e7ou pela\u2026","rel":"","context":"In &quot;Not\u00edcias de Ribeir\u00e3o Preto-SP e Regi\u00e3o&quot;","block_context":{"text":"Not\u00edcias de Ribeir\u00e3o Preto-SP e Regi\u00e3o","link":"https:\/\/noticiasribeiraopreto.com.br\/index.php\/category\/noticias-de-ribeirao-preto-sp-e-regiao-ismael-colosi\/"},"img":{"alt_text":"","src":"https:\/\/i0.wp.com\/noticiasribeiraopreto.com.br\/wp-content\/uploads\/2025\/08\/incendio_2025-08-16_21-27-17.webp.webp?fit=1199%2C792&ssl=1&resize=350%2C200","width":350,"height":200,"srcset":"https:\/\/i0.wp.com\/noticiasribeiraopreto.com.br\/wp-content\/uploads\/2025\/08\/incendio_2025-08-16_21-27-17.webp.webp?fit=1199%2C792&ssl=1&resize=350%2C200 1x, https:\/\/i0.wp.com\/noticiasribeiraopreto.com.br\/wp-content\/uploads\/2025\/08\/incendio_2025-08-16_21-27-17.webp.webp?fit=1199%2C792&ssl=1&resize=525%2C300 1.5x, https:\/\/i0.wp.com\/noticiasribeiraopreto.com.br\/wp-content\/uploads\/2025\/08\/incendio_2025-08-16_21-27-17.webp.webp?fit=1199%2C792&ssl=1&resize=700%2C400 2x, https:\/\/i0.wp.com\/noticiasribeiraopreto.com.br\/wp-content\/uploads\/2025\/08\/incendio_2025-08-16_21-27-17.webp.webp?fit=1199%2C792&ssl=1&resize=1050%2C600 3x"},"classes":[]},{"id":71895,"url":"https:\/\/noticiasribeiraopreto.com.br\/index.php\/2025\/06\/11\/jornal-da-franca-governo-de-sp-vai-contratar-brigadistas-para-combater-incendios-florestais-no-estado\/","url_meta":{"origin":71992,"position":1},"title":"Jornal da Franca &#8211; Governo de SP vai contratar brigadistas para combater inc\u00eandios florestais no estado","author":"noticiasribeiraopreto.com.br","date":"11 de June de 2025","format":false,"excerpt":"compartilhar no whatsapp compartilhar no telegram compartilhar no facebook compartilhar no linkedin Medida do governo tem objetivo de mitigar os danos ambientais no per\u00edodo de estiagem; investimento \u00e9 de R$ 1,7 milh\u00e3o O Governo de S\u00e3o Paulo vai contratar 132 brigadistas tempor\u00e1rios para atuar em todo o estado de S\u00e3o\u2026","rel":"","context":"In &quot;Not\u00edcias de Franca-SP&quot;","block_context":{"text":"Not\u00edcias de Franca-SP","link":"https:\/\/noticiasribeiraopreto.com.br\/index.php\/category\/noticias-de-ribeirao-preto-sp-e-regiao-ismael-colosi\/noticias-franca-sp\/"},"img":{"alt_text":"","src":"https:\/\/i0.wp.com\/noticiasribeiraopreto.com.br\/wp-content\/uploads\/2025\/06\/essa-9.jpg?fit=1024%2C683&ssl=1&resize=350%2C200","width":350,"height":200,"srcset":"https:\/\/i0.wp.com\/noticiasribeiraopreto.com.br\/wp-content\/uploads\/2025\/06\/essa-9.jpg?fit=1024%2C683&ssl=1&resize=350%2C200 1x, https:\/\/i0.wp.com\/noticiasribeiraopreto.com.br\/wp-content\/uploads\/2025\/06\/essa-9.jpg?fit=1024%2C683&ssl=1&resize=525%2C300 1.5x, https:\/\/i0.wp.com\/noticiasribeiraopreto.com.br\/wp-content\/uploads\/2025\/06\/essa-9.jpg?fit=1024%2C683&ssl=1&resize=700%2C400 2x"},"classes":[]},{"id":74376,"url":"https:\/\/noticiasribeiraopreto.com.br\/index.php\/2025\/07\/21\/prefeitura-de-ribeirao-preto-decreta-estado-de-alerta-veja-o-que-muda\/","url_meta":{"origin":71992,"position":2},"title":"Prefeitura de Ribeir\u00e3o Preto decreta estado de alerta; Veja o que muda","author":"noticiasribeiraopreto.com.br","date":"21 de July de 2025","format":false,"excerpt":"A Prefeitura de Ribeir\u00e3o Preto decretou estado de alerta nesta segunda-feira (21) em raz\u00e3o da estiagem na cidade. O decreto foi assinado pelo prefeito Ricardo Silva (PSD) e publicado no Di\u00e1rio Oficial do Munic\u00edpio. O \u00faltimo registro de chuva em Ribeir\u00e3o Preto aconteceu em 24 de junho. O alerta de\u2026","rel":"","context":"In &quot;Not\u00edcias de Ribeir\u00e3o Preto-SP e Regi\u00e3o&quot;","block_context":{"text":"Not\u00edcias de Ribeir\u00e3o Preto-SP e Regi\u00e3o","link":"https:\/\/noticiasribeiraopreto.com.br\/index.php\/category\/noticias-de-ribeirao-preto-sp-e-regiao-ismael-colosi\/"},"img":{"alt_text":"","src":"https:\/\/i0.wp.com\/noticiasribeiraopreto.com.br\/wp-content\/uploads\/2025\/07\/ribeirao-preto-aerea_2025-03-21_20-24-22_jpg_2025-03-21_20-24-23.webp.webp?fit=1200%2C800&ssl=1&resize=350%2C200","width":350,"height":200,"srcset":"https:\/\/i0.wp.com\/noticiasribeiraopreto.com.br\/wp-content\/uploads\/2025\/07\/ribeirao-preto-aerea_2025-03-21_20-24-22_jpg_2025-03-21_20-24-23.webp.webp?fit=1200%2C800&ssl=1&resize=350%2C200 1x, https:\/\/i0.wp.com\/noticiasribeiraopreto.com.br\/wp-content\/uploads\/2025\/07\/ribeirao-preto-aerea_2025-03-21_20-24-22_jpg_2025-03-21_20-24-23.webp.webp?fit=1200%2C800&ssl=1&resize=525%2C300 1.5x, https:\/\/i0.wp.com\/noticiasribeiraopreto.com.br\/wp-content\/uploads\/2025\/07\/ribeirao-preto-aerea_2025-03-21_20-24-22_jpg_2025-03-21_20-24-23.webp.webp?fit=1200%2C800&ssl=1&resize=700%2C400 2x, https:\/\/i0.wp.com\/noticiasribeiraopreto.com.br\/wp-content\/uploads\/2025\/07\/ribeirao-preto-aerea_2025-03-21_20-24-22_jpg_2025-03-21_20-24-23.webp.webp?fit=1200%2C800&ssl=1&resize=1050%2C600 3x"},"classes":[]},{"id":77232,"url":"https:\/\/noticiasribeiraopreto.com.br\/index.php\/2025\/09\/14\/incendio-em-area-de-preservacao-e-extinto-na-regiao-de-ribeirao-preto-video\/","url_meta":{"origin":71992,"position":3},"title":"Inc\u00eandio em \u00e1rea de preserva\u00e7\u00e3o \u00e9 extinto na regi\u00e3o de Ribeir\u00e3o Preto; V\u00eddeo","author":"noticiasribeiraopreto.com.br","date":"14 de September de 2025","format":false,"excerpt":"*Not\u00edcia atualizada \u00e0s 14h50 de 14 de setembro de 2025.A Defesa Civil de S\u00e3o Paulo informou que neste domingo (14) seguem as ocorr\u00eancias de inc\u00eandio em vegeta\u00e7\u00e3o no estado. Mas, as chamas em uma APP (\u00c1rea de Preserva\u00e7\u00e3o Permanente) de Cajuru, na regi\u00e3o de Ribeir\u00e3o Preto, foram extintas por volta\u2026","rel":"","context":"In &quot;Not\u00edcias de Ribeir\u00e3o Preto-SP e Regi\u00e3o&quot;","block_context":{"text":"Not\u00edcias de Ribeir\u00e3o Preto-SP e Regi\u00e3o","link":"https:\/\/noticiasribeiraopreto.com.br\/index.php\/category\/noticias-de-ribeirao-preto-sp-e-regiao-ismael-colosi\/"},"img":{"alt_text":"","src":"https:\/\/i0.wp.com\/noticiasribeiraopreto.com.br\/wp-content\/uploads\/2025\/09\/app-cajuru_2025-09-14_16-57-56.webp.webp?fit=1200%2C774&ssl=1&resize=350%2C200","width":350,"height":200,"srcset":"https:\/\/i0.wp.com\/noticiasribeiraopreto.com.br\/wp-content\/uploads\/2025\/09\/app-cajuru_2025-09-14_16-57-56.webp.webp?fit=1200%2C774&ssl=1&resize=350%2C200 1x, https:\/\/i0.wp.com\/noticiasribeiraopreto.com.br\/wp-content\/uploads\/2025\/09\/app-cajuru_2025-09-14_16-57-56.webp.webp?fit=1200%2C774&ssl=1&resize=525%2C300 1.5x, https:\/\/i0.wp.com\/noticiasribeiraopreto.com.br\/wp-content\/uploads\/2025\/09\/app-cajuru_2025-09-14_16-57-56.webp.webp?fit=1200%2C774&ssl=1&resize=700%2C400 2x, https:\/\/i0.wp.com\/noticiasribeiraopreto.com.br\/wp-content\/uploads\/2025\/09\/app-cajuru_2025-09-14_16-57-56.webp.webp?fit=1200%2C774&ssl=1&resize=1050%2C600 3x"},"classes":[]},{"id":58460,"url":"https:\/\/noticiasribeiraopreto.com.br\/index.php\/2024\/09\/27\/estiagem-severa-fecha-represa-da-prainha-na-regiao-de-ribeirao\/","url_meta":{"origin":71992,"position":4},"title":"Estiagem severa fecha represa da prainha na regi\u00e3o de Ribeir\u00e3o","author":"noticiasribeiraopreto.com.br","date":"27 de September de 2024","format":false,"excerpt":"A represa do Parque Ecol\u00f3gico e de Lazer Gustavo Simioni, tamb\u00e9m conhecida como \u2018prainha\u2019, em Sert\u00e3ozinho, na regi\u00e3o de Ribeir\u00e3o Preto, est\u00e1 fechada por tempo interderminado devido a estiagem severa. De acordo com nota emitida pela Secretaria Municipal de Cultura e Turismo da cidade, o local recebe \u00e1gua de dois\u2026","rel":"","context":"In &quot;Not\u00edcias de Ribeir\u00e3o Preto-SP e Regi\u00e3o&quot;","block_context":{"text":"Not\u00edcias de Ribeir\u00e3o Preto-SP e Regi\u00e3o","link":"https:\/\/noticiasribeiraopreto.com.br\/index.php\/category\/noticias-de-ribeirao-preto-sp-e-regiao-ismael-colosi\/"},"img":{"alt_text":"","src":"https:\/\/i0.wp.com\/noticiasribeiraopreto.com.br\/wp-content\/uploads\/2024\/09\/Copia-de-Copia-de-Copia-de-TAMANHO-EXATO-PARA-FOTOS-NO-SISTEMA-NOVO-50_2024-09-27_20-04-29_png_2024-09-27_20-04-29.webp.webp?fit=1200%2C675&ssl=1&resize=350%2C200","width":350,"height":200,"srcset":"https:\/\/i0.wp.com\/noticiasribeiraopreto.com.br\/wp-content\/uploads\/2024\/09\/Copia-de-Copia-de-Copia-de-TAMANHO-EXATO-PARA-FOTOS-NO-SISTEMA-NOVO-50_2024-09-27_20-04-29_png_2024-09-27_20-04-29.webp.webp?fit=1200%2C675&ssl=1&resize=350%2C200 1x, https:\/\/i0.wp.com\/noticiasribeiraopreto.com.br\/wp-content\/uploads\/2024\/09\/Copia-de-Copia-de-Copia-de-TAMANHO-EXATO-PARA-FOTOS-NO-SISTEMA-NOVO-50_2024-09-27_20-04-29_png_2024-09-27_20-04-29.webp.webp?fit=1200%2C675&ssl=1&resize=525%2C300 1.5x, https:\/\/i0.wp.com\/noticiasribeiraopreto.com.br\/wp-content\/uploads\/2024\/09\/Copia-de-Copia-de-Copia-de-TAMANHO-EXATO-PARA-FOTOS-NO-SISTEMA-NOVO-50_2024-09-27_20-04-29_png_2024-09-27_20-04-29.webp.webp?fit=1200%2C675&ssl=1&resize=700%2C400 2x, https:\/\/i0.wp.com\/noticiasribeiraopreto.com.br\/wp-content\/uploads\/2024\/09\/Copia-de-Copia-de-Copia-de-TAMANHO-EXATO-PARA-FOTOS-NO-SISTEMA-NOVO-50_2024-09-27_20-04-29_png_2024-09-27_20-04-29.webp.webp?fit=1200%2C675&ssl=1&resize=1050%2C600 3x"},"classes":[]},{"id":75635,"url":"https:\/\/noticiasribeiraopreto.com.br\/index.php\/2025\/08\/12\/parada-lgbtqiapn-tera-esquema-especial-de-transito-em-ribeirao-preto\/","url_meta":{"origin":71992,"position":5},"title":"Parada LGBTQIAPN+ ter\u00e1 esquema especial de tr\u00e2nsito em Ribeir\u00e3o Preto","author":"noticiasribeiraopreto.com.br","date":"12 de August de 2025","format":false,"excerpt":"A 21\u00aa Parada LGBTQIAPN+ de Ribeir\u00e3o Preto acontece neste domingo, 17 de agosto, com concentra\u00e7\u00e3o a partir das 13h no cruzamento das avenidas Presidente Vargas e Jo\u00e3o Fi\u00fasa, na zona Sul da cidade. Os trios el\u00e9tricos seguem pela avenida Presidente Vargas at\u00e9 a avenida Ant\u00f4nio Diederichsen e encerram o percurso\u2026","rel":"","context":"In &quot;Not\u00edcias de Ribeir\u00e3o Preto-SP e Regi\u00e3o&quot;","block_context":{"text":"Not\u00edcias de Ribeir\u00e3o Preto-SP e Regi\u00e3o","link":"https:\/\/noticiasribeiraopreto.com.br\/index.php\/category\/noticias-de-ribeirao-preto-sp-e-regiao-ismael-colosi\/"},"img":{"alt_text":"","src":"https:\/\/i0.wp.com\/noticiasribeiraopreto.com.br\/wp-content\/uploads\/2025\/08\/transito-sca_2025-08-12_22-20-28.webp.webp?fit=1200%2C675&ssl=1&resize=350%2C200","width":350,"height":200,"srcset":"https:\/\/i0.wp.com\/noticiasribeiraopreto.com.br\/wp-content\/uploads\/2025\/08\/transito-sca_2025-08-12_22-20-28.webp.webp?fit=1200%2C675&ssl=1&resize=350%2C200 1x, https:\/\/i0.wp.com\/noticiasribeiraopreto.com.br\/wp-content\/uploads\/2025\/08\/transito-sca_2025-08-12_22-20-28.webp.webp?fit=1200%2C675&ssl=1&resize=525%2C300 1.5x, https:\/\/i0.wp.com\/noticiasribeiraopreto.com.br\/wp-content\/uploads\/2025\/08\/transito-sca_2025-08-12_22-20-28.webp.webp?fit=1200%2C675&ssl=1&resize=700%2C400 2x, https:\/\/i0.wp.com\/noticiasribeiraopreto.com.br\/wp-content\/uploads\/2025\/08\/transito-sca_2025-08-12_22-20-28.webp.webp?fit=1200%2C675&ssl=1&resize=1050%2C600 3x"},"classes":[]}],"jetpack_sharing_enabled":true,"jetpack_shortlink":"https:\/\/wp.me\/peQAOb-iJa","_links":{"self":[{"href":"https:\/\/noticiasribeiraopreto.com.br\/index.php\/wp-json\/wp\/v2\/posts\/71992","targetHints":{"allow":["GET"]}}],"collection":[{"href":"https:\/\/noticiasribeiraopreto.com.br\/index.php\/wp-json\/wp\/v2\/posts"}],"about":[{"href":"https:\/\/noticiasribeiraopreto.com.br\/index.php\/wp-json\/wp\/v2\/types\/post"}],"author":[{"embeddable":true,"href":"https:\/\/noticiasribeiraopreto.com.br\/index.php\/wp-json\/wp\/v2\/users\/1"}],"replies":[{"embeddable":true,"href":"https:\/\/noticiasribeiraopreto.com.br\/index.php\/wp-json\/wp\/v2\/comments?post=71992"}],"version-history":[{"count":0,"href":"https:\/\/noticiasribeiraopreto.com.br\/index.php\/wp-json\/wp\/v2\/posts\/71992\/revisions"}],"wp:featuredmedia":[{"embeddable":true,"href":"https:\/\/noticiasribeiraopreto.com.br\/index.php\/wp-json\/wp\/v2\/media\/71993"}],"wp:attachment":[{"href":"https:\/\/noticiasribeiraopreto.com.br\/index.php\/wp-json\/wp\/v2\/media?parent=71992"}],"wp:term":[{"taxonomy":"category","embeddable":true,"href":"https:\/\/noticiasribeiraopreto.com.br\/index.php\/wp-json\/wp\/v2\/categories?post=71992"},{"taxonomy":"post_tag","embeddable":true,"href":"https:\/\/noticiasribeiraopreto.com.br\/index.php\/wp-json\/wp\/v2\/tags?post=71992"}],"curies":[{"name":"wp","href":"https:\/\/api.w.org\/{rel}","templated":true}]}}