{"id":71994,"date":"2025-06-12T10:01:56","date_gmt":"2025-06-12T13:01:56","guid":{"rendered":"https:\/\/noticiasribeiraopreto.com.br\/index.php\/2025\/06\/12\/comercio-pode-crescer-4-em-junho\/"},"modified":"2025-06-12T10:01:56","modified_gmt":"2025-06-12T13:01:56","slug":"comercio-pode-crescer-4-em-junho","status":"publish","type":"post","link":"https:\/\/noticiasribeiraopreto.com.br\/index.php\/2025\/06\/12\/comercio-pode-crescer-4-em-junho\/","title":{"rendered":"Com\u00e9rcio pode crescer 4% em junho"},"content":{"rendered":"<div class='code-block code-block-1' style='margin: 8px 0 8px auto; text-align: right; display: block; clear: both;'>\n<p><a href=\"https:\/\/wa.link\/vpicfd\"><img data-recalc-dims=\"1\" class=\"wp-image-4922\" style=\"aspect-ratio: 2.0253164556962027; width: 561px; height: auto;\" src=\"https:\/\/i0.wp.com\/ismaelcolosi.com.br\/wp-content\/uploads\/2023\/11\/grupo-de-empregos-whatsapp-e-facebook-ismael-colosi-vagas.jpg?ssl=1\" alt=\"\" \/><\/a><\/p>\n<!-- \/wp:image -->\n<\/div>\n<p> <br \/>\n<\/p>\n<div>\n<p>O com\u00e9rcio de Ribeir\u00e3o Preto projeta crescimento m\u00e9dio de 2% a 4% nas vendas deste m\u00eas em compara\u00e7\u00e3o com o mesmo per\u00edodo do ano passado, quando houve queda de 1%.\u00a0 Os lojistas est\u00e3o otimistas por causa das festas juninas e, principalmente, do Dia dos Namorados, celebrado nesta quinta-feira, 12 de junho. O setor de servi\u00e7os \u2013 hotelaria e bares e restaurantes \u2013 tamb\u00e9m espera movimento maior devido \u00e0 data.<\/p>\n<p>O levantamento \u00e9 do Centro de Pesquisas do Varejo (CPV), mantido por Sindicato do Com\u00e9rcio Varejista de Ribeir\u00e3o e Regi\u00e3o (Sincovarp) e C\u00e2mara de Dirigentes Lojistas (CDL RP). O setor fechou o ano passado com crescimento de 6,54%, ante alta de apenas 0,72% em 2023 e ganho de 5,01% em 2022.<\/p>\n<p>Fatores como a chegada do frio (e a primeira onda j\u00e1 veio forte este ano), a temporada de festas juninas e principalmente, o Dia dos Namorados, devem impulsionar o desempenho. O t\u00edquete m\u00e9dio do presente, na data sazonal que fecha o primeiro semestre do varejo, deve variar entre R$ 250 e R$ 300.<\/p>\n<p>\u201cVamos ter um pico de vendas at\u00e9 o Dia dos Namorados e uma acomoda\u00e7\u00e3o natural no restante do m\u00eas. Caso a proje\u00e7\u00e3o se confirme, ser\u00e1 uma pequena mas importante recupera\u00e7\u00e3o em rela\u00e7\u00e3o a junho de 2024, quando as vendas ficaram negativas em 1% na compara\u00e7\u00e3o com o ano anterior (2023)\u201d,\u00a0 analisa Diego Galli Alberto, pesquisador e coordenador do CPV.<\/p>\n<p><strong>Hor\u00e1rio \u2013 <\/strong>Nesta quinta-feira, Dia dos Namorados, as lojas do com\u00e9rcio tradicional atender\u00e3o no hor\u00e1rio normal, das nove \u00e0s 18 horas, e as dos quatro shopping centers da cidade \u2013 Shopping Center Iguatemi, Ribeir\u00e3oShopping, ShoppingSanta\u00darsula e Novo Shopping \u2013 abrir\u00e3o das dez \u00e0s 22 horas.<\/p>\n<p>J\u00e1 no pr\u00f3ximo dia 19 de junho (quinta-feira) quando ser\u00e3o comemorados, na mesma data, os feriados de Corpus Christi e do anivers\u00e1rio de 169 anos de Ribeir\u00e3o Preto, haver\u00e1 hor\u00e1rio especial de funcionamento. O varejo tradicional atender\u00e1 das nove \u00e0s 18 horas e o dos centros de compras, das 14 \u00e0s 20 horas. As \u00e1reas de lazer e alimenta\u00e7\u00e3o abrir\u00e3o das onze \u00e0s 22 horas.<\/p>\n<p><strong>Inten\u00e7\u00e3o de compra \u2013 <\/strong>Com base em dados da Confedera\u00e7\u00e3o Nacional de Dirigentes Lojistas (CNDL)\/SPC Brasil\/Offerwise Pesquisas, o CPV projeta que 62% dos consumidores ribeir\u00e3o-pretanos devem ir \u00e0s compras para o Dia dos Namorados.<\/p>\n<p>Desse total, 61% devem comprar um \u00fanico presente e 27% pretendem adquirir dois itens. 59% dos consumidores consideram que os pre\u00e7os est\u00e3o mais caros nesse ano, 37% que est\u00e3o na mesma faixa de pre\u00e7o e 4% que est\u00e3o mais baratos.<\/p>\n<p>Com rela\u00e7\u00e3o \u00e0s compras pretendidas, 38% esperam gastar o mesmo valor que o ano passado, 33% gastar mais e 16% gastar menos. 76% pretendem fazer pesquisa de pre\u00e7os antes de comprar, principalmente pela internet (86%), diz o CPV do Sincovarp\/CDL.<br \/><strong><br \/>Campe\u00f5es de vendas \u2013 <\/strong>Para o Dia dos Namorados os produtos campe\u00f5es de vendas ser\u00e3o roupas, lingeries\/pe\u00e7as \u00edntimas, cal\u00e7ados, acess\u00f3rios, perfumes\/cosm\u00e9ticos, maquiagem, bombons\/chocolates, joias, bijuterias, rel\u00f3gios de pulso, celulares, m\u00f3veis\/decora\u00e7\u00e3o, livros e flores naturais, entre outros.<\/p>\n<p>As lojas f\u00edsicas aparecem como o principal local de compra dos consumidores (57%). A data tamb\u00e9m costuma aquecer a procura por restaurantes, bares, hot\u00e9is e mot\u00e9is. Quando consideramos a influ\u00eancia do clima frio e das festas juninas, nas vendas, os segmentos mais procurados ser\u00e3o os de vestu\u00e1rio, cal\u00e7ados, acess\u00f3rios, tecidos, armarinhos, artigos para festas, doces e at\u00e9 papelarias.<\/p>\n<p>\u201cAs vendas do varejo, no primeiro semestre de 2025, est\u00e3o abaixo do esperado. A expectativa \u00e9 de que as recentes redu\u00e7\u00f5es dos pre\u00e7os dos combust\u00edveis, resultantes da queda do pre\u00e7o do petr\u00f3leo no mercado internacional, possam aliviar a press\u00e3o inflacion\u00e1ria gerando um ambiente mais favor\u00e1vel ao consumo, ainda em junho\u201d, finaliza Diego Galli Alberto.<\/p>\n<p>\u00a0<\/p>\n<\/div>\n<p><br \/>\n<br \/><a href=\"https:\/\/www.tribunaribeirao.com.br\/comercio-pode-crescer-4-em-junho\/\">Source link <\/a><\/p>\n<!-- CONTENT END 1 -->\n","protected":false},"excerpt":{"rendered":"<p>O com\u00e9rcio de Ribeir\u00e3o Preto projeta crescimento m\u00e9dio de 2% a 4% nas vendas deste m\u00eas em compara\u00e7\u00e3o com o mesmo per\u00edodo do ano passado,&#8230;<\/p>\n","protected":false},"author":1,"featured_media":71995,"comment_status":"open","ping_status":"open","sticky":false,"template":"","format":"standard","meta":{"advanced_seo_description":"","jetpack_seo_html_title":"","jetpack_seo_noindex":false,"jetpack_post_was_ever_published":false,"_jetpack_newsletter_access":"","_jetpack_dont_email_post_to_subs":false,"_jetpack_newsletter_tier_id":0,"_jetpack_memberships_contains_paywalled_content":false,"_jetpack_memberships_contains_paid_content":false,"footnotes":"","jetpack_publicize_message":"","jetpack_publicize_feature_enabled":true,"jetpack_social_post_already_shared":true,"jetpack_social_options":{"image_generator_settings":{"template":"highway","default_image_id":0,"font":"","enabled":false},"version":2}},"categories":[11],"tags":[],"class_list":["post-71994","post","type-post","status-publish","format-standard","has-post-thumbnail","hentry","category-noticias-de-ribeirao-preto-sp-e-regiao-ismael-colosi"],"jetpack_publicize_connections":[],"jetpack_featured_media_url":"https:\/\/i0.wp.com\/noticiasribeiraopreto.com.br\/wp-content\/uploads\/2025\/06\/ComercioRP-Detalhe-Alfredo-Risk-scaled.jpg?fit=565%2C500&ssl=1","jetpack-related-posts":[{"id":74543,"url":"https:\/\/noticiasribeiraopreto.com.br\/index.php\/2025\/07\/24\/vendas-do-comercio-sobem-17-em-rp\/","url_meta":{"origin":71994,"position":0},"title":"Vendas do com\u00e9rcio sobem 1,7% em RP","author":"noticiasribeiraopreto.com.br","date":"24 de July de 2025","format":false,"excerpt":"As vendas do com\u00e9rcio varejista de Ribeir\u00e3o Preto tiveram crescimento m\u00e9dio de 1,7% em junho, na compara\u00e7\u00e3o com o mesmo per\u00edodo do ano passado, quando foi registrada queda de 1,.00 em rela\u00e7\u00e3o a 2023. Apesar do crescimento t\u00edmido, foi a quinta alta seguida, ap\u00f3s eleva\u00e7\u00e3o de 1,5% em fevereiro, 1%\u2026","rel":"","context":"In &quot;Not\u00edcias de Ribeir\u00e3o Preto-SP e Regi\u00e3o&quot;","block_context":{"text":"Not\u00edcias de Ribeir\u00e3o Preto-SP e Regi\u00e3o","link":"https:\/\/noticiasribeiraopreto.com.br\/index.php\/category\/noticias-de-ribeirao-preto-sp-e-regiao-ismael-colosi\/"},"img":{"alt_text":"","src":"https:\/\/i0.wp.com\/noticiasribeiraopreto.com.br\/wp-content\/uploads\/2025\/07\/ComercioRP-Alfredo-Risk-scaled.jpg?fit=1200%2C800&ssl=1&resize=350%2C200","width":350,"height":200,"srcset":"https:\/\/i0.wp.com\/noticiasribeiraopreto.com.br\/wp-content\/uploads\/2025\/07\/ComercioRP-Alfredo-Risk-scaled.jpg?fit=1200%2C800&ssl=1&resize=350%2C200 1x, https:\/\/i0.wp.com\/noticiasribeiraopreto.com.br\/wp-content\/uploads\/2025\/07\/ComercioRP-Alfredo-Risk-scaled.jpg?fit=1200%2C800&ssl=1&resize=525%2C300 1.5x, https:\/\/i0.wp.com\/noticiasribeiraopreto.com.br\/wp-content\/uploads\/2025\/07\/ComercioRP-Alfredo-Risk-scaled.jpg?fit=1200%2C800&ssl=1&resize=700%2C400 2x, https:\/\/i0.wp.com\/noticiasribeiraopreto.com.br\/wp-content\/uploads\/2025\/07\/ComercioRP-Alfredo-Risk-scaled.jpg?fit=1200%2C800&ssl=1&resize=1050%2C600 3x"},"classes":[]},{"id":73110,"url":"https:\/\/noticiasribeiraopreto.com.br\/index.php\/2025\/06\/25\/vendas-do-comercio-sobem-15-em-rp\/","url_meta":{"origin":71994,"position":1},"title":"Vendas do com\u00e9rcio sobem 1,5% em RP","author":"noticiasribeiraopreto.com.br","date":"25 de June de 2025","format":false,"excerpt":"As vendas do com\u00e9rcio varejista de Ribeir\u00e3o Preto tiveram crescimento m\u00e9dio de 1,5% em maio, na compara\u00e7\u00e3o com o mesmo per\u00edodo do ano passado, quando foi registrada queda de 3,5% em rela\u00e7\u00e3o a 2023. Apesar do crescimento t\u00edmido, foi a quarta alta seguida, ap\u00f3s eleva\u00e7\u00e3o de 1,5% em fevereiro e\u2026","rel":"","context":"In &quot;Not\u00edcias de Ribeir\u00e3o Preto-SP e Regi\u00e3o&quot;","block_context":{"text":"Not\u00edcias de Ribeir\u00e3o Preto-SP e Regi\u00e3o","link":"https:\/\/noticiasribeiraopreto.com.br\/index.php\/category\/noticias-de-ribeirao-preto-sp-e-regiao-ismael-colosi\/"},"img":{"alt_text":"","src":"https:\/\/i0.wp.com\/noticiasribeiraopreto.com.br\/wp-content\/uploads\/2025\/06\/ComercioRP-Alfredo-Risk-scaled.jpg?fit=750%2C500&ssl=1&resize=350%2C200","width":350,"height":200,"srcset":"https:\/\/i0.wp.com\/noticiasribeiraopreto.com.br\/wp-content\/uploads\/2025\/06\/ComercioRP-Alfredo-Risk-scaled.jpg?fit=750%2C500&ssl=1&resize=350%2C200 1x, https:\/\/i0.wp.com\/noticiasribeiraopreto.com.br\/wp-content\/uploads\/2025\/06\/ComercioRP-Alfredo-Risk-scaled.jpg?fit=750%2C500&ssl=1&resize=525%2C300 1.5x, https:\/\/i0.wp.com\/noticiasribeiraopreto.com.br\/wp-content\/uploads\/2025\/06\/ComercioRP-Alfredo-Risk-scaled.jpg?fit=750%2C500&ssl=1&resize=700%2C400 2x"},"classes":[]},{"id":60610,"url":"https:\/\/noticiasribeiraopreto.com.br\/index.php\/2024\/11\/19\/comercio-em-ribeirao-preto-deve-ter-crescimento-medio-de-ate-4-na-black-friday\/","url_meta":{"origin":71994,"position":2},"title":"Com\u00e9rcio em Ribeir\u00e3o Preto deve ter crescimento m\u00e9dio de at\u00e9 4% na Black Friday","author":"noticiasribeiraopreto.com.br","date":"19 de November de 2024","format":false,"excerpt":"Faltam poucos dias para a Black Friday, que acontece oficialmente no dia 29 de novembro, e o com\u00e9rcio de Ribeir\u00e3o Preto estima um crescimento m\u00e9dio entre 2% e 4% nas vendas, na compara\u00e7\u00e3o com o mesmo per\u00edodo do ano passado. O n\u00famero \u00e9 apontado por um levantamento realizado pelo Centro\u2026","rel":"","context":"In &quot;Not\u00edcias de Ribeir\u00e3o Preto-SP e Regi\u00e3o&quot;","block_context":{"text":"Not\u00edcias de Ribeir\u00e3o Preto-SP e Regi\u00e3o","link":"https:\/\/noticiasribeiraopreto.com.br\/index.php\/category\/noticias-de-ribeirao-preto-sp-e-regiao-ismael-colosi\/"},"img":{"alt_text":"","src":"https:\/\/i0.wp.com\/noticiasribeiraopreto.com.br\/wp-content\/uploads\/2024\/11\/centro_calcadao_pessoas_-_foto_guilherme_sircili_6.jpg?fit=1200%2C799&ssl=1&resize=350%2C200","width":350,"height":200,"srcset":"https:\/\/i0.wp.com\/noticiasribeiraopreto.com.br\/wp-content\/uploads\/2024\/11\/centro_calcadao_pessoas_-_foto_guilherme_sircili_6.jpg?fit=1200%2C799&ssl=1&resize=350%2C200 1x, https:\/\/i0.wp.com\/noticiasribeiraopreto.com.br\/wp-content\/uploads\/2024\/11\/centro_calcadao_pessoas_-_foto_guilherme_sircili_6.jpg?fit=1200%2C799&ssl=1&resize=525%2C300 1.5x, https:\/\/i0.wp.com\/noticiasribeiraopreto.com.br\/wp-content\/uploads\/2024\/11\/centro_calcadao_pessoas_-_foto_guilherme_sircili_6.jpg?fit=1200%2C799&ssl=1&resize=700%2C400 2x, https:\/\/i0.wp.com\/noticiasribeiraopreto.com.br\/wp-content\/uploads\/2024\/11\/centro_calcadao_pessoas_-_foto_guilherme_sircili_6.jpg?fit=1200%2C799&ssl=1&resize=1050%2C600 3x"},"classes":[]},{"id":39201,"url":"https:\/\/noticiasribeiraopreto.com.br\/index.php\/2024\/02\/23\/comercio-cresce-73-em-janeiro-em-rp\/","url_meta":{"origin":71994,"position":3},"title":"Com\u00e9rcio cresce 7,3% em janeiro\u00a0em RP","author":"noticiasribeiraopreto.com.br","date":"23 de February de 2024","format":false,"excerpt":"23 de fevereiro de 2024 | 16:0023 de fevereiro de 2024 | 8:26 0Depois de registrar crescimento m\u00e9dio de 0,72% no acumulado do ano passado, em compara\u00e7\u00e3o com 2022, as vendas nas lojas ribeir\u00e3o-pretanas dispararam 7,3% em janeiro, em rela\u00e7\u00e3o ao mesmo per\u00edodo de 2023, aponta levantamento do Centro de\u2026","rel":"","context":"In &quot;Not\u00edcias de Ribeir\u00e3o Preto-SP e Regi\u00e3o&quot;","block_context":{"text":"Not\u00edcias de Ribeir\u00e3o Preto-SP e Regi\u00e3o","link":"https:\/\/noticiasribeiraopreto.com.br\/index.php\/category\/noticias-de-ribeirao-preto-sp-e-regiao-ismael-colosi\/"},"img":{"alt_text":"","src":"https:\/\/i0.wp.com\/noticiasribeiraopreto.com.br\/wp-content\/uploads\/2024\/02\/ComercioRP-JF-Pimenta-Arquivo-scaled.jpg?fit=967%2C645&ssl=1&resize=350%2C200","width":350,"height":200,"srcset":"https:\/\/i0.wp.com\/noticiasribeiraopreto.com.br\/wp-content\/uploads\/2024\/02\/ComercioRP-JF-Pimenta-Arquivo-scaled.jpg?fit=967%2C645&ssl=1&resize=350%2C200 1x, https:\/\/i0.wp.com\/noticiasribeiraopreto.com.br\/wp-content\/uploads\/2024\/02\/ComercioRP-JF-Pimenta-Arquivo-scaled.jpg?fit=967%2C645&ssl=1&resize=525%2C300 1.5x, https:\/\/i0.wp.com\/noticiasribeiraopreto.com.br\/wp-content\/uploads\/2024\/02\/ComercioRP-JF-Pimenta-Arquivo-scaled.jpg?fit=967%2C645&ssl=1&resize=700%2C400 2x"},"classes":[]},{"id":77134,"url":"https:\/\/noticiasribeiraopreto.com.br\/index.php\/2025\/09\/12\/dia-do-cliente-pode-impulsionar-vendas\/","url_meta":{"origin":71994,"position":4},"title":"Dia do Cliente pode\u2028 impulsionar vendas","author":"noticiasribeiraopreto.com.br","date":"12 de September de 2025","format":false,"excerpt":"Com\u00e9rcio de Ribeir\u00e3o Preto espera crescimento de at\u00e9 1,5% nas vendas de setembro; proje\u00e7\u00e3o aponta para vi\u00e9s de estabilidade nas vendas \u2028\u2028 O com\u00e9rcio de Ribeir\u00e3o Preto espera crescimento m\u00e9dio de at\u00e9 1,5% nas vendas de setembro de 2025 \u2013 m\u00eas do Dia do Cliente (15). No mesmo per\u00edodo do\u2026","rel":"","context":"In &quot;Not\u00edcias de Ribeir\u00e3o Preto-SP e Regi\u00e3o&quot;","block_context":{"text":"Not\u00edcias de Ribeir\u00e3o Preto-SP e Regi\u00e3o","link":"https:\/\/noticiasribeiraopreto.com.br\/index.php\/category\/noticias-de-ribeirao-preto-sp-e-regiao-ismael-colosi\/"},"img":{"alt_text":"","src":"https:\/\/i0.wp.com\/noticiasribeiraopreto.com.br\/wp-content\/uploads\/2025\/09\/Varejo-Valter-Campanato-Ag.Br_.jpg?fit=1170%2C700&ssl=1&resize=350%2C200","width":350,"height":200,"srcset":"https:\/\/i0.wp.com\/noticiasribeiraopreto.com.br\/wp-content\/uploads\/2025\/09\/Varejo-Valter-Campanato-Ag.Br_.jpg?fit=1170%2C700&ssl=1&resize=350%2C200 1x, https:\/\/i0.wp.com\/noticiasribeiraopreto.com.br\/wp-content\/uploads\/2025\/09\/Varejo-Valter-Campanato-Ag.Br_.jpg?fit=1170%2C700&ssl=1&resize=525%2C300 1.5x, https:\/\/i0.wp.com\/noticiasribeiraopreto.com.br\/wp-content\/uploads\/2025\/09\/Varejo-Valter-Campanato-Ag.Br_.jpg?fit=1170%2C700&ssl=1&resize=700%2C400 2x, https:\/\/i0.wp.com\/noticiasribeiraopreto.com.br\/wp-content\/uploads\/2025\/09\/Varejo-Valter-Campanato-Ag.Br_.jpg?fit=1170%2C700&ssl=1&resize=1050%2C600 3x"},"classes":[]},{"id":71455,"url":"https:\/\/noticiasribeiraopreto.com.br\/index.php\/2025\/06\/06\/jornal-da-franca-veja-quanto-as-festas-juninas-e-o-dia-dos-namorados-devem-movimentar-em-franca\/","url_meta":{"origin":71994,"position":5},"title":"Jornal da Franca &#8211; Veja quanto as festas juninas e o Dia dos Namorados devem movimentar em Franca","author":"noticiasribeiraopreto.com.br","date":"6 de June de 2025","format":false,"excerpt":"compartilhar no whatsapp compartilhar no telegram compartilhar no facebook compartilhar no linkedin Proje\u00e7\u00f5es de movimento comercial do Instituto de Economia da ACIF t\u00eam como base os dados p\u00fablicos da Receita Federal Os consumidores j\u00e1 est\u00e3o em busca do melhor presente para o Dia dos Namorados (Foto: Acif\/Divulga\u00e7\u00e3o) Proje\u00e7\u00f5es econ\u00f4micas do\u2026","rel":"","context":"In &quot;Not\u00edcias de Franca-SP&quot;","block_context":{"text":"Not\u00edcias de Franca-SP","link":"https:\/\/noticiasribeiraopreto.com.br\/index.php\/category\/noticias-de-ribeirao-preto-sp-e-regiao-ismael-colosi\/noticias-franca-sp\/"},"img":{"alt_text":"","src":"https:\/\/i0.wp.com\/noticiasribeiraopreto.com.br\/wp-content\/uploads\/2025\/06\/imagem-ilustrativa-Dia-dos-Namorados_reduz.jpg?fit=1200%2C800&ssl=1&resize=350%2C200","width":350,"height":200,"srcset":"https:\/\/i0.wp.com\/noticiasribeiraopreto.com.br\/wp-content\/uploads\/2025\/06\/imagem-ilustrativa-Dia-dos-Namorados_reduz.jpg?fit=1200%2C800&ssl=1&resize=350%2C200 1x, https:\/\/i0.wp.com\/noticiasribeiraopreto.com.br\/wp-content\/uploads\/2025\/06\/imagem-ilustrativa-Dia-dos-Namorados_reduz.jpg?fit=1200%2C800&ssl=1&resize=525%2C300 1.5x, https:\/\/i0.wp.com\/noticiasribeiraopreto.com.br\/wp-content\/uploads\/2025\/06\/imagem-ilustrativa-Dia-dos-Namorados_reduz.jpg?fit=1200%2C800&ssl=1&resize=700%2C400 2x, https:\/\/i0.wp.com\/noticiasribeiraopreto.com.br\/wp-content\/uploads\/2025\/06\/imagem-ilustrativa-Dia-dos-Namorados_reduz.jpg?fit=1200%2C800&ssl=1&resize=1050%2C600 3x"},"classes":[]}],"jetpack_sharing_enabled":true,"jetpack_shortlink":"https:\/\/wp.me\/peQAOb-iJc","_links":{"self":[{"href":"https:\/\/noticiasribeiraopreto.com.br\/index.php\/wp-json\/wp\/v2\/posts\/71994","targetHints":{"allow":["GET"]}}],"collection":[{"href":"https:\/\/noticiasribeiraopreto.com.br\/index.php\/wp-json\/wp\/v2\/posts"}],"about":[{"href":"https:\/\/noticiasribeiraopreto.com.br\/index.php\/wp-json\/wp\/v2\/types\/post"}],"author":[{"embeddable":true,"href":"https:\/\/noticiasribeiraopreto.com.br\/index.php\/wp-json\/wp\/v2\/users\/1"}],"replies":[{"embeddable":true,"href":"https:\/\/noticiasribeiraopreto.com.br\/index.php\/wp-json\/wp\/v2\/comments?post=71994"}],"version-history":[{"count":0,"href":"https:\/\/noticiasribeiraopreto.com.br\/index.php\/wp-json\/wp\/v2\/posts\/71994\/revisions"}],"wp:featuredmedia":[{"embeddable":true,"href":"https:\/\/noticiasribeiraopreto.com.br\/index.php\/wp-json\/wp\/v2\/media\/71995"}],"wp:attachment":[{"href":"https:\/\/noticiasribeiraopreto.com.br\/index.php\/wp-json\/wp\/v2\/media?parent=71994"}],"wp:term":[{"taxonomy":"category","embeddable":true,"href":"https:\/\/noticiasribeiraopreto.com.br\/index.php\/wp-json\/wp\/v2\/categories?post=71994"},{"taxonomy":"post_tag","embeddable":true,"href":"https:\/\/noticiasribeiraopreto.com.br\/index.php\/wp-json\/wp\/v2\/tags?post=71994"}],"curies":[{"name":"wp","href":"https:\/\/api.w.org\/{rel}","templated":true}]}}