{"id":71996,"date":"2025-06-12T10:14:35","date_gmt":"2025-06-12T13:14:35","guid":{"rendered":"https:\/\/noticiasribeiraopreto.com.br\/index.php\/2025\/06\/12\/explosao-em-sertaozinho-empresa-afirma-agir-com-transparencia\/"},"modified":"2025-06-12T10:14:35","modified_gmt":"2025-06-12T13:14:35","slug":"explosao-em-sertaozinho-empresa-afirma-agir-com-transparencia","status":"publish","type":"post","link":"https:\/\/noticiasribeiraopreto.com.br\/index.php\/2025\/06\/12\/explosao-em-sertaozinho-empresa-afirma-agir-com-transparencia\/","title":{"rendered":"Explos\u00e3o em Sert\u00e3ozinho: empresa afirma agir com transpar\u00eancia"},"content":{"rendered":"<div class='code-block code-block-1' style='margin: 8px 0 8px auto; text-align: right; display: block; clear: both;'>\n<p><a href=\"https:\/\/wa.link\/vpicfd\"><img data-recalc-dims=\"1\" class=\"wp-image-4922\" style=\"aspect-ratio: 2.0253164556962027; width: 561px; height: auto;\" src=\"https:\/\/i0.wp.com\/ismaelcolosi.com.br\/wp-content\/uploads\/2023\/11\/grupo-de-empregos-whatsapp-e-facebook-ismael-colosi-vagas.jpg?ssl=1\" alt=\"\" \/><\/a><\/p>\n<!-- \/wp:image -->\n<\/div>\n<p> <br \/>\n<\/p>\n<div id=\"\">\n<h2 class=\"penci-post-subtitle\">Em nota, Innove Qu\u00edmica garante que n\u00e3o h\u00e1 requisitos legais para decreta\u00e7\u00e3o de pris\u00e3o preventiva ou tempor\u00e1ria de diretores<\/h2>\n<p>\n\t\t\t\t\t\t\t\t\t<span class=\"entry-meta-item penci-posted-on\"><i class=\"fa fa-clock-o\"\/><time class=\"entry-date published updated\" datetime=\"2025-06-12T10:12:33-03:00\">12 de junho de 2025 10:12<\/time><\/span><span class=\"entry-meta-item penci-post-countview\"><span class=\"entry-meta-item penci-post-countview penci_post-meta_item\"><i class=\"fa fa-eye\"\/><span class=\"penci-post-countview-number penci-post-countview-p428526\">8<\/span><\/span><\/span>\t\t\t\t\t\t\t\t<\/p>\n<p><!-- .entry-meta --><br \/>\n\t\t\t\t\t\t\t\t<span class=\"penci-social-buttons penci-social-share-footer\"><span class=\"penci-social-share-text\">Compartilhar<\/span><a href=\"#\" class=\"penci-post-like penci_post-meta_item  single-like-button penci-social-item like\" data-post_id=\"428526\" title=\"Like\" data-like=\"Like\" data-unlike=\"Unlike\"><i class=\"fa fa-thumbs-o-up\"\/><span class=\"penci-share-number\">2<\/span><\/a><i class=\"fa fa-facebook\"\/><a class=\"penci-social-item twitter\" target=\"_blank\" rel=\"noopener\" title=\"\" href=\"https:\/\/twitter.com\/intent\/tweet?text=Explos\u00e3o%20em%20Sert\u00e3ozinho:%20empresa%20afirma%20agir%20com%20transpar\u00eancia%20-%20https:\/\/www.tribunaribeirao.com.br\/explosao-em-sertaozinho-empresa-afirma-agir-com-transparencia\/\"><i class=\"fa fa-twitter\"\/><\/a><i class=\"fa fa-linkedin\"\/><i class=\"fa fa-whatsapp\"\/><i class=\"fa fa-telegram\"\/><i class=\"fa fa-envelope\"\/><\/span>\t\t\t\t\t\t\t<\/div>\n<div>\n<p>Por: Adalberto Luque<\/p>\n<p>A Pol\u00edcia Civil concluiu o inqu\u00e9rito que apurou as explos\u00f5es e inc\u00eandio causados durante descarregamento de uma carga de materiais qu\u00edmicos em Sert\u00e3ozinho. O acidente ocorreu em 11 de outubro do ano passado e deixou tr\u00eas mortos, 10 feridos e v\u00e1rias fam\u00edlias tiveram que sair temporariamente de suas casas.<\/p>\n<p>O inqu\u00e9rito concluiu que houve neglig\u00eancia da Innove Qu\u00edmica e indiciou seus diretores por homic\u00eddio culposo, les\u00e3o corporal culposa e crime ambiental. O caso seguiu para a Justi\u00e7a, que vai determinar os rumos do processo.<\/p>\n<p>\u00c0 EPTV, afiliada da TV Globo, o delegado Eric Natalino Germano, respons\u00e1vel pelo caso, informou que os diretores agiram de forma negligente e omissiva. \u201cDois diretores da parte de controle e fiscaliza\u00e7\u00e3o, que tinham o dever de cuidado, atuaram de forma negligente e omissiva e foram indiciados por homic\u00eddio culposo, les\u00e3o corporal e crime contra o meio ambiente\u201d.<\/p>\n<p>Ainda segundo o delegado, a f\u00e1brica operava sem qualquer tipo de licen\u00e7a. \u201cEsse galp\u00e3o era usado apenas para transbordo e estava totalmente irregular. A empresa foi multada pelas duas secretarias de Meio Ambiente, estadual e municipal, e tamb\u00e9m pela Cetesb e ainda pela Auditoria Fiscal do Trabalho.\u201d<\/p>\n<p><strong>Outro lado<\/strong><\/p>\n<p>A Innove Qu\u00edmica encaminhou nota onde afirma que n\u00e3o est\u00e3o presentes requisitos legais para a decreta\u00e7\u00e3o de pris\u00e3o preventiva ou tempor\u00e1ria, pois os investigados colaboraram com as investiga\u00e7\u00f5es e teriam se antecipado voluntariamente no pagamento de indeniza\u00e7\u00e3o \u00e0s v\u00edtimas e seus familiares.<\/p>\n<p>A empresa garante estar conduzindo tudo com transpar\u00eancia, \u00e9tica, respeitos \u00e0s autoridades, comunidade, v\u00edtimas e meio ambiente. \u201cDesde o lament\u00e1vel acidente ocorrido, a empresa tem agido de forma respons\u00e1vel, adotando uma postura colaborativa com os \u00f3rg\u00e3os competentes e priorizando a\u00e7\u00f5es imediatas de repara\u00e7\u00e3o e mitiga\u00e7\u00e3o de danos\u201d, aponta a Innove.<\/p>\n<p>A nota revela que as fam\u00edlias de duas das tr\u00eas v\u00edtimas fatais j\u00e1 foram indenizadas e a outra estaria em negocia\u00e7\u00f5es avan\u00e7adas. Tamb\u00e9m teria indenizado os prestadores de servi\u00e7o que sofreram les\u00f5es graves. Seis im\u00f3veis atingidos durante a trag\u00e9dia foram reformados e os moradores receberam indeniza\u00e7\u00e3o por danos morais.<\/p>\n<p>A Innove tamb\u00e9m afirma ter obtido aprova\u00e7\u00e3o de plantas de projetos para reconstru\u00e7\u00e3o de quatro im\u00f3veis. Contratou empresa especializada em danos ambientais para atuar desde os primeiros dias ap\u00f3s o acidente. Garante estar cumprindo rigorosamente os protocolos ambientais vigentes. Na nota, a Innove manifesta solidariedade com os afetados.<\/p>\n<\/div>\n<p><script async src=\"\/\/platform.twitter.com\/widgets.js\" charset=\"utf-8\"><\/script><br \/>\n<br \/><br \/>\n<br \/><a href=\"https:\/\/www.tribunaribeirao.com.br\/explosao-em-sertaozinho-empresa-afirma-agir-com-transparencia\/\">Source link <\/a><\/p>\n<!-- CONTENT END 1 -->\n","protected":false},"excerpt":{"rendered":"<p>Em nota, Innove Qu\u00edmica garante que n\u00e3o h\u00e1 requisitos legais para decreta\u00e7\u00e3o de pris\u00e3o preventiva ou tempor\u00e1ria de diretores 12 de junho de 2025 10:128&#8230;<\/p>\n","protected":false},"author":1,"featured_media":71997,"comment_status":"open","ping_status":"open","sticky":false,"template":"","format":"standard","meta":{"advanced_seo_description":"","jetpack_seo_html_title":"","jetpack_seo_noindex":false,"jetpack_post_was_ever_published":false,"_jetpack_newsletter_access":"","_jetpack_dont_email_post_to_subs":false,"_jetpack_newsletter_tier_id":0,"_jetpack_memberships_contains_paywalled_content":false,"_jetpack_memberships_contains_paid_content":false,"footnotes":"","jetpack_publicize_message":"","jetpack_publicize_feature_enabled":true,"jetpack_social_post_already_shared":true,"jetpack_social_options":{"image_generator_settings":{"template":"highway","default_image_id":0,"font":"","enabled":false},"version":2}},"categories":[11],"tags":[],"class_list":["post-71996","post","type-post","status-publish","format-standard","has-post-thumbnail","hentry","category-noticias-de-ribeirao-preto-sp-e-regiao-ismael-colosi"],"jetpack_publicize_connections":[],"jetpack_featured_media_url":"https:\/\/i0.wp.com\/noticiasribeiraopreto.com.br\/wp-content\/uploads\/2025\/06\/11-jun-2025-explosaosertaozinho2.jpg?fit=593%2C405&ssl=1","jetpack-related-posts":[{"id":75001,"url":"https:\/\/noticiasribeiraopreto.com.br\/index.php\/2025\/08\/01\/roubos-avancam-em-junho-ante-maio\/","url_meta":{"origin":71996,"position":0},"title":"Roubos avan\u00e7am em junho ante maio","author":"noticiasribeiraopreto.com.br","date":"1 de August de 2025","format":false,"excerpt":"A Secretaria de Seguran\u00e7a P\u00fablica do Estado de S\u00e3o Paulo (SSP\/SP) divulgou os resultados das \u201cEstat\u00edsticas da Criminalidade\u201d. Em Ribeir\u00e3o Preto, todos os crimes contra o patrim\u00f4nio registraram queda \u2013 furtos e roubos em geral e furtos e roubos de ve\u00edculos \u2013 no primeiro semestre deste ano em rela\u00e7\u00e3o ao\u2026","rel":"","context":"In &quot;Not\u00edcias de Ribeir\u00e3o Preto-SP e Regi\u00e3o&quot;","block_context":{"text":"Not\u00edcias de Ribeir\u00e3o Preto-SP e Regi\u00e3o","link":"https:\/\/noticiasribeiraopreto.com.br\/index.php\/category\/noticias-de-ribeirao-preto-sp-e-regiao-ismael-colosi\/"},"img":{"alt_text":"","src":"https:\/\/i0.wp.com\/noticiasribeiraopreto.com.br\/wp-content\/uploads\/2025\/08\/CrimeRP-Pixabay-scaled.jpg?fit=1170%2C780&ssl=1&resize=350%2C200","width":350,"height":200,"srcset":"https:\/\/i0.wp.com\/noticiasribeiraopreto.com.br\/wp-content\/uploads\/2025\/08\/CrimeRP-Pixabay-scaled.jpg?fit=1170%2C780&ssl=1&resize=350%2C200 1x, https:\/\/i0.wp.com\/noticiasribeiraopreto.com.br\/wp-content\/uploads\/2025\/08\/CrimeRP-Pixabay-scaled.jpg?fit=1170%2C780&ssl=1&resize=525%2C300 1.5x, https:\/\/i0.wp.com\/noticiasribeiraopreto.com.br\/wp-content\/uploads\/2025\/08\/CrimeRP-Pixabay-scaled.jpg?fit=1170%2C780&ssl=1&resize=700%2C400 2x, https:\/\/i0.wp.com\/noticiasribeiraopreto.com.br\/wp-content\/uploads\/2025\/08\/CrimeRP-Pixabay-scaled.jpg?fit=1170%2C780&ssl=1&resize=1050%2C600 3x"},"classes":[]},{"id":73990,"url":"https:\/\/noticiasribeiraopreto.com.br\/index.php\/2025\/07\/14\/ataques-de-escorpiao-avancam-no-ano-2\/","url_meta":{"origin":71996,"position":1},"title":"Ataques de escorpi\u00e3o avan\u00e7am no ano","author":"noticiasribeiraopreto.com.br","date":"14 de July de 2025","format":false,"excerpt":"Ribeir\u00e3o Preto j\u00e1 soma 888 ataques de escorpi\u00e3o em cinco meses deste ano, m\u00e9dia de um caso a cada quatro horas, segundo dados do painel da Secretaria Municipal da Sa\u00fade. Em compara\u00e7\u00e3o com os 668 do mesmo per\u00edodo de 2024, s\u00e3o 220 a mais e crescimento de 32,93%. Recuou na\u2026","rel":"","context":"In &quot;Not\u00edcias de Ribeir\u00e3o Preto-SP e Regi\u00e3o&quot;","block_context":{"text":"Not\u00edcias de Ribeir\u00e3o Preto-SP e Regi\u00e3o","link":"https:\/\/noticiasribeiraopreto.com.br\/index.php\/category\/noticias-de-ribeirao-preto-sp-e-regiao-ismael-colosi\/"},"img":{"alt_text":"","src":"https:\/\/i0.wp.com\/noticiasribeiraopreto.com.br\/wp-content\/uploads\/2025\/07\/Escorpiao-Redes-sociais-Reproducao-scaled.jpeg?fit=756%2C500&ssl=1&resize=350%2C200","width":350,"height":200,"srcset":"https:\/\/i0.wp.com\/noticiasribeiraopreto.com.br\/wp-content\/uploads\/2025\/07\/Escorpiao-Redes-sociais-Reproducao-scaled.jpeg?fit=756%2C500&ssl=1&resize=350%2C200 1x, https:\/\/i0.wp.com\/noticiasribeiraopreto.com.br\/wp-content\/uploads\/2025\/07\/Escorpiao-Redes-sociais-Reproducao-scaled.jpeg?fit=756%2C500&ssl=1&resize=525%2C300 1.5x, https:\/\/i0.wp.com\/noticiasribeiraopreto.com.br\/wp-content\/uploads\/2025\/07\/Escorpiao-Redes-sociais-Reproducao-scaled.jpeg?fit=756%2C500&ssl=1&resize=700%2C400 2x"},"classes":[]},{"id":27603,"url":"https:\/\/noticiasribeiraopreto.com.br\/index.php\/2024\/01\/12\/inflacao-fecha-2023-em-462\/","url_meta":{"origin":71996,"position":2},"title":"Infla\u00e7\u00e3o fecha 2023 em 4,62% \u00a0","author":"noticiasribeiraopreto.com.br","date":"12 de January de 2024","format":false,"excerpt":"A infla\u00e7\u00e3o medida pelo \u00cdndice Nacional de Pre\u00e7os ao Consumidor Amplo \u2013 indexador oficial \u2013 fechou dezembro com alta de 0,56%, ante 0,28% de novembro, avan\u00e7o de 0,24%, em outubro, de 0,26% em setembro, de 0,23% em agosto e 0,12% em julho, ap\u00f3s defla\u00e7\u00e3o de 0,08% em junho, eleva\u00e7\u00e3o de\u2026","rel":"","context":"In &quot;Not\u00edcias de Ribeir\u00e3o Preto-SP e Regi\u00e3o&quot;","block_context":{"text":"Not\u00edcias de Ribeir\u00e3o Preto-SP e Regi\u00e3o","link":"https:\/\/noticiasribeiraopreto.com.br\/index.php\/category\/noticias-de-ribeirao-preto-sp-e-regiao-ismael-colosi\/"},"img":{"alt_text":"","src":"https:\/\/i0.wp.com\/noticiasribeiraopreto.com.br\/wp-content\/uploads\/2024\/01\/InflaIPCA-Aro-Marcelo-Camargo-Ag.Br_-scaled.jpg?fit=967%2C645&ssl=1&resize=350%2C200","width":350,"height":200,"srcset":"https:\/\/i0.wp.com\/noticiasribeiraopreto.com.br\/wp-content\/uploads\/2024\/01\/InflaIPCA-Aro-Marcelo-Camargo-Ag.Br_-scaled.jpg?fit=967%2C645&ssl=1&resize=350%2C200 1x, https:\/\/i0.wp.com\/noticiasribeiraopreto.com.br\/wp-content\/uploads\/2024\/01\/InflaIPCA-Aro-Marcelo-Camargo-Ag.Br_-scaled.jpg?fit=967%2C645&ssl=1&resize=525%2C300 1.5x, https:\/\/i0.wp.com\/noticiasribeiraopreto.com.br\/wp-content\/uploads\/2024\/01\/InflaIPCA-Aro-Marcelo-Camargo-Ag.Br_-scaled.jpg?fit=967%2C645&ssl=1&resize=700%2C400 2x"},"classes":[]},{"id":46478,"url":"https:\/\/noticiasribeiraopreto.com.br\/index.php\/2024\/04\/11\/vaga-para-tecnico-de-controle-de-qualidade-em-ribeirao-preto\/","url_meta":{"origin":71996,"position":3},"title":"Vaga para T\u00e9cnico de Controle de Qualidade em Ribeir\u00e3o Preto","author":"noticiasribeiraopreto.com.br","date":"11 de April de 2024","format":false,"excerpt":"Vaga para T\u00e9cnico de Controle de Qualidade em Ribeir\u00e3o Preto 1 vaga para Supervisor de Produ\u00e7\u00e3o em Ribeir\u00e3o Preto - SPh\u00e1 4 horas 1 vaga para Auxiliar de Produ\u00e7\u00e3o - PCD em Ribeir\u00e3o Preto - SPh\u00e1 4 horas Vaga para Analista de Departamento Pessoal em Ribeir\u00e3o Pretoh\u00e1 5 horas Vaga\u2026","rel":"","context":"In &quot;Vagas de Emprego em Ribeir\u00e3o Preto-SP&quot;","block_context":{"text":"Vagas de Emprego em Ribeir\u00e3o Preto-SP","link":"https:\/\/noticiasribeiraopreto.com.br\/index.php\/category\/empregos-classificados-vagas-trabalho\/vagas-de-empregos-em-ribeirao-preto-regiao-brasil\/"},"img":{"alt_text":"","src":"","width":0,"height":0},"classes":[]},{"id":69227,"url":"https:\/\/noticiasribeiraopreto.com.br\/index.php\/2025\/05\/03\/ataques-de-escorpiao-avancam-em-2025\/","url_meta":{"origin":71996,"position":4},"title":"Ataques de escorpi\u00e3o avan\u00e7am em 2025 \u00a0","author":"noticiasribeiraopreto.com.br","date":"3 de May de 2025","format":false,"excerpt":"3 de maio de 2025 16:303 de maio de 2025 09:068 Compartilhar0 Ribeir\u00e3o Preto j\u00e1 soma 534 ataques de escorpi\u00e3o em tr\u00eas meses deste ano, m\u00e9dia de um caso a cada quatro horas, segundo dados do painel da Secretaria Municipal da Sa\u00fade. Em compara\u00e7\u00e3o com os 397 do primeiro trimestre\u2026","rel":"","context":"In &quot;Not\u00edcias de Ribeir\u00e3o Preto-SP e Regi\u00e3o&quot;","block_context":{"text":"Not\u00edcias de Ribeir\u00e3o Preto-SP e Regi\u00e3o","link":"https:\/\/noticiasribeiraopreto.com.br\/index.php\/category\/noticias-de-ribeirao-preto-sp-e-regiao-ismael-colosi\/"},"img":{"alt_text":"","src":"https:\/\/i0.wp.com\/noticiasribeiraopreto.com.br\/wp-content\/uploads\/2025\/05\/Escorpiao-Redes-sociais-Reproducao-2.jpg?fit=1200%2C800&ssl=1&resize=350%2C200","width":350,"height":200,"srcset":"https:\/\/i0.wp.com\/noticiasribeiraopreto.com.br\/wp-content\/uploads\/2025\/05\/Escorpiao-Redes-sociais-Reproducao-2.jpg?fit=1200%2C800&ssl=1&resize=350%2C200 1x, https:\/\/i0.wp.com\/noticiasribeiraopreto.com.br\/wp-content\/uploads\/2025\/05\/Escorpiao-Redes-sociais-Reproducao-2.jpg?fit=1200%2C800&ssl=1&resize=525%2C300 1.5x, https:\/\/i0.wp.com\/noticiasribeiraopreto.com.br\/wp-content\/uploads\/2025\/05\/Escorpiao-Redes-sociais-Reproducao-2.jpg?fit=1200%2C800&ssl=1&resize=700%2C400 2x, https:\/\/i0.wp.com\/noticiasribeiraopreto.com.br\/wp-content\/uploads\/2025\/05\/Escorpiao-Redes-sociais-Reproducao-2.jpg?fit=1200%2C800&ssl=1&resize=1050%2C600 3x"},"classes":[]},{"id":37494,"url":"https:\/\/noticiasribeiraopreto.com.br\/index.php\/2024\/02\/16\/covid-19-volta-a-preocupar-rp\/","url_meta":{"origin":71996,"position":5},"title":"Covid-19 volta a preocupar RP\u00a0","author":"noticiasribeiraopreto.com.br","date":"16 de February de 2024","format":false,"excerpt":"16 de fevereiro de 2024 | 15:0016 de fevereiro de 2024 | 8:26 0Segundo o painel da Secretaria Municipal da Sa\u00fade, Ribeir\u00e3o Preto registrou mais tr\u00eas mortes por covid-19 em cerca de um m\u00eas, na passagem de dezembro para janeiro. A plataforma contabiliza dados at\u00e9 o m\u00eas anterior ao vigente.\u2026","rel":"","context":"In &quot;Not\u00edcias de Ribeir\u00e3o Preto-SP e Regi\u00e3o&quot;","block_context":{"text":"Not\u00edcias de Ribeir\u00e3o Preto-SP e Regi\u00e3o","link":"https:\/\/noticiasribeiraopreto.com.br\/index.php\/category\/noticias-de-ribeirao-preto-sp-e-regiao-ismael-colosi\/"},"img":{"alt_text":"","src":"https:\/\/i0.wp.com\/noticiasribeiraopreto.com.br\/wp-content\/uploads\/2024\/02\/ChinaVIR-Mor-Alfredo-Risk-scaled.jpg?fit=1000%2C563&ssl=1&resize=350%2C200","width":350,"height":200,"srcset":"https:\/\/i0.wp.com\/noticiasribeiraopreto.com.br\/wp-content\/uploads\/2024\/02\/ChinaVIR-Mor-Alfredo-Risk-scaled.jpg?fit=1000%2C563&ssl=1&resize=350%2C200 1x, https:\/\/i0.wp.com\/noticiasribeiraopreto.com.br\/wp-content\/uploads\/2024\/02\/ChinaVIR-Mor-Alfredo-Risk-scaled.jpg?fit=1000%2C563&ssl=1&resize=525%2C300 1.5x, https:\/\/i0.wp.com\/noticiasribeiraopreto.com.br\/wp-content\/uploads\/2024\/02\/ChinaVIR-Mor-Alfredo-Risk-scaled.jpg?fit=1000%2C563&ssl=1&resize=700%2C400 2x"},"classes":[]}],"jetpack_sharing_enabled":true,"jetpack_shortlink":"https:\/\/wp.me\/peQAOb-iJe","_links":{"self":[{"href":"https:\/\/noticiasribeiraopreto.com.br\/index.php\/wp-json\/wp\/v2\/posts\/71996","targetHints":{"allow":["GET"]}}],"collection":[{"href":"https:\/\/noticiasribeiraopreto.com.br\/index.php\/wp-json\/wp\/v2\/posts"}],"about":[{"href":"https:\/\/noticiasribeiraopreto.com.br\/index.php\/wp-json\/wp\/v2\/types\/post"}],"author":[{"embeddable":true,"href":"https:\/\/noticiasribeiraopreto.com.br\/index.php\/wp-json\/wp\/v2\/users\/1"}],"replies":[{"embeddable":true,"href":"https:\/\/noticiasribeiraopreto.com.br\/index.php\/wp-json\/wp\/v2\/comments?post=71996"}],"version-history":[{"count":0,"href":"https:\/\/noticiasribeiraopreto.com.br\/index.php\/wp-json\/wp\/v2\/posts\/71996\/revisions"}],"wp:featuredmedia":[{"embeddable":true,"href":"https:\/\/noticiasribeiraopreto.com.br\/index.php\/wp-json\/wp\/v2\/media\/71997"}],"wp:attachment":[{"href":"https:\/\/noticiasribeiraopreto.com.br\/index.php\/wp-json\/wp\/v2\/media?parent=71996"}],"wp:term":[{"taxonomy":"category","embeddable":true,"href":"https:\/\/noticiasribeiraopreto.com.br\/index.php\/wp-json\/wp\/v2\/categories?post=71996"},{"taxonomy":"post_tag","embeddable":true,"href":"https:\/\/noticiasribeiraopreto.com.br\/index.php\/wp-json\/wp\/v2\/tags?post=71996"}],"curies":[{"name":"wp","href":"https:\/\/api.w.org\/{rel}","templated":true}]}}