{"id":72004,"date":"2025-06-12T12:08:25","date_gmt":"2025-06-12T15:08:25","guid":{"rendered":"https:\/\/noticiasribeiraopreto.com.br\/index.php\/2025\/06\/12\/equipe-medica-atualiza-evolucao-do-jogador-pedro-severino-em-coletiva-de-imprensa-video\/"},"modified":"2025-06-12T12:08:25","modified_gmt":"2025-06-12T15:08:25","slug":"equipe-medica-atualiza-evolucao-do-jogador-pedro-severino-em-coletiva-de-imprensa-video","status":"publish","type":"post","link":"https:\/\/noticiasribeiraopreto.com.br\/index.php\/2025\/06\/12\/equipe-medica-atualiza-evolucao-do-jogador-pedro-severino-em-coletiva-de-imprensa-video\/","title":{"rendered":"Equipe m\u00e9dica atualiza evolu\u00e7\u00e3o do jogador Pedro Severino em coletiva de imprensa; V\u00eddeo"},"content":{"rendered":"<p> <br \/>\n<\/p>\n<div data-td-block-uid=\"tdi_95\">\n<div class=\"tdb-block-inner td-fix-index\">\n<p><strong>A equipe m\u00e9dica que est\u00e1 \u00e0 frente do tratamento do jogador Pedro Severino concede uma entrevista coletiva \u00e0 imprensa na manh\u00e3 desta quinta-feira (12), no Hospital Unimed Ribeir\u00e3o Preto, onde o atleta esteve internado por 96 dias, ap\u00f3s sofrer um grave acidente de tr\u00e2nsito.<\/strong><\/p>\n<p>Durante a coletiva, <mark style=\"background-color:#fcb900\" class=\"has-inline-color has-black-color\">a m\u00e9dica Amanda Benelli Kujavo atualizou o estado de sa\u00fade do jogador.<\/mark><\/p>\n<p>De acordo com a especialista, o momento atual \u00e9 de foco no tratamento neurol\u00f3gico e um intenso programa de fisioterapia.<\/p>\n<p>Esses cuidados s\u00e3o essenciais para auxiliar na recupera\u00e7\u00e3o das fun\u00e7\u00f5es comprometidas pelo acidente.<\/p>\n<p>\u201cEsses dois pontos, a parte m\u00e9dica de controle das condi\u00e7\u00f5es neurol\u00f3gicas que ainda existem e a reabilita\u00e7\u00e3o motora s\u00e3o os principais para recupera\u00e7\u00e3o plena do Pedro\u201d, disse a m\u00e9dica.<\/p>\n<blockquote class=\"instagram-media\" data-instgrm-permalink=\"https:\/\/www.instagram.com\/reel\/DKzX5w_OPbn\/?utm_source=ig_embed&amp;utm_campaign=loading\" data-instgrm-version=\"14\" style=\"background:#FFF;border:0;border-radius:3px;margin: 1px;max-width:540px;min-width:326px;padding:0;width:99.375%;width:-webkit-calc(100% - 2px);width:calc(100% - 2px)\"\/>\n<p>SAIBA MAIS<\/p>\n<p>Ribeir\u00e3o Preto registra 9\u00b0C na manh\u00e3 desta quinta; Veja at\u00e9 quando vai a onda de frio<\/p>\n<h2 class=\"wp-block-heading\"><strong>FIQUE ON<\/strong><\/h2>\n<p>Quer ficar por dentro de tudo que acontece em Ribeir\u00e3o Preto e regi\u00e3o? Ent\u00e3o siga os perfis do\u202facidade on\u202fno\u202f<a href=\"https:\/\/www.instagram.com\/acidadeonribeirao\" target=\"_blank\" rel=\"noreferrer noopener\">Instagram<\/a>\u202fe no\u202f<a href=\"https:\/\/www.facebook.com\/acidadeonribeirao\/\" target=\"_blank\" rel=\"noreferrer noopener\">Facebook<\/a>.<\/p>\n<p>Al\u00e9m disso, voc\u00ea pode receber as principais not\u00edcias diretamente no WhatsApp. Para isso, basta\u00a0<a href=\"https:\/\/chat.whatsapp.com\/BjKQZ9oJwlz8VVT50NuePq\" target=\"_blank\" rel=\"noreferrer noopener\">entrar no grupo clicando aqui<\/a>.<\/p>\n<p>Por fim, se quiser fazer uma den\u00fancia ou sugerir uma reportagem sobre Ribeir\u00e3o Preto e regi\u00e3o, envie uma mensagem pelo WhatsApp: (16) 99117-7802.<\/p>\n<p>VEJA TAMB\u00c9M<\/p>\n<p>Qual \u00e9 a diferen\u00e7a entre a Irlanda e a Irlanda do Norte?<\/p>\n<p><!-- CONTENT END 1 -->\n<\/div>\n<\/div>\n<p><script async src=\"\/\/www.instagram.com\/embed.js\"><\/script><br \/>\n<br \/><br \/>\n<br \/><a href=\"https:\/\/www.acidadeon.com\/ribeiraopreto\/esportes\/equipe-medica-atualiza-evolucao-do-jogador-pedro-severino-em-coletiva-de-imprensa-video\/\">Source link <\/a><\/p>\n","protected":false},"excerpt":{"rendered":"<p>A equipe m\u00e9dica que est\u00e1 \u00e0 frente do tratamento do jogador Pedro Severino concede uma entrevista coletiva \u00e0 imprensa na manh\u00e3 desta quinta-feira (12), no&#8230;<\/p>\n","protected":false},"author":1,"featured_media":72005,"comment_status":"open","ping_status":"open","sticky":false,"template":"","format":"standard","meta":{"advanced_seo_description":"","jetpack_seo_html_title":"","jetpack_seo_noindex":false,"jetpack_post_was_ever_published":false,"_jetpack_newsletter_access":"","_jetpack_dont_email_post_to_subs":false,"_jetpack_newsletter_tier_id":0,"_jetpack_memberships_contains_paywalled_content":false,"_jetpack_memberships_contains_paid_content":false,"footnotes":"","jetpack_publicize_message":"","jetpack_publicize_feature_enabled":true,"jetpack_social_post_already_shared":true,"jetpack_social_options":{"image_generator_settings":{"template":"highway","default_image_id":0,"font":"","enabled":false},"version":2}},"categories":[11],"tags":[],"class_list":["post-72004","post","type-post","status-publish","format-standard","has-post-thumbnail","hentry","category-noticias-de-ribeirao-preto-sp-e-regiao-ismael-colosi"],"jetpack_publicize_connections":[],"jetpack_featured_media_url":"https:\/\/i0.wp.com\/noticiasribeiraopreto.com.br\/wp-content\/uploads\/2025\/06\/WhatsApp-Image-2025-06-12-at-10.36.11_2025-06-12_13-45-22.webp.webp?fit=1200%2C900&ssl=1","jetpack-related-posts":[{"id":72024,"url":"https:\/\/noticiasribeiraopreto.com.br\/index.php\/2025\/06\/12\/video-veja-o-momento-em-que-o-jogador-pedro-severino-deixa-hospital-sob-aplausos\/","url_meta":{"origin":72004,"position":0},"title":"V\u00eddeo: Veja o momento em que o jogador Pedro Severino deixa hospital sob aplausos","author":"noticiasribeiraopreto.com.br","date":"12 de June de 2025","format":false,"excerpt":"O jogador Pedro Severino deixou o hospital sob aplausos na \u00faltima ter\u00e7a-feira (10), depois de sofrer um grave acidente de carro e permanecer internado por 96 dias na Unimed Ribeir\u00e3o Preto. O v\u00eddeo foi divulgado nesta quinta-feira (12), data em que a equipe m\u00e9dica que est\u00e1 \u00e0 frente do tratamento\u2026","rel":"","context":"In &quot;Not\u00edcias de Ribeir\u00e3o Preto-SP e Regi\u00e3o&quot;","block_context":{"text":"Not\u00edcias de Ribeir\u00e3o Preto-SP e Regi\u00e3o","link":"https:\/\/noticiasribeiraopreto.com.br\/index.php\/category\/noticias-de-ribeirao-preto-sp-e-regiao-ismael-colosi\/"},"img":{"alt_text":"","src":"https:\/\/i0.wp.com\/noticiasribeiraopreto.com.br\/wp-content\/uploads\/2025\/06\/WhatsApp-Image-2025-06-12-at-13.06.09_2025-06-12_16-06-44.webp.webp?fit=1200%2C1036&ssl=1&resize=350%2C200","width":350,"height":200,"srcset":"https:\/\/i0.wp.com\/noticiasribeiraopreto.com.br\/wp-content\/uploads\/2025\/06\/WhatsApp-Image-2025-06-12-at-13.06.09_2025-06-12_16-06-44.webp.webp?fit=1200%2C1036&ssl=1&resize=350%2C200 1x, https:\/\/i0.wp.com\/noticiasribeiraopreto.com.br\/wp-content\/uploads\/2025\/06\/WhatsApp-Image-2025-06-12-at-13.06.09_2025-06-12_16-06-44.webp.webp?fit=1200%2C1036&ssl=1&resize=525%2C300 1.5x, https:\/\/i0.wp.com\/noticiasribeiraopreto.com.br\/wp-content\/uploads\/2025\/06\/WhatsApp-Image-2025-06-12-at-13.06.09_2025-06-12_16-06-44.webp.webp?fit=1200%2C1036&ssl=1&resize=700%2C400 2x, https:\/\/i0.wp.com\/noticiasribeiraopreto.com.br\/wp-content\/uploads\/2025\/06\/WhatsApp-Image-2025-06-12-at-13.06.09_2025-06-12_16-06-44.webp.webp?fit=1200%2C1036&ssl=1&resize=1050%2C600 3x"},"classes":[]},{"id":72026,"url":"https:\/\/noticiasribeiraopreto.com.br\/index.php\/2025\/06\/12\/alegria-diz-jogador-pedro-severino-em-video-ao-deixar-hospital-apos-96-dias\/","url_meta":{"origin":72004,"position":1},"title":"\u2018Alegria\u2019, diz jogador Pedro Severino em v\u00eddeo ao deixar hospital ap\u00f3s 96 dias","author":"noticiasribeiraopreto.com.br","date":"12 de June de 2025","format":false,"excerpt":"Em um v\u00eddeo divulgado nesta quinta-feira (12), logo ap\u00f3s a coletiva de imprensa com a equipe m\u00e9dica que est\u00e1 \u00e0 frente do tratamento do jogador Pedro Severino, o atleta aparece ao lado dos pais, momentos antes de deixar o hospital onde ficou por 96 dias, e diz a palavra \u201calegria\u201d\u2026","rel":"","context":"In &quot;Not\u00edcias de Ribeir\u00e3o Preto-SP e Regi\u00e3o&quot;","block_context":{"text":"Not\u00edcias de Ribeir\u00e3o Preto-SP e Regi\u00e3o","link":"https:\/\/noticiasribeiraopreto.com.br\/index.php\/category\/noticias-de-ribeirao-preto-sp-e-regiao-ismael-colosi\/"},"img":{"alt_text":"","src":"https:\/\/i0.wp.com\/noticiasribeiraopreto.com.br\/wp-content\/uploads\/2025\/06\/PEDRO-SEVERINO_2025-06-12_15-06-42.webp.webp?fit=1200%2C761&ssl=1&resize=350%2C200","width":350,"height":200,"srcset":"https:\/\/i0.wp.com\/noticiasribeiraopreto.com.br\/wp-content\/uploads\/2025\/06\/PEDRO-SEVERINO_2025-06-12_15-06-42.webp.webp?fit=1200%2C761&ssl=1&resize=350%2C200 1x, https:\/\/i0.wp.com\/noticiasribeiraopreto.com.br\/wp-content\/uploads\/2025\/06\/PEDRO-SEVERINO_2025-06-12_15-06-42.webp.webp?fit=1200%2C761&ssl=1&resize=525%2C300 1.5x, https:\/\/i0.wp.com\/noticiasribeiraopreto.com.br\/wp-content\/uploads\/2025\/06\/PEDRO-SEVERINO_2025-06-12_15-06-42.webp.webp?fit=1200%2C761&ssl=1&resize=700%2C400 2x, https:\/\/i0.wp.com\/noticiasribeiraopreto.com.br\/wp-content\/uploads\/2025\/06\/PEDRO-SEVERINO_2025-06-12_15-06-42.webp.webp?fit=1200%2C761&ssl=1&resize=1050%2C600 3x"},"classes":[]},{"id":71861,"url":"https:\/\/noticiasribeiraopreto.com.br\/index.php\/2025\/06\/10\/familia-de-pedro-severino-comemora-alta-medica-do-jogador-nas-redes-sociais\/","url_meta":{"origin":72004,"position":2},"title":"Fam\u00edlia de Pedro Severino comemora alta m\u00e9dica do jogador nas redes sociais","author":"noticiasribeiraopreto.com.br","date":"10 de June de 2025","format":false,"excerpt":"Pedro Severino reapareceu nas redes sociais nesta ter\u00e7a-feira (10), ap\u00f3s receber alta m\u00e9dica. Em foto publicada nesta tarde, o jovem aparece sorridente ao lado de seu pai, o ex-jogador Lucas Severino, da m\u00e3e L\u00facia e dos irm\u00e3os. O rapaz foi v\u00edtima de um grave acidente de tr\u00e2nsito em mar\u00e7o, enquanto\u2026","rel":"","context":"In &quot;Not\u00edcias de Ribeir\u00e3o Preto-SP e Regi\u00e3o&quot;","block_context":{"text":"Not\u00edcias de Ribeir\u00e3o Preto-SP e Regi\u00e3o","link":"https:\/\/noticiasribeiraopreto.com.br\/index.php\/category\/noticias-de-ribeirao-preto-sp-e-regiao-ismael-colosi\/"},"img":{"alt_text":"","src":"https:\/\/i0.wp.com\/noticiasribeiraopreto.com.br\/wp-content\/uploads\/2025\/06\/505170502_18125531116449385_4808038881153612835_n_2025-06-10_21-17-28.webp.webp?fit=1200%2C900&ssl=1&resize=350%2C200","width":350,"height":200,"srcset":"https:\/\/i0.wp.com\/noticiasribeiraopreto.com.br\/wp-content\/uploads\/2025\/06\/505170502_18125531116449385_4808038881153612835_n_2025-06-10_21-17-28.webp.webp?fit=1200%2C900&ssl=1&resize=350%2C200 1x, https:\/\/i0.wp.com\/noticiasribeiraopreto.com.br\/wp-content\/uploads\/2025\/06\/505170502_18125531116449385_4808038881153612835_n_2025-06-10_21-17-28.webp.webp?fit=1200%2C900&ssl=1&resize=525%2C300 1.5x, https:\/\/i0.wp.com\/noticiasribeiraopreto.com.br\/wp-content\/uploads\/2025\/06\/505170502_18125531116449385_4808038881153612835_n_2025-06-10_21-17-28.webp.webp?fit=1200%2C900&ssl=1&resize=700%2C400 2x, https:\/\/i0.wp.com\/noticiasribeiraopreto.com.br\/wp-content\/uploads\/2025\/06\/505170502_18125531116449385_4808038881153612835_n_2025-06-10_21-17-28.webp.webp?fit=1200%2C900&ssl=1&resize=1050%2C600 3x"},"classes":[]},{"id":72022,"url":"https:\/\/noticiasribeiraopreto.com.br\/index.php\/2025\/06\/12\/eu-nao-subestimo-a-evolucao-dele-diz-medico-sobre-pedro-severino\/","url_meta":{"origin":72004,"position":3},"title":"&#8216;Eu n\u00e3o subestimo a evolu\u00e7\u00e3o dele&#8217;, diz m\u00e9dico sobre Pedro Severino","author":"noticiasribeiraopreto.com.br","date":"12 de June de 2025","format":false,"excerpt":"Ap\u00f3s quase 100 dias internado, o jogador Pedro Severino, de 19 anos, surpreende a todos com uma recupera\u00e7\u00e3o que vem sendo descrita como \u201csignificativa\u201d e \u201cmuito positiva\u201c, conforme a equipe m\u00e9dica. \u201cEstamos vindo aqui para contar uma hist\u00f3ria feliz, de resili\u00eancia, de supera\u00e7\u00e3o, que finaliza a primeira etapa, a finaliza\u00e7\u00e3o\u2026","rel":"","context":"In &quot;Not\u00edcias de Ribeir\u00e3o Preto-SP e Regi\u00e3o&quot;","block_context":{"text":"Not\u00edcias de Ribeir\u00e3o Preto-SP e Regi\u00e3o","link":"https:\/\/noticiasribeiraopreto.com.br\/index.php\/category\/noticias-de-ribeirao-preto-sp-e-regiao-ismael-colosi\/"},"img":{"alt_text":"","src":"https:\/\/i0.wp.com\/noticiasribeiraopreto.com.br\/wp-content\/uploads\/2025\/03\/Molde-Midiass-8_2025-03-04_17-03-50_jpg_2025-03-04_17-03-50.webp.webp?fit=960%2C539&ssl=1&resize=350%2C200","width":350,"height":200,"srcset":"https:\/\/i0.wp.com\/noticiasribeiraopreto.com.br\/wp-content\/uploads\/2025\/03\/Molde-Midiass-8_2025-03-04_17-03-50_jpg_2025-03-04_17-03-50.webp.webp?fit=960%2C539&ssl=1&resize=350%2C200 1x, https:\/\/i0.wp.com\/noticiasribeiraopreto.com.br\/wp-content\/uploads\/2025\/03\/Molde-Midiass-8_2025-03-04_17-03-50_jpg_2025-03-04_17-03-50.webp.webp?fit=960%2C539&ssl=1&resize=525%2C300 1.5x, https:\/\/i0.wp.com\/noticiasribeiraopreto.com.br\/wp-content\/uploads\/2025\/03\/Molde-Midiass-8_2025-03-04_17-03-50_jpg_2025-03-04_17-03-50.webp.webp?fit=960%2C539&ssl=1&resize=700%2C400 2x"},"classes":[]},{"id":71801,"url":"https:\/\/noticiasribeiraopreto.com.br\/index.php\/2025\/06\/10\/pedro-severino-recebe-alta-tres-meses-apos-acidente\/","url_meta":{"origin":72004,"position":4},"title":"Pedro Severino recebe alta tr\u00eas meses ap\u00f3s acidente","author":"noticiasribeiraopreto.com.br","date":"10 de June de 2025","format":false,"excerpt":"Promessa do futebol ribeir\u00e3o-pretano, atacante superou protocolo de morte cerebral 10 de junho de 2025 12:191 Compartilhar0 Por Hugo Luque O atacante Pedro Severino recebeu alta hospitalar na manh\u00e3 desta ter\u00e7a-feira (10), tr\u00eas meses ap\u00f3s o grave acidente que envolveu o carro no qual estava o jogador e uma carreta\u2026","rel":"","context":"In &quot;Not\u00edcias de Ribeir\u00e3o Preto-SP e Regi\u00e3o&quot;","block_context":{"text":"Not\u00edcias de Ribeir\u00e3o Preto-SP e Regi\u00e3o","link":"https:\/\/noticiasribeiraopreto.com.br\/index.php\/category\/noticias-de-ribeirao-preto-sp-e-regiao-ismael-colosi\/"},"img":{"alt_text":"","src":"https:\/\/i0.wp.com\/noticiasribeiraopreto.com.br\/wp-content\/uploads\/2025\/06\/pedro_severino.jpg?fit=750%2C500&ssl=1&resize=350%2C200","width":350,"height":200,"srcset":"https:\/\/i0.wp.com\/noticiasribeiraopreto.com.br\/wp-content\/uploads\/2025\/06\/pedro_severino.jpg?fit=750%2C500&ssl=1&resize=350%2C200 1x, https:\/\/i0.wp.com\/noticiasribeiraopreto.com.br\/wp-content\/uploads\/2025\/06\/pedro_severino.jpg?fit=750%2C500&ssl=1&resize=525%2C300 1.5x, https:\/\/i0.wp.com\/noticiasribeiraopreto.com.br\/wp-content\/uploads\/2025\/06\/pedro_severino.jpg?fit=750%2C500&ssl=1&resize=700%2C400 2x"},"classes":[]},{"id":71834,"url":"https:\/\/noticiasribeiraopreto.com.br\/index.php\/2025\/06\/10\/pedro-severino-recebe-alta-apos-96-dias-internado-em-ribeirao\/","url_meta":{"origin":72004,"position":5},"title":"Pedro Severino recebe alta ap\u00f3s 96 dias internado em Ribeir\u00e3o","author":"noticiasribeiraopreto.com.br","date":"10 de June de 2025","format":false,"excerpt":"O jogador Pedro Severino recebeu alta hospitalar na manh\u00e3 desta ter\u00e7a-feira (10). De acordo com o Hospital Unimed Ribeir\u00e3o Preto, o jovem ficou internado no local por 96 dias. Durante todo o per\u00edodo, Pedro foi assistido por uma equipe composta por intensivistas liderados pelo m\u00e9dico Dr. Gil Teixeira, al\u00e9m de\u2026","rel":"","context":"In &quot;Not\u00edcias de Ribeir\u00e3o Preto-SP e Regi\u00e3o&quot;","block_context":{"text":"Not\u00edcias de Ribeir\u00e3o Preto-SP e Regi\u00e3o","link":"https:\/\/noticiasribeiraopreto.com.br\/index.php\/category\/noticias-de-ribeirao-preto-sp-e-regiao-ismael-colosi\/"},"img":{"alt_text":"","src":"https:\/\/i0.wp.com\/noticiasribeiraopreto.com.br\/wp-content\/uploads\/2025\/03\/IMG-20250305-WA0006_2025-03-05_13-27-33_jpg_2025-03-05_13-27-33.webp.webp?fit=1200%2C799&ssl=1&resize=350%2C200","width":350,"height":200,"srcset":"https:\/\/i0.wp.com\/noticiasribeiraopreto.com.br\/wp-content\/uploads\/2025\/03\/IMG-20250305-WA0006_2025-03-05_13-27-33_jpg_2025-03-05_13-27-33.webp.webp?fit=1200%2C799&ssl=1&resize=350%2C200 1x, https:\/\/i0.wp.com\/noticiasribeiraopreto.com.br\/wp-content\/uploads\/2025\/03\/IMG-20250305-WA0006_2025-03-05_13-27-33_jpg_2025-03-05_13-27-33.webp.webp?fit=1200%2C799&ssl=1&resize=525%2C300 1.5x, https:\/\/i0.wp.com\/noticiasribeiraopreto.com.br\/wp-content\/uploads\/2025\/03\/IMG-20250305-WA0006_2025-03-05_13-27-33_jpg_2025-03-05_13-27-33.webp.webp?fit=1200%2C799&ssl=1&resize=700%2C400 2x, https:\/\/i0.wp.com\/noticiasribeiraopreto.com.br\/wp-content\/uploads\/2025\/03\/IMG-20250305-WA0006_2025-03-05_13-27-33_jpg_2025-03-05_13-27-33.webp.webp?fit=1200%2C799&ssl=1&resize=1050%2C600 3x"},"classes":[]}],"jetpack_sharing_enabled":true,"jetpack_shortlink":"https:\/\/wp.me\/peQAOb-iJm","_links":{"self":[{"href":"https:\/\/noticiasribeiraopreto.com.br\/index.php\/wp-json\/wp\/v2\/posts\/72004","targetHints":{"allow":["GET"]}}],"collection":[{"href":"https:\/\/noticiasribeiraopreto.com.br\/index.php\/wp-json\/wp\/v2\/posts"}],"about":[{"href":"https:\/\/noticiasribeiraopreto.com.br\/index.php\/wp-json\/wp\/v2\/types\/post"}],"author":[{"embeddable":true,"href":"https:\/\/noticiasribeiraopreto.com.br\/index.php\/wp-json\/wp\/v2\/users\/1"}],"replies":[{"embeddable":true,"href":"https:\/\/noticiasribeiraopreto.com.br\/index.php\/wp-json\/wp\/v2\/comments?post=72004"}],"version-history":[{"count":0,"href":"https:\/\/noticiasribeiraopreto.com.br\/index.php\/wp-json\/wp\/v2\/posts\/72004\/revisions"}],"wp:featuredmedia":[{"embeddable":true,"href":"https:\/\/noticiasribeiraopreto.com.br\/index.php\/wp-json\/wp\/v2\/media\/72005"}],"wp:attachment":[{"href":"https:\/\/noticiasribeiraopreto.com.br\/index.php\/wp-json\/wp\/v2\/media?parent=72004"}],"wp:term":[{"taxonomy":"category","embeddable":true,"href":"https:\/\/noticiasribeiraopreto.com.br\/index.php\/wp-json\/wp\/v2\/categories?post=72004"},{"taxonomy":"post_tag","embeddable":true,"href":"https:\/\/noticiasribeiraopreto.com.br\/index.php\/wp-json\/wp\/v2\/tags?post=72004"}],"curies":[{"name":"wp","href":"https:\/\/api.w.org\/{rel}","templated":true}]}}