{"id":72006,"date":"2025-06-12T12:14:39","date_gmt":"2025-06-12T15:14:39","guid":{"rendered":"https:\/\/noticiasribeiraopreto.com.br\/index.php\/2025\/06\/12\/assaltantes-roubam-carga-de-veiculo-de-entrega-na-zona-leste-de-ribeirao-preto\/"},"modified":"2025-06-12T12:14:39","modified_gmt":"2025-06-12T15:14:39","slug":"assaltantes-roubam-carga-de-veiculo-de-entrega-na-zona-leste-de-ribeirao-preto","status":"publish","type":"post","link":"https:\/\/noticiasribeiraopreto.com.br\/index.php\/2025\/06\/12\/assaltantes-roubam-carga-de-veiculo-de-entrega-na-zona-leste-de-ribeirao-preto\/","title":{"rendered":"Assaltantes roubam carga de ve\u00edculo de entrega na zona Leste de Ribeir\u00e3o Preto"},"content":{"rendered":"<p> <br \/>\n<\/p>\n<div data-td-block-uid=\"tdi_95\">\n<div class=\"tdb-block-inner td-fix-index\">\n<p><strong>Tr\u00eas criminosos roubaram parte da carga de uma van de entrega de mercadorias adquiridas em uma plataforma digital, no in\u00edcio da tarde desta quarta-feira (11), na zona Leste de Ribeir\u00e3o Preto.<\/strong><\/p>\n<p>Segundo o <strong>boletim de ocorr\u00eancia (BO)<\/strong>, <mark style=\"background-color:#fcb900\" class=\"has-inline-color has-black-color\">o entregador disse que foi rendido ao parar para almo\u00e7ar na rua Pedro Barbieri, no Parque S\u00e3o Sebasti\u00e3o.<\/mark><\/p>\n<p>Ele relatou \u00e0 pol\u00edcia que um dos criminosos se aproximou e pediu um isqueiro emprestado. Em seguida, o assalto foi anunciado e um carro Hyundai HB20 com mais dois criminosos parou ao lado da van.<\/p>\n<p>O trio retirou 255 pacotes de mercadorias da van, colocou no carro e fugiu em seguida.<\/p>\n<p>O entregador relatou que transportava 267 pacotes no total. Onze ficaram danificados e a apenas um est\u00e1 \u00edntegro.<\/p>\n<p>A carteira e um celular da v\u00edtima tamb\u00e9m foram roubados na a\u00e7\u00e3o.<\/p>\n<p>O caso foi registrado na CPJ (Central de Pol\u00edcia Judici\u00e1ria) Permanente como roubo a transeunte. Nenhum suspeito foi preso.<\/p>\n<p>SAIBA MAIS<\/p>\n<p>Adolescente \u00e9 atropelado por \u00f4nibus em avenida de Ribeir\u00e3o Preto<\/p>\n<h2 class=\"wp-block-heading\"><strong>FIQUE ON<\/strong><\/h2>\n<p>Quer ficar por dentro de tudo que acontece em Ribeir\u00e3o Preto e regi\u00e3o? Ent\u00e3o siga os perfis do\u202facidade on\u202fno\u202f<a href=\"https:\/\/www.instagram.com\/acidadeonribeirao\" target=\"_blank\" rel=\"noreferrer noopener\">Instagram<\/a>\u202fe no\u202f<a href=\"https:\/\/www.facebook.com\/acidadeonribeirao\/\" target=\"_blank\" rel=\"noreferrer noopener\">Facebook<\/a>.<\/p>\n<p>Al\u00e9m disso, voc\u00ea pode receber as principais not\u00edcias diretamente no WhatsApp. Para isso, basta\u00a0<a href=\"https:\/\/chat.whatsapp.com\/BjKQZ9oJwlz8VVT50NuePq\" target=\"_blank\" rel=\"noreferrer noopener\">entrar no grupo clicando aqui<\/a>.<\/p>\n<p>Por fim, se quiser fazer uma den\u00fancia ou sugerir uma reportagem sobre Ribeir\u00e3o Preto e regi\u00e3o, envie uma mensagem pelo WhatsApp: (16) 99117-7802.<\/p>\n<p>VEJA TAMB\u00c9M<\/p>\n<p>Qual \u00e9 a diferen\u00e7a entre a Irlanda e a Irlanda do Norte?<\/p>\n<p><!-- CONTENT END 1 -->\n<\/div>\n<\/div>\n<p><script async src=\"\/\/www.instagram.com\/embed.js\"><\/script><br \/>\n<br \/><br \/>\n<br \/><a href=\"https:\/\/www.acidadeon.com\/ribeiraopreto\/cotidiano\/assaltantes-roubam-carga-de-veiculo-de-entrega-na-zona-leste-de-ribeirao-preto\/\">Source link <\/a><\/p>\n","protected":false},"excerpt":{"rendered":"<p>Tr\u00eas criminosos roubaram parte da carga de uma van de entrega de mercadorias adquiridas em uma plataforma digital, no in\u00edcio da tarde desta quarta-feira (11),&#8230;<\/p>\n","protected":false},"author":1,"featured_media":72007,"comment_status":"open","ping_status":"open","sticky":false,"template":"","format":"standard","meta":{"advanced_seo_description":"","jetpack_seo_html_title":"","jetpack_seo_noindex":false,"jetpack_post_was_ever_published":false,"_jetpack_newsletter_access":"","_jetpack_dont_email_post_to_subs":false,"_jetpack_newsletter_tier_id":0,"_jetpack_memberships_contains_paywalled_content":false,"_jetpack_memberships_contains_paid_content":false,"footnotes":"","jetpack_publicize_message":"","jetpack_publicize_feature_enabled":true,"jetpack_social_post_already_shared":true,"jetpack_social_options":{"image_generator_settings":{"template":"highway","default_image_id":0,"font":"","enabled":false},"version":2}},"categories":[11],"tags":[],"class_list":["post-72006","post","type-post","status-publish","format-standard","has-post-thumbnail","hentry","category-noticias-de-ribeirao-preto-sp-e-regiao-ismael-colosi"],"jetpack_publicize_connections":[],"jetpack_featured_media_url":"https:\/\/i0.wp.com\/noticiasribeiraopreto.com.br\/wp-content\/uploads\/2025\/06\/giroflex_policia_1024x576_23032020103807.jpg?fit=1024%2C576&ssl=1","jetpack-related-posts":[{"id":57716,"url":"https:\/\/noticiasribeiraopreto.com.br\/index.php\/2024\/09\/08\/criminosos-armados-rendem-funcionarios-e-roubam-carga-de-transportadora-em-ribeirao\/","url_meta":{"origin":72006,"position":0},"title":"Criminosos armados rendem funcion\u00e1rios e roubam carga de transportadora em Ribeir\u00e3o","author":"noticiasribeiraopreto.com.br","date":"8 de September de 2024","format":false,"excerpt":"Criminosos invadiram, renderam tr\u00eas funcion\u00e1rios e roubaram a carga de uma transportadora na zona Leste de Ribeir\u00e3o Preto, na \u00faltima sexta-feira (8). Ao menos cinco pessoas participaram da a\u00e7\u00e3o. Conforme o boletim de ocorr\u00eancia (BO), um dos criminosos teria entrado no local e perguntando sobre agrega\u00e7\u00e3o de ve\u00edculos. Na sequ\u00eancia,\u2026","rel":"","context":"In &quot;Not\u00edcias de Ribeir\u00e3o Preto-SP e Regi\u00e3o&quot;","block_context":{"text":"Not\u00edcias de Ribeir\u00e3o Preto-SP e Regi\u00e3o","link":"https:\/\/noticiasribeiraopreto.com.br\/index.php\/category\/noticias-de-ribeirao-preto-sp-e-regiao-ismael-colosi\/"},"img":{"alt_text":"","src":"https:\/\/i0.wp.com\/noticiasribeiraopreto.com.br\/wp-content\/uploads\/2024\/09\/cpj_1024x576_04082020121137.jpg?fit=1024%2C575&ssl=1&resize=350%2C200","width":350,"height":200,"srcset":"https:\/\/i0.wp.com\/noticiasribeiraopreto.com.br\/wp-content\/uploads\/2024\/09\/cpj_1024x576_04082020121137.jpg?fit=1024%2C575&ssl=1&resize=350%2C200 1x, https:\/\/i0.wp.com\/noticiasribeiraopreto.com.br\/wp-content\/uploads\/2024\/09\/cpj_1024x576_04082020121137.jpg?fit=1024%2C575&ssl=1&resize=525%2C300 1.5x, https:\/\/i0.wp.com\/noticiasribeiraopreto.com.br\/wp-content\/uploads\/2024\/09\/cpj_1024x576_04082020121137.jpg?fit=1024%2C575&ssl=1&resize=700%2C400 2x"},"classes":[]},{"id":63926,"url":"https:\/\/noticiasribeiraopreto.com.br\/index.php\/2025\/02\/25\/quadrilha-que-aplicava-o-golpe-da-falsa-entrega-e-presa-em-sao-paulo\/","url_meta":{"origin":72006,"position":1},"title":"Quadrilha que aplicava o &#8216;golpe da falsa entrega&#8217; \u00e9 presa em S\u00e3o Paulo","author":"noticiasribeiraopreto.com.br","date":"25 de February de 2025","format":false,"excerpt":"Nesta ter\u00e7a-feira (25), a Pol\u00edcia Civil desmantelou uma quadrilha que aplicava o conhecido \u201cgolpe da falsa entrega\u201d em S\u00e3o Paulo. Os criminosos se passavam por entregadores para furtar dados banc\u00e1rios das v\u00edtimas durante o pagamento de uma taxa de entrega falsa. A investiga\u00e7\u00e3o teve in\u00edcio em janeiro, com a pris\u00e3o\u2026","rel":"","context":"In &quot;Not\u00edcias de Ribeir\u00e3o Preto-SP e Regi\u00e3o&quot;","block_context":{"text":"Not\u00edcias de Ribeir\u00e3o Preto-SP e Regi\u00e3o","link":"https:\/\/noticiasribeiraopreto.com.br\/index.php\/category\/noticias-de-ribeirao-preto-sp-e-regiao-ismael-colosi\/"},"img":{"alt_text":"","src":"https:\/\/i0.wp.com\/noticiasribeiraopreto.com.br\/wp-content\/uploads\/2025\/02\/Copia-de-Copia-de-Copia-de-TAMANHO-EXATO-PARA-FOTOS-NO-SISTEMA-NOVO-2025-02-25T164457.604_2025-02-25_19-46-08_png_2025-02-25_19-46-08.webp.webp?fit=1200%2C675&ssl=1&resize=350%2C200","width":350,"height":200,"srcset":"https:\/\/i0.wp.com\/noticiasribeiraopreto.com.br\/wp-content\/uploads\/2025\/02\/Copia-de-Copia-de-Copia-de-TAMANHO-EXATO-PARA-FOTOS-NO-SISTEMA-NOVO-2025-02-25T164457.604_2025-02-25_19-46-08_png_2025-02-25_19-46-08.webp.webp?fit=1200%2C675&ssl=1&resize=350%2C200 1x, https:\/\/i0.wp.com\/noticiasribeiraopreto.com.br\/wp-content\/uploads\/2025\/02\/Copia-de-Copia-de-Copia-de-TAMANHO-EXATO-PARA-FOTOS-NO-SISTEMA-NOVO-2025-02-25T164457.604_2025-02-25_19-46-08_png_2025-02-25_19-46-08.webp.webp?fit=1200%2C675&ssl=1&resize=525%2C300 1.5x, https:\/\/i0.wp.com\/noticiasribeiraopreto.com.br\/wp-content\/uploads\/2025\/02\/Copia-de-Copia-de-Copia-de-TAMANHO-EXATO-PARA-FOTOS-NO-SISTEMA-NOVO-2025-02-25T164457.604_2025-02-25_19-46-08_png_2025-02-25_19-46-08.webp.webp?fit=1200%2C675&ssl=1&resize=700%2C400 2x, https:\/\/i0.wp.com\/noticiasribeiraopreto.com.br\/wp-content\/uploads\/2025\/02\/Copia-de-Copia-de-Copia-de-TAMANHO-EXATO-PARA-FOTOS-NO-SISTEMA-NOVO-2025-02-25T164457.604_2025-02-25_19-46-08_png_2025-02-25_19-46-08.webp.webp?fit=1200%2C675&ssl=1&resize=1050%2C600 3x"},"classes":[]},{"id":48861,"url":"https:\/\/noticiasribeiraopreto.com.br\/index.php\/2024\/05\/07\/enfermeiro-e-agredido-durante-roubo-de-carro-na-zona-sul-de-ribeirao\/","url_meta":{"origin":72006,"position":2},"title":"Enfermeiro \u00e9 agredido durante roubo de carro na zona Sul de Ribeir\u00e3o","author":"noticiasribeiraopreto.com.br","date":"7 de May de 2024","format":false,"excerpt":"Um enfermeiro de 45 anos foi agredido durante um roubo de carro no Jardim Sumar\u00e9, zona Sul de Ribeir\u00e3o Preto. Segundo o boletim de ocorr\u00eancia (BO), a v\u00edtima entrava em seu ve\u00edculo \u2013 um Renault Kwid branco \u2013 estacionado na rua Jo\u00e3o Godoy, por volta das 22h do \u00faltimo s\u00e1bado\u2026","rel":"","context":"In &quot;Not\u00edcias de Ribeir\u00e3o Preto-SP e Regi\u00e3o&quot;","block_context":{"text":"Not\u00edcias de Ribeir\u00e3o Preto-SP e Regi\u00e3o","link":"https:\/\/noticiasribeiraopreto.com.br\/index.php\/category\/noticias-de-ribeirao-preto-sp-e-regiao-ismael-colosi\/"},"img":{"alt_text":"","src":"https:\/\/i0.wp.com\/noticiasribeiraopreto.com.br\/wp-content\/uploads\/2024\/05\/20220620_114539075_policia_qru_1024x576_25052021184749_jpg_715985292.jpg?fit=1200%2C606&ssl=1&resize=350%2C200","width":350,"height":200,"srcset":"https:\/\/i0.wp.com\/noticiasribeiraopreto.com.br\/wp-content\/uploads\/2024\/05\/20220620_114539075_policia_qru_1024x576_25052021184749_jpg_715985292.jpg?fit=1200%2C606&ssl=1&resize=350%2C200 1x, https:\/\/i0.wp.com\/noticiasribeiraopreto.com.br\/wp-content\/uploads\/2024\/05\/20220620_114539075_policia_qru_1024x576_25052021184749_jpg_715985292.jpg?fit=1200%2C606&ssl=1&resize=525%2C300 1.5x, https:\/\/i0.wp.com\/noticiasribeiraopreto.com.br\/wp-content\/uploads\/2024\/05\/20220620_114539075_policia_qru_1024x576_25052021184749_jpg_715985292.jpg?fit=1200%2C606&ssl=1&resize=700%2C400 2x, https:\/\/i0.wp.com\/noticiasribeiraopreto.com.br\/wp-content\/uploads\/2024\/05\/20220620_114539075_policia_qru_1024x576_25052021184749_jpg_715985292.jpg?fit=1200%2C606&ssl=1&resize=1050%2C600 3x"},"classes":[]},{"id":45453,"url":"https:\/\/noticiasribeiraopreto.com.br\/index.php\/2024\/04\/04\/motorista-em-carro-de-luxo-e-abordada-por-criminoso-na-zona-sul-de-ribeirao\/","url_meta":{"origin":72006,"position":3},"title":"Motorista em carro de luxo \u00e9 abordada por criminoso na zona Sul de Ribeir\u00e3o","author":"noticiasribeiraopreto.com.br","date":"4 de April de 2024","format":false,"excerpt":"Uma nutricionista de 43 anos, que dirigia um carro de luxo, foi abordado por um criminoso no acesso da avenida Adelmo Perdizza, pr\u00f3ximo ao Anel Vi\u00e1rio Sul, na zona Sul de Ribeir\u00e3o Preto. O caso aconteceu na tarde da \u00faltima quarta-feira (3). De acordo com o B.O. (boletim de ocorr\u00eancia),\u2026","rel":"","context":"In &quot;Not\u00edcias de Ribeir\u00e3o Preto-SP e Regi\u00e3o&quot;","block_context":{"text":"Not\u00edcias de Ribeir\u00e3o Preto-SP e Regi\u00e3o","link":"https:\/\/noticiasribeiraopreto.com.br\/index.php\/category\/noticias-de-ribeirao-preto-sp-e-regiao-ismael-colosi\/"},"img":{"alt_text":"","src":"https:\/\/i0.wp.com\/noticiasribeiraopreto.com.br\/wp-content\/uploads\/2024\/04\/AnyConv.com__adelmo-perdizza-1.webp.webp?fit=1200%2C900&ssl=1&resize=350%2C200","width":350,"height":200,"srcset":"https:\/\/i0.wp.com\/noticiasribeiraopreto.com.br\/wp-content\/uploads\/2024\/04\/AnyConv.com__adelmo-perdizza-1.webp.webp?fit=1200%2C900&ssl=1&resize=350%2C200 1x, https:\/\/i0.wp.com\/noticiasribeiraopreto.com.br\/wp-content\/uploads\/2024\/04\/AnyConv.com__adelmo-perdizza-1.webp.webp?fit=1200%2C900&ssl=1&resize=525%2C300 1.5x, https:\/\/i0.wp.com\/noticiasribeiraopreto.com.br\/wp-content\/uploads\/2024\/04\/AnyConv.com__adelmo-perdizza-1.webp.webp?fit=1200%2C900&ssl=1&resize=700%2C400 2x, https:\/\/i0.wp.com\/noticiasribeiraopreto.com.br\/wp-content\/uploads\/2024\/04\/AnyConv.com__adelmo-perdizza-1.webp.webp?fit=1200%2C900&ssl=1&resize=1050%2C600 3x"},"classes":[]},{"id":63119,"url":"https:\/\/noticiasribeiraopreto.com.br\/index.php\/2025\/02\/03\/policial-penal-e-atacado-por-criminosos-em-ribeirao-preto\/","url_meta":{"origin":72006,"position":4},"title":"Policial penal \u00e9 atacado por criminosos em Ribeir\u00e3o Preto","author":"noticiasribeiraopreto.com.br","date":"3 de February de 2025","format":false,"excerpt":"Um policial penal foi alvo de criminosos na Vila Virg\u00ednia, zona Oeste de Ribeir\u00e3o Preto, na noite do \u00faltimo domingo (2). O homem de 42 anos foi alvo de v\u00e1rios disparos ap\u00f3s ser abordado por bandidos que desceram de um carro. A v\u00edtima est\u00e1 internada em estado grave em um\u2026","rel":"","context":"In &quot;Not\u00edcias de Ribeir\u00e3o Preto-SP e Regi\u00e3o&quot;","block_context":{"text":"Not\u00edcias de Ribeir\u00e3o Preto-SP e Regi\u00e3o","link":"https:\/\/noticiasribeiraopreto.com.br\/index.php\/category\/noticias-de-ribeirao-preto-sp-e-regiao-ismael-colosi\/"},"img":{"alt_text":"","src":"https:\/\/i0.wp.com\/noticiasribeiraopreto.com.br\/wp-content\/uploads\/2025\/02\/violencia-policial-penal_2025-02-03_17-06-00_jpg_2025-02-03_17-06-00.webp.webp?fit=1200%2C718&ssl=1&resize=350%2C200","width":350,"height":200,"srcset":"https:\/\/i0.wp.com\/noticiasribeiraopreto.com.br\/wp-content\/uploads\/2025\/02\/violencia-policial-penal_2025-02-03_17-06-00_jpg_2025-02-03_17-06-00.webp.webp?fit=1200%2C718&ssl=1&resize=350%2C200 1x, https:\/\/i0.wp.com\/noticiasribeiraopreto.com.br\/wp-content\/uploads\/2025\/02\/violencia-policial-penal_2025-02-03_17-06-00_jpg_2025-02-03_17-06-00.webp.webp?fit=1200%2C718&ssl=1&resize=525%2C300 1.5x, https:\/\/i0.wp.com\/noticiasribeiraopreto.com.br\/wp-content\/uploads\/2025\/02\/violencia-policial-penal_2025-02-03_17-06-00_jpg_2025-02-03_17-06-00.webp.webp?fit=1200%2C718&ssl=1&resize=700%2C400 2x, https:\/\/i0.wp.com\/noticiasribeiraopreto.com.br\/wp-content\/uploads\/2025\/02\/violencia-policial-penal_2025-02-03_17-06-00_jpg_2025-02-03_17-06-00.webp.webp?fit=1200%2C718&ssl=1&resize=1050%2C600 3x"},"classes":[]},{"id":56865,"url":"https:\/\/noticiasribeiraopreto.com.br\/index.php\/2024\/08\/16\/aposentado-sofre-extorsao-e-tem-carro-roubado-dentro-de-casa-na-zona-sul-de-ribeirao-preto\/","url_meta":{"origin":72006,"position":5},"title":"Aposentado sofre extors\u00e3o e tem carro roubado dentro de casa na zona Sul de Ribeir\u00e3o Preto","author":"noticiasribeiraopreto.com.br","date":"16 de August de 2024","format":false,"excerpt":"Um aposentado foi assaltado dentro da pr\u00f3pria resid\u00eancia no bairro City Ribeir\u00e3o, na zona Sul de Ribeir\u00e3o Preto, na \u00faltima quinta-feira (15). Segundo o BO (boletim de ocorr\u00eancia), o criminoso obrigou o aposentado a fazer um Pix de R$ 2 mil e fugiu com o carro da v\u00edtima. O documento\u2026","rel":"","context":"In &quot;Not\u00edcias de Ribeir\u00e3o Preto-SP e Regi\u00e3o&quot;","block_context":{"text":"Not\u00edcias de Ribeir\u00e3o Preto-SP e Regi\u00e3o","link":"https:\/\/noticiasribeiraopreto.com.br\/index.php\/category\/noticias-de-ribeirao-preto-sp-e-regiao-ismael-colosi\/"},"img":{"alt_text":"","src":"https:\/\/i0.wp.com\/noticiasribeiraopreto.com.br\/wp-content\/uploads\/2024\/08\/1723806848_cpj_1024x576_21012021092745.jpg?fit=1024%2C575&ssl=1&resize=350%2C200","width":350,"height":200,"srcset":"https:\/\/i0.wp.com\/noticiasribeiraopreto.com.br\/wp-content\/uploads\/2024\/08\/1723806848_cpj_1024x576_21012021092745.jpg?fit=1024%2C575&ssl=1&resize=350%2C200 1x, https:\/\/i0.wp.com\/noticiasribeiraopreto.com.br\/wp-content\/uploads\/2024\/08\/1723806848_cpj_1024x576_21012021092745.jpg?fit=1024%2C575&ssl=1&resize=525%2C300 1.5x, https:\/\/i0.wp.com\/noticiasribeiraopreto.com.br\/wp-content\/uploads\/2024\/08\/1723806848_cpj_1024x576_21012021092745.jpg?fit=1024%2C575&ssl=1&resize=700%2C400 2x"},"classes":[]}],"jetpack_sharing_enabled":true,"jetpack_shortlink":"https:\/\/wp.me\/peQAOb-iJo","_links":{"self":[{"href":"https:\/\/noticiasribeiraopreto.com.br\/index.php\/wp-json\/wp\/v2\/posts\/72006","targetHints":{"allow":["GET"]}}],"collection":[{"href":"https:\/\/noticiasribeiraopreto.com.br\/index.php\/wp-json\/wp\/v2\/posts"}],"about":[{"href":"https:\/\/noticiasribeiraopreto.com.br\/index.php\/wp-json\/wp\/v2\/types\/post"}],"author":[{"embeddable":true,"href":"https:\/\/noticiasribeiraopreto.com.br\/index.php\/wp-json\/wp\/v2\/users\/1"}],"replies":[{"embeddable":true,"href":"https:\/\/noticiasribeiraopreto.com.br\/index.php\/wp-json\/wp\/v2\/comments?post=72006"}],"version-history":[{"count":0,"href":"https:\/\/noticiasribeiraopreto.com.br\/index.php\/wp-json\/wp\/v2\/posts\/72006\/revisions"}],"wp:featuredmedia":[{"embeddable":true,"href":"https:\/\/noticiasribeiraopreto.com.br\/index.php\/wp-json\/wp\/v2\/media\/72007"}],"wp:attachment":[{"href":"https:\/\/noticiasribeiraopreto.com.br\/index.php\/wp-json\/wp\/v2\/media?parent=72006"}],"wp:term":[{"taxonomy":"category","embeddable":true,"href":"https:\/\/noticiasribeiraopreto.com.br\/index.php\/wp-json\/wp\/v2\/categories?post=72006"},{"taxonomy":"post_tag","embeddable":true,"href":"https:\/\/noticiasribeiraopreto.com.br\/index.php\/wp-json\/wp\/v2\/tags?post=72006"}],"curies":[{"name":"wp","href":"https:\/\/api.w.org\/{rel}","templated":true}]}}