{"id":72008,"date":"2025-06-12T13:00:00","date_gmt":"2025-06-12T16:00:00","guid":{"rendered":"https:\/\/noticiasribeiraopreto.com.br\/index.php\/2025\/06\/12\/jornal-da-franca-como-a-ciencia-explica-as-borboletas-no-estomago-quando-estamos-apaixonados\/"},"modified":"2025-06-12T13:00:00","modified_gmt":"2025-06-12T16:00:00","slug":"jornal-da-franca-como-a-ciencia-explica-as-borboletas-no-estomago-quando-estamos-apaixonados","status":"publish","type":"post","link":"https:\/\/noticiasribeiraopreto.com.br\/index.php\/2025\/06\/12\/jornal-da-franca-como-a-ciencia-explica-as-borboletas-no-estomago-quando-estamos-apaixonados\/","title":{"rendered":"Jornal da Franca &#8211; Como a ci\u00eancia explica as &#8216;borboletas&#8217; no est\u00f4mago quando estamos apaixonados?"},"content":{"rendered":"<p> <br \/>\n<\/p>\n<div>\n\t                            <a class=\"mb-1\" href=\"https:\/\/api.whatsapp.com\/send?text=Olha essa Not\u00edcia no Jornal da Franca.%0D%0D*Como a ci\u00eancia explica as \u2018borboletas\u2019 no est\u00f4mago quando estamos apaixonados?*%0D%0Dclique na url abaixo%0Dhttps:\/\/www.jornaldafranca.com.br\/como-a-ciencia-explica-as-borboletas-no-estomago-quando-estamos-apaixonados\/\" target=\"_blank\"><span class=\"text-12 badge badge-pill badge-success\"><i class=\"fa fa-whatsapp\"\/> compartilhar no whatsapp<\/span><\/a><\/p>\n<p>\t                            <a class=\"mb-1\" href=\"https:\/\/telegram.me\/share\/url?url=https:\/\/www.jornaldafranca.com.br\/como-a-ciencia-explica-as-borboletas-no-estomago-quando-estamos-apaixonados\/&amp;text=Olha essa Not\u00edcia no Jornal da Franca.\" target=\"_blank\"><span class=\"text-12 badge badge-pill badge-info\"><i class=\"fa fa-telegram\"\/> compartilhar no telegram<\/span><\/a><\/p>\n<p>\t                            <a class=\"mb-1\" href=\"https:\/\/www.facebook.com\/sharer\/sharer.php?u=https:\/\/www.jornaldafranca.com.br\/como-a-ciencia-explica-as-borboletas-no-estomago-quando-estamos-apaixonados\/\" target=\"_blank\"><span class=\"text-12 badge badge-pill badge-primary\"><i class=\"fa fa-facebook\"\/> compartilhar no facebook<\/span><\/a><\/p>\n<p>\t                            <a class=\"mb-1\" href=\"https:\/\/www.linkedin.com\/shareArticle?mini=true&amp;url=https:\/\/www.jornaldafranca.com.br\/como-a-ciencia-explica-as-borboletas-no-estomago-quando-estamos-apaixonados\/&amp;title=Como a ci\u00eancia explica as \u2018borboletas\u2019 no est\u00f4mago quando estamos apaixonados?&amp;source=JORNAL DA FRANCA\" target=\"_blank\"><span class=\"text-12 badge badge-pill badge-secondary\"><i class=\"fa fa-linkedin\"\/> compartilhar no linkedin<\/span><\/a><\/p>\n<div class=\"lead text-20\">\n<p>Paix\u00e3o \u00e9 montanha-russa que libera horm\u00f4nios controversos e tira as pessoas do prumo<\/p>\n<\/p><\/div>\n<p><img data-recalc-dims=\"1\" decoding=\"async\" src=\"https:\/\/i0.wp.com\/www.jornaldafranca.com.br\/wp-content\/uploads\/2025\/06\/casal-apaixonado-scaled.jpg?ssl=1\" alt=\"\"\/><\/p>\n<h6>Paix\u00e3o e as famosas \u201cborboletas no est\u00f4mago\u201d andam juntas \u2013 foto Freepik<\/h6>\n<p>\u00a0<\/p>\n<p>Voc\u00ea j\u00e1 sentiu aquele frio na barriga s\u00f3 de pensar na pessoa amada? As famosas \u201cborboletas no est\u00f4mago\u201d \u2014 express\u00e3o que virou clich\u00ea em hist\u00f3rias de amor \u2014 t\u00eam explica\u00e7\u00e3o cient\u00edfica: elas s\u00e3o, na verdade, o efeito colateral de uma tempestade de horm\u00f4nios liberada no corpo quando estamos apaixonados.<\/p>\n<p>Dopamina, noradrenalina e cortisol entram em cena, provocando um estado de alerta que mistura prazer, ansiedade e at\u00e9 sintomas f\u00edsicos como cora\u00e7\u00e3o acelerado e m\u00e3os suadas.<\/p>\n<p>O maior estudo sobre como a paix\u00e3o age no c\u00e9rebro, produzido pela antrop\u00f3loga Helen Fisher em 2005, analisou o c\u00e9rebro de indiv\u00edduos apaixonados e descobriu que ele sofre altera\u00e7\u00f5es similares \u00e0s causadas por transtornos psiqui\u00e1tricos.<\/p>\n<p>Estar apaixonado, segundo uma revis\u00e3o do estudo feita anos depois pelos pesquisadores de Harvard Richard Schwartz e Jacqueline Olds, aumenta exageradamente os n\u00edveis de cortisol no organismo, horm\u00f4nio respons\u00e1vel pelo estresse.<\/p>\n<p>N\u00e3o suficientemente, derrubam os n\u00edveis de serotonina, que \u00e9 o horm\u00f4nio do bem-estar e da calmaria.<\/p>\n<p>\u201cEstar apaixonado \u00e9 como pular de paraquedas\u201d, afirma o m\u00e9dico especialista em medicina psicossom\u00e1tica Rubens Cascapera.<\/p>\n<p>As tais borboletas no est\u00f4mago, retratadas em filmes rom\u00e2nticos, nada mais s\u00e3o que a combina\u00e7\u00e3o de horm\u00f4nios respons\u00e1veis pelo sentimento de paix\u00e3o: dopamina, noradrenalina e cortisol.<\/p>\n<p>O aumento nos n\u00edveis desses horm\u00f4nios gera uma mistura de sentimentos, que envolvem a excita\u00e7\u00e3o, o prazer, a motiva\u00e7\u00e3o e a euforia.<\/p>\n<p>S\u00f3 que tudo isso vem acompanhado de altos \u00edndices de estresse pela ang\u00fastia de n\u00e3o saber o que est\u00e1 por vir.<\/p>\n<p>\u201cTudo \u00e9 novo quando se est\u00e1 apaixonado\u201d, diz o psicanalista e escritor Christian Dunker.<\/p>\n<p>Ele ressalta que a paix\u00e3o \u00e9 uma explos\u00e3o de expectativas que inundam a mente de quem a est\u00e1 sentindo. \u201cNo estado de apaixonamento, a pessoa vive uma esp\u00e9cie de indetermina\u00e7\u00e3o sobre o outro. Ela perde o controle\u201d, diz.<\/p>\n<p><strong>Droga que vicia<\/strong><\/p>\n<p>Registros apontam que, durante a Idade M\u00e9dia, a paix\u00e3o era considerada doen\u00e7a devido a forma como tirava suas \u201cv\u00edtimas\u201d do prumo.<\/p>\n<p>Cascapera explica que a paix\u00e3o ativa uma \u00e1rea do c\u00e9rebro chamada n\u00facleo accumbente, respons\u00e1vel pela sensa\u00e7\u00e3o de prazer.<\/p>\n<p>O sentimento interfere, ainda, nas am\u00edgdalas cerebrais, onde se concentram as emo\u00e7\u00f5es. \u201cQuando se est\u00e1 apaixonado, essas \u00e1reas se desregulam\u201d, conta o m\u00e9dico.<\/p>\n<p>O apaixonado, ent\u00e3o, passa a ter sentimentos confusos, que variam da ang\u00fastia \u00e0 excita\u00e7\u00e3o, da motiva\u00e7\u00e3o ao medo, e tudo isso gera est\u00edmulos para o corpo. Por isso, as m\u00e3os suam e o cora\u00e7\u00e3o acelera.<\/p>\n<p>\u201c\u00c9 uma grande incerteza que gera medo e descompensa nossa mente\u201d, explica.<\/p>\n<p>Liberada \u00e0 exaust\u00e3o durante a paix\u00e3o, a dopamina \u00e9 o horm\u00f4nio dos v\u00edcios. No processo do apaixonamento, diz o especialista, a pessoa se vicia no sentimento.<\/p>\n<p>\u201c\u00c9 o que explica a tal cegueira da paix\u00e3o, onde a pessoa n\u00e3o consegue ver de fato quem \u00e9 o ser por quem est\u00e1 apaixonada. Ele se transforma num amontoado de expectativas\u201d, afirma o m\u00e9dico.<\/p>\n<p>\u201cQuando acaba, a gente pensa: \u2018Como fui me apaixonar por aquilo?\u2019. \u00c9 a cegueira, o corpo fica totalmente dirigido pelo emocional e a raz\u00e3o fica l\u00e1 embaixo. \u00c9 por isso que a decis\u00e3o de se casar com algu\u00e9m s\u00f3 deve ser tomada depois que a paix\u00e3o dar lugar ao amor.\u201d<\/p>\n<p><strong>A transi\u00e7\u00e3o para o amor<\/strong><\/p>\n<p>\u201cQuando a paix\u00e3o vai sendo dita, colocada em palavras, em experi\u00eancias, encontros e jornadas, se torna isso que a gente chama de amor\u201d, diz o psicanalista Christian Dunker.<\/p>\n<p>Professor de qu\u00edmica da plataforma Professor Ferretto, Michel Arthaud detalha essa metamorfose do sentimento, que costuma acontecer entre seis meses e dois anos de relacionamento. \u201c\u00c9 como se a gente sa\u00edsse da tempestade e entrasse em \u00e1guas mais calmas\u201d, diz.<\/p>\n<p>\u201cA paix\u00e3o come\u00e7a a dar lugar ao amor, onde a dopamina e o cortisol caem e quem se sobressai \u00e9 a oxitocina e a serotonina\u201d, afirma.<\/p>\n<p>A serotonina \u00e9 o horm\u00f4nio da tranquilidade e da paz. A oxitocina \u00e9 quem se responsabiliza, dentro da fisiologia, pela cria\u00e7\u00e3o de v\u00ednculos \u2013\u00e9 esse horm\u00f4nio que a m\u00e3e libera quando amamenta o beb\u00ea.<\/p>\n<p>Quando esses horm\u00f4nios come\u00e7am a prevalecer em rela\u00e7\u00e3o aos que pautam a paix\u00e3o, ela perde for\u00e7a, e o v\u00ednculo do amor surge.<\/p>\n<p>\u201cA verdadeira sa\u00fade plena est\u00e1 no amor, n\u00e3o na paix\u00e3o\u201d, diz Cascapera. \u201cEla \u00e9 apenas um caminho para chegar no processo do amor.\u201d<\/p>\n<p>Para Dunker, a transi\u00e7\u00e3o pode ser uma experi\u00eancia de decep\u00e7\u00e3o e perda. \u00c9 normal, ele diz, o fim da paix\u00e3o transformar \u201ca est\u00e1tua que voc\u00ea esculpiu com suas fantasias em uma pessoa real, com imperfei\u00e7\u00f5es e problemas\u201d.<\/p>\n<p>\u201cNo fim, \u00e9 isso que a paix\u00e3o quer: virar amor real.\u201d<\/p>\n<p><strong>E por que a gente gosta tanto de paix\u00e3o?<\/strong><\/p>\n<p>\u201cQuando o amor aparece, voc\u00ea troca o her\u00f3i das estrelas, de outro mundo, por um her\u00f3i desse mundo \u2013que pega \u00f4nibus, vai trabalhar, divide hist\u00f3rias e conquistas\u201d.<\/p>\n<p>\u201cPara muitos, essa troca \u00e9 injusta, t\u00e3o injusta que essas pessoas querem voltar ao cap\u00edtulo anterior. E seguem buscando paix\u00f5es incessantemente\u201d, diz Dunker.<\/p>\n<p>Quem n\u00e3o consegue migrar para o amor e segue preso nos ciclos de paix\u00e3o, explica o m\u00e9dico especialista em medicina psicossom\u00e1tica Rubens Cascapera, vive na depend\u00eancia qu\u00edmica da dopamina. \u201c\u00c9 como uma droga\u201d, detalha.<\/p>\n<p>Dunker explica que a paix\u00e3o faz o ser humano projetar no outro seus mais potentes ideais, construir esse objeto de paix\u00e3o por meio da pr\u00f3pria fantasia.<\/p>\n<p>E essa fantasia \u00e9 sempre dupla, ao mesmo tempo em que existe o pr\u00edncipe, ele pode ser o lobo mau.<\/p>\n<p>\u201cVoc\u00ea se lan\u00e7a aos p\u00e9s do outro e, um minuto depois, sofre porque imagina que vai perd\u00ea-lo. Mas desejamos isso porque mobiliza um conjunto t\u00e3o radical de transforma\u00e7\u00f5es em n\u00f3s mesmos que nos viciamos. Queremos viver de novo e de novo.\u201d<\/p>\n<p>Fonte: <em><strong>G1<\/strong><\/em><\/p>\n<p><!-- CONTENT END 1 --><\/p>\n<hr\/><\/div>\n<p><br \/>\n<br \/><a href=\"https:\/\/www.jornaldafranca.com.br\/como-a-ciencia-explica-as-borboletas-no-estomago-quando-estamos-apaixonados\/\">Source link <\/a><\/p>\n","protected":false},"excerpt":{"rendered":"<p>compartilhar no whatsapp compartilhar no telegram compartilhar no facebook compartilhar no linkedin Paix\u00e3o \u00e9 montanha-russa que libera horm\u00f4nios controversos e tira as pessoas do prumo&#8230;<\/p>\n","protected":false},"author":1,"featured_media":72009,"comment_status":"open","ping_status":"open","sticky":false,"template":"","format":"standard","meta":{"advanced_seo_description":"","jetpack_seo_html_title":"","jetpack_seo_noindex":false,"jetpack_post_was_ever_published":false,"_jetpack_newsletter_access":"","_jetpack_dont_email_post_to_subs":false,"_jetpack_newsletter_tier_id":0,"_jetpack_memberships_contains_paywalled_content":false,"_jetpack_memberships_contains_paid_content":false,"footnotes":"","jetpack_publicize_message":"","jetpack_publicize_feature_enabled":true,"jetpack_social_post_already_shared":true,"jetpack_social_options":{"image_generator_settings":{"template":"highway","default_image_id":0,"font":"","enabled":false},"version":2}},"categories":[3597],"tags":[],"class_list":["post-72008","post","type-post","status-publish","format-standard","has-post-thumbnail","hentry","category-noticias-franca-sp"],"jetpack_publicize_connections":[],"jetpack_featured_media_url":"https:\/\/i0.wp.com\/noticiasribeiraopreto.com.br\/wp-content\/uploads\/2025\/06\/casal-apaixonado-scaled.jpg?fit=2560%2C1707&ssl=1","jetpack-related-posts":[{"id":73017,"url":"https:\/\/noticiasribeiraopreto.com.br\/index.php\/2025\/06\/24\/jornal-da-franca-clima-sera-de-frio-porem-agradavel-e-fresco-em-franca-nesta-terca-deve-chover\/","url_meta":{"origin":72008,"position":0},"title":"Jornal da Franca &#8211; Clima ser\u00e1 de frio, por\u00e9m agrad\u00e1vel e fresco em Franca nesta ter\u00e7a: deve chover","author":"noticiasribeiraopreto.com.br","date":"24 de June de 2025","format":false,"excerpt":"compartilhar no whatsapp compartilhar no telegram compartilhar no facebook compartilhar no linkedin Cidade tem previs\u00e3o de chuva de at\u00e9 12 mil\u00edmetros A previs\u00e3o do tempo para Franca indica um dia agrad\u00e1vel, com temperatura m\u00ednima de 5\u00b0C e m\u00e1xima de 22\u00b0C. H\u00e1 grande possibilidade de chuva, com volume de at\u00e9 12\u2026","rel":"","context":"In &quot;Not\u00edcias de Franca-SP&quot;","block_context":{"text":"Not\u00edcias de Franca-SP","link":"https:\/\/noticiasribeiraopreto.com.br\/index.php\/category\/noticias-de-ribeirao-preto-sp-e-regiao-ismael-colosi\/noticias-franca-sp\/"},"img":{"alt_text":"","src":"https:\/\/i0.wp.com\/noticiasribeiraopreto.com.br\/wp-content\/uploads\/2025\/06\/1750758766_Franca.jpeg?fit=1200%2C806&ssl=1&resize=350%2C200","width":350,"height":200,"srcset":"https:\/\/i0.wp.com\/noticiasribeiraopreto.com.br\/wp-content\/uploads\/2025\/06\/1750758766_Franca.jpeg?fit=1200%2C806&ssl=1&resize=350%2C200 1x, https:\/\/i0.wp.com\/noticiasribeiraopreto.com.br\/wp-content\/uploads\/2025\/06\/1750758766_Franca.jpeg?fit=1200%2C806&ssl=1&resize=525%2C300 1.5x, https:\/\/i0.wp.com\/noticiasribeiraopreto.com.br\/wp-content\/uploads\/2025\/06\/1750758766_Franca.jpeg?fit=1200%2C806&ssl=1&resize=700%2C400 2x, https:\/\/i0.wp.com\/noticiasribeiraopreto.com.br\/wp-content\/uploads\/2025\/06\/1750758766_Franca.jpeg?fit=1200%2C806&ssl=1&resize=1050%2C600 3x"},"classes":[]},{"id":69340,"url":"https:\/\/noticiasribeiraopreto.com.br\/index.php\/2025\/05\/05\/jornal-da-franca-implantacao-de-escola-civico-militar-em-franca-e-tema-de-debates-na-camara-municipal\/","url_meta":{"origin":72008,"position":1},"title":"Jornal da Franca &#8211; Implanta\u00e7\u00e3o de escola c\u00edvico-militar em Franca \u00e9 tema de debates na C\u00e2mara Municipal","author":"noticiasribeiraopreto.com.br","date":"5 de May de 2025","format":false,"excerpt":"compartilhar no whatsapp compartilhar no telegram compartilhar no facebook compartilhar no linkedin Mun\u00edcipe agradece apoio de vereadores e parlamentares para que Franca fosse contemplada com o modelo educacional A implanta\u00e7\u00e3o do Programa das Escolas C\u00edvico-Militares em Franca, pauta defendida pela direita, foi tema abordado durante a sess\u00e3o ordin\u00e1ria da C\u00e2mara\u2026","rel":"","context":"In &quot;Not\u00edcias de Franca-SP&quot;","block_context":{"text":"Not\u00edcias de Franca-SP","link":"https:\/\/noticiasribeiraopreto.com.br\/index.php\/category\/noticias-de-ribeirao-preto-sp-e-regiao-ismael-colosi\/noticias-franca-sp\/"},"img":{"alt_text":"","src":"https:\/\/i0.wp.com\/noticiasribeiraopreto.com.br\/wp-content\/uploads\/2025\/05\/1746449336_plenariodiagonal_0.jpg?fit=930%2C558&ssl=1&resize=350%2C200","width":350,"height":200,"srcset":"https:\/\/i0.wp.com\/noticiasribeiraopreto.com.br\/wp-content\/uploads\/2025\/05\/1746449336_plenariodiagonal_0.jpg?fit=930%2C558&ssl=1&resize=350%2C200 1x, https:\/\/i0.wp.com\/noticiasribeiraopreto.com.br\/wp-content\/uploads\/2025\/05\/1746449336_plenariodiagonal_0.jpg?fit=930%2C558&ssl=1&resize=525%2C300 1.5x, https:\/\/i0.wp.com\/noticiasribeiraopreto.com.br\/wp-content\/uploads\/2025\/05\/1746449336_plenariodiagonal_0.jpg?fit=930%2C558&ssl=1&resize=700%2C400 2x"},"classes":[]},{"id":70143,"url":"https:\/\/noticiasribeiraopreto.com.br\/index.php\/2025\/05\/23\/jornal-da-franca-chegou-a-sexta-feira-dia-sera-seco-mas-sem-muito-frio-em-franca-e-regiao\/","url_meta":{"origin":72008,"position":2},"title":"Jornal da Franca &#8211; Chegou a sexta-feira! Dia ser\u00e1 seco, mas sem muito frio em Franca e regi\u00e3o","author":"noticiasribeiraopreto.com.br","date":"23 de May de 2025","format":false,"excerpt":"compartilhar no whatsapp compartilhar no telegram compartilhar no facebook compartilhar no linkedin Previs\u00e3o do tempo para Franca nesta sexta-feira indica temperaturas amenas e c\u00e9u parcialmente nublado A sexta-feira chegou e a previs\u00e3o do tempo para Franca \u00e9 de um dia agrad\u00e1vel, com temperaturas amenas e c\u00e9u parcialmente nublado. De acordo\u2026","rel":"","context":"In &quot;Not\u00edcias de Franca-SP&quot;","block_context":{"text":"Not\u00edcias de Franca-SP","link":"https:\/\/noticiasribeiraopreto.com.br\/index.php\/category\/noticias-de-ribeirao-preto-sp-e-regiao-ismael-colosi\/noticias-franca-sp\/"},"img":{"alt_text":"","src":"https:\/\/i0.wp.com\/noticiasribeiraopreto.com.br\/wp-content\/uploads\/2025\/05\/campanha-do-agasalho.jpg?fit=1086%2C652&ssl=1&resize=350%2C200","width":350,"height":200,"srcset":"https:\/\/i0.wp.com\/noticiasribeiraopreto.com.br\/wp-content\/uploads\/2025\/05\/campanha-do-agasalho.jpg?fit=1086%2C652&ssl=1&resize=350%2C200 1x, https:\/\/i0.wp.com\/noticiasribeiraopreto.com.br\/wp-content\/uploads\/2025\/05\/campanha-do-agasalho.jpg?fit=1086%2C652&ssl=1&resize=525%2C300 1.5x, https:\/\/i0.wp.com\/noticiasribeiraopreto.com.br\/wp-content\/uploads\/2025\/05\/campanha-do-agasalho.jpg?fit=1086%2C652&ssl=1&resize=700%2C400 2x, https:\/\/i0.wp.com\/noticiasribeiraopreto.com.br\/wp-content\/uploads\/2025\/05\/campanha-do-agasalho.jpg?fit=1086%2C652&ssl=1&resize=1050%2C600 3x"},"classes":[]},{"id":69220,"url":"https:\/\/noticiasribeiraopreto.com.br\/index.php\/2025\/05\/03\/jornal-da-franca-socorristas-que-salvaram-crianca-em-franca-recebem-mocao-de-aplausos-da-camara\/","url_meta":{"origin":72008,"position":3},"title":"Jornal da Franca &#8211; Socorristas que salvaram crian\u00e7a em Franca\u00a0recebem Mo\u00e7\u00e3o de Aplausos da C\u00e2mara","author":"noticiasribeiraopreto.com.br","date":"3 de May de 2025","format":false,"excerpt":"compartilhar no whatsapp compartilhar no telegram compartilhar no facebook compartilhar no linkedin Mo\u00e7\u00e3o reconhece trabalho de equipe de sa\u00fade que atuou no salvamento de beb\u00ea A C\u00e2mara aprovou a Mo\u00e7\u00e3o de Aplausos n\u00ba 41 de 2025, de autoria do vereador Walker Bombeiro da Libras, para a equipe de sa\u00fade da\u2026","rel":"","context":"In &quot;Not\u00edcias de Franca-SP&quot;","block_context":{"text":"Not\u00edcias de Franca-SP","link":"https:\/\/noticiasribeiraopreto.com.br\/index.php\/category\/noticias-de-ribeirao-preto-sp-e-regiao-ismael-colosi\/noticias-franca-sp\/"},"img":{"alt_text":"","src":"https:\/\/i0.wp.com\/noticiasribeiraopreto.com.br\/wp-content\/uploads\/2025\/05\/mocaoravi17sessao.jpg?fit=1000%2C562&ssl=1&resize=350%2C200","width":350,"height":200,"srcset":"https:\/\/i0.wp.com\/noticiasribeiraopreto.com.br\/wp-content\/uploads\/2025\/05\/mocaoravi17sessao.jpg?fit=1000%2C562&ssl=1&resize=350%2C200 1x, https:\/\/i0.wp.com\/noticiasribeiraopreto.com.br\/wp-content\/uploads\/2025\/05\/mocaoravi17sessao.jpg?fit=1000%2C562&ssl=1&resize=525%2C300 1.5x, https:\/\/i0.wp.com\/noticiasribeiraopreto.com.br\/wp-content\/uploads\/2025\/05\/mocaoravi17sessao.jpg?fit=1000%2C562&ssl=1&resize=700%2C400 2x"},"classes":[]},{"id":67863,"url":"https:\/\/noticiasribeiraopreto.com.br\/index.php\/2025\/04\/19\/jornal-da-franca-sesi-franca-quer-vencer-o-cordoba-e-deixar-a-champions-league-de-cabeca-erguida\/","url_meta":{"origin":72008,"position":4},"title":"Jornal da Franca &#8211; Sesi Franca quer vencer o C\u00f3rdoba e deixar a Champions League de cabe\u00e7a erguida","author":"noticiasribeiraopreto.com.br","date":"19 de April de 2025","format":false,"excerpt":"compartilhar no whatsapp compartilhar no telegram compartilhar no facebook compartilhar no linkedin Jogo de hoje servir\u00e1 para a equipe se reencontrar e encerrar campeonato honrosamente O Sesi Franca ainda procura se reencontrar ap\u00f3s a elimina\u00e7\u00e3o contra o Flamengo pelas semifinais da Champions League, por 91 a 65, na noite desta\u2026","rel":"","context":"In &quot;Not\u00edcias de Franca-SP&quot;","block_context":{"text":"Not\u00edcias de Franca-SP","link":"https:\/\/noticiasribeiraopreto.com.br\/index.php\/category\/noticias-de-ribeirao-preto-sp-e-regiao-ismael-colosi\/noticias-franca-sp\/"},"img":{"alt_text":"","src":"https:\/\/i0.wp.com\/noticiasribeiraopreto.com.br\/wp-content\/uploads\/2025\/04\/IMG_20250418_111654.jpg?fit=1080%2C710&ssl=1&resize=350%2C200","width":350,"height":200,"srcset":"https:\/\/i0.wp.com\/noticiasribeiraopreto.com.br\/wp-content\/uploads\/2025\/04\/IMG_20250418_111654.jpg?fit=1080%2C710&ssl=1&resize=350%2C200 1x, https:\/\/i0.wp.com\/noticiasribeiraopreto.com.br\/wp-content\/uploads\/2025\/04\/IMG_20250418_111654.jpg?fit=1080%2C710&ssl=1&resize=525%2C300 1.5x, https:\/\/i0.wp.com\/noticiasribeiraopreto.com.br\/wp-content\/uploads\/2025\/04\/IMG_20250418_111654.jpg?fit=1080%2C710&ssl=1&resize=700%2C400 2x, https:\/\/i0.wp.com\/noticiasribeiraopreto.com.br\/wp-content\/uploads\/2025\/04\/IMG_20250418_111654.jpg?fit=1080%2C710&ssl=1&resize=1050%2C600 3x"},"classes":[]},{"id":72002,"url":"https:\/\/noticiasribeiraopreto.com.br\/index.php\/2025\/06\/12\/jornal-da-franca-cinco-partidas-movimentam-a-rodada-da-copa-franca-de-basquete-neste-domingo-15\/","url_meta":{"origin":72008,"position":5},"title":"Jornal da Franca &#8211; Cinco partidas movimentam a rodada da Copa Franca de Basquete neste domingo, 15","author":"noticiasribeiraopreto.com.br","date":"12 de June de 2025","format":false,"excerpt":"compartilhar no whatsapp compartilhar no telegram compartilhar no facebook compartilhar no linkedin Secretaria de Esporte e Cultura de Franca promove competi\u00e7\u00e3o com 28 equipes participantes Jogos acontecem no Gin\u00e1sio Pedroc\u00e3o a partir das 8h30, reunindo equipes da regi\u00e3o \u00a0 A tradicional Copa Franca de Basquete ter\u00e1 mais uma rodada neste\u2026","rel":"","context":"In &quot;Not\u00edcias de Franca-SP&quot;","block_context":{"text":"Not\u00edcias de Franca-SP","link":"https:\/\/noticiasribeiraopreto.com.br\/index.php\/category\/noticias-de-ribeirao-preto-sp-e-regiao-ismael-colosi\/noticias-franca-sp\/"},"img":{"alt_text":"","src":"https:\/\/i0.wp.com\/noticiasribeiraopreto.com.br\/wp-content\/uploads\/2025\/06\/Copa-Basquete.jpeg?fit=1200%2C802&ssl=1&resize=350%2C200","width":350,"height":200,"srcset":"https:\/\/i0.wp.com\/noticiasribeiraopreto.com.br\/wp-content\/uploads\/2025\/06\/Copa-Basquete.jpeg?fit=1200%2C802&ssl=1&resize=350%2C200 1x, https:\/\/i0.wp.com\/noticiasribeiraopreto.com.br\/wp-content\/uploads\/2025\/06\/Copa-Basquete.jpeg?fit=1200%2C802&ssl=1&resize=525%2C300 1.5x, https:\/\/i0.wp.com\/noticiasribeiraopreto.com.br\/wp-content\/uploads\/2025\/06\/Copa-Basquete.jpeg?fit=1200%2C802&ssl=1&resize=700%2C400 2x, https:\/\/i0.wp.com\/noticiasribeiraopreto.com.br\/wp-content\/uploads\/2025\/06\/Copa-Basquete.jpeg?fit=1200%2C802&ssl=1&resize=1050%2C600 3x"},"classes":[]}],"jetpack_sharing_enabled":true,"jetpack_shortlink":"https:\/\/wp.me\/peQAOb-iJq","_links":{"self":[{"href":"https:\/\/noticiasribeiraopreto.com.br\/index.php\/wp-json\/wp\/v2\/posts\/72008","targetHints":{"allow":["GET"]}}],"collection":[{"href":"https:\/\/noticiasribeiraopreto.com.br\/index.php\/wp-json\/wp\/v2\/posts"}],"about":[{"href":"https:\/\/noticiasribeiraopreto.com.br\/index.php\/wp-json\/wp\/v2\/types\/post"}],"author":[{"embeddable":true,"href":"https:\/\/noticiasribeiraopreto.com.br\/index.php\/wp-json\/wp\/v2\/users\/1"}],"replies":[{"embeddable":true,"href":"https:\/\/noticiasribeiraopreto.com.br\/index.php\/wp-json\/wp\/v2\/comments?post=72008"}],"version-history":[{"count":0,"href":"https:\/\/noticiasribeiraopreto.com.br\/index.php\/wp-json\/wp\/v2\/posts\/72008\/revisions"}],"wp:featuredmedia":[{"embeddable":true,"href":"https:\/\/noticiasribeiraopreto.com.br\/index.php\/wp-json\/wp\/v2\/media\/72009"}],"wp:attachment":[{"href":"https:\/\/noticiasribeiraopreto.com.br\/index.php\/wp-json\/wp\/v2\/media?parent=72008"}],"wp:term":[{"taxonomy":"category","embeddable":true,"href":"https:\/\/noticiasribeiraopreto.com.br\/index.php\/wp-json\/wp\/v2\/categories?post=72008"},{"taxonomy":"post_tag","embeddable":true,"href":"https:\/\/noticiasribeiraopreto.com.br\/index.php\/wp-json\/wp\/v2\/tags?post=72008"}],"curies":[{"name":"wp","href":"https:\/\/api.w.org\/{rel}","templated":true}]}}