{"id":72010,"date":"2025-06-12T13:35:00","date_gmt":"2025-06-12T16:35:00","guid":{"rendered":"https:\/\/noticiasribeiraopreto.com.br\/index.php\/2025\/06\/12\/corinthians-enfrenta-gremio-em-porto-alegre\/"},"modified":"2025-06-12T13:35:00","modified_gmt":"2025-06-12T16:35:00","slug":"corinthians-enfrenta-gremio-em-porto-alegre","status":"publish","type":"post","link":"https:\/\/noticiasribeiraopreto.com.br\/index.php\/2025\/06\/12\/corinthians-enfrenta-gremio-em-porto-alegre\/","title":{"rendered":"Corinthians enfrenta Gr\u00eamio em Porto Alegre"},"content":{"rendered":"<div class='code-block code-block-1' style='margin: 8px 0 8px auto; text-align: right; display: block; clear: both;'>\n<p><a href=\"https:\/\/wa.link\/vpicfd\"><img data-recalc-dims=\"1\" class=\"wp-image-4922\" style=\"aspect-ratio: 2.0253164556962027; width: 561px; height: auto;\" src=\"https:\/\/i0.wp.com\/ismaelcolosi.com.br\/wp-content\/uploads\/2023\/11\/grupo-de-empregos-whatsapp-e-facebook-ismael-colosi-vagas.jpg?ssl=1\" alt=\"\" \/><\/a><\/p>\n<!-- \/wp:image -->\n<\/div>\n<p> <br \/>\n<\/p>\n<div id=\"\">\n<p>\n\t\t\t\t\t\t\t\t\t<span class=\"entry-meta-item penci-posted-on\"><i class=\"fa fa-clock-o\"\/><time class=\"entry-date published\" datetime=\"2025-06-12T13:30:47-03:00\">12 de junho de 2025 13:30<\/time><time class=\"updated\" datetime=\"2025-06-12T09:48:53-03:00\">12 de junho de 2025 09:48<\/time><\/span><span class=\"entry-meta-item penci-post-countview\"><span class=\"entry-meta-item penci-post-countview penci_post-meta_item\"><i class=\"fa fa-eye\"\/><span class=\"penci-post-countview-number penci-post-countview-p428504\">10<\/span><\/span><\/span>\t\t\t\t\t\t\t\t<\/p>\n<p><!-- .entry-meta --><br \/>\n\t\t\t\t\t\t\t\t<span class=\"penci-social-buttons penci-social-share-footer\"><span class=\"penci-social-share-text\">Compartilhar<\/span><a href=\"#\" class=\"penci-post-like penci_post-meta_item  single-like-button penci-social-item like\" data-post_id=\"428504\" title=\"Like\" data-like=\"Like\" data-unlike=\"Unlike\"><i class=\"fa fa-thumbs-o-up\"\/><span class=\"penci-share-number\">0<\/span><\/a><i class=\"fa fa-facebook\"\/><a class=\"penci-social-item twitter\" target=\"_blank\" rel=\"noopener\" title=\"\" href=\"https:\/\/twitter.com\/intent\/tweet?text=Corinthians%20enfrenta%20Gr\u00eamio%20em%20Porto%20Alegre%20-%20https:\/\/www.tribunaribeirao.com.br\/corinthians-enfrenta-gremio-em-porto-alegre\/\"><i class=\"fa fa-twitter\"\/><\/a><i class=\"fa fa-linkedin\"\/><i class=\"fa fa-whatsapp\"\/><i class=\"fa fa-telegram\"\/><i class=\"fa fa-envelope\"\/><\/span>\t\t\t\t\t\t\t<\/div>\n<div>\n<p><strong><em>Por Hugo Luque<\/em><\/strong><\/p>\n<p>O Corinthians volta a campo nesta quinta-feira (12), \u00e0s 20h, para enfrentar o Gr\u00eamio, na Arena do Gr\u00eamio, em Porto Alegre (RS), pela 12\u00aa rodada do Campeonato Brasileiro. Em sua \u00faltima partida antes da pausa para a Copa do Mundo de Clubes, o Tim\u00e3o quer subir na tabela e se aproximar do G-6.<\/p>\n<p>No momento, a \u00faltima equipe no grupo dos seis primeiros \u00e9 o Botafogo, com 18 pontos. Os corintianos, com 15 e no 11\u00ba lugar, sonham em disputar a pr\u00f3xima edi\u00e7\u00e3o da Copa Libertadores, j\u00e1 que, neste ano, deixaram a competi\u00e7\u00e3o na fase preliminar e, posteriormente, tamb\u00e9m foram eliminados na fase de grupos da Sul-Americana.<\/p>\n<p>S\u00e3o duas vit\u00f3rias, dois empates e uma derrota nos \u00faltimos cinco jogos para os comandados de Dorival J\u00fanior. Do outro lado, o conjunto gremista vem de triunfos consecutivos sobre Bahia, Sportivo Luque\u00f1o-PAR (Sul-Americana) e Juventude.<\/p>\n<p>Com isso, a equipe ga\u00facha deixou as imedia\u00e7\u00f5es da zona de rebaixamento e subiu para a 12\u00aa coloca\u00e7\u00e3o, com os mesmos 15 pontos do rival paulista \u2013 perde apenas no saldo de gols.<\/p>\n<p>Na hist\u00f3ria, foram 95 duelos, com 35 vit\u00f3rias do Tricolor, 29 empates e 31 triunfos do Alvinegro. Apesar da desvantagem, o Corinthians n\u00e3o \u00e9 batido pelo advers\u00e1rio ga\u00facho desde 2018. De l\u00e1 para c\u00e1, foram tr\u00eas vit\u00f3rias e nove empates no equilibrado confronto. No embate mais recente, deu Tim\u00e3o por 3 a 0 em Porto Alegre.<\/p>\n<p>O trio Memphis Depay, Jos\u00e9 Mart\u00ednez e Andr\u00e9 Carrillo recebeu folga e saiu de f\u00e9rias antecipadas. Isso porque os atletas defenderam suas sele\u00e7\u00f5es na \u00faltima Data Fifa e apresentaram desgaste f\u00edsico. Assim, um prov\u00e1vel 11 inicial tem: Hugo Souza; Matheuzinho, Andr\u00e9 Ramalho (Gustavo Henrique), Cac\u00e1 e Fabrizio Angileri; Maycon, Ryan, Charles e Rodrigo Garro; Talles Magno (Romero) e H\u00e9ctor Hern\u00e1ndez.<\/p>\n<p>\u00a0<\/p>\n<p>\u00a0<\/p>\n<p>\u00a0<\/p>\n<\/div>\n<p><script async src=\"\/\/platform.twitter.com\/widgets.js\" charset=\"utf-8\"><\/script><br \/>\n<br \/><br \/>\n<br \/><a href=\"https:\/\/www.tribunaribeirao.com.br\/corinthians-enfrenta-gremio-em-porto-alegre\/\">Source link <\/a><\/p>\n<!-- CONTENT END 1 -->\n","protected":false},"excerpt":{"rendered":"<p>12 de junho de 2025 13:3012 de junho de 2025 09:4810 Compartilhar0 Por Hugo Luque O Corinthians volta a campo nesta quinta-feira (12), \u00e0s 20h,&#8230;<\/p>\n","protected":false},"author":1,"featured_media":72011,"comment_status":"open","ping_status":"open","sticky":false,"template":"","format":"standard","meta":{"advanced_seo_description":"","jetpack_seo_html_title":"","jetpack_seo_noindex":false,"jetpack_post_was_ever_published":false,"_jetpack_newsletter_access":"","_jetpack_dont_email_post_to_subs":false,"_jetpack_newsletter_tier_id":0,"_jetpack_memberships_contains_paywalled_content":false,"_jetpack_memberships_contains_paid_content":false,"footnotes":"","jetpack_publicize_message":"","jetpack_publicize_feature_enabled":true,"jetpack_social_post_already_shared":true,"jetpack_social_options":{"image_generator_settings":{"template":"highway","default_image_id":0,"font":"","enabled":false},"version":2}},"categories":[11],"tags":[],"class_list":["post-72010","post","type-post","status-publish","format-standard","has-post-thumbnail","hentry","category-noticias-de-ribeirao-preto-sp-e-regiao-ismael-colosi"],"jetpack_publicize_connections":[],"jetpack_featured_media_url":"https:\/\/i0.wp.com\/noticiasribeiraopreto.com.br\/wp-content\/uploads\/2025\/06\/2-Corinthians-x-Gremio-Divulgacao_Brasileirao.jpeg?fit=733%2C500&ssl=1","jetpack-related-posts":[{"id":51496,"url":"https:\/\/noticiasribeiraopreto.com.br\/index.php\/2024\/05\/27\/beneficiarios-do-bolsa-familia-comemoram-governo-confirma-3-adicionais-para-o-mes-de-junho-confira\/","url_meta":{"origin":72010,"position":0},"title":"Benefici\u00e1rios do Bolsa Fam\u00edlia comemoram: Governo confirma 3 adicionais para o m\u00eas de Junho; Confira!","author":"noticiasribeiraopreto.com.br","date":"27 de May de 2024","format":false,"excerpt":"O Governo Federal confirmou que os benefici\u00e1rios do Bolsa Fam\u00edlia receber\u00e3o tr\u00eas importantes benef\u00edcios adicionais desde junho, refor\u00e7ando o compromisso de apoiar fam\u00edlias em situa\u00e7\u00e3o de vulnerabilidade social. Anunciada pelo presidente Luiz In\u00e1cio Lula da Silva (PT) em meados do ano passado, essa ajuda continuar\u00e1 sendo desembolsada em 2024 com\u2026","rel":"","context":"In &quot;Dinheiro e Investimento&quot;","block_context":{"text":"Dinheiro e Investimento","link":"https:\/\/noticiasribeiraopreto.com.br\/index.php\/category\/dinheiro-e-investimento-como-fazer-como-ganhar\/"},"img":{"alt_text":"","src":"https:\/\/i0.wp.com\/noticiasribeiraopreto.com.br\/wp-content\/uploads\/2024\/05\/Design-sem-nome-5-1.webp.webp?fit=1200%2C630&ssl=1&resize=350%2C200","width":350,"height":200,"srcset":"https:\/\/i0.wp.com\/noticiasribeiraopreto.com.br\/wp-content\/uploads\/2024\/05\/Design-sem-nome-5-1.webp.webp?fit=1200%2C630&ssl=1&resize=350%2C200 1x, https:\/\/i0.wp.com\/noticiasribeiraopreto.com.br\/wp-content\/uploads\/2024\/05\/Design-sem-nome-5-1.webp.webp?fit=1200%2C630&ssl=1&resize=525%2C300 1.5x, https:\/\/i0.wp.com\/noticiasribeiraopreto.com.br\/wp-content\/uploads\/2024\/05\/Design-sem-nome-5-1.webp.webp?fit=1200%2C630&ssl=1&resize=700%2C400 2x, https:\/\/i0.wp.com\/noticiasribeiraopreto.com.br\/wp-content\/uploads\/2024\/05\/Design-sem-nome-5-1.webp.webp?fit=1200%2C630&ssl=1&resize=1050%2C600 3x"},"classes":[]},{"id":52116,"url":"https:\/\/noticiasribeiraopreto.com.br\/index.php\/2024\/06\/04\/aniversario-de-ribeirao-preto-e-feriado-data-e-comemorada-no-dia-19-de-junho\/","url_meta":{"origin":72010,"position":1},"title":"Anivers\u00e1rio de Ribeir\u00e3o Preto \u00e9 feriado? Data \u00e9 comemorada no dia 19 de junho","author":"noticiasribeiraopreto.com.br","date":"4 de June de 2024","format":false,"excerpt":"O anivers\u00e1rio de 168 anos de Ribeir\u00e3o Preto \u00e9 comemorado no pr\u00f3ximo dia 19 de junho e j\u00e1 foi divulgada uma programa\u00e7\u00e3o especial para a celebra\u00e7\u00e3o. Mas, afinal, o dia do anivers\u00e1rio de Ribeir\u00e3o \u00e9 considerado feriado? Sim, a data \u00e9 feriado municipal, que foi institu\u00eddo por meio de legisla\u00e7\u00e3o\u2026","rel":"","context":"In &quot;Not\u00edcias de Ribeir\u00e3o Preto-SP e Regi\u00e3o&quot;","block_context":{"text":"Not\u00edcias de Ribeir\u00e3o Preto-SP e Regi\u00e3o","link":"https:\/\/noticiasribeiraopreto.com.br\/index.php\/category\/noticias-de-ribeirao-preto-sp-e-regiao-ismael-colosi\/"},"img":{"alt_text":"","src":"https:\/\/i0.wp.com\/noticiasribeiraopreto.com.br\/wp-content\/uploads\/2024\/06\/totem_eu_amo_ribeirao_-_foto_fernando_gonzaga_2_2024-06-04_11-49-25_jpeg_2024-06-04_11-49-25.webp.webp?fit=1200%2C800&ssl=1&resize=350%2C200","width":350,"height":200,"srcset":"https:\/\/i0.wp.com\/noticiasribeiraopreto.com.br\/wp-content\/uploads\/2024\/06\/totem_eu_amo_ribeirao_-_foto_fernando_gonzaga_2_2024-06-04_11-49-25_jpeg_2024-06-04_11-49-25.webp.webp?fit=1200%2C800&ssl=1&resize=350%2C200 1x, https:\/\/i0.wp.com\/noticiasribeiraopreto.com.br\/wp-content\/uploads\/2024\/06\/totem_eu_amo_ribeirao_-_foto_fernando_gonzaga_2_2024-06-04_11-49-25_jpeg_2024-06-04_11-49-25.webp.webp?fit=1200%2C800&ssl=1&resize=525%2C300 1.5x, https:\/\/i0.wp.com\/noticiasribeiraopreto.com.br\/wp-content\/uploads\/2024\/06\/totem_eu_amo_ribeirao_-_foto_fernando_gonzaga_2_2024-06-04_11-49-25_jpeg_2024-06-04_11-49-25.webp.webp?fit=1200%2C800&ssl=1&resize=700%2C400 2x, https:\/\/i0.wp.com\/noticiasribeiraopreto.com.br\/wp-content\/uploads\/2024\/06\/totem_eu_amo_ribeirao_-_foto_fernando_gonzaga_2_2024-06-04_11-49-25_jpeg_2024-06-04_11-49-25.webp.webp?fit=1200%2C800&ssl=1&resize=1050%2C600 3x"},"classes":[]},{"id":52852,"url":"https:\/\/noticiasribeiraopreto.com.br\/index.php\/2024\/06\/13\/bolsa-familia-antecipado-verifique-se-seu-beneficio-sera-pago-no-sabado-15\/","url_meta":{"origin":72010,"position":2},"title":"Bolsa Fam\u00edlia Antecipado: Verifique se seu benef\u00edcio ser\u00e1 pago no S\u00e1bado, 15","author":"noticiasribeiraopreto.com.br","date":"13 de June de 2024","format":false,"excerpt":"H\u00e1 um motivo para que mais de 21 milh\u00f5es de brasileiros comemorem a recente mudan\u00e7a no calend\u00e1rio de pagamento do Bolsa Fam\u00edlia. O Minist\u00e9rio do Desenvolvimento Social (MDS), respons\u00e1vel pela gest\u00e3o do programa, anunciou que os pagamentos de junho come\u00e7ar\u00e3o mais cedo para muitos benefici\u00e1rios. Entenda como isso afeta diretamente\u2026","rel":"","context":"In &quot;Dinheiro e Investimento&quot;","block_context":{"text":"Dinheiro e Investimento","link":"https:\/\/noticiasribeiraopreto.com.br\/index.php\/category\/dinheiro-e-investimento-como-fazer-como-ganhar\/"},"img":{"alt_text":"","src":"https:\/\/i0.wp.com\/noticiasribeiraopreto.com.br\/wp-content\/uploads\/2024\/06\/www.Financasbrasil.org-1.webp.webp?fit=1200%2C630&ssl=1&resize=350%2C200","width":350,"height":200,"srcset":"https:\/\/i0.wp.com\/noticiasribeiraopreto.com.br\/wp-content\/uploads\/2024\/06\/www.Financasbrasil.org-1.webp.webp?fit=1200%2C630&ssl=1&resize=350%2C200 1x, https:\/\/i0.wp.com\/noticiasribeiraopreto.com.br\/wp-content\/uploads\/2024\/06\/www.Financasbrasil.org-1.webp.webp?fit=1200%2C630&ssl=1&resize=525%2C300 1.5x, https:\/\/i0.wp.com\/noticiasribeiraopreto.com.br\/wp-content\/uploads\/2024\/06\/www.Financasbrasil.org-1.webp.webp?fit=1200%2C630&ssl=1&resize=700%2C400 2x, https:\/\/i0.wp.com\/noticiasribeiraopreto.com.br\/wp-content\/uploads\/2024\/06\/www.Financasbrasil.org-1.webp.webp?fit=1200%2C630&ssl=1&resize=1050%2C600 3x"},"classes":[]},{"id":52137,"url":"https:\/\/noticiasribeiraopreto.com.br\/index.php\/2024\/06\/04\/bolsa-familia-2024-aumento-confirmado-para-r-710-veja-as-novidades-e-como-receber\/","url_meta":{"origin":72010,"position":3},"title":"Bolsa Fam\u00edlia 2024: Aumento Confirmado para R$ 710; Veja as novidades e como receber","author":"noticiasribeiraopreto.com.br","date":"4 de June de 2024","format":false,"excerpt":"Em um esfor\u00e7o cont\u00ednuo para apoiar as fam\u00edlias que enfrentam dificuldades financeiras, o Governo Federal recalibrou o programa Bolsa Fam\u00edlia. A partir de junho de 2024, vamos aumentar o valor do pagamento para fornecer um apoio mais substancial. A medida promove o bem-estar econ\u00f4mico das fam\u00edlias benefici\u00e1rias, bem como o\u2026","rel":"","context":"In &quot;Dinheiro e Investimento&quot;","block_context":{"text":"Dinheiro e Investimento","link":"https:\/\/noticiasribeiraopreto.com.br\/index.php\/category\/dinheiro-e-investimento-como-fazer-como-ganhar\/"},"img":{"alt_text":"","src":"https:\/\/i0.wp.com\/noticiasribeiraopreto.com.br\/wp-content\/uploads\/2024\/06\/Design-sem-nome-5.webp.webp?fit=1200%2C630&ssl=1&resize=350%2C200","width":350,"height":200,"srcset":"https:\/\/i0.wp.com\/noticiasribeiraopreto.com.br\/wp-content\/uploads\/2024\/06\/Design-sem-nome-5.webp.webp?fit=1200%2C630&ssl=1&resize=350%2C200 1x, https:\/\/i0.wp.com\/noticiasribeiraopreto.com.br\/wp-content\/uploads\/2024\/06\/Design-sem-nome-5.webp.webp?fit=1200%2C630&ssl=1&resize=525%2C300 1.5x, https:\/\/i0.wp.com\/noticiasribeiraopreto.com.br\/wp-content\/uploads\/2024\/06\/Design-sem-nome-5.webp.webp?fit=1200%2C630&ssl=1&resize=700%2C400 2x, https:\/\/i0.wp.com\/noticiasribeiraopreto.com.br\/wp-content\/uploads\/2024\/06\/Design-sem-nome-5.webp.webp?fit=1200%2C630&ssl=1&resize=1050%2C600 3x"},"classes":[]},{"id":52229,"url":"https:\/\/noticiasribeiraopreto.com.br\/index.php\/2024\/06\/05\/bolsa-familia-de-junho-com-bonus-extra-para-maes-solteiras-veja-como-funciona\/","url_meta":{"origin":72010,"position":4},"title":"Bolsa Fam\u00edlia de Junho com b\u00f4nus extra para m\u00e3es solteiras; Veja como funciona","author":"noticiasribeiraopreto.com.br","date":"5 de June de 2024","format":false,"excerpt":"O Bolsa Fam\u00edlia de junho oferece apoio adicional \u00e0s m\u00e3es solteiras por meio do Benef\u00edcio Primeira Inf\u00e2ncia (BPI) e do Benef\u00edcio Vari\u00e1vel Fam\u00edlia (BVF). Ambos os valores adicionais podem ser ganhos no calend\u00e1rio deste m\u00eas. O BPI de 150 reais \u00e9 para fam\u00edlias com crian\u00e7as de at\u00e9 6 anos, enquanto\u2026","rel":"","context":"In &quot;Dinheiro e Investimento&quot;","block_context":{"text":"Dinheiro e Investimento","link":"https:\/\/noticiasribeiraopreto.com.br\/index.php\/category\/dinheiro-e-investimento-como-fazer-como-ganhar\/"},"img":{"alt_text":"","src":"https:\/\/i0.wp.com\/noticiasribeiraopreto.com.br\/wp-content\/uploads\/2024\/06\/Design-sem-nome-7.webp.webp?fit=1200%2C630&ssl=1&resize=350%2C200","width":350,"height":200,"srcset":"https:\/\/i0.wp.com\/noticiasribeiraopreto.com.br\/wp-content\/uploads\/2024\/06\/Design-sem-nome-7.webp.webp?fit=1200%2C630&ssl=1&resize=350%2C200 1x, https:\/\/i0.wp.com\/noticiasribeiraopreto.com.br\/wp-content\/uploads\/2024\/06\/Design-sem-nome-7.webp.webp?fit=1200%2C630&ssl=1&resize=525%2C300 1.5x, https:\/\/i0.wp.com\/noticiasribeiraopreto.com.br\/wp-content\/uploads\/2024\/06\/Design-sem-nome-7.webp.webp?fit=1200%2C630&ssl=1&resize=700%2C400 2x, https:\/\/i0.wp.com\/noticiasribeiraopreto.com.br\/wp-content\/uploads\/2024\/06\/Design-sem-nome-7.webp.webp?fit=1200%2C630&ssl=1&resize=1050%2C600 3x"},"classes":[]},{"id":70198,"url":"https:\/\/noticiasribeiraopreto.com.br\/index.php\/2025\/05\/23\/inss-devolvera-descontos-indevidos-de-abril-a-partir-de-segunda-feira\/","url_meta":{"origin":72010,"position":5},"title":"INSS devolver\u00e1 descontos indevidos de abril a partir de segunda-feira","author":"noticiasribeiraopreto.com.br","date":"23 de May de 2025","format":false,"excerpt":"23 de maio de 2025 15:551 Compartilhar0 Todos os aposentados e pensionistas do INSS que sofreram algum desconto de mensalidade associativa na folha de pagamentos referente a abril ter\u00e3o os valores devolvidos a partir desta segunda-feira, 26 de maio. Ser\u00e3o reembolsados, ao todo, R$ 292 milh\u00f5es aos benefici\u00e1rios. No fim\u2026","rel":"","context":"In &quot;Not\u00edcias de Ribeir\u00e3o Preto-SP e Regi\u00e3o&quot;","block_context":{"text":"Not\u00edcias de Ribeir\u00e3o Preto-SP e Regi\u00e3o","link":"https:\/\/noticiasribeiraopreto.com.br\/index.php\/category\/noticias-de-ribeirao-preto-sp-e-regiao-ismael-colosi\/"},"img":{"alt_text":"","src":"https:\/\/i0.wp.com\/noticiasribeiraopreto.com.br\/wp-content\/uploads\/2025\/05\/Como-consultar-beneficio-por-incapacidade-INSS.jpg?fit=1200%2C729&ssl=1&resize=350%2C200","width":350,"height":200,"srcset":"https:\/\/i0.wp.com\/noticiasribeiraopreto.com.br\/wp-content\/uploads\/2025\/05\/Como-consultar-beneficio-por-incapacidade-INSS.jpg?fit=1200%2C729&ssl=1&resize=350%2C200 1x, https:\/\/i0.wp.com\/noticiasribeiraopreto.com.br\/wp-content\/uploads\/2025\/05\/Como-consultar-beneficio-por-incapacidade-INSS.jpg?fit=1200%2C729&ssl=1&resize=525%2C300 1.5x, https:\/\/i0.wp.com\/noticiasribeiraopreto.com.br\/wp-content\/uploads\/2025\/05\/Como-consultar-beneficio-por-incapacidade-INSS.jpg?fit=1200%2C729&ssl=1&resize=700%2C400 2x, https:\/\/i0.wp.com\/noticiasribeiraopreto.com.br\/wp-content\/uploads\/2025\/05\/Como-consultar-beneficio-por-incapacidade-INSS.jpg?fit=1200%2C729&ssl=1&resize=1050%2C600 3x"},"classes":[]}],"jetpack_sharing_enabled":true,"jetpack_shortlink":"https:\/\/wp.me\/peQAOb-iJs","_links":{"self":[{"href":"https:\/\/noticiasribeiraopreto.com.br\/index.php\/wp-json\/wp\/v2\/posts\/72010","targetHints":{"allow":["GET"]}}],"collection":[{"href":"https:\/\/noticiasribeiraopreto.com.br\/index.php\/wp-json\/wp\/v2\/posts"}],"about":[{"href":"https:\/\/noticiasribeiraopreto.com.br\/index.php\/wp-json\/wp\/v2\/types\/post"}],"author":[{"embeddable":true,"href":"https:\/\/noticiasribeiraopreto.com.br\/index.php\/wp-json\/wp\/v2\/users\/1"}],"replies":[{"embeddable":true,"href":"https:\/\/noticiasribeiraopreto.com.br\/index.php\/wp-json\/wp\/v2\/comments?post=72010"}],"version-history":[{"count":0,"href":"https:\/\/noticiasribeiraopreto.com.br\/index.php\/wp-json\/wp\/v2\/posts\/72010\/revisions"}],"wp:featuredmedia":[{"embeddable":true,"href":"https:\/\/noticiasribeiraopreto.com.br\/index.php\/wp-json\/wp\/v2\/media\/72011"}],"wp:attachment":[{"href":"https:\/\/noticiasribeiraopreto.com.br\/index.php\/wp-json\/wp\/v2\/media?parent=72010"}],"wp:term":[{"taxonomy":"category","embeddable":true,"href":"https:\/\/noticiasribeiraopreto.com.br\/index.php\/wp-json\/wp\/v2\/categories?post=72010"},{"taxonomy":"post_tag","embeddable":true,"href":"https:\/\/noticiasribeiraopreto.com.br\/index.php\/wp-json\/wp\/v2\/tags?post=72010"}],"curies":[{"name":"wp","href":"https:\/\/api.w.org\/{rel}","templated":true}]}}