{"id":72014,"date":"2025-06-12T14:31:26","date_gmt":"2025-06-12T17:31:26","guid":{"rendered":"https:\/\/noticiasribeiraopreto.com.br\/index.php\/2025\/06\/12\/mp-denuncia-20-na-operacao-castelo-de-areia\/"},"modified":"2025-06-12T14:31:26","modified_gmt":"2025-06-12T17:31:26","slug":"mp-denuncia-20-na-operacao-castelo-de-areia","status":"publish","type":"post","link":"https:\/\/noticiasribeiraopreto.com.br\/index.php\/2025\/06\/12\/mp-denuncia-20-na-operacao-castelo-de-areia\/","title":{"rendered":"MP denuncia 20 na Opera\u00e7\u00e3o Castelo de Areia"},"content":{"rendered":"<div class='code-block code-block-1' style='margin: 8px 0 8px auto; text-align: right; display: block; clear: both;'>\n<p><a href=\"https:\/\/wa.link\/vpicfd\"><img data-recalc-dims=\"1\" class=\"wp-image-4922\" style=\"aspect-ratio: 2.0253164556962027; width: 561px; height: auto;\" src=\"https:\/\/i0.wp.com\/ismaelcolosi.com.br\/wp-content\/uploads\/2023\/11\/grupo-de-empregos-whatsapp-e-facebook-ismael-colosi-vagas.jpg?ssl=1\" alt=\"\" \/><\/a><\/p>\n<!-- \/wp:image -->\n<\/div>\n<p> <br \/>\n<\/p>\n<div>\n<p>O Grupo de Atua\u00e7\u00e3o Especial de Combate ao Crime Organizado (Gaeco) \u2013 bra\u00e7o do Minist\u00e9rio P\u00fablico de S\u00e3o Paulo (MPSP) \u2013 ofereceu den\u00fancia contra 20 investigados na Opera\u00e7\u00e3o Castelo de Areia II pelos crimes de organiza\u00e7\u00e3o criminosa, usura, lavagem de capitais e, em alguns casos, corrup\u00e7\u00e3o. Nesta quinta-feira, 12 de junho, o Judici\u00e1rio converteu em preventivas as pris\u00f5es tempor\u00e1rias dessas pessoas. Uma continua foragida.<\/p>\n<p>A den\u00fancia do Gaeco atinge os 17 alvos presos na opera\u00e7\u00e3o deflagrada em 3 de junho, al\u00e9m de tr\u00eas mulheres que tamb\u00e9m estavam sendo investigadas e tiveram aplicadas medidas cautelares diversas da pris\u00e3o. Quest\u00f5es processuais levaram \u00e0 apresenta\u00e7\u00e3o de duas den\u00fancias, tendo em vista que, de acordo com a an\u00e1lise f\u00e1tica, embora se trate de uma s\u00f3 organiza\u00e7\u00e3o criminosa, os acusados se dividiam em dois n\u00facleos.<\/p>\n<p>No dia 3 de junho, a a\u00e7\u00e3o denominada Opera\u00e7\u00e3o Castelo de Areia \u2013 Fase 2 cumpriu, em Franca, 14 mandados de pris\u00e3o tempor\u00e1ria (com dura\u00e7\u00e3o de cinco dias), um em Ribeir\u00e3o Preto e um em Pedro Leopoldo (MG). Um suspeito est\u00e1 foragido e continua sendo procurado.<\/p>\n<p>Dentre os presos est\u00e3o Rog\u00e9rio Alves dos Santos, Thiago Giacomini Cravo, Alex Alves dos Santos, Alex Sander Henrique da Silva, Patrick da Silva Delgado, Willian Fernando Alves do Nascimento, Wescley Mateus Carlos da Costa e Carlos Roberto de Souza.<\/p>\n<p>Tamb\u00e9m foram presos Rayander luiz Nascimento Loviat, C\u00e9lio Luis Martins, Everaldo Bastos Guimar\u00e3es, Eraldo Bastos Guimar\u00e3es, Bruno Ricardo de Matos Souto, Antonio Henrique Pimenta Mathias, Matheus Carrijo Machado e Leonardo Carrijo Machado. O Tribuna n\u00e3o conseguiu contato com a defesa.<\/p>\n<p>Tamb\u00e9m foram cumpridos 22 mandados de busca e apreens\u00e3o \u2013 dois dos quais em Ribeir\u00e3o Preto. Foram apreendidos 15 aparelhos celulares, computadores, documentos contendo anota\u00e7\u00f5es sobre a agiotagem, tr\u00eas armas de fogo, R$ 50 mil em esp\u00e9cie, R$ 100 mil em cheques e artigos de luxo, como um rel\u00f3gio Rolex.<\/p>\n<p>Ve\u00edculos dos investigados foram bloqueados administrativamente. Parte dos membros da organiza\u00e7\u00e3o criminosa j\u00e1 havia sido julgada e condenada, a partir de uma investiga\u00e7\u00e3o iniciada no final de 2022. Contudo, na sequ\u00eancia das investiga\u00e7\u00f5es, o Gaeco descobriu que outros integrantes seguiam com os neg\u00f3cios criminosos da quadrilha.<\/p>\n<p>Entre os que j\u00e1 foram condenados, foi verificada uma movimenta\u00e7\u00e3o de R$ 36 milh\u00f5es em contas banc\u00e1rias. J\u00e1 os atuais investigados movimentaram cerca de R$ 31 milh\u00f5es nos \u00faltimos quatro anos. Durante as investiga\u00e7\u00f5es, ficou evidenciada a agressividade nas cobran\u00e7as, recorrendo-se at\u00e9 mesmo a amea\u00e7a expressa de assassinatos.<\/p>\n<p>Nas conversas interceptadas por ordem judicial, os criminosos chegavam a dizer que persistiriam no esquema il\u00edcito, mesmo ap\u00f3s a pris\u00e3o dos outros integrantes. Disseram ainda que nada os intimidaria.<\/p>\n<p>Segundo o Gaeco, mesmo com as pris\u00f5es anteriores, outros integrantes mantiveram a quadrilha ativa e diziam em conversas entre eles que \u201cnada os intimidariam e, at\u00e9 mesmo, jamais seriam punidos\u201d. Isso motivou a deflagra\u00e7\u00e3o da segunda fase da opera\u00e7\u00e3o, nesta ter\u00e7a-feira.<\/p>\n<p>Agiotagem e lavagem de dinheiro \u2013 O MP apurou que a organiza\u00e7\u00e3o criminosa, com base em Franca, emprestava dinheiro a juros exorbitantes e, na cobran\u00e7a, empregava viol\u00eancia e amea\u00e7as de morte, caso as v\u00edtimas n\u00e3o pagassem.<\/p>\n<p>Parte do dinheiro voltava para o neg\u00f3cio criminoso e outra parte seguia para um esquema de lavagem de dinheiro, atrav\u00e9s de empresas de fachada, com a aquisi\u00e7\u00e3o de ve\u00edculos de luxo, im\u00f3veis, rel\u00f3gios e outros itens de grande valor. Um ex-policial civil de Franca atuava com o grupo.<\/p>\n<p>Ele teria, inclusive, iniciado sua participa\u00e7\u00e3o quando ainda estava na Pol\u00edcia Civil. A a\u00e7\u00e3o do Gaeco, com apoio do Baep, resultou no cumprimento de todos os 20 mandados de busca e apreens\u00e3o e nos 17 de pris\u00e3o tempor\u00e1ria, al\u00e9m da apreens\u00e3o de armas, dinheiro, rel\u00f3gios e outros bens. As investiga\u00e7\u00f5es prosseguem.<\/p>\n<\/div>\n<p><br \/>\n<br \/><a href=\"https:\/\/www.tribunaribeirao.com.br\/mp-denuncia-20-na-operacao-castelo-de-areia\/\">Source link <\/a><\/p>\n<!-- CONTENT END 1 -->\n","protected":false},"excerpt":{"rendered":"<p>O Grupo de Atua\u00e7\u00e3o Especial de Combate ao Crime Organizado (Gaeco) \u2013 bra\u00e7o do Minist\u00e9rio P\u00fablico de S\u00e3o Paulo (MPSP) \u2013 ofereceu den\u00fancia contra 20&#8230;<\/p>\n","protected":false},"author":1,"featured_media":0,"comment_status":"open","ping_status":"open","sticky":false,"template":"","format":"standard","meta":{"advanced_seo_description":"","jetpack_seo_html_title":"","jetpack_seo_noindex":false,"jetpack_post_was_ever_published":false,"_jetpack_newsletter_access":"","_jetpack_dont_email_post_to_subs":false,"_jetpack_newsletter_tier_id":0,"_jetpack_memberships_contains_paywalled_content":false,"_jetpack_memberships_contains_paid_content":false,"footnotes":"","jetpack_publicize_message":"","jetpack_publicize_feature_enabled":true,"jetpack_social_post_already_shared":true,"jetpack_social_options":{"image_generator_settings":{"template":"highway","default_image_id":0,"font":"","enabled":false},"version":2}},"categories":[11],"tags":[],"class_list":["post-72014","post","type-post","status-publish","format-standard","hentry","category-noticias-de-ribeirao-preto-sp-e-regiao-ismael-colosi"],"jetpack_publicize_connections":[],"jetpack_featured_media_url":"","jetpack-related-posts":[{"id":71165,"url":"https:\/\/noticiasribeiraopreto.com.br\/index.php\/2025\/06\/03\/operacao-do-gaeco-e-da-pm-mira-quadrilha-de-agiotas-um-foi-preso-em-ribeirao-preto\/","url_meta":{"origin":72014,"position":0},"title":"Opera\u00e7\u00e3o do Gaeco e da PM mira quadrilha de agiotas; um foi preso em Ribeir\u00e3o Preto","author":"noticiasribeiraopreto.com.br","date":"3 de June de 2025","format":false,"excerpt":"O Gaeco (Grupo de Atua\u00e7\u00e3o Especial de Combate ao Crime Organizado) do MP-SP (Minist\u00e9rio P\u00fablico de S\u00e3o Paulo) e a Pol\u00edcia Militar deflagram nesta ter\u00e7a-feira (3) a segunda fase da Opera\u00e7\u00e3o Castelo de Areia. S\u00e3o cumpridos 17 mandados de pris\u00e3o tempor\u00e1ria e 22 mandados de busca e apreens\u00e3o em Franca\u2026","rel":"","context":"In &quot;Not\u00edcias de Ribeir\u00e3o Preto-SP e Regi\u00e3o&quot;","block_context":{"text":"Not\u00edcias de Ribeir\u00e3o Preto-SP e Regi\u00e3o","link":"https:\/\/noticiasribeiraopreto.com.br\/index.php\/category\/noticias-de-ribeirao-preto-sp-e-regiao-ismael-colosi\/"},"img":{"alt_text":"","src":"https:\/\/i0.wp.com\/noticiasribeiraopreto.com.br\/wp-content\/uploads\/2025\/06\/castelo-de-areia_2025-06-03_12-50-48.webp.webp?fit=1200%2C674&ssl=1&resize=350%2C200","width":350,"height":200,"srcset":"https:\/\/i0.wp.com\/noticiasribeiraopreto.com.br\/wp-content\/uploads\/2025\/06\/castelo-de-areia_2025-06-03_12-50-48.webp.webp?fit=1200%2C674&ssl=1&resize=350%2C200 1x, https:\/\/i0.wp.com\/noticiasribeiraopreto.com.br\/wp-content\/uploads\/2025\/06\/castelo-de-areia_2025-06-03_12-50-48.webp.webp?fit=1200%2C674&ssl=1&resize=525%2C300 1.5x, https:\/\/i0.wp.com\/noticiasribeiraopreto.com.br\/wp-content\/uploads\/2025\/06\/castelo-de-areia_2025-06-03_12-50-48.webp.webp?fit=1200%2C674&ssl=1&resize=700%2C400 2x, https:\/\/i0.wp.com\/noticiasribeiraopreto.com.br\/wp-content\/uploads\/2025\/06\/castelo-de-areia_2025-06-03_12-50-48.webp.webp?fit=1200%2C674&ssl=1&resize=1050%2C600 3x"},"classes":[]},{"id":71185,"url":"https:\/\/noticiasribeiraopreto.com.br\/index.php\/2025\/06\/03\/gaeco-identifica-que-quadrilha-de-agiotas-em-franca-segue-agindo-mesmo-apos-condenacoes\/","url_meta":{"origin":72014,"position":1},"title":"Gaeco identifica que quadrilha de agiotas em Franca segue agindo mesmo ap\u00f3s condena\u00e7\u00f5es","author":"noticiasribeiraopreto.com.br","date":"3 de June de 2025","format":false,"excerpt":"O MPSP, por interm\u00e9dio do Grupo de Atua\u00e7\u00e3o Especial de Combate ao Crime Organizado (GAECO), e a Pol\u00edcia Militar deflagraram, nesta ter\u00e7a-feira (3\/6), a segunda fase da Opera\u00e7\u00e3o Castelo de Areia, dando cumprimento a 17 mandados de pris\u00e3o tempor\u00e1ria e 22 mandados de busca e apreens\u00e3o na cidade de Franca\u2026","rel":"","context":"In &quot;Not\u00edcias de Franca-SP&quot;","block_context":{"text":"Not\u00edcias de Franca-SP","link":"https:\/\/noticiasribeiraopreto.com.br\/index.php\/category\/noticias-de-ribeirao-preto-sp-e-regiao-ismael-colosi\/noticias-franca-sp\/"},"img":{"alt_text":"","src":"https:\/\/i0.wp.com\/noticiasribeiraopreto.com.br\/wp-content\/uploads\/2025\/06\/Screenshot_20250603_114653_Chrome.jpg?fit=515%2C334&ssl=1&resize=350%2C200","width":350,"height":200},"classes":[]},{"id":70645,"url":"https:\/\/noticiasribeiraopreto.com.br\/index.php\/2025\/05\/28\/jornal-da-franca-gaeco-denuncia-investigados-por-organizacao-criminosa-em-ribeirao-corrente\/","url_meta":{"origin":72014,"position":2},"title":"Jornal da Franca &#8211; GAECO denuncia investigados por organiza\u00e7\u00e3o criminosa em Ribeir\u00e3o Corrente","author":"noticiasribeiraopreto.com.br","date":"28 de May de 2025","format":false,"excerpt":"compartilhar no whatsapp compartilhar no telegram compartilhar no facebook compartilhar no linkedin Atuais e ex-ocupantes de cargos na administra\u00e7\u00e3o de Ribeir\u00e3o Corrente est\u00e3o entre alvos investigados pelo Minist\u00e9rio P\u00fablico O Grupo de Atua\u00e7\u00e3o Especial de Combate ao Crime Organizado (GAECO) ofereceu den\u00fancia \u00e0 3\u00aa Vara Criminal da Comarca de Franca\u2026","rel":"","context":"In &quot;Not\u00edcias de Franca-SP&quot;","block_context":{"text":"Not\u00edcias de Franca-SP","link":"https:\/\/noticiasribeiraopreto.com.br\/index.php\/category\/noticias-de-ribeirao-preto-sp-e-regiao-ismael-colosi\/noticias-franca-sp\/"},"img":{"alt_text":"","src":"https:\/\/i0.wp.com\/noticiasribeiraopreto.com.br\/wp-content\/uploads\/2025\/05\/92644085.jpg?fit=1024%2C683&ssl=1&resize=350%2C200","width":350,"height":200,"srcset":"https:\/\/i0.wp.com\/noticiasribeiraopreto.com.br\/wp-content\/uploads\/2025\/05\/92644085.jpg?fit=1024%2C683&ssl=1&resize=350%2C200 1x, https:\/\/i0.wp.com\/noticiasribeiraopreto.com.br\/wp-content\/uploads\/2025\/05\/92644085.jpg?fit=1024%2C683&ssl=1&resize=525%2C300 1.5x, https:\/\/i0.wp.com\/noticiasribeiraopreto.com.br\/wp-content\/uploads\/2025\/05\/92644085.jpg?fit=1024%2C683&ssl=1&resize=700%2C400 2x"},"classes":[]},{"id":32882,"url":"https:\/\/noticiasribeiraopreto.com.br\/index.php\/2024\/01\/26\/utm_sourcerssutm_mediumrssutm_campaigngaeco-e-baep-realizam-operacao-contra-faccao-criminosa\/","url_meta":{"origin":72014,"position":3},"title":"GAECO e BAEP realizam opera\u00e7\u00e3o contra fac\u00e7\u00e3o criminosa \u2013 X Tudo Ribeir\u00e3o","author":"noticiasribeiraopreto.com.br","date":"26 de January de 2024","format":false,"excerpt":"Uma grande opera\u00e7\u00e3o foi deflagrada, no in\u00edcio da manh\u00e3 desta sexta-feira (26), pelo Grupo de Atua\u00e7\u00e3o Especial de Combate ao Crime Organizado (GAECO), do Minist\u00e9rio P\u00fablico de S\u00e3o Paulo (MPSP). A \u201cOpera\u00e7\u00e3o Paralelo 16\u201d contou com apoio do Batalh\u00e3o de A\u00e7\u00f5es Especiais de Pol\u00edcia (BAEP). Segundo informa\u00e7\u00f5es, o objetivo \u00e9\u2026","rel":"","context":"In &quot;Not\u00edcias de Ribeir\u00e3o Preto-SP e Regi\u00e3o&quot;","block_context":{"text":"Not\u00edcias de Ribeir\u00e3o Preto-SP e Regi\u00e3o","link":"https:\/\/noticiasribeiraopreto.com.br\/index.php\/category\/noticias-de-ribeirao-preto-sp-e-regiao-ismael-colosi\/"},"img":{"alt_text":"","src":"https:\/\/i0.wp.com\/noticiasribeiraopreto.com.br\/wp-content\/uploads\/2024\/01\/BAEP.jpg?fit=585%2C701&ssl=1&resize=350%2C200","width":350,"height":200,"srcset":"https:\/\/i0.wp.com\/noticiasribeiraopreto.com.br\/wp-content\/uploads\/2024\/01\/BAEP.jpg?fit=585%2C701&ssl=1&resize=350%2C200 1x, https:\/\/i0.wp.com\/noticiasribeiraopreto.com.br\/wp-content\/uploads\/2024\/01\/BAEP.jpg?fit=585%2C701&ssl=1&resize=525%2C300 1.5x"},"classes":[]},{"id":74780,"url":"https:\/\/noticiasribeiraopreto.com.br\/index.php\/2025\/07\/29\/pf-e-gaeco-realizam-operacao-contra-crime-organizado\/","url_meta":{"origin":72014,"position":4},"title":"PF e Gaeco realizam opera\u00e7\u00e3o contra crime organizado","author":"noticiasribeiraopreto.com.br","date":"29 de July de 2025","format":false,"excerpt":"Opera\u00e7\u00e3o Navalha foi cumprida em cinco cidades, tr\u00eas das quais na regi\u00e3o 29 de julho de 2025 11:036 Compartilhar0 Por: Adalberto Luque A Pol\u00edcia Federal e o Grupo de Atua\u00e7\u00e3o Especial de Combate ao Crime Organizado (GAECO), com apoio da Pol\u00edcia Militar realizaram, na manh\u00e3 desta ter\u00e7a-feira (29) a Opera\u00e7\u00e3o\u2026","rel":"","context":"In &quot;Not\u00edcias de Ribeir\u00e3o Preto-SP e Regi\u00e3o&quot;","block_context":{"text":"Not\u00edcias de Ribeir\u00e3o Preto-SP e Regi\u00e3o","link":"https:\/\/noticiasribeiraopreto.com.br\/index.php\/category\/noticias-de-ribeirao-preto-sp-e-regiao-ismael-colosi\/"},"img":{"alt_text":"","src":"https:\/\/i0.wp.com\/noticiasribeiraopreto.com.br\/wp-content\/uploads\/2025\/07\/29-jul-2025-operacaonavalha2.jpg?fit=1013%2C768&ssl=1&resize=350%2C200","width":350,"height":200,"srcset":"https:\/\/i0.wp.com\/noticiasribeiraopreto.com.br\/wp-content\/uploads\/2025\/07\/29-jul-2025-operacaonavalha2.jpg?fit=1013%2C768&ssl=1&resize=350%2C200 1x, https:\/\/i0.wp.com\/noticiasribeiraopreto.com.br\/wp-content\/uploads\/2025\/07\/29-jul-2025-operacaonavalha2.jpg?fit=1013%2C768&ssl=1&resize=525%2C300 1.5x, https:\/\/i0.wp.com\/noticiasribeiraopreto.com.br\/wp-content\/uploads\/2025\/07\/29-jul-2025-operacaonavalha2.jpg?fit=1013%2C768&ssl=1&resize=700%2C400 2x"},"classes":[]},{"id":14762,"url":"https:\/\/noticiasribeiraopreto.com.br\/index.php\/2023\/12\/12\/pf-e-gaeco-miram-quadrilha-que-movimentou-r-700-milhoes-com-drogas-e-lavagem-de-dinheiro-alvo-em-mt\/","url_meta":{"origin":72014,"position":5},"title":"PF e Gaeco miram quadrilha que movimentou R$ 700 milh\u00f5es com drogas e lavagem de dinheiro; alvo em MT","author":"noticiasribeiraopreto.com.br","date":"12 de December de 2023","format":false,"excerpt":"O Grupo de Atua\u00e7\u00e3o Especial de Combate ao Crime Organizado (GAECO) e a Pol\u00edcia Federal deflagraram nesta ter\u00e7a-feira (12), a Opera\u00e7\u00e3o Alcateia para desarticular organiza\u00e7\u00e3o criminosa dedicada ao tr\u00e1fico de drogas e lavagem de dinheiro estabelecida na cidade de Ribeir\u00e3o Preto (SP). Por determina\u00e7\u00e3o da Justi\u00e7a, foram cumpridos 26 mandados\u2026","rel":"","context":"In &quot;Not\u00edcias de Ribeir\u00e3o Preto-SP e Regi\u00e3o&quot;","block_context":{"text":"Not\u00edcias de Ribeir\u00e3o Preto-SP e Regi\u00e3o","link":"https:\/\/noticiasribeiraopreto.com.br\/index.php\/category\/noticias-de-ribeirao-preto-sp-e-regiao-ismael-colosi\/"},"img":{"alt_text":"","src":"https:\/\/i0.wp.com\/noticiasribeiraopreto.com.br\/wp-content\/uploads\/2023\/12\/a-a-16.webp.webp?fit=984%2C740&ssl=1&resize=350%2C200","width":350,"height":200,"srcset":"https:\/\/i0.wp.com\/noticiasribeiraopreto.com.br\/wp-content\/uploads\/2023\/12\/a-a-16.webp.webp?fit=984%2C740&ssl=1&resize=350%2C200 1x, https:\/\/i0.wp.com\/noticiasribeiraopreto.com.br\/wp-content\/uploads\/2023\/12\/a-a-16.webp.webp?fit=984%2C740&ssl=1&resize=525%2C300 1.5x, https:\/\/i0.wp.com\/noticiasribeiraopreto.com.br\/wp-content\/uploads\/2023\/12\/a-a-16.webp.webp?fit=984%2C740&ssl=1&resize=700%2C400 2x"},"classes":[]}],"jetpack_sharing_enabled":true,"jetpack_shortlink":"https:\/\/wp.me\/peQAOb-iJw","_links":{"self":[{"href":"https:\/\/noticiasribeiraopreto.com.br\/index.php\/wp-json\/wp\/v2\/posts\/72014","targetHints":{"allow":["GET"]}}],"collection":[{"href":"https:\/\/noticiasribeiraopreto.com.br\/index.php\/wp-json\/wp\/v2\/posts"}],"about":[{"href":"https:\/\/noticiasribeiraopreto.com.br\/index.php\/wp-json\/wp\/v2\/types\/post"}],"author":[{"embeddable":true,"href":"https:\/\/noticiasribeiraopreto.com.br\/index.php\/wp-json\/wp\/v2\/users\/1"}],"replies":[{"embeddable":true,"href":"https:\/\/noticiasribeiraopreto.com.br\/index.php\/wp-json\/wp\/v2\/comments?post=72014"}],"version-history":[{"count":0,"href":"https:\/\/noticiasribeiraopreto.com.br\/index.php\/wp-json\/wp\/v2\/posts\/72014\/revisions"}],"wp:attachment":[{"href":"https:\/\/noticiasribeiraopreto.com.br\/index.php\/wp-json\/wp\/v2\/media?parent=72014"}],"wp:term":[{"taxonomy":"category","embeddable":true,"href":"https:\/\/noticiasribeiraopreto.com.br\/index.php\/wp-json\/wp\/v2\/categories?post=72014"},{"taxonomy":"post_tag","embeddable":true,"href":"https:\/\/noticiasribeiraopreto.com.br\/index.php\/wp-json\/wp\/v2\/tags?post=72014"}],"curies":[{"name":"wp","href":"https:\/\/api.w.org\/{rel}","templated":true}]}}