{"id":72019,"date":"2025-06-12T15:08:39","date_gmt":"2025-06-12T18:08:39","guid":{"rendered":"https:\/\/noticiasribeiraopreto.com.br\/index.php\/2025\/06\/12\/dia-dos-namorados-diario-de-uma-paixao-e-outros-romances-voltam-aos-cinemas\/"},"modified":"2025-06-12T15:08:39","modified_gmt":"2025-06-12T18:08:39","slug":"dia-dos-namorados-diario-de-uma-paixao-e-outros-romances-voltam-aos-cinemas","status":"publish","type":"post","link":"https:\/\/noticiasribeiraopreto.com.br\/index.php\/2025\/06\/12\/dia-dos-namorados-diario-de-uma-paixao-e-outros-romances-voltam-aos-cinemas\/","title":{"rendered":"Dia dos Namorados: \u2018Di\u00e1rio de Uma Paix\u00e3o\u2019 e outros romances voltam aos cinemas"},"content":{"rendered":"<p> <br \/>\n<\/p>\n<div>\n<p>Os cinemas de <strong>Ribeir\u00e3o Preto<\/strong> recebem em sua programa\u00e7\u00e3o, nesta <strong>quinta-feira (12)<\/strong>, os filmes de romance \u201c<strong>Di\u00e1rio de Uma Paix\u00e3o<\/strong>\u201d, \u201c<strong>Como eu Era Antes de Voc\u00ea<\/strong>\u201d e \u201c<strong>Nasce Uma Estrela<\/strong>\u201d.<\/p>\n<p>A exibi\u00e7\u00e3o especial integra o festival rom\u00e2ntico em comemora\u00e7\u00e3o ao <strong>Dia dos Namorados<\/strong>.<\/p>\n<h2 class=\"wp-block-heading\"><strong>Di\u00e1rio de Uma Paix\u00e3o<\/strong><\/h2>\n<p>O cl\u00e1ssico lan\u00e7ado em <strong>2004<\/strong> conta com a atua\u00e7\u00e3o de <strong>Ryan Gosling <\/strong>e <strong>Rachel McAdams<\/strong>, que interpretam o casal <strong>Noah<\/strong> e<strong> Allie <\/strong>nos anos <strong>1940<\/strong>, na <strong>Carolina do Sul<\/strong>. O romance \u00e9 uma adapta\u00e7\u00e3o do livro de <strong>Nicholas Sparks<\/strong>. Na trama, a paix\u00e3o do casal enfrenta problemas de diferen\u00e7as sociais, guerra e conflitos com a fam\u00edlia. <mark style=\"background-color:#fcb900\" class=\"has-inline-color has-black-color\">A classifica\u00e7\u00e3o indicativa \u00e9 de 14 anos.<\/mark> Veja o trailer:<\/p>\n<figure class=\"wp-block-embed is-type-video is-provider-youtube wp-block-embed-youtube wp-embed-aspect-16-9 wp-has-aspect-ratio\">\n<p>\n<iframe loading=\"lazy\" title=\"Di\u00e1rio de Uma Paix\u00e3o - Trailer\" width=\"500\" height=\"281\" src=\"https:\/\/www.youtube.com\/embed\/9FRllA0YP3Y?feature=oembed\" frameborder=\"0\" allow=\"accelerometer; autoplay; clipboard-write; encrypted-media; gyroscope; picture-in-picture; web-share\" referrerpolicy=\"strict-origin-when-cross-origin\" allowfullscreen><\/iframe>\n<\/p>\n<\/figure>\n<h2 class=\"wp-block-heading\"><strong>Como Eu Era Antes de Voc\u00ea<\/strong><\/h2>\n<p>A adapta\u00e7\u00e3o do livro best-seller de mesmo nome, escrito por <strong>Jojo Moyes<\/strong> acompanha o romance entre uma cuidadora atrapalhada, <strong>Louisa Clarck (Emilia Clark) <\/strong>e seu paciente tetrapl\u00e9gico, <strong>Will (William Traynor)<\/strong>. <mark style=\"background-color:#fcb900\" class=\"has-inline-color has-black-color\">O filme n\u00e3o \u00e9 recomendado para menores de 12 anos.<\/mark> Assista ao trailer:<\/p>\n<figure class=\"wp-block-embed is-type-video is-provider-youtube wp-block-embed-youtube wp-embed-aspect-16-9 wp-has-aspect-ratio\">\n<p>\n<iframe loading=\"lazy\" title=\"Como Eu Era Antes de Voc\u00ea - Trailer Oficial 1 (leg) [HD]\" width=\"500\" height=\"281\" src=\"https:\/\/www.youtube.com\/embed\/PnqUs3xiAVI?feature=oembed\" frameborder=\"0\" allow=\"accelerometer; autoplay; clipboard-write; encrypted-media; gyroscope; picture-in-picture; web-share\" referrerpolicy=\"strict-origin-when-cross-origin\" allowfullscreen><\/iframe>\n<\/p>\n<\/figure>\n<h2 class=\"wp-block-heading\"><strong>Nasce Uma Estrela<\/strong><\/h2>\n<p>O remake do cl\u00e1ssico de <strong>1937<\/strong> e premiado como <strong>Melhor Filme<\/strong> pelo <strong>Oscar<\/strong> de <strong>2019<\/strong> volta \u00e0s telonas. Na trama, o cantor experiente protagonizado por <strong>Bradley Cooper<\/strong> se apaixona pela aspirante a artista, interpretada por <strong>Lady Gaga<\/strong>. Apesar da carreira da cantora decolar, o relacionamento entre os dois come\u00e7a a desandar. <mark style=\"background-color:#fcb900\" class=\"has-inline-color has-black-color\">O filme n\u00e3o \u00e9 recomendado para menores de 16 anos.<\/mark> Confira o trailer:<\/p>\n<figure class=\"wp-block-embed is-type-video is-provider-youtube wp-block-embed-youtube wp-embed-aspect-16-9 wp-has-aspect-ratio\">\n<p>\n<iframe loading=\"lazy\" title=\"Nasce Uma Estrela - Trailer Oficial #1\" width=\"500\" height=\"281\" src=\"https:\/\/www.youtube.com\/embed\/WGsA2aXYBGo?feature=oembed\" frameborder=\"0\" allow=\"accelerometer; autoplay; clipboard-write; encrypted-media; gyroscope; picture-in-picture; web-share\" referrerpolicy=\"strict-origin-when-cross-origin\" allowfullscreen><\/iframe>\n<\/p>\n<\/figure>\n<h2 class=\"wp-block-heading\"><strong>Estreias<\/strong><\/h2>\n<p>Al\u00e9m do especial de <strong>Dia dos Namorados<\/strong>, os cinemas de <strong>Ribeir\u00e3o Preto<\/strong> recebem dois filmes novos em sua programa\u00e7\u00e3o.<\/p>\n<p>O <em>live-action<\/em> inspirado na anima\u00e7\u00e3o de <strong>2020<\/strong> \u201c<strong>Como Treinar o Seu Drag\u00e3o\u201d<\/strong> conta a hist\u00f3ria de um jovem viking que n\u00e3o possui a habilidade de lutar contra drag\u00f5es, como \u00e9 a tradi\u00e7\u00e3o, por\u00e9m, as coisas mudam quando ele conhece o drag\u00e3o Solu\u00e7o. Juntos, eles tentam provar que drag\u00f5es e humanos podem ser amigos.<\/p>\n<figure class=\"wp-block-embed is-type-video is-provider-youtube wp-block-embed-youtube wp-embed-aspect-16-9 wp-has-aspect-ratio\">\n<p>\n<iframe loading=\"lazy\" title=\"Como Treinar o Seu Drag\u00e3o - Trailer 3 Oficial Dublado | (Universal Pictures) - HD\" width=\"500\" height=\"281\" src=\"https:\/\/www.youtube.com\/embed\/CWTy1ukPoYY?feature=oembed\" frameborder=\"0\" allow=\"accelerometer; autoplay; clipboard-write; encrypted-media; gyroscope; picture-in-picture; web-share\" referrerpolicy=\"strict-origin-when-cross-origin\" allowfullscreen><\/iframe>\n<\/p>\n<\/figure>\n<p>Outra estreia desta <strong>quinta-feira (12)<\/strong>, \u00e9 o filme \u201c<strong>June e John<\/strong>\u201d. Na hist\u00f3ria, <strong>John <\/strong>vive uma vida tediosa e n\u00e3o se esfor\u00e7a para sair de sua zona de conforto, por\u00e9m, as coisas mudam quando ele conhece <strong>June<\/strong>, que \u00e9 o completo oposto. Os dois vivem juntos um romance improv\u00e1vel e com diversas reviravoltas e surpresas.<\/p>\n<figure class=\"wp-block-embed is-type-video is-provider-youtube wp-block-embed-youtube wp-embed-aspect-16-9 wp-has-aspect-ratio\">\n<p>\n<iframe loading=\"lazy\" title=\"JUNE E JOHN | Trailer Legendado\" width=\"500\" height=\"281\" src=\"https:\/\/www.youtube.com\/embed\/RhQHQPci6WM?feature=oembed\" frameborder=\"0\" allow=\"accelerometer; autoplay; clipboard-write; encrypted-media; gyroscope; picture-in-picture; web-share\" referrerpolicy=\"strict-origin-when-cross-origin\" allowfullscreen><\/iframe>\n<\/p>\n<\/figure>\n<p>SAIBA MAIS<br \/>Cinema ao ar livre e pipoca de gra\u00e7a? Ribeir\u00e3o Preto recebe projeto movido a energia solar<\/p>\n<h4 class=\"wp-block-heading\"><strong>FIQUE ON<\/strong><\/h4>\n<p>Fique ligado em tudo que acontece em Ribeir\u00e3o Preto e regi\u00e3o. Siga os perfis do <strong>acidade on <\/strong>no <a href=\"https:\/\/www.instagram.com\/acidadeonribeirao\" target=\"_blank\" rel=\"noreferrer noopener\">Instagram<\/a> e no <a href=\"https:\/\/www.facebook.com\/acidadeonribeirao\" target=\"_blank\" rel=\"noreferrer noopener\">Facebook<\/a>.<\/p>\n<p>Receba not\u00edcias do acidade on no WhatsApp. Para entrar no grupo, basta <a href=\"https:\/\/chat.whatsapp.com\/BjKQZ9oJwlz8VVT50NuePq\" target=\"_blank\" rel=\"noreferrer noopener\">clicar aqui<\/a>.<\/p>\n<p>Fa\u00e7a uma den\u00fancia ou sugira uma reportagem sobre Ribeir\u00e3o Preto e regi\u00e3o pelo WhatsApp: 16 99117 7802.<\/p>\n<p>VEJA TAMB\u00c9M<br \/>O que aconteceu com Gl\u00f3ria de \u2018A Viagem\u2019?<\/p>\n<p><!-- CONTENT END 1 -->\n<\/div>\n<p><script async src=\"\/\/www.instagram.com\/embed.js\"><\/script><br \/>\n<br \/><br \/>\n<br \/><a href=\"https:\/\/www.acidadeon.com\/ribeiraopreto\/lazer-e-cultura\/dia-dos-namorados-diario-de-uma-paixao-e-outros-romances-voltam-aos-cinemas\/\">Source link <\/a><\/p>\n","protected":false},"excerpt":{"rendered":"<p>Os cinemas de Ribeir\u00e3o Preto recebem em sua programa\u00e7\u00e3o, nesta quinta-feira (12), os filmes de romance \u201cDi\u00e1rio de Uma Paix\u00e3o\u201d, \u201cComo eu Era Antes de&#8230;<\/p>\n","protected":false},"author":1,"featured_media":72021,"comment_status":"open","ping_status":"open","sticky":false,"template":"","format":"standard","meta":{"advanced_seo_description":"","jetpack_seo_html_title":"","jetpack_seo_noindex":false,"jetpack_post_was_ever_published":false,"_jetpack_newsletter_access":"","_jetpack_dont_email_post_to_subs":false,"_jetpack_newsletter_tier_id":0,"_jetpack_memberships_contains_paywalled_content":false,"_jetpack_memberships_contains_paid_content":false,"footnotes":"","jetpack_publicize_message":"","jetpack_publicize_feature_enabled":true,"jetpack_social_post_already_shared":true,"jetpack_social_options":{"image_generator_settings":{"template":"highway","default_image_id":0,"font":"","enabled":false},"version":2}},"categories":[11],"tags":[],"class_list":["post-72019","post","type-post","status-publish","format-standard","has-post-thumbnail","hentry","category-noticias-de-ribeirao-preto-sp-e-regiao-ismael-colosi"],"jetpack_publicize_connections":[],"jetpack_featured_media_url":"https:\/\/i0.wp.com\/noticiasribeiraopreto.com.br\/wp-content\/uploads\/2025\/06\/filmes_2025-06-12_16-42-48.webp.webp?fit=1200%2C675&ssl=1","jetpack-related-posts":[{"id":83898,"url":"https:\/\/noticiasribeiraopreto.com.br\/index.php\/2026\/03\/27\/veja-quando-acontece-a-encenacao-da-paixao-de-cristo-em-ribeirao-preto\/","url_meta":{"origin":72019,"position":0},"title":"Veja quando acontece a encena\u00e7\u00e3o da Paix\u00e3o de Cristo em Ribeir\u00e3o Preto","author":"noticiasribeiraopreto.com.br","date":"27 de March de 2026","format":false,"excerpt":"A 41\u00aa Caminhada do Calv\u00e1rio de Ribeir\u00e3o Preto \u2013 Encena\u00e7\u00e3o da Paix\u00e3o de Cristo, tradicional evento de P\u00e1scoa que re\u00fane milhares de fi\u00e9is, ser\u00e1 realizada no dia 3 de abril, \u00e0s 18h, no Teatro de Arena do Morro do S\u00e3o Bento. Segundo a Prefeitura, a apresenta\u00e7\u00e3o deste ano re\u00fane atores,\u2026","rel":"","context":"In &quot;Not\u00edcias de Ribeir\u00e3o Preto-SP e Regi\u00e3o&quot;","block_context":{"text":"Not\u00edcias de Ribeir\u00e3o Preto-SP e Regi\u00e3o","link":"https:\/\/noticiasribeiraopreto.com.br\/index.php\/category\/noticias-de-ribeirao-preto-sp-e-regiao-ismael-colosi\/"},"img":{"alt_text":"","src":"https:\/\/i0.wp.com\/noticiasribeiraopreto.com.br\/wp-content\/uploads\/2026\/03\/Copia-de-Copia-de-TAMANHO-EXATO-PARA-FOTOS-NO-SISTEMA-NOVO-6-1.jpg?fit=1200%2C675&ssl=1&resize=350%2C200","width":350,"height":200,"srcset":"https:\/\/i0.wp.com\/noticiasribeiraopreto.com.br\/wp-content\/uploads\/2026\/03\/Copia-de-Copia-de-TAMANHO-EXATO-PARA-FOTOS-NO-SISTEMA-NOVO-6-1.jpg?fit=1200%2C675&ssl=1&resize=350%2C200 1x, https:\/\/i0.wp.com\/noticiasribeiraopreto.com.br\/wp-content\/uploads\/2026\/03\/Copia-de-Copia-de-TAMANHO-EXATO-PARA-FOTOS-NO-SISTEMA-NOVO-6-1.jpg?fit=1200%2C675&ssl=1&resize=525%2C300 1.5x, https:\/\/i0.wp.com\/noticiasribeiraopreto.com.br\/wp-content\/uploads\/2026\/03\/Copia-de-Copia-de-TAMANHO-EXATO-PARA-FOTOS-NO-SISTEMA-NOVO-6-1.jpg?fit=1200%2C675&ssl=1&resize=700%2C400 2x, https:\/\/i0.wp.com\/noticiasribeiraopreto.com.br\/wp-content\/uploads\/2026\/03\/Copia-de-Copia-de-TAMANHO-EXATO-PARA-FOTOS-NO-SISTEMA-NOVO-6-1.jpg?fit=1200%2C675&ssl=1&resize=1050%2C600 3x"},"classes":[]},{"id":67334,"url":"https:\/\/noticiasribeiraopreto.com.br\/index.php\/2025\/04\/12\/maior-paixao-de-cristo-do-interior-de-sp-acontece-na-regiao-de-ribeirao-veja-quando\/","url_meta":{"origin":72019,"position":1},"title":"Maior Paix\u00e3o de Cristo do interior de SP acontece na regi\u00e3o de Ribeir\u00e3o; Veja quando","author":"noticiasribeiraopreto.com.br","date":"12 de April de 2025","format":false,"excerpt":"Pessoas de v\u00e1rios estados se re\u00fanem durante a Semana Santa para a maior encena\u00e7\u00e3o ao ar livre do interior paulista, a tradicional \u201cPaix\u00e3o de Cristo de Batatais\u201d, que acontece na pr\u00f3xima sexta-feira (18), \u00e0s 19h, no Samb\u00f3dromo Municipal, com entrada gratuita. O espet\u00e1culo existe h\u00e1 22 anos na cidade e,\u2026","rel":"","context":"In &quot;Not\u00edcias de Ribeir\u00e3o Preto-SP e Regi\u00e3o&quot;","block_context":{"text":"Not\u00edcias de Ribeir\u00e3o Preto-SP e Regi\u00e3o","link":"https:\/\/noticiasribeiraopreto.com.br\/index.php\/category\/noticias-de-ribeirao-preto-sp-e-regiao-ismael-colosi\/"},"img":{"alt_text":"","src":"https:\/\/i0.wp.com\/noticiasribeiraopreto.com.br\/wp-content\/uploads\/2025\/04\/Copia-de-Copia-de-Copia-de-TAMANHO-EXATO-PARA-FOTOS-NO-SISTEMA-NOVO-48_2025-04-12_17-39-03_jpg_2025-04-12_17-39-03.webp.webp?fit=1200%2C675&ssl=1&resize=350%2C200","width":350,"height":200,"srcset":"https:\/\/i0.wp.com\/noticiasribeiraopreto.com.br\/wp-content\/uploads\/2025\/04\/Copia-de-Copia-de-Copia-de-TAMANHO-EXATO-PARA-FOTOS-NO-SISTEMA-NOVO-48_2025-04-12_17-39-03_jpg_2025-04-12_17-39-03.webp.webp?fit=1200%2C675&ssl=1&resize=350%2C200 1x, https:\/\/i0.wp.com\/noticiasribeiraopreto.com.br\/wp-content\/uploads\/2025\/04\/Copia-de-Copia-de-Copia-de-TAMANHO-EXATO-PARA-FOTOS-NO-SISTEMA-NOVO-48_2025-04-12_17-39-03_jpg_2025-04-12_17-39-03.webp.webp?fit=1200%2C675&ssl=1&resize=525%2C300 1.5x, https:\/\/i0.wp.com\/noticiasribeiraopreto.com.br\/wp-content\/uploads\/2025\/04\/Copia-de-Copia-de-Copia-de-TAMANHO-EXATO-PARA-FOTOS-NO-SISTEMA-NOVO-48_2025-04-12_17-39-03_jpg_2025-04-12_17-39-03.webp.webp?fit=1200%2C675&ssl=1&resize=700%2C400 2x, https:\/\/i0.wp.com\/noticiasribeiraopreto.com.br\/wp-content\/uploads\/2025\/04\/Copia-de-Copia-de-Copia-de-TAMANHO-EXATO-PARA-FOTOS-NO-SISTEMA-NOVO-48_2025-04-12_17-39-03_jpg_2025-04-12_17-39-03.webp.webp?fit=1200%2C675&ssl=1&resize=1050%2C600 3x"},"classes":[]},{"id":47434,"url":"https:\/\/noticiasribeiraopreto.com.br\/index.php\/2024\/04\/25\/confira-as-estreias-nos-cinemas-de-ribeirao-preto-nesta-quinta-feira-veja-os-trailers\/","url_meta":{"origin":72019,"position":2},"title":"Confira as estreias nos cinemas de Ribeir\u00e3o Preto nesta quinta-feira; Veja os trailers","author":"noticiasribeiraopreto.com.br","date":"25 de April de 2024","format":false,"excerpt":"Esta quinta-feira (25) \u00e9 marcada por lan\u00e7amentos nos cinemas de Ribeir\u00e3o Preto. Entre as op\u00e7\u00f5es est\u00e3o: \u201cRivais, Contra o Mundo\u201d e \u201cAumenta que \u00e9 Rock\u2019n Roll\u201c. Confira a programa\u00e7\u00e3o completa e escolha seu filme. Ribeir\u00e3o Preto conta com quatro cinemas, o UCI localizado no Ribeir\u00e3oShopping, o Cinep\u00f3lis nos shoppings Santa\u2026","rel":"","context":"In &quot;Not\u00edcias de Ribeir\u00e3o Preto-SP e Regi\u00e3o&quot;","block_context":{"text":"Not\u00edcias de Ribeir\u00e3o Preto-SP e Regi\u00e3o","link":"https:\/\/noticiasribeiraopreto.com.br\/index.php\/category\/noticias-de-ribeirao-preto-sp-e-regiao-ismael-colosi\/"},"img":{"alt_text":"","src":"https:\/\/i0.wp.com\/noticiasribeiraopreto.com.br\/wp-content\/uploads\/2024\/04\/rivais-zendaya_2024-04-25_11-26-35_jpg.webp.webp?fit=1200%2C675&ssl=1&resize=350%2C200","width":350,"height":200,"srcset":"https:\/\/i0.wp.com\/noticiasribeiraopreto.com.br\/wp-content\/uploads\/2024\/04\/rivais-zendaya_2024-04-25_11-26-35_jpg.webp.webp?fit=1200%2C675&ssl=1&resize=350%2C200 1x, https:\/\/i0.wp.com\/noticiasribeiraopreto.com.br\/wp-content\/uploads\/2024\/04\/rivais-zendaya_2024-04-25_11-26-35_jpg.webp.webp?fit=1200%2C675&ssl=1&resize=525%2C300 1.5x, https:\/\/i0.wp.com\/noticiasribeiraopreto.com.br\/wp-content\/uploads\/2024\/04\/rivais-zendaya_2024-04-25_11-26-35_jpg.webp.webp?fit=1200%2C675&ssl=1&resize=700%2C400 2x, https:\/\/i0.wp.com\/noticiasribeiraopreto.com.br\/wp-content\/uploads\/2024\/04\/rivais-zendaya_2024-04-25_11-26-35_jpg.webp.webp?fit=1200%2C675&ssl=1&resize=1050%2C600 3x"},"classes":[]},{"id":51780,"url":"https:\/\/noticiasribeiraopreto.com.br\/index.php\/2024\/05\/30\/confira-as-estreias-nos-cinemas-de-ribeirao-no-feriado-assista-aos-trailers-dos-filmes\/","url_meta":{"origin":72019,"position":3},"title":"Confira as estreias nos cinemas de Ribeir\u00e3o no feriado; Assista aos trailers dos filmes","author":"noticiasribeiraopreto.com.br","date":"30 de May de 2024","format":false,"excerpt":"O feriado de Corpus Christi chegou e uma boa op\u00e7\u00e3o de lazer s\u00e3o os cinemas de Ribeir\u00e3o Preto. Entre os lan\u00e7amentos, est\u00e3o: Meu Sangue Ferve Por Voc\u00ea, Imaculada e The Choosen. \u00a0\u00a0 Ribeir\u00e3o Preto conta com quatro cinemas: o UCI, localizado no Ribeir\u00e3oShopping; Cinep\u00f3lis, nos shoppings Santa \u00darsula e Iguatemi,\u2026","rel":"","context":"In &quot;Not\u00edcias de Ribeir\u00e3o Preto-SP e Regi\u00e3o&quot;","block_context":{"text":"Not\u00edcias de Ribeir\u00e3o Preto-SP e Regi\u00e3o","link":"https:\/\/noticiasribeiraopreto.com.br\/index.php\/category\/noticias-de-ribeirao-preto-sp-e-regiao-ismael-colosi\/"},"img":{"alt_text":"","src":"https:\/\/i0.wp.com\/noticiasribeiraopreto.com.br\/wp-content\/uploads\/2024\/05\/meu-sangue-ferve-por-voce_2024-05-29_13-08-28_jpg_2024-05-29_13-08-28.webp.webp?fit=721%2C400&ssl=1&resize=350%2C200","width":350,"height":200,"srcset":"https:\/\/i0.wp.com\/noticiasribeiraopreto.com.br\/wp-content\/uploads\/2024\/05\/meu-sangue-ferve-por-voce_2024-05-29_13-08-28_jpg_2024-05-29_13-08-28.webp.webp?fit=721%2C400&ssl=1&resize=350%2C200 1x, https:\/\/i0.wp.com\/noticiasribeiraopreto.com.br\/wp-content\/uploads\/2024\/05\/meu-sangue-ferve-por-voce_2024-05-29_13-08-28_jpg_2024-05-29_13-08-28.webp.webp?fit=721%2C400&ssl=1&resize=525%2C300 1.5x, https:\/\/i0.wp.com\/noticiasribeiraopreto.com.br\/wp-content\/uploads\/2024\/05\/meu-sangue-ferve-por-voce_2024-05-29_13-08-28_jpg_2024-05-29_13-08-28.webp.webp?fit=721%2C400&ssl=1&resize=700%2C400 2x"},"classes":[]},{"id":71692,"url":"https:\/\/noticiasribeiraopreto.com.br\/index.php\/2025\/06\/09\/jornal-da-franca-franca-shopping-sorteia-viagem-romantica-para-gramado-neste-mes-dos-namorados\/","url_meta":{"origin":72019,"position":4},"title":"Jornal da Franca &#8211; Franca Shopping sorteia viagem rom\u00e2ntica para Gramado neste M\u00eas dos Namorados","author":"noticiasribeiraopreto.com.br","date":"9 de June de 2025","format":false,"excerpt":"compartilhar no whatsapp compartilhar no telegram compartilhar no facebook compartilhar no linkedin Al\u00e9m do sorteio da viagem, o Franca Shopping contar\u00e1 com o tradicional Cine ao Ar Livre, realizado em parceria com a ACIF Em celebra\u00e7\u00e3o ao M\u00eas dos Namorados, o Franca Shopping promove uma campanha especial que une afeto,\u2026","rel":"","context":"In &quot;Not\u00edcias de Franca-SP&quot;","block_context":{"text":"Not\u00edcias de Franca-SP","link":"https:\/\/noticiasribeiraopreto.com.br\/index.php\/category\/noticias-de-ribeirao-preto-sp-e-regiao-ismael-colosi\/noticias-franca-sp\/"},"img":{"alt_text":"","src":"https:\/\/i0.wp.com\/noticiasribeiraopreto.com.br\/wp-content\/uploads\/2025\/06\/Gramado.jpeg?fit=800%2C600&ssl=1&resize=350%2C200","width":350,"height":200,"srcset":"https:\/\/i0.wp.com\/noticiasribeiraopreto.com.br\/wp-content\/uploads\/2025\/06\/Gramado.jpeg?fit=800%2C600&ssl=1&resize=350%2C200 1x, https:\/\/i0.wp.com\/noticiasribeiraopreto.com.br\/wp-content\/uploads\/2025\/06\/Gramado.jpeg?fit=800%2C600&ssl=1&resize=525%2C300 1.5x, https:\/\/i0.wp.com\/noticiasribeiraopreto.com.br\/wp-content\/uploads\/2025\/06\/Gramado.jpeg?fit=800%2C600&ssl=1&resize=700%2C400 2x"},"classes":[]},{"id":31720,"url":"https:\/\/noticiasribeiraopreto.com.br\/index.php\/2024\/01\/23\/top-10-filmes-romanticos-que-aquecem-o-coracao\/","url_meta":{"origin":72019,"position":5},"title":"Top 10 Filmes Rom\u00e2nticos que Aquecem o Cora\u00e7\u00e3o","author":"noticiasribeiraopreto.com.br","date":"23 de January de 2024","format":false,"excerpt":"Ah, o amor! Quem n\u00e3o gosta de assistir a um bom filme rom\u00e2ntico e se emocionar com as hist\u00f3rias de amor? Neste artigo, vamos explorar 10 filmes rom\u00e2nticos que voc\u00ea simplesmente n\u00e3o pode perder. Prepare a pipoca e o len\u00e7o, porque \u00e9 hora de embarcar em uma montanha-russa de emo\u00e7\u00f5es.\u2026","rel":"","context":"In &quot;Blog&quot;","block_context":{"text":"Blog","link":"https:\/\/noticiasribeiraopreto.com.br\/index.php\/category\/blog\/"},"img":{"alt_text":"","src":"https:\/\/i0.wp.com\/noticiasribeiraopreto.com.br\/wp-content\/uploads\/2024\/01\/Filmes-Romanticos.jpg?fit=1200%2C809&ssl=1&resize=350%2C200","width":350,"height":200,"srcset":"https:\/\/i0.wp.com\/noticiasribeiraopreto.com.br\/wp-content\/uploads\/2024\/01\/Filmes-Romanticos.jpg?fit=1200%2C809&ssl=1&resize=350%2C200 1x, https:\/\/i0.wp.com\/noticiasribeiraopreto.com.br\/wp-content\/uploads\/2024\/01\/Filmes-Romanticos.jpg?fit=1200%2C809&ssl=1&resize=525%2C300 1.5x, https:\/\/i0.wp.com\/noticiasribeiraopreto.com.br\/wp-content\/uploads\/2024\/01\/Filmes-Romanticos.jpg?fit=1200%2C809&ssl=1&resize=700%2C400 2x, https:\/\/i0.wp.com\/noticiasribeiraopreto.com.br\/wp-content\/uploads\/2024\/01\/Filmes-Romanticos.jpg?fit=1200%2C809&ssl=1&resize=1050%2C600 3x"},"classes":[]}],"jetpack_sharing_enabled":true,"jetpack_shortlink":"https:\/\/wp.me\/peQAOb-iJB","_links":{"self":[{"href":"https:\/\/noticiasribeiraopreto.com.br\/index.php\/wp-json\/wp\/v2\/posts\/72019","targetHints":{"allow":["GET"]}}],"collection":[{"href":"https:\/\/noticiasribeiraopreto.com.br\/index.php\/wp-json\/wp\/v2\/posts"}],"about":[{"href":"https:\/\/noticiasribeiraopreto.com.br\/index.php\/wp-json\/wp\/v2\/types\/post"}],"author":[{"embeddable":true,"href":"https:\/\/noticiasribeiraopreto.com.br\/index.php\/wp-json\/wp\/v2\/users\/1"}],"replies":[{"embeddable":true,"href":"https:\/\/noticiasribeiraopreto.com.br\/index.php\/wp-json\/wp\/v2\/comments?post=72019"}],"version-history":[{"count":0,"href":"https:\/\/noticiasribeiraopreto.com.br\/index.php\/wp-json\/wp\/v2\/posts\/72019\/revisions"}],"wp:featuredmedia":[{"embeddable":true,"href":"https:\/\/noticiasribeiraopreto.com.br\/index.php\/wp-json\/wp\/v2\/media\/72021"}],"wp:attachment":[{"href":"https:\/\/noticiasribeiraopreto.com.br\/index.php\/wp-json\/wp\/v2\/media?parent=72019"}],"wp:term":[{"taxonomy":"category","embeddable":true,"href":"https:\/\/noticiasribeiraopreto.com.br\/index.php\/wp-json\/wp\/v2\/categories?post=72019"},{"taxonomy":"post_tag","embeddable":true,"href":"https:\/\/noticiasribeiraopreto.com.br\/index.php\/wp-json\/wp\/v2\/tags?post=72019"}],"curies":[{"name":"wp","href":"https:\/\/api.w.org\/{rel}","templated":true}]}}