{"id":72022,"date":"2025-06-12T15:15:53","date_gmt":"2025-06-12T18:15:53","guid":{"rendered":"https:\/\/noticiasribeiraopreto.com.br\/index.php\/2025\/06\/12\/eu-nao-subestimo-a-evolucao-dele-diz-medico-sobre-pedro-severino\/"},"modified":"2025-06-12T15:15:53","modified_gmt":"2025-06-12T18:15:53","slug":"eu-nao-subestimo-a-evolucao-dele-diz-medico-sobre-pedro-severino","status":"publish","type":"post","link":"https:\/\/noticiasribeiraopreto.com.br\/index.php\/2025\/06\/12\/eu-nao-subestimo-a-evolucao-dele-diz-medico-sobre-pedro-severino\/","title":{"rendered":"&#8216;Eu n\u00e3o subestimo a evolu\u00e7\u00e3o dele&#8217;, diz m\u00e9dico sobre Pedro Severino"},"content":{"rendered":"<p> <br \/>\n<\/p>\n<div>\n<p>Ap\u00f3s quase 100 dias internado, o jogador <strong>Pedro Severino<\/strong>, de 19 anos, surpreende a todos com uma <strong>recupera\u00e7\u00e3o <\/strong>que vem sendo descrita como \u201c<strong>significativa<\/strong>\u201d e \u201c<strong>muito positiva<\/strong>\u201c, conforme a equipe m\u00e9dica.<\/p>\n<p>\u201cEstamos vindo aqui para contar uma hist\u00f3ria feliz, de resili\u00eancia, de supera\u00e7\u00e3o, que finaliza a primeira etapa, a finaliza\u00e7\u00e3o de uma interna\u00e7\u00e3o hospitalar\u201d, afirmou o m\u00e9dico intensivista <strong>Gil Teixeira<\/strong>, coordenador da UTI do <strong>Hospital Unimed de Ribeir\u00e3o Preto<\/strong>.<\/p>\n<p>Durante coletiva de imprensa realizada na manh\u00e3 desta quinta-feira (12), a equipe multidisciplinar destacou que casos t\u00e3o graves quanto o de <strong>Pedro<\/strong>, na maioria das vezes, evoluem para \u00f3bito ainda no local do acidente ou nas primeiras 48 horas ap\u00f3s a interna\u00e7\u00e3o.<\/p>\n<p>De acordo com os profissionais, durante o per\u00edodo em que ficou internado, <strong>Pedro <\/strong>passou por momentos delicados. \u201cH\u00e1 30 dias ele n\u00e3o se comunicava verbalmente e, at\u00e9 20 dias atr\u00e1s, n\u00e3o conseguia deambular\u201d, afirmou Teixeira.<\/p>\n<p><mark style=\"background-color:#fcb900\" class=\"has-inline-color\">No entanto, nas \u00faltimas semanas, os <strong>avan\u00e7os t\u00eam sido consider\u00e1veis<\/strong>. Embora ele <mark style=\"background-color:#fcb900\" class=\"has-inline-color\">apresente <strong>d\u00e9ficit motor<\/strong> no lado esquerdo<\/mark> e <strong>inflama\u00e7\u00e3o cerebral<\/strong>, o jogador j\u00e1 responde de forma l\u00facida a est\u00edmulos de fala, ainda que com lentid\u00e3o.  apresenta d\u00e9ficit motor no lado esquerdo.<\/mark><\/p>\n<figure class=\"wp-block-pullquote\">\n<blockquote>\n<p>\u00c9 precoce a gente tirar qualquer tipo de conclus\u00e3o, em rela\u00e7\u00e3o ao quanto de autonomia o Pedro vai retomar nesses pr\u00f3ximos meses, nesses pr\u00f3ximos anos. Mas eu n\u00e3o subestimo a evolu\u00e7\u00e3o que ele t\u00e1 tendo<\/p>\n<p><cite>Gil Teixeira<\/cite><\/p><\/blockquote>\n<\/figure>\n<h2 class=\"wp-block-heading\"><strong>\u2018Pedro t\u00e1 jogando bola\u2019<\/strong><\/h2>\n<p>Embora os m\u00e9dicos afirmem que ainda \u00e9 cedo para dizer se <strong>Pedro <\/strong>vai ou n\u00e3o voltar ao futebol profissional, a <strong>cardiologista Amanda Benelli Kujavo<\/strong>, coordenadora de enfermaria e que fez parte da equipe que acompanhou o jogador, <mark style=\"background-color:#fcb900\" class=\"has-inline-color\">afirma que ele \u201c<strong>est\u00e1 jogando bola<\/strong>\u201d<\/mark>.<\/p>\n<figure class=\"wp-block-pullquote\">\n<blockquote>\n<p>A nossa expectativa \u00e9 de que ele volte. Jogar bola ele est\u00e1 jogando. Em todas as sess\u00f5es de fisioterapia era dada uma bola para ele e colocado um golzinho. Ele mandava muito bem<\/p>\n<p><cite>Amanda Benelli Kujavo<\/cite><\/p><\/blockquote>\n<\/figure>\n<p>Apesar do cen\u00e1rio otimista, o <strong>neurocirurgi\u00e3o Romeu Boullosa<\/strong> ressaltou que o processo de recupera\u00e7\u00e3o ainda exige tempo e acompanhamento. Segundo ele, o prazo para avalia\u00e7\u00e3o definitiva \u00e9 de at\u00e9 dois anos.<\/p>\n<p>\u201cEle est\u00e1 com algumas incapacidades, mas s\u00e3o tr\u00eas meses [ap\u00f3s o acidente]. N\u00f3s temos mais dois anos para aguardar uma evolu\u00e7\u00e3o, que ele j\u00e1 vem surpreendendo. Existem v\u00e1rios fatores de habilidade motora e cognitiva, e tudo isso ele vem evoluindo muito r\u00e1pido. Nosso objetivo, da equipe toda e da fam\u00edlia, \u00e9 l\u00e1 na ponta o Pedro normal como era 24 horas antes do trauma. Esse \u00e9 o objetivo. Se vamos chegar l\u00e1 ou n\u00e3o, a gente n\u00e3o sabe\u201d.<\/p>\n<h2 class=\"wp-block-heading\"><strong>\u2018Alegria\u2019, diz jogador ao deixar hospital<\/strong><\/h2>\n<p>Em um v\u00eddeo divulgado ap\u00f3s a coletiva com a equipe m\u00e9dica, <strong>Pedro Severino<\/strong> aparece ao lado dos pais, momentos antes de deixar o hospital, e diz a palavra \u201calegria\u201d para expressar o momento \u2013 <a href=\"https:\/\/www.instagram.com\/reel\/DKzgR6bNRqt\/?utm_source=ig_web_copy_link&amp;igsh=OTd3M3F2ZGxxYmtq\" target=\"_blank\" rel=\"noreferrer noopener\">clique aqui para ver o v\u00eddeo<\/a>.<\/p>\n<p>\u00c0 \u00e9poca do acidente, a equipe m\u00e9dica de um hospital de <strong>Americana <\/strong>chegou a iniciar um protocolo de morte encef\u00e1lica, contudo,<strong> ele foi descontinuado ap\u00f3s reflexo do jogador<\/strong>.<\/p>\n<p>\u201cN\u00e3o d\u00e1 para se falar em precocidade ou n\u00e3o. D\u00e1 para se falar na assertividade da descontinua\u00e7\u00e3o do protocolo\u201d, explicou o intensivista Gil Teixeira.<\/p>\n<hr class=\"wp-block-separator has-alpha-channel-opacity\"\/>\n<p>SAIBA MAIS<\/p>\n<p>V\u00eddeo: Veja o momento em que o jogador Pedro Severino deixa hospital sob aplausos<\/p>\n<h2 class=\"wp-block-heading\"><strong>FIQUE ON<\/strong><\/h2>\n<p>Quer ficar por dentro de tudo que acontece em Ribeir\u00e3o Preto e regi\u00e3o? Ent\u00e3o siga os perfis do\u202facidade on\u202fno\u202f<a href=\"https:\/\/www.instagram.com\/acidadeonribeirao\" target=\"_blank\" rel=\"noreferrer noopener\">Instagram<\/a>\u202fe no\u202f<a href=\"https:\/\/www.facebook.com\/acidadeonribeirao\/\" target=\"_blank\" rel=\"noreferrer noopener\">Facebook<\/a>.<\/p>\n<p>Al\u00e9m disso, voc\u00ea pode receber as principais not\u00edcias diretamente no WhatsApp. Para isso, basta\u00a0<a href=\"https:\/\/chat.whatsapp.com\/BjKQZ9oJwlz8VVT50NuePq\" target=\"_blank\" rel=\"noreferrer noopener\">entrar no grupo clicando aqui<\/a>.<\/p>\n<p>Por fim, se quiser fazer uma den\u00fancia ou sugerir uma reportagem sobre Ribeir\u00e3o Preto e regi\u00e3o, envie uma mensagem pelo WhatsApp: (16) 99117-7802.<\/p>\n<p>VEJA TAMB\u00c9M<\/p>\n<p>Quando o goleiro Rochet, do Inter, volta a jogar?<\/p>\n<p><!-- CONTENT END 1 -->\n<\/div>\n<p><script async src=\"\/\/www.instagram.com\/embed.js\"><\/script><br \/>\n<br \/><br \/>\n<br \/><a href=\"https:\/\/www.acidadeon.com\/ribeiraopreto\/esportes\/eu-nao-subestimo-a-evolucao-dele-diz-medico-sobre-pedro-severino\/\">Source link <\/a><\/p>\n","protected":false},"excerpt":{"rendered":"<p>Ap\u00f3s quase 100 dias internado, o jogador Pedro Severino, de 19 anos, surpreende a todos com uma recupera\u00e7\u00e3o que vem sendo descrita como \u201csignificativa\u201d e&#8230;<\/p>\n","protected":false},"author":1,"featured_media":64176,"comment_status":"open","ping_status":"open","sticky":false,"template":"","format":"standard","meta":{"advanced_seo_description":"","jetpack_seo_html_title":"","jetpack_seo_noindex":false,"jetpack_post_was_ever_published":false,"_jetpack_newsletter_access":"","_jetpack_dont_email_post_to_subs":false,"_jetpack_newsletter_tier_id":0,"_jetpack_memberships_contains_paywalled_content":false,"_jetpack_memberships_contains_paid_content":false,"footnotes":"","jetpack_publicize_message":"","jetpack_publicize_feature_enabled":true,"jetpack_social_post_already_shared":true,"jetpack_social_options":{"image_generator_settings":{"template":"highway","default_image_id":0,"font":"","enabled":false},"version":2}},"categories":[11],"tags":[],"class_list":["post-72022","post","type-post","status-publish","format-standard","has-post-thumbnail","hentry","category-noticias-de-ribeirao-preto-sp-e-regiao-ismael-colosi"],"jetpack_publicize_connections":[],"jetpack_featured_media_url":"https:\/\/i0.wp.com\/noticiasribeiraopreto.com.br\/wp-content\/uploads\/2025\/03\/Molde-Midiass-8_2025-03-04_17-03-50_jpg_2025-03-04_17-03-50.webp.webp?fit=960%2C539&ssl=1","jetpack-related-posts":[{"id":70271,"url":"https:\/\/noticiasribeiraopreto.com.br\/index.php\/2025\/05\/24\/muitas-surpresas-e-alegrias-pais-publicam-foto-de-pedro-severino-apos-80-dias-no-hospital\/","url_meta":{"origin":72022,"position":0},"title":"\u2018Muitas surpresas e alegrias\u2019: Pais publicam foto de Pedro Severino ap\u00f3s 80 dias no hospital","author":"noticiasribeiraopreto.com.br","date":"24 de May de 2025","format":false,"excerpt":"O ex-jogador Lucas Severino e esposa L\u00facia, pais de Pedro Severino, publicaram neste s\u00e1bado (24) a primeira foto do filho depois do grave acidente na rodovia Anhanguera, em mar\u00e7o. O jovem est\u00e1 internado no Hospital Unimed, em Ribeir\u00e3o Preto, onde apresentou evolu\u00e7\u00e3o expressiva. Na publica\u00e7\u00e3o, os pais agradeceram o apoio\u2026","rel":"","context":"In &quot;Not\u00edcias de Ribeir\u00e3o Preto-SP e Regi\u00e3o&quot;","block_context":{"text":"Not\u00edcias de Ribeir\u00e3o Preto-SP e Regi\u00e3o","link":"https:\/\/noticiasribeiraopreto.com.br\/index.php\/category\/noticias-de-ribeirao-preto-sp-e-regiao-ismael-colosi\/"},"img":{"alt_text":"","src":"https:\/\/i0.wp.com\/noticiasribeiraopreto.com.br\/wp-content\/uploads\/2025\/05\/pedro-severino-hospital_2025-05-24_13-41-31.webp.webp?fit=1200%2C674&ssl=1&resize=350%2C200","width":350,"height":200,"srcset":"https:\/\/i0.wp.com\/noticiasribeiraopreto.com.br\/wp-content\/uploads\/2025\/05\/pedro-severino-hospital_2025-05-24_13-41-31.webp.webp?fit=1200%2C674&ssl=1&resize=350%2C200 1x, https:\/\/i0.wp.com\/noticiasribeiraopreto.com.br\/wp-content\/uploads\/2025\/05\/pedro-severino-hospital_2025-05-24_13-41-31.webp.webp?fit=1200%2C674&ssl=1&resize=525%2C300 1.5x, https:\/\/i0.wp.com\/noticiasribeiraopreto.com.br\/wp-content\/uploads\/2025\/05\/pedro-severino-hospital_2025-05-24_13-41-31.webp.webp?fit=1200%2C674&ssl=1&resize=700%2C400 2x, https:\/\/i0.wp.com\/noticiasribeiraopreto.com.br\/wp-content\/uploads\/2025\/05\/pedro-severino-hospital_2025-05-24_13-41-31.webp.webp?fit=1200%2C674&ssl=1&resize=1050%2C600 3x"},"classes":[]},{"id":65845,"url":"https:\/\/noticiasribeiraopreto.com.br\/index.php\/2025\/03\/25\/jogador-pedro-severino-deixa-uti-e-vai-para-o-quarto-diz-hospital\/","url_meta":{"origin":72022,"position":1},"title":"Jogador Pedro Severino deixa UTI e vai para o quarto, diz hospital","author":"noticiasribeiraopreto.com.br","date":"25 de March de 2025","format":false,"excerpt":"O jogador Pedro Severino, de 19 anos, deixou a UTI e foi transferido para o quarto no in\u00edcio da noite desta segunda-feira (24), segundo boletim m\u00e9dico divulgado pelo Hospital Unimed Ribeir\u00e3o Preto, onde o\u00a0atleta\u00a0permanece\u00a0internado, ap\u00f3s sofrer um\u00a0acidente\u00a0de\u00a0carro\u00a0no dia\u00a04 de mar\u00e7o. Segundo o hospital, o quadro neurol\u00f3gico do atleta ainda inspira\u2026","rel":"","context":"In &quot;Not\u00edcias de Ribeir\u00e3o Preto-SP e Regi\u00e3o&quot;","block_context":{"text":"Not\u00edcias de Ribeir\u00e3o Preto-SP e Regi\u00e3o","link":"https:\/\/noticiasribeiraopreto.com.br\/index.php\/category\/noticias-de-ribeirao-preto-sp-e-regiao-ismael-colosi\/"},"img":{"alt_text":"","src":"https:\/\/i0.wp.com\/noticiasribeiraopreto.com.br\/wp-content\/uploads\/2025\/03\/Molde-Midiass-8_2025-03-04_17-03-50_jpg_2025-03-04_17-03-50.webp.webp?fit=960%2C539&ssl=1&resize=350%2C200","width":350,"height":200,"srcset":"https:\/\/i0.wp.com\/noticiasribeiraopreto.com.br\/wp-content\/uploads\/2025\/03\/Molde-Midiass-8_2025-03-04_17-03-50_jpg_2025-03-04_17-03-50.webp.webp?fit=960%2C539&ssl=1&resize=350%2C200 1x, https:\/\/i0.wp.com\/noticiasribeiraopreto.com.br\/wp-content\/uploads\/2025\/03\/Molde-Midiass-8_2025-03-04_17-03-50_jpg_2025-03-04_17-03-50.webp.webp?fit=960%2C539&ssl=1&resize=525%2C300 1.5x, https:\/\/i0.wp.com\/noticiasribeiraopreto.com.br\/wp-content\/uploads\/2025\/03\/Molde-Midiass-8_2025-03-04_17-03-50_jpg_2025-03-04_17-03-50.webp.webp?fit=960%2C539&ssl=1&resize=700%2C400 2x"},"classes":[]},{"id":64399,"url":"https:\/\/noticiasribeiraopreto.com.br\/index.php\/2025\/03\/07\/depois-de-suspeita-de-morte-encefalica-pedro-severino-da-sinais-que-segue-lutando-pela-vida\/","url_meta":{"origin":72022,"position":2},"title":"Depois de suspeita de morte encef\u00e1lica, Pedro Severino d\u00e1 sinais que segue lutando pela vida","author":"noticiasribeiraopreto.com.br","date":"7 de March de 2025","format":false,"excerpt":"A Unimed Ribeir\u00e3o Preto divulgou informativo sobre a situa\u00e7\u00e3o do jogador Pedro Henrique Severino, de 19 anos. Ele segue em cuidados m\u00e9dicos na Unidade de Terapia Intensiva do Hospital Unimed Ribeir\u00e3o Preto, onde passa por uma s\u00e9rie de exames de imagem e monitoramento de suas fun\u00e7\u00f5es cerebrais. Houve suspeita de\u2026","rel":"","context":"In &quot;Not\u00edcias de Franca-SP&quot;","block_context":{"text":"Not\u00edcias de Franca-SP","link":"https:\/\/noticiasribeiraopreto.com.br\/index.php\/category\/noticias-de-ribeirao-preto-sp-e-regiao-ismael-colosi\/noticias-franca-sp\/"},"img":{"alt_text":"","src":"https:\/\/i0.wp.com\/noticiasribeiraopreto.com.br\/wp-content\/uploads\/2025\/03\/pedro-severiano-jogador-.png?fit=700%2C450&ssl=1&resize=350%2C200","width":350,"height":200,"srcset":"https:\/\/i0.wp.com\/noticiasribeiraopreto.com.br\/wp-content\/uploads\/2025\/03\/pedro-severiano-jogador-.png?fit=700%2C450&ssl=1&resize=350%2C200 1x, https:\/\/i0.wp.com\/noticiasribeiraopreto.com.br\/wp-content\/uploads\/2025\/03\/pedro-severiano-jogador-.png?fit=700%2C450&ssl=1&resize=525%2C300 1.5x, https:\/\/i0.wp.com\/noticiasribeiraopreto.com.br\/wp-content\/uploads\/2025\/03\/pedro-severiano-jogador-.png?fit=700%2C450&ssl=1&resize=700%2C400 2x"},"classes":[]},{"id":71834,"url":"https:\/\/noticiasribeiraopreto.com.br\/index.php\/2025\/06\/10\/pedro-severino-recebe-alta-apos-96-dias-internado-em-ribeirao\/","url_meta":{"origin":72022,"position":3},"title":"Pedro Severino recebe alta ap\u00f3s 96 dias internado em Ribeir\u00e3o","author":"noticiasribeiraopreto.com.br","date":"10 de June de 2025","format":false,"excerpt":"O jogador Pedro Severino recebeu alta hospitalar na manh\u00e3 desta ter\u00e7a-feira (10). De acordo com o Hospital Unimed Ribeir\u00e3o Preto, o jovem ficou internado no local por 96 dias. Durante todo o per\u00edodo, Pedro foi assistido por uma equipe composta por intensivistas liderados pelo m\u00e9dico Dr. Gil Teixeira, al\u00e9m de\u2026","rel":"","context":"In &quot;Not\u00edcias de Ribeir\u00e3o Preto-SP e Regi\u00e3o&quot;","block_context":{"text":"Not\u00edcias de Ribeir\u00e3o Preto-SP e Regi\u00e3o","link":"https:\/\/noticiasribeiraopreto.com.br\/index.php\/category\/noticias-de-ribeirao-preto-sp-e-regiao-ismael-colosi\/"},"img":{"alt_text":"","src":"https:\/\/i0.wp.com\/noticiasribeiraopreto.com.br\/wp-content\/uploads\/2025\/03\/IMG-20250305-WA0006_2025-03-05_13-27-33_jpg_2025-03-05_13-27-33.webp.webp?fit=1200%2C799&ssl=1&resize=350%2C200","width":350,"height":200,"srcset":"https:\/\/i0.wp.com\/noticiasribeiraopreto.com.br\/wp-content\/uploads\/2025\/03\/IMG-20250305-WA0006_2025-03-05_13-27-33_jpg_2025-03-05_13-27-33.webp.webp?fit=1200%2C799&ssl=1&resize=350%2C200 1x, https:\/\/i0.wp.com\/noticiasribeiraopreto.com.br\/wp-content\/uploads\/2025\/03\/IMG-20250305-WA0006_2025-03-05_13-27-33_jpg_2025-03-05_13-27-33.webp.webp?fit=1200%2C799&ssl=1&resize=525%2C300 1.5x, https:\/\/i0.wp.com\/noticiasribeiraopreto.com.br\/wp-content\/uploads\/2025\/03\/IMG-20250305-WA0006_2025-03-05_13-27-33_jpg_2025-03-05_13-27-33.webp.webp?fit=1200%2C799&ssl=1&resize=700%2C400 2x, https:\/\/i0.wp.com\/noticiasribeiraopreto.com.br\/wp-content\/uploads\/2025\/03\/IMG-20250305-WA0006_2025-03-05_13-27-33_jpg_2025-03-05_13-27-33.webp.webp?fit=1200%2C799&ssl=1&resize=1050%2C600 3x"},"classes":[]},{"id":71861,"url":"https:\/\/noticiasribeiraopreto.com.br\/index.php\/2025\/06\/10\/familia-de-pedro-severino-comemora-alta-medica-do-jogador-nas-redes-sociais\/","url_meta":{"origin":72022,"position":4},"title":"Fam\u00edlia de Pedro Severino comemora alta m\u00e9dica do jogador nas redes sociais","author":"noticiasribeiraopreto.com.br","date":"10 de June de 2025","format":false,"excerpt":"Pedro Severino reapareceu nas redes sociais nesta ter\u00e7a-feira (10), ap\u00f3s receber alta m\u00e9dica. Em foto publicada nesta tarde, o jovem aparece sorridente ao lado de seu pai, o ex-jogador Lucas Severino, da m\u00e3e L\u00facia e dos irm\u00e3os. O rapaz foi v\u00edtima de um grave acidente de tr\u00e2nsito em mar\u00e7o, enquanto\u2026","rel":"","context":"In &quot;Not\u00edcias de Ribeir\u00e3o Preto-SP e Regi\u00e3o&quot;","block_context":{"text":"Not\u00edcias de Ribeir\u00e3o Preto-SP e Regi\u00e3o","link":"https:\/\/noticiasribeiraopreto.com.br\/index.php\/category\/noticias-de-ribeirao-preto-sp-e-regiao-ismael-colosi\/"},"img":{"alt_text":"","src":"https:\/\/i0.wp.com\/noticiasribeiraopreto.com.br\/wp-content\/uploads\/2025\/06\/505170502_18125531116449385_4808038881153612835_n_2025-06-10_21-17-28.webp.webp?fit=1200%2C900&ssl=1&resize=350%2C200","width":350,"height":200,"srcset":"https:\/\/i0.wp.com\/noticiasribeiraopreto.com.br\/wp-content\/uploads\/2025\/06\/505170502_18125531116449385_4808038881153612835_n_2025-06-10_21-17-28.webp.webp?fit=1200%2C900&ssl=1&resize=350%2C200 1x, https:\/\/i0.wp.com\/noticiasribeiraopreto.com.br\/wp-content\/uploads\/2025\/06\/505170502_18125531116449385_4808038881153612835_n_2025-06-10_21-17-28.webp.webp?fit=1200%2C900&ssl=1&resize=525%2C300 1.5x, https:\/\/i0.wp.com\/noticiasribeiraopreto.com.br\/wp-content\/uploads\/2025\/06\/505170502_18125531116449385_4808038881153612835_n_2025-06-10_21-17-28.webp.webp?fit=1200%2C900&ssl=1&resize=700%2C400 2x, https:\/\/i0.wp.com\/noticiasribeiraopreto.com.br\/wp-content\/uploads\/2025\/06\/505170502_18125531116449385_4808038881153612835_n_2025-06-10_21-17-28.webp.webp?fit=1200%2C900&ssl=1&resize=1050%2C600 3x"},"classes":[]},{"id":76845,"url":"https:\/\/noticiasribeiraopreto.com.br\/index.php\/2025\/09\/06\/ele-e-um-milagre-diz-pai-de-pedro-severino-durante-homenagem-em-ribeirao-preto\/","url_meta":{"origin":72022,"position":5},"title":"&#8216;Ele \u00e9 um milagre&#8217;, diz pai de Pedro Severino durante homenagem em Ribeir\u00e3o Preto","author":"noticiasribeiraopreto.com.br","date":"6 de September de 2025","format":false,"excerpt":"O p\u00fablico presente no Est\u00e1dio Santa Cruz, em Ribeir\u00e3o Preto, viveu um momento emocionante na tarde deste s\u00e1bado (6). O jogador Pedro Severino, que se recupera de um grave acidente de carro sofrido em mar\u00e7o, foi homenageado antes do duelo entre Botafogo e Athletico-PR, v\u00e1lido pela 25\u00aa rodada da S\u00e9rie\u2026","rel":"","context":"In &quot;Not\u00edcias de Ribeir\u00e3o Preto-SP e Regi\u00e3o&quot;","block_context":{"text":"Not\u00edcias de Ribeir\u00e3o Preto-SP e Regi\u00e3o","link":"https:\/\/noticiasribeiraopreto.com.br\/index.php\/category\/noticias-de-ribeirao-preto-sp-e-regiao-ismael-colosi\/"},"img":{"alt_text":"","src":"https:\/\/i0.wp.com\/noticiasribeiraopreto.com.br\/wp-content\/uploads\/2025\/09\/Copia-de-Copia-de-Copia-de-TAMANHO-EXATO-PARA-FOTOS-NO-SISTEMA-NOVO-2025-09-06T163544.151_2025-09-06_19-36-22.webp.webp?fit=1200%2C675&ssl=1&resize=350%2C200","width":350,"height":200,"srcset":"https:\/\/i0.wp.com\/noticiasribeiraopreto.com.br\/wp-content\/uploads\/2025\/09\/Copia-de-Copia-de-Copia-de-TAMANHO-EXATO-PARA-FOTOS-NO-SISTEMA-NOVO-2025-09-06T163544.151_2025-09-06_19-36-22.webp.webp?fit=1200%2C675&ssl=1&resize=350%2C200 1x, https:\/\/i0.wp.com\/noticiasribeiraopreto.com.br\/wp-content\/uploads\/2025\/09\/Copia-de-Copia-de-Copia-de-TAMANHO-EXATO-PARA-FOTOS-NO-SISTEMA-NOVO-2025-09-06T163544.151_2025-09-06_19-36-22.webp.webp?fit=1200%2C675&ssl=1&resize=525%2C300 1.5x, https:\/\/i0.wp.com\/noticiasribeiraopreto.com.br\/wp-content\/uploads\/2025\/09\/Copia-de-Copia-de-Copia-de-TAMANHO-EXATO-PARA-FOTOS-NO-SISTEMA-NOVO-2025-09-06T163544.151_2025-09-06_19-36-22.webp.webp?fit=1200%2C675&ssl=1&resize=700%2C400 2x, https:\/\/i0.wp.com\/noticiasribeiraopreto.com.br\/wp-content\/uploads\/2025\/09\/Copia-de-Copia-de-Copia-de-TAMANHO-EXATO-PARA-FOTOS-NO-SISTEMA-NOVO-2025-09-06T163544.151_2025-09-06_19-36-22.webp.webp?fit=1200%2C675&ssl=1&resize=1050%2C600 3x"},"classes":[]}],"jetpack_sharing_enabled":true,"jetpack_shortlink":"https:\/\/wp.me\/peQAOb-iJE","_links":{"self":[{"href":"https:\/\/noticiasribeiraopreto.com.br\/index.php\/wp-json\/wp\/v2\/posts\/72022","targetHints":{"allow":["GET"]}}],"collection":[{"href":"https:\/\/noticiasribeiraopreto.com.br\/index.php\/wp-json\/wp\/v2\/posts"}],"about":[{"href":"https:\/\/noticiasribeiraopreto.com.br\/index.php\/wp-json\/wp\/v2\/types\/post"}],"author":[{"embeddable":true,"href":"https:\/\/noticiasribeiraopreto.com.br\/index.php\/wp-json\/wp\/v2\/users\/1"}],"replies":[{"embeddable":true,"href":"https:\/\/noticiasribeiraopreto.com.br\/index.php\/wp-json\/wp\/v2\/comments?post=72022"}],"version-history":[{"count":0,"href":"https:\/\/noticiasribeiraopreto.com.br\/index.php\/wp-json\/wp\/v2\/posts\/72022\/revisions"}],"wp:featuredmedia":[{"embeddable":true,"href":"https:\/\/noticiasribeiraopreto.com.br\/index.php\/wp-json\/wp\/v2\/media\/64176"}],"wp:attachment":[{"href":"https:\/\/noticiasribeiraopreto.com.br\/index.php\/wp-json\/wp\/v2\/media?parent=72022"}],"wp:term":[{"taxonomy":"category","embeddable":true,"href":"https:\/\/noticiasribeiraopreto.com.br\/index.php\/wp-json\/wp\/v2\/categories?post=72022"},{"taxonomy":"post_tag","embeddable":true,"href":"https:\/\/noticiasribeiraopreto.com.br\/index.php\/wp-json\/wp\/v2\/tags?post=72022"}],"curies":[{"name":"wp","href":"https:\/\/api.w.org\/{rel}","templated":true}]}}