{"id":72023,"date":"2025-06-12T15:22:21","date_gmt":"2025-06-12T18:22:21","guid":{"rendered":"https:\/\/noticiasribeiraopreto.com.br\/index.php\/2025\/06\/12\/vice-de-ricardo-assume-a-prefeitura-de-ribeirao-preto-entenda-o-motivo\/"},"modified":"2025-06-12T15:22:21","modified_gmt":"2025-06-12T18:22:21","slug":"vice-de-ricardo-assume-a-prefeitura-de-ribeirao-preto-entenda-o-motivo","status":"publish","type":"post","link":"https:\/\/noticiasribeiraopreto.com.br\/index.php\/2025\/06\/12\/vice-de-ricardo-assume-a-prefeitura-de-ribeirao-preto-entenda-o-motivo\/","title":{"rendered":"Vice de Ricardo assume a Prefeitura de Ribeir\u00e3o Preto; Entenda o motivo"},"content":{"rendered":"<p> <br \/>\n<\/p>\n<div data-td-block-uid=\"tdi_95\">\n<div class=\"tdb-block-inner td-fix-index\">\n<p><strong>A partir desta quinta-feira (12), o vice-prefeito de Ribeir\u00e3o Preto, Alessandro Maraca (MDB), assume o cargo de prefeito interinamente. <\/strong><\/p>\n<p><mark style=\"background-color:#fcb900\" class=\"has-inline-color has-black-color\">O prefeito Ricardo Silva (PSD) ficar\u00e1 ausente at\u00e9 a pr\u00f3xima ter\u00e7a-feira (17). Neste per\u00edodo, o chefe do Executivo estar\u00e1 em viagem internacional \u00e0 Israel e estar\u00e1 no exerc\u00edcio do cargo \u00e9 o vice Maraca.<\/mark><\/p>\n<p>Segundo o que Ricardo informou \u00e0 C\u00e2mara Municipal, ele integra a delega\u00e7\u00e3o de prefeitos paulistas em uma miss\u00e3o institucional com o vice-governador de S\u00e3o Paulo, Felicio Ramut, com objetivo de \u201cpromover o interc\u00e2mbio de experi\u00eancias visando fortalecer as rela\u00e7\u00f5es institucionais, fomentar parcerias entre os governos locais e o governo de Israel\u201d.<\/p>\n<p>Ainda de acordo com Ricardo, temas priorit\u00e1rios como seguran\u00e7a p\u00fablica, agricultura, sustentabilidade, inova\u00e7\u00e3o\u00a0e turismo estar\u00e3o em pauta, com previs\u00e3o de visitas a empresas e \u00f3rg\u00e3os governamentais.<\/p>\n<p>SAIBA MAIS<\/p>\n<p>\u2018Alegria\u2019, diz jogador Pedro Severino em v\u00eddeo ao deixar hospital ap\u00f3s 96 dias<\/p>\n<h2 class=\"wp-block-heading\"><strong>FIQUE ON<\/strong><\/h2>\n<p>Quer ficar por dentro de tudo que acontece em Ribeir\u00e3o Preto e regi\u00e3o? Ent\u00e3o siga os perfis do\u202facidade on\u202fno\u202f<a href=\"https:\/\/www.instagram.com\/acidadeonribeirao\" target=\"_blank\" rel=\"noreferrer noopener\">Instagram<\/a>\u202fe no\u202f<a href=\"https:\/\/www.facebook.com\/acidadeonribeirao\/\" target=\"_blank\" rel=\"noreferrer noopener\">Facebook<\/a>.<\/p>\n<p>Al\u00e9m disso, voc\u00ea pode receber as principais not\u00edcias diretamente no WhatsApp. Para isso, basta\u00a0<a href=\"https:\/\/chat.whatsapp.com\/BjKQZ9oJwlz8VVT50NuePq\" target=\"_blank\" rel=\"noreferrer noopener\">entrar no grupo clicando aqui<\/a>.<\/p>\n<p>Por fim, se quiser fazer uma den\u00fancia ou sugerir uma reportagem sobre Ribeir\u00e3o Preto e regi\u00e3o, envie uma mensagem pelo WhatsApp: (16) 99117-7802.<\/p>\n<p>VEJA TAMB\u00c9M<\/p>\n<p>Qual \u00e9 a diferen\u00e7a entre a Irlanda e a Irlanda do Norte?<\/p>\n<p><!-- CONTENT END 1 -->\n<\/div>\n<\/div>\n<p><script async src=\"\/\/www.instagram.com\/embed.js\"><\/script><br \/>\n<br \/><br \/>\n<br \/><a href=\"https:\/\/www.acidadeon.com\/ribeiraopreto\/politica\/vice-de-ricardo-assume-a-prefeitura-de-ribeirao-preto-entenda-o-motivo\/\">Source link <\/a><\/p>\n","protected":false},"excerpt":{"rendered":"<p>A partir desta quinta-feira (12), o vice-prefeito de Ribeir\u00e3o Preto, Alessandro Maraca (MDB), assume o cargo de prefeito interinamente. O prefeito Ricardo Silva (PSD) ficar\u00e1&#8230;<\/p>\n","protected":false},"author":1,"featured_media":61610,"comment_status":"open","ping_status":"open","sticky":false,"template":"","format":"standard","meta":{"advanced_seo_description":"","jetpack_seo_html_title":"","jetpack_seo_noindex":false,"jetpack_post_was_ever_published":false,"_jetpack_newsletter_access":"","_jetpack_dont_email_post_to_subs":false,"_jetpack_newsletter_tier_id":0,"_jetpack_memberships_contains_paywalled_content":false,"_jetpack_memberships_contains_paid_content":false,"footnotes":"","jetpack_publicize_message":"","jetpack_publicize_feature_enabled":true,"jetpack_social_post_already_shared":true,"jetpack_social_options":{"image_generator_settings":{"template":"highway","default_image_id":0,"font":"","enabled":false},"version":2}},"categories":[11],"tags":[],"class_list":["post-72023","post","type-post","status-publish","format-standard","has-post-thumbnail","hentry","category-noticias-de-ribeirao-preto-sp-e-regiao-ismael-colosi"],"jetpack_publicize_connections":[],"jetpack_featured_media_url":"https:\/\/i0.wp.com\/noticiasribeiraopreto.com.br\/wp-content\/uploads\/2024\/12\/MARACA_2024-12-17_16-47-16_jpg_2024-12-17_16-47-16.webp.webp?fit=1200%2C800&ssl=1","jetpack-related-posts":[{"id":72364,"url":"https:\/\/noticiasribeiraopreto.com.br\/index.php\/2025\/06\/16\/ricardo-silva-reassumiu-prefeitura-nesta-segunda\/","url_meta":{"origin":72023,"position":0},"title":"Ricardo Silva reassumiu prefeitura nesta segunda","author":"noticiasribeiraopreto.com.br","date":"16 de June de 2025","format":false,"excerpt":"16 de junho de 2025 14:531 Compartilhar0 O prefeito de Ribeir\u00e3o Preto, Ricardo Silva (PSD) reassumiu o cargo na manh\u00e3 desta segunda-feira, 16 de junho. Ele tinha se afastado do cargo na quinta-feira, 12 de junho, para integrar uma delega\u00e7\u00e3o que, durante seis dias \u2013 de 12 a17 de junho\u2026","rel":"","context":"In &quot;Not\u00edcias de Ribeir\u00e3o Preto-SP e Regi\u00e3o&quot;","block_context":{"text":"Not\u00edcias de Ribeir\u00e3o Preto-SP e Regi\u00e3o","link":"https:\/\/noticiasribeiraopreto.com.br\/index.php\/category\/noticias-de-ribeirao-preto-sp-e-regiao-ismael-colosi\/"},"img":{"alt_text":"","src":"https:\/\/i0.wp.com\/noticiasribeiraopreto.com.br\/wp-content\/uploads\/2025\/06\/Comam-Alfredo-Risk-scaled.jpg?fit=800%2C455&ssl=1&resize=350%2C200","width":350,"height":200,"srcset":"https:\/\/i0.wp.com\/noticiasribeiraopreto.com.br\/wp-content\/uploads\/2025\/06\/Comam-Alfredo-Risk-scaled.jpg?fit=800%2C455&ssl=1&resize=350%2C200 1x, https:\/\/i0.wp.com\/noticiasribeiraopreto.com.br\/wp-content\/uploads\/2025\/06\/Comam-Alfredo-Risk-scaled.jpg?fit=800%2C455&ssl=1&resize=525%2C300 1.5x, https:\/\/i0.wp.com\/noticiasribeiraopreto.com.br\/wp-content\/uploads\/2025\/06\/Comam-Alfredo-Risk-scaled.jpg?fit=800%2C455&ssl=1&resize=700%2C400 2x"},"classes":[]},{"id":71818,"url":"https:\/\/noticiasribeiraopreto.com.br\/index.php\/2025\/06\/10\/ricardo-silva-vai-para-israel-nesta-quinta\/","url_meta":{"origin":72023,"position":1},"title":"Ricardo Silva vai para Israel nesta quinta","author":"noticiasribeiraopreto.com.br","date":"10 de June de 2025","format":false,"excerpt":"10 de junho de 2025 14:410 Compartilhar0 O prefeito de Ribeir\u00e3o Preto, Ricardo Silva (PSD) viaja para Israel, nesta quinta-feira, 12 de junho. Ele vai integrar uma delega\u00e7\u00e3o de prefeitos do Estado de S\u00e3o Paulo que, durante seis dias, realizar\u00e1 interc\u00e2mbio com aquele pa\u00eds. O vice-governador Fel\u00edcio Ramuht (PSD) chefiar\u00e1\u2026","rel":"","context":"In &quot;Not\u00edcias de Ribeir\u00e3o Preto-SP e Regi\u00e3o&quot;","block_context":{"text":"Not\u00edcias de Ribeir\u00e3o Preto-SP e Regi\u00e3o","link":"https:\/\/noticiasribeiraopreto.com.br\/index.php\/category\/noticias-de-ribeirao-preto-sp-e-regiao-ismael-colosi\/"},"img":{"alt_text":"","src":"https:\/\/i0.wp.com\/noticiasribeiraopreto.com.br\/wp-content\/uploads\/2025\/06\/Nogueira-Sil-Alfredo-Risk-scaled.jpg?fit=800%2C455&ssl=1&resize=350%2C200","width":350,"height":200,"srcset":"https:\/\/i0.wp.com\/noticiasribeiraopreto.com.br\/wp-content\/uploads\/2025\/06\/Nogueira-Sil-Alfredo-Risk-scaled.jpg?fit=800%2C455&ssl=1&resize=350%2C200 1x, https:\/\/i0.wp.com\/noticiasribeiraopreto.com.br\/wp-content\/uploads\/2025\/06\/Nogueira-Sil-Alfredo-Risk-scaled.jpg?fit=800%2C455&ssl=1&resize=525%2C300 1.5x, https:\/\/i0.wp.com\/noticiasribeiraopreto.com.br\/wp-content\/uploads\/2025\/06\/Nogueira-Sil-Alfredo-Risk-scaled.jpg?fit=800%2C455&ssl=1&resize=700%2C400 2x"},"classes":[]},{"id":62024,"url":"https:\/\/noticiasribeiraopreto.com.br\/index.php\/2025\/01\/01\/ricardo-silva-e-empossado-como-prefeito-de-ribeirao-preto-veja-o-video\/","url_meta":{"origin":72023,"position":2},"title":"Ricardo Silva \u00e9 empossado como prefeito de Ribeir\u00e3o Preto; Veja o v\u00eddeo","author":"noticiasribeiraopreto.com.br","date":"1 de January de 2025","format":false,"excerpt":"O prefeito de Ribeir\u00e3o Preto, Ricardo Silva (PSD), foi empossado na manh\u00e3 desta quarta-feira (1\u00ba de janeiro), na C\u00e2mara Municipal, para o mandato entre 2025 e 2028. Al\u00e9m dele, o vice Alessandro Maraca (MDB) e os 22 vereadores tamb\u00e9m foram empossados. A cerim\u00f4nia come\u00e7ou por volta das 10h e foi\u2026","rel":"","context":"In &quot;Not\u00edcias de Ribeir\u00e3o Preto-SP e Regi\u00e3o&quot;","block_context":{"text":"Not\u00edcias de Ribeir\u00e3o Preto-SP e Regi\u00e3o","link":"https:\/\/noticiasribeiraopreto.com.br\/index.php\/category\/noticias-de-ribeirao-preto-sp-e-regiao-ismael-colosi\/"},"img":{"alt_text":"","src":"https:\/\/i0.wp.com\/noticiasribeiraopreto.com.br\/wp-content\/uploads\/2025\/01\/ricardo-silva-5_2025-01-01_13-49-24_jpeg_2025-01-01_13-49-24.webp.webp?fit=1200%2C900&ssl=1&resize=350%2C200","width":350,"height":200,"srcset":"https:\/\/i0.wp.com\/noticiasribeiraopreto.com.br\/wp-content\/uploads\/2025\/01\/ricardo-silva-5_2025-01-01_13-49-24_jpeg_2025-01-01_13-49-24.webp.webp?fit=1200%2C900&ssl=1&resize=350%2C200 1x, https:\/\/i0.wp.com\/noticiasribeiraopreto.com.br\/wp-content\/uploads\/2025\/01\/ricardo-silva-5_2025-01-01_13-49-24_jpeg_2025-01-01_13-49-24.webp.webp?fit=1200%2C900&ssl=1&resize=525%2C300 1.5x, https:\/\/i0.wp.com\/noticiasribeiraopreto.com.br\/wp-content\/uploads\/2025\/01\/ricardo-silva-5_2025-01-01_13-49-24_jpeg_2025-01-01_13-49-24.webp.webp?fit=1200%2C900&ssl=1&resize=700%2C400 2x, https:\/\/i0.wp.com\/noticiasribeiraopreto.com.br\/wp-content\/uploads\/2025\/01\/ricardo-silva-5_2025-01-01_13-49-24_jpeg_2025-01-01_13-49-24.webp.webp?fit=1200%2C900&ssl=1&resize=1050%2C600 3x"},"classes":[]},{"id":71978,"url":"https:\/\/noticiasribeiraopreto.com.br\/index.php\/2025\/06\/12\/maraca-assume-a-prefeitura-de-rp\/","url_meta":{"origin":72023,"position":3},"title":"Maraca assume a prefeitura de RP","author":"noticiasribeiraopreto.com.br","date":"12 de June de 2025","format":false,"excerpt":"12 de junho de 2025 08:3011 de junho de 2025 19:330 Compartilhar0 Durante seis dias \u2013 entre esta quinta-feira (12) e o dia 17 de junho \u2013, Alessandro Maraca (MDB) ser\u00e1 o prefeito de Ribeir\u00e3o Preto, j\u00e1 que o titular, Ricardo Silva (PSD) viajou para Israel, onde participar\u00e1 da MUNIEXPO\u2026","rel":"","context":"In &quot;Not\u00edcias de Ribeir\u00e3o Preto-SP e Regi\u00e3o&quot;","block_context":{"text":"Not\u00edcias de Ribeir\u00e3o Preto-SP e Regi\u00e3o","link":"https:\/\/noticiasribeiraopreto.com.br\/index.php\/category\/noticias-de-ribeirao-preto-sp-e-regiao-ismael-colosi\/"},"img":{"alt_text":"","src":"https:\/\/i0.wp.com\/noticiasribeiraopreto.com.br\/wp-content\/uploads\/2025\/06\/Silva-Alfredo-Risk-scaled.jpg?fit=750%2C500&ssl=1&resize=350%2C200","width":350,"height":200,"srcset":"https:\/\/i0.wp.com\/noticiasribeiraopreto.com.br\/wp-content\/uploads\/2025\/06\/Silva-Alfredo-Risk-scaled.jpg?fit=750%2C500&ssl=1&resize=350%2C200 1x, https:\/\/i0.wp.com\/noticiasribeiraopreto.com.br\/wp-content\/uploads\/2025\/06\/Silva-Alfredo-Risk-scaled.jpg?fit=750%2C500&ssl=1&resize=525%2C300 1.5x, https:\/\/i0.wp.com\/noticiasribeiraopreto.com.br\/wp-content\/uploads\/2025\/06\/Silva-Alfredo-Risk-scaled.jpg?fit=750%2C500&ssl=1&resize=700%2C400 2x"},"classes":[]},{"id":72105,"url":"https:\/\/noticiasribeiraopreto.com.br\/index.php\/2025\/06\/13\/video-ricardo-silva-volta-ao-brasil-apos-bloqueio-do-espaco-aereo-de-israel\/","url_meta":{"origin":72023,"position":4},"title":"V\u00eddeo: Ricardo Silva volta ao Brasil ap\u00f3s bloqueio do espa\u00e7o a\u00e9reo de Israel","author":"noticiasribeiraopreto.com.br","date":"13 de June de 2025","format":false,"excerpt":"13 de junho de 2025 10:177 Compartilhar0 O prefeito Ricardo Silva, que estava a caminho de Israel, vai precisar voltar para Ribeir\u00e3o Preto, ap\u00f3s o bloqueio do espa\u00e7o a\u00e9reo israelense. Ricardo partiu \u00e0 Israel nesta quinta-feira (12). O prefeito foi convidado pelo consulado-geral de Israel em S\u00e3o Paulo, representado por\u2026","rel":"","context":"In &quot;Not\u00edcias de Ribeir\u00e3o Preto-SP e Regi\u00e3o&quot;","block_context":{"text":"Not\u00edcias de Ribeir\u00e3o Preto-SP e Regi\u00e3o","link":"https:\/\/noticiasribeiraopreto.com.br\/index.php\/category\/noticias-de-ribeirao-preto-sp-e-regiao-ismael-colosi\/"},"img":{"alt_text":"","src":"https:\/\/i0.wp.com\/noticiasribeiraopreto.com.br\/wp-content\/uploads\/2025\/06\/ricardo-scaled.jpeg?fit=800%2C434&ssl=1&resize=350%2C200","width":350,"height":200,"srcset":"https:\/\/i0.wp.com\/noticiasribeiraopreto.com.br\/wp-content\/uploads\/2025\/06\/ricardo-scaled.jpeg?fit=800%2C434&ssl=1&resize=350%2C200 1x, https:\/\/i0.wp.com\/noticiasribeiraopreto.com.br\/wp-content\/uploads\/2025\/06\/ricardo-scaled.jpeg?fit=800%2C434&ssl=1&resize=525%2C300 1.5x, https:\/\/i0.wp.com\/noticiasribeiraopreto.com.br\/wp-content\/uploads\/2025\/06\/ricardo-scaled.jpeg?fit=800%2C434&ssl=1&resize=700%2C400 2x"},"classes":[]},{"id":61667,"url":"https:\/\/noticiasribeiraopreto.com.br\/index.php\/2024\/12\/18\/ricardo-silva-e-vereadores-eleitos-em-ribeirao-preto-sao-diplomados\/","url_meta":{"origin":72023,"position":5},"title":"Ricardo Silva e vereadores eleitos em Ribeir\u00e3o Preto s\u00e3o diplomados","author":"noticiasribeiraopreto.com.br","date":"18 de December de 2024","format":false,"excerpt":"Aconteceu nesta quarta-feira (18), a diploma\u00e7\u00e3o do prefeito, Ricardo Silva (PSD), do vice-prefeito, Alessandro Maraca (MDB), e dos 22 vereadores eleitos em Ribeir\u00e3o Preto para gest\u00e3o de 2025 a 2028. O ato pelo qual a Justi\u00e7a Eleitoral atesta que o candidato foi efetivamente eleito e est\u00e1 apto a tomar posse\u2026","rel":"","context":"In &quot;Not\u00edcias de Ribeir\u00e3o Preto-SP e Regi\u00e3o&quot;","block_context":{"text":"Not\u00edcias de Ribeir\u00e3o Preto-SP e Regi\u00e3o","link":"https:\/\/noticiasribeiraopreto.com.br\/index.php\/category\/noticias-de-ribeirao-preto-sp-e-regiao-ismael-colosi\/"},"img":{"alt_text":"","src":"https:\/\/i0.wp.com\/noticiasribeiraopreto.com.br\/wp-content\/uploads\/2024\/12\/img20241217180758921_2024-12-18_19-39-59_jpg_2024-12-18_19-40-00.webp.webp?fit=1200%2C740&ssl=1&resize=350%2C200","width":350,"height":200,"srcset":"https:\/\/i0.wp.com\/noticiasribeiraopreto.com.br\/wp-content\/uploads\/2024\/12\/img20241217180758921_2024-12-18_19-39-59_jpg_2024-12-18_19-40-00.webp.webp?fit=1200%2C740&ssl=1&resize=350%2C200 1x, https:\/\/i0.wp.com\/noticiasribeiraopreto.com.br\/wp-content\/uploads\/2024\/12\/img20241217180758921_2024-12-18_19-39-59_jpg_2024-12-18_19-40-00.webp.webp?fit=1200%2C740&ssl=1&resize=525%2C300 1.5x, https:\/\/i0.wp.com\/noticiasribeiraopreto.com.br\/wp-content\/uploads\/2024\/12\/img20241217180758921_2024-12-18_19-39-59_jpg_2024-12-18_19-40-00.webp.webp?fit=1200%2C740&ssl=1&resize=700%2C400 2x, https:\/\/i0.wp.com\/noticiasribeiraopreto.com.br\/wp-content\/uploads\/2024\/12\/img20241217180758921_2024-12-18_19-39-59_jpg_2024-12-18_19-40-00.webp.webp?fit=1200%2C740&ssl=1&resize=1050%2C600 3x"},"classes":[]}],"jetpack_sharing_enabled":true,"jetpack_shortlink":"https:\/\/wp.me\/peQAOb-iJF","_links":{"self":[{"href":"https:\/\/noticiasribeiraopreto.com.br\/index.php\/wp-json\/wp\/v2\/posts\/72023","targetHints":{"allow":["GET"]}}],"collection":[{"href":"https:\/\/noticiasribeiraopreto.com.br\/index.php\/wp-json\/wp\/v2\/posts"}],"about":[{"href":"https:\/\/noticiasribeiraopreto.com.br\/index.php\/wp-json\/wp\/v2\/types\/post"}],"author":[{"embeddable":true,"href":"https:\/\/noticiasribeiraopreto.com.br\/index.php\/wp-json\/wp\/v2\/users\/1"}],"replies":[{"embeddable":true,"href":"https:\/\/noticiasribeiraopreto.com.br\/index.php\/wp-json\/wp\/v2\/comments?post=72023"}],"version-history":[{"count":0,"href":"https:\/\/noticiasribeiraopreto.com.br\/index.php\/wp-json\/wp\/v2\/posts\/72023\/revisions"}],"wp:featuredmedia":[{"embeddable":true,"href":"https:\/\/noticiasribeiraopreto.com.br\/index.php\/wp-json\/wp\/v2\/media\/61610"}],"wp:attachment":[{"href":"https:\/\/noticiasribeiraopreto.com.br\/index.php\/wp-json\/wp\/v2\/media?parent=72023"}],"wp:term":[{"taxonomy":"category","embeddable":true,"href":"https:\/\/noticiasribeiraopreto.com.br\/index.php\/wp-json\/wp\/v2\/categories?post=72023"},{"taxonomy":"post_tag","embeddable":true,"href":"https:\/\/noticiasribeiraopreto.com.br\/index.php\/wp-json\/wp\/v2\/tags?post=72023"}],"curies":[{"name":"wp","href":"https:\/\/api.w.org\/{rel}","templated":true}]}}