{"id":72024,"date":"2025-06-12T15:28:35","date_gmt":"2025-06-12T18:28:35","guid":{"rendered":"https:\/\/noticiasribeiraopreto.com.br\/index.php\/2025\/06\/12\/video-veja-o-momento-em-que-o-jogador-pedro-severino-deixa-hospital-sob-aplausos\/"},"modified":"2025-06-12T15:28:35","modified_gmt":"2025-06-12T18:28:35","slug":"video-veja-o-momento-em-que-o-jogador-pedro-severino-deixa-hospital-sob-aplausos","status":"publish","type":"post","link":"https:\/\/noticiasribeiraopreto.com.br\/index.php\/2025\/06\/12\/video-veja-o-momento-em-que-o-jogador-pedro-severino-deixa-hospital-sob-aplausos\/","title":{"rendered":"V\u00eddeo: Veja o momento em que o jogador Pedro Severino deixa hospital sob aplausos"},"content":{"rendered":"<div class='code-block code-block-1' style='margin: 8px 0 8px auto; text-align: right; display: block; clear: both;'>\n<p><a href=\"https:\/\/wa.link\/vpicfd\"><img data-recalc-dims=\"1\" class=\"wp-image-4922\" style=\"aspect-ratio: 2.0253164556962027; width: 561px; height: auto;\" src=\"https:\/\/i0.wp.com\/ismaelcolosi.com.br\/wp-content\/uploads\/2023\/11\/grupo-de-empregos-whatsapp-e-facebook-ismael-colosi-vagas.jpg?ssl=1\" alt=\"\" \/><\/a><\/p>\n<!-- \/wp:image -->\n<\/div>\n<p> <br \/>\n<\/p>\n<p><strong>O jogador Pedro Severino deixou o hospital sob aplausos na \u00faltima ter\u00e7a-feira (10), depois de <strong>sofrer um grave acidente de carro e<\/strong> permanecer internado por 96 dias na Unimed Ribeir\u00e3o Preto. <\/strong>O <strong>v\u00eddeo <\/strong>foi <strong>divulgado <\/strong>nesta <strong>quinta-feira (12)<\/strong>, data em que a <strong>equipe m\u00e9dica<\/strong> que est\u00e1 \u00e0 frente do <strong>tratamento <\/strong>do <strong>atleta <\/strong>concedeu uma <strong>entrevista coletiva<\/strong>. <strong>Assista <\/strong>abaixo.<\/p>\n<p>A m\u00e9dica Amanda Benelli Kujavo disse \u00e0 imprensa na coletiva que o momento atual \u00e9 de foco no tratamento neurol\u00f3gico e um intenso programa de fisioterapia.\u00a0<\/p>\n<figure class=\"wp-block-pullquote\">\n<blockquote>\n<p>Esses dois pontos, a parte m\u00e9dica de controle das condi\u00e7\u00f5es neurol\u00f3gicas que ainda existem e a reabilita\u00e7\u00e3o motora s\u00e3o os principais para recupera\u00e7\u00e3o plena do Pedo,<\/p>\n<p><cite><strong>disse a profissional.<\/strong><\/cite><\/p><\/blockquote>\n<\/figure>\n<blockquote class=\"instagram-media\" data-instgrm-permalink=\"https:\/\/www.instagram.com\/reel\/DKznLboSztl\/?utm_source=ig_embed&amp;utm_campaign=loading\" data-instgrm-version=\"14\" style=\"background:#FFF;border:0;border-radius:3px;margin: 1px;max-width:540px;min-width:326px;padding:0;width:99.375%;width:-webkit-calc(100% - 2px);width:calc(100% - 2px)\">\n<div style=\"padding:16px\"> <a href=\"https:\/\/www.instagram.com\/reel\/DKznLboSztl\/?utm_source=ig_embed&amp;utm_campaign=loading\" style=\"background:#FFFFFF;line-height:0;padding:0 0;text-align:center;text-decoration:none;width:100%\" target=\"_blank\"> <\/p>\n<div style=\"flex-direction: row;align-items: center\">\n<div style=\"background-color: #F4F4F4;border-radius: 50%;flex-grow: 0;height: 40px;margin-right: 14px;width: 40px\"><\/div>\n<div style=\"flex-direction: column;flex-grow: 1;justify-content: center\">\n<div style=\"background-color: #F4F4F4;border-radius: 4px;flex-grow: 0;height: 14px;margin-bottom: 6px;width: 100px\"><\/div>\n<div style=\"background-color: #F4F4F4;border-radius: 4px;flex-grow: 0;height: 14px;width: 60px\"><\/div>\n<\/div>\n<\/div>\n<div style=\"padding: 19% 0\"><\/div>\n<div style=\"height:50px;margin:0 auto 12px;width:50px\"><\/div>\n<div style=\"padding-top: 8px\">\n<div style=\"color:#3897f0;font-family:Arial,sans-serif;font-size:14px;font-style:normal;font-weight:550;line-height:18px\">Ver essa foto no Instagram<\/div>\n<\/div>\n<div style=\"padding: 12.5% 0\"><\/div>\n<div style=\"flex-direction: row;margin-bottom: 14px;align-items: center\">\n<div>\n<div style=\"background-color: #F4F4F4;border-radius: 50%;height: 12.5px;width: 12.5px\"><\/div>\n<div style=\"background-color: #F4F4F4;height: 12.5px;width: 12.5px;flex-grow: 0;margin-right: 14px;margin-left: 2px\"><\/div>\n<div style=\"background-color: #F4F4F4;border-radius: 50%;height: 12.5px;width: 12.5px\"><\/div>\n<\/div>\n<div style=\"margin-left: 8px\">\n<div style=\"background-color: #F4F4F4;border-radius: 50%;flex-grow: 0;height: 20px;width: 20px\"><\/div>\n<div style=\"width: 0;height: 0;border-top: 2px solid transparent;border-left: 6px solid #f4f4f4;border-bottom: 2px solid transparent\"><\/div>\n<\/div>\n<div style=\"margin-left: auto\">\n<div style=\"width: 0px;border-top: 8px solid #F4F4F4;border-right: 8px solid transparent\"><\/div>\n<div style=\"background-color: #F4F4F4;flex-grow: 0;height: 12px;width: 16px\"><\/div>\n<div style=\"width: 0;height: 0;border-top: 8px solid #F4F4F4;border-left: 8px solid transparent\"><\/div>\n<\/div>\n<\/div>\n<div style=\"flex-direction: column;flex-grow: 1;justify-content: center;margin-bottom: 24px\">\n<div style=\"background-color: #F4F4F4;border-radius: 4px;flex-grow: 0;height: 14px;margin-bottom: 6px;width: 224px\"><\/div>\n<div style=\"background-color: #F4F4F4;border-radius: 4px;flex-grow: 0;height: 14px;width: 144px\"><\/div>\n<\/div>\n<p><\/a><\/p>\n<p style=\"color:#c9c8cd;font-family:Arial,sans-serif;font-size:14px;line-height:17px;margin-bottom:0;margin-top:8px;overflow:hidden;padding:8px 0 7px;text-align:center\"><a href=\"https:\/\/www.instagram.com\/reel\/DKznLboSztl\/?utm_source=ig_embed&amp;utm_campaign=loading\" style=\"color:#c9c8cd;font-family:Arial,sans-serif;font-size:14px;font-style:normal;font-weight:normal;line-height:17px;text-decoration:none\" target=\"_blank\">Uma publica\u00e7\u00e3o compartilhada por acidade on Ribeir\u00e3o (@acidadeonribeirao)<\/a><\/p>\n<\/div>\n<\/blockquote>\n<p>SAIBA MAIS<\/p>\n<p>\u2018Alegria\u2019, diz jogador Pedro Severino em v\u00eddeo ao deixar hospital ap\u00f3s 96 dias<\/p>\n<h2 class=\"wp-block-heading\"><strong>FIQUE ON<\/strong><\/h2>\n<p>Quer ficar por dentro de tudo que acontece em Ribeir\u00e3o Preto e regi\u00e3o? Ent\u00e3o siga os perfis do\u202facidade on\u202fno\u202f<a href=\"https:\/\/www.instagram.com\/acidadeonribeirao\" target=\"_blank\" rel=\"noreferrer noopener\">Instagram<\/a>\u202fe no\u202f<a href=\"https:\/\/www.facebook.com\/acidadeonribeirao\/\" target=\"_blank\" rel=\"noreferrer noopener\">Facebook<\/a>.<\/p>\n<p>Al\u00e9m disso, voc\u00ea pode receber as principais not\u00edcias diretamente no WhatsApp. Para isso, basta&nbsp;<a href=\"https:\/\/chat.whatsapp.com\/BjKQZ9oJwlz8VVT50NuePq\" target=\"_blank\" rel=\"noreferrer noopener\">entrar no grupo clicando aqui<\/a>.<\/p>\n<p>Por fim, se quiser fazer uma den\u00fancia ou sugerir uma reportagem sobre Ribeir\u00e3o Preto e regi\u00e3o, envie uma mensagem pelo WhatsApp: (16) 99117-7802.<\/p>\n<p>VEJA TAMB\u00c9M<\/p>\n<p>Qual \u00e9 a diferen\u00e7a entre a Irlanda e a Irlanda do Norte?<\/p>\n<p>O post V\u00eddeo: Veja o momento em que o jogador Pedro Severino deixa hospital sob aplausos apareceu primeiro em ACidade ON Ribeir\u00e3o Preto.<\/p>\n<p><script async src=\"\/\/www.instagram.com\/embed.js\"><\/script><br \/>\n<br \/><br \/>\n<br \/><a href=\"https:\/\/www.acidadeon.com\/ribeiraopreto\/esportes\/video-veja-o-momento-em-que-o-jogador-pedro-severino-deixa-hospital-sob-aplausos\/\">Source link <\/a><\/p>\n<!-- CONTENT END 1 -->\n","protected":false},"excerpt":{"rendered":"<p>O jogador Pedro Severino deixou o hospital sob aplausos na \u00faltima ter\u00e7a-feira (10), depois de sofrer um grave acidente de carro e permanecer internado por&#8230;<\/p>\n","protected":false},"author":1,"featured_media":72025,"comment_status":"open","ping_status":"open","sticky":false,"template":"","format":"standard","meta":{"advanced_seo_description":"","jetpack_seo_html_title":"","jetpack_seo_noindex":false,"jetpack_post_was_ever_published":false,"_jetpack_newsletter_access":"","_jetpack_dont_email_post_to_subs":false,"_jetpack_newsletter_tier_id":0,"_jetpack_memberships_contains_paywalled_content":false,"_jetpack_memberships_contains_paid_content":false,"footnotes":"","jetpack_publicize_message":"","jetpack_publicize_feature_enabled":true,"jetpack_social_post_already_shared":true,"jetpack_social_options":{"image_generator_settings":{"template":"highway","default_image_id":0,"font":"","enabled":false},"version":2}},"categories":[11],"tags":[],"class_list":["post-72024","post","type-post","status-publish","format-standard","has-post-thumbnail","hentry","category-noticias-de-ribeirao-preto-sp-e-regiao-ismael-colosi"],"jetpack_publicize_connections":[],"jetpack_featured_media_url":"https:\/\/i0.wp.com\/noticiasribeiraopreto.com.br\/wp-content\/uploads\/2025\/06\/WhatsApp-Image-2025-06-12-at-13.06.09_2025-06-12_16-06-44.webp.webp?fit=1200%2C1036&ssl=1","jetpack-related-posts":[{"id":72004,"url":"https:\/\/noticiasribeiraopreto.com.br\/index.php\/2025\/06\/12\/equipe-medica-atualiza-evolucao-do-jogador-pedro-severino-em-coletiva-de-imprensa-video\/","url_meta":{"origin":72024,"position":0},"title":"Equipe m\u00e9dica atualiza evolu\u00e7\u00e3o do jogador Pedro Severino em coletiva de imprensa; V\u00eddeo","author":"noticiasribeiraopreto.com.br","date":"12 de June de 2025","format":false,"excerpt":"A equipe m\u00e9dica que est\u00e1 \u00e0 frente do tratamento do jogador Pedro Severino concede uma entrevista coletiva \u00e0 imprensa na manh\u00e3 desta quinta-feira (12), no Hospital Unimed Ribeir\u00e3o Preto, onde o atleta esteve internado por 96 dias, ap\u00f3s sofrer um grave acidente de tr\u00e2nsito. Durante a coletiva, a m\u00e9dica Amanda\u2026","rel":"","context":"In &quot;Not\u00edcias de Ribeir\u00e3o Preto-SP e Regi\u00e3o&quot;","block_context":{"text":"Not\u00edcias de Ribeir\u00e3o Preto-SP e Regi\u00e3o","link":"https:\/\/noticiasribeiraopreto.com.br\/index.php\/category\/noticias-de-ribeirao-preto-sp-e-regiao-ismael-colosi\/"},"img":{"alt_text":"","src":"https:\/\/i0.wp.com\/noticiasribeiraopreto.com.br\/wp-content\/uploads\/2025\/06\/WhatsApp-Image-2025-06-12-at-10.36.11_2025-06-12_13-45-22.webp.webp?fit=1200%2C900&ssl=1&resize=350%2C200","width":350,"height":200,"srcset":"https:\/\/i0.wp.com\/noticiasribeiraopreto.com.br\/wp-content\/uploads\/2025\/06\/WhatsApp-Image-2025-06-12-at-10.36.11_2025-06-12_13-45-22.webp.webp?fit=1200%2C900&ssl=1&resize=350%2C200 1x, https:\/\/i0.wp.com\/noticiasribeiraopreto.com.br\/wp-content\/uploads\/2025\/06\/WhatsApp-Image-2025-06-12-at-10.36.11_2025-06-12_13-45-22.webp.webp?fit=1200%2C900&ssl=1&resize=525%2C300 1.5x, https:\/\/i0.wp.com\/noticiasribeiraopreto.com.br\/wp-content\/uploads\/2025\/06\/WhatsApp-Image-2025-06-12-at-10.36.11_2025-06-12_13-45-22.webp.webp?fit=1200%2C900&ssl=1&resize=700%2C400 2x, https:\/\/i0.wp.com\/noticiasribeiraopreto.com.br\/wp-content\/uploads\/2025\/06\/WhatsApp-Image-2025-06-12-at-10.36.11_2025-06-12_13-45-22.webp.webp?fit=1200%2C900&ssl=1&resize=1050%2C600 3x"},"classes":[]},{"id":72026,"url":"https:\/\/noticiasribeiraopreto.com.br\/index.php\/2025\/06\/12\/alegria-diz-jogador-pedro-severino-em-video-ao-deixar-hospital-apos-96-dias\/","url_meta":{"origin":72024,"position":1},"title":"\u2018Alegria\u2019, diz jogador Pedro Severino em v\u00eddeo ao deixar hospital ap\u00f3s 96 dias","author":"noticiasribeiraopreto.com.br","date":"12 de June de 2025","format":false,"excerpt":"Em um v\u00eddeo divulgado nesta quinta-feira (12), logo ap\u00f3s a coletiva de imprensa com a equipe m\u00e9dica que est\u00e1 \u00e0 frente do tratamento do jogador Pedro Severino, o atleta aparece ao lado dos pais, momentos antes de deixar o hospital onde ficou por 96 dias, e diz a palavra \u201calegria\u201d\u2026","rel":"","context":"In &quot;Not\u00edcias de Ribeir\u00e3o Preto-SP e Regi\u00e3o&quot;","block_context":{"text":"Not\u00edcias de Ribeir\u00e3o Preto-SP e Regi\u00e3o","link":"https:\/\/noticiasribeiraopreto.com.br\/index.php\/category\/noticias-de-ribeirao-preto-sp-e-regiao-ismael-colosi\/"},"img":{"alt_text":"","src":"https:\/\/i0.wp.com\/noticiasribeiraopreto.com.br\/wp-content\/uploads\/2025\/06\/PEDRO-SEVERINO_2025-06-12_15-06-42.webp.webp?fit=1200%2C761&ssl=1&resize=350%2C200","width":350,"height":200,"srcset":"https:\/\/i0.wp.com\/noticiasribeiraopreto.com.br\/wp-content\/uploads\/2025\/06\/PEDRO-SEVERINO_2025-06-12_15-06-42.webp.webp?fit=1200%2C761&ssl=1&resize=350%2C200 1x, https:\/\/i0.wp.com\/noticiasribeiraopreto.com.br\/wp-content\/uploads\/2025\/06\/PEDRO-SEVERINO_2025-06-12_15-06-42.webp.webp?fit=1200%2C761&ssl=1&resize=525%2C300 1.5x, https:\/\/i0.wp.com\/noticiasribeiraopreto.com.br\/wp-content\/uploads\/2025\/06\/PEDRO-SEVERINO_2025-06-12_15-06-42.webp.webp?fit=1200%2C761&ssl=1&resize=700%2C400 2x, https:\/\/i0.wp.com\/noticiasribeiraopreto.com.br\/wp-content\/uploads\/2025\/06\/PEDRO-SEVERINO_2025-06-12_15-06-42.webp.webp?fit=1200%2C761&ssl=1&resize=1050%2C600 3x"},"classes":[]},{"id":72022,"url":"https:\/\/noticiasribeiraopreto.com.br\/index.php\/2025\/06\/12\/eu-nao-subestimo-a-evolucao-dele-diz-medico-sobre-pedro-severino\/","url_meta":{"origin":72024,"position":2},"title":"&#8216;Eu n\u00e3o subestimo a evolu\u00e7\u00e3o dele&#8217;, diz m\u00e9dico sobre Pedro Severino","author":"noticiasribeiraopreto.com.br","date":"12 de June de 2025","format":false,"excerpt":"Ap\u00f3s quase 100 dias internado, o jogador Pedro Severino, de 19 anos, surpreende a todos com uma recupera\u00e7\u00e3o que vem sendo descrita como \u201csignificativa\u201d e \u201cmuito positiva\u201c, conforme a equipe m\u00e9dica. \u201cEstamos vindo aqui para contar uma hist\u00f3ria feliz, de resili\u00eancia, de supera\u00e7\u00e3o, que finaliza a primeira etapa, a finaliza\u00e7\u00e3o\u2026","rel":"","context":"In &quot;Not\u00edcias de Ribeir\u00e3o Preto-SP e Regi\u00e3o&quot;","block_context":{"text":"Not\u00edcias de Ribeir\u00e3o Preto-SP e Regi\u00e3o","link":"https:\/\/noticiasribeiraopreto.com.br\/index.php\/category\/noticias-de-ribeirao-preto-sp-e-regiao-ismael-colosi\/"},"img":{"alt_text":"","src":"https:\/\/i0.wp.com\/noticiasribeiraopreto.com.br\/wp-content\/uploads\/2025\/03\/Molde-Midiass-8_2025-03-04_17-03-50_jpg_2025-03-04_17-03-50.webp.webp?fit=960%2C539&ssl=1&resize=350%2C200","width":350,"height":200,"srcset":"https:\/\/i0.wp.com\/noticiasribeiraopreto.com.br\/wp-content\/uploads\/2025\/03\/Molde-Midiass-8_2025-03-04_17-03-50_jpg_2025-03-04_17-03-50.webp.webp?fit=960%2C539&ssl=1&resize=350%2C200 1x, https:\/\/i0.wp.com\/noticiasribeiraopreto.com.br\/wp-content\/uploads\/2025\/03\/Molde-Midiass-8_2025-03-04_17-03-50_jpg_2025-03-04_17-03-50.webp.webp?fit=960%2C539&ssl=1&resize=525%2C300 1.5x, https:\/\/i0.wp.com\/noticiasribeiraopreto.com.br\/wp-content\/uploads\/2025\/03\/Molde-Midiass-8_2025-03-04_17-03-50_jpg_2025-03-04_17-03-50.webp.webp?fit=960%2C539&ssl=1&resize=700%2C400 2x"},"classes":[]},{"id":70118,"url":"https:\/\/noticiasribeiraopreto.com.br\/index.php\/2025\/05\/22\/veja-o-momento-em-que-o-jogador-pedro-severino-acena-da-janela-do-hospital\/","url_meta":{"origin":72024,"position":3},"title":"Veja o momento em que o jogador Pedro Severino acena da janela do hospital","author":"noticiasribeiraopreto.com.br","date":"22 de May de 2025","format":false,"excerpt":"O jogador Pedro Severino, de 19 anos, que sofreu um grave acidente de tr\u00e2nsito no dia 4 de mar\u00e7o, em Americana, no interior de S\u00e3o Paulo, segue apresentando evolu\u00e7\u00e3o no quadro cl\u00ednico e n\u00e3o corre mais risco de morte. A informa\u00e7\u00e3o foi confirmada pelo pai do atleta, Lucas Severino. Na\u2026","rel":"","context":"In &quot;Not\u00edcias de Ribeir\u00e3o Preto-SP e Regi\u00e3o&quot;","block_context":{"text":"Not\u00edcias de Ribeir\u00e3o Preto-SP e Regi\u00e3o","link":"https:\/\/noticiasribeiraopreto.com.br\/index.php\/category\/noticias-de-ribeirao-preto-sp-e-regiao-ismael-colosi\/"},"img":{"alt_text":"","src":"https:\/\/i0.wp.com\/noticiasribeiraopreto.com.br\/wp-content\/uploads\/2025\/05\/Copia-de-Copia-de-Copia-de-TAMANHO-EXATO-PARA-FOTOS-NO-SISTEMA-NOVO-89_2025-05-22_23-51-26.webp.webp?fit=1200%2C675&ssl=1&resize=350%2C200","width":350,"height":200,"srcset":"https:\/\/i0.wp.com\/noticiasribeiraopreto.com.br\/wp-content\/uploads\/2025\/05\/Copia-de-Copia-de-Copia-de-TAMANHO-EXATO-PARA-FOTOS-NO-SISTEMA-NOVO-89_2025-05-22_23-51-26.webp.webp?fit=1200%2C675&ssl=1&resize=350%2C200 1x, https:\/\/i0.wp.com\/noticiasribeiraopreto.com.br\/wp-content\/uploads\/2025\/05\/Copia-de-Copia-de-Copia-de-TAMANHO-EXATO-PARA-FOTOS-NO-SISTEMA-NOVO-89_2025-05-22_23-51-26.webp.webp?fit=1200%2C675&ssl=1&resize=525%2C300 1.5x, https:\/\/i0.wp.com\/noticiasribeiraopreto.com.br\/wp-content\/uploads\/2025\/05\/Copia-de-Copia-de-Copia-de-TAMANHO-EXATO-PARA-FOTOS-NO-SISTEMA-NOVO-89_2025-05-22_23-51-26.webp.webp?fit=1200%2C675&ssl=1&resize=700%2C400 2x, https:\/\/i0.wp.com\/noticiasribeiraopreto.com.br\/wp-content\/uploads\/2025\/05\/Copia-de-Copia-de-Copia-de-TAMANHO-EXATO-PARA-FOTOS-NO-SISTEMA-NOVO-89_2025-05-22_23-51-26.webp.webp?fit=1200%2C675&ssl=1&resize=1050%2C600 3x"},"classes":[]},{"id":64399,"url":"https:\/\/noticiasribeiraopreto.com.br\/index.php\/2025\/03\/07\/depois-de-suspeita-de-morte-encefalica-pedro-severino-da-sinais-que-segue-lutando-pela-vida\/","url_meta":{"origin":72024,"position":4},"title":"Depois de suspeita de morte encef\u00e1lica, Pedro Severino d\u00e1 sinais que segue lutando pela vida","author":"noticiasribeiraopreto.com.br","date":"7 de March de 2025","format":false,"excerpt":"A Unimed Ribeir\u00e3o Preto divulgou informativo sobre a situa\u00e7\u00e3o do jogador Pedro Henrique Severino, de 19 anos. Ele segue em cuidados m\u00e9dicos na Unidade de Terapia Intensiva do Hospital Unimed Ribeir\u00e3o Preto, onde passa por uma s\u00e9rie de exames de imagem e monitoramento de suas fun\u00e7\u00f5es cerebrais. Houve suspeita de\u2026","rel":"","context":"In &quot;Not\u00edcias de Franca-SP&quot;","block_context":{"text":"Not\u00edcias de Franca-SP","link":"https:\/\/noticiasribeiraopreto.com.br\/index.php\/category\/noticias-de-ribeirao-preto-sp-e-regiao-ismael-colosi\/noticias-franca-sp\/"},"img":{"alt_text":"","src":"https:\/\/i0.wp.com\/noticiasribeiraopreto.com.br\/wp-content\/uploads\/2025\/03\/pedro-severiano-jogador-.png?fit=700%2C450&ssl=1&resize=350%2C200","width":350,"height":200,"srcset":"https:\/\/i0.wp.com\/noticiasribeiraopreto.com.br\/wp-content\/uploads\/2025\/03\/pedro-severiano-jogador-.png?fit=700%2C450&ssl=1&resize=350%2C200 1x, https:\/\/i0.wp.com\/noticiasribeiraopreto.com.br\/wp-content\/uploads\/2025\/03\/pedro-severiano-jogador-.png?fit=700%2C450&ssl=1&resize=525%2C300 1.5x, https:\/\/i0.wp.com\/noticiasribeiraopreto.com.br\/wp-content\/uploads\/2025\/03\/pedro-severiano-jogador-.png?fit=700%2C450&ssl=1&resize=700%2C400 2x"},"classes":[]},{"id":64589,"url":"https:\/\/noticiasribeiraopreto.com.br\/index.php\/2025\/03\/10\/jogador-pedro-severino-apresenta-reacao-a-estimulos-diz-hospital-em-novo-boletim-medico\/","url_meta":{"origin":72024,"position":5},"title":"Jogador Pedro Severino apresenta rea\u00e7\u00e3o a est\u00edmulos, diz hospital em novo boletim m\u00e9dico","author":"noticiasribeiraopreto.com.br","date":"10 de March de 2025","format":false,"excerpt":"O jogador Pedro Severino, de 19 anos, apresentou rea\u00e7\u00f5es a est\u00edmulos nas \u00faltimas 24 horas, segundo boletim m\u00e9dico divulgado na manh\u00e3 desta segunda-feira (10). Ele segue internado na UTI (Unidade de Terapia Intensiva) do Hospital Unimed Ribeir\u00e3o Preto, ap\u00f3s sofrer um acidente de carro na \u00faltima ter\u00e7a-feira (4). Conforme o\u2026","rel":"","context":"In &quot;Not\u00edcias de Ribeir\u00e3o Preto-SP e Regi\u00e3o&quot;","block_context":{"text":"Not\u00edcias de Ribeir\u00e3o Preto-SP e Regi\u00e3o","link":"https:\/\/noticiasribeiraopreto.com.br\/index.php\/category\/noticias-de-ribeirao-preto-sp-e-regiao-ismael-colosi\/"},"img":{"alt_text":"","src":"https:\/\/i0.wp.com\/noticiasribeiraopreto.com.br\/wp-content\/uploads\/2025\/03\/IMG-20250305-WA0006_2025-03-05_13-27-33_jpg_2025-03-05_13-27-33.webp.webp?fit=1200%2C799&ssl=1&resize=350%2C200","width":350,"height":200,"srcset":"https:\/\/i0.wp.com\/noticiasribeiraopreto.com.br\/wp-content\/uploads\/2025\/03\/IMG-20250305-WA0006_2025-03-05_13-27-33_jpg_2025-03-05_13-27-33.webp.webp?fit=1200%2C799&ssl=1&resize=350%2C200 1x, https:\/\/i0.wp.com\/noticiasribeiraopreto.com.br\/wp-content\/uploads\/2025\/03\/IMG-20250305-WA0006_2025-03-05_13-27-33_jpg_2025-03-05_13-27-33.webp.webp?fit=1200%2C799&ssl=1&resize=525%2C300 1.5x, https:\/\/i0.wp.com\/noticiasribeiraopreto.com.br\/wp-content\/uploads\/2025\/03\/IMG-20250305-WA0006_2025-03-05_13-27-33_jpg_2025-03-05_13-27-33.webp.webp?fit=1200%2C799&ssl=1&resize=700%2C400 2x, https:\/\/i0.wp.com\/noticiasribeiraopreto.com.br\/wp-content\/uploads\/2025\/03\/IMG-20250305-WA0006_2025-03-05_13-27-33_jpg_2025-03-05_13-27-33.webp.webp?fit=1200%2C799&ssl=1&resize=1050%2C600 3x"},"classes":[]}],"jetpack_sharing_enabled":true,"jetpack_shortlink":"https:\/\/wp.me\/peQAOb-iJG","_links":{"self":[{"href":"https:\/\/noticiasribeiraopreto.com.br\/index.php\/wp-json\/wp\/v2\/posts\/72024","targetHints":{"allow":["GET"]}}],"collection":[{"href":"https:\/\/noticiasribeiraopreto.com.br\/index.php\/wp-json\/wp\/v2\/posts"}],"about":[{"href":"https:\/\/noticiasribeiraopreto.com.br\/index.php\/wp-json\/wp\/v2\/types\/post"}],"author":[{"embeddable":true,"href":"https:\/\/noticiasribeiraopreto.com.br\/index.php\/wp-json\/wp\/v2\/users\/1"}],"replies":[{"embeddable":true,"href":"https:\/\/noticiasribeiraopreto.com.br\/index.php\/wp-json\/wp\/v2\/comments?post=72024"}],"version-history":[{"count":0,"href":"https:\/\/noticiasribeiraopreto.com.br\/index.php\/wp-json\/wp\/v2\/posts\/72024\/revisions"}],"wp:featuredmedia":[{"embeddable":true,"href":"https:\/\/noticiasribeiraopreto.com.br\/index.php\/wp-json\/wp\/v2\/media\/72025"}],"wp:attachment":[{"href":"https:\/\/noticiasribeiraopreto.com.br\/index.php\/wp-json\/wp\/v2\/media?parent=72024"}],"wp:term":[{"taxonomy":"category","embeddable":true,"href":"https:\/\/noticiasribeiraopreto.com.br\/index.php\/wp-json\/wp\/v2\/categories?post=72024"},{"taxonomy":"post_tag","embeddable":true,"href":"https:\/\/noticiasribeiraopreto.com.br\/index.php\/wp-json\/wp\/v2\/tags?post=72024"}],"curies":[{"name":"wp","href":"https:\/\/api.w.org\/{rel}","templated":true}]}}