{"id":7206,"date":"2023-11-27T18:27:38","date_gmt":"2023-11-27T21:27:38","guid":{"rendered":"https:\/\/noticiasribeiraopreto.com.br\/index.php\/2023\/11\/27\/quais-filmes-e-series-estreiam-nesta-semana-nos-streamings-veja-a-lista\/"},"modified":"2023-11-27T18:27:38","modified_gmt":"2023-11-27T21:27:38","slug":"quais-filmes-e-series-estreiam-nesta-semana-nos-streamings-veja-a-lista","status":"publish","type":"post","link":"https:\/\/noticiasribeiraopreto.com.br\/index.php\/2023\/11\/27\/quais-filmes-e-series-estreiam-nesta-semana-nos-streamings-veja-a-lista\/","title":{"rendered":"Quais filmes e s\u00e9ries estreiam nesta semana nos streamings? Veja a lista"},"content":{"rendered":"<div class='code-block code-block-1' style='margin: 8px 0 8px auto; text-align: right; display: block; clear: both;'>\n<p><a href=\"https:\/\/wa.link\/vpicfd\"><img data-recalc-dims=\"1\" class=\"wp-image-4922\" style=\"aspect-ratio: 2.0253164556962027; width: 561px; height: auto;\" src=\"https:\/\/i0.wp.com\/ismaelcolosi.com.br\/wp-content\/uploads\/2023\/11\/grupo-de-empregos-whatsapp-e-facebook-ismael-colosi-vagas.jpg?ssl=1\" alt=\"\" \/><\/a><\/p>\n<!-- \/wp:image -->\n<\/div>\n<p> <br \/>\n<\/p>\n<div>\n<div id=\"attachment_2314581\" class=\"wp-caption alignnone\">\n<div class=\"d-flex justify-content-center\" data-attachment-id=\"2314581\">\n<div class=\"position-relative d-inline-block\"><img src=\"https:\/\/catracalivre.com.br\/entretenimento\/16-filmes-e-series-estreiam-nesta-semana-nos-streamings-veja-destaques\/reprodu\u00e7\u00e3o\/Disney\" decoding=\"async\" fetchpriority=\"high\" class=\"size-full wp-image-2314581\" alt=\"Novos filmes e s\u00e9ries estreiam nos streamings; veja a llista\" width=\"1200\" height=\"660\" srcset=\"https:\/\/catracalivre.com.br\/wp-content\/uploads\/2023\/11\/fotos-catraca-2023-11-27t132847745.png 1200w, https:\/\/catracalivre.com.br\/wp-content\/uploads\/2023\/11\/fotos-catraca-2023-11-27t132847745-450x248.png 450w, https:\/\/catracalivre.com.br\/wp-content\/uploads\/2023\/11\/fotos-catraca-2023-11-27t132847745-768x422.png 768w\" sizes=\"(max-width: 1200px) 100vw, 1200px\"\/><\/p>\n<p>Cr\u00e9ditos: reprodu\u00e7\u00e3o\/Disney<\/p>\n<\/div>\n<\/div>\n<p><span class=\"post-imagem__legenda\">Novos filmes e s\u00e9ries estreiam nos streamings; veja a llista<\/span><\/p>\n<\/div>\n<p>Entre 26 de dezembro e 2 de dezembro, os <a href=\"https:\/\/catracalivre.com.br\/entretenimento\/5-streamings-mais-em-conta-que-a-netflix\/\" target=\"_blank\" rel=\"noopener\">streamings<\/a> prometem as estreias de grandes <a href=\"https:\/\/catracalivre.com.br\/agenda\/desconto-cinesala-sp\/\" target=\"_blank\" rel=\"noopener\">filmes<\/a> e s\u00e9ries. Para entrar em <a href=\"https:\/\/catracalivre.com.br\/entretenimento\/5-filmes-para-assistir-hoje-na-netflix-e-entrar-no-clima-natalino\/\" target=\"_blank\" rel=\"noopener\">clima de Natal<\/a>, \u201cRitmo de Natal\u201d, do <a href=\"https:\/\/globoplay.globo.com\/\" target=\"_blank\" rel=\"noopener\">Globoplay<\/a>, e \u201cA Batalha de Natal\u201d, do <a href=\"https:\/\/www.primevideo.com\/offers\/nonprimehomepage\/ref=dv_web_force_root\" target=\"_blank\" rel=\"noopener\">Prime Video<\/a>, est\u00e3o entre os destaques.<\/p>\n<p>De s\u00e9ries biogr\u00e1ficas a com\u00e9dias rom\u00e2nticas, vem conferir os principais <a href=\"https:\/\/catracalivre.com.br\/entretenimento\/9-lancamentos-da-netflix-desta-semana-que-voce-ainda-nao-viu\/\" target=\"_blank\" rel=\"noopener\">lan\u00e7amentos<\/a> das plataformas para os pr\u00f3ximos dias. Boa maratona comendo pipoca!<\/p>\n<ul>\n<li>\n<h2>\u201cBem\u2014Vindos \u00e0 Austr\u00e1lia\u201d \u2013 1\u00aa temporada da s\u00e9rie<\/h2>\n<\/li>\n<\/ul>\n<p><strong>Data de estreia: <\/strong>26 de novembro<br \/><strong>Plataforma de streaming:<\/strong> Star+<\/p>\n<p>A hist\u00f3ria gira em torno de uma aristocrata inglesa, Lady Sarah Ashley, que cruza o mundo para enfrentar seu marido rebelde e vender um bem incomum: uma fazenda de gado de 400 mil hectares no Outback australiano chamada \u201cFaraway Downs\u201d.<\/p>\n<p class=\"embed-responsive embed-responsive-16by9 mb-3 d-block\"><iframe loading=\"lazy\" title=\"Bem-Vindos \u00e0 Austr\u00e1lia | Trailer Oficial Dublado | Star+\" width=\"500\" height=\"281\" src=\"https:\/\/www.youtube.com\/embed\/JaReQT5ogxI?feature=oembed\" frameborder=\"0\" allow=\"accelerometer; autoplay; clipboard-write; encrypted-media; gyroscope; picture-in-picture; web-share\" referrerpolicy=\"strict-origin-when-cross-origin\" allowfullscreen><\/iframe><\/p>\n<ul>\n<li>\n<h2>\u201cO Voto de Morte\u201d \u2013 1\u00aa temporada da s\u00e9rie<\/h2>\n<\/li>\n<\/ul>\n<p><strong>Data de estreia: <\/strong>27 de novembro<br \/><strong>Plataforma de streaming:<\/strong> Prime Video<\/p>\n<p>Um justiceiro an\u00f4nimo conduz vota\u00e7\u00f5es digitais para condenar criminosos que escaparam da cadeia \u00e0 morte. A partir dessa elei\u00e7\u00e3o macabra, uma investiga\u00e7\u00e3o para desmascarar Gaetal acaba envolvendo um trio de especialistas numa dimens\u00e3o al\u00e9m da profissional.<\/p>\n<p class=\"embed-responsive embed-responsive-16by9 mb-3 d-block\"><iframe loading=\"lazy\" title=\"O Voto de Morte (The Killing Vote) \uad6d\ubbfc\uc0ac\ud615\ud22c\ud45c 2023 Trailer Official Prime Video\" width=\"500\" height=\"281\" src=\"https:\/\/www.youtube.com\/embed\/abfBf9XzvzA?feature=oembed\" frameborder=\"0\" allow=\"accelerometer; autoplay; clipboard-write; encrypted-media; gyroscope; picture-in-picture; web-share\" referrerpolicy=\"strict-origin-when-cross-origin\" allowfullscreen><\/iframe><\/p>\n<ul>\n<li>\n<h2>\u201cCirurgias e Artimanhas\u201d \u2014 1\u00aa temporada da s\u00e9rie<\/h2>\n<\/li>\n<\/ul>\n<p><strong>Data de estreia: <\/strong>29 de novembro<br \/><strong>Plataforma de streaming:<\/strong> Star+<\/p>\n<p>A s\u00e9rie explora a vida dupla do famoso pr\u00edncipe dos ladr\u00f5es de Charles Dickens, agora um cirurgi\u00e3o na Austr\u00e1lia dos anos 1850, mas ainda tentado pelo crime. \u00c9 uma hist\u00f3ria irreverente de reinven\u00e7\u00e3o, trai\u00e7\u00e3o e amor \u2013 tudo com um toque especial.<\/p>\n<p class=\"embed-responsive embed-responsive-16by9 mb-3 d-block\"><iframe loading=\"lazy\" title=\"Cirurgias e Artimanhas - season 1 Trailer Original\" frameborder=\"0\" width=\"500\" height=\"281\" src=\"https:\/\/geo.dailymotion.com\/player.html?video=x8pvb8l&amp;\" allowfullscreen=\"\" allow=\"autoplay; fullscreen; picture-in-picture\"><\/iframe><\/p>\n<ul>\n<li>\n<h2>\u201cSissi\u201d \u2013 2\u00aa temporada<\/h2>\n<\/li>\n<\/ul>\n<p><strong>Data de estreia: <\/strong>29 de novembro<br \/><strong>Plataforma de streaming:<\/strong> Globoplay<\/p>\n<p>O nascimento de seu filho e herdeiro do trono deveria ser a felicidade perfeita para Sisi e Franz. Em vez disso, esse momento alegre \u00e9 o \u00edmpeto para as lutas pelo poder na Europa e o in\u00edcio de in\u00fameros desafios privados para o casal.<\/p>\n<p class=\"embed-responsive embed-responsive-16by9 mb-3 d-block\"><a href=\"https:\/\/www.youtube.com\/watch?v=VBjjSFMjRyY\">https:\/\/www.youtube.com\/watch?v=VBjjSFMjRyY<\/a><\/p>\n<ul>\n<li>\n<h2>\u201cNas Ondas da F\u00e9\u201d \u2013 Filme<\/h2>\n<\/li>\n<\/ul>\n<p><strong>Data de estreia: <\/strong>29 de novembro<br \/><strong>Plataforma de streaming:<\/strong> Prime Video<\/p>\n<p>Hickson \u00e9 um homem de f\u00e9 que se vira como pode para pagar os boletos no fim do m\u00eas. At\u00e9 que ele conquista um emprego em uma r\u00e1dio evang\u00e9lica. Com talento, dedica\u00e7\u00e3o e um empurr\u00e3ozinho de <span class=\"yZlgBd\">J\u00e9ssika, sua esposa, ele vai descobrir que nem mesmo o c\u00e9u \u00e9 limite.<\/span><\/p>\n<p class=\"embed-responsive embed-responsive-16by9 mb-3 d-block\"><iframe loading=\"lazy\" title=\"Nas Ondas da F\u00e9 | Trailer Oficial | 12 de Janeiro Nos Cinemas\" width=\"500\" height=\"281\" src=\"https:\/\/www.youtube.com\/embed\/QKA5Zac6jjw?feature=oembed\" frameborder=\"0\" allow=\"accelerometer; autoplay; clipboard-write; encrypted-media; gyroscope; picture-in-picture; web-share\" referrerpolicy=\"strict-origin-when-cross-origin\" allowfullscreen><\/iframe><\/p>\n<ul>\n<li>\n<h2>\u201cA Magia de Aruna\u201d \u2013 1\u00aa temporada da s\u00e9rie<\/h2>\n<\/li>\n<\/ul>\n<p><strong>Data de estreia: <\/strong>29 de novembro<br \/><strong>Plataforma de streaming:<\/strong> Disney+<\/p>\n<p>A nova s\u00e9rie original brasileira da Disney acompanha a jovem Mima, uma adolescente que faz o que pode para esconder suas habilidades: um poder de hiper empatia, mas decide participar de uma competi\u00e7\u00e3o mesmo assim. Em um dos desafios, ela acaba perdendo o controle e acorda suas tr\u00eas Bruxas Guardi\u00e3s. Agora, elas precisaram lidar com Bruma, uma vil\u00e3 que se beneficia da crise solar em que a cidade vive.<\/p>\n<p class=\"embed-responsive embed-responsive-16by9 mb-3 d-block\"><iframe loading=\"lazy\" title=\"A Magia de Aruna | Trailer Oficial | Disney+\" width=\"500\" height=\"281\" src=\"https:\/\/www.youtube.com\/embed\/q9xURvz3fCM?feature=oembed\" frameborder=\"0\" allow=\"accelerometer; autoplay; clipboard-write; encrypted-media; gyroscope; picture-in-picture; web-share\" referrerpolicy=\"strict-origin-when-cross-origin\" allowfullscreen><\/iframe><\/p>\n<ul>\n<li>\n<h2>\u201cSaturdays \u2013 Pista de Patina\u00e7\u00e3o\u201d \u2013 1\u00aa temporada da s\u00e9rie<\/h2>\n<\/li>\n<\/ul>\n<p><strong>Data de estreia: <\/strong>29 de novembro<br \/><strong>Plataforma de streaming:<\/strong> Disney+<\/p>\n<p>Na s\u00e9rie, a jovem Paris Johnson e suas melhores amigas formam uma equipe de patina\u00e7\u00e3o em que todas est\u00e3o determinadas a mostrar e provar que t\u00eam as rotinas mais sensacionais do planeta.<\/p>\n<p class=\"embed-responsive embed-responsive-16by9 mb-3 d-block\"><iframe loading=\"lazy\" title=\"Chamada Saturdays - Pista de Patina\u00e7\u00e3o - Disney Channel\" width=\"500\" height=\"281\" src=\"https:\/\/www.youtube.com\/embed\/u5a-oM4SpZ4?feature=oembed\" frameborder=\"0\" allow=\"accelerometer; autoplay; clipboard-write; encrypted-media; gyroscope; picture-in-picture; web-share\" referrerpolicy=\"strict-origin-when-cross-origin\" allowfullscreen><\/iframe><\/p>\n<ul>\n<li>\n<h2><strong>\u201cVirgin River\u201d \u2013 Parte 2 da 5\u00aa temporada da s\u00e9rie<\/strong><\/h2>\n<\/li>\n<\/ul>\n<p><strong>Data de estreia: <\/strong>30 de novembro<br \/><strong>Plataforma de streaming:<\/strong> Netflix<\/p>\n<p>Mel se adapta a outro ritmo de vida. Jack trabalha para ampliar os neg\u00f3cios. Novas revela\u00e7\u00f5es e amea\u00e7as abalam Virgin River.<\/p>\n<p class=\"embed-responsive embed-responsive-16by9 mb-3 d-block\"><iframe loading=\"lazy\" title=\"Virgin River | Temporada 5: parte 1 | Trailer Oficial | Netflix Brasil\" width=\"500\" height=\"281\" src=\"https:\/\/www.youtube.com\/embed\/xbUo58Xb2AM?feature=oembed\" frameborder=\"0\" allow=\"accelerometer; autoplay; clipboard-write; encrypted-media; gyroscope; picture-in-picture; web-share\" referrerpolicy=\"strict-origin-when-cross-origin\" allowfullscreen><\/iframe><\/p>\n<ul>\n<li>\n<h2>\u201cRitmo de Natal\u201d \u2013 Filme<\/h2>\n<\/li>\n<\/ul>\n<p><strong>Data de estreia: <\/strong>30 de novembro<br \/><strong>Plataforma de streaming:<\/strong> Globoplay<\/p>\n<p>Dante, um violinista da orquestra sinf\u00f4nica, planeja pedir sua namorada Mileny, uma funkeira de sucesso, em casamento, o que causa uma confus\u00e3o entre fam\u00edlias em plena v\u00e9spera de Natal. Agora, as diferen\u00e7as entre seus pais v\u00e3o amea\u00e7ar, n\u00e3o s\u00f3 o natal, mas tamb\u00e9m o relacionamento.<\/p>\n<div id=\"attachment_2314567\" class=\"wp-caption alignnone\">\n<div class=\"d-flex justify-content-center\" data-attachment-id=\"2314567\">\n<div class=\"position-relative d-inline-block\"><img src=\"https:\/\/catracalivre.com.br\/entretenimento\/16-filmes-e-series-estreiam-nesta-semana-nos-streamings-veja-destaques\/reprodu\u00e7\u00e3o\/Globo\/Manuella Mello\" decoding=\"async\" loading=\"lazy\" class=\"size-full wp-image-2314567\" alt=\"Elenco do filme nacional \u201cRitmo de Natal\u201d\" width=\"1200\" height=\"660\" srcset=\"https:\/\/catracalivre.com.br\/wp-content\/uploads\/2023\/11\/fotos-catraca-2023-11-27t131629742.png 1200w, https:\/\/catracalivre.com.br\/wp-content\/uploads\/2023\/11\/fotos-catraca-2023-11-27t131629742-450x248.png 450w, https:\/\/catracalivre.com.br\/wp-content\/uploads\/2023\/11\/fotos-catraca-2023-11-27t131629742-768x422.png 768w\" sizes=\"auto, (max-width: 1200px) 100vw, 1200px\"\/><\/p>\n<p>Cr\u00e9ditos: reprodu\u00e7\u00e3o\/Globo\/Manuella Mello<\/p>\n<\/div>\n<\/div>\n<p><span class=\"post-imagem__legenda\">Elenco do filme nacional \u201cRitmo de Natal\u201d<\/span><\/p>\n<\/div>\n<ul>\n<li>\n<h2><strong>\u201cExplosivos\u201d \u2013 S\u00e9rie<\/strong><\/h2>\n<\/li>\n<\/ul>\n<p><strong>Data de estreia: <\/strong>30 de novembro<br \/><strong>Plataforma de streaming:<\/strong> Netflix<\/p>\n<p>Nesta s\u00e9rie de com\u00e9dia e a\u00e7\u00e3o cheia de adrenalina dos criadores de Cobra Kai, uma equipe de elite enfrenta uma perigosa amea\u00e7a em Las Vegas.<\/p>\n<p class=\"embed-responsive embed-responsive-16by9 mb-3 d-block\"><iframe loading=\"lazy\" title=\"Explosivos | Trailer Oficial | Netflix Brasil\" width=\"500\" height=\"281\" src=\"https:\/\/www.youtube.com\/embed\/UVjg4fr-eJY?feature=oembed\" frameborder=\"0\" allow=\"accelerometer; autoplay; clipboard-write; encrypted-media; gyroscope; picture-in-picture; web-share\" referrerpolicy=\"strict-origin-when-cross-origin\" allowfullscreen><\/iframe><\/p>\n<p><strong>Data de estreia: <\/strong>30 de novembro<br \/><strong>Plataforma de streaming:<\/strong> Netflix<\/p>\n<p>Uma fam\u00edlia encara uma situa\u00e7\u00e3o ca\u00f3tica quando um raro evento c\u00f3smico faz os pais trocarem de corpo com os filhos adolescentes, logo antes do Natal.<\/p>\n<p class=\"embed-responsive embed-responsive-16by9 mb-3 d-block\"><iframe loading=\"lazy\" title=\"Trocados | Jennifer Garner e Ed Helms | Trailer oficial | Netflix\" width=\"500\" height=\"281\" src=\"https:\/\/www.youtube.com\/embed\/8ZG1tHjrTfc?feature=oembed\" frameborder=\"0\" allow=\"accelerometer; autoplay; clipboard-write; encrypted-media; gyroscope; picture-in-picture; web-share\" referrerpolicy=\"strict-origin-when-cross-origin\" allowfullscreen><\/iframe><\/p>\n<ul>\n<li>\n<h2><strong>\u201cO \u00daltimo dos Moicanos\u201d \u2013 Filme<\/strong><\/h2>\n<\/li>\n<\/ul>\n<p><strong>Data de estreia: <\/strong>1\u00ba de dezembro<br \/><strong>Plataforma de streaming:<\/strong> Netflix<\/p>\n<p>Na \u00e9poca colonial, um homem ingl\u00eas criado por povos nativos nos EUA se apaixona pela filha de um coronel brit\u00e2nico e acaba envolvido no sangrento conflito imperial.<\/p>\n<p class=\"embed-responsive embed-responsive-16by9 mb-3 d-block\"><iframe loading=\"lazy\" title=\"O \u00faltimo dos moicanos 1992 (The Last of the Mohicans) - Trailer musical\" width=\"500\" height=\"375\" src=\"https:\/\/www.youtube.com\/embed\/8DgbqbiLA-4?feature=oembed\" frameborder=\"0\" allow=\"accelerometer; autoplay; clipboard-write; encrypted-media; gyroscope; picture-in-picture; web-share\" referrerpolicy=\"strict-origin-when-cross-origin\" allowfullscreen><\/iframe><\/p>\n<ul>\n<li>\n<h2>\u201cBetinho: No Fio da Navalha\u201d \u2013 S\u00e9rie<\/h2>\n<\/li>\n<\/ul>\n<p><strong>Data de estreia: <\/strong>1\u00ba de dezembro<br \/><strong>Plataforma de streaming:<\/strong> Globoplay<\/p>\n<p>A s\u00e9rie \u00e9 baseada na biografia de Herbert Jos\u00e9 de Souza, soci\u00f3logo, ativista pelos direitos humanos e s\u00edmbolo do combate \u00e0 fome no Brasil. Ele foi o brasileiro que chegou mais perto de ganhar o\u00a0pr\u00eamio Nobel\u00a0da Paz.<\/p>\n<p class=\"embed-responsive embed-responsive-16by9 mb-3 d-block\"><iframe loading=\"lazy\" title=\"Betinho: No Fio Da Navalha| Teaser | S\u00e9rie Original Globoplay\" width=\"500\" height=\"281\" src=\"https:\/\/www.youtube.com\/embed\/l2b3US5Q34s?feature=oembed\" frameborder=\"0\" allow=\"accelerometer; autoplay; clipboard-write; encrypted-media; gyroscope; picture-in-picture; web-share\" referrerpolicy=\"strict-origin-when-cross-origin\" allowfullscreen><\/iframe><\/p>\n<ul>\n<li>\n<h2><strong>\u201cSweet Home\u201d \u2013 2\u00aa temporada da s\u00e9rie<\/strong><\/h2>\n<\/li>\n<\/ul>\n<p><strong>Data de estreia: <\/strong>1\u00ba de dezembro<br \/><strong>Plataforma de streaming:<\/strong> Netflix<\/p>\n<p>Quem est\u00e1 batendo \u00e0 porta? Um monstro, um humano, um h\u00edbrido\u2026 Os riscos s\u00e3o maiores do que nunca, o caos toma conta e ningu\u00e9m est\u00e1 a salvo da infec\u00e7\u00e3o.<\/p>\n<p class=\"embed-responsive embed-responsive-16by9 mb-3 d-block\"><iframe loading=\"lazy\" title=\"Sweet Home 2 | Trailer oficial | Netflix\" width=\"500\" height=\"281\" src=\"https:\/\/www.youtube.com\/embed\/ottSsbJmth8?feature=oembed\" frameborder=\"0\" allow=\"accelerometer; autoplay; clipboard-write; encrypted-media; gyroscope; picture-in-picture; web-share\" referrerpolicy=\"strict-origin-when-cross-origin\" allowfullscreen><\/iframe><\/p>\n<ul>\n<li>\n<h2>\u201cN\u00e3o Enche!\u201d \u2013 Filme<\/h2>\n<\/li>\n<\/ul>\n<p><strong>Data de estreia: <\/strong>1\u00ba de dezembro<br \/><strong>Plataforma de streaming:<\/strong> Netflix<\/p>\n<p>Ap\u00f3s se conhecerem em um grupo de controle da raiva, duas mulheres se unem para expor um cirurgi\u00e3o pl\u00e1stico picareta e se tornam amigas em uma jornada transformadora.<\/p>\n<p class=\"embed-responsive embed-responsive-16by9 mb-3 d-block\"><iframe loading=\"lazy\" title=\"No me rompan - Trailer Oficial\" width=\"500\" height=\"281\" src=\"https:\/\/www.youtube.com\/embed\/OwxZamRXzaQ?feature=oembed\" frameborder=\"0\" allow=\"accelerometer; autoplay; clipboard-write; encrypted-media; gyroscope; picture-in-picture; web-share\" referrerpolicy=\"strict-origin-when-cross-origin\" allowfullscreen><\/iframe><\/p>\n<ul>\n<li>\n<h2>\u201cA Batalha de Natal\u201d \u2013 Filme<\/h2>\n<\/li>\n<\/ul>\n<p><strong>Data de estreia: <\/strong>1\u00ba de dezembro<br \/><strong>Plataforma de streaming:<\/strong> Prime Video<\/p>\n<p>Depois que Chris faz um acordo com uma elfa para aumentar suas chances de vencer o concurso anual de decora\u00e7\u00e3o de Natal, ela lan\u00e7a um feiti\u00e7o que d\u00e1 vida aos 12 dias de Natal e causa estragos em toda a cidade. Correndo o risco de arruinar as f\u00e9rias de sua fam\u00edlia, Chris, sua esposa Carol e seus tr\u00eas filhos devem correr contra o rel\u00f3gio para quebrar o feiti\u00e7o e salvar o Natal.<\/p>\n<p class=\"embed-responsive embed-responsive-16by9 mb-3 d-block\"><iframe loading=\"lazy\" title=\"A Batalha de Natal | Trailer Oficial | Prime Video\" width=\"500\" height=\"281\" src=\"https:\/\/www.youtube.com\/embed\/_IipoDc5bpg?feature=oembed\" frameborder=\"0\" allow=\"accelerometer; autoplay; clipboard-write; encrypted-media; gyroscope; picture-in-picture; web-share\" referrerpolicy=\"strict-origin-when-cross-origin\" allowfullscreen><\/iframe><\/p>\n<\/div>\n<p><script>\n\t\t! function(f, b, e, v, n, t, s) {\n\t\t\tif (f.fbq) return;\n\t\t\tn = f.fbq = function() {\n\t\t\t\tn.callMethod ?\n\t\t\t\t\tn.callMethod.apply(n, arguments) : n.queue.push(arguments)\n\t\t\t};\n\t\t\tif (!f._fbq) f._fbq = n;\n\t\t\tn.push = n;\n\t\t\tn.loaded = !0;\n\t\t\tn.version = '2.0';\n\t\t\tn.queue = [];\n\t\t\tt = b.createElement(e);\n\t\t\tt.async = !0;\n\t\t\tt.src = v;\n\t\t\ts = b.getElementsByTagName(e)[0];\n\t\t\ts.parentNode.insertBefore(t, s)\n\t\t}(window, document, 'script',\n\t\t\t'https:\/\/connect.facebook.net\/en_US\/fbevents.js');\n\t\tfbq('init', '338315473262380');\n\t\tfbq('track', 'PageView');\n\t<\/script><br \/>\n<br \/><br \/>\n<br \/><a href=\"https:\/\/catracalivre.com.br\/entretenimento\/16-filmes-e-series-estreiam-nesta-semana-nos-streamings-veja-destaques\/\">Source link <\/a><\/p>\n<!-- CONTENT END 1 -->\n","protected":false},"excerpt":{"rendered":"<p>Cr\u00e9ditos: reprodu\u00e7\u00e3o\/Disney Novos filmes e s\u00e9ries estreiam nos streamings; veja a llista Entre 26 de dezembro e 2 de dezembro, os streamings prometem as estreias&#8230;<\/p>\n","protected":false},"author":1,"featured_media":7207,"comment_status":"open","ping_status":"open","sticky":false,"template":"","format":"standard","meta":{"advanced_seo_description":"","jetpack_seo_html_title":"","jetpack_seo_noindex":false,"jetpack_post_was_ever_published":false,"_jetpack_newsletter_access":"","_jetpack_dont_email_post_to_subs":false,"_jetpack_newsletter_tier_id":0,"_jetpack_memberships_contains_paywalled_content":false,"_jetpack_memberships_contains_paid_content":false,"footnotes":"","jetpack_publicize_message":"","jetpack_publicize_feature_enabled":true,"jetpack_social_post_already_shared":true,"jetpack_social_options":{"image_generator_settings":{"template":"highway","default_image_id":0,"font":"","enabled":false},"version":2}},"categories":[19],"tags":[],"class_list":["post-7206","post","type-post","status-publish","format-standard","has-post-thumbnail","hentry","category-variedades"],"jetpack_publicize_connections":[],"jetpack_featured_media_url":"https:\/\/i0.wp.com\/noticiasribeiraopreto.com.br\/wp-content\/uploads\/2023\/11\/fotos-catraca-2023-11-27t132847745.png?fit=1200%2C638&ssl=1","jetpack-related-posts":[{"id":10666,"url":"https:\/\/noticiasribeiraopreto.com.br\/index.php\/2023\/12\/04\/estes-11-filmes-estreiam-nos-cinemas-ainda-em-2023-veja-a-lista\/","url_meta":{"origin":7206,"position":0},"title":"Estes 11 filmes estreiam nos cinemas ainda em 2023; veja a lista","author":"noticiasribeiraopreto.com.br","date":"4 de December de 2023","format":false,"excerpt":"Cr\u00e9ditos: Depositphotos\/SeventyFourFilmes que estreiam ainda em 2023 nos cinemas Dezembro est\u00e1 chegando e, com ele, o p\u00fablico ter\u00e1 as \u00faltimas estreias de 2023. Ainda d\u00e1 tempo de ir aos cinemas neste ano, hein?! Para os amantes dos filmes brasileiros, a lista traz diversos lan\u00e7amentos in\u00e9ditos, incluindo o\u00a0filme biogr\u00e1fico da\u00a0banda Mamonas\u2026","rel":"","context":"In &quot;Variedades&quot;","block_context":{"text":"Variedades","link":"https:\/\/noticiasribeiraopreto.com.br\/index.php\/category\/variedades\/"},"img":{"alt_text":"","src":"https:\/\/i0.wp.com\/noticiasribeiraopreto.com.br\/wp-content\/uploads\/2023\/12\/depositphotos-677085492-xl-scaled.jpg?fit=1200%2C638&ssl=1&resize=350%2C200","width":350,"height":200,"srcset":"https:\/\/i0.wp.com\/noticiasribeiraopreto.com.br\/wp-content\/uploads\/2023\/12\/depositphotos-677085492-xl-scaled.jpg?fit=1200%2C638&ssl=1&resize=350%2C200 1x, https:\/\/i0.wp.com\/noticiasribeiraopreto.com.br\/wp-content\/uploads\/2023\/12\/depositphotos-677085492-xl-scaled.jpg?fit=1200%2C638&ssl=1&resize=525%2C300 1.5x, https:\/\/i0.wp.com\/noticiasribeiraopreto.com.br\/wp-content\/uploads\/2023\/12\/depositphotos-677085492-xl-scaled.jpg?fit=1200%2C638&ssl=1&resize=700%2C400 2x, https:\/\/i0.wp.com\/noticiasribeiraopreto.com.br\/wp-content\/uploads\/2023\/12\/depositphotos-677085492-xl-scaled.jpg?fit=1200%2C638&ssl=1&resize=1050%2C600 3x"},"classes":[]},{"id":7164,"url":"https:\/\/noticiasribeiraopreto.com.br\/index.php\/2023\/11\/27\/estes-filmes-nacionais-estreiam-ainda-em-2023-nos-cinemas-e-voce-precisa-ver\/","url_meta":{"origin":7206,"position":1},"title":"Estes filmes nacionais estreiam ainda em 2023 nos cinemas e voc\u00ea precisa\u00a0ver","author":"noticiasribeiraopreto.com.br","date":"27 de November de 2023","format":false,"excerpt":"Cr\u00e9ditos: iStock\/batuhan toker Foi aqui que pediram novidades no cinema nacional? Alguns filmes chegam ainda em 2023 e voc\u00ea n\u00e3o pode perder a chance de ir aos cinemas. Dezembro promete grandes estreias para os cin\u00e9filos e amantes dos longas brasileiros. Tem as atrizes Larissa Manoela, Ingrid Guimar\u00e3es e Tat\u00e1 Werneck\u2026","rel":"","context":"In &quot;Variedades&quot;","block_context":{"text":"Variedades","link":"https:\/\/noticiasribeiraopreto.com.br\/index.php\/category\/variedades\/"},"img":{"alt_text":"","src":"https:\/\/i0.wp.com\/noticiasribeiraopreto.com.br\/wp-content\/uploads\/2023\/11\/istock-1271522553-scaled.jpg?fit=1200%2C638&ssl=1&resize=350%2C200","width":350,"height":200,"srcset":"https:\/\/i0.wp.com\/noticiasribeiraopreto.com.br\/wp-content\/uploads\/2023\/11\/istock-1271522553-scaled.jpg?fit=1200%2C638&ssl=1&resize=350%2C200 1x, https:\/\/i0.wp.com\/noticiasribeiraopreto.com.br\/wp-content\/uploads\/2023\/11\/istock-1271522553-scaled.jpg?fit=1200%2C638&ssl=1&resize=525%2C300 1.5x, https:\/\/i0.wp.com\/noticiasribeiraopreto.com.br\/wp-content\/uploads\/2023\/11\/istock-1271522553-scaled.jpg?fit=1200%2C638&ssl=1&resize=700%2C400 2x, https:\/\/i0.wp.com\/noticiasribeiraopreto.com.br\/wp-content\/uploads\/2023\/11\/istock-1271522553-scaled.jpg?fit=1200%2C638&ssl=1&resize=1050%2C600 3x"},"classes":[]},{"id":4024,"url":"https:\/\/noticiasribeiraopreto.com.br\/index.php\/2023\/11\/20\/7-series-imperdiveis-estreiam-na-netflix-ainda-em-2023\/","url_meta":{"origin":7206,"position":2},"title":"7 s\u00e9ries imperd\u00edveis estreiam na Netflix ainda em 2023","author":"noticiasribeiraopreto.com.br","date":"20 de November de 2023","format":false,"excerpt":"Cr\u00e9ditos: Unsplash\/David BalevS\u00e9ries que estreiam na Netflix ainda em 2023 2023 est\u00e1 longe do fim na Netflix! O servi\u00e7o de streaming ainda tem s\u00e9ries in\u00e9ditas para lan\u00e7ar at\u00e9 as \u00faltimas semanas do ano. Entre os destaques, os assinantes ter\u00e3o o reality show \u201cRound 6: O Desafio\u201c, novos epis\u00f3dios da 5\u00aa\u2026","rel":"","context":"In &quot;Variedades&quot;","block_context":{"text":"Variedades","link":"https:\/\/noticiasribeiraopreto.com.br\/index.php\/category\/variedades\/"},"img":{"alt_text":"","src":"https:\/\/i0.wp.com\/noticiasribeiraopreto.com.br\/wp-content\/uploads\/2023\/11\/david-balev-ilwdw2lsozk-unsplash-scaled-e1687794401621.jpg?fit=1200%2C638&ssl=1&resize=350%2C200","width":350,"height":200,"srcset":"https:\/\/i0.wp.com\/noticiasribeiraopreto.com.br\/wp-content\/uploads\/2023\/11\/david-balev-ilwdw2lsozk-unsplash-scaled-e1687794401621.jpg?fit=1200%2C638&ssl=1&resize=350%2C200 1x, https:\/\/i0.wp.com\/noticiasribeiraopreto.com.br\/wp-content\/uploads\/2023\/11\/david-balev-ilwdw2lsozk-unsplash-scaled-e1687794401621.jpg?fit=1200%2C638&ssl=1&resize=525%2C300 1.5x, https:\/\/i0.wp.com\/noticiasribeiraopreto.com.br\/wp-content\/uploads\/2023\/11\/david-balev-ilwdw2lsozk-unsplash-scaled-e1687794401621.jpg?fit=1200%2C638&ssl=1&resize=700%2C400 2x, https:\/\/i0.wp.com\/noticiasribeiraopreto.com.br\/wp-content\/uploads\/2023\/11\/david-balev-ilwdw2lsozk-unsplash-scaled-e1687794401621.jpg?fit=1200%2C638&ssl=1&resize=1050%2C600 3x"},"classes":[]},{"id":60888,"url":"https:\/\/noticiasribeiraopreto.com.br\/index.php\/2024\/11\/28\/moana-2-e-a-contadora-de-filmes-estreiam-nos-cinemas-de-ribeirao-preto\/","url_meta":{"origin":7206,"position":3},"title":"\u2018Moana 2\u2019 e \u2018A Contadora de Filmes\u2019 estreiam nos cinemas de Ribeir\u00e3o Preto","author":"noticiasribeiraopreto.com.br","date":"28 de November de 2024","format":false,"excerpt":"Esta quinta-feira (28) \u00e9 marcada pelo lan\u00e7amento de dois filmes nos cinemas de Ribeir\u00e3o Preto. Uma das grandes apostas do ano \u201cMoana 2\u201d e o longa chileno \u201cA Contadora de Filmes\u201d entram em cartaz. Ribeir\u00e3o Preto conta com quatro cinemas, o UCI localizado no Ribeir\u00e3o Shopping, o Cinep\u00f3lis nos shoppings\u2026","rel":"","context":"In &quot;Not\u00edcias de Ribeir\u00e3o Preto-SP e Regi\u00e3o&quot;","block_context":{"text":"Not\u00edcias de Ribeir\u00e3o Preto-SP e Regi\u00e3o","link":"https:\/\/noticiasribeiraopreto.com.br\/index.php\/category\/noticias-de-ribeirao-preto-sp-e-regiao-ismael-colosi\/"},"img":{"alt_text":"","src":"https:\/\/i0.wp.com\/noticiasribeiraopreto.com.br\/wp-content\/uploads\/2024\/11\/novo-poster-moana_2024-11-28_12-14-29.webp.webp?fit=1200%2C675&ssl=1&resize=350%2C200","width":350,"height":200,"srcset":"https:\/\/i0.wp.com\/noticiasribeiraopreto.com.br\/wp-content\/uploads\/2024\/11\/novo-poster-moana_2024-11-28_12-14-29.webp.webp?fit=1200%2C675&ssl=1&resize=350%2C200 1x, https:\/\/i0.wp.com\/noticiasribeiraopreto.com.br\/wp-content\/uploads\/2024\/11\/novo-poster-moana_2024-11-28_12-14-29.webp.webp?fit=1200%2C675&ssl=1&resize=525%2C300 1.5x, https:\/\/i0.wp.com\/noticiasribeiraopreto.com.br\/wp-content\/uploads\/2024\/11\/novo-poster-moana_2024-11-28_12-14-29.webp.webp?fit=1200%2C675&ssl=1&resize=700%2C400 2x, https:\/\/i0.wp.com\/noticiasribeiraopreto.com.br\/wp-content\/uploads\/2024\/11\/novo-poster-moana_2024-11-28_12-14-29.webp.webp?fit=1200%2C675&ssl=1&resize=1050%2C600 3x"},"classes":[]},{"id":62515,"url":"https:\/\/noticiasribeiraopreto.com.br\/index.php\/2025\/01\/16\/aqui-e-mma-meu-melhor-amigo-estreiam-nos-cinemas-de-ribeirao-preto\/","url_meta":{"origin":7206,"position":4},"title":"\u2018Aqui\u2019 e \u2018MMA \u2013 Meu Melhor Amigo\u2019 estreiam nos cinemas de Ribeir\u00e3o Preto","author":"noticiasribeiraopreto.com.br","date":"16 de January de 2025","format":false,"excerpt":"Nesta quinta-feira (16), os cinemas de Ribeir\u00e3o Preto recebem quatro novos filmes em sua programa\u00e7\u00e3o. Estreiam produ\u00e7\u00f5es de drama, biogr\u00e1fico e terror. Entre os destaques est\u00e3o \u201cAqui\u201d e \u201cMMA \u2013 Meu Melhor Amigo\u201d.\u00a0Veja os longas em cartaz abaixo. Ribeir\u00e3o Preto conta com quatro cinemas, o UCI localizado no Ribeir\u00e3o Shopping,\u2026","rel":"","context":"In &quot;Not\u00edcias de Ribeir\u00e3o Preto-SP e Regi\u00e3o&quot;","block_context":{"text":"Not\u00edcias de Ribeir\u00e3o Preto-SP e Regi\u00e3o","link":"https:\/\/noticiasribeiraopreto.com.br\/index.php\/category\/noticias-de-ribeirao-preto-sp-e-regiao-ismael-colosi\/"},"img":{"alt_text":"","src":"https:\/\/i0.wp.com\/noticiasribeiraopreto.com.br\/wp-content\/uploads\/2025\/01\/aqui-tom-hanks_2025-01-16_15-08-40-scaled.webp.webp?fit=1200%2C675&ssl=1&resize=350%2C200","width":350,"height":200,"srcset":"https:\/\/i0.wp.com\/noticiasribeiraopreto.com.br\/wp-content\/uploads\/2025\/01\/aqui-tom-hanks_2025-01-16_15-08-40-scaled.webp.webp?fit=1200%2C675&ssl=1&resize=350%2C200 1x, https:\/\/i0.wp.com\/noticiasribeiraopreto.com.br\/wp-content\/uploads\/2025\/01\/aqui-tom-hanks_2025-01-16_15-08-40-scaled.webp.webp?fit=1200%2C675&ssl=1&resize=525%2C300 1.5x, https:\/\/i0.wp.com\/noticiasribeiraopreto.com.br\/wp-content\/uploads\/2025\/01\/aqui-tom-hanks_2025-01-16_15-08-40-scaled.webp.webp?fit=1200%2C675&ssl=1&resize=700%2C400 2x, https:\/\/i0.wp.com\/noticiasribeiraopreto.com.br\/wp-content\/uploads\/2025\/01\/aqui-tom-hanks_2025-01-16_15-08-40-scaled.webp.webp?fit=1200%2C675&ssl=1&resize=1050%2C600 3x"},"classes":[]},{"id":81170,"url":"https:\/\/noticiasribeiraopreto.com.br\/index.php\/2025\/12\/26\/tres-novos-filmes-estreiam-nos-cinemas-de-ribeirao-preto-nesta-quinta-feira-veja-quais\/","url_meta":{"origin":7206,"position":5},"title":"Tr\u00eas novos filmes estreiam nos cinemas de Ribeir\u00e3o Preto nesta quinta-feira; Veja quais","author":"noticiasribeiraopreto.com.br","date":"26 de December de 2025","format":false,"excerpt":"A \u00faltima quinta-feira (25) de 2025 marca a estreia de tr\u00eas novos filmes nos cinemas de Ribeir\u00e3o Preto. A programa\u00e7\u00e3o traz produ\u00e7\u00f5es que misturam a\u00e7\u00e3o, aventura, anima\u00e7\u00e3o, com\u00e9dia e drama. Ribeir\u00e3o Preto conta com quatro cinemas, o\u00a0UCI\u00a0localizado no Ribeir\u00e3o Shopping, o\u00a0Cinep\u00f3lis\u00a0nos shoppings Santa \u00darsula e Iguatemi e o\u00a0Cinemark, no Novo\u2026","rel":"","context":"In &quot;Not\u00edcias de Ribeir\u00e3o Preto-SP e Regi\u00e3o&quot;","block_context":{"text":"Not\u00edcias de Ribeir\u00e3o Preto-SP e Regi\u00e3o","link":"https:\/\/noticiasribeiraopreto.com.br\/index.php\/category\/noticias-de-ribeirao-preto-sp-e-regiao-ismael-colosi\/"},"img":{"alt_text":"","src":"https:\/\/i0.wp.com\/noticiasribeiraopreto.com.br\/wp-content\/uploads\/2025\/12\/domingo-40_2025-12-25_15-17-34.webp.webp?fit=1200%2C675&ssl=1&resize=350%2C200","width":350,"height":200,"srcset":"https:\/\/i0.wp.com\/noticiasribeiraopreto.com.br\/wp-content\/uploads\/2025\/12\/domingo-40_2025-12-25_15-17-34.webp.webp?fit=1200%2C675&ssl=1&resize=350%2C200 1x, https:\/\/i0.wp.com\/noticiasribeiraopreto.com.br\/wp-content\/uploads\/2025\/12\/domingo-40_2025-12-25_15-17-34.webp.webp?fit=1200%2C675&ssl=1&resize=525%2C300 1.5x, https:\/\/i0.wp.com\/noticiasribeiraopreto.com.br\/wp-content\/uploads\/2025\/12\/domingo-40_2025-12-25_15-17-34.webp.webp?fit=1200%2C675&ssl=1&resize=700%2C400 2x, https:\/\/i0.wp.com\/noticiasribeiraopreto.com.br\/wp-content\/uploads\/2025\/12\/domingo-40_2025-12-25_15-17-34.webp.webp?fit=1200%2C675&ssl=1&resize=1050%2C600 3x"},"classes":[]}],"jetpack_sharing_enabled":true,"jetpack_shortlink":"https:\/\/wp.me\/peQAOb-1Se","_links":{"self":[{"href":"https:\/\/noticiasribeiraopreto.com.br\/index.php\/wp-json\/wp\/v2\/posts\/7206","targetHints":{"allow":["GET"]}}],"collection":[{"href":"https:\/\/noticiasribeiraopreto.com.br\/index.php\/wp-json\/wp\/v2\/posts"}],"about":[{"href":"https:\/\/noticiasribeiraopreto.com.br\/index.php\/wp-json\/wp\/v2\/types\/post"}],"author":[{"embeddable":true,"href":"https:\/\/noticiasribeiraopreto.com.br\/index.php\/wp-json\/wp\/v2\/users\/1"}],"replies":[{"embeddable":true,"href":"https:\/\/noticiasribeiraopreto.com.br\/index.php\/wp-json\/wp\/v2\/comments?post=7206"}],"version-history":[{"count":0,"href":"https:\/\/noticiasribeiraopreto.com.br\/index.php\/wp-json\/wp\/v2\/posts\/7206\/revisions"}],"wp:featuredmedia":[{"embeddable":true,"href":"https:\/\/noticiasribeiraopreto.com.br\/index.php\/wp-json\/wp\/v2\/media\/7207"}],"wp:attachment":[{"href":"https:\/\/noticiasribeiraopreto.com.br\/index.php\/wp-json\/wp\/v2\/media?parent=7206"}],"wp:term":[{"taxonomy":"category","embeddable":true,"href":"https:\/\/noticiasribeiraopreto.com.br\/index.php\/wp-json\/wp\/v2\/categories?post=7206"},{"taxonomy":"post_tag","embeddable":true,"href":"https:\/\/noticiasribeiraopreto.com.br\/index.php\/wp-json\/wp\/v2\/tags?post=7206"}],"curies":[{"name":"wp","href":"https:\/\/api.w.org\/{rel}","templated":true}]}}