{"id":72070,"date":"2025-06-12T21:17:14","date_gmt":"2025-06-13T00:17:14","guid":{"rendered":"https:\/\/noticiasribeiraopreto.com.br\/index.php\/2025\/06\/12\/mp-denuncia-empresario-pelo-atropelamento-que-matou-entregador-em-ribeirao-preto\/"},"modified":"2025-06-12T21:17:14","modified_gmt":"2025-06-13T00:17:14","slug":"mp-denuncia-empresario-pelo-atropelamento-que-matou-entregador-em-ribeirao-preto","status":"publish","type":"post","link":"https:\/\/noticiasribeiraopreto.com.br\/index.php\/2025\/06\/12\/mp-denuncia-empresario-pelo-atropelamento-que-matou-entregador-em-ribeirao-preto\/","title":{"rendered":"MP denuncia empres\u00e1rio pelo atropelamento que matou entregador em Ribeir\u00e3o Preto"},"content":{"rendered":"<p> <br \/>\n<\/p>\n<div>\n<p>O <strong>Minist\u00e9rio P\u00fablico denunciou \u00e0 Justi\u00e7a o empres\u00e1rio Elieser de Fraga Silveira<\/strong> pelo atropelamento que causou a morte do entregador R\u00e9gis Antonillo em Ribeir\u00e3o Preto. O caso ocorreu em mar\u00e7o deste ano, no Anel Vi\u00e1rio Sul, na zona Sul da cidade.<\/p>\n<p>Segundo a den\u00fancia, na noite de 16 de mar\u00e7o, <strong>Elieser atropelou a v\u00edtima e fugiu do local com a motocicleta de R\u00e9gis presa ao ve\u00edculo.<\/strong> Ele se apresentou \u00e0 pol\u00edcia cinco dias depois, prestou depoimento e foi liberado.<\/p>\n<p>O MP acusa o empres\u00e1rio pelos<strong> crimes de homic\u00eddio culposo na dire\u00e7\u00e3o de ve\u00edculo automotor<\/strong>, <strong>omiss\u00e3o de socorro<\/strong>, <strong>condu\u00e7\u00e3o de ve\u00edculo colocando a vida de outras pessoas em risco<\/strong> e <strong>tentativa de fraude.<\/strong><\/p>\n<p>At\u00e9 o momento, a <mark style=\"background-color:#fcb900\" class=\"has-inline-color\">Justi\u00e7a ainda n\u00e3o havia decidido se aceitar\u00e1 a den\u00fancia apresentada pelo Minist\u00e9rio P\u00fablico<\/mark>.<\/p>\n<p>Em nota, a defesa de Elieser informou que ele n\u00e3o matou culposamente a v\u00edtima, a qual colidiu com sua motocicleta em seu carro.<\/p>\n<p><strong>Leia na \u00edntegra:<\/strong><\/p>\n<p class=\"has-text-align-center\"><em>Elieser n\u00e3o matou culposamente a v\u00edtima, a qual colidiu com sua motocicleta em seu carro.<\/em><\/p>\n<p class=\"has-text-align-center\"><em>Igualmente n\u00e3o se fala em omiss\u00e3o de socorro, uma vez que Elieser n\u00e3o deixou de prestar socorro a Regis, apenas, com medo, deixou o local ap\u00f3s visualizar carros o atropelando no meio da pista, sendo, inclusive, imposs\u00edvel naquele momento prestar qualquer tipo de aux\u00edlio em virtude das ditas circunst\u00e2ncias<\/em><\/p>\n<p class=\"has-text-align-center\"><em>Frisa-se que, em momento algum, colocou vidas em risco e tentou arrumar o carro , apenas\u00a0o\u00a0guardou. E foi a defesa que indicou o local onde estava o carro.<\/em><\/p>\n<p><sup><sub><em>Com informa\u00e7\u00f5es da EPTV<\/em><\/sub><\/sup><\/p>\n<hr class=\"wp-block-separator has-alpha-channel-opacity\"\/>\n<p>SAIBA MAIS<\/p>\n<p>Escola de Ribeir\u00e3o Preto realiza homenagem a aluno v\u00edtima de acidente com linha de cerol<\/p>\n<h2 class=\"wp-block-heading\"><strong>FIQUE ON<\/strong><\/h2>\n<p>Quer ficar por dentro de tudo que acontece em Ribeir\u00e3o Preto e regi\u00e3o? Ent\u00e3o siga os perfis do\u202facidade on\u202fno\u202f<a href=\"https:\/\/www.instagram.com\/acidadeonribeirao\" target=\"_blank\" rel=\"noreferrer noopener\">Instagram<\/a>\u202fe no\u202f<a href=\"https:\/\/www.facebook.com\/acidadeonribeirao\/\" target=\"_blank\" rel=\"noreferrer noopener\">Facebook<\/a>.<\/p>\n<p>Al\u00e9m disso, voc\u00ea pode receber as principais not\u00edcias diretamente no WhatsApp. Para isso, basta\u00a0<a href=\"https:\/\/chat.whatsapp.com\/BjKQZ9oJwlz8VVT50NuePq\" target=\"_blank\" rel=\"noreferrer noopener\">entrar no grupo clicando aqui<\/a>.<\/p>\n<p>Por fim, se quiser fazer uma den\u00fancia ou sugerir uma reportagem sobre Ribeir\u00e3o Preto e regi\u00e3o, envie uma mensagem pelo WhatsApp: (16) 99117-7802.<\/p>\n<p>VEJA TAMB\u00c9M<\/p>\n<p>O que se sabe sobre os drones no aeroporto de Guarulhos?<\/p>\n<p><!-- CONTENT END 1 -->\n<\/div>\n<p><script async src=\"\/\/www.instagram.com\/embed.js\"><\/script><br \/>\n<br \/><br \/>\n<br \/><a href=\"https:\/\/www.acidadeon.com\/ribeiraopreto\/cotidiano\/mp-denuncia-empresario-pelo-atropelamento-que-matou-entregador-em-ribeirao-preto\/\">Source link <\/a><\/p>\n","protected":false},"excerpt":{"rendered":"<p>O Minist\u00e9rio P\u00fablico denunciou \u00e0 Justi\u00e7a o empres\u00e1rio Elieser de Fraga Silveira pelo atropelamento que causou a morte do entregador R\u00e9gis Antonillo em Ribeir\u00e3o Preto&#8230;.<\/p>\n","protected":false},"author":1,"featured_media":72071,"comment_status":"open","ping_status":"open","sticky":false,"template":"","format":"standard","meta":{"advanced_seo_description":"","jetpack_seo_html_title":"","jetpack_seo_noindex":false,"jetpack_post_was_ever_published":false,"_jetpack_newsletter_access":"","_jetpack_dont_email_post_to_subs":false,"_jetpack_newsletter_tier_id":0,"_jetpack_memberships_contains_paywalled_content":false,"_jetpack_memberships_contains_paid_content":false,"footnotes":"","jetpack_publicize_message":"","jetpack_publicize_feature_enabled":true,"jetpack_social_post_already_shared":true,"jetpack_social_options":{"image_generator_settings":{"template":"highway","default_image_id":0,"font":"","enabled":false},"version":2}},"categories":[11],"tags":[],"class_list":["post-72070","post","type-post","status-publish","format-standard","has-post-thumbnail","hentry","category-noticias-de-ribeirao-preto-sp-e-regiao-ismael-colosi"],"jetpack_publicize_connections":[],"jetpack_featured_media_url":"https:\/\/i0.wp.com\/noticiasribeiraopreto.com.br\/wp-content\/uploads\/2025\/06\/Copia-de-Copia-de-Copia-de-TAMANHO-EXATO-PARA-FOTOS-NO-SISTEMA-NOVO-2025-03-21T193702.881_2025-03-21_22-52-34_png_2025-03-21_22-52-34.webp.webp?fit=1200%2C675&ssl=1","jetpack-related-posts":[{"id":65554,"url":"https:\/\/noticiasribeiraopreto.com.br\/index.php\/2025\/03\/21\/ele-nao-arrastou-ninguem-diz-advogado-de-empresario-envolvido-em-acidente-em-ribeirao\/","url_meta":{"origin":72070,"position":0},"title":"\u2018Ele n\u00e3o arrastou ningu\u00e9m\u2019, diz advogado de empres\u00e1rio envolvido em acidente em Ribeir\u00e3o","author":"noticiasribeiraopreto.com.br","date":"21 de March de 2025","format":false,"excerpt":"O advogado J\u00falio Mossin, que defende o empres\u00e1rio Elieser de Fraga Silveira, envolvido no acidente que resultou na morte do entregador R\u00e9gis dos Santos Antonillo, disse que o motorista n\u00e3o arrastou a v\u00edtima. \u201cEle n\u00e3o arrastou ningu\u00e9m, n\u00e3o passou por cima de ningu\u00e9m, foi uma colis\u00e3o. A v\u00edtima foi para\u2026","rel":"","context":"In &quot;Not\u00edcias de Ribeir\u00e3o Preto-SP e Regi\u00e3o&quot;","block_context":{"text":"Not\u00edcias de Ribeir\u00e3o Preto-SP e Regi\u00e3o","link":"https:\/\/noticiasribeiraopreto.com.br\/index.php\/category\/noticias-de-ribeirao-preto-sp-e-regiao-ismael-colosi\/"},"img":{"alt_text":"","src":"https:\/\/i0.wp.com\/noticiasribeiraopreto.com.br\/wp-content\/uploads\/2025\/03\/Copia-de-Copia-de-Copia-de-TAMANHO-EXATO-PARA-FOTOS-NO-SISTEMA-NOVO-2025-03-20T182335.664_2025-03-20_21-23-58_png_2025-03-20_21-23-58.webp.webp?fit=1200%2C675&ssl=1&resize=350%2C200","width":350,"height":200,"srcset":"https:\/\/i0.wp.com\/noticiasribeiraopreto.com.br\/wp-content\/uploads\/2025\/03\/Copia-de-Copia-de-Copia-de-TAMANHO-EXATO-PARA-FOTOS-NO-SISTEMA-NOVO-2025-03-20T182335.664_2025-03-20_21-23-58_png_2025-03-20_21-23-58.webp.webp?fit=1200%2C675&ssl=1&resize=350%2C200 1x, https:\/\/i0.wp.com\/noticiasribeiraopreto.com.br\/wp-content\/uploads\/2025\/03\/Copia-de-Copia-de-Copia-de-TAMANHO-EXATO-PARA-FOTOS-NO-SISTEMA-NOVO-2025-03-20T182335.664_2025-03-20_21-23-58_png_2025-03-20_21-23-58.webp.webp?fit=1200%2C675&ssl=1&resize=525%2C300 1.5x, https:\/\/i0.wp.com\/noticiasribeiraopreto.com.br\/wp-content\/uploads\/2025\/03\/Copia-de-Copia-de-Copia-de-TAMANHO-EXATO-PARA-FOTOS-NO-SISTEMA-NOVO-2025-03-20T182335.664_2025-03-20_21-23-58_png_2025-03-20_21-23-58.webp.webp?fit=1200%2C675&ssl=1&resize=700%2C400 2x, https:\/\/i0.wp.com\/noticiasribeiraopreto.com.br\/wp-content\/uploads\/2025\/03\/Copia-de-Copia-de-Copia-de-TAMANHO-EXATO-PARA-FOTOS-NO-SISTEMA-NOVO-2025-03-20T182335.664_2025-03-20_21-23-58_png_2025-03-20_21-23-58.webp.webp?fit=1200%2C675&ssl=1&resize=1050%2C600 3x"},"classes":[]},{"id":65562,"url":"https:\/\/noticiasribeiraopreto.com.br\/index.php\/2025\/03\/21\/o-que-se-sabe-sobre-o-empresario-envolvido-em-acidente-que-matou-homem-em-ribeirao-preto\/","url_meta":{"origin":72070,"position":1},"title":"O que se sabe sobre o empres\u00e1rio envolvido em acidente que matou homem em Ribeir\u00e3o Preto","author":"noticiasribeiraopreto.com.br","date":"21 de March de 2025","format":false,"excerpt":"O empres\u00e1rio Elieser de Fraga Silveira, de 47 anos, \u00e9 o motorista suspeito de fugir ap\u00f3s o acidente que resultou na morte do motociclista R\u00e9gis Antonillo, na madrugada de domingo (16), no Anel Vi\u00e1rio Sul, em Ribeir\u00e3o Preto. Silveira \u00e9 s\u00f3cio da Matriz Ve\u00edculos, uma concession\u00e1ria de seminovos localizada na\u2026","rel":"","context":"In &quot;Not\u00edcias de Ribeir\u00e3o Preto-SP e Regi\u00e3o&quot;","block_context":{"text":"Not\u00edcias de Ribeir\u00e3o Preto-SP e Regi\u00e3o","link":"https:\/\/noticiasribeiraopreto.com.br\/index.php\/category\/noticias-de-ribeirao-preto-sp-e-regiao-ismael-colosi\/"},"img":{"alt_text":"","src":"https:\/\/i0.wp.com\/noticiasribeiraopreto.com.br\/wp-content\/uploads\/2025\/03\/Copia-de-Copia-de-Copia-de-TAMANHO-EXATO-PARA-FOTOS-NO-SISTEMA-NOVO-2025-03-21T143811.069_2025-03-21_17-38-21_png_2025-03-21_17-38-21.webp.webp?fit=1200%2C675&ssl=1&resize=350%2C200","width":350,"height":200,"srcset":"https:\/\/i0.wp.com\/noticiasribeiraopreto.com.br\/wp-content\/uploads\/2025\/03\/Copia-de-Copia-de-Copia-de-TAMANHO-EXATO-PARA-FOTOS-NO-SISTEMA-NOVO-2025-03-21T143811.069_2025-03-21_17-38-21_png_2025-03-21_17-38-21.webp.webp?fit=1200%2C675&ssl=1&resize=350%2C200 1x, https:\/\/i0.wp.com\/noticiasribeiraopreto.com.br\/wp-content\/uploads\/2025\/03\/Copia-de-Copia-de-Copia-de-TAMANHO-EXATO-PARA-FOTOS-NO-SISTEMA-NOVO-2025-03-21T143811.069_2025-03-21_17-38-21_png_2025-03-21_17-38-21.webp.webp?fit=1200%2C675&ssl=1&resize=525%2C300 1.5x, https:\/\/i0.wp.com\/noticiasribeiraopreto.com.br\/wp-content\/uploads\/2025\/03\/Copia-de-Copia-de-Copia-de-TAMANHO-EXATO-PARA-FOTOS-NO-SISTEMA-NOVO-2025-03-21T143811.069_2025-03-21_17-38-21_png_2025-03-21_17-38-21.webp.webp?fit=1200%2C675&ssl=1&resize=700%2C400 2x, https:\/\/i0.wp.com\/noticiasribeiraopreto.com.br\/wp-content\/uploads\/2025\/03\/Copia-de-Copia-de-Copia-de-TAMANHO-EXATO-PARA-FOTOS-NO-SISTEMA-NOVO-2025-03-21T143811.069_2025-03-21_17-38-21_png_2025-03-21_17-38-21.webp.webp?fit=1200%2C675&ssl=1&resize=1050%2C600 3x"},"classes":[]},{"id":65556,"url":"https:\/\/noticiasribeiraopreto.com.br\/index.php\/2025\/03\/21\/empresario-envolvido-em-acidente-com-morte-de-motociclista-se-apresenta-a-policia-em-ribeirao-preto\/","url_meta":{"origin":72070,"position":2},"title":"Empres\u00e1rio envolvido em acidente com morte de motociclista se apresenta \u00e0 pol\u00edcia em Ribeir\u00e3o Preto","author":"noticiasribeiraopreto.com.br","date":"21 de March de 2025","format":false,"excerpt":"O motorista envolvido em uma batida com um motociclista na noite do \u00faltimo domingo (16), no Anel Vi\u00e1rio Sul de Ribeir\u00e3o Preto, se apresentou \u00e0 Pol\u00edcia Civil, na manh\u00e3 desta sexta-feira (21). A v\u00edtima chegou a ser atingida por outro ve\u00edculo ao cair na pista e morreu. Segundo informa\u00e7\u00f5es apuradas\u2026","rel":"","context":"In &quot;Not\u00edcias de Ribeir\u00e3o Preto-SP e Regi\u00e3o&quot;","block_context":{"text":"Not\u00edcias de Ribeir\u00e3o Preto-SP e Regi\u00e3o","link":"https:\/\/noticiasribeiraopreto.com.br\/index.php\/category\/noticias-de-ribeirao-preto-sp-e-regiao-ismael-colosi\/"},"img":{"alt_text":"","src":"https:\/\/i0.wp.com\/noticiasribeiraopreto.com.br\/wp-content\/uploads\/2025\/03\/EMPRESARIO_2025-03-21_14-45-26_jpg_2025-03-21_14-45-27.webp.webp?fit=1200%2C812&ssl=1&resize=350%2C200","width":350,"height":200,"srcset":"https:\/\/i0.wp.com\/noticiasribeiraopreto.com.br\/wp-content\/uploads\/2025\/03\/EMPRESARIO_2025-03-21_14-45-26_jpg_2025-03-21_14-45-27.webp.webp?fit=1200%2C812&ssl=1&resize=350%2C200 1x, https:\/\/i0.wp.com\/noticiasribeiraopreto.com.br\/wp-content\/uploads\/2025\/03\/EMPRESARIO_2025-03-21_14-45-26_jpg_2025-03-21_14-45-27.webp.webp?fit=1200%2C812&ssl=1&resize=525%2C300 1.5x, https:\/\/i0.wp.com\/noticiasribeiraopreto.com.br\/wp-content\/uploads\/2025\/03\/EMPRESARIO_2025-03-21_14-45-26_jpg_2025-03-21_14-45-27.webp.webp?fit=1200%2C812&ssl=1&resize=700%2C400 2x, https:\/\/i0.wp.com\/noticiasribeiraopreto.com.br\/wp-content\/uploads\/2025\/03\/EMPRESARIO_2025-03-21_14-45-26_jpg_2025-03-21_14-45-27.webp.webp?fit=1200%2C812&ssl=1&resize=1050%2C600 3x"},"classes":[]},{"id":65591,"url":"https:\/\/noticiasribeiraopreto.com.br\/index.php\/2025\/03\/21\/ele-viu-que-estava-sendo-perseguido-e-se-apavorou-afirma-advogado-de-empresario\/","url_meta":{"origin":72070,"position":3},"title":"&#8216;Ele viu que estava sendo perseguido e se apavorou&#8217; afirma advogado de empres\u00e1rio","author":"noticiasribeiraopreto.com.br","date":"21 de March de 2025","format":false,"excerpt":"O empres\u00e1rio\u00a0Elieser de Fraga Silveira, de 47 anos,\u00a0\u00e9 o motorista suspeito de fugir ap\u00f3s o acidente que resultou na morte do motociclista R\u00e9gis Antonillo, na madrugada de domingo (16), no Anel Vi\u00e1rio Sul, em\u00a0Ribeir\u00e3o Preto. O advogado J\u00falio Mossin, que defende o empres\u00e1rio, disse que o motorista n\u00e3o arrastou a\u2026","rel":"","context":"In &quot;Not\u00edcias de Ribeir\u00e3o Preto-SP e Regi\u00e3o&quot;","block_context":{"text":"Not\u00edcias de Ribeir\u00e3o Preto-SP e Regi\u00e3o","link":"https:\/\/noticiasribeiraopreto.com.br\/index.php\/category\/noticias-de-ribeirao-preto-sp-e-regiao-ismael-colosi\/"},"img":{"alt_text":"","src":"https:\/\/i0.wp.com\/noticiasribeiraopreto.com.br\/wp-content\/uploads\/2025\/03\/Copia-de-Copia-de-Copia-de-TAMANHO-EXATO-PARA-FOTOS-NO-SISTEMA-NOVO-2025-03-21T193702.881_2025-03-21_22-52-34_png_2025-03-21_22-52-34.webp.webp?fit=1200%2C675&ssl=1&resize=350%2C200","width":350,"height":200,"srcset":"https:\/\/i0.wp.com\/noticiasribeiraopreto.com.br\/wp-content\/uploads\/2025\/03\/Copia-de-Copia-de-Copia-de-TAMANHO-EXATO-PARA-FOTOS-NO-SISTEMA-NOVO-2025-03-21T193702.881_2025-03-21_22-52-34_png_2025-03-21_22-52-34.webp.webp?fit=1200%2C675&ssl=1&resize=350%2C200 1x, https:\/\/i0.wp.com\/noticiasribeiraopreto.com.br\/wp-content\/uploads\/2025\/03\/Copia-de-Copia-de-Copia-de-TAMANHO-EXATO-PARA-FOTOS-NO-SISTEMA-NOVO-2025-03-21T193702.881_2025-03-21_22-52-34_png_2025-03-21_22-52-34.webp.webp?fit=1200%2C675&ssl=1&resize=525%2C300 1.5x, https:\/\/i0.wp.com\/noticiasribeiraopreto.com.br\/wp-content\/uploads\/2025\/03\/Copia-de-Copia-de-Copia-de-TAMANHO-EXATO-PARA-FOTOS-NO-SISTEMA-NOVO-2025-03-21T193702.881_2025-03-21_22-52-34_png_2025-03-21_22-52-34.webp.webp?fit=1200%2C675&ssl=1&resize=700%2C400 2x, https:\/\/i0.wp.com\/noticiasribeiraopreto.com.br\/wp-content\/uploads\/2025\/03\/Copia-de-Copia-de-Copia-de-TAMANHO-EXATO-PARA-FOTOS-NO-SISTEMA-NOVO-2025-03-21T193702.881_2025-03-21_22-52-34_png_2025-03-21_22-52-34.webp.webp?fit=1200%2C675&ssl=1&resize=1050%2C600 3x"},"classes":[]},{"id":39499,"url":"https:\/\/noticiasribeiraopreto.com.br\/index.php\/2024\/02\/26\/pai-lamenta-falta-de-socorro-para-entregador-vitima-de-acidente-em-ribeirao\/","url_meta":{"origin":72070,"position":4},"title":"Pai lamenta falta de socorro para entregador v\u00edtima de acidente em Ribeir\u00e3o","author":"noticiasribeiraopreto.com.br","date":"26 de February de 2024","format":false,"excerpt":"O pai do entregador Johny Oliveira Lima da Silva, de 19 anos, v\u00edtima de um acidente envolvendo um motorista embriagado na zona Sul de Ribeir\u00e3o Preto, na madrugada do \u00faltimo domingo (26), lamentou que o condutor do ve\u00edculo que atingiu o filho deixou de prestar socorro. O entregador foi internado\u2026","rel":"","context":"In &quot;Not\u00edcias de Ribeir\u00e3o Preto-SP e Regi\u00e3o&quot;","block_context":{"text":"Not\u00edcias de Ribeir\u00e3o Preto-SP e Regi\u00e3o","link":"https:\/\/noticiasribeiraopreto.com.br\/index.php\/category\/noticias-de-ribeirao-preto-sp-e-regiao-ismael-colosi\/"},"img":{"alt_text":"","src":"https:\/\/i0.wp.com\/noticiasribeiraopreto.com.br\/wp-content\/uploads\/2024\/02\/pai-entregador.jpg?fit=1200%2C785&ssl=1&resize=350%2C200","width":350,"height":200,"srcset":"https:\/\/i0.wp.com\/noticiasribeiraopreto.com.br\/wp-content\/uploads\/2024\/02\/pai-entregador.jpg?fit=1200%2C785&ssl=1&resize=350%2C200 1x, https:\/\/i0.wp.com\/noticiasribeiraopreto.com.br\/wp-content\/uploads\/2024\/02\/pai-entregador.jpg?fit=1200%2C785&ssl=1&resize=525%2C300 1.5x, https:\/\/i0.wp.com\/noticiasribeiraopreto.com.br\/wp-content\/uploads\/2024\/02\/pai-entregador.jpg?fit=1200%2C785&ssl=1&resize=700%2C400 2x, https:\/\/i0.wp.com\/noticiasribeiraopreto.com.br\/wp-content\/uploads\/2024\/02\/pai-entregador.jpg?fit=1200%2C785&ssl=1&resize=1050%2C600 3x"},"classes":[]},{"id":65223,"url":"https:\/\/noticiasribeiraopreto.com.br\/index.php\/2025\/03\/17\/so-queria-um-futuro-bom-para-a-filha-diz-tio-de-entregador-que-morreu-atropelado-em-ribeirao\/","url_meta":{"origin":72070,"position":5},"title":"&#8216;S\u00f3 queria um futuro bom para a filha&#8217;, diz tio de entregador que morreu atropelado em Ribeir\u00e3o","author":"noticiasribeiraopreto.com.br","date":"17 de March de 2025","format":false,"excerpt":"O carro que atropelou e matou um entregador de 36 anos na noite deste domingo (16), no Anel Vi\u00e1rio Sul de Ribeir\u00e3o Preto, arrastou a moto da v\u00edtima por aproximadamente sete quil\u00f4metros ap\u00f3s o acidente. Regis dos Santos Antonillo morreu no local, pr\u00f3ximo ao km 316, na altura do Jardim\u2026","rel":"","context":"In &quot;Not\u00edcias de Ribeir\u00e3o Preto-SP e Regi\u00e3o&quot;","block_context":{"text":"Not\u00edcias de Ribeir\u00e3o Preto-SP e Regi\u00e3o","link":"https:\/\/noticiasribeiraopreto.com.br\/index.php\/category\/noticias-de-ribeirao-preto-sp-e-regiao-ismael-colosi\/"},"img":{"alt_text":"","src":"https:\/\/i0.wp.com\/noticiasribeiraopreto.com.br\/wp-content\/uploads\/2025\/03\/Copia-de-Copia-de-Copia-de-TAMANHO-EXATO-PARA-FOTOS-NO-SISTEMA-NOVO-2025-03-17T153442.006_2025-03-17_18-34-53_png_2025-03-17_18-34-53.webp.webp?fit=1200%2C675&ssl=1&resize=350%2C200","width":350,"height":200,"srcset":"https:\/\/i0.wp.com\/noticiasribeiraopreto.com.br\/wp-content\/uploads\/2025\/03\/Copia-de-Copia-de-Copia-de-TAMANHO-EXATO-PARA-FOTOS-NO-SISTEMA-NOVO-2025-03-17T153442.006_2025-03-17_18-34-53_png_2025-03-17_18-34-53.webp.webp?fit=1200%2C675&ssl=1&resize=350%2C200 1x, https:\/\/i0.wp.com\/noticiasribeiraopreto.com.br\/wp-content\/uploads\/2025\/03\/Copia-de-Copia-de-Copia-de-TAMANHO-EXATO-PARA-FOTOS-NO-SISTEMA-NOVO-2025-03-17T153442.006_2025-03-17_18-34-53_png_2025-03-17_18-34-53.webp.webp?fit=1200%2C675&ssl=1&resize=525%2C300 1.5x, https:\/\/i0.wp.com\/noticiasribeiraopreto.com.br\/wp-content\/uploads\/2025\/03\/Copia-de-Copia-de-Copia-de-TAMANHO-EXATO-PARA-FOTOS-NO-SISTEMA-NOVO-2025-03-17T153442.006_2025-03-17_18-34-53_png_2025-03-17_18-34-53.webp.webp?fit=1200%2C675&ssl=1&resize=700%2C400 2x, https:\/\/i0.wp.com\/noticiasribeiraopreto.com.br\/wp-content\/uploads\/2025\/03\/Copia-de-Copia-de-Copia-de-TAMANHO-EXATO-PARA-FOTOS-NO-SISTEMA-NOVO-2025-03-17T153442.006_2025-03-17_18-34-53_png_2025-03-17_18-34-53.webp.webp?fit=1200%2C675&ssl=1&resize=1050%2C600 3x"},"classes":[]}],"jetpack_sharing_enabled":true,"jetpack_shortlink":"https:\/\/wp.me\/peQAOb-iKq","_links":{"self":[{"href":"https:\/\/noticiasribeiraopreto.com.br\/index.php\/wp-json\/wp\/v2\/posts\/72070","targetHints":{"allow":["GET"]}}],"collection":[{"href":"https:\/\/noticiasribeiraopreto.com.br\/index.php\/wp-json\/wp\/v2\/posts"}],"about":[{"href":"https:\/\/noticiasribeiraopreto.com.br\/index.php\/wp-json\/wp\/v2\/types\/post"}],"author":[{"embeddable":true,"href":"https:\/\/noticiasribeiraopreto.com.br\/index.php\/wp-json\/wp\/v2\/users\/1"}],"replies":[{"embeddable":true,"href":"https:\/\/noticiasribeiraopreto.com.br\/index.php\/wp-json\/wp\/v2\/comments?post=72070"}],"version-history":[{"count":0,"href":"https:\/\/noticiasribeiraopreto.com.br\/index.php\/wp-json\/wp\/v2\/posts\/72070\/revisions"}],"wp:featuredmedia":[{"embeddable":true,"href":"https:\/\/noticiasribeiraopreto.com.br\/index.php\/wp-json\/wp\/v2\/media\/72071"}],"wp:attachment":[{"href":"https:\/\/noticiasribeiraopreto.com.br\/index.php\/wp-json\/wp\/v2\/media?parent=72070"}],"wp:term":[{"taxonomy":"category","embeddable":true,"href":"https:\/\/noticiasribeiraopreto.com.br\/index.php\/wp-json\/wp\/v2\/categories?post=72070"},{"taxonomy":"post_tag","embeddable":true,"href":"https:\/\/noticiasribeiraopreto.com.br\/index.php\/wp-json\/wp\/v2\/tags?post=72070"}],"curies":[{"name":"wp","href":"https:\/\/api.w.org\/{rel}","templated":true}]}}