{"id":72072,"date":"2025-06-12T21:25:14","date_gmt":"2025-06-13T00:25:14","guid":{"rendered":"https:\/\/noticiasribeiraopreto.com.br\/index.php\/2025\/06\/12\/justica-suspende-devolucao-de-saldo-de-vale-transporte-a-usuaria-em-ribeirao-preto\/"},"modified":"2025-06-12T21:25:14","modified_gmt":"2025-06-13T00:25:14","slug":"justica-suspende-devolucao-de-saldo-de-vale-transporte-a-usuaria-em-ribeirao-preto","status":"publish","type":"post","link":"https:\/\/noticiasribeiraopreto.com.br\/index.php\/2025\/06\/12\/justica-suspende-devolucao-de-saldo-de-vale-transporte-a-usuaria-em-ribeirao-preto\/","title":{"rendered":"Justi\u00e7a suspende devolu\u00e7\u00e3o de saldo de vale-transporte \u00e0 usu\u00e1ria em Ribeir\u00e3o Preto"},"content":{"rendered":"<p> <br \/>\n<\/p>\n<div>\n<p>O <strong>Tribunal de Justi\u00e7a do Estado de S\u00e3o Paulo (TJ-SP)<\/strong> suspendeu nesta quinta-feira (12) a decis\u00e3o que obrigava a empresa <strong>Pr\u00f3Urbano \u2013 Cons\u00f3rcio Ribeir\u00e3o Preto de Transportes<\/strong> a restituir o valor de <strong>R$ 1.084,05<\/strong> no cart\u00e3o de vale-transporte de uma passageira do sistema municipal.<\/p>\n<p>A quantia havia sido cancelada ap\u00f3s dois anos, com base na <strong>Lei Complementar Municipal n\u00ba 3.150\/2022<\/strong>, que estabelece o prazo de validade dos cr\u00e9ditos. A decis\u00e3o de primeira inst\u00e2ncia havia determinado o restabelecimento do saldo em at\u00e9 24 horas, <strong>sob pena de multa di\u00e1ria de R$ 100<\/strong>, limitada a R$ 10 mil.<\/p>\n<p>Em recurso ao TJ-SP, a <strong>Pr\u00f3Urbano argumentou que<\/strong>:<\/p>\n<ul class=\"wp-block-list\">\n<li>A lei municipal prev\u00ea a validade de 24 meses para os cr\u00e9ditos e a<strong> empresa informa esse prazo no site e nos comprovantes de recarga<\/strong><\/li>\n<li>A empresa registrou o <strong>\u00faltimo cr\u00e9dito em fevereiro de 2020 e cancelou o valor mais de cinco anos depois<\/strong><\/li>\n<li>O juiz <strong>concedeu a medida sem ouvir as partes<\/strong>, o que violou o contradit\u00f3rio<\/li>\n<li>A autora <strong>n\u00e3o demonstrou urg\u00eancia <\/strong>para justificar o restabelecimento do saldo<\/li>\n<li>A<strong> multa fixada ultrapassa os limites<\/strong> da proporcionalidade<\/li>\n<\/ul>\n<p>A desembargadora Paola Lorena analisou os argumentos da empresa e decidiu suspender a exig\u00eancia de restitui\u00e7\u00e3o, concedendo efeito suspensivo ao recurso. Para ela, <strong>a passageira n\u00e3o demonstrou risco imediato nem preju\u00edzo irrepar\u00e1vel que justificasse a medida urgente.<\/strong><\/p>\n<h3 class=\"wp-block-heading\"><strong>O que diz a defesa?<\/strong><\/h3>\n<p>O advogado da passageira, Nicolas Aguiar, informou que a defesa ainda n\u00e3o recebeu intima\u00e7\u00e3o oficial sobre a decis\u00e3o do Tribunal.<\/p>\n<h4 class=\"wp-block-heading\"><strong>Pr\u00f3Urbano<\/strong><\/h4>\n<p>Em nota, a<strong> assessoria da Pr\u00f3Urbano informou<\/strong> que a desembargadora entendeu que n\u00e3o houve prova da urg\u00eancia que justifique a liminar deferida pela Segunda\u00a0Vara\u00a0local.<\/p>\n<p><strong>Leia na \u00edntegra:<\/strong><\/p>\n<p class=\"has-text-align-center\"><em>Hoje pela manh\u00e3 a Desembargadora Paola Lorena, da Terceira C\u00e2mara de Direito P\u00fablico do Tribunal de Justi\u00e7a de S\u00e3o Paulo, cassou a liminar deferida pela 2\u00aa Vara da Fazenda de Ribeir\u00e3o Preto que havia determinado a restitui\u00e7\u00e3o imediata de saldos de Vale-Transporte n\u00e3o utilizados pelo usu\u00e1rio por mais de dois anos. A Desembargadora acolheu o recurso do Pr\u00f3Urbano e, sem analisar definitivamente o m\u00e9rito da a\u00e7\u00e3o, entendeu que n\u00e3o houve prova da urg\u00eancia que justifique a liminar deferida pela Segunda\u00a0Vara\u00a0local.<\/em><\/p>\n<hr class=\"wp-block-separator has-alpha-channel-opacity\"\/>\n<p>SAIBA MAIS<\/p>\n<p>Escola de Ribeir\u00e3o Preto realiza homenagem a aluno v\u00edtima de acidente com linha de cerol<\/p>\n<h2 class=\"wp-block-heading\"><strong>FIQUE ON<\/strong><\/h2>\n<p>Quer ficar por dentro de tudo que acontece em Ribeir\u00e3o Preto e regi\u00e3o? Ent\u00e3o siga os perfis do\u202facidade on\u202fno\u202f<a href=\"https:\/\/www.instagram.com\/acidadeonribeirao\" target=\"_blank\" rel=\"noreferrer noopener\">Instagram<\/a>\u202fe no\u202f<a href=\"https:\/\/www.facebook.com\/acidadeonribeirao\/\" target=\"_blank\" rel=\"noreferrer noopener\">Facebook<\/a>.<\/p>\n<p>Al\u00e9m disso, voc\u00ea pode receber as principais not\u00edcias diretamente no WhatsApp. Para isso, basta\u00a0<a href=\"https:\/\/chat.whatsapp.com\/BjKQZ9oJwlz8VVT50NuePq\" target=\"_blank\" rel=\"noreferrer noopener\">entrar no grupo clicando aqui<\/a>.<\/p>\n<p>Por fim, se quiser fazer uma den\u00fancia ou sugerir uma reportagem sobre Ribeir\u00e3o Preto e regi\u00e3o, envie uma mensagem pelo WhatsApp: (16) 99117-7802.<\/p>\n<p>VEJA TAMB\u00c9M<\/p>\n<p>O que se sabe sobre os drones no aeroporto de Guarulhos?<\/p>\n<p><!-- CONTENT END 1 -->\n<\/div>\n<p><script async src=\"\/\/www.instagram.com\/embed.js\"><\/script><br \/>\n<br \/><br \/>\n<br \/><a href=\"https:\/\/www.acidadeon.com\/ribeiraopreto\/politica\/justica-suspendedevolucao-de-saldo-de-vale-transporte-a-usuaria-em-ribeirao-preto\/\">Source link <\/a><\/p>\n","protected":false},"excerpt":{"rendered":"<p>O Tribunal de Justi\u00e7a do Estado de S\u00e3o Paulo (TJ-SP) suspendeu nesta quinta-feira (12) a decis\u00e3o que obrigava a empresa Pr\u00f3Urbano \u2013 Cons\u00f3rcio Ribeir\u00e3o Preto&#8230;<\/p>\n","protected":false},"author":1,"featured_media":72073,"comment_status":"open","ping_status":"open","sticky":false,"template":"","format":"standard","meta":{"advanced_seo_description":"","jetpack_seo_html_title":"","jetpack_seo_noindex":false,"jetpack_post_was_ever_published":false,"_jetpack_newsletter_access":"","_jetpack_dont_email_post_to_subs":false,"_jetpack_newsletter_tier_id":0,"_jetpack_memberships_contains_paywalled_content":false,"_jetpack_memberships_contains_paid_content":false,"footnotes":"","jetpack_publicize_message":"","jetpack_publicize_feature_enabled":true,"jetpack_social_post_already_shared":true,"jetpack_social_options":{"image_generator_settings":{"template":"highway","default_image_id":0,"font":"","enabled":false},"version":2}},"categories":[11],"tags":[],"class_list":["post-72072","post","type-post","status-publish","format-standard","has-post-thumbnail","hentry","category-noticias-de-ribeirao-preto-sp-e-regiao-ismael-colosi"],"jetpack_publicize_connections":[],"jetpack_featured_media_url":"https:\/\/i0.wp.com\/noticiasribeiraopreto.com.br\/wp-content\/uploads\/2025\/06\/Copia-de-Copia-de-Copia-de-TAMANHO-EXATO-PARA-FOTOS-NO-SISTEMA-NOVO-2025-02-06T173510.872_2025-02-06_20-35-26_png_2025-02-06_20-35-26.webp.webp?fit=1200%2C675&ssl=1","jetpack-related-posts":[{"id":72811,"url":"https:\/\/noticiasribeiraopreto.com.br\/index.php\/2025\/06\/21\/tj-mantem-decisao-que-obriga-devolucao-de-saldo-de-vale-transporte-a-usuaria-em-ribeirao-preto\/","url_meta":{"origin":72072,"position":0},"title":"TJ mant\u00e9m decis\u00e3o que obriga devolu\u00e7\u00e3o de saldo de vale-transporte \u00e0 usu\u00e1ria em Ribeir\u00e3o Preto","author":"noticiasribeiraopreto.com.br","date":"21 de June de 2025","format":false,"excerpt":"A Justi\u00e7a determinou que a Prefeitura de Ribeir\u00e3o Preto devolva R$ 1.084,05 em cr\u00e9ditos de vale-transporte a uma usu\u00e1ria do sistema municipal. A decis\u00e3o estabelece prazo de 24 horas para o restabelecimento do valor no cart\u00e3o eletr\u00f4nico. A usu\u00e1ria acionou o Judici\u00e1rio ap\u00f3s perder o saldo sem receber aviso pr\u00e9vio\u2026","rel":"","context":"In &quot;Not\u00edcias de Ribeir\u00e3o Preto-SP e Regi\u00e3o&quot;","block_context":{"text":"Not\u00edcias de Ribeir\u00e3o Preto-SP e Regi\u00e3o","link":"https:\/\/noticiasribeiraopreto.com.br\/index.php\/category\/noticias-de-ribeirao-preto-sp-e-regiao-ismael-colosi\/"},"img":{"alt_text":"","src":"https:\/\/i0.wp.com\/noticiasribeiraopreto.com.br\/wp-content\/uploads\/2025\/06\/a.ok_.linhajoaorock_2025-06-09_21-35-55.webp.webp?fit=1000%2C666&ssl=1&resize=350%2C200","width":350,"height":200,"srcset":"https:\/\/i0.wp.com\/noticiasribeiraopreto.com.br\/wp-content\/uploads\/2025\/06\/a.ok_.linhajoaorock_2025-06-09_21-35-55.webp.webp?fit=1000%2C666&ssl=1&resize=350%2C200 1x, https:\/\/i0.wp.com\/noticiasribeiraopreto.com.br\/wp-content\/uploads\/2025\/06\/a.ok_.linhajoaorock_2025-06-09_21-35-55.webp.webp?fit=1000%2C666&ssl=1&resize=525%2C300 1.5x, https:\/\/i0.wp.com\/noticiasribeiraopreto.com.br\/wp-content\/uploads\/2025\/06\/a.ok_.linhajoaorock_2025-06-09_21-35-55.webp.webp?fit=1000%2C666&ssl=1&resize=700%2C400 2x"},"classes":[]},{"id":72045,"url":"https:\/\/noticiasribeiraopreto.com.br\/index.php\/2025\/06\/12\/tj-cassa-liminar-dos-creditos-retidos-do-transporte-coletivo\/","url_meta":{"origin":72072,"position":1},"title":"TJ cassa liminar dos cr\u00e9ditos retidos do transporte coletivo","author":"noticiasribeiraopreto.com.br","date":"12 de June de 2025","format":false,"excerpt":"12 de junho de 2025 17:4312 de junho de 2025 17:430 Compartilhar0 A Desembargadora Paola Lorena, da Terceira C\u00e2mara de Direito P\u00fablico do Tribunal de Justi\u00e7a de S\u00e3o Paulo (TJ\/SP) cassou nesta quinta-feira, 12 de junho, a liminar concedida pela 2\u00aa Vara da Fazenda de Ribeir\u00e3o Preto que havia determinado\u2026","rel":"","context":"In &quot;Not\u00edcias de Ribeir\u00e3o Preto-SP e Regi\u00e3o&quot;","block_context":{"text":"Not\u00edcias de Ribeir\u00e3o Preto-SP e Regi\u00e3o","link":"https:\/\/noticiasribeiraopreto.com.br\/index.php\/category\/noticias-de-ribeirao-preto-sp-e-regiao-ismael-colosi\/"},"img":{"alt_text":"","src":"https:\/\/i0.wp.com\/noticiasribeiraopreto.com.br\/wp-content\/uploads\/2025\/06\/OnibusRP-Cat-Alfredo-Risk-scaled.jpg?fit=1200%2C800&ssl=1&resize=350%2C200","width":350,"height":200,"srcset":"https:\/\/i0.wp.com\/noticiasribeiraopreto.com.br\/wp-content\/uploads\/2025\/06\/OnibusRP-Cat-Alfredo-Risk-scaled.jpg?fit=1200%2C800&ssl=1&resize=350%2C200 1x, https:\/\/i0.wp.com\/noticiasribeiraopreto.com.br\/wp-content\/uploads\/2025\/06\/OnibusRP-Cat-Alfredo-Risk-scaled.jpg?fit=1200%2C800&ssl=1&resize=525%2C300 1.5x, https:\/\/i0.wp.com\/noticiasribeiraopreto.com.br\/wp-content\/uploads\/2025\/06\/OnibusRP-Cat-Alfredo-Risk-scaled.jpg?fit=1200%2C800&ssl=1&resize=700%2C400 2x, https:\/\/i0.wp.com\/noticiasribeiraopreto.com.br\/wp-content\/uploads\/2025\/06\/OnibusRP-Cat-Alfredo-Risk-scaled.jpg?fit=1200%2C800&ssl=1&resize=1050%2C600 3x"},"classes":[]},{"id":70479,"url":"https:\/\/noticiasribeiraopreto.com.br\/index.php\/2025\/05\/26\/justica-determina-devolucao-de-creditos-de-transporte-a-usuaria-em-ribeirao-preto\/","url_meta":{"origin":72072,"position":2},"title":"Justi\u00e7a determina devolu\u00e7\u00e3o de cr\u00e9ditos de transporte \u00e0 usu\u00e1ria em Ribeir\u00e3o Preto","author":"noticiasribeiraopreto.com.br","date":"26 de May de 2025","format":false,"excerpt":"A Justi\u00e7a determinou que a Prefeitura de Ribeir\u00e3o Preto e o cons\u00f3rcio Pr\u00f3Urbano devem devolver os cr\u00e9ditos vencidos a uma usu\u00e1ria do transporte coletivo do munic\u00edpio. A decis\u00e3o foi publicada nesta segunda-feira (26). De acordo com a ju\u00edza Lucilene Aparecida Canella de Melo, houve falha por parte dos r\u00e9us ao\u2026","rel":"","context":"In &quot;Not\u00edcias de Ribeir\u00e3o Preto-SP e Regi\u00e3o&quot;","block_context":{"text":"Not\u00edcias de Ribeir\u00e3o Preto-SP e Regi\u00e3o","link":"https:\/\/noticiasribeiraopreto.com.br\/index.php\/category\/noticias-de-ribeirao-preto-sp-e-regiao-ismael-colosi\/"},"img":{"alt_text":"","src":"https:\/\/i0.wp.com\/noticiasribeiraopreto.com.br\/wp-content\/uploads\/2025\/02\/Copia-de-Copia-de-Copia-de-TAMANHO-EXATO-PARA-FOTOS-NO-SISTEMA-NOVO-2025-02-06T173510.872_2025-02-06_20-35-26_png_2025-02-06_20-35-26.webp.webp?fit=1200%2C675&ssl=1&resize=350%2C200","width":350,"height":200,"srcset":"https:\/\/i0.wp.com\/noticiasribeiraopreto.com.br\/wp-content\/uploads\/2025\/02\/Copia-de-Copia-de-Copia-de-TAMANHO-EXATO-PARA-FOTOS-NO-SISTEMA-NOVO-2025-02-06T173510.872_2025-02-06_20-35-26_png_2025-02-06_20-35-26.webp.webp?fit=1200%2C675&ssl=1&resize=350%2C200 1x, https:\/\/i0.wp.com\/noticiasribeiraopreto.com.br\/wp-content\/uploads\/2025\/02\/Copia-de-Copia-de-Copia-de-TAMANHO-EXATO-PARA-FOTOS-NO-SISTEMA-NOVO-2025-02-06T173510.872_2025-02-06_20-35-26_png_2025-02-06_20-35-26.webp.webp?fit=1200%2C675&ssl=1&resize=525%2C300 1.5x, https:\/\/i0.wp.com\/noticiasribeiraopreto.com.br\/wp-content\/uploads\/2025\/02\/Copia-de-Copia-de-Copia-de-TAMANHO-EXATO-PARA-FOTOS-NO-SISTEMA-NOVO-2025-02-06T173510.872_2025-02-06_20-35-26_png_2025-02-06_20-35-26.webp.webp?fit=1200%2C675&ssl=1&resize=700%2C400 2x, https:\/\/i0.wp.com\/noticiasribeiraopreto.com.br\/wp-content\/uploads\/2025\/02\/Copia-de-Copia-de-Copia-de-TAMANHO-EXATO-PARA-FOTOS-NO-SISTEMA-NOVO-2025-02-06T173510.872_2025-02-06_20-35-26_png_2025-02-06_20-35-26.webp.webp?fit=1200%2C675&ssl=1&resize=1050%2C600 3x"},"classes":[]},{"id":73019,"url":"https:\/\/noticiasribeiraopreto.com.br\/index.php\/2025\/06\/24\/liminar-dos-creditos-volta-a-valer\/","url_meta":{"origin":72072,"position":3},"title":"Liminar dos cr\u00e9ditos volta a valer","author":"noticiasribeiraopreto.com.br","date":"24 de June de 2025","format":false,"excerpt":"A desembargadora Paola Lorena, da Terceira C\u00e2mara de Direito P\u00fablico do Tribunal de Justi\u00e7a de S\u00e3o Paulo (TJSP), reformou a pr\u00f3pria decis\u00e3o e determinou a restitui\u00e7\u00e3o de saldo do cart\u00e3o de vale-transporte \u2013 o Nosso Cart\u00e3o \u2013 n\u00e3o utilizado por uma usu\u00e1ria do transporte coletivo urbano por mais de dois\u2026","rel":"","context":"In &quot;Not\u00edcias de Ribeir\u00e3o Preto-SP e Regi\u00e3o&quot;","block_context":{"text":"Not\u00edcias de Ribeir\u00e3o Preto-SP e Regi\u00e3o","link":"https:\/\/noticiasribeiraopreto.com.br\/index.php\/category\/noticias-de-ribeirao-preto-sp-e-regiao-ismael-colosi\/"},"img":{"alt_text":"","src":"https:\/\/i0.wp.com\/noticiasribeiraopreto.com.br\/wp-content\/uploads\/2025\/06\/OnibusRP-Alfredo-Rsk-scaled.jpg?fit=800%2C434&ssl=1&resize=350%2C200","width":350,"height":200,"srcset":"https:\/\/i0.wp.com\/noticiasribeiraopreto.com.br\/wp-content\/uploads\/2025\/06\/OnibusRP-Alfredo-Rsk-scaled.jpg?fit=800%2C434&ssl=1&resize=350%2C200 1x, https:\/\/i0.wp.com\/noticiasribeiraopreto.com.br\/wp-content\/uploads\/2025\/06\/OnibusRP-Alfredo-Rsk-scaled.jpg?fit=800%2C434&ssl=1&resize=525%2C300 1.5x, https:\/\/i0.wp.com\/noticiasribeiraopreto.com.br\/wp-content\/uploads\/2025\/06\/OnibusRP-Alfredo-Rsk-scaled.jpg?fit=800%2C434&ssl=1&resize=700%2C400 2x"},"classes":[]},{"id":70469,"url":"https:\/\/noticiasribeiraopreto.com.br\/index.php\/2025\/05\/26\/liminar-mandar-prefeitura-devolver-creditos-do-transporte-coletivo\/","url_meta":{"origin":72072,"position":4},"title":"Liminar mandar Prefeitura devolver cr\u00e9ditos do transporte coletivo","author":"noticiasribeiraopreto.com.br","date":"26 de May de 2025","format":false,"excerpt":"26 de maio de 2025 18:120 Compartilhar0 Uma liminar concedida e publicada nesta segunda-feira, 26 de maio pela ju\u00edza Lucilene Canela de Melo da 2\u00aa. Vara da Fazenda P\u00fablica de Ribeir\u00e3o Preto, determinou que prefeitura de Ribeir\u00e3o Preto e o Cons\u00f3rcio Pro Urbano, restituam no cart\u00e3o de uma usu\u00e1ria do\u2026","rel":"","context":"In &quot;Not\u00edcias de Ribeir\u00e3o Preto-SP e Regi\u00e3o&quot;","block_context":{"text":"Not\u00edcias de Ribeir\u00e3o Preto-SP e Regi\u00e3o","link":"https:\/\/noticiasribeiraopreto.com.br\/index.php\/category\/noticias-de-ribeirao-preto-sp-e-regiao-ismael-colosi\/"},"img":{"alt_text":"","src":"https:\/\/i0.wp.com\/noticiasribeiraopreto.com.br\/wp-content\/uploads\/2025\/05\/1748294356_OnibusRP-Cat-Alfredo-Risk-scaled.jpg?fit=1200%2C800&ssl=1&resize=350%2C200","width":350,"height":200,"srcset":"https:\/\/i0.wp.com\/noticiasribeiraopreto.com.br\/wp-content\/uploads\/2025\/05\/1748294356_OnibusRP-Cat-Alfredo-Risk-scaled.jpg?fit=1200%2C800&ssl=1&resize=350%2C200 1x, https:\/\/i0.wp.com\/noticiasribeiraopreto.com.br\/wp-content\/uploads\/2025\/05\/1748294356_OnibusRP-Cat-Alfredo-Risk-scaled.jpg?fit=1200%2C800&ssl=1&resize=525%2C300 1.5x, https:\/\/i0.wp.com\/noticiasribeiraopreto.com.br\/wp-content\/uploads\/2025\/05\/1748294356_OnibusRP-Cat-Alfredo-Risk-scaled.jpg?fit=1200%2C800&ssl=1&resize=700%2C400 2x, https:\/\/i0.wp.com\/noticiasribeiraopreto.com.br\/wp-content\/uploads\/2025\/05\/1748294356_OnibusRP-Cat-Alfredo-Risk-scaled.jpg?fit=1200%2C800&ssl=1&resize=1050%2C600 3x"},"classes":[]},{"id":39511,"url":"https:\/\/noticiasribeiraopreto.com.br\/index.php\/2024\/02\/26\/tj-sp-mantem-valor-da-tarifa-do-vale-transporte-nos-onibus-de-ribeirao-preto\/","url_meta":{"origin":72072,"position":5},"title":"TJ-SP mant\u00e9m valor da tarifa do vale-transporte nos \u00f4nibus de Ribeir\u00e3o Preto","author":"noticiasribeiraopreto.com.br","date":"26 de February de 2024","format":false,"excerpt":"O TJ-SP (Tribunal de Justi\u00e7a de S\u00e3o Paulo) manteve a suspens\u00e3o do reajuste do vale-transporte nos \u00f4nibus de Ribeir\u00e3o Preto. O Tribunal recusou pedido da Prefeitura de Ribeir\u00e3o Preto para suspender a decis\u00e3o que derrubou o novo valor da modalidade que seria reajustado de R$ 5 para R$ 6. O\u2026","rel":"","context":"In &quot;Not\u00edcias de Ribeir\u00e3o Preto-SP e Regi\u00e3o&quot;","block_context":{"text":"Not\u00edcias de Ribeir\u00e3o Preto-SP e Regi\u00e3o","link":"https:\/\/noticiasribeiraopreto.com.br\/index.php\/category\/noticias-de-ribeirao-preto-sp-e-regiao-ismael-colosi\/"},"img":{"alt_text":"","src":"https:\/\/i0.wp.com\/noticiasribeiraopreto.com.br\/wp-content\/uploads\/2024\/02\/1708975515_novos-onibus-ribeirao-preto.jpg?fit=1200%2C800&ssl=1&resize=350%2C200","width":350,"height":200,"srcset":"https:\/\/i0.wp.com\/noticiasribeiraopreto.com.br\/wp-content\/uploads\/2024\/02\/1708975515_novos-onibus-ribeirao-preto.jpg?fit=1200%2C800&ssl=1&resize=350%2C200 1x, https:\/\/i0.wp.com\/noticiasribeiraopreto.com.br\/wp-content\/uploads\/2024\/02\/1708975515_novos-onibus-ribeirao-preto.jpg?fit=1200%2C800&ssl=1&resize=525%2C300 1.5x, https:\/\/i0.wp.com\/noticiasribeiraopreto.com.br\/wp-content\/uploads\/2024\/02\/1708975515_novos-onibus-ribeirao-preto.jpg?fit=1200%2C800&ssl=1&resize=700%2C400 2x, https:\/\/i0.wp.com\/noticiasribeiraopreto.com.br\/wp-content\/uploads\/2024\/02\/1708975515_novos-onibus-ribeirao-preto.jpg?fit=1200%2C800&ssl=1&resize=1050%2C600 3x"},"classes":[]}],"jetpack_sharing_enabled":true,"jetpack_shortlink":"https:\/\/wp.me\/peQAOb-iKs","_links":{"self":[{"href":"https:\/\/noticiasribeiraopreto.com.br\/index.php\/wp-json\/wp\/v2\/posts\/72072","targetHints":{"allow":["GET"]}}],"collection":[{"href":"https:\/\/noticiasribeiraopreto.com.br\/index.php\/wp-json\/wp\/v2\/posts"}],"about":[{"href":"https:\/\/noticiasribeiraopreto.com.br\/index.php\/wp-json\/wp\/v2\/types\/post"}],"author":[{"embeddable":true,"href":"https:\/\/noticiasribeiraopreto.com.br\/index.php\/wp-json\/wp\/v2\/users\/1"}],"replies":[{"embeddable":true,"href":"https:\/\/noticiasribeiraopreto.com.br\/index.php\/wp-json\/wp\/v2\/comments?post=72072"}],"version-history":[{"count":0,"href":"https:\/\/noticiasribeiraopreto.com.br\/index.php\/wp-json\/wp\/v2\/posts\/72072\/revisions"}],"wp:featuredmedia":[{"embeddable":true,"href":"https:\/\/noticiasribeiraopreto.com.br\/index.php\/wp-json\/wp\/v2\/media\/72073"}],"wp:attachment":[{"href":"https:\/\/noticiasribeiraopreto.com.br\/index.php\/wp-json\/wp\/v2\/media?parent=72072"}],"wp:term":[{"taxonomy":"category","embeddable":true,"href":"https:\/\/noticiasribeiraopreto.com.br\/index.php\/wp-json\/wp\/v2\/categories?post=72072"},{"taxonomy":"post_tag","embeddable":true,"href":"https:\/\/noticiasribeiraopreto.com.br\/index.php\/wp-json\/wp\/v2\/tags?post=72072"}],"curies":[{"name":"wp","href":"https:\/\/api.w.org\/{rel}","templated":true}]}}