{"id":72074,"date":"2025-06-12T22:18:04","date_gmt":"2025-06-13T01:18:04","guid":{"rendered":"https:\/\/noticiasribeiraopreto.com.br\/index.php\/2025\/06\/12\/jornal-da-franca-voce-dorme-mal-porque-tem-ciume-ou-tem-ciume-porque-dorme-mal-entenda\/"},"modified":"2025-06-12T22:18:04","modified_gmt":"2025-06-13T01:18:04","slug":"jornal-da-franca-voce-dorme-mal-porque-tem-ciume-ou-tem-ciume-porque-dorme-mal-entenda","status":"publish","type":"post","link":"https:\/\/noticiasribeiraopreto.com.br\/index.php\/2025\/06\/12\/jornal-da-franca-voce-dorme-mal-porque-tem-ciume-ou-tem-ciume-porque-dorme-mal-entenda\/","title":{"rendered":"Jornal da Franca &#8211; Voc\u00ea dorme mal porque tem ci\u00fame, ou tem ci\u00fame porque dorme mal? Entenda!"},"content":{"rendered":"<p> <br \/>\n<\/p>\n<div>\n\t                            <a class=\"mb-1\" href=\"https:\/\/api.whatsapp.com\/send?text=Olha essa Not\u00edcia no Jornal da Franca.%0D%0D*Voc\u00ea dorme mal porque tem ci\u00fame, ou tem ci\u00fame porque dorme mal? Entenda!*%0D%0Dclique na url abaixo%0Dhttps:\/\/www.jornaldafranca.com.br\/voce-dorme-mal-porque-tem-ciume-ou-tem-ciume-porque-dorme-mal-entenda\/\" target=\"_blank\"><span class=\"text-12 badge badge-pill badge-success\"><i class=\"fa fa-whatsapp\"\/> compartilhar no whatsapp<\/span><\/a><\/p>\n<p>\t                            <a class=\"mb-1\" href=\"https:\/\/telegram.me\/share\/url?url=https:\/\/www.jornaldafranca.com.br\/voce-dorme-mal-porque-tem-ciume-ou-tem-ciume-porque-dorme-mal-entenda\/&amp;text=Olha essa Not\u00edcia no Jornal da Franca.\" target=\"_blank\"><span class=\"text-12 badge badge-pill badge-info\"><i class=\"fa fa-telegram\"\/> compartilhar no telegram<\/span><\/a><\/p>\n<p>\t                            <a class=\"mb-1\" href=\"https:\/\/www.facebook.com\/sharer\/sharer.php?u=https:\/\/www.jornaldafranca.com.br\/voce-dorme-mal-porque-tem-ciume-ou-tem-ciume-porque-dorme-mal-entenda\/\" target=\"_blank\"><span class=\"text-12 badge badge-pill badge-primary\"><i class=\"fa fa-facebook\"\/> compartilhar no facebook<\/span><\/a><\/p>\n<p>\t                            <a class=\"mb-1\" href=\"https:\/\/www.linkedin.com\/shareArticle?mini=true&amp;url=https:\/\/www.jornaldafranca.com.br\/voce-dorme-mal-porque-tem-ciume-ou-tem-ciume-porque-dorme-mal-entenda\/&amp;title=Voc\u00ea dorme mal porque tem ci\u00fame, ou tem ci\u00fame porque dorme mal? Entenda!&amp;source=JORNAL DA FRANCA\" target=\"_blank\"><span class=\"text-12 badge badge-pill badge-secondary\"><i class=\"fa fa-linkedin\"\/> compartilhar no linkedin<\/span><\/a><\/p>\n<div class=\"lead text-20\">\n<p>Estudo descobriu que apego ansioso, marcado por inseguran\u00e7a e autoestima baixa, piora a qualidade do sono, o que aumenta o ci\u00fame em pessoas inseguras<\/p>\n<\/p><\/div>\n<p><img data-recalc-dims=\"1\" decoding=\"async\" src=\"https:\/\/i0.wp.com\/www.jornaldafranca.com.br\/wp-content\/uploads\/2023\/11\/dormir-mal-scaled.jpg?ssl=1\" alt=\"\"\/><\/p>\n<h6>Pessoas com ansiedade e inseguran\u00e7a nas rela\u00e7\u00f5es afetivas tendem a dormir pior \u2013 foto Arquivo<\/h6>\n<p>\u00a0<\/p>\n<p>Retratado na cultura popular como uma demonstra\u00e7\u00e3o de amor ou zelo, o ci\u00fame pode at\u00e9 tirar o nosso sono. Por\u00e9m um estudo recente mostra que a coisa \u00e9 um pouco mais complexa do que parece.<\/p>\n<p>De acordo com os autores, uma dupla de cientistas da Universidade de Montanaque apresentou seus resultados na reuni\u00e3o anual da Associated Professional Sleep Societies (SLEEP), as pessoas que t\u00eam ansiedade em rela\u00e7\u00f5es afetivas \u2014 motivada por medo de serem rejeitadas, por inseguran\u00e7a constante ou por baixa autoestima em relacionamentos \u2014 tendem a dormir pior.<\/p>\n<p>E, quando dormem mal, acabam ficando mais vulner\u00e1veis a sentimentos de ci\u00fame no dia a dia.<\/p>\n<p>Em outras palavras, trata-se de um ciclo vicioso emocional no qual a inseguran\u00e7a leva \u00e0 m\u00e1 qualidade do sono, que intensifica o ci\u00fame, que agrava a inseguran\u00e7a, em um circuito dif\u00edcil de ser quebrado.<\/p>\n<p>Para o principal autor do estudo, Giovanni Alvarado, doutorando na Universidade Estadual de Montana, nos Estados Unidos, \u201co sono ruim n\u00e3o estava uniformemente relacionado a todos os resultados socioemocionais negativos\u201d. Ou seja, as emo\u00e7\u00f5es s\u00e3o moldadas pelo estilo de apego.<\/p>\n<p>Segundo a Academia Americana de Medicina do Sono (AASM), uma noite bem dormida \u00e9 essencial para a sa\u00fade. E isso inclui n\u00e3o apenas dormir por tempo suficiente (pelo menos sete horas para adultos), mas tamb\u00e9m manter qualidade e regularidade, fatores que impactam nossas experi\u00eancias socioemocionais di\u00e1rias.<\/p>\n<p><strong>Analisando a correla\u00e7\u00e3o entre apego, qualidade do sono e ci\u00fame<\/strong><\/p>\n<p>Para testar suas hip\u00f3teses, os autores acompanharam 68 jovens adultos por duas semanas. Usando instrumentos como o \u00cdndice de Qualidade do Sono de Pittsburgh e um question\u00e1rio sobre relacionamentos, os participantes preencheram autorrelatos di\u00e1rios sobre experi\u00eancias emocionais e comportamentos sociais.<\/p>\n<p>As an\u00e1lises mostraram uma correla\u00e7\u00e3o significativa entre apego ansioso e a deteriora\u00e7\u00e3o da qualidade do sono. Indiv\u00edduos com maior ansiedade de apego tiveram padr\u00f5es de sono perturbados.<\/p>\n<p>Dist\u00farbios do sono, por sua vez, se manifestaram em forma de inseguran\u00e7a emocional em relacionamentos, criando um ciclo.<\/p>\n<p>Essa m\u00e1 qualidade do sono resultou em redu\u00e7\u00e3o dos comportamentos de aproxima\u00e7\u00e3o social. Ou seja, os participantes que dormiam mal evitavam intera\u00e7\u00f5es sociais e conex\u00f5es interpessoais, o que levou ao aumento de sentimentos negativos como culpa e ansiedade social.<\/p>\n<p>A rela\u00e7\u00e3o entre qualidade do sono e sentimentos de inveja foi moderada pela ansiedade de apego.<\/p>\n<p>Esse padr\u00e3o se apresenta em pessoas que t\u00eam medo de abandono e rejei\u00e7\u00e3o, buscam reafirma\u00e7\u00e3o do(a) parceiro(a), s\u00e3o hipersens\u00edveis a distanciamento emocional e dependentes da aprova\u00e7\u00e3o dos outros.<\/p>\n<p>Os resultados revelaram uma intera\u00e7\u00e3o complexa entre padr\u00f5es de apego, qualidade do sono e funcionamento social.<\/p>\n<p>Interven\u00e7\u00f5es voltadas \u00e0 melhoria do sono podem beneficiar indiv\u00edduos com ansiedade de apego muito alta. Compreender essas conex\u00f5es pode levar a abordagens terap\u00eauticas mais eficazes.<\/p>\n<p><strong>Implica\u00e7\u00f5es do estudo para novas interven\u00e7\u00f5es terap\u00eauticas<\/strong><\/p>\n<p>A pesquisa demonstrou uma rela\u00e7\u00e3o clara entre a m\u00e1 qualidade do sono e a ansiedade de apego nos participantes.<\/p>\n<p>Essa conex\u00e3o mostrou como o descanso inadequado afeta profundamente nossa capacidade de manter relacionamentos saud\u00e1veis e equilibrados emocionalmente.<\/p>\n<p>Ao mesmo tempo, o estudo identificou que problemas de sono intensificam sentimentos de inveja e ci\u00fame em contextos sociais.<\/p>\n<p>No entanto, esse efeito se manifestou apenas entre indiv\u00edduos mais propensos \u00e0 ansiedade relacional. Ou seja, a priva\u00e7\u00e3o de sono depende dos tra\u00e7os individuais de personalidade e inseguran\u00e7a.<\/p>\n<p>As descobertas iniciais indicam que, quando se trata de relacionamentos, nem todo mundo reage da mesma forma \u00e0 falta de sono: algumas pessoas ficam mais irritadas, ciumentas ou inseguras quando dormem mal, enquanto outras conseguem manter o equil\u00edbrio emocional, mesmo cansadas.<\/p>\n<p>A diferen\u00e7a est\u00e1 no estilo de apego de cada uma: aquelas com apego inseguro, ou seja, que j\u00e1 t\u00eam medo de abandono ou necessidade de reafirma\u00e7\u00e3o, s\u00e3o as mais afetadas pela falta de sono.<\/p>\n<p>Quando ficam cansadas, tornam-se ainda mais ansiosas, sens\u00edveis a sinais de rejei\u00e7\u00e3o e emocionalmente desreguladas.<\/p>\n<p>A pesquisa permite que profissionais criem tratamentos personalizados para pessoas com problemas de sono.<\/p>\n<p>Pessoas com apego seguro (mais confiantes) podem receber o tratamento padr\u00e3o para ins\u00f4nia, mas as com apego ansioso exigem estrat\u00e9gias para lidar com o ci\u00fame e a inseguran\u00e7a.<\/p>\n<p>Fonte: <em><strong>CNN<\/strong><\/em><\/p>\n<p><!-- CONTENT END 1 --><\/p>\n<hr\/><\/div>\n<p><br \/>\n<br \/><a href=\"https:\/\/www.jornaldafranca.com.br\/voce-dorme-mal-porque-tem-ciume-ou-tem-ciume-porque-dorme-mal-entenda\/\">Source link <\/a><\/p>\n","protected":false},"excerpt":{"rendered":"<p>compartilhar no whatsapp compartilhar no telegram compartilhar no facebook compartilhar no linkedin Estudo descobriu que apego ansioso, marcado por inseguran\u00e7a e autoestima baixa, piora a&#8230;<\/p>\n","protected":false},"author":1,"featured_media":72075,"comment_status":"open","ping_status":"open","sticky":false,"template":"","format":"standard","meta":{"advanced_seo_description":"","jetpack_seo_html_title":"","jetpack_seo_noindex":false,"jetpack_post_was_ever_published":false,"_jetpack_newsletter_access":"","_jetpack_dont_email_post_to_subs":false,"_jetpack_newsletter_tier_id":0,"_jetpack_memberships_contains_paywalled_content":false,"_jetpack_memberships_contains_paid_content":false,"footnotes":"","jetpack_publicize_message":"","jetpack_publicize_feature_enabled":true,"jetpack_social_post_already_shared":true,"jetpack_social_options":{"image_generator_settings":{"template":"highway","default_image_id":0,"font":"","enabled":false},"version":2}},"categories":[3597],"tags":[],"class_list":["post-72074","post","type-post","status-publish","format-standard","has-post-thumbnail","hentry","category-noticias-franca-sp"],"jetpack_publicize_connections":[],"jetpack_featured_media_url":"https:\/\/i0.wp.com\/noticiasribeiraopreto.com.br\/wp-content\/uploads\/2025\/06\/dormir-mal-scaled.jpg?fit=2560%2C1707&ssl=1","jetpack-related-posts":[{"id":69881,"url":"https:\/\/noticiasribeiraopreto.com.br\/index.php\/2025\/05\/10\/jornal-da-franca-energetico-faz-mal-a-saude-entenda-os-efeitos-da-bebida-no-seu-organismo\/","url_meta":{"origin":72074,"position":0},"title":"Jornal da Franca &#8211; Energ\u00e9tico faz mal \u00e0 sa\u00fade? Entenda os efeitos da bebida no seu organismo","author":"noticiasribeiraopreto.com.br","date":"10 de May de 2025","format":false,"excerpt":"compartilhar no whatsapp compartilhar no telegram compartilhar no facebook compartilhar no linkedin Especialista explica de que formas o energ\u00e9tico faz mal \u00e0 sa\u00fade, se consumido em excesso; entenda os principais riscos Consumo de energ\u00e9ticos requer cuidado \u2013 foto Arquivo \u00a0 Por todo o Brasil, muitas pessoas amam as chamadas bebidas\u2026","rel":"","context":"In &quot;Not\u00edcias de Franca-SP&quot;","block_context":{"text":"Not\u00edcias de Franca-SP","link":"https:\/\/noticiasribeiraopreto.com.br\/index.php\/category\/noticias-de-ribeirao-preto-sp-e-regiao-ismael-colosi\/noticias-franca-sp\/"},"img":{"alt_text":"","src":"https:\/\/i0.wp.com\/noticiasribeiraopreto.com.br\/wp-content\/uploads\/2025\/05\/energetico-shutterstock.jpg?fit=1200%2C675&ssl=1&resize=350%2C200","width":350,"height":200,"srcset":"https:\/\/i0.wp.com\/noticiasribeiraopreto.com.br\/wp-content\/uploads\/2025\/05\/energetico-shutterstock.jpg?fit=1200%2C675&ssl=1&resize=350%2C200 1x, https:\/\/i0.wp.com\/noticiasribeiraopreto.com.br\/wp-content\/uploads\/2025\/05\/energetico-shutterstock.jpg?fit=1200%2C675&ssl=1&resize=525%2C300 1.5x, https:\/\/i0.wp.com\/noticiasribeiraopreto.com.br\/wp-content\/uploads\/2025\/05\/energetico-shutterstock.jpg?fit=1200%2C675&ssl=1&resize=700%2C400 2x, https:\/\/i0.wp.com\/noticiasribeiraopreto.com.br\/wp-content\/uploads\/2025\/05\/energetico-shutterstock.jpg?fit=1200%2C675&ssl=1&resize=1050%2C600 3x"},"classes":[]},{"id":68677,"url":"https:\/\/noticiasribeiraopreto.com.br\/index.php\/2025\/04\/27\/jornal-da-franca-cafe-faz-bem-ou-mal-para-o-coracao-entenda-aqui\/","url_meta":{"origin":72074,"position":1},"title":"Jornal da Franca &#8211; Caf\u00e9 faz bem ou mal para o cora\u00e7\u00e3o? Entenda aqui!","author":"noticiasribeiraopreto.com.br","date":"27 de April de 2025","format":false,"excerpt":"compartilhar no whatsapp compartilhar no telegram compartilhar no facebook compartilhar no linkedin O caf\u00e9 pode fazer bem ou mal para a sua sa\u00fade cardiovascular, dependendo de como voc\u00ea o ingere; entenda como Para muita gente, tomar caf\u00e9 \u00e9 uma rotina quase sagrada \u2013 foto Arquivo \u00a0 Para muitos brasileiros, o\u2026","rel":"","context":"In &quot;Not\u00edcias de Franca-SP&quot;","block_context":{"text":"Not\u00edcias de Franca-SP","link":"https:\/\/noticiasribeiraopreto.com.br\/index.php\/category\/noticias-de-ribeirao-preto-sp-e-regiao-ismael-colosi\/noticias-franca-sp\/"},"img":{"alt_text":"","src":"https:\/\/i0.wp.com\/noticiasribeiraopreto.com.br\/wp-content\/uploads\/2025\/04\/cafe-e-pressao-alta.png?fit=1050%2C700&ssl=1&resize=350%2C200","width":350,"height":200,"srcset":"https:\/\/i0.wp.com\/noticiasribeiraopreto.com.br\/wp-content\/uploads\/2025\/04\/cafe-e-pressao-alta.png?fit=1050%2C700&ssl=1&resize=350%2C200 1x, https:\/\/i0.wp.com\/noticiasribeiraopreto.com.br\/wp-content\/uploads\/2025\/04\/cafe-e-pressao-alta.png?fit=1050%2C700&ssl=1&resize=525%2C300 1.5x, https:\/\/i0.wp.com\/noticiasribeiraopreto.com.br\/wp-content\/uploads\/2025\/04\/cafe-e-pressao-alta.png?fit=1050%2C700&ssl=1&resize=700%2C400 2x, https:\/\/i0.wp.com\/noticiasribeiraopreto.com.br\/wp-content\/uploads\/2025\/04\/cafe-e-pressao-alta.png?fit=1050%2C700&ssl=1&resize=1050%2C600 3x"},"classes":[]},{"id":71713,"url":"https:\/\/noticiasribeiraopreto.com.br\/index.php\/2025\/06\/09\/jornal-da-franca-sera-que-voce-tem-bruxismo-e-nao-sabe-entenda-os-sinais-e-como-identificar\/","url_meta":{"origin":72074,"position":2},"title":"Jornal da Franca &#8211; Ser\u00e1 que voc\u00ea tem bruxismo e n\u00e3o sabe? Entenda os sinais e como identificar","author":"noticiasribeiraopreto.com.br","date":"9 de June de 2025","format":false,"excerpt":"compartilhar no whatsapp compartilhar no telegram compartilhar no facebook compartilhar no linkedin Bruxismo \u00e9 silencioso em grande parte dos casos, e por isso costuma ser diagnosticado apenas quando os sintomas se agravam Existem dois tipos principais de bruxismo: o diurno e o noturno \u2013 foto Arquivo \u00a0 Ranger ou apertar\u2026","rel":"","context":"In &quot;Not\u00edcias de Franca-SP&quot;","block_context":{"text":"Not\u00edcias de Franca-SP","link":"https:\/\/noticiasribeiraopreto.com.br\/index.php\/category\/noticias-de-ribeirao-preto-sp-e-regiao-ismael-colosi\/noticias-franca-sp\/"},"img":{"alt_text":"","src":"https:\/\/i0.wp.com\/noticiasribeiraopreto.com.br\/wp-content\/uploads\/2025\/06\/toxina-botulinica-bruxismo-shutterstock.jpg?fit=1200%2C675&ssl=1&resize=350%2C200","width":350,"height":200,"srcset":"https:\/\/i0.wp.com\/noticiasribeiraopreto.com.br\/wp-content\/uploads\/2025\/06\/toxina-botulinica-bruxismo-shutterstock.jpg?fit=1200%2C675&ssl=1&resize=350%2C200 1x, https:\/\/i0.wp.com\/noticiasribeiraopreto.com.br\/wp-content\/uploads\/2025\/06\/toxina-botulinica-bruxismo-shutterstock.jpg?fit=1200%2C675&ssl=1&resize=525%2C300 1.5x, https:\/\/i0.wp.com\/noticiasribeiraopreto.com.br\/wp-content\/uploads\/2025\/06\/toxina-botulinica-bruxismo-shutterstock.jpg?fit=1200%2C675&ssl=1&resize=700%2C400 2x, https:\/\/i0.wp.com\/noticiasribeiraopreto.com.br\/wp-content\/uploads\/2025\/06\/toxina-botulinica-bruxismo-shutterstock.jpg?fit=1200%2C675&ssl=1&resize=1050%2C600 3x"},"classes":[]},{"id":66124,"url":"https:\/\/noticiasribeiraopreto.com.br\/index.php\/2025\/03\/28\/jornal-da-franca-depositos-de-sucata-sao-alvo-de-operacao-da-vigilancia-e-guarda-civil-de-franca\/","url_meta":{"origin":72074,"position":3},"title":"Jornal da Franca &#8211; Dep\u00f3sitos de sucata s\u00e3o alvo de opera\u00e7\u00e3o da Vigil\u00e2ncia e Guarda Civil de Franca","author":"noticiasribeiraopreto.com.br","date":"28 de March de 2025","format":false,"excerpt":"compartilhar no whatsapp compartilhar no telegram compartilhar no facebook compartilhar no linkedin Opera\u00e7\u00e3o tem como objetivo coibir furtos de fios e orientar sobre riscos de focos do mosquito da dengue A\u00e7\u00e3o conjunta da PM, Guarda Civil e Vigil\u00e2ncia Sanit\u00e1ria de Franca aconteceu na \u00faltima quinta-feira, 27 \u00a0 Equipes da Guarda\u2026","rel":"","context":"In &quot;Not\u00edcias de Franca-SP&quot;","block_context":{"text":"Not\u00edcias de Franca-SP","link":"https:\/\/noticiasribeiraopreto.com.br\/index.php\/category\/noticias-de-ribeirao-preto-sp-e-regiao-ismael-colosi\/noticias-franca-sp\/"},"img":{"alt_text":"","src":"https:\/\/i0.wp.com\/noticiasribeiraopreto.com.br\/wp-content\/uploads\/2025\/03\/fiscalizacao-sucatas.jpeg?fit=1200%2C794&ssl=1&resize=350%2C200","width":350,"height":200,"srcset":"https:\/\/i0.wp.com\/noticiasribeiraopreto.com.br\/wp-content\/uploads\/2025\/03\/fiscalizacao-sucatas.jpeg?fit=1200%2C794&ssl=1&resize=350%2C200 1x, https:\/\/i0.wp.com\/noticiasribeiraopreto.com.br\/wp-content\/uploads\/2025\/03\/fiscalizacao-sucatas.jpeg?fit=1200%2C794&ssl=1&resize=525%2C300 1.5x, https:\/\/i0.wp.com\/noticiasribeiraopreto.com.br\/wp-content\/uploads\/2025\/03\/fiscalizacao-sucatas.jpeg?fit=1200%2C794&ssl=1&resize=700%2C400 2x, https:\/\/i0.wp.com\/noticiasribeiraopreto.com.br\/wp-content\/uploads\/2025\/03\/fiscalizacao-sucatas.jpeg?fit=1200%2C794&ssl=1&resize=1050%2C600 3x"},"classes":[]},{"id":70290,"url":"https:\/\/noticiasribeiraopreto.com.br\/index.php\/2025\/05\/24\/jornal-da-franca-sesi-franca-e-uma-potencia-do-basquete-veja-porque-o-rolo-compressor-e-tao-temido\/","url_meta":{"origin":72074,"position":4},"title":"Jornal da Franca &#8211; Sesi Franca \u00e9 uma pot\u00eancia do basquete. Veja porque o Rolo Compressor \u00e9 t\u00e3o temido!","author":"noticiasribeiraopreto.com.br","date":"24 de May de 2025","format":false,"excerpt":"compartilhar no whatsapp compartilhar no telegram compartilhar no facebook compartilhar no linkedin Equipe \u00e9 a mais vitoriosa do Brasil e a que mais venceu o Flamengo em competi\u00e7\u00f5es nacionais e internacionais N\u00e3o \u00e9 tarefa f\u00e1cil encarar o Sesi Franca, principalmente no Pedroc\u00e3o. O time mais vitorioso do basquete nacional, atual\u2026","rel":"","context":"In &quot;Not\u00edcias de Franca-SP&quot;","block_context":{"text":"Not\u00edcias de Franca-SP","link":"https:\/\/noticiasribeiraopreto.com.br\/index.php\/category\/noticias-de-ribeirao-preto-sp-e-regiao-ismael-colosi\/noticias-franca-sp\/"},"img":{"alt_text":"","src":"https:\/\/i0.wp.com\/noticiasribeiraopreto.com.br\/wp-content\/uploads\/2025\/05\/IMG_20250524_093949.jpg?fit=1080%2C693&ssl=1&resize=350%2C200","width":350,"height":200,"srcset":"https:\/\/i0.wp.com\/noticiasribeiraopreto.com.br\/wp-content\/uploads\/2025\/05\/IMG_20250524_093949.jpg?fit=1080%2C693&ssl=1&resize=350%2C200 1x, https:\/\/i0.wp.com\/noticiasribeiraopreto.com.br\/wp-content\/uploads\/2025\/05\/IMG_20250524_093949.jpg?fit=1080%2C693&ssl=1&resize=525%2C300 1.5x, https:\/\/i0.wp.com\/noticiasribeiraopreto.com.br\/wp-content\/uploads\/2025\/05\/IMG_20250524_093949.jpg?fit=1080%2C693&ssl=1&resize=700%2C400 2x, https:\/\/i0.wp.com\/noticiasribeiraopreto.com.br\/wp-content\/uploads\/2025\/05\/IMG_20250524_093949.jpg?fit=1080%2C693&ssl=1&resize=1050%2C600 3x"},"classes":[]},{"id":64641,"url":"https:\/\/noticiasribeiraopreto.com.br\/index.php\/2025\/03\/11\/jornal-da-franca-veja-porque-voce-nao-deve-deixar-o-celular-com-carregador-ligado-a-tomada-o-dia-todo\/","url_meta":{"origin":72074,"position":5},"title":"Jornal da Franca &#8211; Veja porque voc\u00ea n\u00e3o deve deixar o celular com carregador ligado \u00e0 tomada o dia todo","author":"noticiasribeiraopreto.com.br","date":"11 de March de 2025","format":false,"excerpt":"compartilhar no whatsapp compartilhar no telegram compartilhar no facebook compartilhar no linkedin \u00c9 importante se lembrar de sempre de desconectar o aparelho e o carregador da tomada assim que o celular estiver em 100% Temos diversas manias que podem at\u00e9 parecer inofensivas, mas s\u00e3o muito perigosas. Esse \u00e9 o caso\u2026","rel":"","context":"In &quot;Not\u00edcias de Franca-SP&quot;","block_context":{"text":"Not\u00edcias de Franca-SP","link":"https:\/\/noticiasribeiraopreto.com.br\/index.php\/category\/noticias-de-ribeirao-preto-sp-e-regiao-ismael-colosi\/noticias-franca-sp\/"},"img":{"alt_text":"","src":"https:\/\/i0.wp.com\/noticiasribeiraopreto.com.br\/wp-content\/uploads\/2025\/03\/1697.jpg?fit=1000%2C667&ssl=1&resize=350%2C200","width":350,"height":200,"srcset":"https:\/\/i0.wp.com\/noticiasribeiraopreto.com.br\/wp-content\/uploads\/2025\/03\/1697.jpg?fit=1000%2C667&ssl=1&resize=350%2C200 1x, https:\/\/i0.wp.com\/noticiasribeiraopreto.com.br\/wp-content\/uploads\/2025\/03\/1697.jpg?fit=1000%2C667&ssl=1&resize=525%2C300 1.5x, https:\/\/i0.wp.com\/noticiasribeiraopreto.com.br\/wp-content\/uploads\/2025\/03\/1697.jpg?fit=1000%2C667&ssl=1&resize=700%2C400 2x"},"classes":[]}],"jetpack_sharing_enabled":true,"jetpack_shortlink":"https:\/\/wp.me\/peQAOb-iKu","_links":{"self":[{"href":"https:\/\/noticiasribeiraopreto.com.br\/index.php\/wp-json\/wp\/v2\/posts\/72074","targetHints":{"allow":["GET"]}}],"collection":[{"href":"https:\/\/noticiasribeiraopreto.com.br\/index.php\/wp-json\/wp\/v2\/posts"}],"about":[{"href":"https:\/\/noticiasribeiraopreto.com.br\/index.php\/wp-json\/wp\/v2\/types\/post"}],"author":[{"embeddable":true,"href":"https:\/\/noticiasribeiraopreto.com.br\/index.php\/wp-json\/wp\/v2\/users\/1"}],"replies":[{"embeddable":true,"href":"https:\/\/noticiasribeiraopreto.com.br\/index.php\/wp-json\/wp\/v2\/comments?post=72074"}],"version-history":[{"count":0,"href":"https:\/\/noticiasribeiraopreto.com.br\/index.php\/wp-json\/wp\/v2\/posts\/72074\/revisions"}],"wp:featuredmedia":[{"embeddable":true,"href":"https:\/\/noticiasribeiraopreto.com.br\/index.php\/wp-json\/wp\/v2\/media\/72075"}],"wp:attachment":[{"href":"https:\/\/noticiasribeiraopreto.com.br\/index.php\/wp-json\/wp\/v2\/media?parent=72074"}],"wp:term":[{"taxonomy":"category","embeddable":true,"href":"https:\/\/noticiasribeiraopreto.com.br\/index.php\/wp-json\/wp\/v2\/categories?post=72074"},{"taxonomy":"post_tag","embeddable":true,"href":"https:\/\/noticiasribeiraopreto.com.br\/index.php\/wp-json\/wp\/v2\/tags?post=72074"}],"curies":[{"name":"wp","href":"https:\/\/api.w.org\/{rel}","templated":true}]}}