{"id":72078,"date":"2025-06-13T00:16:42","date_gmt":"2025-06-13T03:16:42","guid":{"rendered":"https:\/\/noticiasribeiraopreto.com.br\/index.php\/2025\/06\/13\/novo-ct-da-base-do-botafogo-comeca-a-ser-construido-em-ribeirao-preto\/"},"modified":"2025-06-13T00:16:42","modified_gmt":"2025-06-13T03:16:42","slug":"novo-ct-da-base-do-botafogo-comeca-a-ser-construido-em-ribeirao-preto","status":"publish","type":"post","link":"https:\/\/noticiasribeiraopreto.com.br\/index.php\/2025\/06\/13\/novo-ct-da-base-do-botafogo-comeca-a-ser-construido-em-ribeirao-preto\/","title":{"rendered":"Novo CT da base do Botafogo come\u00e7a a ser constru\u00eddo em Ribeir\u00e3o Preto"},"content":{"rendered":"<p> <br \/>\n<\/p>\n<div>\n<p>A <strong>Botafogo Futebol SA<\/strong> deu in\u00edcio, nesta quinta-feira (12), <strong>\u00e0s obras do novo Centro de Treinamento das categorias de base<\/strong>, localizado \u00e0s margens da rodovia C\u00e2ndido Portinari, em Ribeir\u00e3o Preto.<\/p>\n<p>Na primeira fase, os trabalhos se concentram na limpeza da \u00e1rea e na terraplenagem do terreno onde ser\u00e1 constru\u00eddo um dos quatro campos do complexo. Est\u00e3o em opera\u00e7\u00e3o cinco tipos de m\u00e1quinas pesadas: r<strong>olo compactador<\/strong>, <strong>escavadeira hidr\u00e1ulica<\/strong>, <strong>motoniveladora<\/strong>, <strong>trator esteira<\/strong> e <strong>carregadeira<\/strong>, al\u00e9m de <strong>caminh\u00f5es<\/strong>.<\/p>\n<figure class=\"wp-block-image size-large\"><img data-recalc-dims=\"1\" fetchpriority=\"high\" decoding=\"async\" width=\"1024\" height=\"683\" src=\"https:\/\/i0.wp.com\/cdn.media-acidadeon.com.br\/ribeiraopreto\/wp-content\/uploads\/sites\/3\/2025\/06\/54584630177_6c75a1a1a6_o_2025-06-13_00-36-00-1024x683.webp?resize=1024%2C683&#038;ssl=1\" alt=\"\" class=\"wp-image-119690\" srcset=\"https:\/\/cdn.media-acidadeon.com.br\/ribeiraopreto\/wp-content\/uploads\/sites\/3\/2025\/06\/54584630177_6c75a1a1a6_o_2025-06-13_00-36-00-1024x683.webp 1024w, https:\/\/cdn.media-acidadeon.com.br\/ribeiraopreto\/wp-content\/uploads\/sites\/3\/2025\/06\/54584630177_6c75a1a1a6_o_2025-06-13_00-36-00-300x200.webp 300w, https:\/\/cdn.media-acidadeon.com.br\/ribeiraopreto\/wp-content\/uploads\/sites\/3\/2025\/06\/54584630177_6c75a1a1a6_o_2025-06-13_00-36-00-768x512.webp 768w, https:\/\/cdn.media-acidadeon.com.br\/ribeiraopreto\/wp-content\/uploads\/sites\/3\/2025\/06\/54584630177_6c75a1a1a6_o_2025-06-13_00-36-00-696x464.webp 696w, https:\/\/cdn.media-acidadeon.com.br\/ribeiraopreto\/wp-content\/uploads\/sites\/3\/2025\/06\/54584630177_6c75a1a1a6_o_2025-06-13_00-36-00-1068x712.webp 1068w, https:\/\/cdn.media-acidadeon.com.br\/ribeiraopreto\/wp-content\/uploads\/sites\/3\/2025\/06\/54584630177_6c75a1a1a6_o_2025-06-13_00-36-00.webp 1200w\" sizes=\"(max-width: 1024px) 100vw, 1024px\"\/><figcaption class=\"wp-element-caption\">Divulga\u00e7\u00e3o \/ Botafogo<\/figcaption><\/figure>\n<p>O Centro de Treinamento ser\u00e1 um dos maiores investimentos do Pantera, com infraestrutura composta por\u00a0<strong>tr\u00eas campos de futebol\u00a0<\/strong>e\u00a0<strong>alojamentos para 96 atletas.<\/strong>\u00a0<\/p>\n<p>Um dos campos, inclusive, vai sediar jogos oficiais das categorias de base e contar\u00e1 com uma arquibancada com capacidade para at\u00e9 1.500 torcedores.<\/p>\n<p>O an\u00fancio da compra do terreno foi feito no dia 24 de dezembro de 2024. Na ocasi\u00e3o, o presidente do Conselho de Administra\u00e7\u00e3o da Botafogo Futebol SA,\u00a0<strong>Adalberto Baptista<\/strong>, afirmou que a aquisi\u00e7\u00e3o era um presente de Natal para os torcedores do Pantera.<\/p>\n<hr class=\"wp-block-separator has-alpha-channel-opacity\"\/>\n<p>SAIBA MAIS<\/p>\n<p>V\u00eddeo: Veja o momento em que o jogador Pedro Severino deixa hospital sob aplausos<\/p>\n<h2 class=\"wp-block-heading\"><strong>FIQUE ON<\/strong><\/h2>\n<p>Quer ficar por dentro de tudo que acontece em Ribeir\u00e3o Preto e regi\u00e3o? Ent\u00e3o siga os perfis do\u202facidade on\u202fno\u202f<a href=\"https:\/\/www.instagram.com\/acidadeonribeirao\" target=\"_blank\" rel=\"noreferrer noopener\">Instagram<\/a>\u202fe no\u202f<a href=\"https:\/\/www.facebook.com\/acidadeonribeirao\/\" target=\"_blank\" rel=\"noreferrer noopener\">Facebook<\/a>.<\/p>\n<p>Al\u00e9m disso, voc\u00ea pode receber as principais not\u00edcias diretamente no WhatsApp. Para isso, basta\u00a0<a href=\"https:\/\/chat.whatsapp.com\/BjKQZ9oJwlz8VVT50NuePq\" target=\"_blank\" rel=\"noreferrer noopener\">entrar no grupo clicando aqui<\/a>.<\/p>\n<p>Por fim, se quiser fazer uma den\u00fancia ou sugerir uma reportagem sobre Ribeir\u00e3o Preto e regi\u00e3o, envie uma mensagem pelo WhatsApp: (16) 99117-7802.<\/p>\n<p>VEJA TAMB\u00c9M<\/p>\n<p>Quando o goleiro Rochet, do Inter, volta a jogar? <\/p>\n<p><!-- CONTENT END 2 -->\n<\/div>\n<p><script async src=\"\/\/www.instagram.com\/embed.js\"><\/script><br \/>\n<br \/><br \/>\n<br \/><a href=\"https:\/\/www.acidadeon.com\/ribeiraopreto\/esportes\/novo-ct-da-base-do-botafogo-comeca-a-ser-construido-em-ribeirao-preto\/\">Source link <\/a><\/p>\n","protected":false},"excerpt":{"rendered":"<p>A Botafogo Futebol SA deu in\u00edcio, nesta quinta-feira (12), \u00e0s obras do novo Centro de Treinamento das categorias de base, localizado \u00e0s margens da rodovia&#8230;<\/p>\n","protected":false},"author":1,"featured_media":72079,"comment_status":"open","ping_status":"open","sticky":false,"template":"","format":"standard","meta":{"advanced_seo_description":"","jetpack_seo_html_title":"","jetpack_seo_noindex":false,"jetpack_post_was_ever_published":false,"_jetpack_newsletter_access":"","_jetpack_dont_email_post_to_subs":false,"_jetpack_newsletter_tier_id":0,"_jetpack_memberships_contains_paywalled_content":false,"_jetpack_memberships_contains_paid_content":false,"footnotes":"","jetpack_publicize_message":"","jetpack_publicize_feature_enabled":true,"jetpack_social_post_already_shared":true,"jetpack_social_options":{"image_generator_settings":{"template":"highway","default_image_id":0,"font":"","enabled":false},"version":2}},"categories":[11],"tags":[],"class_list":["post-72078","post","type-post","status-publish","format-standard","has-post-thumbnail","hentry","category-noticias-de-ribeirao-preto-sp-e-regiao-ismael-colosi"],"jetpack_publicize_connections":[],"jetpack_featured_media_url":"https:\/\/i0.wp.com\/noticiasribeiraopreto.com.br\/wp-content\/uploads\/2025\/06\/54585811325_80e97d60c8_o_2025-06-13_00-40-29.webp.webp?fit=1200%2C800&ssl=1","jetpack-related-posts":[{"id":76424,"url":"https:\/\/noticiasribeiraopreto.com.br\/index.php\/2025\/08\/28\/novo-ct-do-botafogo-recebe-a-instalacao-do-gramado-sintetico\/","url_meta":{"origin":72078,"position":0},"title":"Novo CT do Botafogo recebe a instala\u00e7\u00e3o do gramado sint\u00e9tico","author":"noticiasribeiraopreto.com.br","date":"28 de August de 2025","format":false,"excerpt":"O novo centro de treinamentos da base do Botafogo, que est\u00e1 sendo constru\u00eddo na regi\u00e3o de Ribeir\u00e3o Preto, come\u00e7ou a receber a instala\u00e7\u00e3o do gramado sint\u00e9tico. A coloca\u00e7\u00e3o da grama artificial come\u00e7ou na \u00faltima segunda-feira (25) e dever\u00e1 ser finalizada em at\u00e9 40 dias nos tr\u00eas campos que receber\u00e3o o\u2026","rel":"","context":"In &quot;Not\u00edcias de Ribeir\u00e3o Preto-SP e Regi\u00e3o&quot;","block_context":{"text":"Not\u00edcias de Ribeir\u00e3o Preto-SP e Regi\u00e3o","link":"https:\/\/noticiasribeiraopreto.com.br\/index.php\/category\/noticias-de-ribeirao-preto-sp-e-regiao-ismael-colosi\/"},"img":{"alt_text":"","src":"https:\/\/i0.wp.com\/noticiasribeiraopreto.com.br\/wp-content\/uploads\/2025\/08\/grama-sintetica_2025-08-28_19-08-16.webp.webp?fit=1200%2C900&ssl=1&resize=350%2C200","width":350,"height":200,"srcset":"https:\/\/i0.wp.com\/noticiasribeiraopreto.com.br\/wp-content\/uploads\/2025\/08\/grama-sintetica_2025-08-28_19-08-16.webp.webp?fit=1200%2C900&ssl=1&resize=350%2C200 1x, https:\/\/i0.wp.com\/noticiasribeiraopreto.com.br\/wp-content\/uploads\/2025\/08\/grama-sintetica_2025-08-28_19-08-16.webp.webp?fit=1200%2C900&ssl=1&resize=525%2C300 1.5x, https:\/\/i0.wp.com\/noticiasribeiraopreto.com.br\/wp-content\/uploads\/2025\/08\/grama-sintetica_2025-08-28_19-08-16.webp.webp?fit=1200%2C900&ssl=1&resize=700%2C400 2x, https:\/\/i0.wp.com\/noticiasribeiraopreto.com.br\/wp-content\/uploads\/2025\/08\/grama-sintetica_2025-08-28_19-08-16.webp.webp?fit=1200%2C900&ssl=1&resize=1050%2C600 3x"},"classes":[]},{"id":83291,"url":"https:\/\/noticiasribeiraopreto.com.br\/index.php\/2026\/03\/15\/ct-da-base-do-botafogo-tem-primeira-etapa-inaugurada-na-regiao-de-ribeirao-preto-veja-imagens\/","url_meta":{"origin":72078,"position":1},"title":"CT da base do Botafogo tem primeira etapa inaugurada na regi\u00e3o de Ribeir\u00e3o Preto; Veja imagens","author":"noticiasribeiraopreto.com.br","date":"15 de March de 2026","format":false,"excerpt":"O\u00a0Botafogo\u00a0inaugurou neste s\u00e1bado (14) a primeira etapa de seu novo centro de treinamento das categorias de base, localizado em uma \u00e1rea de 80 mil metros quadrados na rodovia C\u00e2ndido Portinari (SP-334), entre\u00a0Jardin\u00f3polis\u00a0e\u00a0Brodowski, na regi\u00e3o de\u00a0Ribeir\u00e3o Preto. Assista ao v\u00eddeo e veja fotos abaixo. Nesta fase foram entregues tr\u00eas campos de\u2026","rel":"","context":"In &quot;Not\u00edcias de Ribeir\u00e3o Preto-SP e Regi\u00e3o&quot;","block_context":{"text":"Not\u00edcias de Ribeir\u00e3o Preto-SP e Regi\u00e3o","link":"https:\/\/noticiasribeiraopreto.com.br\/index.php\/category\/noticias-de-ribeirao-preto-sp-e-regiao-ismael-colosi\/"},"img":{"alt_text":"","src":"https:\/\/i0.wp.com\/noticiasribeiraopreto.com.br\/wp-content\/uploads\/2026\/03\/WhatsApp-Image-2026-03-14-at-14.43.301_2026-03-14_18-15-42.webp.webp?fit=1200%2C900&ssl=1&resize=350%2C200","width":350,"height":200,"srcset":"https:\/\/i0.wp.com\/noticiasribeiraopreto.com.br\/wp-content\/uploads\/2026\/03\/WhatsApp-Image-2026-03-14-at-14.43.301_2026-03-14_18-15-42.webp.webp?fit=1200%2C900&ssl=1&resize=350%2C200 1x, https:\/\/i0.wp.com\/noticiasribeiraopreto.com.br\/wp-content\/uploads\/2026\/03\/WhatsApp-Image-2026-03-14-at-14.43.301_2026-03-14_18-15-42.webp.webp?fit=1200%2C900&ssl=1&resize=525%2C300 1.5x, https:\/\/i0.wp.com\/noticiasribeiraopreto.com.br\/wp-content\/uploads\/2026\/03\/WhatsApp-Image-2026-03-14-at-14.43.301_2026-03-14_18-15-42.webp.webp?fit=1200%2C900&ssl=1&resize=700%2C400 2x, https:\/\/i0.wp.com\/noticiasribeiraopreto.com.br\/wp-content\/uploads\/2026\/03\/WhatsApp-Image-2026-03-14-at-14.43.301_2026-03-14_18-15-42.webp.webp?fit=1200%2C900&ssl=1&resize=1050%2C600 3x"},"classes":[]},{"id":74130,"url":"https:\/\/noticiasribeiraopreto.com.br\/index.php\/2025\/07\/16\/botafogo-revela-imagens-da-construcao-do-ct-da-base-veja-o-video\/","url_meta":{"origin":72078,"position":2},"title":"Botafogo revela imagens da constru\u00e7\u00e3o do CT da base; Veja o v\u00eddeo","author":"noticiasribeiraopreto.com.br","date":"16 de July de 2025","format":false,"excerpt":"O Botafogo divulgou nesta quarta-feira (16) imagens sobre os andamentos das obras de constru\u00e7\u00e3o do novo centro de treinamento das categorias de base \u2013 veja o v\u00eddeo abaixo. O centro de treinamento fica em uma \u00e1rea de 80 mil metros quadrados \u00e0s margens da rodovia Candido Portinari, entre Jardin\u00f3polis e\u2026","rel":"","context":"In &quot;Not\u00edcias de Ribeir\u00e3o Preto-SP e Regi\u00e3o&quot;","block_context":{"text":"Not\u00edcias de Ribeir\u00e3o Preto-SP e Regi\u00e3o","link":"https:\/\/noticiasribeiraopreto.com.br\/index.php\/category\/noticias-de-ribeirao-preto-sp-e-regiao-ismael-colosi\/"},"img":{"alt_text":"","src":"https:\/\/i0.wp.com\/noticiasribeiraopreto.com.br\/wp-content\/uploads\/2025\/07\/CT-BASE-BOTAFOGO_2025-07-16_17-40-34.webp.webp?fit=1200%2C498&ssl=1&resize=350%2C200","width":350,"height":200,"srcset":"https:\/\/i0.wp.com\/noticiasribeiraopreto.com.br\/wp-content\/uploads\/2025\/07\/CT-BASE-BOTAFOGO_2025-07-16_17-40-34.webp.webp?fit=1200%2C498&ssl=1&resize=350%2C200 1x, https:\/\/i0.wp.com\/noticiasribeiraopreto.com.br\/wp-content\/uploads\/2025\/07\/CT-BASE-BOTAFOGO_2025-07-16_17-40-34.webp.webp?fit=1200%2C498&ssl=1&resize=525%2C300 1.5x, https:\/\/i0.wp.com\/noticiasribeiraopreto.com.br\/wp-content\/uploads\/2025\/07\/CT-BASE-BOTAFOGO_2025-07-16_17-40-34.webp.webp?fit=1200%2C498&ssl=1&resize=700%2C400 2x, https:\/\/i0.wp.com\/noticiasribeiraopreto.com.br\/wp-content\/uploads\/2025\/07\/CT-BASE-BOTAFOGO_2025-07-16_17-40-34.webp.webp?fit=1200%2C498&ssl=1&resize=1050%2C600 3x"},"classes":[]},{"id":72206,"url":"https:\/\/noticiasribeiraopreto.com.br\/index.php\/2025\/06\/14\/botafogo-perde-para-o-paysandu-com-gol-no-final-pela-serie-b-do-brasileiro\/","url_meta":{"origin":72078,"position":3},"title":"Botafogo perde para o Paysandu\u00a0com gol no final pela S\u00e9rie B do Brasileiro","author":"noticiasribeiraopreto.com.br","date":"14 de June de 2025","format":false,"excerpt":"O Botafogo perdeu para o Paysandu na noite desta sexta-feira (13), com gol marcado aos 45 minutos do segundo tempo, na Curuzu, em Bel\u00e9m, pela 12\u00aa rodada da S\u00e9rie B do Campeonato Brasileiro. O \u00fanico gol da partida foi anotado pelo volante Leandro Vilela. Com o resultado, o Pantera permanece\u2026","rel":"","context":"In &quot;Not\u00edcias de Ribeir\u00e3o Preto-SP e Regi\u00e3o&quot;","block_context":{"text":"Not\u00edcias de Ribeir\u00e3o Preto-SP e Regi\u00e3o","link":"https:\/\/noticiasribeiraopreto.com.br\/index.php\/category\/noticias-de-ribeirao-preto-sp-e-regiao-ismael-colosi\/"},"img":{"alt_text":"","src":"https:\/\/i0.wp.com\/noticiasribeiraopreto.com.br\/wp-content\/uploads\/2025\/06\/54587929423_c04c312ee9_k_2025-06-14_12-36-31.webp.webp?fit=1200%2C800&ssl=1&resize=350%2C200","width":350,"height":200,"srcset":"https:\/\/i0.wp.com\/noticiasribeiraopreto.com.br\/wp-content\/uploads\/2025\/06\/54587929423_c04c312ee9_k_2025-06-14_12-36-31.webp.webp?fit=1200%2C800&ssl=1&resize=350%2C200 1x, https:\/\/i0.wp.com\/noticiasribeiraopreto.com.br\/wp-content\/uploads\/2025\/06\/54587929423_c04c312ee9_k_2025-06-14_12-36-31.webp.webp?fit=1200%2C800&ssl=1&resize=525%2C300 1.5x, https:\/\/i0.wp.com\/noticiasribeiraopreto.com.br\/wp-content\/uploads\/2025\/06\/54587929423_c04c312ee9_k_2025-06-14_12-36-31.webp.webp?fit=1200%2C800&ssl=1&resize=700%2C400 2x, https:\/\/i0.wp.com\/noticiasribeiraopreto.com.br\/wp-content\/uploads\/2025\/06\/54587929423_c04c312ee9_k_2025-06-14_12-36-31.webp.webp?fit=1200%2C800&ssl=1&resize=1050%2C600 3x"},"classes":[]},{"id":81545,"url":"https:\/\/noticiasribeiraopreto.com.br\/index.php\/2026\/01\/09\/prestes-a-completar-um-ano-saiba-como-estao-as-obras-do-novo-hc-ue-de-ribeirao-preto\/","url_meta":{"origin":72078,"position":4},"title":"Prestes a completar um ano, saiba como est\u00e3o as obras do novo HC-UE de Ribeir\u00e3o Preto","author":"noticiasribeiraopreto.com.br","date":"9 de January de 2026","format":false,"excerpt":"A poucos dias de completar um ano da visita do governador Tarc\u00edsio de Freitas (Republicanos) a Ribeir\u00e3o Preto, que marcou o in\u00edcio das obras da nova unidade de emerg\u00eancia do Hospital das Cl\u00ednicas, a institui\u00e7\u00e3o informou que a primeira etapa do projeto segue em execu\u00e7\u00e3o, com avan\u00e7os considerados \u201csignificativos em\u2026","rel":"","context":"In &quot;Not\u00edcias de Ribeir\u00e3o Preto-SP e Regi\u00e3o&quot;","block_context":{"text":"Not\u00edcias de Ribeir\u00e3o Preto-SP e Regi\u00e3o","link":"https:\/\/noticiasribeiraopreto.com.br\/index.php\/category\/noticias-de-ribeirao-preto-sp-e-regiao-ismael-colosi\/"},"img":{"alt_text":"","src":"https:\/\/i0.wp.com\/noticiasribeiraopreto.com.br\/wp-content\/uploads\/2026\/01\/domingo-71_2026-01-08_18-50-25.webp.webp?fit=1200%2C675&ssl=1&resize=350%2C200","width":350,"height":200,"srcset":"https:\/\/i0.wp.com\/noticiasribeiraopreto.com.br\/wp-content\/uploads\/2026\/01\/domingo-71_2026-01-08_18-50-25.webp.webp?fit=1200%2C675&ssl=1&resize=350%2C200 1x, https:\/\/i0.wp.com\/noticiasribeiraopreto.com.br\/wp-content\/uploads\/2026\/01\/domingo-71_2026-01-08_18-50-25.webp.webp?fit=1200%2C675&ssl=1&resize=525%2C300 1.5x, https:\/\/i0.wp.com\/noticiasribeiraopreto.com.br\/wp-content\/uploads\/2026\/01\/domingo-71_2026-01-08_18-50-25.webp.webp?fit=1200%2C675&ssl=1&resize=700%2C400 2x, https:\/\/i0.wp.com\/noticiasribeiraopreto.com.br\/wp-content\/uploads\/2026\/01\/domingo-71_2026-01-08_18-50-25.webp.webp?fit=1200%2C675&ssl=1&resize=1050%2C600 3x"},"classes":[]},{"id":83289,"url":"https:\/\/noticiasribeiraopreto.com.br\/index.php\/2026\/03\/15\/pedro-severino-da-pontape-inicial-em-inauguracao-do-ct-da-base-do-botafogo-video\/","url_meta":{"origin":72078,"position":5},"title":"Pedro Severino d\u00e1 pontap\u00e9 inicial em inaugura\u00e7\u00e3o do CT da base do Botafogo; V\u00eddeo","author":"noticiasribeiraopreto.com.br","date":"15 de March de 2026","format":false,"excerpt":"O atacante Pedro Severino participou neste s\u00e1bado (14) da inaugura\u00e7\u00e3o da primeira etapa do novo centro de treinamento das categorias de base do Botafogo, entre Jardin\u00f3polis e Brodowski, na regi\u00e3o de Ribeir\u00e3o Preto. O jogador, que se recupera de um acidente de carro, deu o pontap\u00e9 simb\u00f3lico da inaugura\u00e7\u00e3o em\u2026","rel":"","context":"In &quot;Not\u00edcias de Ribeir\u00e3o Preto-SP e Regi\u00e3o&quot;","block_context":{"text":"Not\u00edcias de Ribeir\u00e3o Preto-SP e Regi\u00e3o","link":"https:\/\/noticiasribeiraopreto.com.br\/index.php\/category\/noticias-de-ribeirao-preto-sp-e-regiao-ismael-colosi\/"},"img":{"alt_text":"","src":"https:\/\/i0.wp.com\/noticiasribeiraopreto.com.br\/wp-content\/uploads\/2026\/03\/WhatsApp-Image-2026-03-14-at-15.56.29_2026-03-14_19-56-00.webp.webp?fit=1200%2C675&ssl=1&resize=350%2C200","width":350,"height":200,"srcset":"https:\/\/i0.wp.com\/noticiasribeiraopreto.com.br\/wp-content\/uploads\/2026\/03\/WhatsApp-Image-2026-03-14-at-15.56.29_2026-03-14_19-56-00.webp.webp?fit=1200%2C675&ssl=1&resize=350%2C200 1x, https:\/\/i0.wp.com\/noticiasribeiraopreto.com.br\/wp-content\/uploads\/2026\/03\/WhatsApp-Image-2026-03-14-at-15.56.29_2026-03-14_19-56-00.webp.webp?fit=1200%2C675&ssl=1&resize=525%2C300 1.5x, https:\/\/i0.wp.com\/noticiasribeiraopreto.com.br\/wp-content\/uploads\/2026\/03\/WhatsApp-Image-2026-03-14-at-15.56.29_2026-03-14_19-56-00.webp.webp?fit=1200%2C675&ssl=1&resize=700%2C400 2x, https:\/\/i0.wp.com\/noticiasribeiraopreto.com.br\/wp-content\/uploads\/2026\/03\/WhatsApp-Image-2026-03-14-at-15.56.29_2026-03-14_19-56-00.webp.webp?fit=1200%2C675&ssl=1&resize=1050%2C600 3x"},"classes":[]}],"jetpack_sharing_enabled":true,"jetpack_shortlink":"https:\/\/wp.me\/peQAOb-iKy","_links":{"self":[{"href":"https:\/\/noticiasribeiraopreto.com.br\/index.php\/wp-json\/wp\/v2\/posts\/72078","targetHints":{"allow":["GET"]}}],"collection":[{"href":"https:\/\/noticiasribeiraopreto.com.br\/index.php\/wp-json\/wp\/v2\/posts"}],"about":[{"href":"https:\/\/noticiasribeiraopreto.com.br\/index.php\/wp-json\/wp\/v2\/types\/post"}],"author":[{"embeddable":true,"href":"https:\/\/noticiasribeiraopreto.com.br\/index.php\/wp-json\/wp\/v2\/users\/1"}],"replies":[{"embeddable":true,"href":"https:\/\/noticiasribeiraopreto.com.br\/index.php\/wp-json\/wp\/v2\/comments?post=72078"}],"version-history":[{"count":0,"href":"https:\/\/noticiasribeiraopreto.com.br\/index.php\/wp-json\/wp\/v2\/posts\/72078\/revisions"}],"wp:featuredmedia":[{"embeddable":true,"href":"https:\/\/noticiasribeiraopreto.com.br\/index.php\/wp-json\/wp\/v2\/media\/72079"}],"wp:attachment":[{"href":"https:\/\/noticiasribeiraopreto.com.br\/index.php\/wp-json\/wp\/v2\/media?parent=72078"}],"wp:term":[{"taxonomy":"category","embeddable":true,"href":"https:\/\/noticiasribeiraopreto.com.br\/index.php\/wp-json\/wp\/v2\/categories?post=72078"},{"taxonomy":"post_tag","embeddable":true,"href":"https:\/\/noticiasribeiraopreto.com.br\/index.php\/wp-json\/wp\/v2\/tags?post=72078"}],"curies":[{"name":"wp","href":"https:\/\/api.w.org\/{rel}","templated":true}]}}