{"id":72089,"date":"2025-06-13T08:37:50","date_gmt":"2025-06-13T11:37:50","guid":{"rendered":"https:\/\/noticiasribeiraopreto.com.br\/index.php\/2025\/06\/13\/hoje-e-dia-de-santo-antonio\/"},"modified":"2025-06-13T08:37:50","modified_gmt":"2025-06-13T11:37:50","slug":"hoje-e-dia-de-santo-antonio","status":"publish","type":"post","link":"https:\/\/noticiasribeiraopreto.com.br\/index.php\/2025\/06\/13\/hoje-e-dia-de-santo-antonio\/","title":{"rendered":"Hoje \u00e9 dia de Santo Ant\u00f4nio"},"content":{"rendered":"<div class='code-block code-block-1' style='margin: 8px 0 8px auto; text-align: right; display: block; clear: both;'>\n<p><a href=\"https:\/\/wa.link\/vpicfd\"><img data-recalc-dims=\"1\" class=\"wp-image-4922\" style=\"aspect-ratio: 2.0253164556962027; width: 561px; height: auto;\" src=\"https:\/\/i0.wp.com\/ismaelcolosi.com.br\/wp-content\/uploads\/2023\/11\/grupo-de-empregos-whatsapp-e-facebook-ismael-colosi-vagas.jpg?ssl=1\" alt=\"\" \/><\/a><\/p>\n<!-- \/wp:image -->\n<\/div>\n<p> <br \/>\n<\/p>\n<div>\n<p>Depois do Dia dos Namorados, milhares de pessoas s\u00e3o esperadas nesta sexta-feira, 13 de junho, na Igreja de Santo Ant\u00f4nio de P\u00e1dua, nos Campos El\u00edseos. Os devotos do santo casamenteiro prometem comparecer \u00e0s missas que ocorrem nos per\u00edodos da manh\u00e3, tarde e noite, al\u00e9m de aproveitar a tradicional ben\u00e7\u00e3o dos p\u00e3es.<\/p>\n<p>Os fi\u00e9is tamb\u00e9m participam de quermesse, que vai at\u00e9 dia 28. Hoje ser\u00e1 o dia inteiro. As missas do Dia de Santo Ant\u00f4nio na Par\u00f3quia Bas\u00edlica Santo Ant\u00f4nio de P\u00e1dua ser\u00e3o realizadas \u00e0s seis horas com o Padre Elviro, da Par\u00f3quia S\u00e3o Paulo Ap\u00f3stolo, e \u00e0s 7h30, com Padre Rafael, vig\u00e1rio da Par\u00f3quia Bas\u00edlica Santo Ant\u00f4nio de P\u00e1dua.<\/p>\n<p>Depois, haver\u00e1 missas \u00e0s nove horas com Dom Milton, da Par\u00f3quia Bas\u00edlica Santo Ant\u00f4nio de P\u00e1dua, e ao meio-dia, com o arcebispo metropolitano Dom Moacir Silva. As celebra\u00e7\u00f5es voltam \u00e0s 14h30, com Dom Andr\u00e9 (Par\u00f3quia Bas\u00edlica Santo Ant\u00f4nio de P\u00e1dua), \u00e0s 16h30 com Frei M\u00e1rcio e \u00e0s 19 horas, com Padre Pitico, administrador paroquial da Par\u00f3quia Bas\u00edlica Santo Ant\u00f4nio de P\u00e1dua.<\/p>\n<p>Essa \u00faltima missa costuma ser seguida de prociss\u00e3o, mas n\u00e3o h\u00e1 confirma\u00e7\u00e3o. Haver\u00e1 ben\u00e7\u00e3o dos p\u00e3es em todas as celebra\u00e7\u00f5es. A igreja fica na rua Para\u00edba n\u00ba 747, em frente \u00e0 pra\u00e7a que leva o nome do santo casamenteiro, nos Campos El\u00edseos. Todo ano, cerca de 20 mil p\u00e3es s\u00e3o aben\u00e7oados e distribu\u00eddos aos fi\u00e9is na data em que a Igreja Cat\u00f3lica celebra o Dia de Santo Ant\u00f4nio.<\/p>\n<p>Isso sem contar aqueles que s\u00e3o levados pelos pr\u00f3prios devotos. As pessoas ficam at\u00e9 meia hora na fila de dobrar quarteir\u00e3o para pegar p\u00e3es. Dizem que quem guarda o p\u00e3o aben\u00e7oado em uma lata tem alimento garantido o ano inteiro. A hist\u00f3ria do \u201cp\u00e3o de Santo Ant\u00f4nio\u201d remonta a um fato curioso que \u00e9 assim narrado:<\/p>\n<p>\u201cAnt\u00f4nio comovia-se tanto com a pobreza que, certa vez, distribuiu aos pobres todo o p\u00e3o do convento em que vivia. O frade padeiro ficou em apuros, quando, na hora da refei\u00e7\u00e3o, percebeu que os frades n\u00e3o tinham o que comer: os p\u00e3es tinham sido \u2018roubados\u2019. At\u00f4nito foi contar ao santo o ocorrido. Este mandou que verificasse melhor o lugar em que os tinha deixado. O irm\u00e3o padeiro voltou estupefato e alegre: os cestos transbordavam de p\u00e3o, tanto que foram distribu\u00eddos aos frades e aos pobres do convento\u201d.<\/p>\n<p>Batizado de Fernando de Bulh\u00f5es y Taveira de Azevedo, nasceu em Lisboa, em 1195, e morreu pr\u00f3ximo \u00e0 cidade de P\u00e1dua, na It\u00e1lia, aos 36 anos. Santo Ant\u00f4nio come\u00e7ou a trajet\u00f3ria religiosa na Congrega\u00e7\u00e3o dos C\u00f4negos Regulares de Santo Agostinho, em Lisboa, mas aderiu \u00e0 causa franciscana e se tornou um mission\u00e1rio. Seus serm\u00f5es ficaram conhecidos pela simplicidade e clareza. O santo lutava pela justi\u00e7a e pela valoriza\u00e7\u00e3o dos humildes.<\/p>\n<p>Apesar de n\u00e3o existir nenhum registro sobre casamentos, Santo Ant\u00f4nio ficou popular por ajudar mulheres a acharem um marido, sendo considerado o \u201csanto casamenteiro\u201d por emprestar dinheiro a elas, j\u00e1 que naquela \u00e9poca era preciso ter \u201cdote\u201d para arrumar marido. Santo Ant\u00f4nio recebe dois t\u00edtulos reconhecidos mundialmente: Santo Ant\u00f4nio de Lisboa (onde nasceu) e Santo Ant\u00f4nio de P\u00e1dua (local onde morreu).<\/p>\n<p>Segundo Dom Andr\u00e9 Maria Bernardino, \u201c\u00e9 um santo bem popular devido a sua dedica\u00e7\u00e3o \u00e0 gra\u00e7a de Deus, quando em seu convento ajudava tantas pessoas com ora\u00e7\u00e3o, com doa\u00e7\u00e3o de alimentos \u00e0queles que o procuravam. Isso fez dele um santo conhecido. Para n\u00f3s, por que n\u00e3o fazer igual?\u201d, diz o padre.<\/p>\n<p>A pr\u00e1tica de distribuir p\u00e3es no Dia de Santo Ant\u00f4nio foi institu\u00edda pela fam\u00edlia Proen\u00e7a da Fonseca, quando se instalou em Ribeir\u00e3o Preto, vinda de Portugal, no in\u00edcio do s\u00e9culo 20. Ao lado da casa foi erguida a capela, que depois se tornou igreja.\u00a0O p\u00e1roco da igreja \u00e9 Dom Greg\u00f3rio M. Botelho, e tamb\u00e9m integram o vig\u00e1rio paroquial Dom Bernardo Maria Bergamine e Dom Milton Aparecido M. Santana.<\/p>\n<p><strong>\u201cBas\u00edlica menor\u201d \u2013 <\/strong>Em 13 de junho de 2019, A Igreja Santo Ant\u00f4nio de P\u00e1dua foi elevada, pelo papa Francisco, a \u201cbas\u00edlica menor\u201d. Na pr\u00e1tica, o reconhecimento d\u00e1 mais poderes \u00e0 paroquia. O an\u00fancio aconteceu no ano que se comemora o centen\u00e1rio da chegada dos monges olivetanos a Ribeir\u00e3o Preto.<\/p>\n<p>A aprova\u00e7\u00e3o pelo Vaticano ocorreu em 4 de mar\u00e7o do mesmo ano. De acordo com as regras e hierarquia da Igreja Cat\u00f3lica, agora a igreja, na pr\u00e1tica, mais poderes, privil\u00e9gios e import\u00e2ncia. Entre eles, o de status internacional e n\u00e3o estar submetido \u00e0 jurisdi\u00e7\u00e3o eclesi\u00e1stica local. Tamb\u00e9m passa a ter um altar reservado ao papa, ao cardeal ou ao patriarca.<\/p>\n<p>Os respons\u00e1veis pela par\u00f3quia ressaltaram o reconhecimento do papa Francisco aos monges tibetanos e sua import\u00e2ncia na cidade. Os monges chegaram a Ribeir\u00e3o Preto em 1919 e s\u00e3o parte importante na hist\u00f3ria da arquidiocese. O t\u00edtulo \u00e9 concedido pelo papa a igrejas consideradas importantes, seja pela hist\u00f3ria ou trabalho que desenvolvem. No Brasil, 80 est\u00e3o nesta situa\u00e7\u00e3o.<\/p>\n<\/div>\n<p><br \/>\n<br \/><a href=\"https:\/\/www.tribunaribeirao.com.br\/hoje-e-dia-de-santo-antonio\/\">Source link <\/a><\/p>\n<!-- CONTENT END 1 -->\n","protected":false},"excerpt":{"rendered":"<p>Depois do Dia dos Namorados, milhares de pessoas s\u00e3o esperadas nesta sexta-feira, 13 de junho, na Igreja de Santo Ant\u00f4nio de P\u00e1dua, nos Campos El\u00edseos&#8230;.<\/p>\n","protected":false},"author":1,"featured_media":72090,"comment_status":"open","ping_status":"open","sticky":false,"template":"","format":"standard","meta":{"advanced_seo_description":"","jetpack_seo_html_title":"","jetpack_seo_noindex":false,"jetpack_post_was_ever_published":false,"_jetpack_newsletter_access":"","_jetpack_dont_email_post_to_subs":false,"_jetpack_newsletter_tier_id":0,"_jetpack_memberships_contains_paywalled_content":false,"_jetpack_memberships_contains_paid_content":false,"footnotes":"","jetpack_publicize_message":"","jetpack_publicize_feature_enabled":true,"jetpack_social_post_already_shared":true,"jetpack_social_options":{"image_generator_settings":{"template":"highway","default_image_id":0,"font":"","enabled":false},"version":2}},"categories":[11],"tags":[],"class_list":["post-72089","post","type-post","status-publish","format-standard","has-post-thumbnail","hentry","category-noticias-de-ribeirao-preto-sp-e-regiao-ismael-colosi"],"jetpack_publicize_connections":[],"jetpack_featured_media_url":"https:\/\/i0.wp.com\/noticiasribeiraopreto.com.br\/wp-content\/uploads\/2025\/06\/SantoRP-San-Alfredo-Risk-Arquivo-scaled.jpg?fit=750%2C500&ssl=1","jetpack-related-posts":[{"id":72101,"url":"https:\/\/noticiasribeiraopreto.com.br\/index.php\/2025\/06\/13\/dia-de-santo-antonio-tem-missas-e-bencao-dos-paes-em-basilica-de-ribeirao-preto-confira\/","url_meta":{"origin":72089,"position":0},"title":"Dia de Santo Ant\u00f4nio tem missas e ben\u00e7\u00e3o dos p\u00e3es em bas\u00edlica de Ribeir\u00e3o Preto; Confira","author":"noticiasribeiraopreto.com.br","date":"13 de June de 2025","format":false,"excerpt":"A Bas\u00edlica Santo Ant\u00f4nio preparou uma programa\u00e7\u00e3o especial nesta sexta-feira (13), data em que se comemora o padroeiro considerado protetor dos pobres e dos objetos perdidos, al\u00e9m de ter fama de ser \u201ccasamenteiro\u201d. Durante todo o dia est\u00e3o programadas sete missas, sendo a primeira \u00e0s 6h, com a tradicional ben\u00e7\u00e3o\u2026","rel":"","context":"In &quot;Not\u00edcias de Ribeir\u00e3o Preto-SP e Regi\u00e3o&quot;","block_context":{"text":"Not\u00edcias de Ribeir\u00e3o Preto-SP e Regi\u00e3o","link":"https:\/\/noticiasribeiraopreto.com.br\/index.php\/category\/noticias-de-ribeirao-preto-sp-e-regiao-ismael-colosi\/"},"img":{"alt_text":"","src":"https:\/\/i0.wp.com\/noticiasribeiraopreto.com.br\/wp-content\/uploads\/2025\/06\/BaslicaemRibeirotemquermesseemissasnodiadeSantoAntnio_Tamanho_2_image.jpg?fit=1200%2C900&ssl=1&resize=350%2C200","width":350,"height":200,"srcset":"https:\/\/i0.wp.com\/noticiasribeiraopreto.com.br\/wp-content\/uploads\/2025\/06\/BaslicaemRibeirotemquermesseemissasnodiadeSantoAntnio_Tamanho_2_image.jpg?fit=1200%2C900&ssl=1&resize=350%2C200 1x, https:\/\/i0.wp.com\/noticiasribeiraopreto.com.br\/wp-content\/uploads\/2025\/06\/BaslicaemRibeirotemquermesseemissasnodiadeSantoAntnio_Tamanho_2_image.jpg?fit=1200%2C900&ssl=1&resize=525%2C300 1.5x, https:\/\/i0.wp.com\/noticiasribeiraopreto.com.br\/wp-content\/uploads\/2025\/06\/BaslicaemRibeirotemquermesseemissasnodiadeSantoAntnio_Tamanho_2_image.jpg?fit=1200%2C900&ssl=1&resize=700%2C400 2x, https:\/\/i0.wp.com\/noticiasribeiraopreto.com.br\/wp-content\/uploads\/2025\/06\/BaslicaemRibeirotemquermesseemissasnodiadeSantoAntnio_Tamanho_2_image.jpg?fit=1200%2C900&ssl=1&resize=1050%2C600 3x"},"classes":[]},{"id":52848,"url":"https:\/\/noticiasribeiraopreto.com.br\/index.php\/2024\/06\/13\/dia-de-santo-antonio-veja-os-horarios-das-missas-e-quermesse-na-basilica-em-ribeirao\/","url_meta":{"origin":72089,"position":1},"title":"Dia de Santo Ant\u00f4nio: Veja os hor\u00e1rios das missas e quermesse na bas\u00edlica em Ribeir\u00e3o","author":"noticiasribeiraopreto.com.br","date":"13 de June de 2024","format":false,"excerpt":"A Par\u00f3quia Bas\u00edlica Santo Ant\u00f4nio no bairro Campos El\u00edseos, zona Norte de Ribeir\u00e3o Preto, preparou uma programa\u00e7\u00e3o especial nesta quinta-feira (13), dia dedicado ao padroeiro. A primeira missa foi celebrada \u00e0s 6h. E ainda h\u00e1 mais celebra\u00e7\u00f5es ao longo do dia. Confira os hor\u00e1rios: 19h \u2013 Com o arcebispo de\u2026","rel":"","context":"In &quot;Not\u00edcias de Ribeir\u00e3o Preto-SP e Regi\u00e3o&quot;","block_context":{"text":"Not\u00edcias de Ribeir\u00e3o Preto-SP e Regi\u00e3o","link":"https:\/\/noticiasribeiraopreto.com.br\/index.php\/category\/noticias-de-ribeirao-preto-sp-e-regiao-ismael-colosi\/"},"img":{"alt_text":"","src":"https:\/\/i0.wp.com\/noticiasribeiraopreto.com.br\/wp-content\/uploads\/2024\/06\/BaslicaemRibeirotemquermesseemissasnodiadeSantoAntnio_Tamanho_2_image.jpg?fit=1200%2C900&ssl=1&resize=350%2C200","width":350,"height":200,"srcset":"https:\/\/i0.wp.com\/noticiasribeiraopreto.com.br\/wp-content\/uploads\/2024\/06\/BaslicaemRibeirotemquermesseemissasnodiadeSantoAntnio_Tamanho_2_image.jpg?fit=1200%2C900&ssl=1&resize=350%2C200 1x, https:\/\/i0.wp.com\/noticiasribeiraopreto.com.br\/wp-content\/uploads\/2024\/06\/BaslicaemRibeirotemquermesseemissasnodiadeSantoAntnio_Tamanho_2_image.jpg?fit=1200%2C900&ssl=1&resize=525%2C300 1.5x, https:\/\/i0.wp.com\/noticiasribeiraopreto.com.br\/wp-content\/uploads\/2024\/06\/BaslicaemRibeirotemquermesseemissasnodiadeSantoAntnio_Tamanho_2_image.jpg?fit=1200%2C900&ssl=1&resize=700%2C400 2x, https:\/\/i0.wp.com\/noticiasribeiraopreto.com.br\/wp-content\/uploads\/2024\/06\/BaslicaemRibeirotemquermesseemissasnodiadeSantoAntnio_Tamanho_2_image.jpg?fit=1200%2C900&ssl=1&resize=1050%2C600 3x"},"classes":[]},{"id":52277,"url":"https:\/\/noticiasribeiraopreto.com.br\/index.php\/2024\/06\/05\/rota-do-arraia-quermesse-da-igreja-santo-antonio-em-ribeirao-preto-comeca-esta-semana\/","url_meta":{"origin":72089,"position":2},"title":"Rota do Arrai\u00e1: Quermesse da igreja Santo Ant\u00f4nio em Ribeir\u00e3o Preto come\u00e7a esta semana","author":"noticiasribeiraopreto.com.br","date":"5 de June de 2024","format":false,"excerpt":"A tradicional quermesse da igreja de Santo Ant\u00f4nio, elevada a Bas\u00edlica menor em 2019, come\u00e7a nesta sexta-feira (7) e segue at\u00e9 domingo (9). A festa junina, que faz parte da Rota do Arrai\u00e1, retorna nos pr\u00f3ximos dois finais de semana de junho \u2013 nos dias 13, 14 e 15 e\u2026","rel":"","context":"In &quot;Not\u00edcias de Ribeir\u00e3o Preto-SP e Regi\u00e3o&quot;","block_context":{"text":"Not\u00edcias de Ribeir\u00e3o Preto-SP e Regi\u00e3o","link":"https:\/\/noticiasribeiraopreto.com.br\/index.php\/category\/noticias-de-ribeirao-preto-sp-e-regiao-ismael-colosi\/"},"img":{"alt_text":"","src":"https:\/\/i0.wp.com\/noticiasribeiraopreto.com.br\/wp-content\/uploads\/2024\/06\/Copia-de-Copia-de-TAMANHO-EXATO-PARA-FOTOS-NO-SISTEMA-NOVO-11_2024-06-05_19-59-27_jpg_2024-06-05_19-59-27.webp.webp?fit=1200%2C675&ssl=1&resize=350%2C200","width":350,"height":200,"srcset":"https:\/\/i0.wp.com\/noticiasribeiraopreto.com.br\/wp-content\/uploads\/2024\/06\/Copia-de-Copia-de-TAMANHO-EXATO-PARA-FOTOS-NO-SISTEMA-NOVO-11_2024-06-05_19-59-27_jpg_2024-06-05_19-59-27.webp.webp?fit=1200%2C675&ssl=1&resize=350%2C200 1x, https:\/\/i0.wp.com\/noticiasribeiraopreto.com.br\/wp-content\/uploads\/2024\/06\/Copia-de-Copia-de-TAMANHO-EXATO-PARA-FOTOS-NO-SISTEMA-NOVO-11_2024-06-05_19-59-27_jpg_2024-06-05_19-59-27.webp.webp?fit=1200%2C675&ssl=1&resize=525%2C300 1.5x, https:\/\/i0.wp.com\/noticiasribeiraopreto.com.br\/wp-content\/uploads\/2024\/06\/Copia-de-Copia-de-TAMANHO-EXATO-PARA-FOTOS-NO-SISTEMA-NOVO-11_2024-06-05_19-59-27_jpg_2024-06-05_19-59-27.webp.webp?fit=1200%2C675&ssl=1&resize=700%2C400 2x, https:\/\/i0.wp.com\/noticiasribeiraopreto.com.br\/wp-content\/uploads\/2024\/06\/Copia-de-Copia-de-TAMANHO-EXATO-PARA-FOTOS-NO-SISTEMA-NOVO-11_2024-06-05_19-59-27_jpg_2024-06-05_19-59-27.webp.webp?fit=1200%2C675&ssl=1&resize=1050%2C600 3x"},"classes":[]},{"id":52812,"url":"https:\/\/noticiasribeiraopreto.com.br\/index.php\/2024\/06\/12\/dia-de-santo-antonio-entenda-de-onde-vem-a-fama-de-casamenteiro\/","url_meta":{"origin":72089,"position":3},"title":"Dia de Santo Ant\u00f4nio: Entenda de onde vem a fama de casamenteiro","author":"noticiasribeiraopreto.com.br","date":"12 de June de 2024","format":false,"excerpt":"Nesta quinta-feira (13), os cat\u00f3licos comemoram o Dia de Santo Ant\u00f4nio, conhecido como o santo casamenteiro. Mas de onde vem essa fama? Nascido em Lisboa em 1195, Fernando de Bulh\u00f5es e Taveira de Azevedo ingressou na Ordem dos Agostinianos quando tinha 15 anos, segundo a Confer\u00eancia Nacional dos Bispos do\u2026","rel":"","context":"In &quot;Not\u00edcias de Ribeir\u00e3o Preto-SP e Regi\u00e3o&quot;","block_context":{"text":"Not\u00edcias de Ribeir\u00e3o Preto-SP e Regi\u00e3o","link":"https:\/\/noticiasribeiraopreto.com.br\/index.php\/category\/noticias-de-ribeirao-preto-sp-e-regiao-ismael-colosi\/"},"img":{"alt_text":"","src":"https:\/\/i0.wp.com\/noticiasribeiraopreto.com.br\/wp-content\/uploads\/2024\/06\/anel-de-casamento-de-dois-ouro-sobre-fundo-branco-scaled.jpg?fit=1200%2C838&ssl=1&resize=350%2C200","width":350,"height":200,"srcset":"https:\/\/i0.wp.com\/noticiasribeiraopreto.com.br\/wp-content\/uploads\/2024\/06\/anel-de-casamento-de-dois-ouro-sobre-fundo-branco-scaled.jpg?fit=1200%2C838&ssl=1&resize=350%2C200 1x, https:\/\/i0.wp.com\/noticiasribeiraopreto.com.br\/wp-content\/uploads\/2024\/06\/anel-de-casamento-de-dois-ouro-sobre-fundo-branco-scaled.jpg?fit=1200%2C838&ssl=1&resize=525%2C300 1.5x, https:\/\/i0.wp.com\/noticiasribeiraopreto.com.br\/wp-content\/uploads\/2024\/06\/anel-de-casamento-de-dois-ouro-sobre-fundo-branco-scaled.jpg?fit=1200%2C838&ssl=1&resize=700%2C400 2x, https:\/\/i0.wp.com\/noticiasribeiraopreto.com.br\/wp-content\/uploads\/2024\/06\/anel-de-casamento-de-dois-ouro-sobre-fundo-branco-scaled.jpg?fit=1200%2C838&ssl=1&resize=1050%2C600 3x"},"classes":[]},{"id":43164,"url":"https:\/\/noticiasribeiraopreto.com.br\/index.php\/2024\/03\/19\/paroquia-de-ribeirao-preto-realiza-drive-thru-solidario-neste-final-de-semana\/","url_meta":{"origin":72089,"position":4},"title":"Par\u00f3quia de Ribeir\u00e3o Preto realiza drive-thru solid\u00e1rio neste final de semana","author":"noticiasribeiraopreto.com.br","date":"19 de March de 2024","format":false,"excerpt":"A Par\u00f3quia Santo Ant\u00f4nio, localizada no bairro Campos El\u00edseos, zona Norte de Ribeir\u00e3o Preto, realiza neste s\u00e1bado (23), um drive-thru solid\u00e1rio para arrecada\u00e7\u00e3o de chocolates, alimentos e produtos de higiene pessoal. As doa\u00e7\u00f5es poder\u00e3o ser entregues das 8h \u00e0s 12h, na pra\u00e7a em frente \u00e0 Bas\u00edlica, na rua Para\u00edba, 747.\u2026","rel":"","context":"In &quot;Not\u00edcias de Ribeir\u00e3o Preto-SP e Regi\u00e3o&quot;","block_context":{"text":"Not\u00edcias de Ribeir\u00e3o Preto-SP e Regi\u00e3o","link":"https:\/\/noticiasribeiraopreto.com.br\/index.php\/category\/noticias-de-ribeirao-preto-sp-e-regiao-ismael-colosi\/"},"img":{"alt_text":"","src":"https:\/\/i0.wp.com\/noticiasribeiraopreto.com.br\/wp-content\/uploads\/2024\/03\/BaslicaemRibeirotemquermesseemissasnodiadeSantoAntnio_Tamanho_2_image.jpg?fit=1200%2C900&ssl=1&resize=350%2C200","width":350,"height":200,"srcset":"https:\/\/i0.wp.com\/noticiasribeiraopreto.com.br\/wp-content\/uploads\/2024\/03\/BaslicaemRibeirotemquermesseemissasnodiadeSantoAntnio_Tamanho_2_image.jpg?fit=1200%2C900&ssl=1&resize=350%2C200 1x, https:\/\/i0.wp.com\/noticiasribeiraopreto.com.br\/wp-content\/uploads\/2024\/03\/BaslicaemRibeirotemquermesseemissasnodiadeSantoAntnio_Tamanho_2_image.jpg?fit=1200%2C900&ssl=1&resize=525%2C300 1.5x, https:\/\/i0.wp.com\/noticiasribeiraopreto.com.br\/wp-content\/uploads\/2024\/03\/BaslicaemRibeirotemquermesseemissasnodiadeSantoAntnio_Tamanho_2_image.jpg?fit=1200%2C900&ssl=1&resize=700%2C400 2x, https:\/\/i0.wp.com\/noticiasribeiraopreto.com.br\/wp-content\/uploads\/2024\/03\/BaslicaemRibeirotemquermesseemissasnodiadeSantoAntnio_Tamanho_2_image.jpg?fit=1200%2C900&ssl=1&resize=1050%2C600 3x"},"classes":[]},{"id":44844,"url":"https:\/\/noticiasribeiraopreto.com.br\/index.php\/2024\/03\/31\/saiba-quais-igrejas-ainda-possuem-missas-neste-domingo-de-pascoa-em-ribeirao-preto\/","url_meta":{"origin":72089,"position":5},"title":"Saiba quais igrejas ainda possuem missas neste domingo de P\u00e1scoa em Ribeir\u00e3o Preto","author":"noticiasribeiraopreto.com.br","date":"31 de March de 2024","format":false,"excerpt":"Ainda d\u00e1 tempo de participar de alguma das missas em celebra\u00e7\u00e3o \u00e0 ressurrei\u00e7\u00e3o de Jesus Cristo, neste domingo (31), em Ribeir\u00e3o Preto. A programa\u00e7\u00e3o da Semana Santa teve in\u00edcio na \u00faltima ter\u00e7a (26), com a missa das Sete Dores de Nossa Senhora. Na quinta (28), foi dia da Ceia do\u2026","rel":"","context":"In &quot;Not\u00edcias de Ribeir\u00e3o Preto-SP e Regi\u00e3o&quot;","block_context":{"text":"Not\u00edcias de Ribeir\u00e3o Preto-SP e Regi\u00e3o","link":"https:\/\/noticiasribeiraopreto.com.br\/index.php\/category\/noticias-de-ribeirao-preto-sp-e-regiao-ismael-colosi\/"},"img":{"alt_text":"","src":"https:\/\/i0.wp.com\/noticiasribeiraopreto.com.br\/wp-content\/uploads\/2024\/03\/catedral_ribeirao_1024x576_15082020124433.jpg?fit=1024%2C576&ssl=1&resize=350%2C200","width":350,"height":200,"srcset":"https:\/\/i0.wp.com\/noticiasribeiraopreto.com.br\/wp-content\/uploads\/2024\/03\/catedral_ribeirao_1024x576_15082020124433.jpg?fit=1024%2C576&ssl=1&resize=350%2C200 1x, https:\/\/i0.wp.com\/noticiasribeiraopreto.com.br\/wp-content\/uploads\/2024\/03\/catedral_ribeirao_1024x576_15082020124433.jpg?fit=1024%2C576&ssl=1&resize=525%2C300 1.5x, https:\/\/i0.wp.com\/noticiasribeiraopreto.com.br\/wp-content\/uploads\/2024\/03\/catedral_ribeirao_1024x576_15082020124433.jpg?fit=1024%2C576&ssl=1&resize=700%2C400 2x"},"classes":[]}],"jetpack_sharing_enabled":true,"jetpack_shortlink":"https:\/\/wp.me\/peQAOb-iKJ","_links":{"self":[{"href":"https:\/\/noticiasribeiraopreto.com.br\/index.php\/wp-json\/wp\/v2\/posts\/72089","targetHints":{"allow":["GET"]}}],"collection":[{"href":"https:\/\/noticiasribeiraopreto.com.br\/index.php\/wp-json\/wp\/v2\/posts"}],"about":[{"href":"https:\/\/noticiasribeiraopreto.com.br\/index.php\/wp-json\/wp\/v2\/types\/post"}],"author":[{"embeddable":true,"href":"https:\/\/noticiasribeiraopreto.com.br\/index.php\/wp-json\/wp\/v2\/users\/1"}],"replies":[{"embeddable":true,"href":"https:\/\/noticiasribeiraopreto.com.br\/index.php\/wp-json\/wp\/v2\/comments?post=72089"}],"version-history":[{"count":0,"href":"https:\/\/noticiasribeiraopreto.com.br\/index.php\/wp-json\/wp\/v2\/posts\/72089\/revisions"}],"wp:featuredmedia":[{"embeddable":true,"href":"https:\/\/noticiasribeiraopreto.com.br\/index.php\/wp-json\/wp\/v2\/media\/72090"}],"wp:attachment":[{"href":"https:\/\/noticiasribeiraopreto.com.br\/index.php\/wp-json\/wp\/v2\/media?parent=72089"}],"wp:term":[{"taxonomy":"category","embeddable":true,"href":"https:\/\/noticiasribeiraopreto.com.br\/index.php\/wp-json\/wp\/v2\/categories?post=72089"},{"taxonomy":"post_tag","embeddable":true,"href":"https:\/\/noticiasribeiraopreto.com.br\/index.php\/wp-json\/wp\/v2\/tags?post=72089"}],"curies":[{"name":"wp","href":"https:\/\/api.w.org\/{rel}","templated":true}]}}