{"id":72093,"date":"2025-06-13T09:29:19","date_gmt":"2025-06-13T12:29:19","guid":{"rendered":"https:\/\/noticiasribeiraopreto.com.br\/index.php\/2025\/06\/13\/morre-crianca-atropelada-por-onibus-na-zona-norte-de-ribeirao-preto\/"},"modified":"2025-06-13T09:29:19","modified_gmt":"2025-06-13T12:29:19","slug":"morre-crianca-atropelada-por-onibus-na-zona-norte-de-ribeirao-preto","status":"publish","type":"post","link":"https:\/\/noticiasribeiraopreto.com.br\/index.php\/2025\/06\/13\/morre-crianca-atropelada-por-onibus-na-zona-norte-de-ribeirao-preto\/","title":{"rendered":"Morre crian\u00e7a atropelada por \u00f4nibus na zona Norte de Ribeir\u00e3o Preto"},"content":{"rendered":"<p> <br \/>\n<\/p>\n<div data-td-block-uid=\"tdi_95\">\n<div class=\"tdb-block-inner td-fix-index\">\n<p><strong>A crian\u00e7a de 2 anos atropelada por um \u00f4nibus na manh\u00e3 desta sexta-feira (13), no Parque dos Pinus, zona Norte de Ribeir\u00e3o de Preto, n\u00e3o resistiu aos ferimentos e morreu ap\u00f3s ser socorrida.<\/strong><\/p>\n<p><mark style=\"background-color:#fcb900\" class=\"has-inline-color has-black-color\">Ela e a irm\u00e3, de 12 anos, estavam em uma bicicleta, quando foram atingidas pelo ve\u00edculo que fazia uma convers\u00e3o para acessar a avenida Ettore e Aurora Coraucci.<\/mark><\/p>\n<p>A irm\u00e3 tamb\u00e9m foi socorrida e encaminhada ao Hospital das Cl\u00ednicas \u2013 Unidade de Emerg\u00eancia (HC-UE).<\/p>\n<p>A RP Mobi informou que houve a interdi\u00e7\u00e3o total dos cruzamentos da avenida Ettore e Aurora Coraucci com as ruas Att\u00edlio Perticarrari e Palmiro Bim.<\/p>\n<p>As causas ainda dever\u00e3o ser apuradas.<\/p>\n<p>SAIBA MAIS<\/p>\n<p>Irm\u00e3s s\u00e3o atropeladas por \u00f4nibus na zona Norte de Ribeir\u00e3o Preto<\/p>\n<h2 class=\"wp-block-heading\"><strong>FIQUE ON<\/strong><\/h2>\n<p>Quer ficar por dentro de tudo que acontece em Ribeir\u00e3o Preto e regi\u00e3o? Ent\u00e3o siga os perfis do\u202facidade on\u202fno\u202f<a href=\"https:\/\/www.instagram.com\/acidadeonribeirao\" target=\"_blank\" rel=\"noreferrer noopener\">Instagram<\/a>\u202fe no\u202f<a href=\"https:\/\/www.facebook.com\/acidadeonribeirao\/\" target=\"_blank\" rel=\"noreferrer noopener\">Facebook<\/a>.<\/p>\n<p>Al\u00e9m disso, voc\u00ea pode receber as principais not\u00edcias diretamente no WhatsApp. Para isso, basta\u00a0<a href=\"https:\/\/chat.whatsapp.com\/BjKQZ9oJwlz8VVT50NuePq\" target=\"_blank\" rel=\"noreferrer noopener\">entrar no grupo clicando aqui<\/a>.<\/p>\n<p>Por fim, se quiser fazer uma den\u00fancia ou sugerir uma reportagem sobre Ribeir\u00e3o Preto e regi\u00e3o, envie uma mensagem pelo WhatsApp: (16) 99117-7802.<\/p>\n<p>VEJA TAMB\u00c9M<\/p>\n<p>Como \u00e9 o processo de autoriza\u00e7\u00e3o para cria\u00e7\u00e3o de can\u00e1rios-da-terra?<\/p>\n<p><!-- CONTENT END 2 -->\n<\/div>\n<\/div>\n<p><script async src=\"\/\/www.instagram.com\/embed.js\"><\/script><br \/>\n<br \/><br \/>\n<br \/><a href=\"https:\/\/www.acidadeon.com\/ribeiraopreto\/cotidiano\/morre-crianca-atropelada-por-onibus-na-zona-norte-de-ribeirao-preto\/\">Source link <\/a><\/p>\n","protected":false},"excerpt":{"rendered":"<p>A crian\u00e7a de 2 anos atropelada por um \u00f4nibus na manh\u00e3 desta sexta-feira (13), no Parque dos Pinus, zona Norte de Ribeir\u00e3o de Preto, n\u00e3o&#8230;<\/p>\n","protected":false},"author":1,"featured_media":72094,"comment_status":"open","ping_status":"open","sticky":false,"template":"","format":"standard","meta":{"advanced_seo_description":"","jetpack_seo_html_title":"","jetpack_seo_noindex":false,"jetpack_post_was_ever_published":false,"_jetpack_newsletter_access":"","_jetpack_dont_email_post_to_subs":false,"_jetpack_newsletter_tier_id":0,"_jetpack_memberships_contains_paywalled_content":false,"_jetpack_memberships_contains_paid_content":false,"footnotes":"","jetpack_publicize_message":"","jetpack_publicize_feature_enabled":true,"jetpack_social_post_already_shared":true,"jetpack_social_options":{"image_generator_settings":{"template":"highway","default_image_id":0,"font":"","enabled":false},"version":2}},"categories":[11],"tags":[],"class_list":["post-72093","post","type-post","status-publish","format-standard","has-post-thumbnail","hentry","category-noticias-de-ribeirao-preto-sp-e-regiao-ismael-colosi"],"jetpack_publicize_connections":[],"jetpack_featured_media_url":"https:\/\/i0.wp.com\/noticiasribeiraopreto.com.br\/wp-content\/uploads\/2025\/06\/WhatsApp-Image-2025-06-13-at-08.41.26_2025-06-13_12-10-57.webp.webp?fit=1200%2C675&ssl=1","jetpack-related-posts":[{"id":72095,"url":"https:\/\/noticiasribeiraopreto.com.br\/index.php\/2025\/06\/13\/irmas-sao-atropeladas-por-onibus-na-zona-norte-de-ribeirao-preto\/","url_meta":{"origin":72093,"position":0},"title":"Irm\u00e3s s\u00e3o atropeladas por \u00f4nibus na zona Norte de Ribeir\u00e3o Preto","author":"noticiasribeiraopreto.com.br","date":"13 de June de 2025","format":false,"excerpt":"Duas irm\u00e3s, que teriam entre 3 e 14 anos, foram atropeladas por um \u00f4nibus na manh\u00e3 desta sexta-feira (13), no Parque dos Pinus, zona Norte de Ribeir\u00e3o de Preto. As v\u00edtimas estavam em uma bicicleta pela rua Palmiro Bim, na liga\u00e7\u00e3o com a avenida Ettore e Aurora Coraucci. Equipes do\u2026","rel":"","context":"In &quot;Not\u00edcias de Ribeir\u00e3o Preto-SP e Regi\u00e3o&quot;","block_context":{"text":"Not\u00edcias de Ribeir\u00e3o Preto-SP e Regi\u00e3o","link":"https:\/\/noticiasribeiraopreto.com.br\/index.php\/category\/noticias-de-ribeirao-preto-sp-e-regiao-ismael-colosi\/"},"img":{"alt_text":"","src":"https:\/\/i0.wp.com\/noticiasribeiraopreto.com.br\/wp-content\/uploads\/2025\/06\/WhatsApp-Image-2025-06-13-at-08.16.53_2025-06-13_11-17-39.webp.webp?fit=1200%2C675&ssl=1&resize=350%2C200","width":350,"height":200,"srcset":"https:\/\/i0.wp.com\/noticiasribeiraopreto.com.br\/wp-content\/uploads\/2025\/06\/WhatsApp-Image-2025-06-13-at-08.16.53_2025-06-13_11-17-39.webp.webp?fit=1200%2C675&ssl=1&resize=350%2C200 1x, https:\/\/i0.wp.com\/noticiasribeiraopreto.com.br\/wp-content\/uploads\/2025\/06\/WhatsApp-Image-2025-06-13-at-08.16.53_2025-06-13_11-17-39.webp.webp?fit=1200%2C675&ssl=1&resize=525%2C300 1.5x, https:\/\/i0.wp.com\/noticiasribeiraopreto.com.br\/wp-content\/uploads\/2025\/06\/WhatsApp-Image-2025-06-13-at-08.16.53_2025-06-13_11-17-39.webp.webp?fit=1200%2C675&ssl=1&resize=700%2C400 2x, https:\/\/i0.wp.com\/noticiasribeiraopreto.com.br\/wp-content\/uploads\/2025\/06\/WhatsApp-Image-2025-06-13-at-08.16.53_2025-06-13_11-17-39.webp.webp?fit=1200%2C675&ssl=1&resize=1050%2C600 3x"},"classes":[]},{"id":72103,"url":"https:\/\/noticiasribeiraopreto.com.br\/index.php\/2025\/06\/13\/video-crianca-e-atropelada-por-onibus-e-morre-na-zona-norte\/","url_meta":{"origin":72093,"position":1},"title":"V\u00cdDEO &#8211; Crian\u00e7a \u00e9 atropelada por \u00f4nibus e morre na zona Norte","author":"noticiasribeiraopreto.com.br","date":"13 de June de 2025","format":false,"excerpt":"Adolescente estava com a irm\u00e3 em bicicleta quando ocorreu o atropelamento; a mais velha foi levada para um hospital 13 de junho de 2025 10:0613 de junho de 2025 10:073 Compartilhar1 Por: Adalberto Luque Um atropelamento deixou uma crian\u00e7a morte e uma adolescente ferida, na manh\u00e3 desta sexta-feira (13). O\u2026","rel":"","context":"In &quot;Not\u00edcias de Ribeir\u00e3o Preto-SP e Regi\u00e3o&quot;","block_context":{"text":"Not\u00edcias de Ribeir\u00e3o Preto-SP e Regi\u00e3o","link":"https:\/\/noticiasribeiraopreto.com.br\/index.php\/category\/noticias-de-ribeirao-preto-sp-e-regiao-ismael-colosi\/"},"img":{"alt_text":"","src":"https:\/\/i0.wp.com\/noticiasribeiraopreto.com.br\/wp-content\/uploads\/2025\/06\/13-jun-2025-meninaacidente-scaled.jpg?fit=800%2C458&ssl=1&resize=350%2C200","width":350,"height":200,"srcset":"https:\/\/i0.wp.com\/noticiasribeiraopreto.com.br\/wp-content\/uploads\/2025\/06\/13-jun-2025-meninaacidente-scaled.jpg?fit=800%2C458&ssl=1&resize=350%2C200 1x, https:\/\/i0.wp.com\/noticiasribeiraopreto.com.br\/wp-content\/uploads\/2025\/06\/13-jun-2025-meninaacidente-scaled.jpg?fit=800%2C458&ssl=1&resize=525%2C300 1.5x, https:\/\/i0.wp.com\/noticiasribeiraopreto.com.br\/wp-content\/uploads\/2025\/06\/13-jun-2025-meninaacidente-scaled.jpg?fit=800%2C458&ssl=1&resize=700%2C400 2x"},"classes":[]},{"id":72141,"url":"https:\/\/noticiasribeiraopreto.com.br\/index.php\/2025\/06\/13\/escola-suspende-aulas-apos-morte-de-aluna-atingida-por-onibus-em-ribeirao-preto\/","url_meta":{"origin":72093,"position":2},"title":"Escola suspende aulas ap\u00f3s morte de aluna atingida por \u00f4nibus em Ribeir\u00e3o Preto","author":"noticiasribeiraopreto.com.br","date":"13 de June de 2025","format":false,"excerpt":"A EMEI Jos\u00e9 Bonif\u00e1cio Coutinho Nogueira suspendeu as aulas nesta sexta-feira (13), depois da morte de uma crian\u00e7a de 3 anos, aluna da institui\u00e7\u00e3o, que foi atropelada por um \u00f4nibus, no Parque dos Pinus, zona Norte de Ribeir\u00e3o Preto. Segundo a Secretaria Municipal da Educa\u00e7\u00e3o, a interrup\u00e7\u00e3o tempor\u00e1ria das aulas\u2026","rel":"","context":"In &quot;Not\u00edcias de Ribeir\u00e3o Preto-SP e Regi\u00e3o&quot;","block_context":{"text":"Not\u00edcias de Ribeir\u00e3o Preto-SP e Regi\u00e3o","link":"https:\/\/noticiasribeiraopreto.com.br\/index.php\/category\/noticias-de-ribeirao-preto-sp-e-regiao-ismael-colosi\/"},"img":{"alt_text":"","src":"https:\/\/i0.wp.com\/noticiasribeiraopreto.com.br\/wp-content\/uploads\/2025\/06\/ONIBUS_2025-06-13_17-21-00.webp.webp?fit=1200%2C756&ssl=1&resize=350%2C200","width":350,"height":200,"srcset":"https:\/\/i0.wp.com\/noticiasribeiraopreto.com.br\/wp-content\/uploads\/2025\/06\/ONIBUS_2025-06-13_17-21-00.webp.webp?fit=1200%2C756&ssl=1&resize=350%2C200 1x, https:\/\/i0.wp.com\/noticiasribeiraopreto.com.br\/wp-content\/uploads\/2025\/06\/ONIBUS_2025-06-13_17-21-00.webp.webp?fit=1200%2C756&ssl=1&resize=525%2C300 1.5x, https:\/\/i0.wp.com\/noticiasribeiraopreto.com.br\/wp-content\/uploads\/2025\/06\/ONIBUS_2025-06-13_17-21-00.webp.webp?fit=1200%2C756&ssl=1&resize=700%2C400 2x, https:\/\/i0.wp.com\/noticiasribeiraopreto.com.br\/wp-content\/uploads\/2025\/06\/ONIBUS_2025-06-13_17-21-00.webp.webp?fit=1200%2C756&ssl=1&resize=1050%2C600 3x"},"classes":[]},{"id":72121,"url":"https:\/\/noticiasribeiraopreto.com.br\/index.php\/2025\/06\/13\/video-medico-que-atendeu-irmas-fala-do-quadro-que-encontrou\/","url_meta":{"origin":72093,"position":3},"title":"V\u00cdDEO &#8211; M\u00e9dico que atendeu irm\u00e3s fala do quadro que encontrou","author":"noticiasribeiraopreto.com.br","date":"13 de June de 2025","format":false,"excerpt":"Intensivista do Grau explica que mais nova j\u00e1 estava em parada respirat\u00f3ria quando bombeiros chegaram 13 de junho de 2025 12:5013 de junho de 2025 12:503 Compartilhar0 Por: Adalberto Luque O m\u00e9dico intensivista Leandro Mota, que participou do resgate das irm\u00e3s atropeladas, fala sobre o quadro encontrado assim que as\u2026","rel":"","context":"In &quot;Not\u00edcias de Ribeir\u00e3o Preto-SP e Regi\u00e3o&quot;","block_context":{"text":"Not\u00edcias de Ribeir\u00e3o Preto-SP e Regi\u00e3o","link":"https:\/\/noticiasribeiraopreto.com.br\/index.php\/category\/noticias-de-ribeirao-preto-sp-e-regiao-ismael-colosi\/"},"img":{"alt_text":"","src":"https:\/\/i0.wp.com\/noticiasribeiraopreto.com.br\/wp-content\/uploads\/2025\/06\/13-jun-2025-medicoatropelamento-scaled.jpg?fit=800%2C450&ssl=1&resize=350%2C200","width":350,"height":200,"srcset":"https:\/\/i0.wp.com\/noticiasribeiraopreto.com.br\/wp-content\/uploads\/2025\/06\/13-jun-2025-medicoatropelamento-scaled.jpg?fit=800%2C450&ssl=1&resize=350%2C200 1x, https:\/\/i0.wp.com\/noticiasribeiraopreto.com.br\/wp-content\/uploads\/2025\/06\/13-jun-2025-medicoatropelamento-scaled.jpg?fit=800%2C450&ssl=1&resize=525%2C300 1.5x, https:\/\/i0.wp.com\/noticiasribeiraopreto.com.br\/wp-content\/uploads\/2025\/06\/13-jun-2025-medicoatropelamento-scaled.jpg?fit=800%2C450&ssl=1&resize=700%2C400 2x"},"classes":[]},{"id":61876,"url":"https:\/\/noticiasribeiraopreto.com.br\/index.php\/2024\/12\/26\/crianca-de-4-anos-morre-apos-ser-atropelada-pelo-pai-em-ribeirao-preto\/","url_meta":{"origin":72093,"position":4},"title":"Crian\u00e7a de 4 anos morre ap\u00f3s ser atropelada pelo pai em Ribeir\u00e3o Preto","author":"noticiasribeiraopreto.com.br","date":"26 de December de 2024","format":false,"excerpt":"Uma menina de 4 anos morreu na tarde da \u00faltima ter\u00e7a-feira (24), depois de ser atropelada pelo carro dirigido pelo pai, no bairro Adelino Simioni, zona Norte de Ribeir\u00e3o Preto. Segundo o boletim de ocorr\u00eancia (BO), registrado por uma tia da crian\u00e7a, o pai conduzia o ve\u00edculo para guardar o\u2026","rel":"","context":"In &quot;Not\u00edcias de Ribeir\u00e3o Preto-SP e Regi\u00e3o&quot;","block_context":{"text":"Not\u00edcias de Ribeir\u00e3o Preto-SP e Regi\u00e3o","link":"https:\/\/noticiasribeiraopreto.com.br\/index.php\/category\/noticias-de-ribeirao-preto-sp-e-regiao-ismael-colosi\/"},"img":{"alt_text":"","src":"https:\/\/noticiasribeiraopreto.com.br\/wp-content\/uploads\/2024\/02\/whatsapp_image_2022-08-14_at_12_10_03.jpe","width":350,"height":200,"srcset":"https:\/\/noticiasribeiraopreto.com.br\/wp-content\/uploads\/2024\/02\/whatsapp_image_2022-08-14_at_12_10_03.jpe 1x, https:\/\/noticiasribeiraopreto.com.br\/wp-content\/uploads\/2024\/02\/whatsapp_image_2022-08-14_at_12_10_03.jpe 1.5x, https:\/\/noticiasribeiraopreto.com.br\/wp-content\/uploads\/2024\/02\/whatsapp_image_2022-08-14_at_12_10_03.jpe 2x, https:\/\/noticiasribeiraopreto.com.br\/wp-content\/uploads\/2024\/02\/whatsapp_image_2022-08-14_at_12_10_03.jpe 3x"},"classes":[]},{"id":60897,"url":"https:\/\/noticiasribeiraopreto.com.br\/index.php\/2024\/11\/28\/mulher-e-atropelada-por-onibus-enquanto-aguardava-para-atravessar-em-ribeirao\/","url_meta":{"origin":72093,"position":5},"title":"Mulher \u00e9 atropelada por \u00f4nibus enquanto aguardava para atravessar em Ribeir\u00e3o","author":"noticiasribeiraopreto.com.br","date":"28 de November de 2024","format":false,"excerpt":"Uma mulher de 51 anos ficou em estado grave ap\u00f3s ser atropelada por um \u00f4nibus do transporte coletivo de Ribeir\u00e3o Preto, na \u00faltima segunda-feira (25), na avenida Independ\u00eancia. O acidente foi registrado por c\u00e2meras de seguran\u00e7a (veja abaixo) e mostram que Rosemeire Cristina Martins seguia pela rua Bernardino de Campos\u2026","rel":"","context":"In &quot;Not\u00edcias de Ribeir\u00e3o Preto-SP e Regi\u00e3o&quot;","block_context":{"text":"Not\u00edcias de Ribeir\u00e3o Preto-SP e Regi\u00e3o","link":"https:\/\/noticiasribeiraopreto.com.br\/index.php\/category\/noticias-de-ribeirao-preto-sp-e-regiao-ismael-colosi\/"},"img":{"alt_text":"","src":"https:\/\/i0.wp.com\/noticiasribeiraopreto.com.br\/wp-content\/uploads\/2024\/11\/Copia-de-Copia-de-Copia-de-TAMANHO-EXATO-PARA-FOTOS-NO-SISTEMA-NOVO-2024-11-28T130900.851_2024-11-28_16-09-19_png_2024-11-28_16-09-20.webp.webp?fit=1200%2C675&ssl=1&resize=350%2C200","width":350,"height":200,"srcset":"https:\/\/i0.wp.com\/noticiasribeiraopreto.com.br\/wp-content\/uploads\/2024\/11\/Copia-de-Copia-de-Copia-de-TAMANHO-EXATO-PARA-FOTOS-NO-SISTEMA-NOVO-2024-11-28T130900.851_2024-11-28_16-09-19_png_2024-11-28_16-09-20.webp.webp?fit=1200%2C675&ssl=1&resize=350%2C200 1x, https:\/\/i0.wp.com\/noticiasribeiraopreto.com.br\/wp-content\/uploads\/2024\/11\/Copia-de-Copia-de-Copia-de-TAMANHO-EXATO-PARA-FOTOS-NO-SISTEMA-NOVO-2024-11-28T130900.851_2024-11-28_16-09-19_png_2024-11-28_16-09-20.webp.webp?fit=1200%2C675&ssl=1&resize=525%2C300 1.5x, https:\/\/i0.wp.com\/noticiasribeiraopreto.com.br\/wp-content\/uploads\/2024\/11\/Copia-de-Copia-de-Copia-de-TAMANHO-EXATO-PARA-FOTOS-NO-SISTEMA-NOVO-2024-11-28T130900.851_2024-11-28_16-09-19_png_2024-11-28_16-09-20.webp.webp?fit=1200%2C675&ssl=1&resize=700%2C400 2x, https:\/\/i0.wp.com\/noticiasribeiraopreto.com.br\/wp-content\/uploads\/2024\/11\/Copia-de-Copia-de-Copia-de-TAMANHO-EXATO-PARA-FOTOS-NO-SISTEMA-NOVO-2024-11-28T130900.851_2024-11-28_16-09-19_png_2024-11-28_16-09-20.webp.webp?fit=1200%2C675&ssl=1&resize=1050%2C600 3x"},"classes":[]}],"jetpack_sharing_enabled":true,"jetpack_shortlink":"https:\/\/wp.me\/peQAOb-iKN","_links":{"self":[{"href":"https:\/\/noticiasribeiraopreto.com.br\/index.php\/wp-json\/wp\/v2\/posts\/72093","targetHints":{"allow":["GET"]}}],"collection":[{"href":"https:\/\/noticiasribeiraopreto.com.br\/index.php\/wp-json\/wp\/v2\/posts"}],"about":[{"href":"https:\/\/noticiasribeiraopreto.com.br\/index.php\/wp-json\/wp\/v2\/types\/post"}],"author":[{"embeddable":true,"href":"https:\/\/noticiasribeiraopreto.com.br\/index.php\/wp-json\/wp\/v2\/users\/1"}],"replies":[{"embeddable":true,"href":"https:\/\/noticiasribeiraopreto.com.br\/index.php\/wp-json\/wp\/v2\/comments?post=72093"}],"version-history":[{"count":0,"href":"https:\/\/noticiasribeiraopreto.com.br\/index.php\/wp-json\/wp\/v2\/posts\/72093\/revisions"}],"wp:featuredmedia":[{"embeddable":true,"href":"https:\/\/noticiasribeiraopreto.com.br\/index.php\/wp-json\/wp\/v2\/media\/72094"}],"wp:attachment":[{"href":"https:\/\/noticiasribeiraopreto.com.br\/index.php\/wp-json\/wp\/v2\/media?parent=72093"}],"wp:term":[{"taxonomy":"category","embeddable":true,"href":"https:\/\/noticiasribeiraopreto.com.br\/index.php\/wp-json\/wp\/v2\/categories?post=72093"},{"taxonomy":"post_tag","embeddable":true,"href":"https:\/\/noticiasribeiraopreto.com.br\/index.php\/wp-json\/wp\/v2\/tags?post=72093"}],"curies":[{"name":"wp","href":"https:\/\/api.w.org\/{rel}","templated":true}]}}