{"id":72099,"date":"2025-06-13T09:45:16","date_gmt":"2025-06-13T12:45:16","guid":{"rendered":"https:\/\/noticiasribeiraopreto.com.br\/index.php\/2025\/06\/13\/rompimento-de-adutora-causa-grande-vazamento-de-agua-em-ribeirao-preto\/"},"modified":"2025-06-13T09:45:16","modified_gmt":"2025-06-13T12:45:16","slug":"rompimento-de-adutora-causa-grande-vazamento-de-agua-em-ribeirao-preto","status":"publish","type":"post","link":"https:\/\/noticiasribeiraopreto.com.br\/index.php\/2025\/06\/13\/rompimento-de-adutora-causa-grande-vazamento-de-agua-em-ribeirao-preto\/","title":{"rendered":"Rompimento de adutora causa grande vazamento de \u00e1gua em Ribeir\u00e3o Preto"},"content":{"rendered":"<p> <br \/>\n<\/p>\n<div data-td-block-uid=\"tdi_95\">\n<div class=\"tdb-block-inner td-fix-index\">\n<p><strong>O rompimento de uma adutora da <a href=\"https:\/\/www.ribeiraopreto.sp.gov.br\/portal\/saerp\/\">Saerp (Secretaria de \u00c1gua e Esgoto de Ribeir\u00e3o Preto)<\/a> causa um grande vazamento de \u00e1gua limpa na manh\u00e3 desta sexta-feira (13), na avenida Caramuru, na pista sentido \u00e0 Adelmo Perdizza, na altura do bairro Rep\u00fablica, em Ribeir\u00e3o Preto.<\/strong> <strong>Assista <\/strong>ao <strong>v\u00eddeo <\/strong>abaixo.<\/p>\n<h2 class=\"wp-block-heading\"><strong>Outro lado<\/strong><\/h2>\n<p>A Saerp informou, por meio de nota, que uma equipe foi acionada para vistoria e o reparo deve ser realizado ainda nesta manh\u00e3.<\/p>\n<p>As solicita\u00e7\u00f5es podem ser feitas pelo telefone 0800 115 0 115 (24h).<\/p>\n<figure class=\"wp-block-video\"><video controls=\"\" src=\"https:\/\/www.acidadeon.com\/ribeiraopreto\/wp-content\/uploads\/sites\/3\/2025\/06\/WhatsApp-Video-2025-06-13-at-08.00.34.mp4\"\/><\/figure>\n<p>SAIBA MAIS<\/p>\n<p>Dia de Santo Ant\u00f4nio tem missas e ben\u00e7\u00e3o dos p\u00e3es em bas\u00edlica de Ribeir\u00e3o Preto; Confira<\/p>\n<h3 class=\"wp-block-heading\"><strong>FIQUE ON<\/strong><\/h3>\n<p>Quer ficar por dentro de tudo que acontece em Ribeir\u00e3o Preto e regi\u00e3o? Ent\u00e3o siga os perfis do\u202facidade on\u202fno\u202f<a href=\"https:\/\/www.instagram.com\/acidadeonribeirao\" target=\"_blank\" rel=\"noreferrer noopener\">Instagram<\/a>\u202fe no\u202f<a href=\"https:\/\/www.facebook.com\/acidadeonribeirao\/\" target=\"_blank\" rel=\"noreferrer noopener\">Facebook<\/a>.<\/p>\n<p>Al\u00e9m disso, voc\u00ea pode receber as principais not\u00edcias diretamente no WhatsApp. Para isso, basta\u00a0<a href=\"https:\/\/chat.whatsapp.com\/BjKQZ9oJwlz8VVT50NuePq\" target=\"_blank\" rel=\"noreferrer noopener\">entrar no grupo clicando aqui<\/a>.<\/p>\n<p>Por fim, se quiser fazer uma den\u00fancia ou sugerir uma reportagem sobre Ribeir\u00e3o Preto e regi\u00e3o, envie uma mensagem pelo WhatsApp: (16) 99117-7802.<\/p>\n<p>VEJA TAMB\u00c9M<\/p>\n<p>Como \u00e9 o processo de autoriza\u00e7\u00e3o para cria\u00e7\u00e3o de can\u00e1rios-da-terra?<\/p>\n<p><!-- CONTENT END 1 -->\n<\/div>\n<\/div>\n<p><script async src=\"\/\/www.instagram.com\/embed.js\"><\/script><br \/>\n<br \/><br \/>\n<br \/><a href=\"https:\/\/www.acidadeon.com\/ribeiraopreto\/cotidiano\/rompimento-de-adutora-causa-grande-vazamento-de-agua-em-ribeirao-preto\/\">Source link <\/a><\/p>\n","protected":false},"excerpt":{"rendered":"<p>O rompimento de uma adutora da Saerp (Secretaria de \u00c1gua e Esgoto de Ribeir\u00e3o Preto) causa um grande vazamento de \u00e1gua limpa na manh\u00e3 desta&#8230;<\/p>\n","protected":false},"author":1,"featured_media":72100,"comment_status":"open","ping_status":"open","sticky":false,"template":"","format":"standard","meta":{"advanced_seo_description":"","jetpack_seo_html_title":"","jetpack_seo_noindex":false,"jetpack_post_was_ever_published":false,"_jetpack_newsletter_access":"","_jetpack_dont_email_post_to_subs":false,"_jetpack_newsletter_tier_id":0,"_jetpack_memberships_contains_paywalled_content":false,"_jetpack_memberships_contains_paid_content":false,"footnotes":"","jetpack_publicize_message":"","jetpack_publicize_feature_enabled":true,"jetpack_social_post_already_shared":true,"jetpack_social_options":{"image_generator_settings":{"template":"highway","default_image_id":0,"font":"","enabled":false},"version":2}},"categories":[11],"tags":[],"class_list":["post-72099","post","type-post","status-publish","format-standard","has-post-thumbnail","hentry","category-noticias-de-ribeirao-preto-sp-e-regiao-ismael-colosi"],"jetpack_publicize_connections":[],"jetpack_featured_media_url":"https:\/\/i0.wp.com\/noticiasribeiraopreto.com.br\/wp-content\/uploads\/2025\/06\/VAZAMENTO_2025-06-13_10-48-05.webp.webp?fit=1200%2C745&ssl=1","jetpack-related-posts":[{"id":62835,"url":"https:\/\/noticiasribeiraopreto.com.br\/index.php\/2025\/01\/25\/rompimento-de-adutora-em-obra-causa-grande-vazamento-de-agua-no-centro-de-ribeirao-preto\/","url_meta":{"origin":72099,"position":0},"title":"Rompimento de adutora em obra causa grande vazamento de \u00e1gua no Centro de Ribeir\u00e3o Preto","author":"noticiasribeiraopreto.com.br","date":"25 de January de 2025","format":false,"excerpt":"O rompimento de uma adutora na obra das ruas S\u00e3o Jos\u00e9 e Bernardino de Campos, no Centro de Ribeir\u00e3o Preto, provoca\u00a0um grande vazamento de \u00e1gua no local e poder deixar moradores sem o recurso na regi\u00e3o central, Vila Seixas e no Jardim Sumar\u00e9, neste s\u00e1bado (25). Assista ao v\u00eddeo abaixo.\u2026","rel":"","context":"In &quot;Not\u00edcias de Ribeir\u00e3o Preto-SP e Regi\u00e3o&quot;","block_context":{"text":"Not\u00edcias de Ribeir\u00e3o Preto-SP e Regi\u00e3o","link":"https:\/\/noticiasribeiraopreto.com.br\/index.php\/category\/noticias-de-ribeirao-preto-sp-e-regiao-ismael-colosi\/"},"img":{"alt_text":"","src":"https:\/\/i0.wp.com\/noticiasribeiraopreto.com.br\/wp-content\/uploads\/2025\/01\/VAZAMENTO_2025-01-25_18-36-23_jpg_2025-01-25_18-36-23.webp.webp?fit=1200%2C958&ssl=1&resize=350%2C200","width":350,"height":200,"srcset":"https:\/\/i0.wp.com\/noticiasribeiraopreto.com.br\/wp-content\/uploads\/2025\/01\/VAZAMENTO_2025-01-25_18-36-23_jpg_2025-01-25_18-36-23.webp.webp?fit=1200%2C958&ssl=1&resize=350%2C200 1x, https:\/\/i0.wp.com\/noticiasribeiraopreto.com.br\/wp-content\/uploads\/2025\/01\/VAZAMENTO_2025-01-25_18-36-23_jpg_2025-01-25_18-36-23.webp.webp?fit=1200%2C958&ssl=1&resize=525%2C300 1.5x, https:\/\/i0.wp.com\/noticiasribeiraopreto.com.br\/wp-content\/uploads\/2025\/01\/VAZAMENTO_2025-01-25_18-36-23_jpg_2025-01-25_18-36-23.webp.webp?fit=1200%2C958&ssl=1&resize=700%2C400 2x, https:\/\/i0.wp.com\/noticiasribeiraopreto.com.br\/wp-content\/uploads\/2025\/01\/VAZAMENTO_2025-01-25_18-36-23_jpg_2025-01-25_18-36-23.webp.webp?fit=1200%2C958&ssl=1&resize=1050%2C600 3x"},"classes":[]},{"id":72123,"url":"https:\/\/noticiasribeiraopreto.com.br\/index.php\/2025\/06\/13\/bairros-da-zona-sul-de-ribeirao-preto-tem-alerta-de-falta-dagua-apos-rompimento-de-adutora\/","url_meta":{"origin":72099,"position":1},"title":"Bairros da zona Sul de Ribeir\u00e3o Preto t\u00eam alerta de falta d&#8217;\u00e1gua ap\u00f3s rompimento de adutora","author":"noticiasribeiraopreto.com.br","date":"13 de June de 2025","format":false,"excerpt":"A\u00a0Saerp (Secretaria de \u00c1gua e Esgoto de Ribeir\u00e3o Preto)\u00a0emitiu um alerta nesta sexta-feira (13) para o risco de falta d\u2019\u00e1gua em dois bairros da zona Sul da cidade. Veja os bairros: Alto da Boa Vista Sumar\u00e9 A Saerp informou que realiza o reparo em uma adutora rompida na avenida Caramuru\u2026","rel":"","context":"In &quot;Not\u00edcias de Ribeir\u00e3o Preto-SP e Regi\u00e3o&quot;","block_context":{"text":"Not\u00edcias de Ribeir\u00e3o Preto-SP e Regi\u00e3o","link":"https:\/\/noticiasribeiraopreto.com.br\/index.php\/category\/noticias-de-ribeirao-preto-sp-e-regiao-ismael-colosi\/"},"img":{"alt_text":"","src":"https:\/\/i0.wp.com\/noticiasribeiraopreto.com.br\/wp-content\/uploads\/2025\/06\/torneira_falta_1024x576_01122020133915.jpg?fit=1024%2C576&ssl=1&resize=350%2C200","width":350,"height":200,"srcset":"https:\/\/i0.wp.com\/noticiasribeiraopreto.com.br\/wp-content\/uploads\/2025\/06\/torneira_falta_1024x576_01122020133915.jpg?fit=1024%2C576&ssl=1&resize=350%2C200 1x, https:\/\/i0.wp.com\/noticiasribeiraopreto.com.br\/wp-content\/uploads\/2025\/06\/torneira_falta_1024x576_01122020133915.jpg?fit=1024%2C576&ssl=1&resize=525%2C300 1.5x, https:\/\/i0.wp.com\/noticiasribeiraopreto.com.br\/wp-content\/uploads\/2025\/06\/torneira_falta_1024x576_01122020133915.jpg?fit=1024%2C576&ssl=1&resize=700%2C400 2x"},"classes":[]},{"id":46351,"url":"https:\/\/noticiasribeiraopreto.com.br\/index.php\/2024\/04\/11\/rompimento-de-cano-causa-grande-vazamento-de-agua-em-rua-na-zona-norte-de-ribeirao\/","url_meta":{"origin":72099,"position":2},"title":"Rompimento de cano causa grande vazamento de \u00e1gua em rua na zona Norte de Ribeir\u00e3o","author":"noticiasribeiraopreto.com.br","date":"11 de April de 2024","format":false,"excerpt":"O rompimento de um cano provoca um grande vazamento de \u00e1gua limpa na manh\u00e3 desta quinta-feira (11) pela rua Javari, na zona Norte de Ribeir\u00e3o Preto. Assista ao v\u00eddeo abaixo. A \u00e1gua est\u00e1 jorrando forte e forma uma enxurrada pela rua em dire\u00e7\u00e3o \u00e0 avenida Jo\u00e3o Goulart. Segundo as primeiras\u2026","rel":"","context":"In &quot;Not\u00edcias de Ribeir\u00e3o Preto-SP e Regi\u00e3o&quot;","block_context":{"text":"Not\u00edcias de Ribeir\u00e3o Preto-SP e Regi\u00e3o","link":"https:\/\/noticiasribeiraopreto.com.br\/index.php\/category\/noticias-de-ribeirao-preto-sp-e-regiao-ismael-colosi\/"},"img":{"alt_text":"","src":"https:\/\/i0.wp.com\/noticiasribeiraopreto.com.br\/wp-content\/uploads\/2024\/04\/1712838826_WhatsApp-Image-2024-04-11-at-08.28.48-scaled.jpeg?fit=1200%2C900&ssl=1&resize=350%2C200","width":350,"height":200,"srcset":"https:\/\/i0.wp.com\/noticiasribeiraopreto.com.br\/wp-content\/uploads\/2024\/04\/1712838826_WhatsApp-Image-2024-04-11-at-08.28.48-scaled.jpeg?fit=1200%2C900&ssl=1&resize=350%2C200 1x, https:\/\/i0.wp.com\/noticiasribeiraopreto.com.br\/wp-content\/uploads\/2024\/04\/1712838826_WhatsApp-Image-2024-04-11-at-08.28.48-scaled.jpeg?fit=1200%2C900&ssl=1&resize=525%2C300 1.5x, https:\/\/i0.wp.com\/noticiasribeiraopreto.com.br\/wp-content\/uploads\/2024\/04\/1712838826_WhatsApp-Image-2024-04-11-at-08.28.48-scaled.jpeg?fit=1200%2C900&ssl=1&resize=700%2C400 2x, https:\/\/i0.wp.com\/noticiasribeiraopreto.com.br\/wp-content\/uploads\/2024\/04\/1712838826_WhatsApp-Image-2024-04-11-at-08.28.48-scaled.jpeg?fit=1200%2C900&ssl=1&resize=1050%2C600 3x"},"classes":[]},{"id":46349,"url":"https:\/\/noticiasribeiraopreto.com.br\/index.php\/2024\/04\/11\/rompimento-de-cano-causa-grande-vazamento-de-agua-em-rua-na-zona-acnorte-de-ribeirao\/","url_meta":{"origin":72099,"position":3},"title":"Rompimento de cano causa grande vazamento de \u00e1gua em rua na zona acNorte de Ribeir\u00e3o","author":"noticiasribeiraopreto.com.br","date":"11 de April de 2024","format":false,"excerpt":"O rompimento de um cano provoca um grande vazamento de \u00e1gua limpa na manh\u00e3 desta quinta-feira (11) pela rua Javari, na zona Norte de Ribeir\u00e3o Preto. Assista ao v\u00eddeo abaixo. A \u00e1gua est\u00e1 jorrando forte e forma uma enxurrada pela rua em dire\u00e7\u00e3o \u00e0 avenida Jo\u00e3o Goulart. Segundo as primeiras\u2026","rel":"","context":"In &quot;Not\u00edcias de Ribeir\u00e3o Preto-SP e Regi\u00e3o&quot;","block_context":{"text":"Not\u00edcias de Ribeir\u00e3o Preto-SP e Regi\u00e3o","link":"https:\/\/noticiasribeiraopreto.com.br\/index.php\/category\/noticias-de-ribeirao-preto-sp-e-regiao-ismael-colosi\/"},"img":{"alt_text":"","src":"https:\/\/i0.wp.com\/noticiasribeiraopreto.com.br\/wp-content\/uploads\/2024\/04\/WhatsApp-Image-2024-04-11-at-08.28.48-scaled.jpeg?fit=1200%2C900&ssl=1&resize=350%2C200","width":350,"height":200,"srcset":"https:\/\/i0.wp.com\/noticiasribeiraopreto.com.br\/wp-content\/uploads\/2024\/04\/WhatsApp-Image-2024-04-11-at-08.28.48-scaled.jpeg?fit=1200%2C900&ssl=1&resize=350%2C200 1x, https:\/\/i0.wp.com\/noticiasribeiraopreto.com.br\/wp-content\/uploads\/2024\/04\/WhatsApp-Image-2024-04-11-at-08.28.48-scaled.jpeg?fit=1200%2C900&ssl=1&resize=525%2C300 1.5x, https:\/\/i0.wp.com\/noticiasribeiraopreto.com.br\/wp-content\/uploads\/2024\/04\/WhatsApp-Image-2024-04-11-at-08.28.48-scaled.jpeg?fit=1200%2C900&ssl=1&resize=700%2C400 2x, https:\/\/i0.wp.com\/noticiasribeiraopreto.com.br\/wp-content\/uploads\/2024\/04\/WhatsApp-Image-2024-04-11-at-08.28.48-scaled.jpeg?fit=1200%2C900&ssl=1&resize=1050%2C600 3x"},"classes":[]},{"id":81291,"url":"https:\/\/noticiasribeiraopreto.com.br\/index.php\/2025\/12\/31\/rompimento-de-adutora-pode-deixar-moradores-sem-agua-na-zona-leste-de-ribeirao-preto-veja-bairros\/","url_meta":{"origin":72099,"position":4},"title":"Rompimento de adutora pode deixar moradores sem \u00e1gua na zona Leste de Ribeir\u00e3o Preto; Veja bairros","author":"noticiasribeiraopreto.com.br","date":"31 de December de 2025","format":false,"excerpt":"A\u00a0Saerp (Secretaria de \u00c1gua e Esgoto de Ribeir\u00e3o Preto)\u00a0emitiu um alerta nesta ter\u00e7a-feira (30) para o risco de falta d\u2019\u00e1gua em tr\u00eas bairros da zona Leste da cidade. Veja os bairros: Lagoinha Jardim Interlagos Vila Abranches e imedia\u00e7\u00f5es A Saerp infomou que realiza um reparo emergencial de rede adutora na\u2026","rel":"","context":"In &quot;Not\u00edcias de Ribeir\u00e3o Preto-SP e Regi\u00e3o&quot;","block_context":{"text":"Not\u00edcias de Ribeir\u00e3o Preto-SP e Regi\u00e3o","link":"https:\/\/noticiasribeiraopreto.com.br\/index.php\/category\/noticias-de-ribeirao-preto-sp-e-regiao-ismael-colosi\/"},"img":{"alt_text":"","src":"https:\/\/i0.wp.com\/noticiasribeiraopreto.com.br\/wp-content\/uploads\/2025\/11\/WhatsApp-Image-2025-11-04-at-08.52.24_2025-11-04_11-52-40.webp.webp?fit=861%2C470&ssl=1&resize=350%2C200","width":350,"height":200,"srcset":"https:\/\/i0.wp.com\/noticiasribeiraopreto.com.br\/wp-content\/uploads\/2025\/11\/WhatsApp-Image-2025-11-04-at-08.52.24_2025-11-04_11-52-40.webp.webp?fit=861%2C470&ssl=1&resize=350%2C200 1x, https:\/\/i0.wp.com\/noticiasribeiraopreto.com.br\/wp-content\/uploads\/2025\/11\/WhatsApp-Image-2025-11-04-at-08.52.24_2025-11-04_11-52-40.webp.webp?fit=861%2C470&ssl=1&resize=525%2C300 1.5x, https:\/\/i0.wp.com\/noticiasribeiraopreto.com.br\/wp-content\/uploads\/2025\/11\/WhatsApp-Image-2025-11-04-at-08.52.24_2025-11-04_11-52-40.webp.webp?fit=861%2C470&ssl=1&resize=700%2C400 2x"},"classes":[]},{"id":9612,"url":"https:\/\/noticiasribeiraopreto.com.br\/index.php\/2023\/12\/02\/obra-no-centro-de-ribeirao-causa-vazamento-de-agua-limpa-veja-o-video\/","url_meta":{"origin":72099,"position":5},"title":"Obra no Centro de Ribeir\u00e3o causa vazamento de \u00e1gua limpa; Veja o v\u00eddeo","author":"noticiasribeiraopreto.com.br","date":"2 de December de 2023","format":false,"excerpt":"O rompimento de uma tubula\u00e7\u00e3o da rede de \u00e1gua em frente \u00e0 pra\u00e7a 7 de Setembro, entre as ruas Lafaiete e Marechal Deodoro, no Centro de Ribeir\u00e3o Preto, chamou a aten\u00e7\u00e3o dos moradores da cidade neste s\u00e1bado (2). O local foi interditado pela Prefeitura de Ribeir\u00e3o, na \u00faltima sexta-feira (1\u00ba),\u2026","rel":"","context":"In &quot;Not\u00edcias de Ribeir\u00e3o Preto-SP e Regi\u00e3o&quot;","block_context":{"text":"Not\u00edcias de Ribeir\u00e3o Preto-SP e Regi\u00e3o","link":"https:\/\/noticiasribeiraopreto.com.br\/index.php\/category\/noticias-de-ribeirao-preto-sp-e-regiao-ismael-colosi\/"},"img":{"alt_text":"","src":"https:\/\/i0.wp.com\/noticiasribeiraopreto.com.br\/wp-content\/uploads\/2023\/12\/WhatsApp-Image-2023-12-02-at-11.11.02.jpeg?fit=1200%2C900&ssl=1&resize=350%2C200","width":350,"height":200,"srcset":"https:\/\/i0.wp.com\/noticiasribeiraopreto.com.br\/wp-content\/uploads\/2023\/12\/WhatsApp-Image-2023-12-02-at-11.11.02.jpeg?fit=1200%2C900&ssl=1&resize=350%2C200 1x, https:\/\/i0.wp.com\/noticiasribeiraopreto.com.br\/wp-content\/uploads\/2023\/12\/WhatsApp-Image-2023-12-02-at-11.11.02.jpeg?fit=1200%2C900&ssl=1&resize=525%2C300 1.5x, https:\/\/i0.wp.com\/noticiasribeiraopreto.com.br\/wp-content\/uploads\/2023\/12\/WhatsApp-Image-2023-12-02-at-11.11.02.jpeg?fit=1200%2C900&ssl=1&resize=700%2C400 2x, https:\/\/i0.wp.com\/noticiasribeiraopreto.com.br\/wp-content\/uploads\/2023\/12\/WhatsApp-Image-2023-12-02-at-11.11.02.jpeg?fit=1200%2C900&ssl=1&resize=1050%2C600 3x"},"classes":[]}],"jetpack_sharing_enabled":true,"jetpack_shortlink":"https:\/\/wp.me\/peQAOb-iKT","_links":{"self":[{"href":"https:\/\/noticiasribeiraopreto.com.br\/index.php\/wp-json\/wp\/v2\/posts\/72099","targetHints":{"allow":["GET"]}}],"collection":[{"href":"https:\/\/noticiasribeiraopreto.com.br\/index.php\/wp-json\/wp\/v2\/posts"}],"about":[{"href":"https:\/\/noticiasribeiraopreto.com.br\/index.php\/wp-json\/wp\/v2\/types\/post"}],"author":[{"embeddable":true,"href":"https:\/\/noticiasribeiraopreto.com.br\/index.php\/wp-json\/wp\/v2\/users\/1"}],"replies":[{"embeddable":true,"href":"https:\/\/noticiasribeiraopreto.com.br\/index.php\/wp-json\/wp\/v2\/comments?post=72099"}],"version-history":[{"count":0,"href":"https:\/\/noticiasribeiraopreto.com.br\/index.php\/wp-json\/wp\/v2\/posts\/72099\/revisions"}],"wp:featuredmedia":[{"embeddable":true,"href":"https:\/\/noticiasribeiraopreto.com.br\/index.php\/wp-json\/wp\/v2\/media\/72100"}],"wp:attachment":[{"href":"https:\/\/noticiasribeiraopreto.com.br\/index.php\/wp-json\/wp\/v2\/media?parent=72099"}],"wp:term":[{"taxonomy":"category","embeddable":true,"href":"https:\/\/noticiasribeiraopreto.com.br\/index.php\/wp-json\/wp\/v2\/categories?post=72099"},{"taxonomy":"post_tag","embeddable":true,"href":"https:\/\/noticiasribeiraopreto.com.br\/index.php\/wp-json\/wp\/v2\/tags?post=72099"}],"curies":[{"name":"wp","href":"https:\/\/api.w.org\/{rel}","templated":true}]}}