{"id":72101,"date":"2025-06-13T09:53:14","date_gmt":"2025-06-13T12:53:14","guid":{"rendered":"https:\/\/noticiasribeiraopreto.com.br\/index.php\/2025\/06\/13\/dia-de-santo-antonio-tem-missas-e-bencao-dos-paes-em-basilica-de-ribeirao-preto-confira\/"},"modified":"2025-06-13T09:53:14","modified_gmt":"2025-06-13T12:53:14","slug":"dia-de-santo-antonio-tem-missas-e-bencao-dos-paes-em-basilica-de-ribeirao-preto-confira","status":"publish","type":"post","link":"https:\/\/noticiasribeiraopreto.com.br\/index.php\/2025\/06\/13\/dia-de-santo-antonio-tem-missas-e-bencao-dos-paes-em-basilica-de-ribeirao-preto-confira\/","title":{"rendered":"Dia de Santo Ant\u00f4nio tem missas e ben\u00e7\u00e3o dos p\u00e3es em bas\u00edlica de Ribeir\u00e3o Preto; Confira"},"content":{"rendered":"<p> <br \/>\n<\/p>\n<div data-td-block-uid=\"tdi_95\">\n<div class=\"tdb-block-inner td-fix-index\">\n<p><strong>A Bas\u00edlica Santo Ant\u00f4nio preparou uma programa\u00e7\u00e3o especial nesta sexta-feira (13), data em que se comemora o padroeiro considerado protetor dos pobres e dos objetos perdidos, al\u00e9m de ter fama de ser \u201ccasamenteiro\u201d.<\/strong><\/p>\n<p>Durante todo o dia est\u00e3o programadas sete missas, sendo a primeira \u00e0s 6h, com a tradicional ben\u00e7\u00e3o dos p\u00e3es em todas elas.<\/p>\n<h2 class=\"wp-block-heading\"><strong>Veja os hor\u00e1rios:<\/strong><\/h2>\n<ul class=\"wp-block-list\">\n<li>06h00 \u2013 Pe. Elviro<\/li>\n<li>07h30 \u2013 Pe. Rafael<\/li>\n<li>09h00 \u2013 Dom Milton<\/li>\n<li>12h00 \u2013 Arcebispo Dom Moacir<\/li>\n<li>14h30 \u2013 Dom Andr\u00e9<\/li>\n<li>16h30 \u2013 Frei M\u00e1rcio<\/li>\n<li>19h00 \u2013 Pe. Pitico<\/li>\n<\/ul>\n<h3 class=\"wp-block-heading\"><strong>Quermesse<\/strong><\/h3>\n<p>Al\u00e9m da parte religiosa, haver\u00e1 quermesse a partir das 7h at\u00e9 as 22h.<\/p>\n<p>A Bas\u00edlica Menor Santo Ant\u00f4nio de P\u00e1dua, que \u00e9 sede da Par\u00f3quia Santo Ant\u00f4nio, fica na rua Para\u00edba, 747, no bairro Campos El\u00edseos, zona Norte de Ribeir\u00e3o. <\/p>\n<p>Por causa do dia do padroeiro, a par\u00f3quia avisa que nesta sexta-feira o Santu\u00e1rio das Sete Capelas estar\u00e1 fechado para visita\u00e7\u00e3o e celebra\u00e7\u00f5es.<\/p>\n<p>SAIBA MAIS<\/p>\n<p>Mega-Sena tem \u00fanico ganhador em Ribeir\u00e3o Preto; veja os n\u00fameros<\/p>\n<h2 class=\"wp-block-heading\"><strong>FIQUE ON<\/strong><\/h2>\n<p>Quer ficar por dentro de tudo que acontece em Ribeir\u00e3o Preto e regi\u00e3o? Ent\u00e3o siga os perfis do\u202facidade on\u202fno\u202f<a href=\"https:\/\/www.instagram.com\/acidadeonribeirao\" target=\"_blank\" rel=\"noreferrer noopener\">Instagram<\/a>\u202fe no\u202f<a href=\"https:\/\/www.facebook.com\/acidadeonribeirao\/\" target=\"_blank\" rel=\"noreferrer noopener\">Facebook<\/a>.<\/p>\n<p>Al\u00e9m disso, voc\u00ea pode receber as principais not\u00edcias diretamente no WhatsApp. Para isso, basta\u00a0<a href=\"https:\/\/chat.whatsapp.com\/BjKQZ9oJwlz8VVT50NuePq\" target=\"_blank\" rel=\"noreferrer noopener\">entrar no grupo clicando aqui<\/a>.<\/p>\n<p>Por fim, se quiser fazer uma den\u00fancia ou sugerir uma reportagem sobre Ribeir\u00e3o Preto e regi\u00e3o, envie uma mensagem pelo WhatsApp: (16) 99117-7802.<\/p>\n<p>VEJA TAMB\u00c9M<\/p>\n<p>Como \u00e9 o processo de autoriza\u00e7\u00e3o para cria\u00e7\u00e3o de can\u00e1rios-da-terra?<\/p>\n<p><!-- CONTENT END 1 -->\n<\/div>\n<\/div>\n<p><script async src=\"\/\/www.instagram.com\/embed.js\"><\/script><br \/>\n<br \/><br \/>\n<br \/><a href=\"https:\/\/www.acidadeon.com\/ribeiraopreto\/cotidiano\/dia-de-santo-antonio-tem-missas-e-bencao-dos-paes-em-basilica-de-ribeirao-preto-confira\/\">Source link <\/a><\/p>\n","protected":false},"excerpt":{"rendered":"<p>A Bas\u00edlica Santo Ant\u00f4nio preparou uma programa\u00e7\u00e3o especial nesta sexta-feira (13), data em que se comemora o padroeiro considerado protetor dos pobres e dos objetos&#8230;<\/p>\n","protected":false},"author":1,"featured_media":72102,"comment_status":"open","ping_status":"open","sticky":false,"template":"","format":"standard","meta":{"advanced_seo_description":"","jetpack_seo_html_title":"","jetpack_seo_noindex":false,"jetpack_post_was_ever_published":false,"_jetpack_newsletter_access":"","_jetpack_dont_email_post_to_subs":false,"_jetpack_newsletter_tier_id":0,"_jetpack_memberships_contains_paywalled_content":false,"_jetpack_memberships_contains_paid_content":false,"footnotes":"","jetpack_publicize_message":"","jetpack_publicize_feature_enabled":true,"jetpack_social_post_already_shared":true,"jetpack_social_options":{"image_generator_settings":{"template":"highway","default_image_id":0,"font":"","enabled":false},"version":2}},"categories":[11],"tags":[],"class_list":["post-72101","post","type-post","status-publish","format-standard","has-post-thumbnail","hentry","category-noticias-de-ribeirao-preto-sp-e-regiao-ismael-colosi"],"jetpack_publicize_connections":[],"jetpack_featured_media_url":"https:\/\/i0.wp.com\/noticiasribeiraopreto.com.br\/wp-content\/uploads\/2025\/06\/BaslicaemRibeirotemquermesseemissasnodiadeSantoAntnio_Tamanho_2_image.jpg?fit=1200%2C900&ssl=1","jetpack-related-posts":[{"id":52848,"url":"https:\/\/noticiasribeiraopreto.com.br\/index.php\/2024\/06\/13\/dia-de-santo-antonio-veja-os-horarios-das-missas-e-quermesse-na-basilica-em-ribeirao\/","url_meta":{"origin":72101,"position":0},"title":"Dia de Santo Ant\u00f4nio: Veja os hor\u00e1rios das missas e quermesse na bas\u00edlica em Ribeir\u00e3o","author":"noticiasribeiraopreto.com.br","date":"13 de June de 2024","format":false,"excerpt":"A Par\u00f3quia Bas\u00edlica Santo Ant\u00f4nio no bairro Campos El\u00edseos, zona Norte de Ribeir\u00e3o Preto, preparou uma programa\u00e7\u00e3o especial nesta quinta-feira (13), dia dedicado ao padroeiro. A primeira missa foi celebrada \u00e0s 6h. E ainda h\u00e1 mais celebra\u00e7\u00f5es ao longo do dia. Confira os hor\u00e1rios: 19h \u2013 Com o arcebispo de\u2026","rel":"","context":"In &quot;Not\u00edcias de Ribeir\u00e3o Preto-SP e Regi\u00e3o&quot;","block_context":{"text":"Not\u00edcias de Ribeir\u00e3o Preto-SP e Regi\u00e3o","link":"https:\/\/noticiasribeiraopreto.com.br\/index.php\/category\/noticias-de-ribeirao-preto-sp-e-regiao-ismael-colosi\/"},"img":{"alt_text":"","src":"https:\/\/i0.wp.com\/noticiasribeiraopreto.com.br\/wp-content\/uploads\/2024\/06\/BaslicaemRibeirotemquermesseemissasnodiadeSantoAntnio_Tamanho_2_image.jpg?fit=1200%2C900&ssl=1&resize=350%2C200","width":350,"height":200,"srcset":"https:\/\/i0.wp.com\/noticiasribeiraopreto.com.br\/wp-content\/uploads\/2024\/06\/BaslicaemRibeirotemquermesseemissasnodiadeSantoAntnio_Tamanho_2_image.jpg?fit=1200%2C900&ssl=1&resize=350%2C200 1x, https:\/\/i0.wp.com\/noticiasribeiraopreto.com.br\/wp-content\/uploads\/2024\/06\/BaslicaemRibeirotemquermesseemissasnodiadeSantoAntnio_Tamanho_2_image.jpg?fit=1200%2C900&ssl=1&resize=525%2C300 1.5x, https:\/\/i0.wp.com\/noticiasribeiraopreto.com.br\/wp-content\/uploads\/2024\/06\/BaslicaemRibeirotemquermesseemissasnodiadeSantoAntnio_Tamanho_2_image.jpg?fit=1200%2C900&ssl=1&resize=700%2C400 2x, https:\/\/i0.wp.com\/noticiasribeiraopreto.com.br\/wp-content\/uploads\/2024\/06\/BaslicaemRibeirotemquermesseemissasnodiadeSantoAntnio_Tamanho_2_image.jpg?fit=1200%2C900&ssl=1&resize=1050%2C600 3x"},"classes":[]},{"id":72089,"url":"https:\/\/noticiasribeiraopreto.com.br\/index.php\/2025\/06\/13\/hoje-e-dia-de-santo-antonio\/","url_meta":{"origin":72101,"position":1},"title":"Hoje \u00e9 dia de Santo Ant\u00f4nio","author":"noticiasribeiraopreto.com.br","date":"13 de June de 2025","format":false,"excerpt":"Depois do Dia dos Namorados, milhares de pessoas s\u00e3o esperadas nesta sexta-feira, 13 de junho, na Igreja de Santo Ant\u00f4nio de P\u00e1dua, nos Campos El\u00edseos. Os devotos do santo casamenteiro prometem comparecer \u00e0s missas que ocorrem nos per\u00edodos da manh\u00e3, tarde e noite, al\u00e9m de aproveitar a tradicional ben\u00e7\u00e3o dos\u2026","rel":"","context":"In &quot;Not\u00edcias de Ribeir\u00e3o Preto-SP e Regi\u00e3o&quot;","block_context":{"text":"Not\u00edcias de Ribeir\u00e3o Preto-SP e Regi\u00e3o","link":"https:\/\/noticiasribeiraopreto.com.br\/index.php\/category\/noticias-de-ribeirao-preto-sp-e-regiao-ismael-colosi\/"},"img":{"alt_text":"","src":"https:\/\/i0.wp.com\/noticiasribeiraopreto.com.br\/wp-content\/uploads\/2025\/06\/SantoRP-San-Alfredo-Risk-Arquivo-scaled.jpg?fit=750%2C500&ssl=1&resize=350%2C200","width":350,"height":200,"srcset":"https:\/\/i0.wp.com\/noticiasribeiraopreto.com.br\/wp-content\/uploads\/2025\/06\/SantoRP-San-Alfredo-Risk-Arquivo-scaled.jpg?fit=750%2C500&ssl=1&resize=350%2C200 1x, https:\/\/i0.wp.com\/noticiasribeiraopreto.com.br\/wp-content\/uploads\/2025\/06\/SantoRP-San-Alfredo-Risk-Arquivo-scaled.jpg?fit=750%2C500&ssl=1&resize=525%2C300 1.5x, https:\/\/i0.wp.com\/noticiasribeiraopreto.com.br\/wp-content\/uploads\/2025\/06\/SantoRP-San-Alfredo-Risk-Arquivo-scaled.jpg?fit=750%2C500&ssl=1&resize=700%2C400 2x"},"classes":[]},{"id":52277,"url":"https:\/\/noticiasribeiraopreto.com.br\/index.php\/2024\/06\/05\/rota-do-arraia-quermesse-da-igreja-santo-antonio-em-ribeirao-preto-comeca-esta-semana\/","url_meta":{"origin":72101,"position":2},"title":"Rota do Arrai\u00e1: Quermesse da igreja Santo Ant\u00f4nio em Ribeir\u00e3o Preto come\u00e7a esta semana","author":"noticiasribeiraopreto.com.br","date":"5 de June de 2024","format":false,"excerpt":"A tradicional quermesse da igreja de Santo Ant\u00f4nio, elevada a Bas\u00edlica menor em 2019, come\u00e7a nesta sexta-feira (7) e segue at\u00e9 domingo (9). A festa junina, que faz parte da Rota do Arrai\u00e1, retorna nos pr\u00f3ximos dois finais de semana de junho \u2013 nos dias 13, 14 e 15 e\u2026","rel":"","context":"In &quot;Not\u00edcias de Ribeir\u00e3o Preto-SP e Regi\u00e3o&quot;","block_context":{"text":"Not\u00edcias de Ribeir\u00e3o Preto-SP e Regi\u00e3o","link":"https:\/\/noticiasribeiraopreto.com.br\/index.php\/category\/noticias-de-ribeirao-preto-sp-e-regiao-ismael-colosi\/"},"img":{"alt_text":"","src":"https:\/\/i0.wp.com\/noticiasribeiraopreto.com.br\/wp-content\/uploads\/2024\/06\/Copia-de-Copia-de-TAMANHO-EXATO-PARA-FOTOS-NO-SISTEMA-NOVO-11_2024-06-05_19-59-27_jpg_2024-06-05_19-59-27.webp.webp?fit=1200%2C675&ssl=1&resize=350%2C200","width":350,"height":200,"srcset":"https:\/\/i0.wp.com\/noticiasribeiraopreto.com.br\/wp-content\/uploads\/2024\/06\/Copia-de-Copia-de-TAMANHO-EXATO-PARA-FOTOS-NO-SISTEMA-NOVO-11_2024-06-05_19-59-27_jpg_2024-06-05_19-59-27.webp.webp?fit=1200%2C675&ssl=1&resize=350%2C200 1x, https:\/\/i0.wp.com\/noticiasribeiraopreto.com.br\/wp-content\/uploads\/2024\/06\/Copia-de-Copia-de-TAMANHO-EXATO-PARA-FOTOS-NO-SISTEMA-NOVO-11_2024-06-05_19-59-27_jpg_2024-06-05_19-59-27.webp.webp?fit=1200%2C675&ssl=1&resize=525%2C300 1.5x, https:\/\/i0.wp.com\/noticiasribeiraopreto.com.br\/wp-content\/uploads\/2024\/06\/Copia-de-Copia-de-TAMANHO-EXATO-PARA-FOTOS-NO-SISTEMA-NOVO-11_2024-06-05_19-59-27_jpg_2024-06-05_19-59-27.webp.webp?fit=1200%2C675&ssl=1&resize=700%2C400 2x, https:\/\/i0.wp.com\/noticiasribeiraopreto.com.br\/wp-content\/uploads\/2024\/06\/Copia-de-Copia-de-TAMANHO-EXATO-PARA-FOTOS-NO-SISTEMA-NOVO-11_2024-06-05_19-59-27_jpg_2024-06-05_19-59-27.webp.webp?fit=1200%2C675&ssl=1&resize=1050%2C600 3x"},"classes":[]},{"id":72099,"url":"https:\/\/noticiasribeiraopreto.com.br\/index.php\/2025\/06\/13\/rompimento-de-adutora-causa-grande-vazamento-de-agua-em-ribeirao-preto\/","url_meta":{"origin":72101,"position":3},"title":"Rompimento de adutora causa grande vazamento de \u00e1gua em Ribeir\u00e3o Preto","author":"noticiasribeiraopreto.com.br","date":"13 de June de 2025","format":false,"excerpt":"O rompimento de uma adutora da Saerp (Secretaria de \u00c1gua e Esgoto de Ribeir\u00e3o Preto) causa um grande vazamento de \u00e1gua limpa na manh\u00e3 desta sexta-feira (13), na avenida Caramuru, na pista sentido \u00e0 Adelmo Perdizza, na altura do bairro Rep\u00fablica, em Ribeir\u00e3o Preto. Assista ao v\u00eddeo abaixo. Outro lado\u2026","rel":"","context":"In &quot;Not\u00edcias de Ribeir\u00e3o Preto-SP e Regi\u00e3o&quot;","block_context":{"text":"Not\u00edcias de Ribeir\u00e3o Preto-SP e Regi\u00e3o","link":"https:\/\/noticiasribeiraopreto.com.br\/index.php\/category\/noticias-de-ribeirao-preto-sp-e-regiao-ismael-colosi\/"},"img":{"alt_text":"","src":"https:\/\/i0.wp.com\/noticiasribeiraopreto.com.br\/wp-content\/uploads\/2025\/06\/VAZAMENTO_2025-06-13_10-48-05.webp.webp?fit=1200%2C745&ssl=1&resize=350%2C200","width":350,"height":200,"srcset":"https:\/\/i0.wp.com\/noticiasribeiraopreto.com.br\/wp-content\/uploads\/2025\/06\/VAZAMENTO_2025-06-13_10-48-05.webp.webp?fit=1200%2C745&ssl=1&resize=350%2C200 1x, https:\/\/i0.wp.com\/noticiasribeiraopreto.com.br\/wp-content\/uploads\/2025\/06\/VAZAMENTO_2025-06-13_10-48-05.webp.webp?fit=1200%2C745&ssl=1&resize=525%2C300 1.5x, https:\/\/i0.wp.com\/noticiasribeiraopreto.com.br\/wp-content\/uploads\/2025\/06\/VAZAMENTO_2025-06-13_10-48-05.webp.webp?fit=1200%2C745&ssl=1&resize=700%2C400 2x, https:\/\/i0.wp.com\/noticiasribeiraopreto.com.br\/wp-content\/uploads\/2025\/06\/VAZAMENTO_2025-06-13_10-48-05.webp.webp?fit=1200%2C745&ssl=1&resize=1050%2C600 3x"},"classes":[]},{"id":52812,"url":"https:\/\/noticiasribeiraopreto.com.br\/index.php\/2024\/06\/12\/dia-de-santo-antonio-entenda-de-onde-vem-a-fama-de-casamenteiro\/","url_meta":{"origin":72101,"position":4},"title":"Dia de Santo Ant\u00f4nio: Entenda de onde vem a fama de casamenteiro","author":"noticiasribeiraopreto.com.br","date":"12 de June de 2024","format":false,"excerpt":"Nesta quinta-feira (13), os cat\u00f3licos comemoram o Dia de Santo Ant\u00f4nio, conhecido como o santo casamenteiro. Mas de onde vem essa fama? Nascido em Lisboa em 1195, Fernando de Bulh\u00f5es e Taveira de Azevedo ingressou na Ordem dos Agostinianos quando tinha 15 anos, segundo a Confer\u00eancia Nacional dos Bispos do\u2026","rel":"","context":"In &quot;Not\u00edcias de Ribeir\u00e3o Preto-SP e Regi\u00e3o&quot;","block_context":{"text":"Not\u00edcias de Ribeir\u00e3o Preto-SP e Regi\u00e3o","link":"https:\/\/noticiasribeiraopreto.com.br\/index.php\/category\/noticias-de-ribeirao-preto-sp-e-regiao-ismael-colosi\/"},"img":{"alt_text":"","src":"https:\/\/i0.wp.com\/noticiasribeiraopreto.com.br\/wp-content\/uploads\/2024\/06\/anel-de-casamento-de-dois-ouro-sobre-fundo-branco-scaled.jpg?fit=1200%2C838&ssl=1&resize=350%2C200","width":350,"height":200,"srcset":"https:\/\/i0.wp.com\/noticiasribeiraopreto.com.br\/wp-content\/uploads\/2024\/06\/anel-de-casamento-de-dois-ouro-sobre-fundo-branco-scaled.jpg?fit=1200%2C838&ssl=1&resize=350%2C200 1x, https:\/\/i0.wp.com\/noticiasribeiraopreto.com.br\/wp-content\/uploads\/2024\/06\/anel-de-casamento-de-dois-ouro-sobre-fundo-branco-scaled.jpg?fit=1200%2C838&ssl=1&resize=525%2C300 1.5x, https:\/\/i0.wp.com\/noticiasribeiraopreto.com.br\/wp-content\/uploads\/2024\/06\/anel-de-casamento-de-dois-ouro-sobre-fundo-branco-scaled.jpg?fit=1200%2C838&ssl=1&resize=700%2C400 2x, https:\/\/i0.wp.com\/noticiasribeiraopreto.com.br\/wp-content\/uploads\/2024\/06\/anel-de-casamento-de-dois-ouro-sobre-fundo-branco-scaled.jpg?fit=1200%2C838&ssl=1&resize=1050%2C600 3x"},"classes":[]},{"id":44844,"url":"https:\/\/noticiasribeiraopreto.com.br\/index.php\/2024\/03\/31\/saiba-quais-igrejas-ainda-possuem-missas-neste-domingo-de-pascoa-em-ribeirao-preto\/","url_meta":{"origin":72101,"position":5},"title":"Saiba quais igrejas ainda possuem missas neste domingo de P\u00e1scoa em Ribeir\u00e3o Preto","author":"noticiasribeiraopreto.com.br","date":"31 de March de 2024","format":false,"excerpt":"Ainda d\u00e1 tempo de participar de alguma das missas em celebra\u00e7\u00e3o \u00e0 ressurrei\u00e7\u00e3o de Jesus Cristo, neste domingo (31), em Ribeir\u00e3o Preto. A programa\u00e7\u00e3o da Semana Santa teve in\u00edcio na \u00faltima ter\u00e7a (26), com a missa das Sete Dores de Nossa Senhora. Na quinta (28), foi dia da Ceia do\u2026","rel":"","context":"In &quot;Not\u00edcias de Ribeir\u00e3o Preto-SP e Regi\u00e3o&quot;","block_context":{"text":"Not\u00edcias de Ribeir\u00e3o Preto-SP e Regi\u00e3o","link":"https:\/\/noticiasribeiraopreto.com.br\/index.php\/category\/noticias-de-ribeirao-preto-sp-e-regiao-ismael-colosi\/"},"img":{"alt_text":"","src":"https:\/\/i0.wp.com\/noticiasribeiraopreto.com.br\/wp-content\/uploads\/2024\/03\/catedral_ribeirao_1024x576_15082020124433.jpg?fit=1024%2C576&ssl=1&resize=350%2C200","width":350,"height":200,"srcset":"https:\/\/i0.wp.com\/noticiasribeiraopreto.com.br\/wp-content\/uploads\/2024\/03\/catedral_ribeirao_1024x576_15082020124433.jpg?fit=1024%2C576&ssl=1&resize=350%2C200 1x, https:\/\/i0.wp.com\/noticiasribeiraopreto.com.br\/wp-content\/uploads\/2024\/03\/catedral_ribeirao_1024x576_15082020124433.jpg?fit=1024%2C576&ssl=1&resize=525%2C300 1.5x, https:\/\/i0.wp.com\/noticiasribeiraopreto.com.br\/wp-content\/uploads\/2024\/03\/catedral_ribeirao_1024x576_15082020124433.jpg?fit=1024%2C576&ssl=1&resize=700%2C400 2x"},"classes":[]}],"jetpack_sharing_enabled":true,"jetpack_shortlink":"https:\/\/wp.me\/peQAOb-iKV","_links":{"self":[{"href":"https:\/\/noticiasribeiraopreto.com.br\/index.php\/wp-json\/wp\/v2\/posts\/72101","targetHints":{"allow":["GET"]}}],"collection":[{"href":"https:\/\/noticiasribeiraopreto.com.br\/index.php\/wp-json\/wp\/v2\/posts"}],"about":[{"href":"https:\/\/noticiasribeiraopreto.com.br\/index.php\/wp-json\/wp\/v2\/types\/post"}],"author":[{"embeddable":true,"href":"https:\/\/noticiasribeiraopreto.com.br\/index.php\/wp-json\/wp\/v2\/users\/1"}],"replies":[{"embeddable":true,"href":"https:\/\/noticiasribeiraopreto.com.br\/index.php\/wp-json\/wp\/v2\/comments?post=72101"}],"version-history":[{"count":0,"href":"https:\/\/noticiasribeiraopreto.com.br\/index.php\/wp-json\/wp\/v2\/posts\/72101\/revisions"}],"wp:featuredmedia":[{"embeddable":true,"href":"https:\/\/noticiasribeiraopreto.com.br\/index.php\/wp-json\/wp\/v2\/media\/72102"}],"wp:attachment":[{"href":"https:\/\/noticiasribeiraopreto.com.br\/index.php\/wp-json\/wp\/v2\/media?parent=72101"}],"wp:term":[{"taxonomy":"category","embeddable":true,"href":"https:\/\/noticiasribeiraopreto.com.br\/index.php\/wp-json\/wp\/v2\/categories?post=72101"},{"taxonomy":"post_tag","embeddable":true,"href":"https:\/\/noticiasribeiraopreto.com.br\/index.php\/wp-json\/wp\/v2\/tags?post=72101"}],"curies":[{"name":"wp","href":"https:\/\/api.w.org\/{rel}","templated":true}]}}